{"id":224169,"date":"2024-06-01T06:35:17","date_gmt":"2024-06-01T10:35:17","guid":{"rendered":"https:\/\/www.eldiario.net\/portal\/?p=224169"},"modified":"2024-06-01T06:35:17","modified_gmt":"2024-06-01T10:35:17","slug":"donald-trump-pasa-a-la-ofensiva-tras-sentencia","status":"publish","type":"post","link":"https:\/\/www.eldiario.net\/portal\/2024\/06\/01\/donald-trump-pasa-a-la-ofensiva-tras-sentencia\/","title":{"rendered":"Donald Trump pasa a la  ofensiva tras sentencia"},"content":{"rendered":"<p class=\"v1MsoNormal\">El expresidente de Estados Unidos, Donald Trump, ofreci\u00f3 una rueda de prensa ayer para defenderse de las acusaciones en su contra, tras ser hallado culpable de los 34 cargos de falsificaci\u00f3n de registros comerciales por los 12 miembros del jurado en el caso &#8216;Stormy Daniels&#8217;.<\/p>\n<p class=\"v1MsoNormal\">El exmandatario confirm\u00f3 que apelar\u00e1 el dictamen e insisti\u00f3 en que se trat\u00f3 de un juicio \u00abmuy injusto\u00bb. Seg\u00fan el veredicto, Trump disfraz\u00f3 como gastos de campa\u00f1a de 2016 un pago de 130.000 d\u00f3lares, hecho a trav\u00e9s de su entonces abogado Michael Cohen, a la actriz porno para silenciar una supuesta relaci\u00f3n extramatrimonial, que habr\u00edan tenido en 2006, algo que el exmandatario siempre ha negado.<\/p>\n<p class=\"v1MsoNormal\">En cuanto al juicio, el ex jefe de Estado declar\u00f3 que \u00abfue muy injusto. No se nos permiti\u00f3 usar a nuestro experto electoral bajo ninguna circunstancia. Viste lo que le pas\u00f3 a algunos de los testigos que estaban de nuestro lado, fueron literalmente crucificados por este hombre\u00bb, coment\u00f3.<\/p>\n<p class=\"v1MsoNormal\">Asimismo, Trump critic\u00f3 al juez Juan Merchan, al afirmar que \u00abparece un \u00e1ngel, pero en realidad es un diablo\u00bb.<\/p>\n<p class=\"v1MsoNormal\">Los fiscales argumentaron que el pago y su encubrimiento formaban parte de un crimen m\u00e1s amplio para ocultar informaci\u00f3n a los votantes, mientras Trump se enfrentaba en las urnas a la entonces candidata dem\u00f3crata, Hillary Clinton.<\/p>\n<p class=\"v1MsoNormal\">\u00abSi pueden hacerme esto a m\u00ed, pueden hacerle esto a cualquiera\u00bb, agreg\u00f3 el expresidente en un discurso improvisado de 33 minutos, rodeado de sus seguidores y sin aceptar preguntas de la prensa.<\/p>\n<p class=\"v1MsoNormal\">Trump tild\u00f3 al presidente Joe Biden \u00abel peor presidente en la historia de nuestro pa\u00eds\u00bb. Adem\u00e1s, lo calific\u00f3 como el \u00abm\u00e1s incompetente\u00bb y el \u00abm\u00e1s deshonesto\u00bb.<\/p>\n<p class=\"v1MsoNormal\">\u00abSi observamos la forma en que trata a China, a Rusia y a tantos otros\u00bb, agreg\u00f3, \u00abes un peligro muy grande para nuestro pa\u00eds\u00bb.<\/p>\n<p class=\"v1MsoNormal\">\n<p class=\"v1MsoNormal\"><b>TRUMP APEL\u00d3 A LA INSEGURIDAD<\/b><\/p>\n<p class=\"v1MsoNormal\">El expresidente republicano afirm\u00f3 que el fiscal de distrito de Manhattan, Alvin Bragg, deber\u00eda enfocarse en la delincuencia, que seg\u00fan \u00e9l est\u00e1 \u00abdesenfrenada\u00bb en Nueva York, \u00aba niveles que nadie ha visto antes\u00bb.<\/p>\n<p class=\"v1MsoNormal\">\n<p class=\"v1MsoNormal\">Trump cit\u00f3 el caso de un hombre apu\u00f1alado con un machete en Times Square el jueves.<\/p>\n<p class=\"v1MsoNormal\">Sin embargo, la delincuencia en Nueva York no se acerca a los niveles observados en la d\u00e9cada de 1990. Los \u00faltimos datos del Departamento de Polic\u00eda de Nueva York muestran que los delitos graves cayeron este a\u00f1o, en comparaci\u00f3n con el mismo per\u00edodo de 2023.<\/p>\n<p class=\"v1MsoNormal\">Durante la primera semana de este mes de mayo, los asesinatos disminuyeron m\u00e1s del 15%, con respecto al mismo per\u00edodo del a\u00f1o pasado. Y un 26%, frente al de 2021. (France 24\/Reuters)<\/p>\n","protected":false},"excerpt":{"rendered":"<p>El expresidente de Estados Unidos, Donald Trump, ofreci\u00f3 una rueda de prensa ayer para defenderse de las acusaciones en su contra, tras ser hallado culpable de los 34 cargos de falsificaci\u00f3n de registros comerciales por los 12 miembros del jurado en el caso &#8216;Stormy Daniels&#8217;. El exmandatario confirm\u00f3 que apelar\u00e1 el dictamen e insisti\u00f3 en [&hellip;]<\/p>\n","protected":false},"author":1,"featured_media":224170,"comment_status":"open","ping_status":"open","sticky":false,"template":"","format":"standard","meta":{"_acf_changed":false,"footnotes":""},"categories":[15],"tags":[],"class_list":["post-224169","post","type-post","status-publish","format-standard","has-post-thumbnail","category-portada"],"acf":{"antetitulo":"Exmandatario critic\u00f3 al juez"},"yoast_head":"<!-- This site is optimized with the Yoast SEO plugin v28.4 - https:\/\/yoast.com\/product\/yoast-seo-wordpress\/ -->\n<title>Donald Trump pasa a la ofensiva tras sentencia - El Diario - Bolivia<\/title>\n<meta name=\"robots\" content=\"index, follow, max-snippet:-1, max-image-preview:large, max-video-preview:-1\" \/>\n<link rel=\"canonical\" href=\"https:\/\/www.eldiario.net\/portal\/2024\/06\/01\/donald-trump-pasa-a-la-ofensiva-tras-sentencia\/\" \/>\n<meta property=\"og:locale\" content=\"es_ES\" \/>\n<meta property=\"og:type\" content=\"article\" \/>\n<meta property=\"og:title\" content=\"Donald Trump pasa a la ofensiva tras sentencia - El Diario - Bolivia\" \/>\n<meta property=\"og:description\" content=\"El expresidente de Estados Unidos, Donald Trump, ofreci\u00f3 una rueda de prensa ayer para defenderse de las acusaciones en su contra, tras ser hallado culpable de los 34 cargos de falsificaci\u00f3n de registros comerciales por los 12 miembros del jurado en el caso &#8216;Stormy Daniels&#8217;. El exmandatario confirm\u00f3 que apelar\u00e1 el dictamen e insisti\u00f3 en [&hellip;]\" \/>\n<meta property=\"og:url\" content=\"https:\/\/www.eldiario.net\/portal\/2024\/06\/01\/donald-trump-pasa-a-la-ofensiva-tras-sentencia\/\" \/>\n<meta property=\"og:site_name\" content=\"El Diario - Bolivia\" \/>\n<meta property=\"article:publisher\" content=\"https:\/\/www.facebook.com\/eldiario.bolivia\/\" \/>\n<meta property=\"article:published_time\" content=\"2024-06-01T10:35:17+00:00\" \/>\n<meta property=\"og:image\" content=\"https:\/\/www.eldiario.net\/portal\/wp-content\/uploads\/2024\/06\/Trump-AP.webp\" \/>\n\t<meta property=\"og:image:width\" content=\"1024\" \/>\n\t<meta property=\"og:image:height\" content=\"683\" \/>\n\t<meta property=\"og:image:type\" content=\"image\/webp\" \/>\n<meta name=\"author\" content=\"Jeanette\" \/>\n<meta name=\"twitter:card\" content=\"summary_large_image\" \/>\n<meta name=\"twitter:creator\" content=\"@eldiario_net\" \/>\n<meta name=\"twitter:site\" content=\"@eldiario_net\" \/>\n<meta name=\"twitter:label1\" content=\"Escrito por\" \/>\n\t<meta name=\"twitter:data1\" content=\"Jeanette\" \/>\n\t<meta name=\"twitter:label2\" content=\"Tiempo de lectura\" \/>\n\t<meta name=\"twitter:data2\" content=\"3 minutos\" \/>\n<script type=\"application\/ld+json\" class=\"yoast-schema-graph\">{\"@context\":\"https:\\\/\\\/schema.org\",\"@graph\":[{\"@type\":\"Article\",\"@id\":\"https:\\\/\\\/www.eldiario.net\\\/portal\\\/2024\\\/06\\\/01\\\/donald-trump-pasa-a-la-ofensiva-tras-sentencia\\\/#article\",\"isPartOf\":{\"@id\":\"https:\\\/\\\/www.eldiario.net\\\/portal\\\/2024\\\/06\\\/01\\\/donald-trump-pasa-a-la-ofensiva-tras-sentencia\\\/\"},\"author\":{\"name\":\"Jeanette\",\"@id\":\"https:\\\/\\\/www.eldiario.net\\\/portal\\\/#\\\/schema\\\/person\\\/f46445640444750d7d753ccd04ae01b7\"},\"headline\":\"Donald Trump pasa a la ofensiva tras sentencia\",\"datePublished\":\"2024-06-01T10:35:17+00:00\",\"mainEntityOfPage\":{\"@id\":\"https:\\\/\\\/www.eldiario.net\\\/portal\\\/2024\\\/06\\\/01\\\/donald-trump-pasa-a-la-ofensiva-tras-sentencia\\\/\"},\"wordCount\":449,\"commentCount\":0,\"publisher\":{\"@id\":\"https:\\\/\\\/www.eldiario.net\\\/portal\\\/#organization\"},\"image\":{\"@id\":\"https:\\\/\\\/www.eldiario.net\\\/portal\\\/2024\\\/06\\\/01\\\/donald-trump-pasa-a-la-ofensiva-tras-sentencia\\\/#primaryimage\"},\"thumbnailUrl\":\"https:\\\/\\\/www.eldiario.net\\\/portal\\\/wp-content\\\/uploads\\\/2024\\\/06\\\/Trump-AP.webp\",\"articleSection\":[\"Portada\"],\"inLanguage\":\"es\",\"potentialAction\":[{\"@type\":\"CommentAction\",\"name\":\"Comment\",\"target\":[\"https:\\\/\\\/www.eldiario.net\\\/portal\\\/2024\\\/06\\\/01\\\/donald-trump-pasa-a-la-ofensiva-tras-sentencia\\\/#respond\"]}]},{\"@type\":\"WebPage\",\"@id\":\"https:\\\/\\\/www.eldiario.net\\\/portal\\\/2024\\\/06\\\/01\\\/donald-trump-pasa-a-la-ofensiva-tras-sentencia\\\/\",\"url\":\"https:\\\/\\\/www.eldiario.net\\\/portal\\\/2024\\\/06\\\/01\\\/donald-trump-pasa-a-la-ofensiva-tras-sentencia\\\/\",\"name\":\"Donald Trump pasa a la ofensiva tras sentencia - El Diario - Bolivia\",\"isPartOf\":{\"@id\":\"https:\\\/\\\/www.eldiario.net\\\/portal\\\/#website\"},\"primaryImageOfPage\":{\"@id\":\"https:\\\/\\\/www.eldiario.net\\\/portal\\\/2024\\\/06\\\/01\\\/donald-trump-pasa-a-la-ofensiva-tras-sentencia\\\/#primaryimage\"},\"image\":{\"@id\":\"https:\\\/\\\/www.eldiario.net\\\/portal\\\/2024\\\/06\\\/01\\\/donald-trump-pasa-a-la-ofensiva-tras-sentencia\\\/#primaryimage\"},\"thumbnailUrl\":\"https:\\\/\\\/www.eldiario.net\\\/portal\\\/wp-content\\\/uploads\\\/2024\\\/06\\\/Trump-AP.webp\",\"datePublished\":\"2024-06-01T10:35:17+00:00\",\"breadcrumb\":{\"@id\":\"https:\\\/\\\/www.eldiario.net\\\/portal\\\/2024\\\/06\\\/01\\\/donald-trump-pasa-a-la-ofensiva-tras-sentencia\\\/#breadcrumb\"},\"inLanguage\":\"es\",\"potentialAction\":[{\"@type\":\"ReadAction\",\"target\":[\"https:\\\/\\\/www.eldiario.net\\\/portal\\\/2024\\\/06\\\/01\\\/donald-trump-pasa-a-la-ofensiva-tras-sentencia\\\/\"]}]},{\"@type\":\"ImageObject\",\"inLanguage\":\"es\",\"@id\":\"https:\\\/\\\/www.eldiario.net\\\/portal\\\/2024\\\/06\\\/01\\\/donald-trump-pasa-a-la-ofensiva-tras-sentencia\\\/#primaryimage\",\"url\":\"https:\\\/\\\/www.eldiario.net\\\/portal\\\/wp-content\\\/uploads\\\/2024\\\/06\\\/Trump-AP.webp\",\"contentUrl\":\"https:\\\/\\\/www.eldiario.net\\\/portal\\\/wp-content\\\/uploads\\\/2024\\\/06\\\/Trump-AP.webp\",\"width\":1024,\"height\":683,\"caption\":\"El expresidente Donald Trump habla en una conferencia de prensa en la Torre Trump, en Nueva York. CR\u00c9DITO: Associated Press\"},{\"@type\":\"BreadcrumbList\",\"@id\":\"https:\\\/\\\/www.eldiario.net\\\/portal\\\/2024\\\/06\\\/01\\\/donald-trump-pasa-a-la-ofensiva-tras-sentencia\\\/#breadcrumb\",\"itemListElement\":[{\"@type\":\"ListItem\",\"position\":1,\"name\":\"Portada\",\"item\":\"https:\\\/\\\/www.eldiario.net\\\/portal\\\/\"},{\"@type\":\"ListItem\",\"position\":2,\"name\":\"Donald Trump pasa a la ofensiva tras sentencia\"}]},{\"@type\":\"WebSite\",\"@id\":\"https:\\\/\\\/www.eldiario.net\\\/portal\\\/#website\",\"url\":\"https:\\\/\\\/www.eldiario.net\\\/portal\\\/\",\"name\":\"El Diario - Decano de la prensa nacional\",\"description\":\"El Diario - Decano de la prensa nacional\",\"publisher\":{\"@id\":\"https:\\\/\\\/www.eldiario.net\\\/portal\\\/#organization\"},\"potentialAction\":[{\"@type\":\"SearchAction\",\"target\":{\"@type\":\"EntryPoint\",\"urlTemplate\":\"https:\\\/\\\/www.eldiario.net\\\/portal\\\/?s={search_term_string}\"},\"query-input\":{\"@type\":\"PropertyValueSpecification\",\"valueRequired\":true,\"valueName\":\"search_term_string\"}}],\"inLanguage\":\"es\"},{\"@type\":\"Organization\",\"@id\":\"https:\\\/\\\/www.eldiario.net\\\/portal\\\/#organization\",\"name\":\"El Diario - Decano de la prensa nacional\",\"url\":\"https:\\\/\\\/www.eldiario.net\\\/portal\\\/\",\"logo\":{\"@type\":\"ImageObject\",\"inLanguage\":\"es\",\"@id\":\"https:\\\/\\\/www.eldiario.net\\\/portal\\\/#\\\/schema\\\/logo\\\/image\\\/\",\"url\":\"https:\\\/\\\/www.eldiario.net\\\/portal\\\/wp-content\\\/uploads\\\/2023\\\/07\\\/logo_ED.jpg\",\"contentUrl\":\"https:\\\/\\\/www.eldiario.net\\\/portal\\\/wp-content\\\/uploads\\\/2023\\\/07\\\/logo_ED.jpg\",\"width\":272,\"height\":52,\"caption\":\"El Diario - Decano de la prensa nacional\"},\"image\":{\"@id\":\"https:\\\/\\\/www.eldiario.net\\\/portal\\\/#\\\/schema\\\/logo\\\/image\\\/\"},\"sameAs\":[\"https:\\\/\\\/www.facebook.com\\\/eldiario.bolivia\\\/\",\"https:\\\/\\\/x.com\\\/eldiario_net\"]},{\"@type\":\"Person\",\"@id\":\"https:\\\/\\\/www.eldiario.net\\\/portal\\\/#\\\/schema\\\/person\\\/f46445640444750d7d753ccd04ae01b7\",\"name\":\"Jeanette\",\"image\":{\"@type\":\"ImageObject\",\"inLanguage\":\"es\",\"@id\":\"https:\\\/\\\/secure.gravatar.com\\\/avatar\\\/3ea2118a5f7dad2b7138b1187a6b7ee55f160b9968b66013c3a3ef39dd7e5798?s=96&d=mm&r=g\",\"url\":\"https:\\\/\\\/secure.gravatar.com\\\/avatar\\\/3ea2118a5f7dad2b7138b1187a6b7ee55f160b9968b66013c3a3ef39dd7e5798?s=96&d=mm&r=g\",\"contentUrl\":\"https:\\\/\\\/secure.gravatar.com\\\/avatar\\\/3ea2118a5f7dad2b7138b1187a6b7ee55f160b9968b66013c3a3ef39dd7e5798?s=96&d=mm&r=g\",\"caption\":\"Jeanette\"},\"sameAs\":[\"https:\\\/\\\/www.eldiario.net\\\/portal\"],\"url\":\"https:\\\/\\\/www.eldiario.net\\\/portal\\\/author\\\/jeanette\\\/\"}]}<\/script>\n<!-- \/ Yoast SEO plugin. -->","yoast_head_json":{"title":"Donald Trump pasa a la ofensiva tras sentencia - El Diario - Bolivia","robots":{"index":"index","follow":"follow","max-snippet":"max-snippet:-1","max-image-preview":"max-image-preview:large","max-video-preview":"max-video-preview:-1"},"canonical":"https:\/\/www.eldiario.net\/portal\/2024\/06\/01\/donald-trump-pasa-a-la-ofensiva-tras-sentencia\/","og_locale":"es_ES","og_type":"article","og_title":"Donald Trump pasa a la ofensiva tras sentencia - El Diario - Bolivia","og_description":"El expresidente de Estados Unidos, Donald Trump, ofreci\u00f3 una rueda de prensa ayer para defenderse de las acusaciones en su contra, tras ser hallado culpable de los 34 cargos de falsificaci\u00f3n de registros comerciales por los 12 miembros del jurado en el caso &#8216;Stormy Daniels&#8217;. El exmandatario confirm\u00f3 que apelar\u00e1 el dictamen e insisti\u00f3 en [&hellip;]","og_url":"https:\/\/www.eldiario.net\/portal\/2024\/06\/01\/donald-trump-pasa-a-la-ofensiva-tras-sentencia\/","og_site_name":"El Diario - Bolivia","article_publisher":"https:\/\/www.facebook.com\/eldiario.bolivia\/","article_published_time":"2024-06-01T10:35:17+00:00","og_image":[{"width":1024,"height":683,"url":"https:\/\/www.eldiario.net\/portal\/wp-content\/uploads\/2024\/06\/Trump-AP.webp","type":"image\/webp"}],"author":"Jeanette","twitter_card":"summary_large_image","twitter_creator":"@eldiario_net","twitter_site":"@eldiario_net","twitter_misc":{"Escrito por":"Jeanette","Tiempo de lectura":"3 minutos"},"schema":{"@context":"https:\/\/schema.org","@graph":[{"@type":"Article","@id":"https:\/\/www.eldiario.net\/portal\/2024\/06\/01\/donald-trump-pasa-a-la-ofensiva-tras-sentencia\/#article","isPartOf":{"@id":"https:\/\/www.eldiario.net\/portal\/2024\/06\/01\/donald-trump-pasa-a-la-ofensiva-tras-sentencia\/"},"author":{"name":"Jeanette","@id":"https:\/\/www.eldiario.net\/portal\/#\/schema\/person\/f46445640444750d7d753ccd04ae01b7"},"headline":"Donald Trump pasa a la ofensiva tras sentencia","datePublished":"2024-06-01T10:35:17+00:00","mainEntityOfPage":{"@id":"https:\/\/www.eldiario.net\/portal\/2024\/06\/01\/donald-trump-pasa-a-la-ofensiva-tras-sentencia\/"},"wordCount":449,"commentCount":0,"publisher":{"@id":"https:\/\/www.eldiario.net\/portal\/#organization"},"image":{"@id":"https:\/\/www.eldiario.net\/portal\/2024\/06\/01\/donald-trump-pasa-a-la-ofensiva-tras-sentencia\/#primaryimage"},"thumbnailUrl":"https:\/\/www.eldiario.net\/portal\/wp-content\/uploads\/2024\/06\/Trump-AP.webp","articleSection":["Portada"],"inLanguage":"es","potentialAction":[{"@type":"CommentAction","name":"Comment","target":["https:\/\/www.eldiario.net\/portal\/2024\/06\/01\/donald-trump-pasa-a-la-ofensiva-tras-sentencia\/#respond"]}]},{"@type":"WebPage","@id":"https:\/\/www.eldiario.net\/portal\/2024\/06\/01\/donald-trump-pasa-a-la-ofensiva-tras-sentencia\/","url":"https:\/\/www.eldiario.net\/portal\/2024\/06\/01\/donald-trump-pasa-a-la-ofensiva-tras-sentencia\/","name":"Donald Trump pasa a la ofensiva tras sentencia - El Diario - Bolivia","isPartOf":{"@id":"https:\/\/www.eldiario.net\/portal\/#website"},"primaryImageOfPage":{"@id":"https:\/\/www.eldiario.net\/portal\/2024\/06\/01\/donald-trump-pasa-a-la-ofensiva-tras-sentencia\/#primaryimage"},"image":{"@id":"https:\/\/www.eldiario.net\/portal\/2024\/06\/01\/donald-trump-pasa-a-la-ofensiva-tras-sentencia\/#primaryimage"},"thumbnailUrl":"https:\/\/www.eldiario.net\/portal\/wp-content\/uploads\/2024\/06\/Trump-AP.webp","datePublished":"2024-06-01T10:35:17+00:00","breadcrumb":{"@id":"https:\/\/www.eldiario.net\/portal\/2024\/06\/01\/donald-trump-pasa-a-la-ofensiva-tras-sentencia\/#breadcrumb"},"inLanguage":"es","potentialAction":[{"@type":"ReadAction","target":["https:\/\/www.eldiario.net\/portal\/2024\/06\/01\/donald-trump-pasa-a-la-ofensiva-tras-sentencia\/"]}]},{"@type":"ImageObject","inLanguage":"es","@id":"https:\/\/www.eldiario.net\/portal\/2024\/06\/01\/donald-trump-pasa-a-la-ofensiva-tras-sentencia\/#primaryimage","url":"https:\/\/www.eldiario.net\/portal\/wp-content\/uploads\/2024\/06\/Trump-AP.webp","contentUrl":"https:\/\/www.eldiario.net\/portal\/wp-content\/uploads\/2024\/06\/Trump-AP.webp","width":1024,"height":683,"caption":"El expresidente Donald Trump habla en una conferencia de prensa en la Torre Trump, en Nueva York. CR\u00c9DITO: Associated Press"},{"@type":"BreadcrumbList","@id":"https:\/\/www.eldiario.net\/portal\/2024\/06\/01\/donald-trump-pasa-a-la-ofensiva-tras-sentencia\/#breadcrumb","itemListElement":[{"@type":"ListItem","position":1,"name":"Portada","item":"https:\/\/www.eldiario.net\/portal\/"},{"@type":"ListItem","position":2,"name":"Donald Trump pasa a la ofensiva tras sentencia"}]},{"@type":"WebSite","@id":"https:\/\/www.eldiario.net\/portal\/#website","url":"https:\/\/www.eldiario.net\/portal\/","name":"El Diario - Decano de la prensa nacional","description":"El Diario - Decano de la prensa nacional","publisher":{"@id":"https:\/\/www.eldiario.net\/portal\/#organization"},"potentialAction":[{"@type":"SearchAction","target":{"@type":"EntryPoint","urlTemplate":"https:\/\/www.eldiario.net\/portal\/?s={search_term_string}"},"query-input":{"@type":"PropertyValueSpecification","valueRequired":true,"valueName":"search_term_string"}}],"inLanguage":"es"},{"@type":"Organization","@id":"https:\/\/www.eldiario.net\/portal\/#organization","name":"El Diario - Decano de la prensa nacional","url":"https:\/\/www.eldiario.net\/portal\/","logo":{"@type":"ImageObject","inLanguage":"es","@id":"https:\/\/www.eldiario.net\/portal\/#\/schema\/logo\/image\/","url":"https:\/\/www.eldiario.net\/portal\/wp-content\/uploads\/2023\/07\/logo_ED.jpg","contentUrl":"https:\/\/www.eldiario.net\/portal\/wp-content\/uploads\/2023\/07\/logo_ED.jpg","width":272,"height":52,"caption":"El Diario - Decano de la prensa nacional"},"image":{"@id":"https:\/\/www.eldiario.net\/portal\/#\/schema\/logo\/image\/"},"sameAs":["https:\/\/www.facebook.com\/eldiario.bolivia\/","https:\/\/x.com\/eldiario_net"]},{"@type":"Person","@id":"https:\/\/www.eldiario.net\/portal\/#\/schema\/person\/f46445640444750d7d753ccd04ae01b7","name":"Jeanette","image":{"@type":"ImageObject","inLanguage":"es","@id":"https:\/\/secure.gravatar.com\/avatar\/3ea2118a5f7dad2b7138b1187a6b7ee55f160b9968b66013c3a3ef39dd7e5798?s=96&d=mm&r=g","url":"https:\/\/secure.gravatar.com\/avatar\/3ea2118a5f7dad2b7138b1187a6b7ee55f160b9968b66013c3a3ef39dd7e5798?s=96&d=mm&r=g","contentUrl":"https:\/\/secure.gravatar.com\/avatar\/3ea2118a5f7dad2b7138b1187a6b7ee55f160b9968b66013c3a3ef39dd7e5798?s=96&d=mm&r=g","caption":"Jeanette"},"sameAs":["https:\/\/www.eldiario.net\/portal"],"url":"https:\/\/www.eldiario.net\/portal\/author\/jeanette\/"}]}},"_links":{"self":[{"href":"https:\/\/www.eldiario.net\/portal\/wp-json\/wp\/v2\/posts\/224169","targetHints":{"allow":["GET"]}}],"collection":[{"href":"https:\/\/www.eldiario.net\/portal\/wp-json\/wp\/v2\/posts"}],"about":[{"href":"https:\/\/www.eldiario.net\/portal\/wp-json\/wp\/v2\/types\/post"}],"author":[{"embeddable":true,"href":"https:\/\/www.eldiario.net\/portal\/wp-json\/wp\/v2\/users\/1"}],"replies":[{"embeddable":true,"href":"https:\/\/www.eldiario.net\/portal\/wp-json\/wp\/v2\/comments?post=224169"}],"version-history":[{"count":1,"href":"https:\/\/www.eldiario.net\/portal\/wp-json\/wp\/v2\/posts\/224169\/revisions"}],"predecessor-version":[{"id":224171,"href":"https:\/\/www.eldiario.net\/portal\/wp-json\/wp\/v2\/posts\/224169\/revisions\/224171"}],"wp:featuredmedia":[{"embeddable":true,"href":"https:\/\/www.eldiario.net\/portal\/wp-json\/wp\/v2\/media\/224170"}],"wp:attachment":[{"href":"https:\/\/www.eldiario.net\/portal\/wp-json\/wp\/v2\/media?parent=224169"}],"wp:term":[{"taxonomy":"category","embeddable":true,"href":"https:\/\/www.eldiario.net\/portal\/wp-json\/wp\/v2\/categories?post=224169"},{"taxonomy":"post_tag","embeddable":true,"href":"https:\/\/www.eldiario.net\/portal\/wp-json\/wp\/v2\/tags?post=224169"}],"curies":[{"name":"wp","href":"https:\/\/api.w.org\/{rel}","templated":true}]}}