{"id":22415,"date":"2021-08-09T10:45:41","date_gmt":"2021-08-09T14:45:41","guid":{"rendered":"https:\/\/www.eldiario.net\/portal\/?p=22415"},"modified":"2021-08-09T10:45:41","modified_gmt":"2021-08-09T14:45:41","slug":"la-proxima-era-de-innovacion-en-telefonos-inteligentes-esta-a-punto-de-desplegarse","status":"publish","type":"post","link":"https:\/\/www.eldiario.net\/portal\/2021\/08\/09\/la-proxima-era-de-innovacion-en-telefonos-inteligentes-esta-a-punto-de-desplegarse\/","title":{"rendered":"\u201cLa pr\u00f3xima era de innovaci\u00f3n en tel\u00e9fonos inteligentes est\u00e1 a punto de desplegarse\u201d"},"content":{"rendered":"<p>En el evento Unpacked de agosto pasado, el Presidente y L\u00edder del Negocio de Comunicaciones M\u00f3viles de Samsung Electronics comparti\u00f3 su estrategia para llevar tecnolog\u00eda m\u00f3vil m\u00e1s empoderadora para que pudiera empoderar m\u00e1s a la mayor cantidad de personas posible, especialmente en el momento en que m\u00e1s la necesitaban. Ahora, alrededor de un a\u00f1o despu\u00e9s, nuestro mundo se est\u00e1 preparando para reabrirse de muchas maneras. Todos anhelamos la libertad y las posibilidades que este nuevo mundo tiene para ofrecer gracias a los avances en la tecnolog\u00eda que est\u00e1n destinados a hacer nuestro mundo m\u00e1s grande de lo que nunca fue.<br \/>\nEl a\u00f1o pasado, las nuevas tecnolog\u00edas continuaron remodelando la forma en que vivimos. Las colaboraciones con socios industriales de confianza permitieron impulsar experiencias perfectas que ofrecen m\u00e1s personalizaci\u00f3n y versatilidad que nunca. Al entrar en esta nueva era de transformaci\u00f3n \u00e1gil, creo que los ecosistemas abiertos son la \u00fanica forma de acelerar la innovaci\u00f3n y dar a las personas m\u00e1s libertad para crear sus propias experiencias que sean las mejores para sus estilos de vida.<br \/>\nSamsung Electronics est\u00e1 preparada y lista para presentar tecnolog\u00eda m\u00f3vil visionaria y decidida para un mundo mejor. En unas pocas semanas, lanzaremos nuestra \u00faltima y mejor serie Galaxy Z para remodelar la categor\u00eda de tel\u00e9fonos inteligentes y reinventar por completo sus experiencias.<\/p>\n<p>La vida se abre con Galaxy<br \/>\nEn Samsung, las personas est\u00e1n en el centro de todo lo que se hace y crea. Los escuchamos constantemente para asegurarnos de que cualquier dispositivo nuevo y experiencia que creemos realmente traiga innovaciones significativas.<br \/>\nA medida que exploramos nuevas formas de empoderarlas, a menudo nos aventuramos en territorios inexplorados. As\u00ed es como se cre\u00f3 una categor\u00eda completamente nueva: Galaxy Fold. Y no nos detuvimos ah\u00ed. Seguimos mejorando la categor\u00eda con nuestra segunda generaci\u00f3n de plegables con m\u00e1s pantalla y m\u00e1s funciones que ya conoces y amas. Ahora nuestra tercera generaci\u00f3n de dispositivos plegables abrir\u00e1 nuevas e incre\u00edbles capacidades multitarea y una mayor durabilidad para a\u00fan m\u00e1s personas en todo el mundo.<br \/>\nSamsung est\u00e1 atrayendo a m\u00e1s personas al plegable<br \/>\nEn Samsung estamos estrechando colaboraci\u00f3n con l\u00edderes industriales de confianza como Google y Microsoft, para ofrecer tecnolog\u00eda m\u00f3vil segura y optimizada para el mundo interconectado. En Samsung, \u201cabierto\u201d y \u201cseguro\u201d nunca se excluyen mutuamente. La colaboraci\u00f3n nos permite crear experiencias m\u00f3viles que hacen su vida m\u00e1s f\u00e1cil y mejor.<br \/>\nCon Google se desarroll\u00f3 una nueva plataforma port\u00e1til unificada. Adem\u00e1s de sus aplicaciones Galaxy favoritas como Samsung Health y SmartThings, habr\u00e1 muchas otras en la nueva Google Play Store. Adem\u00e1s, nuestra interfaz de One UI Watch est\u00e1 profundamente integrada con nuestros otros dispositivos Galaxy y proporciona una conectividad constante entre su Galaxy Watch y su tel\u00e9fono inteligente Galaxy.<br \/>\nTambi\u00e9n estamos trabajando con Google para enriquecer nuestros ecosistemas plegables. Para la tercera generaci\u00f3n de tel\u00e9fonos Galaxy Z, hemos alineado a\u00fan m\u00e1s aplicaciones que aprovechan al m\u00e1ximo el vers\u00e1til formato desplegable. Desde videollamadas optimizadas con manos libres con Google Duo y ver videos en modo Flex en YouTube hasta multitarea en Microsoft Teams, nuestro ecosistema plegable ofrecer\u00e1 una gran cantidad de experiencias perfectas y optimizadas.<\/p>\n<p>Un nuevo cap\u00edtulo en la innovaci\u00f3n de tel\u00e9fonos inteligentes est\u00e1 aqu\u00ed<br \/>\nEl pr\u00f3ximo Galaxy Z Fold 3 combina lo mejor de los tel\u00e9fonos inteligentes y las tabletas; adem\u00e1s, facilita las nuevas formas de trabajar, conectarse y crear. Este equipo exhibe un estilo a\u00fan m\u00e1s refinado, con materiales m\u00e1s duraderos y resistentes.<br \/>\n\u201cCreo firmemente que estos dispositivos responder\u00e1n al llamado de la tecnolog\u00eda m\u00f3vil vers\u00e1til. Nuestro objetivo es establecer nuevos niveles y abrir un mundo de experiencias emocionantes para cada vez m\u00e1s personas. Se vienen muchas \u2018sorpresas plegables\u2019, incluido el primer S Pen dise\u00f1ado espec\u00edficamente para tel\u00e9fonos de la serie Z. Los invitamos a que marquen sus calendarios y sintonicen nuestro evento Unpacked, el 11 de agosto, a trav\u00e9s de nuestras plataformas oficiales, para ver qu\u00e9 se despliega\u201d, dice TM Roh.<\/p>\n<p><a href=\"https:\/\/www.eldiario.net\/portal\/wp-content\/uploads\/2021\/08\/4-A-1.jpg\"><img loading=\"lazy\" decoding=\"async\" class=\"aligncenter size-medium wp-image-22417\" src=\"https:\/\/www.eldiario.net\/portal\/wp-content\/uploads\/2021\/08\/4-A-1-270x300.jpg\" alt=\"\" width=\"270\" height=\"300\" \/><\/a><\/p>\n","protected":false},"excerpt":{"rendered":"<p>En el evento Unpacked de agosto pasado, el Presidente y L\u00edder del Negocio de Comunicaciones M\u00f3viles de Samsung Electronics comparti\u00f3 su estrategia para llevar tecnolog\u00eda m\u00f3vil m\u00e1s empoderadora para que pudiera empoderar m\u00e1s a la mayor cantidad de personas posible, especialmente en el momento en que m\u00e1s la necesitaban. Ahora, alrededor de un a\u00f1o despu\u00e9s, [&hellip;]<\/p>\n","protected":false},"author":1,"featured_media":22416,"comment_status":"closed","ping_status":"closed","sticky":false,"template":"","format":"standard","meta":{"_acf_changed":false,"footnotes":""},"categories":[46],"tags":[],"class_list":["post-22415","post","type-post","status-publish","format-standard","has-post-thumbnail","category-ciencia-computacion"],"acf":{"antetitulo":""},"yoast_head":"<!-- This site is optimized with the Yoast SEO plugin v28.4 - https:\/\/yoast.com\/product\/yoast-seo-wordpress\/ -->\n<title>\u201cLa pr\u00f3xima era de innovaci\u00f3n en tel\u00e9fonos inteligentes est\u00e1 a punto de desplegarse\u201d - El Diario - Bolivia<\/title>\n<meta name=\"robots\" content=\"index, follow, max-snippet:-1, max-image-preview:large, max-video-preview:-1\" \/>\n<link rel=\"canonical\" href=\"https:\/\/www.eldiario.net\/portal\/2021\/08\/09\/la-proxima-era-de-innovacion-en-telefonos-inteligentes-esta-a-punto-de-desplegarse\/\" \/>\n<meta property=\"og:locale\" content=\"es_ES\" \/>\n<meta property=\"og:type\" content=\"article\" \/>\n<meta property=\"og:title\" content=\"\u201cLa pr\u00f3xima era de innovaci\u00f3n en tel\u00e9fonos inteligentes est\u00e1 a punto de desplegarse\u201d - El Diario - Bolivia\" \/>\n<meta property=\"og:description\" content=\"En el evento Unpacked de agosto pasado, el Presidente y L\u00edder del Negocio de Comunicaciones M\u00f3viles de Samsung Electronics comparti\u00f3 su estrategia para llevar tecnolog\u00eda m\u00f3vil m\u00e1s empoderadora para que pudiera empoderar m\u00e1s a la mayor cantidad de personas posible, especialmente en el momento en que m\u00e1s la necesitaban. Ahora, alrededor de un a\u00f1o despu\u00e9s, [&hellip;]\" \/>\n<meta property=\"og:url\" content=\"https:\/\/www.eldiario.net\/portal\/2021\/08\/09\/la-proxima-era-de-innovacion-en-telefonos-inteligentes-esta-a-punto-de-desplegarse\/\" \/>\n<meta property=\"og:site_name\" content=\"El Diario - Bolivia\" \/>\n<meta property=\"article:publisher\" content=\"https:\/\/www.facebook.com\/eldiario.bolivia\/\" \/>\n<meta property=\"article:published_time\" content=\"2021-08-09T14:45:41+00:00\" \/>\n<meta name=\"author\" content=\"Jeanette\" \/>\n<meta name=\"twitter:card\" content=\"summary_large_image\" \/>\n<meta name=\"twitter:creator\" content=\"@eldiario_net\" \/>\n<meta name=\"twitter:site\" content=\"@eldiario_net\" \/>\n<meta name=\"twitter:label1\" content=\"Escrito por\" \/>\n\t<meta name=\"twitter:data1\" content=\"Jeanette\" \/>\n\t<meta name=\"twitter:label2\" content=\"Tiempo de lectura\" \/>\n\t<meta name=\"twitter:data2\" content=\"4 minutos\" \/>\n<script type=\"application\/ld+json\" class=\"yoast-schema-graph\">{\"@context\":\"https:\\\/\\\/schema.org\",\"@graph\":[{\"@type\":\"Article\",\"@id\":\"https:\\\/\\\/www.eldiario.net\\\/portal\\\/2021\\\/08\\\/09\\\/la-proxima-era-de-innovacion-en-telefonos-inteligentes-esta-a-punto-de-desplegarse\\\/#article\",\"isPartOf\":{\"@id\":\"https:\\\/\\\/www.eldiario.net\\\/portal\\\/2021\\\/08\\\/09\\\/la-proxima-era-de-innovacion-en-telefonos-inteligentes-esta-a-punto-de-desplegarse\\\/\"},\"author\":{\"name\":\"Jeanette\",\"@id\":\"https:\\\/\\\/www.eldiario.net\\\/portal\\\/#\\\/schema\\\/person\\\/2c57cf2b7a7ae032e449e4c9b1019eac\"},\"headline\":\"\u201cLa pr\u00f3xima era de innovaci\u00f3n en tel\u00e9fonos inteligentes est\u00e1 a punto de desplegarse\u201d\",\"datePublished\":\"2021-08-09T14:45:41+00:00\",\"mainEntityOfPage\":{\"@id\":\"https:\\\/\\\/www.eldiario.net\\\/portal\\\/2021\\\/08\\\/09\\\/la-proxima-era-de-innovacion-en-telefonos-inteligentes-esta-a-punto-de-desplegarse\\\/\"},\"wordCount\":729,\"publisher\":{\"@id\":\"https:\\\/\\\/www.eldiario.net\\\/portal\\\/#organization\"},\"image\":{\"@id\":\"https:\\\/\\\/www.eldiario.net\\\/portal\\\/2021\\\/08\\\/09\\\/la-proxima-era-de-innovacion-en-telefonos-inteligentes-esta-a-punto-de-desplegarse\\\/#primaryimage\"},\"thumbnailUrl\":\"\",\"articleSection\":[\"Ciencia y Computaci\u00f3n\"],\"inLanguage\":\"es\"},{\"@type\":\"WebPage\",\"@id\":\"https:\\\/\\\/www.eldiario.net\\\/portal\\\/2021\\\/08\\\/09\\\/la-proxima-era-de-innovacion-en-telefonos-inteligentes-esta-a-punto-de-desplegarse\\\/\",\"url\":\"https:\\\/\\\/www.eldiario.net\\\/portal\\\/2021\\\/08\\\/09\\\/la-proxima-era-de-innovacion-en-telefonos-inteligentes-esta-a-punto-de-desplegarse\\\/\",\"name\":\"\u201cLa pr\u00f3xima era de innovaci\u00f3n en tel\u00e9fonos inteligentes est\u00e1 a punto de desplegarse\u201d - El Diario - Bolivia\",\"isPartOf\":{\"@id\":\"https:\\\/\\\/www.eldiario.net\\\/portal\\\/#website\"},\"primaryImageOfPage\":{\"@id\":\"https:\\\/\\\/www.eldiario.net\\\/portal\\\/2021\\\/08\\\/09\\\/la-proxima-era-de-innovacion-en-telefonos-inteligentes-esta-a-punto-de-desplegarse\\\/#primaryimage\"},\"image\":{\"@id\":\"https:\\\/\\\/www.eldiario.net\\\/portal\\\/2021\\\/08\\\/09\\\/la-proxima-era-de-innovacion-en-telefonos-inteligentes-esta-a-punto-de-desplegarse\\\/#primaryimage\"},\"thumbnailUrl\":\"\",\"datePublished\":\"2021-08-09T14:45:41+00:00\",\"breadcrumb\":{\"@id\":\"https:\\\/\\\/www.eldiario.net\\\/portal\\\/2021\\\/08\\\/09\\\/la-proxima-era-de-innovacion-en-telefonos-inteligentes-esta-a-punto-de-desplegarse\\\/#breadcrumb\"},\"inLanguage\":\"es\",\"potentialAction\":[{\"@type\":\"ReadAction\",\"target\":[\"https:\\\/\\\/www.eldiario.net\\\/portal\\\/2021\\\/08\\\/09\\\/la-proxima-era-de-innovacion-en-telefonos-inteligentes-esta-a-punto-de-desplegarse\\\/\"]}]},{\"@type\":\"ImageObject\",\"inLanguage\":\"es\",\"@id\":\"https:\\\/\\\/www.eldiario.net\\\/portal\\\/2021\\\/08\\\/09\\\/la-proxima-era-de-innovacion-en-telefonos-inteligentes-esta-a-punto-de-desplegarse\\\/#primaryimage\",\"url\":\"\",\"contentUrl\":\"\"},{\"@type\":\"BreadcrumbList\",\"@id\":\"https:\\\/\\\/www.eldiario.net\\\/portal\\\/2021\\\/08\\\/09\\\/la-proxima-era-de-innovacion-en-telefonos-inteligentes-esta-a-punto-de-desplegarse\\\/#breadcrumb\",\"itemListElement\":[{\"@type\":\"ListItem\",\"position\":1,\"name\":\"Portada\",\"item\":\"https:\\\/\\\/www.eldiario.net\\\/portal\\\/\"},{\"@type\":\"ListItem\",\"position\":2,\"name\":\"\u201cLa pr\u00f3xima era de innovaci\u00f3n en tel\u00e9fonos inteligentes est\u00e1 a punto de desplegarse\u201d\"}]},{\"@type\":\"WebSite\",\"@id\":\"https:\\\/\\\/www.eldiario.net\\\/portal\\\/#website\",\"url\":\"https:\\\/\\\/www.eldiario.net\\\/portal\\\/\",\"name\":\"El Diario - Decano de la prensa nacional\",\"description\":\"El Diario - Decano de la prensa nacional\",\"publisher\":{\"@id\":\"https:\\\/\\\/www.eldiario.net\\\/portal\\\/#organization\"},\"potentialAction\":[{\"@type\":\"SearchAction\",\"target\":{\"@type\":\"EntryPoint\",\"urlTemplate\":\"https:\\\/\\\/www.eldiario.net\\\/portal\\\/?s={search_term_string}\"},\"query-input\":{\"@type\":\"PropertyValueSpecification\",\"valueRequired\":true,\"valueName\":\"search_term_string\"}}],\"inLanguage\":\"es\"},{\"@type\":\"Organization\",\"@id\":\"https:\\\/\\\/www.eldiario.net\\\/portal\\\/#organization\",\"name\":\"El Diario - Decano de la prensa nacional\",\"url\":\"https:\\\/\\\/www.eldiario.net\\\/portal\\\/\",\"logo\":{\"@type\":\"ImageObject\",\"inLanguage\":\"es\",\"@id\":\"https:\\\/\\\/www.eldiario.net\\\/portal\\\/#\\\/schema\\\/logo\\\/image\\\/\",\"url\":\"https:\\\/\\\/www.eldiario.net\\\/portal\\\/wp-content\\\/uploads\\\/2023\\\/07\\\/logo_ED.jpg\",\"contentUrl\":\"https:\\\/\\\/www.eldiario.net\\\/portal\\\/wp-content\\\/uploads\\\/2023\\\/07\\\/logo_ED.jpg\",\"width\":272,\"height\":52,\"caption\":\"El Diario - Decano de la prensa nacional\"},\"image\":{\"@id\":\"https:\\\/\\\/www.eldiario.net\\\/portal\\\/#\\\/schema\\\/logo\\\/image\\\/\"},\"sameAs\":[\"https:\\\/\\\/www.facebook.com\\\/eldiario.bolivia\\\/\",\"https:\\\/\\\/x.com\\\/eldiario_net\"]},{\"@type\":\"Person\",\"@id\":\"https:\\\/\\\/www.eldiario.net\\\/portal\\\/#\\\/schema\\\/person\\\/2c57cf2b7a7ae032e449e4c9b1019eac\",\"name\":\"Jeanette\",\"image\":{\"@type\":\"ImageObject\",\"inLanguage\":\"es\",\"@id\":\"https:\\\/\\\/secure.gravatar.com\\\/avatar\\\/3ea2118a5f7dad2b7138b1187a6b7ee55f160b9968b66013c3a3ef39dd7e5798?s=96&d=mm&r=g\",\"url\":\"https:\\\/\\\/secure.gravatar.com\\\/avatar\\\/3ea2118a5f7dad2b7138b1187a6b7ee55f160b9968b66013c3a3ef39dd7e5798?s=96&d=mm&r=g\",\"contentUrl\":\"https:\\\/\\\/secure.gravatar.com\\\/avatar\\\/3ea2118a5f7dad2b7138b1187a6b7ee55f160b9968b66013c3a3ef39dd7e5798?s=96&d=mm&r=g\",\"caption\":\"Jeanette\"},\"sameAs\":[\"https:\\\/\\\/www.eldiario.net\\\/portal\"],\"url\":\"https:\\\/\\\/www.eldiario.net\\\/portal\\\/author\\\/jeanette\\\/\"}]}<\/script>\n<!-- \/ Yoast SEO plugin. -->","yoast_head_json":{"title":"\u201cLa pr\u00f3xima era de innovaci\u00f3n en tel\u00e9fonos inteligentes est\u00e1 a punto de desplegarse\u201d - El Diario - Bolivia","robots":{"index":"index","follow":"follow","max-snippet":"max-snippet:-1","max-image-preview":"max-image-preview:large","max-video-preview":"max-video-preview:-1"},"canonical":"https:\/\/www.eldiario.net\/portal\/2021\/08\/09\/la-proxima-era-de-innovacion-en-telefonos-inteligentes-esta-a-punto-de-desplegarse\/","og_locale":"es_ES","og_type":"article","og_title":"\u201cLa pr\u00f3xima era de innovaci\u00f3n en tel\u00e9fonos inteligentes est\u00e1 a punto de desplegarse\u201d - El Diario - Bolivia","og_description":"En el evento Unpacked de agosto pasado, el Presidente y L\u00edder del Negocio de Comunicaciones M\u00f3viles de Samsung Electronics comparti\u00f3 su estrategia para llevar tecnolog\u00eda m\u00f3vil m\u00e1s empoderadora para que pudiera empoderar m\u00e1s a la mayor cantidad de personas posible, especialmente en el momento en que m\u00e1s la necesitaban. Ahora, alrededor de un a\u00f1o despu\u00e9s, [&hellip;]","og_url":"https:\/\/www.eldiario.net\/portal\/2021\/08\/09\/la-proxima-era-de-innovacion-en-telefonos-inteligentes-esta-a-punto-de-desplegarse\/","og_site_name":"El Diario - Bolivia","article_publisher":"https:\/\/www.facebook.com\/eldiario.bolivia\/","article_published_time":"2021-08-09T14:45:41+00:00","author":"Jeanette","twitter_card":"summary_large_image","twitter_creator":"@eldiario_net","twitter_site":"@eldiario_net","twitter_misc":{"Escrito por":"Jeanette","Tiempo de lectura":"4 minutos"},"schema":{"@context":"https:\/\/schema.org","@graph":[{"@type":"Article","@id":"https:\/\/www.eldiario.net\/portal\/2021\/08\/09\/la-proxima-era-de-innovacion-en-telefonos-inteligentes-esta-a-punto-de-desplegarse\/#article","isPartOf":{"@id":"https:\/\/www.eldiario.net\/portal\/2021\/08\/09\/la-proxima-era-de-innovacion-en-telefonos-inteligentes-esta-a-punto-de-desplegarse\/"},"author":{"name":"Jeanette","@id":"https:\/\/www.eldiario.net\/portal\/#\/schema\/person\/2c57cf2b7a7ae032e449e4c9b1019eac"},"headline":"\u201cLa pr\u00f3xima era de innovaci\u00f3n en tel\u00e9fonos inteligentes est\u00e1 a punto de desplegarse\u201d","datePublished":"2021-08-09T14:45:41+00:00","mainEntityOfPage":{"@id":"https:\/\/www.eldiario.net\/portal\/2021\/08\/09\/la-proxima-era-de-innovacion-en-telefonos-inteligentes-esta-a-punto-de-desplegarse\/"},"wordCount":729,"publisher":{"@id":"https:\/\/www.eldiario.net\/portal\/#organization"},"image":{"@id":"https:\/\/www.eldiario.net\/portal\/2021\/08\/09\/la-proxima-era-de-innovacion-en-telefonos-inteligentes-esta-a-punto-de-desplegarse\/#primaryimage"},"thumbnailUrl":"","articleSection":["Ciencia y Computaci\u00f3n"],"inLanguage":"es"},{"@type":"WebPage","@id":"https:\/\/www.eldiario.net\/portal\/2021\/08\/09\/la-proxima-era-de-innovacion-en-telefonos-inteligentes-esta-a-punto-de-desplegarse\/","url":"https:\/\/www.eldiario.net\/portal\/2021\/08\/09\/la-proxima-era-de-innovacion-en-telefonos-inteligentes-esta-a-punto-de-desplegarse\/","name":"\u201cLa pr\u00f3xima era de innovaci\u00f3n en tel\u00e9fonos inteligentes est\u00e1 a punto de desplegarse\u201d - El Diario - Bolivia","isPartOf":{"@id":"https:\/\/www.eldiario.net\/portal\/#website"},"primaryImageOfPage":{"@id":"https:\/\/www.eldiario.net\/portal\/2021\/08\/09\/la-proxima-era-de-innovacion-en-telefonos-inteligentes-esta-a-punto-de-desplegarse\/#primaryimage"},"image":{"@id":"https:\/\/www.eldiario.net\/portal\/2021\/08\/09\/la-proxima-era-de-innovacion-en-telefonos-inteligentes-esta-a-punto-de-desplegarse\/#primaryimage"},"thumbnailUrl":"","datePublished":"2021-08-09T14:45:41+00:00","breadcrumb":{"@id":"https:\/\/www.eldiario.net\/portal\/2021\/08\/09\/la-proxima-era-de-innovacion-en-telefonos-inteligentes-esta-a-punto-de-desplegarse\/#breadcrumb"},"inLanguage":"es","potentialAction":[{"@type":"ReadAction","target":["https:\/\/www.eldiario.net\/portal\/2021\/08\/09\/la-proxima-era-de-innovacion-en-telefonos-inteligentes-esta-a-punto-de-desplegarse\/"]}]},{"@type":"ImageObject","inLanguage":"es","@id":"https:\/\/www.eldiario.net\/portal\/2021\/08\/09\/la-proxima-era-de-innovacion-en-telefonos-inteligentes-esta-a-punto-de-desplegarse\/#primaryimage","url":"","contentUrl":""},{"@type":"BreadcrumbList","@id":"https:\/\/www.eldiario.net\/portal\/2021\/08\/09\/la-proxima-era-de-innovacion-en-telefonos-inteligentes-esta-a-punto-de-desplegarse\/#breadcrumb","itemListElement":[{"@type":"ListItem","position":1,"name":"Portada","item":"https:\/\/www.eldiario.net\/portal\/"},{"@type":"ListItem","position":2,"name":"\u201cLa pr\u00f3xima era de innovaci\u00f3n en tel\u00e9fonos inteligentes est\u00e1 a punto de desplegarse\u201d"}]},{"@type":"WebSite","@id":"https:\/\/www.eldiario.net\/portal\/#website","url":"https:\/\/www.eldiario.net\/portal\/","name":"El Diario - Decano de la prensa nacional","description":"El Diario - Decano de la prensa nacional","publisher":{"@id":"https:\/\/www.eldiario.net\/portal\/#organization"},"potentialAction":[{"@type":"SearchAction","target":{"@type":"EntryPoint","urlTemplate":"https:\/\/www.eldiario.net\/portal\/?s={search_term_string}"},"query-input":{"@type":"PropertyValueSpecification","valueRequired":true,"valueName":"search_term_string"}}],"inLanguage":"es"},{"@type":"Organization","@id":"https:\/\/www.eldiario.net\/portal\/#organization","name":"El Diario - Decano de la prensa nacional","url":"https:\/\/www.eldiario.net\/portal\/","logo":{"@type":"ImageObject","inLanguage":"es","@id":"https:\/\/www.eldiario.net\/portal\/#\/schema\/logo\/image\/","url":"https:\/\/www.eldiario.net\/portal\/wp-content\/uploads\/2023\/07\/logo_ED.jpg","contentUrl":"https:\/\/www.eldiario.net\/portal\/wp-content\/uploads\/2023\/07\/logo_ED.jpg","width":272,"height":52,"caption":"El Diario - Decano de la prensa nacional"},"image":{"@id":"https:\/\/www.eldiario.net\/portal\/#\/schema\/logo\/image\/"},"sameAs":["https:\/\/www.facebook.com\/eldiario.bolivia\/","https:\/\/x.com\/eldiario_net"]},{"@type":"Person","@id":"https:\/\/www.eldiario.net\/portal\/#\/schema\/person\/2c57cf2b7a7ae032e449e4c9b1019eac","name":"Jeanette","image":{"@type":"ImageObject","inLanguage":"es","@id":"https:\/\/secure.gravatar.com\/avatar\/3ea2118a5f7dad2b7138b1187a6b7ee55f160b9968b66013c3a3ef39dd7e5798?s=96&d=mm&r=g","url":"https:\/\/secure.gravatar.com\/avatar\/3ea2118a5f7dad2b7138b1187a6b7ee55f160b9968b66013c3a3ef39dd7e5798?s=96&d=mm&r=g","contentUrl":"https:\/\/secure.gravatar.com\/avatar\/3ea2118a5f7dad2b7138b1187a6b7ee55f160b9968b66013c3a3ef39dd7e5798?s=96&d=mm&r=g","caption":"Jeanette"},"sameAs":["https:\/\/www.eldiario.net\/portal"],"url":"https:\/\/www.eldiario.net\/portal\/author\/jeanette\/"}]}},"_links":{"self":[{"href":"https:\/\/www.eldiario.net\/portal\/wp-json\/wp\/v2\/posts\/22415","targetHints":{"allow":["GET"]}}],"collection":[{"href":"https:\/\/www.eldiario.net\/portal\/wp-json\/wp\/v2\/posts"}],"about":[{"href":"https:\/\/www.eldiario.net\/portal\/wp-json\/wp\/v2\/types\/post"}],"author":[{"embeddable":true,"href":"https:\/\/www.eldiario.net\/portal\/wp-json\/wp\/v2\/users\/1"}],"replies":[{"embeddable":true,"href":"https:\/\/www.eldiario.net\/portal\/wp-json\/wp\/v2\/comments?post=22415"}],"version-history":[{"count":0,"href":"https:\/\/www.eldiario.net\/portal\/wp-json\/wp\/v2\/posts\/22415\/revisions"}],"wp:attachment":[{"href":"https:\/\/www.eldiario.net\/portal\/wp-json\/wp\/v2\/media?parent=22415"}],"wp:term":[{"taxonomy":"category","embeddable":true,"href":"https:\/\/www.eldiario.net\/portal\/wp-json\/wp\/v2\/categories?post=22415"},{"taxonomy":"post_tag","embeddable":true,"href":"https:\/\/www.eldiario.net\/portal\/wp-json\/wp\/v2\/tags?post=22415"}],"curies":[{"name":"wp","href":"https:\/\/api.w.org\/{rel}","templated":true}]}}