{"id":224133,"date":"2024-05-31T08:10:15","date_gmt":"2024-05-31T12:10:15","guid":{"rendered":"https:\/\/www.eldiario.net\/portal\/?p=224133"},"modified":"2024-05-31T08:10:15","modified_gmt":"2024-05-31T12:10:15","slug":"conceptualizacion-del-hombre-desde-el-enfoque-de-la-sociologia","status":"publish","type":"post","link":"https:\/\/www.eldiario.net\/portal\/2024\/05\/31\/conceptualizacion-del-hombre-desde-el-enfoque-de-la-sociologia\/","title":{"rendered":"Conceptualizaci\u00f3n del hombre desde el enfoque de la sociolog\u00eda"},"content":{"rendered":"<p><strong>Por: Equipo editor<\/strong><\/p>\n<p>&nbsp;<\/p>\n<p><strong>\u00bfQu\u00e9 es el hombre?<\/strong><\/p>\n<p>&nbsp;<\/p>\n<p>Es una construcci\u00f3n social que implica no solo caracter\u00edsticas biol\u00f3gicas, sino tambi\u00e9n roles, comportamientos y expectativas que la sociedad asigna a los individuos identificados como masculinos. Esto incluye los roles de g\u00e9nero; que son las expectativas sociales sobre c\u00f3mo debe comportarse un hombre en diversas culturas y contextos.<\/p>\n<p>&nbsp;<\/p>\n<p>Desde la sociolog\u00eda, el ser humano se estudia en el contexto de sus interacciones sociales, las estructuras en las que participa y las culturas que contribuye a crear y mantener. A continuaci\u00f3n, se presentan algunos de los enfoques clave para entender al ser humano desde esta disciplina:<\/p>\n<p>&nbsp;<\/p>\n<ol>\n<li><strong> Interacci\u00f3n Social<\/strong><\/li>\n<\/ol>\n<p>&nbsp;<\/p>\n<p>La sociolog\u00eda examina c\u00f3mo los individuos se relacionan entre s\u00ed y c\u00f3mo estas relaciones influyen en su comportamiento y actitudes. La interacci\u00f3n social puede ser estudiada a trav\u00e9s de conceptos como:<\/p>\n<p>&nbsp;<\/p>\n<ul>\n<li><strong>Roles sociales.<\/strong> Los papeles que los individuos desempe\u00f1an en la sociedad, como ser padre, estudiante o trabajador, y c\u00f3mo estos roles influyen en sus comportamientos y expectativas.<\/li>\n<\/ul>\n<p>&nbsp;<\/p>\n<ul>\n<li><strong>Normas sociales.<\/strong> Las reglas y expectativas que gu\u00edan el comportamiento en diferentes situaciones sociales.<\/li>\n<\/ul>\n<p>&nbsp;<\/p>\n<ul>\n<li><strong>Socializaci\u00f3n.<\/strong> El proceso a trav\u00e9s del cual los individuos aprenden y adoptan las normas y valores de su sociedad, comenzando desde la infancia y continuando a lo largo de la vida.<\/li>\n<\/ul>\n<p>&nbsp;<\/p>\n<ol start=\"2\">\n<li><strong> Estructuras Sociales<\/strong><\/li>\n<\/ol>\n<p>&nbsp;<\/p>\n<p>La sociolog\u00eda investiga c\u00f3mo las estructuras sociales, como instituciones y organizaciones, afectan a los individuos. Estas estructuras incluyen:<\/p>\n<p>&nbsp;<\/p>\n<ul>\n<li>Considerada la unidad b\u00e1sica de la sociedad, influye en la socializaci\u00f3n primaria y en la formaci\u00f3n de la identidad.<\/li>\n<\/ul>\n<p>&nbsp;<\/p>\n<ul>\n<li><strong>Educaci\u00f3n.<\/strong> Las instituciones educativas no solo transmiten conocimientos, sino que tambi\u00e9n inculcan valores sociales y culturales.<\/li>\n<\/ul>\n<p>&nbsp;<\/p>\n<ul>\n<li><strong>Econom\u00eda.<\/strong> La estructura econ\u00f3mica determina las oportunidades y limitaciones que enfrentan los individuos en t\u00e9rminos de empleo y recursos.<\/li>\n<\/ul>\n<p>&nbsp;<\/p>\n<ul>\n<li><strong>Pol\u00edtica.<\/strong> El sistema pol\u00edtico influye en la distribuci\u00f3n del poder y en la toma de decisiones que afectan a toda la sociedad.<\/li>\n<\/ul>\n<p>&nbsp;<\/p>\n<ol start=\"3\">\n<li><strong> Cultura<\/strong><\/li>\n<\/ol>\n<p>&nbsp;<\/p>\n<p>La cultura se refiere a los valores, creencias, s\u00edmbolos y pr\u00e1cticas compartidas por un grupo. La sociolog\u00eda estudia c\u00f3mo la cultura influye en el comportamiento humano y c\u00f3mo los individuos contribuyen a la creaci\u00f3n y transformaci\u00f3n de la cultura. Elementos clave incluyen:<\/p>\n<p>&nbsp;<\/p>\n<ul>\n<li>Un medio esencial para la comunicaci\u00f3n y la transmisi\u00f3n cultural.<\/li>\n<\/ul>\n<p>&nbsp;<\/p>\n<ul>\n<li><strong>Valores y creencias.<\/strong> Las ideas y convicciones que gu\u00edan el comportamiento y las actitudes de los individuos.<\/li>\n<\/ul>\n<p>&nbsp;<\/p>\n<ul>\n<li><strong>Rituales y pr\u00e1cticas.<\/strong> Acciones repetitivas y simb\u00f3licas que refuerzan la cohesi\u00f3n social y la identidad cultural.<\/li>\n<\/ul>\n<p>&nbsp;<\/p>\n<ol start=\"4\">\n<li><strong> Estructura de Estratificaci\u00f3n<\/strong><\/li>\n<\/ol>\n<p>&nbsp;<\/p>\n<p>La sociolog\u00eda analiza c\u00f3mo la sociedad se organiza en diferentes niveles de jerarqu\u00eda, que pueden basarse en la clase social, raza, g\u00e9nero, etnicidad y otros factores. Estos niveles de estratificaci\u00f3n afectan profundamente las oportunidades y experiencias de los individuos. Por ejemplo:<\/p>\n<p>&nbsp;<\/p>\n<ul>\n<li><strong>Clase social.<\/strong> Diferencias en el acceso a recursos econ\u00f3micos y oportunidades, y c\u00f3mo estas diferencias se perpet\u00faan a trav\u00e9s de generaciones.<\/li>\n<\/ul>\n<p>&nbsp;<\/p>\n<ul>\n<li><strong>G\u00e9nero.<\/strong> Las expectativas y roles asociados con el g\u00e9nero y c\u00f3mo estas influyen en las experiencias y oportunidades de los individuos.<\/li>\n<\/ul>\n<p>&nbsp;<\/p>\n<ul>\n<li><strong>Raza y etnicidad.<\/strong> C\u00f3mo las construcciones sociales de raza y etnicidad afectan la identidad, el tratamiento y las oportunidades de las personas.<\/li>\n<\/ul>\n\r\n                <style type=\"text\/css\">\r\n                    \r\n                    #tdi_1  .td-doubleSlider-2 .td-item1 {\r\n                        background: url(https:\/\/www.eldiario.net\/portal\/wp-content\/uploads\/2024\/05\/Socio-El-hombre-80x60.jpg) 0 0 no-repeat;\r\n                    }\r\n                    #tdi_1  .td-doubleSlider-2 .td-item2 {\r\n                        background: url(https:\/\/www.eldiario.net\/portal\/wp-content\/uploads\/2024\/05\/Socio-Evolucion-del-hombre-80x60.jpg) 0 0 no-repeat;\r\n                    }\r\n                <\/style>\r\n\r\n                <div id=\"tdi_1\" class=\"td-gallery td-slide-on-2-columns\">\r\n                    <div class=\"post_td_gallery\">\r\n                        <div class=\"td-gallery-slide-top\">\r\n                           <div class=\"td-gallery-title\"><\/div>\r\n\r\n                            <div class=\"td-gallery-controls-wrapper\">\r\n                                <div class=\"td-gallery-slide-count\"><span class=\"td-gallery-slide-item-focus\">1<\/span> de 2<\/div>\r\n                                <div class=\"td-gallery-slide-prev-next-but\">\r\n                                    <i class = \"td-icon-left doubleSliderPrevButton\"><\/i>\r\n                                    <i class = \"td-icon-right doubleSliderNextButton\"><\/i>\r\n                                <\/div>\r\n                            <\/div>\r\n                        <\/div>\r\n\r\n                        <div class = \"td-doubleSlider-1 \">\r\n                            <div class = \"td-slider\">\r\n                                \r\n                    <div class = \"td-slide-item td-item1\">\r\n                        <figure class=\"td-slide-galery-figure td-slide-popup-gallery\">\r\n                            <a class=\"slide-gallery-image-link\" href=\"https:\/\/www.eldiario.net\/portal\/wp-content\/uploads\/2024\/05\/Socio-El-hombre.jpg\" title=\"Socio---El-hombre\"  data-caption=\"\"  data-description=\"\">\r\n                                <img decoding=\"async\" src=\"https:\/\/www.eldiario.net\/portal\/wp-content\/uploads\/2024\/05\/Socio-El-hombre-525x420.jpg\" srcset=\"https:\/\/www.eldiario.net\/portal\/wp-content\/uploads\/2024\/05\/Socio-El-hombre-525x420.jpg 525w, https:\/\/www.eldiario.net\/portal\/wp-content\/uploads\/2024\/05\/Socio-El-hombre-300x240.jpg 300w, https:\/\/www.eldiario.net\/portal\/wp-content\/uploads\/2024\/05\/Socio-El-hombre-1024x819.jpg 1024w, https:\/\/www.eldiario.net\/portal\/wp-content\/uploads\/2024\/05\/Socio-El-hombre-768x614.jpg 768w, https:\/\/www.eldiario.net\/portal\/wp-content\/uploads\/2024\/05\/Socio-El-hombre-696x557.jpg 696w, https:\/\/www.eldiario.net\/portal\/wp-content\/uploads\/2024\/05\/Socio-El-hombre-1068x854.jpg 1068w, https:\/\/www.eldiario.net\/portal\/wp-content\/uploads\/2024\/05\/Socio-El-hombre.jpg 1200w\" sizes=\"(max-width: 525px) 100vw, 525px\" alt=\"\">\r\n                            <\/a>\r\n                            \r\n                        <\/figure>\r\n                    <\/div>\r\n                    <div class = \"td-slide-item td-item2\">\r\n                        <figure class=\"td-slide-galery-figure td-slide-popup-gallery\">\r\n                            <a class=\"slide-gallery-image-link\" href=\"https:\/\/www.eldiario.net\/portal\/wp-content\/uploads\/2024\/05\/Socio-Evolucion-del-hombre.jpg\" title=\"Socio---Evoluci\u00f3n-del-hombre\"  data-caption=\"\"  data-description=\"\">\r\n                                <img decoding=\"async\" src=\"https:\/\/www.eldiario.net\/portal\/wp-content\/uploads\/2024\/05\/Socio-Evolucion-del-hombre.jpg\" srcset=\"https:\/\/www.eldiario.net\/portal\/wp-content\/uploads\/2024\/05\/Socio-Evolucion-del-hombre.jpg 640w, https:\/\/www.eldiario.net\/portal\/wp-content\/uploads\/2024\/05\/Socio-Evolucion-del-hombre-300x149.jpg 300w\" sizes=\"(max-width: 640px) 100vw, 640px\" alt=\"\">\r\n                            <\/a>\r\n                            \r\n                        <\/figure>\r\n                    <\/div>\r\n                            <\/div>\r\n                        <\/div>\r\n\r\n                        <div class = \"td-doubleSlider-2\">\r\n                            <div class = \"td-slider\">\r\n                                \r\n                    <div class = \"td-button td-item1\">\r\n                        <div class = \"td-border\"><\/div>\r\n                    <\/div>\r\n                    <div class = \"td-button td-item2\">\r\n                        <div class = \"td-border\"><\/div>\r\n                    <\/div>\r\n                            <\/div>\r\n                        <\/div>\r\n\r\n                    <\/div>\r\n\r\n                <\/div>\r\n                \n","protected":false},"excerpt":{"rendered":"<p>Por: Equipo editor &nbsp; \u00bfQu\u00e9 es el hombre? &nbsp; Es una construcci\u00f3n social que implica no solo caracter\u00edsticas biol\u00f3gicas, sino tambi\u00e9n roles, comportamientos y expectativas que la sociedad asigna a los individuos identificados como masculinos. Esto incluye los roles de g\u00e9nero; que son las expectativas sociales sobre c\u00f3mo debe comportarse un hombre en diversas culturas [&hellip;]<\/p>\n","protected":false},"author":1,"featured_media":224134,"comment_status":"open","ping_status":"open","sticky":false,"template":"","format":"standard","meta":{"_acf_changed":false,"footnotes":""},"categories":[43],"tags":[],"class_list":["post-224133","post","type-post","status-publish","format-standard","has-post-thumbnail","category-nuevos-horizontes"],"acf":{"antetitulo":""},"yoast_head":"<!-- This site is optimized with the Yoast SEO plugin v28.4 - https:\/\/yoast.com\/product\/yoast-seo-wordpress\/ -->\n<title>Conceptualizaci\u00f3n del hombre desde el enfoque de la sociolog\u00eda - El Diario - Bolivia<\/title>\n<meta name=\"robots\" content=\"index, follow, max-snippet:-1, max-image-preview:large, max-video-preview:-1\" \/>\n<link rel=\"canonical\" href=\"https:\/\/www.eldiario.net\/portal\/2024\/05\/31\/conceptualizacion-del-hombre-desde-el-enfoque-de-la-sociologia\/\" \/>\n<meta property=\"og:locale\" content=\"es_ES\" \/>\n<meta property=\"og:type\" content=\"article\" \/>\n<meta property=\"og:title\" content=\"Conceptualizaci\u00f3n del hombre desde el enfoque de la sociolog\u00eda - El Diario - Bolivia\" \/>\n<meta property=\"og:description\" content=\"Por: Equipo editor &nbsp; \u00bfQu\u00e9 es el hombre? &nbsp; Es una construcci\u00f3n social que implica no solo caracter\u00edsticas biol\u00f3gicas, sino tambi\u00e9n roles, comportamientos y expectativas que la sociedad asigna a los individuos identificados como masculinos. Esto incluye los roles de g\u00e9nero; que son las expectativas sociales sobre c\u00f3mo debe comportarse un hombre en diversas culturas [&hellip;]\" \/>\n<meta property=\"og:url\" content=\"https:\/\/www.eldiario.net\/portal\/2024\/05\/31\/conceptualizacion-del-hombre-desde-el-enfoque-de-la-sociologia\/\" \/>\n<meta property=\"og:site_name\" content=\"El Diario - Bolivia\" \/>\n<meta property=\"article:publisher\" content=\"https:\/\/www.facebook.com\/eldiario.bolivia\/\" \/>\n<meta property=\"article:published_time\" content=\"2024-05-31T12:10:15+00:00\" \/>\n<meta property=\"og:image\" content=\"https:\/\/www.eldiario.net\/portal\/wp-content\/uploads\/2024\/05\/Socio-El-hombre.jpg\" \/>\n\t<meta property=\"og:image:width\" content=\"1200\" \/>\n\t<meta property=\"og:image:height\" content=\"960\" \/>\n\t<meta property=\"og:image:type\" content=\"image\/jpeg\" \/>\n<meta name=\"author\" content=\"Jeanette\" \/>\n<meta name=\"twitter:card\" content=\"summary_large_image\" \/>\n<meta name=\"twitter:creator\" content=\"@eldiario_net\" \/>\n<meta name=\"twitter:site\" content=\"@eldiario_net\" \/>\n<meta name=\"twitter:label1\" content=\"Escrito por\" \/>\n\t<meta name=\"twitter:data1\" content=\"Jeanette\" \/>\n\t<meta name=\"twitter:label2\" content=\"Tiempo de lectura\" \/>\n\t<meta name=\"twitter:data2\" content=\"3 minutos\" \/>\n<script type=\"application\/ld+json\" class=\"yoast-schema-graph\">{\"@context\":\"https:\\\/\\\/schema.org\",\"@graph\":[{\"@type\":\"Article\",\"@id\":\"https:\\\/\\\/www.eldiario.net\\\/portal\\\/2024\\\/05\\\/31\\\/conceptualizacion-del-hombre-desde-el-enfoque-de-la-sociologia\\\/#article\",\"isPartOf\":{\"@id\":\"https:\\\/\\\/www.eldiario.net\\\/portal\\\/2024\\\/05\\\/31\\\/conceptualizacion-del-hombre-desde-el-enfoque-de-la-sociologia\\\/\"},\"author\":{\"name\":\"Jeanette\",\"@id\":\"https:\\\/\\\/www.eldiario.net\\\/portal\\\/#\\\/schema\\\/person\\\/f46445640444750d7d753ccd04ae01b7\"},\"headline\":\"Conceptualizaci\u00f3n del hombre desde el enfoque de la sociolog\u00eda\",\"datePublished\":\"2024-05-31T12:10:15+00:00\",\"mainEntityOfPage\":{\"@id\":\"https:\\\/\\\/www.eldiario.net\\\/portal\\\/2024\\\/05\\\/31\\\/conceptualizacion-del-hombre-desde-el-enfoque-de-la-sociologia\\\/\"},\"wordCount\":600,\"commentCount\":0,\"publisher\":{\"@id\":\"https:\\\/\\\/www.eldiario.net\\\/portal\\\/#organization\"},\"image\":{\"@id\":\"https:\\\/\\\/www.eldiario.net\\\/portal\\\/2024\\\/05\\\/31\\\/conceptualizacion-del-hombre-desde-el-enfoque-de-la-sociologia\\\/#primaryimage\"},\"thumbnailUrl\":\"https:\\\/\\\/www.eldiario.net\\\/portal\\\/wp-content\\\/uploads\\\/2024\\\/05\\\/Socio-El-hombre.jpg\",\"articleSection\":[\"Nuevos Horizontes\"],\"inLanguage\":\"es\",\"potentialAction\":[{\"@type\":\"CommentAction\",\"name\":\"Comment\",\"target\":[\"https:\\\/\\\/www.eldiario.net\\\/portal\\\/2024\\\/05\\\/31\\\/conceptualizacion-del-hombre-desde-el-enfoque-de-la-sociologia\\\/#respond\"]}]},{\"@type\":\"WebPage\",\"@id\":\"https:\\\/\\\/www.eldiario.net\\\/portal\\\/2024\\\/05\\\/31\\\/conceptualizacion-del-hombre-desde-el-enfoque-de-la-sociologia\\\/\",\"url\":\"https:\\\/\\\/www.eldiario.net\\\/portal\\\/2024\\\/05\\\/31\\\/conceptualizacion-del-hombre-desde-el-enfoque-de-la-sociologia\\\/\",\"name\":\"Conceptualizaci\u00f3n del hombre desde el enfoque de la sociolog\u00eda - El Diario - Bolivia\",\"isPartOf\":{\"@id\":\"https:\\\/\\\/www.eldiario.net\\\/portal\\\/#website\"},\"primaryImageOfPage\":{\"@id\":\"https:\\\/\\\/www.eldiario.net\\\/portal\\\/2024\\\/05\\\/31\\\/conceptualizacion-del-hombre-desde-el-enfoque-de-la-sociologia\\\/#primaryimage\"},\"image\":{\"@id\":\"https:\\\/\\\/www.eldiario.net\\\/portal\\\/2024\\\/05\\\/31\\\/conceptualizacion-del-hombre-desde-el-enfoque-de-la-sociologia\\\/#primaryimage\"},\"thumbnailUrl\":\"https:\\\/\\\/www.eldiario.net\\\/portal\\\/wp-content\\\/uploads\\\/2024\\\/05\\\/Socio-El-hombre.jpg\",\"datePublished\":\"2024-05-31T12:10:15+00:00\",\"breadcrumb\":{\"@id\":\"https:\\\/\\\/www.eldiario.net\\\/portal\\\/2024\\\/05\\\/31\\\/conceptualizacion-del-hombre-desde-el-enfoque-de-la-sociologia\\\/#breadcrumb\"},\"inLanguage\":\"es\",\"potentialAction\":[{\"@type\":\"ReadAction\",\"target\":[\"https:\\\/\\\/www.eldiario.net\\\/portal\\\/2024\\\/05\\\/31\\\/conceptualizacion-del-hombre-desde-el-enfoque-de-la-sociologia\\\/\"]}]},{\"@type\":\"ImageObject\",\"inLanguage\":\"es\",\"@id\":\"https:\\\/\\\/www.eldiario.net\\\/portal\\\/2024\\\/05\\\/31\\\/conceptualizacion-del-hombre-desde-el-enfoque-de-la-sociologia\\\/#primaryimage\",\"url\":\"https:\\\/\\\/www.eldiario.net\\\/portal\\\/wp-content\\\/uploads\\\/2024\\\/05\\\/Socio-El-hombre.jpg\",\"contentUrl\":\"https:\\\/\\\/www.eldiario.net\\\/portal\\\/wp-content\\\/uploads\\\/2024\\\/05\\\/Socio-El-hombre.jpg\",\"width\":1200,\"height\":960},{\"@type\":\"BreadcrumbList\",\"@id\":\"https:\\\/\\\/www.eldiario.net\\\/portal\\\/2024\\\/05\\\/31\\\/conceptualizacion-del-hombre-desde-el-enfoque-de-la-sociologia\\\/#breadcrumb\",\"itemListElement\":[{\"@type\":\"ListItem\",\"position\":1,\"name\":\"Portada\",\"item\":\"https:\\\/\\\/www.eldiario.net\\\/portal\\\/\"},{\"@type\":\"ListItem\",\"position\":2,\"name\":\"Conceptualizaci\u00f3n del hombre desde el enfoque de la sociolog\u00eda\"}]},{\"@type\":\"WebSite\",\"@id\":\"https:\\\/\\\/www.eldiario.net\\\/portal\\\/#website\",\"url\":\"https:\\\/\\\/www.eldiario.net\\\/portal\\\/\",\"name\":\"El Diario - Decano de la prensa nacional\",\"description\":\"El Diario - Decano de la prensa nacional\",\"publisher\":{\"@id\":\"https:\\\/\\\/www.eldiario.net\\\/portal\\\/#organization\"},\"potentialAction\":[{\"@type\":\"SearchAction\",\"target\":{\"@type\":\"EntryPoint\",\"urlTemplate\":\"https:\\\/\\\/www.eldiario.net\\\/portal\\\/?s={search_term_string}\"},\"query-input\":{\"@type\":\"PropertyValueSpecification\",\"valueRequired\":true,\"valueName\":\"search_term_string\"}}],\"inLanguage\":\"es\"},{\"@type\":\"Organization\",\"@id\":\"https:\\\/\\\/www.eldiario.net\\\/portal\\\/#organization\",\"name\":\"El Diario - Decano de la prensa nacional\",\"url\":\"https:\\\/\\\/www.eldiario.net\\\/portal\\\/\",\"logo\":{\"@type\":\"ImageObject\",\"inLanguage\":\"es\",\"@id\":\"https:\\\/\\\/www.eldiario.net\\\/portal\\\/#\\\/schema\\\/logo\\\/image\\\/\",\"url\":\"https:\\\/\\\/www.eldiario.net\\\/portal\\\/wp-content\\\/uploads\\\/2023\\\/07\\\/logo_ED.jpg\",\"contentUrl\":\"https:\\\/\\\/www.eldiario.net\\\/portal\\\/wp-content\\\/uploads\\\/2023\\\/07\\\/logo_ED.jpg\",\"width\":272,\"height\":52,\"caption\":\"El Diario - Decano de la prensa nacional\"},\"image\":{\"@id\":\"https:\\\/\\\/www.eldiario.net\\\/portal\\\/#\\\/schema\\\/logo\\\/image\\\/\"},\"sameAs\":[\"https:\\\/\\\/www.facebook.com\\\/eldiario.bolivia\\\/\",\"https:\\\/\\\/x.com\\\/eldiario_net\"]},{\"@type\":\"Person\",\"@id\":\"https:\\\/\\\/www.eldiario.net\\\/portal\\\/#\\\/schema\\\/person\\\/f46445640444750d7d753ccd04ae01b7\",\"name\":\"Jeanette\",\"image\":{\"@type\":\"ImageObject\",\"inLanguage\":\"es\",\"@id\":\"https:\\\/\\\/secure.gravatar.com\\\/avatar\\\/3ea2118a5f7dad2b7138b1187a6b7ee55f160b9968b66013c3a3ef39dd7e5798?s=96&d=mm&r=g\",\"url\":\"https:\\\/\\\/secure.gravatar.com\\\/avatar\\\/3ea2118a5f7dad2b7138b1187a6b7ee55f160b9968b66013c3a3ef39dd7e5798?s=96&d=mm&r=g\",\"contentUrl\":\"https:\\\/\\\/secure.gravatar.com\\\/avatar\\\/3ea2118a5f7dad2b7138b1187a6b7ee55f160b9968b66013c3a3ef39dd7e5798?s=96&d=mm&r=g\",\"caption\":\"Jeanette\"},\"sameAs\":[\"https:\\\/\\\/www.eldiario.net\\\/portal\"],\"url\":\"https:\\\/\\\/www.eldiario.net\\\/portal\\\/author\\\/jeanette\\\/\"}]}<\/script>\n<!-- \/ Yoast SEO plugin. -->","yoast_head_json":{"title":"Conceptualizaci\u00f3n del hombre desde el enfoque de la sociolog\u00eda - El Diario - Bolivia","robots":{"index":"index","follow":"follow","max-snippet":"max-snippet:-1","max-image-preview":"max-image-preview:large","max-video-preview":"max-video-preview:-1"},"canonical":"https:\/\/www.eldiario.net\/portal\/2024\/05\/31\/conceptualizacion-del-hombre-desde-el-enfoque-de-la-sociologia\/","og_locale":"es_ES","og_type":"article","og_title":"Conceptualizaci\u00f3n del hombre desde el enfoque de la sociolog\u00eda - El Diario - Bolivia","og_description":"Por: Equipo editor &nbsp; \u00bfQu\u00e9 es el hombre? &nbsp; Es una construcci\u00f3n social que implica no solo caracter\u00edsticas biol\u00f3gicas, sino tambi\u00e9n roles, comportamientos y expectativas que la sociedad asigna a los individuos identificados como masculinos. Esto incluye los roles de g\u00e9nero; que son las expectativas sociales sobre c\u00f3mo debe comportarse un hombre en diversas culturas [&hellip;]","og_url":"https:\/\/www.eldiario.net\/portal\/2024\/05\/31\/conceptualizacion-del-hombre-desde-el-enfoque-de-la-sociologia\/","og_site_name":"El Diario - Bolivia","article_publisher":"https:\/\/www.facebook.com\/eldiario.bolivia\/","article_published_time":"2024-05-31T12:10:15+00:00","og_image":[{"width":1200,"height":960,"url":"https:\/\/www.eldiario.net\/portal\/wp-content\/uploads\/2024\/05\/Socio-El-hombre.jpg","type":"image\/jpeg"}],"author":"Jeanette","twitter_card":"summary_large_image","twitter_creator":"@eldiario_net","twitter_site":"@eldiario_net","twitter_misc":{"Escrito por":"Jeanette","Tiempo de lectura":"3 minutos"},"schema":{"@context":"https:\/\/schema.org","@graph":[{"@type":"Article","@id":"https:\/\/www.eldiario.net\/portal\/2024\/05\/31\/conceptualizacion-del-hombre-desde-el-enfoque-de-la-sociologia\/#article","isPartOf":{"@id":"https:\/\/www.eldiario.net\/portal\/2024\/05\/31\/conceptualizacion-del-hombre-desde-el-enfoque-de-la-sociologia\/"},"author":{"name":"Jeanette","@id":"https:\/\/www.eldiario.net\/portal\/#\/schema\/person\/f46445640444750d7d753ccd04ae01b7"},"headline":"Conceptualizaci\u00f3n del hombre desde el enfoque de la sociolog\u00eda","datePublished":"2024-05-31T12:10:15+00:00","mainEntityOfPage":{"@id":"https:\/\/www.eldiario.net\/portal\/2024\/05\/31\/conceptualizacion-del-hombre-desde-el-enfoque-de-la-sociologia\/"},"wordCount":600,"commentCount":0,"publisher":{"@id":"https:\/\/www.eldiario.net\/portal\/#organization"},"image":{"@id":"https:\/\/www.eldiario.net\/portal\/2024\/05\/31\/conceptualizacion-del-hombre-desde-el-enfoque-de-la-sociologia\/#primaryimage"},"thumbnailUrl":"https:\/\/www.eldiario.net\/portal\/wp-content\/uploads\/2024\/05\/Socio-El-hombre.jpg","articleSection":["Nuevos Horizontes"],"inLanguage":"es","potentialAction":[{"@type":"CommentAction","name":"Comment","target":["https:\/\/www.eldiario.net\/portal\/2024\/05\/31\/conceptualizacion-del-hombre-desde-el-enfoque-de-la-sociologia\/#respond"]}]},{"@type":"WebPage","@id":"https:\/\/www.eldiario.net\/portal\/2024\/05\/31\/conceptualizacion-del-hombre-desde-el-enfoque-de-la-sociologia\/","url":"https:\/\/www.eldiario.net\/portal\/2024\/05\/31\/conceptualizacion-del-hombre-desde-el-enfoque-de-la-sociologia\/","name":"Conceptualizaci\u00f3n del hombre desde el enfoque de la sociolog\u00eda - El Diario - Bolivia","isPartOf":{"@id":"https:\/\/www.eldiario.net\/portal\/#website"},"primaryImageOfPage":{"@id":"https:\/\/www.eldiario.net\/portal\/2024\/05\/31\/conceptualizacion-del-hombre-desde-el-enfoque-de-la-sociologia\/#primaryimage"},"image":{"@id":"https:\/\/www.eldiario.net\/portal\/2024\/05\/31\/conceptualizacion-del-hombre-desde-el-enfoque-de-la-sociologia\/#primaryimage"},"thumbnailUrl":"https:\/\/www.eldiario.net\/portal\/wp-content\/uploads\/2024\/05\/Socio-El-hombre.jpg","datePublished":"2024-05-31T12:10:15+00:00","breadcrumb":{"@id":"https:\/\/www.eldiario.net\/portal\/2024\/05\/31\/conceptualizacion-del-hombre-desde-el-enfoque-de-la-sociologia\/#breadcrumb"},"inLanguage":"es","potentialAction":[{"@type":"ReadAction","target":["https:\/\/www.eldiario.net\/portal\/2024\/05\/31\/conceptualizacion-del-hombre-desde-el-enfoque-de-la-sociologia\/"]}]},{"@type":"ImageObject","inLanguage":"es","@id":"https:\/\/www.eldiario.net\/portal\/2024\/05\/31\/conceptualizacion-del-hombre-desde-el-enfoque-de-la-sociologia\/#primaryimage","url":"https:\/\/www.eldiario.net\/portal\/wp-content\/uploads\/2024\/05\/Socio-El-hombre.jpg","contentUrl":"https:\/\/www.eldiario.net\/portal\/wp-content\/uploads\/2024\/05\/Socio-El-hombre.jpg","width":1200,"height":960},{"@type":"BreadcrumbList","@id":"https:\/\/www.eldiario.net\/portal\/2024\/05\/31\/conceptualizacion-del-hombre-desde-el-enfoque-de-la-sociologia\/#breadcrumb","itemListElement":[{"@type":"ListItem","position":1,"name":"Portada","item":"https:\/\/www.eldiario.net\/portal\/"},{"@type":"ListItem","position":2,"name":"Conceptualizaci\u00f3n del hombre desde el enfoque de la sociolog\u00eda"}]},{"@type":"WebSite","@id":"https:\/\/www.eldiario.net\/portal\/#website","url":"https:\/\/www.eldiario.net\/portal\/","name":"El Diario - Decano de la prensa nacional","description":"El Diario - Decano de la prensa nacional","publisher":{"@id":"https:\/\/www.eldiario.net\/portal\/#organization"},"potentialAction":[{"@type":"SearchAction","target":{"@type":"EntryPoint","urlTemplate":"https:\/\/www.eldiario.net\/portal\/?s={search_term_string}"},"query-input":{"@type":"PropertyValueSpecification","valueRequired":true,"valueName":"search_term_string"}}],"inLanguage":"es"},{"@type":"Organization","@id":"https:\/\/www.eldiario.net\/portal\/#organization","name":"El Diario - Decano de la prensa nacional","url":"https:\/\/www.eldiario.net\/portal\/","logo":{"@type":"ImageObject","inLanguage":"es","@id":"https:\/\/www.eldiario.net\/portal\/#\/schema\/logo\/image\/","url":"https:\/\/www.eldiario.net\/portal\/wp-content\/uploads\/2023\/07\/logo_ED.jpg","contentUrl":"https:\/\/www.eldiario.net\/portal\/wp-content\/uploads\/2023\/07\/logo_ED.jpg","width":272,"height":52,"caption":"El Diario - Decano de la prensa nacional"},"image":{"@id":"https:\/\/www.eldiario.net\/portal\/#\/schema\/logo\/image\/"},"sameAs":["https:\/\/www.facebook.com\/eldiario.bolivia\/","https:\/\/x.com\/eldiario_net"]},{"@type":"Person","@id":"https:\/\/www.eldiario.net\/portal\/#\/schema\/person\/f46445640444750d7d753ccd04ae01b7","name":"Jeanette","image":{"@type":"ImageObject","inLanguage":"es","@id":"https:\/\/secure.gravatar.com\/avatar\/3ea2118a5f7dad2b7138b1187a6b7ee55f160b9968b66013c3a3ef39dd7e5798?s=96&d=mm&r=g","url":"https:\/\/secure.gravatar.com\/avatar\/3ea2118a5f7dad2b7138b1187a6b7ee55f160b9968b66013c3a3ef39dd7e5798?s=96&d=mm&r=g","contentUrl":"https:\/\/secure.gravatar.com\/avatar\/3ea2118a5f7dad2b7138b1187a6b7ee55f160b9968b66013c3a3ef39dd7e5798?s=96&d=mm&r=g","caption":"Jeanette"},"sameAs":["https:\/\/www.eldiario.net\/portal"],"url":"https:\/\/www.eldiario.net\/portal\/author\/jeanette\/"}]}},"_links":{"self":[{"href":"https:\/\/www.eldiario.net\/portal\/wp-json\/wp\/v2\/posts\/224133","targetHints":{"allow":["GET"]}}],"collection":[{"href":"https:\/\/www.eldiario.net\/portal\/wp-json\/wp\/v2\/posts"}],"about":[{"href":"https:\/\/www.eldiario.net\/portal\/wp-json\/wp\/v2\/types\/post"}],"author":[{"embeddable":true,"href":"https:\/\/www.eldiario.net\/portal\/wp-json\/wp\/v2\/users\/1"}],"replies":[{"embeddable":true,"href":"https:\/\/www.eldiario.net\/portal\/wp-json\/wp\/v2\/comments?post=224133"}],"version-history":[{"count":1,"href":"https:\/\/www.eldiario.net\/portal\/wp-json\/wp\/v2\/posts\/224133\/revisions"}],"predecessor-version":[{"id":224136,"href":"https:\/\/www.eldiario.net\/portal\/wp-json\/wp\/v2\/posts\/224133\/revisions\/224136"}],"wp:featuredmedia":[{"embeddable":true,"href":"https:\/\/www.eldiario.net\/portal\/wp-json\/wp\/v2\/media\/224134"}],"wp:attachment":[{"href":"https:\/\/www.eldiario.net\/portal\/wp-json\/wp\/v2\/media?parent=224133"}],"wp:term":[{"taxonomy":"category","embeddable":true,"href":"https:\/\/www.eldiario.net\/portal\/wp-json\/wp\/v2\/categories?post=224133"},{"taxonomy":"post_tag","embeddable":true,"href":"https:\/\/www.eldiario.net\/portal\/wp-json\/wp\/v2\/tags?post=224133"}],"curies":[{"name":"wp","href":"https:\/\/api.w.org\/{rel}","templated":true}]}}