{"id":22412,"date":"2021-08-09T10:44:24","date_gmt":"2021-08-09T14:44:24","guid":{"rendered":"https:\/\/www.eldiario.net\/portal\/?p=22412"},"modified":"2021-08-09T10:44:24","modified_gmt":"2021-08-09T14:44:24","slug":"198-estudiantes-de-emprende-tu-negocio-se-graduaron-gracias-a-nacional-seguros-y-la-universidad-salesiana","status":"publish","type":"post","link":"https:\/\/www.eldiario.net\/portal\/2021\/08\/09\/198-estudiantes-de-emprende-tu-negocio-se-graduaron-gracias-a-nacional-seguros-y-la-universidad-salesiana\/","title":{"rendered":"198 estudiantes de \u201cEmprende tu Negocio\u201d se graduaron gracias a Nacional Seguros  y la Universidad Salesiana"},"content":{"rendered":"<p>Son 198 estudiantes los primeros graduados del curso virtual \u201cEmprende tu Negocio\u201d, gracias al convenio firmado entre Nacional Seguros, Universidad Salesiana y APP Credit, avalada por el Grupo Nueva Econom\u00eda, con el fin de capacitar a j\u00f3venes estudiantes y docentes del sistema universitario salesiano Don Bosco a trav\u00e9s del financiamiento del programa E-plus.<br \/>\nLos graduados recibieron el certificado de \u201cEmprendedor global\u201d, as\u00ed como tambi\u00e9n tuvieron acceso a la plataforma APP-Credit. En el curso, que cont\u00f3 con una duraci\u00f3n de dos meses, adquirieron conocimientos y habilidades financieras y de seguros para la creaci\u00f3n de modelos exitosos de negocio. De los 198 graduados, 81 pertenecen a la carrera de Contadur\u00eda P\u00fablica; 61 de Derecho; 20 de Psicomotricidad, Salud, Educaci\u00f3n y Deporte; 17 de Ciencias de la Educaci\u00f3n y 19 estudiantes forman parte de la carrera de Sistemas de la Universidad Salesiana.<br \/>\nLos contenidos del curso versaron sobre \u201cC\u00f3mo formular una Idea de Negocio\u201d, \u201cMarketing y herramientas Digitales para Emprendedores\u201d, \u201cFinanzas para Emprendimientos\u201d, \u201cLa experiencia de formular una idea y aterrizarla en un modelo de negocio\u201d y tips para \u201cPresentar una idea de negocio a un jurado\u201d.<br \/>\nLos mejores modelos de negocio presentados fueron: \u201cPumas\u201d Academia de Artes Marciales\u201d, de Gonzalo Gil Mamani, estudiante de Psicomotricidad, Salud, Educaci\u00f3n y Deportes; \u201cPrograma Educativo Radial\u201d, de Maricel Margoth L\u00f3pez Pallegas, de la carrera de Ciencias de la Educaci\u00f3n y \u201cMa\u00f1anitas Alegres\u201d Centro Infantil, de Santusa Alvarado Garc\u00eda y Daniela Vega Dur\u00e1n, ambas de la carrera de Ciencias de la Educaci\u00f3n.<br \/>\n\u201cEstamos orgullosos en comunicar que ya tenemos a los primeros 198 graduados con el programa E-plus, mediante el cual estos alumnos pudieron capacitarse en educaci\u00f3n financiera y conocimientos en seguros. Felicitamos y agradecemos la participaci\u00f3n de los estudiantes y docentes del sistema universitario salesiano Don Bosco, quienes estamos seguros de que se beneficiar\u00e1n mucho con los conocimientos adquiridos en este programa que les proporcion\u00f3 las herramientas necesarias para tener un negocio exitoso\u201d, se\u00f1al\u00f3 Nadia Eid, Gerente de Comunicaci\u00f3n y RSE del. Grupo Empresarial de Inversiones Nacional Vida, al que pertenece Nacional Seguros.<br \/>\nDurante el programa se les brind\u00f3 a los estudiantes becarios un asesoramiento continuo a trav\u00e9s de chat online y WhatsApp; as\u00ed como acceso a la Red Nueva Empresa de peque\u00f1os empresarios y emprendedores de Latinoam\u00e9rica.<br \/>\nEl objetivo del programa fue capacitar a medio millar de beneficiarios y encaminar a los becarios en el mundo del emprendimiento de manera pr\u00e1ctica y efectiva, para as\u00ed establecer comportamientos favorables al bienestar financiero de los participantes y de sus familias.<br \/>\n\u201cEn Nacional Seguros creemos que es muy importante el fortalecimiento de las capacidades emprendedoras de los j\u00f3venes y de todos los bolivianos. Nuestra pol\u00edtica de RSE est\u00e1 basada en cuatro pilares fundamentales: salud, deporte, educaci\u00f3n y desarrollo social, con especial \u00e9nfasis en los ni\u00f1os y j\u00f3venes, as\u00ed como en la construcci\u00f3n de alianzas con otras organizaciones porque unidos haremos mucho m\u00e1s\u201d, finaliz\u00f3 diciendo Nadia Eid.<\/p>\n","protected":false},"excerpt":{"rendered":"<p>Son 198 estudiantes los primeros graduados del curso virtual \u201cEmprende tu Negocio\u201d, gracias al convenio firmado entre Nacional Seguros, Universidad Salesiana y APP Credit, avalada por el Grupo Nueva Econom\u00eda, con el fin de capacitar a j\u00f3venes estudiantes y docentes del sistema universitario salesiano Don Bosco a trav\u00e9s del financiamiento del programa E-plus. Los graduados [&hellip;]<\/p>\n","protected":false},"author":1,"featured_media":22413,"comment_status":"closed","ping_status":"closed","sticky":false,"template":"","format":"standard","meta":{"_acf_changed":false,"footnotes":""},"categories":[46],"tags":[],"class_list":["post-22412","post","type-post","status-publish","format-standard","has-post-thumbnail","category-ciencia-computacion"],"acf":{"antetitulo":""},"yoast_head":"<!-- This site is optimized with the Yoast SEO plugin v28.4 - https:\/\/yoast.com\/product\/yoast-seo-wordpress\/ -->\n<title>198 estudiantes de \u201cEmprende tu Negocio\u201d se graduaron gracias a Nacional Seguros y la Universidad Salesiana - El Diario - Bolivia<\/title>\n<meta name=\"robots\" content=\"index, follow, max-snippet:-1, max-image-preview:large, max-video-preview:-1\" \/>\n<link rel=\"canonical\" href=\"https:\/\/www.eldiario.net\/portal\/2021\/08\/09\/198-estudiantes-de-emprende-tu-negocio-se-graduaron-gracias-a-nacional-seguros-y-la-universidad-salesiana\/\" \/>\n<meta property=\"og:locale\" content=\"es_ES\" \/>\n<meta property=\"og:type\" content=\"article\" \/>\n<meta property=\"og:title\" content=\"198 estudiantes de \u201cEmprende tu Negocio\u201d se graduaron gracias a Nacional Seguros y la Universidad Salesiana - El Diario - Bolivia\" \/>\n<meta property=\"og:description\" content=\"Son 198 estudiantes los primeros graduados del curso virtual \u201cEmprende tu Negocio\u201d, gracias al convenio firmado entre Nacional Seguros, Universidad Salesiana y APP Credit, avalada por el Grupo Nueva Econom\u00eda, con el fin de capacitar a j\u00f3venes estudiantes y docentes del sistema universitario salesiano Don Bosco a trav\u00e9s del financiamiento del programa E-plus. Los graduados [&hellip;]\" \/>\n<meta property=\"og:url\" content=\"https:\/\/www.eldiario.net\/portal\/2021\/08\/09\/198-estudiantes-de-emprende-tu-negocio-se-graduaron-gracias-a-nacional-seguros-y-la-universidad-salesiana\/\" \/>\n<meta property=\"og:site_name\" content=\"El Diario - Bolivia\" \/>\n<meta property=\"article:publisher\" content=\"https:\/\/www.facebook.com\/eldiario.bolivia\/\" \/>\n<meta property=\"article:published_time\" content=\"2021-08-09T14:44:24+00:00\" \/>\n<meta name=\"author\" content=\"Jeanette\" \/>\n<meta name=\"twitter:card\" content=\"summary_large_image\" \/>\n<meta name=\"twitter:creator\" content=\"@eldiario_net\" \/>\n<meta name=\"twitter:site\" content=\"@eldiario_net\" \/>\n<meta name=\"twitter:label1\" content=\"Escrito por\" \/>\n\t<meta name=\"twitter:data1\" content=\"Jeanette\" \/>\n\t<meta name=\"twitter:label2\" content=\"Tiempo de lectura\" \/>\n\t<meta name=\"twitter:data2\" content=\"3 minutos\" \/>\n<script type=\"application\/ld+json\" class=\"yoast-schema-graph\">{\"@context\":\"https:\\\/\\\/schema.org\",\"@graph\":[{\"@type\":\"Article\",\"@id\":\"https:\\\/\\\/www.eldiario.net\\\/portal\\\/2021\\\/08\\\/09\\\/198-estudiantes-de-emprende-tu-negocio-se-graduaron-gracias-a-nacional-seguros-y-la-universidad-salesiana\\\/#article\",\"isPartOf\":{\"@id\":\"https:\\\/\\\/www.eldiario.net\\\/portal\\\/2021\\\/08\\\/09\\\/198-estudiantes-de-emprende-tu-negocio-se-graduaron-gracias-a-nacional-seguros-y-la-universidad-salesiana\\\/\"},\"author\":{\"name\":\"Jeanette\",\"@id\":\"https:\\\/\\\/www.eldiario.net\\\/portal\\\/#\\\/schema\\\/person\\\/2c57cf2b7a7ae032e449e4c9b1019eac\"},\"headline\":\"198 estudiantes de \u201cEmprende tu Negocio\u201d se graduaron gracias a Nacional Seguros y la Universidad Salesiana\",\"datePublished\":\"2021-08-09T14:44:24+00:00\",\"mainEntityOfPage\":{\"@id\":\"https:\\\/\\\/www.eldiario.net\\\/portal\\\/2021\\\/08\\\/09\\\/198-estudiantes-de-emprende-tu-negocio-se-graduaron-gracias-a-nacional-seguros-y-la-universidad-salesiana\\\/\"},\"wordCount\":519,\"publisher\":{\"@id\":\"https:\\\/\\\/www.eldiario.net\\\/portal\\\/#organization\"},\"image\":{\"@id\":\"https:\\\/\\\/www.eldiario.net\\\/portal\\\/2021\\\/08\\\/09\\\/198-estudiantes-de-emprende-tu-negocio-se-graduaron-gracias-a-nacional-seguros-y-la-universidad-salesiana\\\/#primaryimage\"},\"thumbnailUrl\":\"\",\"articleSection\":[\"Ciencia y Computaci\u00f3n\"],\"inLanguage\":\"es\"},{\"@type\":\"WebPage\",\"@id\":\"https:\\\/\\\/www.eldiario.net\\\/portal\\\/2021\\\/08\\\/09\\\/198-estudiantes-de-emprende-tu-negocio-se-graduaron-gracias-a-nacional-seguros-y-la-universidad-salesiana\\\/\",\"url\":\"https:\\\/\\\/www.eldiario.net\\\/portal\\\/2021\\\/08\\\/09\\\/198-estudiantes-de-emprende-tu-negocio-se-graduaron-gracias-a-nacional-seguros-y-la-universidad-salesiana\\\/\",\"name\":\"198 estudiantes de \u201cEmprende tu Negocio\u201d se graduaron gracias a Nacional Seguros y la Universidad Salesiana - El Diario - Bolivia\",\"isPartOf\":{\"@id\":\"https:\\\/\\\/www.eldiario.net\\\/portal\\\/#website\"},\"primaryImageOfPage\":{\"@id\":\"https:\\\/\\\/www.eldiario.net\\\/portal\\\/2021\\\/08\\\/09\\\/198-estudiantes-de-emprende-tu-negocio-se-graduaron-gracias-a-nacional-seguros-y-la-universidad-salesiana\\\/#primaryimage\"},\"image\":{\"@id\":\"https:\\\/\\\/www.eldiario.net\\\/portal\\\/2021\\\/08\\\/09\\\/198-estudiantes-de-emprende-tu-negocio-se-graduaron-gracias-a-nacional-seguros-y-la-universidad-salesiana\\\/#primaryimage\"},\"thumbnailUrl\":\"\",\"datePublished\":\"2021-08-09T14:44:24+00:00\",\"breadcrumb\":{\"@id\":\"https:\\\/\\\/www.eldiario.net\\\/portal\\\/2021\\\/08\\\/09\\\/198-estudiantes-de-emprende-tu-negocio-se-graduaron-gracias-a-nacional-seguros-y-la-universidad-salesiana\\\/#breadcrumb\"},\"inLanguage\":\"es\",\"potentialAction\":[{\"@type\":\"ReadAction\",\"target\":[\"https:\\\/\\\/www.eldiario.net\\\/portal\\\/2021\\\/08\\\/09\\\/198-estudiantes-de-emprende-tu-negocio-se-graduaron-gracias-a-nacional-seguros-y-la-universidad-salesiana\\\/\"]}]},{\"@type\":\"ImageObject\",\"inLanguage\":\"es\",\"@id\":\"https:\\\/\\\/www.eldiario.net\\\/portal\\\/2021\\\/08\\\/09\\\/198-estudiantes-de-emprende-tu-negocio-se-graduaron-gracias-a-nacional-seguros-y-la-universidad-salesiana\\\/#primaryimage\",\"url\":\"\",\"contentUrl\":\"\"},{\"@type\":\"BreadcrumbList\",\"@id\":\"https:\\\/\\\/www.eldiario.net\\\/portal\\\/2021\\\/08\\\/09\\\/198-estudiantes-de-emprende-tu-negocio-se-graduaron-gracias-a-nacional-seguros-y-la-universidad-salesiana\\\/#breadcrumb\",\"itemListElement\":[{\"@type\":\"ListItem\",\"position\":1,\"name\":\"Portada\",\"item\":\"https:\\\/\\\/www.eldiario.net\\\/portal\\\/\"},{\"@type\":\"ListItem\",\"position\":2,\"name\":\"198 estudiantes de \u201cEmprende tu Negocio\u201d se graduaron gracias a Nacional Seguros y la Universidad Salesiana\"}]},{\"@type\":\"WebSite\",\"@id\":\"https:\\\/\\\/www.eldiario.net\\\/portal\\\/#website\",\"url\":\"https:\\\/\\\/www.eldiario.net\\\/portal\\\/\",\"name\":\"El Diario - Decano de la prensa nacional\",\"description\":\"El Diario - Decano de la prensa nacional\",\"publisher\":{\"@id\":\"https:\\\/\\\/www.eldiario.net\\\/portal\\\/#organization\"},\"potentialAction\":[{\"@type\":\"SearchAction\",\"target\":{\"@type\":\"EntryPoint\",\"urlTemplate\":\"https:\\\/\\\/www.eldiario.net\\\/portal\\\/?s={search_term_string}\"},\"query-input\":{\"@type\":\"PropertyValueSpecification\",\"valueRequired\":true,\"valueName\":\"search_term_string\"}}],\"inLanguage\":\"es\"},{\"@type\":\"Organization\",\"@id\":\"https:\\\/\\\/www.eldiario.net\\\/portal\\\/#organization\",\"name\":\"El Diario - Decano de la prensa nacional\",\"url\":\"https:\\\/\\\/www.eldiario.net\\\/portal\\\/\",\"logo\":{\"@type\":\"ImageObject\",\"inLanguage\":\"es\",\"@id\":\"https:\\\/\\\/www.eldiario.net\\\/portal\\\/#\\\/schema\\\/logo\\\/image\\\/\",\"url\":\"https:\\\/\\\/www.eldiario.net\\\/portal\\\/wp-content\\\/uploads\\\/2023\\\/07\\\/logo_ED.jpg\",\"contentUrl\":\"https:\\\/\\\/www.eldiario.net\\\/portal\\\/wp-content\\\/uploads\\\/2023\\\/07\\\/logo_ED.jpg\",\"width\":272,\"height\":52,\"caption\":\"El Diario - Decano de la prensa nacional\"},\"image\":{\"@id\":\"https:\\\/\\\/www.eldiario.net\\\/portal\\\/#\\\/schema\\\/logo\\\/image\\\/\"},\"sameAs\":[\"https:\\\/\\\/www.facebook.com\\\/eldiario.bolivia\\\/\",\"https:\\\/\\\/x.com\\\/eldiario_net\"]},{\"@type\":\"Person\",\"@id\":\"https:\\\/\\\/www.eldiario.net\\\/portal\\\/#\\\/schema\\\/person\\\/2c57cf2b7a7ae032e449e4c9b1019eac\",\"name\":\"Jeanette\",\"image\":{\"@type\":\"ImageObject\",\"inLanguage\":\"es\",\"@id\":\"https:\\\/\\\/secure.gravatar.com\\\/avatar\\\/3ea2118a5f7dad2b7138b1187a6b7ee55f160b9968b66013c3a3ef39dd7e5798?s=96&d=mm&r=g\",\"url\":\"https:\\\/\\\/secure.gravatar.com\\\/avatar\\\/3ea2118a5f7dad2b7138b1187a6b7ee55f160b9968b66013c3a3ef39dd7e5798?s=96&d=mm&r=g\",\"contentUrl\":\"https:\\\/\\\/secure.gravatar.com\\\/avatar\\\/3ea2118a5f7dad2b7138b1187a6b7ee55f160b9968b66013c3a3ef39dd7e5798?s=96&d=mm&r=g\",\"caption\":\"Jeanette\"},\"sameAs\":[\"https:\\\/\\\/www.eldiario.net\\\/portal\"],\"url\":\"https:\\\/\\\/www.eldiario.net\\\/portal\\\/author\\\/jeanette\\\/\"}]}<\/script>\n<!-- \/ Yoast SEO plugin. -->","yoast_head_json":{"title":"198 estudiantes de \u201cEmprende tu Negocio\u201d se graduaron gracias a Nacional Seguros y la Universidad Salesiana - El Diario - Bolivia","robots":{"index":"index","follow":"follow","max-snippet":"max-snippet:-1","max-image-preview":"max-image-preview:large","max-video-preview":"max-video-preview:-1"},"canonical":"https:\/\/www.eldiario.net\/portal\/2021\/08\/09\/198-estudiantes-de-emprende-tu-negocio-se-graduaron-gracias-a-nacional-seguros-y-la-universidad-salesiana\/","og_locale":"es_ES","og_type":"article","og_title":"198 estudiantes de \u201cEmprende tu Negocio\u201d se graduaron gracias a Nacional Seguros y la Universidad Salesiana - El Diario - Bolivia","og_description":"Son 198 estudiantes los primeros graduados del curso virtual \u201cEmprende tu Negocio\u201d, gracias al convenio firmado entre Nacional Seguros, Universidad Salesiana y APP Credit, avalada por el Grupo Nueva Econom\u00eda, con el fin de capacitar a j\u00f3venes estudiantes y docentes del sistema universitario salesiano Don Bosco a trav\u00e9s del financiamiento del programa E-plus. Los graduados [&hellip;]","og_url":"https:\/\/www.eldiario.net\/portal\/2021\/08\/09\/198-estudiantes-de-emprende-tu-negocio-se-graduaron-gracias-a-nacional-seguros-y-la-universidad-salesiana\/","og_site_name":"El Diario - Bolivia","article_publisher":"https:\/\/www.facebook.com\/eldiario.bolivia\/","article_published_time":"2021-08-09T14:44:24+00:00","author":"Jeanette","twitter_card":"summary_large_image","twitter_creator":"@eldiario_net","twitter_site":"@eldiario_net","twitter_misc":{"Escrito por":"Jeanette","Tiempo de lectura":"3 minutos"},"schema":{"@context":"https:\/\/schema.org","@graph":[{"@type":"Article","@id":"https:\/\/www.eldiario.net\/portal\/2021\/08\/09\/198-estudiantes-de-emprende-tu-negocio-se-graduaron-gracias-a-nacional-seguros-y-la-universidad-salesiana\/#article","isPartOf":{"@id":"https:\/\/www.eldiario.net\/portal\/2021\/08\/09\/198-estudiantes-de-emprende-tu-negocio-se-graduaron-gracias-a-nacional-seguros-y-la-universidad-salesiana\/"},"author":{"name":"Jeanette","@id":"https:\/\/www.eldiario.net\/portal\/#\/schema\/person\/2c57cf2b7a7ae032e449e4c9b1019eac"},"headline":"198 estudiantes de \u201cEmprende tu Negocio\u201d se graduaron gracias a Nacional Seguros y la Universidad Salesiana","datePublished":"2021-08-09T14:44:24+00:00","mainEntityOfPage":{"@id":"https:\/\/www.eldiario.net\/portal\/2021\/08\/09\/198-estudiantes-de-emprende-tu-negocio-se-graduaron-gracias-a-nacional-seguros-y-la-universidad-salesiana\/"},"wordCount":519,"publisher":{"@id":"https:\/\/www.eldiario.net\/portal\/#organization"},"image":{"@id":"https:\/\/www.eldiario.net\/portal\/2021\/08\/09\/198-estudiantes-de-emprende-tu-negocio-se-graduaron-gracias-a-nacional-seguros-y-la-universidad-salesiana\/#primaryimage"},"thumbnailUrl":"","articleSection":["Ciencia y Computaci\u00f3n"],"inLanguage":"es"},{"@type":"WebPage","@id":"https:\/\/www.eldiario.net\/portal\/2021\/08\/09\/198-estudiantes-de-emprende-tu-negocio-se-graduaron-gracias-a-nacional-seguros-y-la-universidad-salesiana\/","url":"https:\/\/www.eldiario.net\/portal\/2021\/08\/09\/198-estudiantes-de-emprende-tu-negocio-se-graduaron-gracias-a-nacional-seguros-y-la-universidad-salesiana\/","name":"198 estudiantes de \u201cEmprende tu Negocio\u201d se graduaron gracias a Nacional Seguros y la Universidad Salesiana - El Diario - Bolivia","isPartOf":{"@id":"https:\/\/www.eldiario.net\/portal\/#website"},"primaryImageOfPage":{"@id":"https:\/\/www.eldiario.net\/portal\/2021\/08\/09\/198-estudiantes-de-emprende-tu-negocio-se-graduaron-gracias-a-nacional-seguros-y-la-universidad-salesiana\/#primaryimage"},"image":{"@id":"https:\/\/www.eldiario.net\/portal\/2021\/08\/09\/198-estudiantes-de-emprende-tu-negocio-se-graduaron-gracias-a-nacional-seguros-y-la-universidad-salesiana\/#primaryimage"},"thumbnailUrl":"","datePublished":"2021-08-09T14:44:24+00:00","breadcrumb":{"@id":"https:\/\/www.eldiario.net\/portal\/2021\/08\/09\/198-estudiantes-de-emprende-tu-negocio-se-graduaron-gracias-a-nacional-seguros-y-la-universidad-salesiana\/#breadcrumb"},"inLanguage":"es","potentialAction":[{"@type":"ReadAction","target":["https:\/\/www.eldiario.net\/portal\/2021\/08\/09\/198-estudiantes-de-emprende-tu-negocio-se-graduaron-gracias-a-nacional-seguros-y-la-universidad-salesiana\/"]}]},{"@type":"ImageObject","inLanguage":"es","@id":"https:\/\/www.eldiario.net\/portal\/2021\/08\/09\/198-estudiantes-de-emprende-tu-negocio-se-graduaron-gracias-a-nacional-seguros-y-la-universidad-salesiana\/#primaryimage","url":"","contentUrl":""},{"@type":"BreadcrumbList","@id":"https:\/\/www.eldiario.net\/portal\/2021\/08\/09\/198-estudiantes-de-emprende-tu-negocio-se-graduaron-gracias-a-nacional-seguros-y-la-universidad-salesiana\/#breadcrumb","itemListElement":[{"@type":"ListItem","position":1,"name":"Portada","item":"https:\/\/www.eldiario.net\/portal\/"},{"@type":"ListItem","position":2,"name":"198 estudiantes de \u201cEmprende tu Negocio\u201d se graduaron gracias a Nacional Seguros y la Universidad Salesiana"}]},{"@type":"WebSite","@id":"https:\/\/www.eldiario.net\/portal\/#website","url":"https:\/\/www.eldiario.net\/portal\/","name":"El Diario - Decano de la prensa nacional","description":"El Diario - Decano de la prensa nacional","publisher":{"@id":"https:\/\/www.eldiario.net\/portal\/#organization"},"potentialAction":[{"@type":"SearchAction","target":{"@type":"EntryPoint","urlTemplate":"https:\/\/www.eldiario.net\/portal\/?s={search_term_string}"},"query-input":{"@type":"PropertyValueSpecification","valueRequired":true,"valueName":"search_term_string"}}],"inLanguage":"es"},{"@type":"Organization","@id":"https:\/\/www.eldiario.net\/portal\/#organization","name":"El Diario - Decano de la prensa nacional","url":"https:\/\/www.eldiario.net\/portal\/","logo":{"@type":"ImageObject","inLanguage":"es","@id":"https:\/\/www.eldiario.net\/portal\/#\/schema\/logo\/image\/","url":"https:\/\/www.eldiario.net\/portal\/wp-content\/uploads\/2023\/07\/logo_ED.jpg","contentUrl":"https:\/\/www.eldiario.net\/portal\/wp-content\/uploads\/2023\/07\/logo_ED.jpg","width":272,"height":52,"caption":"El Diario - Decano de la prensa nacional"},"image":{"@id":"https:\/\/www.eldiario.net\/portal\/#\/schema\/logo\/image\/"},"sameAs":["https:\/\/www.facebook.com\/eldiario.bolivia\/","https:\/\/x.com\/eldiario_net"]},{"@type":"Person","@id":"https:\/\/www.eldiario.net\/portal\/#\/schema\/person\/2c57cf2b7a7ae032e449e4c9b1019eac","name":"Jeanette","image":{"@type":"ImageObject","inLanguage":"es","@id":"https:\/\/secure.gravatar.com\/avatar\/3ea2118a5f7dad2b7138b1187a6b7ee55f160b9968b66013c3a3ef39dd7e5798?s=96&d=mm&r=g","url":"https:\/\/secure.gravatar.com\/avatar\/3ea2118a5f7dad2b7138b1187a6b7ee55f160b9968b66013c3a3ef39dd7e5798?s=96&d=mm&r=g","contentUrl":"https:\/\/secure.gravatar.com\/avatar\/3ea2118a5f7dad2b7138b1187a6b7ee55f160b9968b66013c3a3ef39dd7e5798?s=96&d=mm&r=g","caption":"Jeanette"},"sameAs":["https:\/\/www.eldiario.net\/portal"],"url":"https:\/\/www.eldiario.net\/portal\/author\/jeanette\/"}]}},"_links":{"self":[{"href":"https:\/\/www.eldiario.net\/portal\/wp-json\/wp\/v2\/posts\/22412","targetHints":{"allow":["GET"]}}],"collection":[{"href":"https:\/\/www.eldiario.net\/portal\/wp-json\/wp\/v2\/posts"}],"about":[{"href":"https:\/\/www.eldiario.net\/portal\/wp-json\/wp\/v2\/types\/post"}],"author":[{"embeddable":true,"href":"https:\/\/www.eldiario.net\/portal\/wp-json\/wp\/v2\/users\/1"}],"replies":[{"embeddable":true,"href":"https:\/\/www.eldiario.net\/portal\/wp-json\/wp\/v2\/comments?post=22412"}],"version-history":[{"count":0,"href":"https:\/\/www.eldiario.net\/portal\/wp-json\/wp\/v2\/posts\/22412\/revisions"}],"wp:attachment":[{"href":"https:\/\/www.eldiario.net\/portal\/wp-json\/wp\/v2\/media?parent=22412"}],"wp:term":[{"taxonomy":"category","embeddable":true,"href":"https:\/\/www.eldiario.net\/portal\/wp-json\/wp\/v2\/categories?post=22412"},{"taxonomy":"post_tag","embeddable":true,"href":"https:\/\/www.eldiario.net\/portal\/wp-json\/wp\/v2\/tags?post=22412"}],"curies":[{"name":"wp","href":"https:\/\/api.w.org\/{rel}","templated":true}]}}