{"id":224101,"date":"2024-05-31T08:00:38","date_gmt":"2024-05-31T12:00:38","guid":{"rendered":"https:\/\/www.eldiario.net\/portal\/?p=224101"},"modified":"2024-05-31T08:00:38","modified_gmt":"2024-05-31T12:00:38","slug":"doble-via-y-codigo-fher-unidos-por-siempre","status":"publish","type":"post","link":"https:\/\/www.eldiario.net\/portal\/2024\/05\/31\/doble-via-y-codigo-fher-unidos-por-siempre\/","title":{"rendered":"Doble V\u00eda y C\u00f3digo Fher unidos \u201cPor siempre\u201d"},"content":{"rendered":"<p>El espectro musical del pa\u00eds est\u00e1 marcado, sin duda, por el estilo, la caracter\u00edstica y el ritmo de diferentes artistas y agrupaciones musicales pertenecientes a las distintas regiones de Bolivia. Hoy esta rica historia art\u00edstica da un giro con la uni\u00f3n de oriente y occidente a trav\u00e9s del arte, uniendo la m\u00fasica de la agrupaci\u00f3n Doble V\u00eda de Oruro y Fernando Rivero del grupo C\u00f3digo Fher, en un nuevo trabajo musical denominado \u201cPor siempre\u201d, cuyo video clip ser\u00e1 lanzado hoy en todas las plataformas digitales.<\/p>\n<p>La obra musical es de autor\u00eda de Alexander Lima, l\u00edder y cantante del grupo Doble V\u00eda, cuya inspiraci\u00f3n ha sido plasmada en una melodiosa canci\u00f3n que relata la historia de una pareja de enamorados que desea compartir momentos felices por el resto de su vida.<\/p>\n<p>El producto musical comenz\u00f3 a gestarse en el estudio AUDIO REC de Adalid Herrera, donde se grab\u00f3 toda la parte instrumental con la supervisi\u00f3n y profesionalismo del experimentado productor en el a\u00f1o 2022. ELEKTRA ESTUDIOS, bajo la direcci\u00f3n de Andr\u00e9s Mart\u00ednez, fue el lugar elegido para la grabaci\u00f3n de las voces de Alexander y Fher Rivero y as\u00ed concluir la fase final en la MANZANA R\u00c9CORDS de la ciudad de Cochabamba, donde se efectu\u00f3 la mezcla y el mastering de la sentimental cumbia.<\/p>\n<p>La canci\u00f3n fusiona los estilos de Doble V\u00eda y C\u00f3digo Fher, con la vibrante energ\u00eda de sus integrantes, quienes dan vida a una pieza musical con mucha fuerza que promete cautivar al p\u00fablico nacional e internacional. Asimismo, el video musical de \u00abPor siempre\u00bb fue concebido por la productora de artes audiovisuales VERSAL, dirigida por Miguel Uluri, y transporta a los espectadores a un mundo visualmente impresionante que complementa perfectamente la intensidad y el ritmo de la canci\u00f3n con im\u00e1genes emotivas y una gran est\u00e9tica cinematogr\u00e1fica. El video ofrece una experiencia inigualable que resalta la narrativa emocionante de esta historia de amor.<\/p>\n<p>\u00abEstamos muy complacidos por colaborar con Fernando Rivero en este nuevo trabajo y de formar parte de las nuevas producciones musicales en Bolivia. Es la primera vez que compartimos un trabajo de estas dimensiones con un artista oriental y nos llena de mucho orgullo el resultado obtenido. Esperamos que los fans disfruten tanto de la canci\u00f3n como del video, as\u00ed como nosotros hemos disfrutado al crear esta obra musical\u00bb, comenta Alex Lima, autor en letra y m\u00fasica de la canci\u00f3n \u201cPor siempre\u201d.<\/p>\n<p>Doble V\u00eda es el grupo pionero de la fusi\u00f3n entre los bronces y vientos andinos, que ha dado origen a un estilo inconfundible en la interpretaci\u00f3n de ritmos pertenecientes al acervo nacional y tambi\u00e9n internacional, acompa\u00f1ados de un espect\u00e1culo de baile fabuloso, cuya principal caracter\u00edstica es el uso del fuego y la pirotecnia fr\u00eda, que marca una tendencia en la puesta en escena para varias agrupaciones en diferentes ciudades del pa\u00eds. C\u00f3digo Fher, por su lado, es el fen\u00f3meno musical de los \u00faltimos a\u00f1os con el talento innato y la voz privilegiada de Fernando Rivero, su l\u00edder, quien ahora junto a Doble V\u00eda unen sus fortalezas para crear una colaboraci\u00f3n musical que promete ser todo un \u00e9xito con una letra sensual y rom\u00e1ntica, complementada por una melod\u00eda muy pegajosa.<\/p>\n<p>El clip, que tiene una duraci\u00f3n de m\u00e1s de 3 minutos, muestra al d\u00fao de actores Jostin Jim\u00e9nez y Denisse Vargas en un idilio de amor, interpretado por muchos como una historia real inspirada en la vida de varias parejas.<\/p>\n<p>\u00abAhora que ya se lanz\u00f3 el tema, pretendemos irrumpir r\u00e1pidamente en las listas de reproducci\u00f3n y las transmisiones de v\u00eddeo en las principales plataformas digitales para lograr un ascenso vertiginoso, traducido en una vitrina art\u00edstica interesante de nuestra m\u00fasica dentro y fuera de nuestras fronteras\u00bb, destac\u00f3 Carlos Flores, manager y representante del grupo Doble V\u00eda de Oruro.<\/p>\n<p>Se debe recordar que ambas agrupaciones realizan una serie de conciertos durante estos meses, celebrando un aniversario m\u00e1s de trayectoria art\u00edstica. Doble V\u00eda en el momento se encuentra en una gira de presentaciones en las principales ciudades del pa\u00eds, que comenz\u00f3 en La Paz y que pr\u00f3ximamente proseguir\u00e1 por Oruro, Cochabamba y Santa Cruz, festejando los 12 a\u00f1os de existencia en el \u00e1mbito musical. Lo propio sucede con C\u00f3digo Fher, que en noviembre pasado celebr\u00f3 12 a\u00f1os de carrera con una gran presentaci\u00f3n, compartiendo escenario junto a grandes grupos de la m\u00fasica tropical, como PK Dos y Veneno.<\/p>\n<p>Para mayor informaci\u00f3n, sus seguidores pueden remitirse a las redes sociales de ambos grupos y as\u00ed tambi\u00e9n apreciar el videoclip u obtener el audio original de esta canci\u00f3n. Asimismo, pueden visitar las plataformas digitales de YouTube y Spotify, como una forma de apoyo a que los artistas nacionales ampl\u00eden su mapa musical en Bolivia y a nivel internacional.<\/p>\n<p>\u201cCon esta colaboraci\u00f3n, Doble V\u00eda y C\u00f3digo Fher demuestran una vez m\u00e1s su talento y capacidad para crear m\u00fasica de calidad. \u00abPor siempre\u00bb es una muestra de que los artistas nacionales siguen evolucionando y que est\u00e1n a la vanguardia de esta transformaci\u00f3n\u201d, resalt\u00f3 Flores.<\/p>\n\r\n                <style type=\"text\/css\">\r\n                    \r\n                    #tdi_1  .td-doubleSlider-2 .td-item1 {\r\n                        background: url(https:\/\/www.eldiario.net\/portal\/wp-content\/uploads\/2024\/05\/1-PRINCIPAL-11-80x60.jpg) 0 0 no-repeat;\r\n                    }\r\n                    #tdi_1  .td-doubleSlider-2 .td-item2 {\r\n                        background: url(https:\/\/www.eldiario.net\/portal\/wp-content\/uploads\/2024\/05\/2-13-80x60.jpg) 0 0 no-repeat;\r\n                    }\r\n                    #tdi_1  .td-doubleSlider-2 .td-item3 {\r\n                        background: url(https:\/\/www.eldiario.net\/portal\/wp-content\/uploads\/2024\/05\/3-11-80x60.jpg) 0 0 no-repeat;\r\n                    }\r\n                    #tdi_1  .td-doubleSlider-2 .td-item4 {\r\n                        background: url(https:\/\/www.eldiario.net\/portal\/wp-content\/uploads\/2024\/05\/4-11-80x60.jpg) 0 0 no-repeat;\r\n                    }\r\n                <\/style>\r\n\r\n                <div id=\"tdi_1\" class=\"td-gallery td-slide-on-2-columns\">\r\n                    <div class=\"post_td_gallery\">\r\n                        <div class=\"td-gallery-slide-top\">\r\n                           <div class=\"td-gallery-title\"><\/div>\r\n\r\n                            <div class=\"td-gallery-controls-wrapper\">\r\n                                <div class=\"td-gallery-slide-count\"><span class=\"td-gallery-slide-item-focus\">1<\/span> de 4<\/div>\r\n                                <div class=\"td-gallery-slide-prev-next-but\">\r\n                                    <i class = \"td-icon-left doubleSliderPrevButton\"><\/i>\r\n                                    <i class = \"td-icon-right doubleSliderNextButton\"><\/i>\r\n                                <\/div>\r\n                            <\/div>\r\n                        <\/div>\r\n\r\n                        <div class = \"td-doubleSlider-1 \">\r\n                            <div class = \"td-slider\">\r\n                                \r\n                    <div class = \"td-slide-item td-item1\">\r\n                        <figure class=\"td-slide-galery-figure td-slide-popup-gallery\">\r\n                            <a class=\"slide-gallery-image-link\" href=\"https:\/\/www.eldiario.net\/portal\/wp-content\/uploads\/2024\/05\/1-PRINCIPAL-11.jpg\" title=\"1-PRINCIPAL\"  data-caption=\"\"  data-description=\"\">\r\n                                <img decoding=\"async\" src=\"https:\/\/www.eldiario.net\/portal\/wp-content\/uploads\/2024\/05\/1-PRINCIPAL-11-840x420.jpg\" srcset=\"https:\/\/www.eldiario.net\/portal\/wp-content\/uploads\/2024\/05\/1-PRINCIPAL-11-840x420.jpg 840w, https:\/\/www.eldiario.net\/portal\/wp-content\/uploads\/2024\/05\/1-PRINCIPAL-11-300x150.jpg 300w, https:\/\/www.eldiario.net\/portal\/wp-content\/uploads\/2024\/05\/1-PRINCIPAL-11-1024x512.jpg 1024w, https:\/\/www.eldiario.net\/portal\/wp-content\/uploads\/2024\/05\/1-PRINCIPAL-11-768x384.jpg 768w, https:\/\/www.eldiario.net\/portal\/wp-content\/uploads\/2024\/05\/1-PRINCIPAL-11-696x348.jpg 696w, https:\/\/www.eldiario.net\/portal\/wp-content\/uploads\/2024\/05\/1-PRINCIPAL-11-1068x534.jpg 1068w, https:\/\/www.eldiario.net\/portal\/wp-content\/uploads\/2024\/05\/1-PRINCIPAL-11.jpg 1200w\" sizes=\"(max-width: 840px) 100vw, 840px\" alt=\"\">\r\n                            <\/a>\r\n                            \r\n                        <\/figure>\r\n                    <\/div>\r\n                    <div class = \"td-slide-item td-item2\">\r\n                        <figure class=\"td-slide-galery-figure td-slide-popup-gallery\">\r\n                            <a class=\"slide-gallery-image-link\" href=\"https:\/\/www.eldiario.net\/portal\/wp-content\/uploads\/2024\/05\/2-13.jpg\" title=\"2\"  data-caption=\"\"  data-description=\"\">\r\n                                <img decoding=\"async\" src=\"https:\/\/www.eldiario.net\/portal\/wp-content\/uploads\/2024\/05\/2-13-747x420.jpg\" srcset=\"https:\/\/www.eldiario.net\/portal\/wp-content\/uploads\/2024\/05\/2-13-747x420.jpg 747w, https:\/\/www.eldiario.net\/portal\/wp-content\/uploads\/2024\/05\/2-13-300x169.jpg 300w, https:\/\/www.eldiario.net\/portal\/wp-content\/uploads\/2024\/05\/2-13-1024x576.jpg 1024w, https:\/\/www.eldiario.net\/portal\/wp-content\/uploads\/2024\/05\/2-13-768x432.jpg 768w, https:\/\/www.eldiario.net\/portal\/wp-content\/uploads\/2024\/05\/2-13-696x392.jpg 696w, https:\/\/www.eldiario.net\/portal\/wp-content\/uploads\/2024\/05\/2-13-1068x601.jpg 1068w, https:\/\/www.eldiario.net\/portal\/wp-content\/uploads\/2024\/05\/2-13.jpg 1200w\" sizes=\"(max-width: 747px) 100vw, 747px\" alt=\"\">\r\n                            <\/a>\r\n                            \r\n                        <\/figure>\r\n                    <\/div>\r\n                    <div class = \"td-slide-item td-item3\">\r\n                        <figure class=\"td-slide-galery-figure td-slide-popup-gallery\">\r\n                            <a class=\"slide-gallery-image-link\" href=\"https:\/\/www.eldiario.net\/portal\/wp-content\/uploads\/2024\/05\/3-11.jpg\" title=\"3\"  data-caption=\"\"  data-description=\"\">\r\n                                <img decoding=\"async\" src=\"https:\/\/www.eldiario.net\/portal\/wp-content\/uploads\/2024\/05\/3-11-685x420.jpg\" srcset=\"https:\/\/www.eldiario.net\/portal\/wp-content\/uploads\/2024\/05\/3-11-685x420.jpg 685w, https:\/\/www.eldiario.net\/portal\/wp-content\/uploads\/2024\/05\/3-11-300x184.jpg 300w, https:\/\/www.eldiario.net\/portal\/wp-content\/uploads\/2024\/05\/3-11-1024x628.jpg 1024w, https:\/\/www.eldiario.net\/portal\/wp-content\/uploads\/2024\/05\/3-11-768x471.jpg 768w, https:\/\/www.eldiario.net\/portal\/wp-content\/uploads\/2024\/05\/3-11-696x427.jpg 696w, https:\/\/www.eldiario.net\/portal\/wp-content\/uploads\/2024\/05\/3-11-1068x655.jpg 1068w, https:\/\/www.eldiario.net\/portal\/wp-content\/uploads\/2024\/05\/3-11.jpg 1200w\" sizes=\"(max-width: 685px) 100vw, 685px\" alt=\"\">\r\n                            <\/a>\r\n                            \r\n                        <\/figure>\r\n                    <\/div>\r\n                    <div class = \"td-slide-item td-item4\">\r\n                        <figure class=\"td-slide-galery-figure td-slide-popup-gallery\">\r\n                            <a class=\"slide-gallery-image-link\" href=\"https:\/\/www.eldiario.net\/portal\/wp-content\/uploads\/2024\/05\/4-11.jpg\" title=\"4\"  data-caption=\"\"  data-description=\"\">\r\n                                <img decoding=\"async\" src=\"https:\/\/www.eldiario.net\/portal\/wp-content\/uploads\/2024\/05\/4-11-747x420.jpg\" srcset=\"https:\/\/www.eldiario.net\/portal\/wp-content\/uploads\/2024\/05\/4-11-747x420.jpg 747w, https:\/\/www.eldiario.net\/portal\/wp-content\/uploads\/2024\/05\/4-11-300x169.jpg 300w, https:\/\/www.eldiario.net\/portal\/wp-content\/uploads\/2024\/05\/4-11-1024x576.jpg 1024w, https:\/\/www.eldiario.net\/portal\/wp-content\/uploads\/2024\/05\/4-11-768x432.jpg 768w, https:\/\/www.eldiario.net\/portal\/wp-content\/uploads\/2024\/05\/4-11-696x392.jpg 696w, https:\/\/www.eldiario.net\/portal\/wp-content\/uploads\/2024\/05\/4-11-1068x601.jpg 1068w, https:\/\/www.eldiario.net\/portal\/wp-content\/uploads\/2024\/05\/4-11.jpg 1200w\" sizes=\"(max-width: 747px) 100vw, 747px\" alt=\"\">\r\n                            <\/a>\r\n                            \r\n                        <\/figure>\r\n                    <\/div>\r\n                            <\/div>\r\n                        <\/div>\r\n\r\n                        <div class = \"td-doubleSlider-2\">\r\n                            <div class = \"td-slider\">\r\n                                \r\n                    <div class = \"td-button td-item1\">\r\n                        <div class = \"td-border\"><\/div>\r\n                    <\/div>\r\n                    <div class = \"td-button td-item2\">\r\n                        <div class = \"td-border\"><\/div>\r\n                    <\/div>\r\n                    <div class = \"td-button td-item3\">\r\n                        <div class = \"td-border\"><\/div>\r\n                    <\/div>\r\n                    <div class = \"td-button td-item4\">\r\n                        <div class = \"td-border\"><\/div>\r\n                    <\/div>\r\n                            <\/div>\r\n                        <\/div>\r\n\r\n                    <\/div>\r\n\r\n                <\/div>\r\n                \n","protected":false},"excerpt":{"rendered":"<p>El espectro musical del pa\u00eds est\u00e1 marcado, sin duda, por el estilo, la caracter\u00edstica y el ritmo de diferentes artistas y agrupaciones musicales pertenecientes a las distintas regiones de Bolivia. Hoy esta rica historia art\u00edstica da un giro con la uni\u00f3n de oriente y occidente a trav\u00e9s del arte, uniendo la m\u00fasica de la agrupaci\u00f3n [&hellip;]<\/p>\n","protected":false},"author":1,"featured_media":224102,"comment_status":"open","ping_status":"open","sticky":false,"template":"","format":"standard","meta":{"_acf_changed":false,"footnotes":""},"categories":[41],"tags":[],"class_list":["post-224101","post","type-post","status-publish","format-standard","has-post-thumbnail","category-la-guia"],"acf":{"antetitulo":""},"yoast_head":"<!-- This site is optimized with the Yoast SEO plugin v28.4 - https:\/\/yoast.com\/product\/yoast-seo-wordpress\/ -->\n<title>Doble V\u00eda y C\u00f3digo Fher unidos \u201cPor siempre\u201d - El Diario - Bolivia<\/title>\n<meta name=\"robots\" content=\"index, follow, max-snippet:-1, max-image-preview:large, max-video-preview:-1\" \/>\n<link rel=\"canonical\" href=\"https:\/\/www.eldiario.net\/portal\/2024\/05\/31\/doble-via-y-codigo-fher-unidos-por-siempre\/\" \/>\n<meta property=\"og:locale\" content=\"es_ES\" \/>\n<meta property=\"og:type\" content=\"article\" \/>\n<meta property=\"og:title\" content=\"Doble V\u00eda y C\u00f3digo Fher unidos \u201cPor siempre\u201d - El Diario - Bolivia\" \/>\n<meta property=\"og:description\" content=\"El espectro musical del pa\u00eds est\u00e1 marcado, sin duda, por el estilo, la caracter\u00edstica y el ritmo de diferentes artistas y agrupaciones musicales pertenecientes a las distintas regiones de Bolivia. Hoy esta rica historia art\u00edstica da un giro con la uni\u00f3n de oriente y occidente a trav\u00e9s del arte, uniendo la m\u00fasica de la agrupaci\u00f3n [&hellip;]\" \/>\n<meta property=\"og:url\" content=\"https:\/\/www.eldiario.net\/portal\/2024\/05\/31\/doble-via-y-codigo-fher-unidos-por-siempre\/\" \/>\n<meta property=\"og:site_name\" content=\"El Diario - Bolivia\" \/>\n<meta property=\"article:publisher\" content=\"https:\/\/www.facebook.com\/eldiario.bolivia\/\" \/>\n<meta property=\"article:published_time\" content=\"2024-05-31T12:00:38+00:00\" \/>\n<meta property=\"og:image\" content=\"https:\/\/www.eldiario.net\/portal\/wp-content\/uploads\/2024\/05\/1-PRINCIPAL-11.jpg\" \/>\n\t<meta property=\"og:image:width\" content=\"1200\" \/>\n\t<meta property=\"og:image:height\" content=\"600\" \/>\n\t<meta property=\"og:image:type\" content=\"image\/jpeg\" \/>\n<meta name=\"author\" content=\"Jeanette\" \/>\n<meta name=\"twitter:card\" content=\"summary_large_image\" \/>\n<meta name=\"twitter:creator\" content=\"@eldiario_net\" \/>\n<meta name=\"twitter:site\" content=\"@eldiario_net\" \/>\n<meta name=\"twitter:label1\" content=\"Escrito por\" \/>\n\t<meta name=\"twitter:data1\" content=\"Jeanette\" \/>\n\t<meta name=\"twitter:label2\" content=\"Tiempo de lectura\" \/>\n\t<meta name=\"twitter:data2\" content=\"4 minutos\" \/>\n<script type=\"application\/ld+json\" class=\"yoast-schema-graph\">{\"@context\":\"https:\\\/\\\/schema.org\",\"@graph\":[{\"@type\":\"Article\",\"@id\":\"https:\\\/\\\/www.eldiario.net\\\/portal\\\/2024\\\/05\\\/31\\\/doble-via-y-codigo-fher-unidos-por-siempre\\\/#article\",\"isPartOf\":{\"@id\":\"https:\\\/\\\/www.eldiario.net\\\/portal\\\/2024\\\/05\\\/31\\\/doble-via-y-codigo-fher-unidos-por-siempre\\\/\"},\"author\":{\"name\":\"Jeanette\",\"@id\":\"https:\\\/\\\/www.eldiario.net\\\/portal\\\/#\\\/schema\\\/person\\\/f46445640444750d7d753ccd04ae01b7\"},\"headline\":\"Doble V\u00eda y C\u00f3digo Fher unidos \u201cPor siempre\u201d\",\"datePublished\":\"2024-05-31T12:00:38+00:00\",\"mainEntityOfPage\":{\"@id\":\"https:\\\/\\\/www.eldiario.net\\\/portal\\\/2024\\\/05\\\/31\\\/doble-via-y-codigo-fher-unidos-por-siempre\\\/\"},\"wordCount\":918,\"commentCount\":0,\"publisher\":{\"@id\":\"https:\\\/\\\/www.eldiario.net\\\/portal\\\/#organization\"},\"image\":{\"@id\":\"https:\\\/\\\/www.eldiario.net\\\/portal\\\/2024\\\/05\\\/31\\\/doble-via-y-codigo-fher-unidos-por-siempre\\\/#primaryimage\"},\"thumbnailUrl\":\"https:\\\/\\\/www.eldiario.net\\\/portal\\\/wp-content\\\/uploads\\\/2024\\\/05\\\/1-PRINCIPAL-11.jpg\",\"articleSection\":[\"La Gu\u00eda\"],\"inLanguage\":\"es\",\"potentialAction\":[{\"@type\":\"CommentAction\",\"name\":\"Comment\",\"target\":[\"https:\\\/\\\/www.eldiario.net\\\/portal\\\/2024\\\/05\\\/31\\\/doble-via-y-codigo-fher-unidos-por-siempre\\\/#respond\"]}]},{\"@type\":\"WebPage\",\"@id\":\"https:\\\/\\\/www.eldiario.net\\\/portal\\\/2024\\\/05\\\/31\\\/doble-via-y-codigo-fher-unidos-por-siempre\\\/\",\"url\":\"https:\\\/\\\/www.eldiario.net\\\/portal\\\/2024\\\/05\\\/31\\\/doble-via-y-codigo-fher-unidos-por-siempre\\\/\",\"name\":\"Doble V\u00eda y C\u00f3digo Fher unidos \u201cPor siempre\u201d - El Diario - Bolivia\",\"isPartOf\":{\"@id\":\"https:\\\/\\\/www.eldiario.net\\\/portal\\\/#website\"},\"primaryImageOfPage\":{\"@id\":\"https:\\\/\\\/www.eldiario.net\\\/portal\\\/2024\\\/05\\\/31\\\/doble-via-y-codigo-fher-unidos-por-siempre\\\/#primaryimage\"},\"image\":{\"@id\":\"https:\\\/\\\/www.eldiario.net\\\/portal\\\/2024\\\/05\\\/31\\\/doble-via-y-codigo-fher-unidos-por-siempre\\\/#primaryimage\"},\"thumbnailUrl\":\"https:\\\/\\\/www.eldiario.net\\\/portal\\\/wp-content\\\/uploads\\\/2024\\\/05\\\/1-PRINCIPAL-11.jpg\",\"datePublished\":\"2024-05-31T12:00:38+00:00\",\"breadcrumb\":{\"@id\":\"https:\\\/\\\/www.eldiario.net\\\/portal\\\/2024\\\/05\\\/31\\\/doble-via-y-codigo-fher-unidos-por-siempre\\\/#breadcrumb\"},\"inLanguage\":\"es\",\"potentialAction\":[{\"@type\":\"ReadAction\",\"target\":[\"https:\\\/\\\/www.eldiario.net\\\/portal\\\/2024\\\/05\\\/31\\\/doble-via-y-codigo-fher-unidos-por-siempre\\\/\"]}]},{\"@type\":\"ImageObject\",\"inLanguage\":\"es\",\"@id\":\"https:\\\/\\\/www.eldiario.net\\\/portal\\\/2024\\\/05\\\/31\\\/doble-via-y-codigo-fher-unidos-por-siempre\\\/#primaryimage\",\"url\":\"https:\\\/\\\/www.eldiario.net\\\/portal\\\/wp-content\\\/uploads\\\/2024\\\/05\\\/1-PRINCIPAL-11.jpg\",\"contentUrl\":\"https:\\\/\\\/www.eldiario.net\\\/portal\\\/wp-content\\\/uploads\\\/2024\\\/05\\\/1-PRINCIPAL-11.jpg\",\"width\":1200,\"height\":600},{\"@type\":\"BreadcrumbList\",\"@id\":\"https:\\\/\\\/www.eldiario.net\\\/portal\\\/2024\\\/05\\\/31\\\/doble-via-y-codigo-fher-unidos-por-siempre\\\/#breadcrumb\",\"itemListElement\":[{\"@type\":\"ListItem\",\"position\":1,\"name\":\"Portada\",\"item\":\"https:\\\/\\\/www.eldiario.net\\\/portal\\\/\"},{\"@type\":\"ListItem\",\"position\":2,\"name\":\"Doble V\u00eda y C\u00f3digo Fher unidos \u201cPor siempre\u201d\"}]},{\"@type\":\"WebSite\",\"@id\":\"https:\\\/\\\/www.eldiario.net\\\/portal\\\/#website\",\"url\":\"https:\\\/\\\/www.eldiario.net\\\/portal\\\/\",\"name\":\"El Diario - Decano de la prensa nacional\",\"description\":\"El Diario - Decano de la prensa nacional\",\"publisher\":{\"@id\":\"https:\\\/\\\/www.eldiario.net\\\/portal\\\/#organization\"},\"potentialAction\":[{\"@type\":\"SearchAction\",\"target\":{\"@type\":\"EntryPoint\",\"urlTemplate\":\"https:\\\/\\\/www.eldiario.net\\\/portal\\\/?s={search_term_string}\"},\"query-input\":{\"@type\":\"PropertyValueSpecification\",\"valueRequired\":true,\"valueName\":\"search_term_string\"}}],\"inLanguage\":\"es\"},{\"@type\":\"Organization\",\"@id\":\"https:\\\/\\\/www.eldiario.net\\\/portal\\\/#organization\",\"name\":\"El Diario - Decano de la prensa nacional\",\"url\":\"https:\\\/\\\/www.eldiario.net\\\/portal\\\/\",\"logo\":{\"@type\":\"ImageObject\",\"inLanguage\":\"es\",\"@id\":\"https:\\\/\\\/www.eldiario.net\\\/portal\\\/#\\\/schema\\\/logo\\\/image\\\/\",\"url\":\"https:\\\/\\\/www.eldiario.net\\\/portal\\\/wp-content\\\/uploads\\\/2023\\\/07\\\/logo_ED.jpg\",\"contentUrl\":\"https:\\\/\\\/www.eldiario.net\\\/portal\\\/wp-content\\\/uploads\\\/2023\\\/07\\\/logo_ED.jpg\",\"width\":272,\"height\":52,\"caption\":\"El Diario - Decano de la prensa nacional\"},\"image\":{\"@id\":\"https:\\\/\\\/www.eldiario.net\\\/portal\\\/#\\\/schema\\\/logo\\\/image\\\/\"},\"sameAs\":[\"https:\\\/\\\/www.facebook.com\\\/eldiario.bolivia\\\/\",\"https:\\\/\\\/x.com\\\/eldiario_net\"]},{\"@type\":\"Person\",\"@id\":\"https:\\\/\\\/www.eldiario.net\\\/portal\\\/#\\\/schema\\\/person\\\/f46445640444750d7d753ccd04ae01b7\",\"name\":\"Jeanette\",\"image\":{\"@type\":\"ImageObject\",\"inLanguage\":\"es\",\"@id\":\"https:\\\/\\\/secure.gravatar.com\\\/avatar\\\/3ea2118a5f7dad2b7138b1187a6b7ee55f160b9968b66013c3a3ef39dd7e5798?s=96&d=mm&r=g\",\"url\":\"https:\\\/\\\/secure.gravatar.com\\\/avatar\\\/3ea2118a5f7dad2b7138b1187a6b7ee55f160b9968b66013c3a3ef39dd7e5798?s=96&d=mm&r=g\",\"contentUrl\":\"https:\\\/\\\/secure.gravatar.com\\\/avatar\\\/3ea2118a5f7dad2b7138b1187a6b7ee55f160b9968b66013c3a3ef39dd7e5798?s=96&d=mm&r=g\",\"caption\":\"Jeanette\"},\"sameAs\":[\"https:\\\/\\\/www.eldiario.net\\\/portal\"],\"url\":\"https:\\\/\\\/www.eldiario.net\\\/portal\\\/author\\\/jeanette\\\/\"}]}<\/script>\n<!-- \/ Yoast SEO plugin. -->","yoast_head_json":{"title":"Doble V\u00eda y C\u00f3digo Fher unidos \u201cPor siempre\u201d - El Diario - Bolivia","robots":{"index":"index","follow":"follow","max-snippet":"max-snippet:-1","max-image-preview":"max-image-preview:large","max-video-preview":"max-video-preview:-1"},"canonical":"https:\/\/www.eldiario.net\/portal\/2024\/05\/31\/doble-via-y-codigo-fher-unidos-por-siempre\/","og_locale":"es_ES","og_type":"article","og_title":"Doble V\u00eda y C\u00f3digo Fher unidos \u201cPor siempre\u201d - El Diario - Bolivia","og_description":"El espectro musical del pa\u00eds est\u00e1 marcado, sin duda, por el estilo, la caracter\u00edstica y el ritmo de diferentes artistas y agrupaciones musicales pertenecientes a las distintas regiones de Bolivia. Hoy esta rica historia art\u00edstica da un giro con la uni\u00f3n de oriente y occidente a trav\u00e9s del arte, uniendo la m\u00fasica de la agrupaci\u00f3n [&hellip;]","og_url":"https:\/\/www.eldiario.net\/portal\/2024\/05\/31\/doble-via-y-codigo-fher-unidos-por-siempre\/","og_site_name":"El Diario - Bolivia","article_publisher":"https:\/\/www.facebook.com\/eldiario.bolivia\/","article_published_time":"2024-05-31T12:00:38+00:00","og_image":[{"width":1200,"height":600,"url":"https:\/\/www.eldiario.net\/portal\/wp-content\/uploads\/2024\/05\/1-PRINCIPAL-11.jpg","type":"image\/jpeg"}],"author":"Jeanette","twitter_card":"summary_large_image","twitter_creator":"@eldiario_net","twitter_site":"@eldiario_net","twitter_misc":{"Escrito por":"Jeanette","Tiempo de lectura":"4 minutos"},"schema":{"@context":"https:\/\/schema.org","@graph":[{"@type":"Article","@id":"https:\/\/www.eldiario.net\/portal\/2024\/05\/31\/doble-via-y-codigo-fher-unidos-por-siempre\/#article","isPartOf":{"@id":"https:\/\/www.eldiario.net\/portal\/2024\/05\/31\/doble-via-y-codigo-fher-unidos-por-siempre\/"},"author":{"name":"Jeanette","@id":"https:\/\/www.eldiario.net\/portal\/#\/schema\/person\/f46445640444750d7d753ccd04ae01b7"},"headline":"Doble V\u00eda y C\u00f3digo Fher unidos \u201cPor siempre\u201d","datePublished":"2024-05-31T12:00:38+00:00","mainEntityOfPage":{"@id":"https:\/\/www.eldiario.net\/portal\/2024\/05\/31\/doble-via-y-codigo-fher-unidos-por-siempre\/"},"wordCount":918,"commentCount":0,"publisher":{"@id":"https:\/\/www.eldiario.net\/portal\/#organization"},"image":{"@id":"https:\/\/www.eldiario.net\/portal\/2024\/05\/31\/doble-via-y-codigo-fher-unidos-por-siempre\/#primaryimage"},"thumbnailUrl":"https:\/\/www.eldiario.net\/portal\/wp-content\/uploads\/2024\/05\/1-PRINCIPAL-11.jpg","articleSection":["La Gu\u00eda"],"inLanguage":"es","potentialAction":[{"@type":"CommentAction","name":"Comment","target":["https:\/\/www.eldiario.net\/portal\/2024\/05\/31\/doble-via-y-codigo-fher-unidos-por-siempre\/#respond"]}]},{"@type":"WebPage","@id":"https:\/\/www.eldiario.net\/portal\/2024\/05\/31\/doble-via-y-codigo-fher-unidos-por-siempre\/","url":"https:\/\/www.eldiario.net\/portal\/2024\/05\/31\/doble-via-y-codigo-fher-unidos-por-siempre\/","name":"Doble V\u00eda y C\u00f3digo Fher unidos \u201cPor siempre\u201d - El Diario - Bolivia","isPartOf":{"@id":"https:\/\/www.eldiario.net\/portal\/#website"},"primaryImageOfPage":{"@id":"https:\/\/www.eldiario.net\/portal\/2024\/05\/31\/doble-via-y-codigo-fher-unidos-por-siempre\/#primaryimage"},"image":{"@id":"https:\/\/www.eldiario.net\/portal\/2024\/05\/31\/doble-via-y-codigo-fher-unidos-por-siempre\/#primaryimage"},"thumbnailUrl":"https:\/\/www.eldiario.net\/portal\/wp-content\/uploads\/2024\/05\/1-PRINCIPAL-11.jpg","datePublished":"2024-05-31T12:00:38+00:00","breadcrumb":{"@id":"https:\/\/www.eldiario.net\/portal\/2024\/05\/31\/doble-via-y-codigo-fher-unidos-por-siempre\/#breadcrumb"},"inLanguage":"es","potentialAction":[{"@type":"ReadAction","target":["https:\/\/www.eldiario.net\/portal\/2024\/05\/31\/doble-via-y-codigo-fher-unidos-por-siempre\/"]}]},{"@type":"ImageObject","inLanguage":"es","@id":"https:\/\/www.eldiario.net\/portal\/2024\/05\/31\/doble-via-y-codigo-fher-unidos-por-siempre\/#primaryimage","url":"https:\/\/www.eldiario.net\/portal\/wp-content\/uploads\/2024\/05\/1-PRINCIPAL-11.jpg","contentUrl":"https:\/\/www.eldiario.net\/portal\/wp-content\/uploads\/2024\/05\/1-PRINCIPAL-11.jpg","width":1200,"height":600},{"@type":"BreadcrumbList","@id":"https:\/\/www.eldiario.net\/portal\/2024\/05\/31\/doble-via-y-codigo-fher-unidos-por-siempre\/#breadcrumb","itemListElement":[{"@type":"ListItem","position":1,"name":"Portada","item":"https:\/\/www.eldiario.net\/portal\/"},{"@type":"ListItem","position":2,"name":"Doble V\u00eda y C\u00f3digo Fher unidos \u201cPor siempre\u201d"}]},{"@type":"WebSite","@id":"https:\/\/www.eldiario.net\/portal\/#website","url":"https:\/\/www.eldiario.net\/portal\/","name":"El Diario - Decano de la prensa nacional","description":"El Diario - Decano de la prensa nacional","publisher":{"@id":"https:\/\/www.eldiario.net\/portal\/#organization"},"potentialAction":[{"@type":"SearchAction","target":{"@type":"EntryPoint","urlTemplate":"https:\/\/www.eldiario.net\/portal\/?s={search_term_string}"},"query-input":{"@type":"PropertyValueSpecification","valueRequired":true,"valueName":"search_term_string"}}],"inLanguage":"es"},{"@type":"Organization","@id":"https:\/\/www.eldiario.net\/portal\/#organization","name":"El Diario - Decano de la prensa nacional","url":"https:\/\/www.eldiario.net\/portal\/","logo":{"@type":"ImageObject","inLanguage":"es","@id":"https:\/\/www.eldiario.net\/portal\/#\/schema\/logo\/image\/","url":"https:\/\/www.eldiario.net\/portal\/wp-content\/uploads\/2023\/07\/logo_ED.jpg","contentUrl":"https:\/\/www.eldiario.net\/portal\/wp-content\/uploads\/2023\/07\/logo_ED.jpg","width":272,"height":52,"caption":"El Diario - Decano de la prensa nacional"},"image":{"@id":"https:\/\/www.eldiario.net\/portal\/#\/schema\/logo\/image\/"},"sameAs":["https:\/\/www.facebook.com\/eldiario.bolivia\/","https:\/\/x.com\/eldiario_net"]},{"@type":"Person","@id":"https:\/\/www.eldiario.net\/portal\/#\/schema\/person\/f46445640444750d7d753ccd04ae01b7","name":"Jeanette","image":{"@type":"ImageObject","inLanguage":"es","@id":"https:\/\/secure.gravatar.com\/avatar\/3ea2118a5f7dad2b7138b1187a6b7ee55f160b9968b66013c3a3ef39dd7e5798?s=96&d=mm&r=g","url":"https:\/\/secure.gravatar.com\/avatar\/3ea2118a5f7dad2b7138b1187a6b7ee55f160b9968b66013c3a3ef39dd7e5798?s=96&d=mm&r=g","contentUrl":"https:\/\/secure.gravatar.com\/avatar\/3ea2118a5f7dad2b7138b1187a6b7ee55f160b9968b66013c3a3ef39dd7e5798?s=96&d=mm&r=g","caption":"Jeanette"},"sameAs":["https:\/\/www.eldiario.net\/portal"],"url":"https:\/\/www.eldiario.net\/portal\/author\/jeanette\/"}]}},"_links":{"self":[{"href":"https:\/\/www.eldiario.net\/portal\/wp-json\/wp\/v2\/posts\/224101","targetHints":{"allow":["GET"]}}],"collection":[{"href":"https:\/\/www.eldiario.net\/portal\/wp-json\/wp\/v2\/posts"}],"about":[{"href":"https:\/\/www.eldiario.net\/portal\/wp-json\/wp\/v2\/types\/post"}],"author":[{"embeddable":true,"href":"https:\/\/www.eldiario.net\/portal\/wp-json\/wp\/v2\/users\/1"}],"replies":[{"embeddable":true,"href":"https:\/\/www.eldiario.net\/portal\/wp-json\/wp\/v2\/comments?post=224101"}],"version-history":[{"count":1,"href":"https:\/\/www.eldiario.net\/portal\/wp-json\/wp\/v2\/posts\/224101\/revisions"}],"predecessor-version":[{"id":224106,"href":"https:\/\/www.eldiario.net\/portal\/wp-json\/wp\/v2\/posts\/224101\/revisions\/224106"}],"wp:featuredmedia":[{"embeddable":true,"href":"https:\/\/www.eldiario.net\/portal\/wp-json\/wp\/v2\/media\/224102"}],"wp:attachment":[{"href":"https:\/\/www.eldiario.net\/portal\/wp-json\/wp\/v2\/media?parent=224101"}],"wp:term":[{"taxonomy":"category","embeddable":true,"href":"https:\/\/www.eldiario.net\/portal\/wp-json\/wp\/v2\/categories?post=224101"},{"taxonomy":"post_tag","embeddable":true,"href":"https:\/\/www.eldiario.net\/portal\/wp-json\/wp\/v2\/tags?post=224101"}],"curies":[{"name":"wp","href":"https:\/\/api.w.org\/{rel}","templated":true}]}}