{"id":224095,"date":"2024-05-31T07:57:10","date_gmt":"2024-05-31T11:57:10","guid":{"rendered":"https:\/\/www.eldiario.net\/portal\/?p=224095"},"modified":"2024-05-31T07:57:10","modified_gmt":"2024-05-31T11:57:10","slug":"ruta-caquiaviri-castrillo-va-por-el-triunfo-y-liderato-departamental","status":"publish","type":"post","link":"https:\/\/www.eldiario.net\/portal\/2024\/05\/31\/ruta-caquiaviri-castrillo-va-por-el-triunfo-y-liderato-departamental\/","title":{"rendered":"RUTA CAQUIAVIRI: Castrillo va por el  triunfo y liderato  departamental"},"content":{"rendered":"<p>La competencia departamental de automovilismo \u201cRuta Caquiaviri\u201d se correr\u00e1 este fin de semana y Rolando Castrillo ha confirmado su presencia para estar en el podio de los mejores.<br \/>\nAyer por la ma\u00f1ana fue presentada la competencia que se correr\u00e1 en homenaje al hijo pr\u00f3digo de Caquiaviri como es \u201cC\u00e9sar Salinas Sinka\u201d, en un acto donde estuvieron los dirigentes de AMADEA as\u00ed como los familiares del ilustre exdirigente del f\u00fatbol y empresario.<br \/>\nCastrillo confirm\u00f3 su presencia en la prueba departamental, con un solo objetivo, ganar la misma.<br \/>\nEl lungo piloto representante de Amalie y Sica Sica aclar\u00f3 que si participa es para ganar no le gusta s\u00f3lo participar, \u201cqueremos estar en la punta, mi objetivo es ese, hemos ganado muchas carreras, es dif\u00edcil dejar el primer lugar\u201d.<br \/>\nEl piloto har\u00e1 la hora de ruta este viernes junto a Rodrigo Az\u00faa<br \/>\n\u201cSe que es bastante veloz, la segunda etapa no la conocemos bien, este viernes har\u00e9 la hoja de ruta con Rodrigo Az\u00faa, la idea es ganar esta competencia y mantenernos en el primer lugar\u201d.<br \/>\nEn la competencia se disputar\u00e1 puntaje del calendario de Amadea y departamental, por lo que su objetivo es mantener la diferencia sobre sus escoltas, y \u201cDios mediante pelear un campeonato m\u00e1s para nuestros logros\u201d.<br \/>\nPor el momento ha decidido no correr a nivel nacional las competencias, salvo la de La Paz, \u201chemos hecho un par\u00e9ntesis, pero vemos que la mayor\u00eda est\u00e1 corriendo con un EVO 10, vamos a ver para el pr\u00f3ximo a\u00f1o si adquirimos un auto de esas caracter\u00edsticas, porque ir con un EVO 9 es dar mucha ventaja\u201d.<br \/>\nNo estar\u00e1 en el circuito Oscar Crespo porque no la dan los tiempos por el trabajo, \u201chemos hecho historia al ganar en dos categor\u00edas y en sus bodas de oro, es un lindo recuerdo, adem\u00e1s son siete las competencias que hemos ganado en Sucre, el a\u00f1o pasado no pude por fallas en la bomba\u201d.<br \/>\nA\u00fan no tiene fecha de retiro porque ama el automovilismo, \u201cya llegar\u00e1 el momento de solo apoyar a mis hijos, por el momento estamos corriendo con gusto\u201d.<br \/>\nCastrillo agradeci\u00f3 el apoyo de sus auspiciadores, como es el caso de Aceites Amalie, Vidcla, Sal\u00f3n de eventos RC, Saga Sport, Oshin y su navegante Rodrigo Az\u00faa, \u201cel esfuerzo va por ellos y la familia\u201d, resalt\u00f3.<br \/>\n(EL DIARIO)<\/p>\n","protected":false},"excerpt":{"rendered":"<p>La competencia departamental de automovilismo \u201cRuta Caquiaviri\u201d se correr\u00e1 este fin de semana y Rolando Castrillo ha confirmado su presencia para estar en el podio de los mejores. Ayer por la ma\u00f1ana fue presentada la competencia que se correr\u00e1 en homenaje al hijo pr\u00f3digo de Caquiaviri como es \u201cC\u00e9sar Salinas Sinka\u201d, en un acto donde [&hellip;]<\/p>\n","protected":false},"author":1,"featured_media":224096,"comment_status":"open","ping_status":"open","sticky":false,"template":"","format":"standard","meta":{"_acf_changed":false,"footnotes":""},"categories":[6],"tags":[],"class_list":["post-224095","post","type-post","status-publish","format-standard","has-post-thumbnail","category-deportes"],"acf":{"antetitulo":""},"yoast_head":"<!-- This site is optimized with the Yoast SEO plugin v28.4 - https:\/\/yoast.com\/product\/yoast-seo-wordpress\/ -->\n<title>RUTA CAQUIAVIRI: Castrillo va por el triunfo y liderato departamental - El Diario - Bolivia<\/title>\n<meta name=\"robots\" content=\"index, follow, max-snippet:-1, max-image-preview:large, max-video-preview:-1\" \/>\n<link rel=\"canonical\" href=\"https:\/\/www.eldiario.net\/portal\/2024\/05\/31\/ruta-caquiaviri-castrillo-va-por-el-triunfo-y-liderato-departamental\/\" \/>\n<meta property=\"og:locale\" content=\"es_ES\" \/>\n<meta property=\"og:type\" content=\"article\" \/>\n<meta property=\"og:title\" content=\"RUTA CAQUIAVIRI: Castrillo va por el triunfo y liderato departamental - El Diario - Bolivia\" \/>\n<meta property=\"og:description\" content=\"La competencia departamental de automovilismo \u201cRuta Caquiaviri\u201d se correr\u00e1 este fin de semana y Rolando Castrillo ha confirmado su presencia para estar en el podio de los mejores. Ayer por la ma\u00f1ana fue presentada la competencia que se correr\u00e1 en homenaje al hijo pr\u00f3digo de Caquiaviri como es \u201cC\u00e9sar Salinas Sinka\u201d, en un acto donde [&hellip;]\" \/>\n<meta property=\"og:url\" content=\"https:\/\/www.eldiario.net\/portal\/2024\/05\/31\/ruta-caquiaviri-castrillo-va-por-el-triunfo-y-liderato-departamental\/\" \/>\n<meta property=\"og:site_name\" content=\"El Diario - Bolivia\" \/>\n<meta property=\"article:publisher\" content=\"https:\/\/www.facebook.com\/eldiario.bolivia\/\" \/>\n<meta property=\"article:published_time\" content=\"2024-05-31T11:57:10+00:00\" \/>\n<meta property=\"og:image\" content=\"https:\/\/www.eldiario.net\/portal\/wp-content\/uploads\/2024\/05\/FOTO-71-.jpg\" \/>\n\t<meta property=\"og:image:width\" content=\"1200\" \/>\n\t<meta property=\"og:image:height\" content=\"900\" \/>\n\t<meta property=\"og:image:type\" content=\"image\/jpeg\" \/>\n<meta name=\"author\" content=\"Jeanette\" \/>\n<meta name=\"twitter:card\" content=\"summary_large_image\" \/>\n<meta name=\"twitter:creator\" content=\"@eldiario_net\" \/>\n<meta name=\"twitter:site\" content=\"@eldiario_net\" \/>\n<meta name=\"twitter:label1\" content=\"Escrito por\" \/>\n\t<meta name=\"twitter:data1\" content=\"Jeanette\" \/>\n\t<meta name=\"twitter:label2\" content=\"Tiempo de lectura\" \/>\n\t<meta name=\"twitter:data2\" content=\"2 minutos\" \/>\n<script type=\"application\/ld+json\" class=\"yoast-schema-graph\">{\"@context\":\"https:\\\/\\\/schema.org\",\"@graph\":[{\"@type\":\"Article\",\"@id\":\"https:\\\/\\\/www.eldiario.net\\\/portal\\\/2024\\\/05\\\/31\\\/ruta-caquiaviri-castrillo-va-por-el-triunfo-y-liderato-departamental\\\/#article\",\"isPartOf\":{\"@id\":\"https:\\\/\\\/www.eldiario.net\\\/portal\\\/2024\\\/05\\\/31\\\/ruta-caquiaviri-castrillo-va-por-el-triunfo-y-liderato-departamental\\\/\"},\"author\":{\"name\":\"Jeanette\",\"@id\":\"https:\\\/\\\/www.eldiario.net\\\/portal\\\/#\\\/schema\\\/person\\\/f46445640444750d7d753ccd04ae01b7\"},\"headline\":\"RUTA CAQUIAVIRI: Castrillo va por el triunfo y liderato departamental\",\"datePublished\":\"2024-05-31T11:57:10+00:00\",\"mainEntityOfPage\":{\"@id\":\"https:\\\/\\\/www.eldiario.net\\\/portal\\\/2024\\\/05\\\/31\\\/ruta-caquiaviri-castrillo-va-por-el-triunfo-y-liderato-departamental\\\/\"},\"wordCount\":410,\"commentCount\":0,\"publisher\":{\"@id\":\"https:\\\/\\\/www.eldiario.net\\\/portal\\\/#organization\"},\"image\":{\"@id\":\"https:\\\/\\\/www.eldiario.net\\\/portal\\\/2024\\\/05\\\/31\\\/ruta-caquiaviri-castrillo-va-por-el-triunfo-y-liderato-departamental\\\/#primaryimage\"},\"thumbnailUrl\":\"https:\\\/\\\/www.eldiario.net\\\/portal\\\/wp-content\\\/uploads\\\/2024\\\/05\\\/FOTO-71-.jpg\",\"articleSection\":[\"Deportes\"],\"inLanguage\":\"es\",\"potentialAction\":[{\"@type\":\"CommentAction\",\"name\":\"Comment\",\"target\":[\"https:\\\/\\\/www.eldiario.net\\\/portal\\\/2024\\\/05\\\/31\\\/ruta-caquiaviri-castrillo-va-por-el-triunfo-y-liderato-departamental\\\/#respond\"]}]},{\"@type\":\"WebPage\",\"@id\":\"https:\\\/\\\/www.eldiario.net\\\/portal\\\/2024\\\/05\\\/31\\\/ruta-caquiaviri-castrillo-va-por-el-triunfo-y-liderato-departamental\\\/\",\"url\":\"https:\\\/\\\/www.eldiario.net\\\/portal\\\/2024\\\/05\\\/31\\\/ruta-caquiaviri-castrillo-va-por-el-triunfo-y-liderato-departamental\\\/\",\"name\":\"RUTA CAQUIAVIRI: Castrillo va por el triunfo y liderato departamental - El Diario - Bolivia\",\"isPartOf\":{\"@id\":\"https:\\\/\\\/www.eldiario.net\\\/portal\\\/#website\"},\"primaryImageOfPage\":{\"@id\":\"https:\\\/\\\/www.eldiario.net\\\/portal\\\/2024\\\/05\\\/31\\\/ruta-caquiaviri-castrillo-va-por-el-triunfo-y-liderato-departamental\\\/#primaryimage\"},\"image\":{\"@id\":\"https:\\\/\\\/www.eldiario.net\\\/portal\\\/2024\\\/05\\\/31\\\/ruta-caquiaviri-castrillo-va-por-el-triunfo-y-liderato-departamental\\\/#primaryimage\"},\"thumbnailUrl\":\"https:\\\/\\\/www.eldiario.net\\\/portal\\\/wp-content\\\/uploads\\\/2024\\\/05\\\/FOTO-71-.jpg\",\"datePublished\":\"2024-05-31T11:57:10+00:00\",\"breadcrumb\":{\"@id\":\"https:\\\/\\\/www.eldiario.net\\\/portal\\\/2024\\\/05\\\/31\\\/ruta-caquiaviri-castrillo-va-por-el-triunfo-y-liderato-departamental\\\/#breadcrumb\"},\"inLanguage\":\"es\",\"potentialAction\":[{\"@type\":\"ReadAction\",\"target\":[\"https:\\\/\\\/www.eldiario.net\\\/portal\\\/2024\\\/05\\\/31\\\/ruta-caquiaviri-castrillo-va-por-el-triunfo-y-liderato-departamental\\\/\"]}]},{\"@type\":\"ImageObject\",\"inLanguage\":\"es\",\"@id\":\"https:\\\/\\\/www.eldiario.net\\\/portal\\\/2024\\\/05\\\/31\\\/ruta-caquiaviri-castrillo-va-por-el-triunfo-y-liderato-departamental\\\/#primaryimage\",\"url\":\"https:\\\/\\\/www.eldiario.net\\\/portal\\\/wp-content\\\/uploads\\\/2024\\\/05\\\/FOTO-71-.jpg\",\"contentUrl\":\"https:\\\/\\\/www.eldiario.net\\\/portal\\\/wp-content\\\/uploads\\\/2024\\\/05\\\/FOTO-71-.jpg\",\"width\":1200,\"height\":900},{\"@type\":\"BreadcrumbList\",\"@id\":\"https:\\\/\\\/www.eldiario.net\\\/portal\\\/2024\\\/05\\\/31\\\/ruta-caquiaviri-castrillo-va-por-el-triunfo-y-liderato-departamental\\\/#breadcrumb\",\"itemListElement\":[{\"@type\":\"ListItem\",\"position\":1,\"name\":\"Portada\",\"item\":\"https:\\\/\\\/www.eldiario.net\\\/portal\\\/\"},{\"@type\":\"ListItem\",\"position\":2,\"name\":\"RUTA CAQUIAVIRI: Castrillo va por el triunfo y liderato departamental\"}]},{\"@type\":\"WebSite\",\"@id\":\"https:\\\/\\\/www.eldiario.net\\\/portal\\\/#website\",\"url\":\"https:\\\/\\\/www.eldiario.net\\\/portal\\\/\",\"name\":\"El Diario - Decano de la prensa nacional\",\"description\":\"El Diario - Decano de la prensa nacional\",\"publisher\":{\"@id\":\"https:\\\/\\\/www.eldiario.net\\\/portal\\\/#organization\"},\"potentialAction\":[{\"@type\":\"SearchAction\",\"target\":{\"@type\":\"EntryPoint\",\"urlTemplate\":\"https:\\\/\\\/www.eldiario.net\\\/portal\\\/?s={search_term_string}\"},\"query-input\":{\"@type\":\"PropertyValueSpecification\",\"valueRequired\":true,\"valueName\":\"search_term_string\"}}],\"inLanguage\":\"es\"},{\"@type\":\"Organization\",\"@id\":\"https:\\\/\\\/www.eldiario.net\\\/portal\\\/#organization\",\"name\":\"El Diario - Decano de la prensa nacional\",\"url\":\"https:\\\/\\\/www.eldiario.net\\\/portal\\\/\",\"logo\":{\"@type\":\"ImageObject\",\"inLanguage\":\"es\",\"@id\":\"https:\\\/\\\/www.eldiario.net\\\/portal\\\/#\\\/schema\\\/logo\\\/image\\\/\",\"url\":\"https:\\\/\\\/www.eldiario.net\\\/portal\\\/wp-content\\\/uploads\\\/2023\\\/07\\\/logo_ED.jpg\",\"contentUrl\":\"https:\\\/\\\/www.eldiario.net\\\/portal\\\/wp-content\\\/uploads\\\/2023\\\/07\\\/logo_ED.jpg\",\"width\":272,\"height\":52,\"caption\":\"El Diario - Decano de la prensa nacional\"},\"image\":{\"@id\":\"https:\\\/\\\/www.eldiario.net\\\/portal\\\/#\\\/schema\\\/logo\\\/image\\\/\"},\"sameAs\":[\"https:\\\/\\\/www.facebook.com\\\/eldiario.bolivia\\\/\",\"https:\\\/\\\/x.com\\\/eldiario_net\"]},{\"@type\":\"Person\",\"@id\":\"https:\\\/\\\/www.eldiario.net\\\/portal\\\/#\\\/schema\\\/person\\\/f46445640444750d7d753ccd04ae01b7\",\"name\":\"Jeanette\",\"image\":{\"@type\":\"ImageObject\",\"inLanguage\":\"es\",\"@id\":\"https:\\\/\\\/secure.gravatar.com\\\/avatar\\\/3ea2118a5f7dad2b7138b1187a6b7ee55f160b9968b66013c3a3ef39dd7e5798?s=96&d=mm&r=g\",\"url\":\"https:\\\/\\\/secure.gravatar.com\\\/avatar\\\/3ea2118a5f7dad2b7138b1187a6b7ee55f160b9968b66013c3a3ef39dd7e5798?s=96&d=mm&r=g\",\"contentUrl\":\"https:\\\/\\\/secure.gravatar.com\\\/avatar\\\/3ea2118a5f7dad2b7138b1187a6b7ee55f160b9968b66013c3a3ef39dd7e5798?s=96&d=mm&r=g\",\"caption\":\"Jeanette\"},\"sameAs\":[\"https:\\\/\\\/www.eldiario.net\\\/portal\"],\"url\":\"https:\\\/\\\/www.eldiario.net\\\/portal\\\/author\\\/jeanette\\\/\"}]}<\/script>\n<!-- \/ Yoast SEO plugin. -->","yoast_head_json":{"title":"RUTA CAQUIAVIRI: Castrillo va por el triunfo y liderato departamental - El Diario - Bolivia","robots":{"index":"index","follow":"follow","max-snippet":"max-snippet:-1","max-image-preview":"max-image-preview:large","max-video-preview":"max-video-preview:-1"},"canonical":"https:\/\/www.eldiario.net\/portal\/2024\/05\/31\/ruta-caquiaviri-castrillo-va-por-el-triunfo-y-liderato-departamental\/","og_locale":"es_ES","og_type":"article","og_title":"RUTA CAQUIAVIRI: Castrillo va por el triunfo y liderato departamental - El Diario - Bolivia","og_description":"La competencia departamental de automovilismo \u201cRuta Caquiaviri\u201d se correr\u00e1 este fin de semana y Rolando Castrillo ha confirmado su presencia para estar en el podio de los mejores. Ayer por la ma\u00f1ana fue presentada la competencia que se correr\u00e1 en homenaje al hijo pr\u00f3digo de Caquiaviri como es \u201cC\u00e9sar Salinas Sinka\u201d, en un acto donde [&hellip;]","og_url":"https:\/\/www.eldiario.net\/portal\/2024\/05\/31\/ruta-caquiaviri-castrillo-va-por-el-triunfo-y-liderato-departamental\/","og_site_name":"El Diario - Bolivia","article_publisher":"https:\/\/www.facebook.com\/eldiario.bolivia\/","article_published_time":"2024-05-31T11:57:10+00:00","og_image":[{"width":1200,"height":900,"url":"https:\/\/www.eldiario.net\/portal\/wp-content\/uploads\/2024\/05\/FOTO-71-.jpg","type":"image\/jpeg"}],"author":"Jeanette","twitter_card":"summary_large_image","twitter_creator":"@eldiario_net","twitter_site":"@eldiario_net","twitter_misc":{"Escrito por":"Jeanette","Tiempo de lectura":"2 minutos"},"schema":{"@context":"https:\/\/schema.org","@graph":[{"@type":"Article","@id":"https:\/\/www.eldiario.net\/portal\/2024\/05\/31\/ruta-caquiaviri-castrillo-va-por-el-triunfo-y-liderato-departamental\/#article","isPartOf":{"@id":"https:\/\/www.eldiario.net\/portal\/2024\/05\/31\/ruta-caquiaviri-castrillo-va-por-el-triunfo-y-liderato-departamental\/"},"author":{"name":"Jeanette","@id":"https:\/\/www.eldiario.net\/portal\/#\/schema\/person\/f46445640444750d7d753ccd04ae01b7"},"headline":"RUTA CAQUIAVIRI: Castrillo va por el triunfo y liderato departamental","datePublished":"2024-05-31T11:57:10+00:00","mainEntityOfPage":{"@id":"https:\/\/www.eldiario.net\/portal\/2024\/05\/31\/ruta-caquiaviri-castrillo-va-por-el-triunfo-y-liderato-departamental\/"},"wordCount":410,"commentCount":0,"publisher":{"@id":"https:\/\/www.eldiario.net\/portal\/#organization"},"image":{"@id":"https:\/\/www.eldiario.net\/portal\/2024\/05\/31\/ruta-caquiaviri-castrillo-va-por-el-triunfo-y-liderato-departamental\/#primaryimage"},"thumbnailUrl":"https:\/\/www.eldiario.net\/portal\/wp-content\/uploads\/2024\/05\/FOTO-71-.jpg","articleSection":["Deportes"],"inLanguage":"es","potentialAction":[{"@type":"CommentAction","name":"Comment","target":["https:\/\/www.eldiario.net\/portal\/2024\/05\/31\/ruta-caquiaviri-castrillo-va-por-el-triunfo-y-liderato-departamental\/#respond"]}]},{"@type":"WebPage","@id":"https:\/\/www.eldiario.net\/portal\/2024\/05\/31\/ruta-caquiaviri-castrillo-va-por-el-triunfo-y-liderato-departamental\/","url":"https:\/\/www.eldiario.net\/portal\/2024\/05\/31\/ruta-caquiaviri-castrillo-va-por-el-triunfo-y-liderato-departamental\/","name":"RUTA CAQUIAVIRI: Castrillo va por el triunfo y liderato departamental - El Diario - Bolivia","isPartOf":{"@id":"https:\/\/www.eldiario.net\/portal\/#website"},"primaryImageOfPage":{"@id":"https:\/\/www.eldiario.net\/portal\/2024\/05\/31\/ruta-caquiaviri-castrillo-va-por-el-triunfo-y-liderato-departamental\/#primaryimage"},"image":{"@id":"https:\/\/www.eldiario.net\/portal\/2024\/05\/31\/ruta-caquiaviri-castrillo-va-por-el-triunfo-y-liderato-departamental\/#primaryimage"},"thumbnailUrl":"https:\/\/www.eldiario.net\/portal\/wp-content\/uploads\/2024\/05\/FOTO-71-.jpg","datePublished":"2024-05-31T11:57:10+00:00","breadcrumb":{"@id":"https:\/\/www.eldiario.net\/portal\/2024\/05\/31\/ruta-caquiaviri-castrillo-va-por-el-triunfo-y-liderato-departamental\/#breadcrumb"},"inLanguage":"es","potentialAction":[{"@type":"ReadAction","target":["https:\/\/www.eldiario.net\/portal\/2024\/05\/31\/ruta-caquiaviri-castrillo-va-por-el-triunfo-y-liderato-departamental\/"]}]},{"@type":"ImageObject","inLanguage":"es","@id":"https:\/\/www.eldiario.net\/portal\/2024\/05\/31\/ruta-caquiaviri-castrillo-va-por-el-triunfo-y-liderato-departamental\/#primaryimage","url":"https:\/\/www.eldiario.net\/portal\/wp-content\/uploads\/2024\/05\/FOTO-71-.jpg","contentUrl":"https:\/\/www.eldiario.net\/portal\/wp-content\/uploads\/2024\/05\/FOTO-71-.jpg","width":1200,"height":900},{"@type":"BreadcrumbList","@id":"https:\/\/www.eldiario.net\/portal\/2024\/05\/31\/ruta-caquiaviri-castrillo-va-por-el-triunfo-y-liderato-departamental\/#breadcrumb","itemListElement":[{"@type":"ListItem","position":1,"name":"Portada","item":"https:\/\/www.eldiario.net\/portal\/"},{"@type":"ListItem","position":2,"name":"RUTA CAQUIAVIRI: Castrillo va por el triunfo y liderato departamental"}]},{"@type":"WebSite","@id":"https:\/\/www.eldiario.net\/portal\/#website","url":"https:\/\/www.eldiario.net\/portal\/","name":"El Diario - Decano de la prensa nacional","description":"El Diario - Decano de la prensa nacional","publisher":{"@id":"https:\/\/www.eldiario.net\/portal\/#organization"},"potentialAction":[{"@type":"SearchAction","target":{"@type":"EntryPoint","urlTemplate":"https:\/\/www.eldiario.net\/portal\/?s={search_term_string}"},"query-input":{"@type":"PropertyValueSpecification","valueRequired":true,"valueName":"search_term_string"}}],"inLanguage":"es"},{"@type":"Organization","@id":"https:\/\/www.eldiario.net\/portal\/#organization","name":"El Diario - Decano de la prensa nacional","url":"https:\/\/www.eldiario.net\/portal\/","logo":{"@type":"ImageObject","inLanguage":"es","@id":"https:\/\/www.eldiario.net\/portal\/#\/schema\/logo\/image\/","url":"https:\/\/www.eldiario.net\/portal\/wp-content\/uploads\/2023\/07\/logo_ED.jpg","contentUrl":"https:\/\/www.eldiario.net\/portal\/wp-content\/uploads\/2023\/07\/logo_ED.jpg","width":272,"height":52,"caption":"El Diario - Decano de la prensa nacional"},"image":{"@id":"https:\/\/www.eldiario.net\/portal\/#\/schema\/logo\/image\/"},"sameAs":["https:\/\/www.facebook.com\/eldiario.bolivia\/","https:\/\/x.com\/eldiario_net"]},{"@type":"Person","@id":"https:\/\/www.eldiario.net\/portal\/#\/schema\/person\/f46445640444750d7d753ccd04ae01b7","name":"Jeanette","image":{"@type":"ImageObject","inLanguage":"es","@id":"https:\/\/secure.gravatar.com\/avatar\/3ea2118a5f7dad2b7138b1187a6b7ee55f160b9968b66013c3a3ef39dd7e5798?s=96&d=mm&r=g","url":"https:\/\/secure.gravatar.com\/avatar\/3ea2118a5f7dad2b7138b1187a6b7ee55f160b9968b66013c3a3ef39dd7e5798?s=96&d=mm&r=g","contentUrl":"https:\/\/secure.gravatar.com\/avatar\/3ea2118a5f7dad2b7138b1187a6b7ee55f160b9968b66013c3a3ef39dd7e5798?s=96&d=mm&r=g","caption":"Jeanette"},"sameAs":["https:\/\/www.eldiario.net\/portal"],"url":"https:\/\/www.eldiario.net\/portal\/author\/jeanette\/"}]}},"_links":{"self":[{"href":"https:\/\/www.eldiario.net\/portal\/wp-json\/wp\/v2\/posts\/224095","targetHints":{"allow":["GET"]}}],"collection":[{"href":"https:\/\/www.eldiario.net\/portal\/wp-json\/wp\/v2\/posts"}],"about":[{"href":"https:\/\/www.eldiario.net\/portal\/wp-json\/wp\/v2\/types\/post"}],"author":[{"embeddable":true,"href":"https:\/\/www.eldiario.net\/portal\/wp-json\/wp\/v2\/users\/1"}],"replies":[{"embeddable":true,"href":"https:\/\/www.eldiario.net\/portal\/wp-json\/wp\/v2\/comments?post=224095"}],"version-history":[{"count":1,"href":"https:\/\/www.eldiario.net\/portal\/wp-json\/wp\/v2\/posts\/224095\/revisions"}],"predecessor-version":[{"id":224097,"href":"https:\/\/www.eldiario.net\/portal\/wp-json\/wp\/v2\/posts\/224095\/revisions\/224097"}],"wp:featuredmedia":[{"embeddable":true,"href":"https:\/\/www.eldiario.net\/portal\/wp-json\/wp\/v2\/media\/224096"}],"wp:attachment":[{"href":"https:\/\/www.eldiario.net\/portal\/wp-json\/wp\/v2\/media?parent=224095"}],"wp:term":[{"taxonomy":"category","embeddable":true,"href":"https:\/\/www.eldiario.net\/portal\/wp-json\/wp\/v2\/categories?post=224095"},{"taxonomy":"post_tag","embeddable":true,"href":"https:\/\/www.eldiario.net\/portal\/wp-json\/wp\/v2\/tags?post=224095"}],"curies":[{"name":"wp","href":"https:\/\/api.w.org\/{rel}","templated":true}]}}