{"id":224080,"date":"2024-05-31T07:52:40","date_gmt":"2024-05-31T11:52:40","guid":{"rendered":"https:\/\/www.eldiario.net\/portal\/?p=224080"},"modified":"2024-05-31T07:52:40","modified_gmt":"2024-05-31T11:52:40","slug":"avasalladores-vuelven-a-la-zona-de-los-acuiferos","status":"publish","type":"post","link":"https:\/\/www.eldiario.net\/portal\/2024\/05\/31\/avasalladores-vuelven-a-la-zona-de-los-acuiferos\/","title":{"rendered":"Avasalladores vuelven a  la zona de los acu\u00edferos"},"content":{"rendered":"<p>En junio vence el plazo de la pausa ambiental administrativa, declarada por la Gobernaci\u00f3n cruce\u00f1a, en la zona de infiltraci\u00f3n para los acu\u00edferos de la ciudad de Santa Cruz de la Sierra \u2013sector de Palmasola\u2013 y los avasalladores nuevamente invadieron estos predios, seg\u00fan corrobor\u00f3 una comisi\u00f3n de autoridades y especialistas que hicieron la inspecci\u00f3n en la zona.<br \/>\nLa concejala Lola Terrazas fue quien coordin\u00f3 la inspecci\u00f3n y denunci\u00f3 que la pausa ambiental no fue respetada porque se encontraron construcciones ilegales en la zona de los acu\u00edferos.<br \/>\n\u201cRellenaron el curso natural de las aguas (para hacer construcciones) y cuando la pausa ambiental est\u00e1 concluyendo hay amenazas de nuevos asentamientos en la zona de los acu\u00edferos\u201d, dijo Terrazas en un contacto con El Deber y agreg\u00f3 que se solicitar\u00e1 a la Gobernaci\u00f3n cruce\u00f1a que se ampl\u00ede la pausa ambiental hasta que haya una soluci\u00f3n t\u00e9cnica.<br \/>\nTerrazas tambi\u00e9n observ\u00f3 que la justicia no profundiz\u00f3 dar con los autores intelectuales de estos avasallamientos que ponen en riesgo el aprovisionamiento de agua para la capital cruce\u00f1a.<br \/>\nSeg\u00fan se corrobor\u00f3 en el lugar hab\u00eda personas que trasladaban materiales de construcci\u00f3n para levantar un enmallado.<br \/>\nPor otro lado, Dami\u00e1n Vaca, experto en temas ambientales y director de la Red Biodiversidad, indic\u00f3 que a la par de estas actividades tambi\u00e9n reiniciaron obras municipales en las calles.<br \/>\nAgreg\u00f3 que el agua que consume Santa Cruz de la Sierra se infiltra en este punto, que adem\u00e1s tiene conectividad con las Unidades de Conservaci\u00f3n de Patrimonio Natural (UCPN), Parque Lomas de Arena y G\u00fcend\u00e1 Urub\u00f3.<br \/>\nVaca explic\u00f3 que la pausa ambiental paraliza toda actividad en la zona, como la construcci\u00f3n de calles, viviendas y asentamientos humanos.<br \/>\nEn la inspecci\u00f3n pudo evidenciarse que las lagunas est\u00e1n sec\u00e1ndose, con ayuda de los desv\u00edos que hicieron los avasalladores en una anterior incursi\u00f3n, en 2022, que desat\u00f3 la violencia.<br \/>\nEn diciembre del a\u00f1o pasado, a trav\u00e9s de una resoluci\u00f3n departamental, la Gobernaci\u00f3n de Santa Cruz ampli\u00f3 la pausa ambiental en zona de los acu\u00edferos.<br \/>\n\u201cAmpliar la pausa ambiental con la finalidad de establecer las acciones y criterios t\u00e9cnicos a implementarse y se d\u00e9 estricto cumplimiento con la presentaci\u00f3n de la informaci\u00f3n y documentaci\u00f3n faltante requerida en la Resoluci\u00f3n Administrativa 014\/2022 de fecha 5 de diciembre de 2022, referente a la pausa administrativa ambiental para la otorgaci\u00f3n de licencias ambientales a toda actividad, obra o proyecto que conlleve asentamientos humanos que conllevar\u00eda a una posible afectaci\u00f3n y degradaci\u00f3n al medio ambiente\u201d, indicaba el documento.<br \/>\nEn la segunda parte del mismo art\u00edculo, detalla que la \u201campliaci\u00f3n de la pausa administrativa tendr\u00e1 una vigencia de seis meses, a partir de la promulgaci\u00f3n de la presente resoluci\u00f3n, con la finalidad de que los municipios de Santa Cruz de la Sierra y La Guardia presenten la informaci\u00f3n y documentaci\u00f3n faltante solicitada por la Autoridad Ambiental competente departamental\u201d. (El Deber)<\/p>\n","protected":false},"excerpt":{"rendered":"<p>En junio vence el plazo de la pausa ambiental administrativa, declarada por la Gobernaci\u00f3n cruce\u00f1a, en la zona de infiltraci\u00f3n para los acu\u00edferos de la ciudad de Santa Cruz de la Sierra \u2013sector de Palmasola\u2013 y los avasalladores nuevamente invadieron estos predios, seg\u00fan corrobor\u00f3 una comisi\u00f3n de autoridades y especialistas que hicieron la inspecci\u00f3n en [&hellip;]<\/p>\n","protected":false},"author":1,"featured_media":224081,"comment_status":"open","ping_status":"open","sticky":false,"template":"","format":"standard","meta":{"_acf_changed":false,"footnotes":""},"categories":[12],"tags":[],"class_list":["post-224080","post","type-post","status-publish","format-standard","has-post-thumbnail","category-nacional"],"acf":{"antetitulo":"Santa Cruz"},"yoast_head":"<!-- This site is optimized with the Yoast SEO plugin v28.4 - https:\/\/yoast.com\/product\/yoast-seo-wordpress\/ -->\n<title>Avasalladores vuelven a la zona de los acu\u00edferos - El Diario - Bolivia<\/title>\n<meta name=\"robots\" content=\"index, follow, max-snippet:-1, max-image-preview:large, max-video-preview:-1\" \/>\n<link rel=\"canonical\" href=\"https:\/\/www.eldiario.net\/portal\/2024\/05\/31\/avasalladores-vuelven-a-la-zona-de-los-acuiferos\/\" \/>\n<meta property=\"og:locale\" content=\"es_ES\" \/>\n<meta property=\"og:type\" content=\"article\" \/>\n<meta property=\"og:title\" content=\"Avasalladores vuelven a la zona de los acu\u00edferos - El Diario - Bolivia\" \/>\n<meta property=\"og:description\" content=\"En junio vence el plazo de la pausa ambiental administrativa, declarada por la Gobernaci\u00f3n cruce\u00f1a, en la zona de infiltraci\u00f3n para los acu\u00edferos de la ciudad de Santa Cruz de la Sierra \u2013sector de Palmasola\u2013 y los avasalladores nuevamente invadieron estos predios, seg\u00fan corrobor\u00f3 una comisi\u00f3n de autoridades y especialistas que hicieron la inspecci\u00f3n en [&hellip;]\" \/>\n<meta property=\"og:url\" content=\"https:\/\/www.eldiario.net\/portal\/2024\/05\/31\/avasalladores-vuelven-a-la-zona-de-los-acuiferos\/\" \/>\n<meta property=\"og:site_name\" content=\"El Diario - Bolivia\" \/>\n<meta property=\"article:publisher\" content=\"https:\/\/www.facebook.com\/eldiario.bolivia\/\" \/>\n<meta property=\"article:published_time\" content=\"2024-05-31T11:52:40+00:00\" \/>\n<meta property=\"og:image\" content=\"https:\/\/www.eldiario.net\/portal\/wp-content\/uploads\/2024\/05\/PREDIOS-COLOR.jpg\" \/>\n\t<meta property=\"og:image:width\" content=\"763\" \/>\n\t<meta property=\"og:image:height\" content=\"411\" \/>\n\t<meta property=\"og:image:type\" content=\"image\/jpeg\" \/>\n<meta name=\"author\" content=\"Jeanette\" \/>\n<meta name=\"twitter:card\" content=\"summary_large_image\" \/>\n<meta name=\"twitter:creator\" content=\"@eldiario_net\" \/>\n<meta name=\"twitter:site\" content=\"@eldiario_net\" \/>\n<meta name=\"twitter:label1\" content=\"Escrito por\" \/>\n\t<meta name=\"twitter:data1\" content=\"Jeanette\" \/>\n\t<meta name=\"twitter:label2\" content=\"Tiempo de lectura\" \/>\n\t<meta name=\"twitter:data2\" content=\"3 minutos\" \/>\n<script type=\"application\/ld+json\" class=\"yoast-schema-graph\">{\"@context\":\"https:\\\/\\\/schema.org\",\"@graph\":[{\"@type\":\"Article\",\"@id\":\"https:\\\/\\\/www.eldiario.net\\\/portal\\\/2024\\\/05\\\/31\\\/avasalladores-vuelven-a-la-zona-de-los-acuiferos\\\/#article\",\"isPartOf\":{\"@id\":\"https:\\\/\\\/www.eldiario.net\\\/portal\\\/2024\\\/05\\\/31\\\/avasalladores-vuelven-a-la-zona-de-los-acuiferos\\\/\"},\"author\":{\"name\":\"Jeanette\",\"@id\":\"https:\\\/\\\/www.eldiario.net\\\/portal\\\/#\\\/schema\\\/person\\\/2c57cf2b7a7ae032e449e4c9b1019eac\"},\"headline\":\"Avasalladores vuelven a la zona de los acu\u00edferos\",\"datePublished\":\"2024-05-31T11:52:40+00:00\",\"mainEntityOfPage\":{\"@id\":\"https:\\\/\\\/www.eldiario.net\\\/portal\\\/2024\\\/05\\\/31\\\/avasalladores-vuelven-a-la-zona-de-los-acuiferos\\\/\"},\"wordCount\":525,\"commentCount\":0,\"publisher\":{\"@id\":\"https:\\\/\\\/www.eldiario.net\\\/portal\\\/#organization\"},\"image\":{\"@id\":\"https:\\\/\\\/www.eldiario.net\\\/portal\\\/2024\\\/05\\\/31\\\/avasalladores-vuelven-a-la-zona-de-los-acuiferos\\\/#primaryimage\"},\"thumbnailUrl\":\"https:\\\/\\\/www.eldiario.net\\\/portal\\\/wp-content\\\/uploads\\\/2024\\\/05\\\/PREDIOS-COLOR.jpg\",\"articleSection\":[\"Nacional\"],\"inLanguage\":\"es\",\"potentialAction\":[{\"@type\":\"CommentAction\",\"name\":\"Comment\",\"target\":[\"https:\\\/\\\/www.eldiario.net\\\/portal\\\/2024\\\/05\\\/31\\\/avasalladores-vuelven-a-la-zona-de-los-acuiferos\\\/#respond\"]}]},{\"@type\":\"WebPage\",\"@id\":\"https:\\\/\\\/www.eldiario.net\\\/portal\\\/2024\\\/05\\\/31\\\/avasalladores-vuelven-a-la-zona-de-los-acuiferos\\\/\",\"url\":\"https:\\\/\\\/www.eldiario.net\\\/portal\\\/2024\\\/05\\\/31\\\/avasalladores-vuelven-a-la-zona-de-los-acuiferos\\\/\",\"name\":\"Avasalladores vuelven a la zona de los acu\u00edferos - El Diario - Bolivia\",\"isPartOf\":{\"@id\":\"https:\\\/\\\/www.eldiario.net\\\/portal\\\/#website\"},\"primaryImageOfPage\":{\"@id\":\"https:\\\/\\\/www.eldiario.net\\\/portal\\\/2024\\\/05\\\/31\\\/avasalladores-vuelven-a-la-zona-de-los-acuiferos\\\/#primaryimage\"},\"image\":{\"@id\":\"https:\\\/\\\/www.eldiario.net\\\/portal\\\/2024\\\/05\\\/31\\\/avasalladores-vuelven-a-la-zona-de-los-acuiferos\\\/#primaryimage\"},\"thumbnailUrl\":\"https:\\\/\\\/www.eldiario.net\\\/portal\\\/wp-content\\\/uploads\\\/2024\\\/05\\\/PREDIOS-COLOR.jpg\",\"datePublished\":\"2024-05-31T11:52:40+00:00\",\"breadcrumb\":{\"@id\":\"https:\\\/\\\/www.eldiario.net\\\/portal\\\/2024\\\/05\\\/31\\\/avasalladores-vuelven-a-la-zona-de-los-acuiferos\\\/#breadcrumb\"},\"inLanguage\":\"es\",\"potentialAction\":[{\"@type\":\"ReadAction\",\"target\":[\"https:\\\/\\\/www.eldiario.net\\\/portal\\\/2024\\\/05\\\/31\\\/avasalladores-vuelven-a-la-zona-de-los-acuiferos\\\/\"]}]},{\"@type\":\"ImageObject\",\"inLanguage\":\"es\",\"@id\":\"https:\\\/\\\/www.eldiario.net\\\/portal\\\/2024\\\/05\\\/31\\\/avasalladores-vuelven-a-la-zona-de-los-acuiferos\\\/#primaryimage\",\"url\":\"https:\\\/\\\/www.eldiario.net\\\/portal\\\/wp-content\\\/uploads\\\/2024\\\/05\\\/PREDIOS-COLOR.jpg\",\"contentUrl\":\"https:\\\/\\\/www.eldiario.net\\\/portal\\\/wp-content\\\/uploads\\\/2024\\\/05\\\/PREDIOS-COLOR.jpg\",\"width\":763,\"height\":411,\"caption\":\"LEVANTARON UN ALAMBRADO EN LA ZONA.\"},{\"@type\":\"BreadcrumbList\",\"@id\":\"https:\\\/\\\/www.eldiario.net\\\/portal\\\/2024\\\/05\\\/31\\\/avasalladores-vuelven-a-la-zona-de-los-acuiferos\\\/#breadcrumb\",\"itemListElement\":[{\"@type\":\"ListItem\",\"position\":1,\"name\":\"Portada\",\"item\":\"https:\\\/\\\/www.eldiario.net\\\/portal\\\/\"},{\"@type\":\"ListItem\",\"position\":2,\"name\":\"Avasalladores vuelven a la zona de los acu\u00edferos\"}]},{\"@type\":\"WebSite\",\"@id\":\"https:\\\/\\\/www.eldiario.net\\\/portal\\\/#website\",\"url\":\"https:\\\/\\\/www.eldiario.net\\\/portal\\\/\",\"name\":\"El Diario - Decano de la prensa nacional\",\"description\":\"El Diario - Decano de la prensa nacional\",\"publisher\":{\"@id\":\"https:\\\/\\\/www.eldiario.net\\\/portal\\\/#organization\"},\"potentialAction\":[{\"@type\":\"SearchAction\",\"target\":{\"@type\":\"EntryPoint\",\"urlTemplate\":\"https:\\\/\\\/www.eldiario.net\\\/portal\\\/?s={search_term_string}\"},\"query-input\":{\"@type\":\"PropertyValueSpecification\",\"valueRequired\":true,\"valueName\":\"search_term_string\"}}],\"inLanguage\":\"es\"},{\"@type\":\"Organization\",\"@id\":\"https:\\\/\\\/www.eldiario.net\\\/portal\\\/#organization\",\"name\":\"El Diario - Decano de la prensa nacional\",\"url\":\"https:\\\/\\\/www.eldiario.net\\\/portal\\\/\",\"logo\":{\"@type\":\"ImageObject\",\"inLanguage\":\"es\",\"@id\":\"https:\\\/\\\/www.eldiario.net\\\/portal\\\/#\\\/schema\\\/logo\\\/image\\\/\",\"url\":\"https:\\\/\\\/www.eldiario.net\\\/portal\\\/wp-content\\\/uploads\\\/2023\\\/07\\\/logo_ED.jpg\",\"contentUrl\":\"https:\\\/\\\/www.eldiario.net\\\/portal\\\/wp-content\\\/uploads\\\/2023\\\/07\\\/logo_ED.jpg\",\"width\":272,\"height\":52,\"caption\":\"El Diario - Decano de la prensa nacional\"},\"image\":{\"@id\":\"https:\\\/\\\/www.eldiario.net\\\/portal\\\/#\\\/schema\\\/logo\\\/image\\\/\"},\"sameAs\":[\"https:\\\/\\\/www.facebook.com\\\/eldiario.bolivia\\\/\",\"https:\\\/\\\/x.com\\\/eldiario_net\"]},{\"@type\":\"Person\",\"@id\":\"https:\\\/\\\/www.eldiario.net\\\/portal\\\/#\\\/schema\\\/person\\\/2c57cf2b7a7ae032e449e4c9b1019eac\",\"name\":\"Jeanette\",\"image\":{\"@type\":\"ImageObject\",\"inLanguage\":\"es\",\"@id\":\"https:\\\/\\\/secure.gravatar.com\\\/avatar\\\/3ea2118a5f7dad2b7138b1187a6b7ee55f160b9968b66013c3a3ef39dd7e5798?s=96&d=mm&r=g\",\"url\":\"https:\\\/\\\/secure.gravatar.com\\\/avatar\\\/3ea2118a5f7dad2b7138b1187a6b7ee55f160b9968b66013c3a3ef39dd7e5798?s=96&d=mm&r=g\",\"contentUrl\":\"https:\\\/\\\/secure.gravatar.com\\\/avatar\\\/3ea2118a5f7dad2b7138b1187a6b7ee55f160b9968b66013c3a3ef39dd7e5798?s=96&d=mm&r=g\",\"caption\":\"Jeanette\"},\"sameAs\":[\"https:\\\/\\\/www.eldiario.net\\\/portal\"],\"url\":\"https:\\\/\\\/www.eldiario.net\\\/portal\\\/author\\\/jeanette\\\/\"}]}<\/script>\n<!-- \/ Yoast SEO plugin. -->","yoast_head_json":{"title":"Avasalladores vuelven a la zona de los acu\u00edferos - El Diario - Bolivia","robots":{"index":"index","follow":"follow","max-snippet":"max-snippet:-1","max-image-preview":"max-image-preview:large","max-video-preview":"max-video-preview:-1"},"canonical":"https:\/\/www.eldiario.net\/portal\/2024\/05\/31\/avasalladores-vuelven-a-la-zona-de-los-acuiferos\/","og_locale":"es_ES","og_type":"article","og_title":"Avasalladores vuelven a la zona de los acu\u00edferos - El Diario - Bolivia","og_description":"En junio vence el plazo de la pausa ambiental administrativa, declarada por la Gobernaci\u00f3n cruce\u00f1a, en la zona de infiltraci\u00f3n para los acu\u00edferos de la ciudad de Santa Cruz de la Sierra \u2013sector de Palmasola\u2013 y los avasalladores nuevamente invadieron estos predios, seg\u00fan corrobor\u00f3 una comisi\u00f3n de autoridades y especialistas que hicieron la inspecci\u00f3n en [&hellip;]","og_url":"https:\/\/www.eldiario.net\/portal\/2024\/05\/31\/avasalladores-vuelven-a-la-zona-de-los-acuiferos\/","og_site_name":"El Diario - Bolivia","article_publisher":"https:\/\/www.facebook.com\/eldiario.bolivia\/","article_published_time":"2024-05-31T11:52:40+00:00","og_image":[{"width":763,"height":411,"url":"https:\/\/www.eldiario.net\/portal\/wp-content\/uploads\/2024\/05\/PREDIOS-COLOR.jpg","type":"image\/jpeg"}],"author":"Jeanette","twitter_card":"summary_large_image","twitter_creator":"@eldiario_net","twitter_site":"@eldiario_net","twitter_misc":{"Escrito por":"Jeanette","Tiempo de lectura":"3 minutos"},"schema":{"@context":"https:\/\/schema.org","@graph":[{"@type":"Article","@id":"https:\/\/www.eldiario.net\/portal\/2024\/05\/31\/avasalladores-vuelven-a-la-zona-de-los-acuiferos\/#article","isPartOf":{"@id":"https:\/\/www.eldiario.net\/portal\/2024\/05\/31\/avasalladores-vuelven-a-la-zona-de-los-acuiferos\/"},"author":{"name":"Jeanette","@id":"https:\/\/www.eldiario.net\/portal\/#\/schema\/person\/2c57cf2b7a7ae032e449e4c9b1019eac"},"headline":"Avasalladores vuelven a la zona de los acu\u00edferos","datePublished":"2024-05-31T11:52:40+00:00","mainEntityOfPage":{"@id":"https:\/\/www.eldiario.net\/portal\/2024\/05\/31\/avasalladores-vuelven-a-la-zona-de-los-acuiferos\/"},"wordCount":525,"commentCount":0,"publisher":{"@id":"https:\/\/www.eldiario.net\/portal\/#organization"},"image":{"@id":"https:\/\/www.eldiario.net\/portal\/2024\/05\/31\/avasalladores-vuelven-a-la-zona-de-los-acuiferos\/#primaryimage"},"thumbnailUrl":"https:\/\/www.eldiario.net\/portal\/wp-content\/uploads\/2024\/05\/PREDIOS-COLOR.jpg","articleSection":["Nacional"],"inLanguage":"es","potentialAction":[{"@type":"CommentAction","name":"Comment","target":["https:\/\/www.eldiario.net\/portal\/2024\/05\/31\/avasalladores-vuelven-a-la-zona-de-los-acuiferos\/#respond"]}]},{"@type":"WebPage","@id":"https:\/\/www.eldiario.net\/portal\/2024\/05\/31\/avasalladores-vuelven-a-la-zona-de-los-acuiferos\/","url":"https:\/\/www.eldiario.net\/portal\/2024\/05\/31\/avasalladores-vuelven-a-la-zona-de-los-acuiferos\/","name":"Avasalladores vuelven a la zona de los acu\u00edferos - El Diario - Bolivia","isPartOf":{"@id":"https:\/\/www.eldiario.net\/portal\/#website"},"primaryImageOfPage":{"@id":"https:\/\/www.eldiario.net\/portal\/2024\/05\/31\/avasalladores-vuelven-a-la-zona-de-los-acuiferos\/#primaryimage"},"image":{"@id":"https:\/\/www.eldiario.net\/portal\/2024\/05\/31\/avasalladores-vuelven-a-la-zona-de-los-acuiferos\/#primaryimage"},"thumbnailUrl":"https:\/\/www.eldiario.net\/portal\/wp-content\/uploads\/2024\/05\/PREDIOS-COLOR.jpg","datePublished":"2024-05-31T11:52:40+00:00","breadcrumb":{"@id":"https:\/\/www.eldiario.net\/portal\/2024\/05\/31\/avasalladores-vuelven-a-la-zona-de-los-acuiferos\/#breadcrumb"},"inLanguage":"es","potentialAction":[{"@type":"ReadAction","target":["https:\/\/www.eldiario.net\/portal\/2024\/05\/31\/avasalladores-vuelven-a-la-zona-de-los-acuiferos\/"]}]},{"@type":"ImageObject","inLanguage":"es","@id":"https:\/\/www.eldiario.net\/portal\/2024\/05\/31\/avasalladores-vuelven-a-la-zona-de-los-acuiferos\/#primaryimage","url":"https:\/\/www.eldiario.net\/portal\/wp-content\/uploads\/2024\/05\/PREDIOS-COLOR.jpg","contentUrl":"https:\/\/www.eldiario.net\/portal\/wp-content\/uploads\/2024\/05\/PREDIOS-COLOR.jpg","width":763,"height":411,"caption":"LEVANTARON UN ALAMBRADO EN LA ZONA."},{"@type":"BreadcrumbList","@id":"https:\/\/www.eldiario.net\/portal\/2024\/05\/31\/avasalladores-vuelven-a-la-zona-de-los-acuiferos\/#breadcrumb","itemListElement":[{"@type":"ListItem","position":1,"name":"Portada","item":"https:\/\/www.eldiario.net\/portal\/"},{"@type":"ListItem","position":2,"name":"Avasalladores vuelven a la zona de los acu\u00edferos"}]},{"@type":"WebSite","@id":"https:\/\/www.eldiario.net\/portal\/#website","url":"https:\/\/www.eldiario.net\/portal\/","name":"El Diario - Decano de la prensa nacional","description":"El Diario - Decano de la prensa nacional","publisher":{"@id":"https:\/\/www.eldiario.net\/portal\/#organization"},"potentialAction":[{"@type":"SearchAction","target":{"@type":"EntryPoint","urlTemplate":"https:\/\/www.eldiario.net\/portal\/?s={search_term_string}"},"query-input":{"@type":"PropertyValueSpecification","valueRequired":true,"valueName":"search_term_string"}}],"inLanguage":"es"},{"@type":"Organization","@id":"https:\/\/www.eldiario.net\/portal\/#organization","name":"El Diario - Decano de la prensa nacional","url":"https:\/\/www.eldiario.net\/portal\/","logo":{"@type":"ImageObject","inLanguage":"es","@id":"https:\/\/www.eldiario.net\/portal\/#\/schema\/logo\/image\/","url":"https:\/\/www.eldiario.net\/portal\/wp-content\/uploads\/2023\/07\/logo_ED.jpg","contentUrl":"https:\/\/www.eldiario.net\/portal\/wp-content\/uploads\/2023\/07\/logo_ED.jpg","width":272,"height":52,"caption":"El Diario - Decano de la prensa nacional"},"image":{"@id":"https:\/\/www.eldiario.net\/portal\/#\/schema\/logo\/image\/"},"sameAs":["https:\/\/www.facebook.com\/eldiario.bolivia\/","https:\/\/x.com\/eldiario_net"]},{"@type":"Person","@id":"https:\/\/www.eldiario.net\/portal\/#\/schema\/person\/2c57cf2b7a7ae032e449e4c9b1019eac","name":"Jeanette","image":{"@type":"ImageObject","inLanguage":"es","@id":"https:\/\/secure.gravatar.com\/avatar\/3ea2118a5f7dad2b7138b1187a6b7ee55f160b9968b66013c3a3ef39dd7e5798?s=96&d=mm&r=g","url":"https:\/\/secure.gravatar.com\/avatar\/3ea2118a5f7dad2b7138b1187a6b7ee55f160b9968b66013c3a3ef39dd7e5798?s=96&d=mm&r=g","contentUrl":"https:\/\/secure.gravatar.com\/avatar\/3ea2118a5f7dad2b7138b1187a6b7ee55f160b9968b66013c3a3ef39dd7e5798?s=96&d=mm&r=g","caption":"Jeanette"},"sameAs":["https:\/\/www.eldiario.net\/portal"],"url":"https:\/\/www.eldiario.net\/portal\/author\/jeanette\/"}]}},"_links":{"self":[{"href":"https:\/\/www.eldiario.net\/portal\/wp-json\/wp\/v2\/posts\/224080","targetHints":{"allow":["GET"]}}],"collection":[{"href":"https:\/\/www.eldiario.net\/portal\/wp-json\/wp\/v2\/posts"}],"about":[{"href":"https:\/\/www.eldiario.net\/portal\/wp-json\/wp\/v2\/types\/post"}],"author":[{"embeddable":true,"href":"https:\/\/www.eldiario.net\/portal\/wp-json\/wp\/v2\/users\/1"}],"replies":[{"embeddable":true,"href":"https:\/\/www.eldiario.net\/portal\/wp-json\/wp\/v2\/comments?post=224080"}],"version-history":[{"count":1,"href":"https:\/\/www.eldiario.net\/portal\/wp-json\/wp\/v2\/posts\/224080\/revisions"}],"predecessor-version":[{"id":224082,"href":"https:\/\/www.eldiario.net\/portal\/wp-json\/wp\/v2\/posts\/224080\/revisions\/224082"}],"wp:featuredmedia":[{"embeddable":true,"href":"https:\/\/www.eldiario.net\/portal\/wp-json\/wp\/v2\/media\/224081"}],"wp:attachment":[{"href":"https:\/\/www.eldiario.net\/portal\/wp-json\/wp\/v2\/media?parent=224080"}],"wp:term":[{"taxonomy":"category","embeddable":true,"href":"https:\/\/www.eldiario.net\/portal\/wp-json\/wp\/v2\/categories?post=224080"},{"taxonomy":"post_tag","embeddable":true,"href":"https:\/\/www.eldiario.net\/portal\/wp-json\/wp\/v2\/tags?post=224080"}],"curies":[{"name":"wp","href":"https:\/\/api.w.org\/{rel}","templated":true}]}}