{"id":224077,"date":"2024-05-31T07:52:05","date_gmt":"2024-05-31T11:52:05","guid":{"rendered":"https:\/\/www.eldiario.net\/portal\/?p=224077"},"modified":"2024-05-31T07:52:05","modified_gmt":"2024-05-31T11:52:05","slug":"riqueza-cultural-historica-y-turistica-en-feria-del-libro","status":"publish","type":"post","link":"https:\/\/www.eldiario.net\/portal\/2024\/05\/31\/riqueza-cultural-historica-y-turistica-en-feria-del-libro\/","title":{"rendered":"Riqueza cultural, hist\u00f3rica y  tur\u00edstica en Feria del Libro"},"content":{"rendered":"<p>La Gobernaci\u00f3n cruce\u00f1a, en representaci\u00f3n de la Secretar\u00eda de Gesti\u00f3n Institucional y varias direcciones, inaugur\u00f3 su stand en la XXV versi\u00f3n de la Feria Internacional del Libro, ubicado en la parte externa del ingreso de la Fexpocruz.<br \/>\nParalelamente al acto hubo cuadros de teatro contra el bulling en los estudiantes de parte de la Direcci\u00f3n de Seguridad Ciudadana.<br \/>\nEn el acto central, la secretaria de Gesti\u00f3n Institucional, Patricia Viera, en nombre del gobernador en ejercicio Mario Aguilera, expres\u00f3 que esta feria representa un espacio enriquecedor para todos los amantes de la cultura, historia y arte, que m\u00e1s all\u00e1 del aprendizaje, tambi\u00e9n es recreaci\u00f3n para toda la familia.<br \/>\nEn este sentido, la Gobernaci\u00f3n se une con un stand que refleja el compromiso con la preservaci\u00f3n y difusi\u00f3n de la identidad cruce\u00f1a.<br \/>\nEn el evento se encuentra la riqueza de la memoria hist\u00f3rica, datos estad\u00edsticos relevantes de Santa Cruz e informaci\u00f3n tur\u00edstica.<br \/>\n\u201cLos libros son puertas hacia mundos desconocidos, historias que nos hacen re\u00edr, llorar, pensar y so\u00f1ar. Este stand es un testimonio del trabajo de nuestra instituci\u00f3n para fomentar la cultura y el conocimiento\u201d, destac\u00f3 Viera a tiempo de invitar a la poblaci\u00f3n a formar parte de esta experiencia hasta el domingo 9 de junio.<br \/>\nPor su parte, el director del Instituto Cruce\u00f1o de Estad\u00edstica (ICE), Juan Pablo Su\u00e1rez, afirm\u00f3 que existen m\u00e1s de 100 documentos estad\u00edsticos para descargar gratuitamente mediante c\u00f3digo QR, as\u00ed como tambi\u00e9n literatura de parte de la Biblioteca Departamental.<br \/>\nMientras que el director de Turismo y Cultura, Saddam Pinto, resalt\u00f3 la muestra de restos arqueol\u00f3gicos con m\u00e1s de 4.500 a\u00f1os de antig\u00fcedad encontrados por el arque\u00f3logo Danilo Drakic, entre estos, vasijas de arcillas dise\u00f1adas en forma humana.<br \/>\nTambi\u00e9n hay libros de historia de las siete macro-regiones cruce\u00f1as, que est\u00e1n en exposici\u00f3n en la Feria Internacional del Libro para conocimiento de la ciudadan\u00eda en general.<br \/>\nATRACCIONES<br \/>\nEntre las principales atracciones de los visitantes est\u00e1 la pizarra donde se escriben palabras cambas y un acta de una instituci\u00f3n cruce\u00f1a fechada en 1932, entre otras. (Gobernaci\u00f3n)<\/p>\n","protected":false},"excerpt":{"rendered":"<p>La Gobernaci\u00f3n cruce\u00f1a, en representaci\u00f3n de la Secretar\u00eda de Gesti\u00f3n Institucional y varias direcciones, inaugur\u00f3 su stand en la XXV versi\u00f3n de la Feria Internacional del Libro, ubicado en la parte externa del ingreso de la Fexpocruz. Paralelamente al acto hubo cuadros de teatro contra el bulling en los estudiantes de parte de la Direcci\u00f3n [&hellip;]<\/p>\n","protected":false},"author":1,"featured_media":224078,"comment_status":"open","ping_status":"open","sticky":false,"template":"","format":"standard","meta":{"_acf_changed":false,"footnotes":""},"categories":[12],"tags":[],"class_list":["post-224077","post","type-post","status-publish","format-standard","has-post-thumbnail","category-nacional"],"acf":{"antetitulo":"Santa Cruz"},"yoast_head":"<!-- This site is optimized with the Yoast SEO plugin v28.4 - https:\/\/yoast.com\/product\/yoast-seo-wordpress\/ -->\n<title>Riqueza cultural, hist\u00f3rica y tur\u00edstica en Feria del Libro - El Diario - Bolivia<\/title>\n<meta name=\"robots\" content=\"index, follow, max-snippet:-1, max-image-preview:large, max-video-preview:-1\" \/>\n<link rel=\"canonical\" href=\"https:\/\/www.eldiario.net\/portal\/2024\/05\/31\/riqueza-cultural-historica-y-turistica-en-feria-del-libro\/\" \/>\n<meta property=\"og:locale\" content=\"es_ES\" \/>\n<meta property=\"og:type\" content=\"article\" \/>\n<meta property=\"og:title\" content=\"Riqueza cultural, hist\u00f3rica y tur\u00edstica en Feria del Libro - El Diario - Bolivia\" \/>\n<meta property=\"og:description\" content=\"La Gobernaci\u00f3n cruce\u00f1a, en representaci\u00f3n de la Secretar\u00eda de Gesti\u00f3n Institucional y varias direcciones, inaugur\u00f3 su stand en la XXV versi\u00f3n de la Feria Internacional del Libro, ubicado en la parte externa del ingreso de la Fexpocruz. Paralelamente al acto hubo cuadros de teatro contra el bulling en los estudiantes de parte de la Direcci\u00f3n [&hellip;]\" \/>\n<meta property=\"og:url\" content=\"https:\/\/www.eldiario.net\/portal\/2024\/05\/31\/riqueza-cultural-historica-y-turistica-en-feria-del-libro\/\" \/>\n<meta property=\"og:site_name\" content=\"El Diario - Bolivia\" \/>\n<meta property=\"article:publisher\" content=\"https:\/\/www.facebook.com\/eldiario.bolivia\/\" \/>\n<meta property=\"article:published_time\" content=\"2024-05-31T11:52:05+00:00\" \/>\n<meta property=\"og:image\" content=\"https:\/\/www.eldiario.net\/portal\/wp-content\/uploads\/2024\/05\/EXPO-COLOR-.jpg\" \/>\n\t<meta property=\"og:image:width\" content=\"1200\" \/>\n\t<meta property=\"og:image:height\" content=\"800\" \/>\n\t<meta property=\"og:image:type\" content=\"image\/jpeg\" \/>\n<meta name=\"author\" content=\"Jeanette\" \/>\n<meta name=\"twitter:card\" content=\"summary_large_image\" \/>\n<meta name=\"twitter:creator\" content=\"@eldiario_net\" \/>\n<meta name=\"twitter:site\" content=\"@eldiario_net\" \/>\n<meta name=\"twitter:label1\" content=\"Escrito por\" \/>\n\t<meta name=\"twitter:data1\" content=\"Jeanette\" \/>\n\t<meta name=\"twitter:label2\" content=\"Tiempo de lectura\" \/>\n\t<meta name=\"twitter:data2\" content=\"2 minutos\" \/>\n<script type=\"application\/ld+json\" class=\"yoast-schema-graph\">{\"@context\":\"https:\\\/\\\/schema.org\",\"@graph\":[{\"@type\":\"Article\",\"@id\":\"https:\\\/\\\/www.eldiario.net\\\/portal\\\/2024\\\/05\\\/31\\\/riqueza-cultural-historica-y-turistica-en-feria-del-libro\\\/#article\",\"isPartOf\":{\"@id\":\"https:\\\/\\\/www.eldiario.net\\\/portal\\\/2024\\\/05\\\/31\\\/riqueza-cultural-historica-y-turistica-en-feria-del-libro\\\/\"},\"author\":{\"name\":\"Jeanette\",\"@id\":\"https:\\\/\\\/www.eldiario.net\\\/portal\\\/#\\\/schema\\\/person\\\/2c57cf2b7a7ae032e449e4c9b1019eac\"},\"headline\":\"Riqueza cultural, hist\u00f3rica y tur\u00edstica en Feria del Libro\",\"datePublished\":\"2024-05-31T11:52:05+00:00\",\"mainEntityOfPage\":{\"@id\":\"https:\\\/\\\/www.eldiario.net\\\/portal\\\/2024\\\/05\\\/31\\\/riqueza-cultural-historica-y-turistica-en-feria-del-libro\\\/\"},\"wordCount\":387,\"commentCount\":0,\"publisher\":{\"@id\":\"https:\\\/\\\/www.eldiario.net\\\/portal\\\/#organization\"},\"image\":{\"@id\":\"https:\\\/\\\/www.eldiario.net\\\/portal\\\/2024\\\/05\\\/31\\\/riqueza-cultural-historica-y-turistica-en-feria-del-libro\\\/#primaryimage\"},\"thumbnailUrl\":\"https:\\\/\\\/www.eldiario.net\\\/portal\\\/wp-content\\\/uploads\\\/2024\\\/05\\\/EXPO-COLOR-.jpg\",\"articleSection\":[\"Nacional\"],\"inLanguage\":\"es\",\"potentialAction\":[{\"@type\":\"CommentAction\",\"name\":\"Comment\",\"target\":[\"https:\\\/\\\/www.eldiario.net\\\/portal\\\/2024\\\/05\\\/31\\\/riqueza-cultural-historica-y-turistica-en-feria-del-libro\\\/#respond\"]}]},{\"@type\":\"WebPage\",\"@id\":\"https:\\\/\\\/www.eldiario.net\\\/portal\\\/2024\\\/05\\\/31\\\/riqueza-cultural-historica-y-turistica-en-feria-del-libro\\\/\",\"url\":\"https:\\\/\\\/www.eldiario.net\\\/portal\\\/2024\\\/05\\\/31\\\/riqueza-cultural-historica-y-turistica-en-feria-del-libro\\\/\",\"name\":\"Riqueza cultural, hist\u00f3rica y tur\u00edstica en Feria del Libro - El Diario - Bolivia\",\"isPartOf\":{\"@id\":\"https:\\\/\\\/www.eldiario.net\\\/portal\\\/#website\"},\"primaryImageOfPage\":{\"@id\":\"https:\\\/\\\/www.eldiario.net\\\/portal\\\/2024\\\/05\\\/31\\\/riqueza-cultural-historica-y-turistica-en-feria-del-libro\\\/#primaryimage\"},\"image\":{\"@id\":\"https:\\\/\\\/www.eldiario.net\\\/portal\\\/2024\\\/05\\\/31\\\/riqueza-cultural-historica-y-turistica-en-feria-del-libro\\\/#primaryimage\"},\"thumbnailUrl\":\"https:\\\/\\\/www.eldiario.net\\\/portal\\\/wp-content\\\/uploads\\\/2024\\\/05\\\/EXPO-COLOR-.jpg\",\"datePublished\":\"2024-05-31T11:52:05+00:00\",\"breadcrumb\":{\"@id\":\"https:\\\/\\\/www.eldiario.net\\\/portal\\\/2024\\\/05\\\/31\\\/riqueza-cultural-historica-y-turistica-en-feria-del-libro\\\/#breadcrumb\"},\"inLanguage\":\"es\",\"potentialAction\":[{\"@type\":\"ReadAction\",\"target\":[\"https:\\\/\\\/www.eldiario.net\\\/portal\\\/2024\\\/05\\\/31\\\/riqueza-cultural-historica-y-turistica-en-feria-del-libro\\\/\"]}]},{\"@type\":\"ImageObject\",\"inLanguage\":\"es\",\"@id\":\"https:\\\/\\\/www.eldiario.net\\\/portal\\\/2024\\\/05\\\/31\\\/riqueza-cultural-historica-y-turistica-en-feria-del-libro\\\/#primaryimage\",\"url\":\"https:\\\/\\\/www.eldiario.net\\\/portal\\\/wp-content\\\/uploads\\\/2024\\\/05\\\/EXPO-COLOR-.jpg\",\"contentUrl\":\"https:\\\/\\\/www.eldiario.net\\\/portal\\\/wp-content\\\/uploads\\\/2024\\\/05\\\/EXPO-COLOR-.jpg\",\"width\":1200,\"height\":800,\"caption\":\"EXISTE EL COMPROMISO DE PRESErVAR Y DIFUNDIR LA IDENTIDAD CRUCE\u00d1A.\"},{\"@type\":\"BreadcrumbList\",\"@id\":\"https:\\\/\\\/www.eldiario.net\\\/portal\\\/2024\\\/05\\\/31\\\/riqueza-cultural-historica-y-turistica-en-feria-del-libro\\\/#breadcrumb\",\"itemListElement\":[{\"@type\":\"ListItem\",\"position\":1,\"name\":\"Portada\",\"item\":\"https:\\\/\\\/www.eldiario.net\\\/portal\\\/\"},{\"@type\":\"ListItem\",\"position\":2,\"name\":\"Riqueza cultural, hist\u00f3rica y tur\u00edstica en Feria del Libro\"}]},{\"@type\":\"WebSite\",\"@id\":\"https:\\\/\\\/www.eldiario.net\\\/portal\\\/#website\",\"url\":\"https:\\\/\\\/www.eldiario.net\\\/portal\\\/\",\"name\":\"El Diario - Decano de la prensa nacional\",\"description\":\"El Diario - Decano de la prensa nacional\",\"publisher\":{\"@id\":\"https:\\\/\\\/www.eldiario.net\\\/portal\\\/#organization\"},\"potentialAction\":[{\"@type\":\"SearchAction\",\"target\":{\"@type\":\"EntryPoint\",\"urlTemplate\":\"https:\\\/\\\/www.eldiario.net\\\/portal\\\/?s={search_term_string}\"},\"query-input\":{\"@type\":\"PropertyValueSpecification\",\"valueRequired\":true,\"valueName\":\"search_term_string\"}}],\"inLanguage\":\"es\"},{\"@type\":\"Organization\",\"@id\":\"https:\\\/\\\/www.eldiario.net\\\/portal\\\/#organization\",\"name\":\"El Diario - Decano de la prensa nacional\",\"url\":\"https:\\\/\\\/www.eldiario.net\\\/portal\\\/\",\"logo\":{\"@type\":\"ImageObject\",\"inLanguage\":\"es\",\"@id\":\"https:\\\/\\\/www.eldiario.net\\\/portal\\\/#\\\/schema\\\/logo\\\/image\\\/\",\"url\":\"https:\\\/\\\/www.eldiario.net\\\/portal\\\/wp-content\\\/uploads\\\/2023\\\/07\\\/logo_ED.jpg\",\"contentUrl\":\"https:\\\/\\\/www.eldiario.net\\\/portal\\\/wp-content\\\/uploads\\\/2023\\\/07\\\/logo_ED.jpg\",\"width\":272,\"height\":52,\"caption\":\"El Diario - Decano de la prensa nacional\"},\"image\":{\"@id\":\"https:\\\/\\\/www.eldiario.net\\\/portal\\\/#\\\/schema\\\/logo\\\/image\\\/\"},\"sameAs\":[\"https:\\\/\\\/www.facebook.com\\\/eldiario.bolivia\\\/\",\"https:\\\/\\\/x.com\\\/eldiario_net\"]},{\"@type\":\"Person\",\"@id\":\"https:\\\/\\\/www.eldiario.net\\\/portal\\\/#\\\/schema\\\/person\\\/2c57cf2b7a7ae032e449e4c9b1019eac\",\"name\":\"Jeanette\",\"image\":{\"@type\":\"ImageObject\",\"inLanguage\":\"es\",\"@id\":\"https:\\\/\\\/secure.gravatar.com\\\/avatar\\\/3ea2118a5f7dad2b7138b1187a6b7ee55f160b9968b66013c3a3ef39dd7e5798?s=96&d=mm&r=g\",\"url\":\"https:\\\/\\\/secure.gravatar.com\\\/avatar\\\/3ea2118a5f7dad2b7138b1187a6b7ee55f160b9968b66013c3a3ef39dd7e5798?s=96&d=mm&r=g\",\"contentUrl\":\"https:\\\/\\\/secure.gravatar.com\\\/avatar\\\/3ea2118a5f7dad2b7138b1187a6b7ee55f160b9968b66013c3a3ef39dd7e5798?s=96&d=mm&r=g\",\"caption\":\"Jeanette\"},\"sameAs\":[\"https:\\\/\\\/www.eldiario.net\\\/portal\"],\"url\":\"https:\\\/\\\/www.eldiario.net\\\/portal\\\/author\\\/jeanette\\\/\"}]}<\/script>\n<!-- \/ Yoast SEO plugin. -->","yoast_head_json":{"title":"Riqueza cultural, hist\u00f3rica y tur\u00edstica en Feria del Libro - El Diario - Bolivia","robots":{"index":"index","follow":"follow","max-snippet":"max-snippet:-1","max-image-preview":"max-image-preview:large","max-video-preview":"max-video-preview:-1"},"canonical":"https:\/\/www.eldiario.net\/portal\/2024\/05\/31\/riqueza-cultural-historica-y-turistica-en-feria-del-libro\/","og_locale":"es_ES","og_type":"article","og_title":"Riqueza cultural, hist\u00f3rica y tur\u00edstica en Feria del Libro - El Diario - Bolivia","og_description":"La Gobernaci\u00f3n cruce\u00f1a, en representaci\u00f3n de la Secretar\u00eda de Gesti\u00f3n Institucional y varias direcciones, inaugur\u00f3 su stand en la XXV versi\u00f3n de la Feria Internacional del Libro, ubicado en la parte externa del ingreso de la Fexpocruz. Paralelamente al acto hubo cuadros de teatro contra el bulling en los estudiantes de parte de la Direcci\u00f3n [&hellip;]","og_url":"https:\/\/www.eldiario.net\/portal\/2024\/05\/31\/riqueza-cultural-historica-y-turistica-en-feria-del-libro\/","og_site_name":"El Diario - Bolivia","article_publisher":"https:\/\/www.facebook.com\/eldiario.bolivia\/","article_published_time":"2024-05-31T11:52:05+00:00","og_image":[{"width":1200,"height":800,"url":"https:\/\/www.eldiario.net\/portal\/wp-content\/uploads\/2024\/05\/EXPO-COLOR-.jpg","type":"image\/jpeg"}],"author":"Jeanette","twitter_card":"summary_large_image","twitter_creator":"@eldiario_net","twitter_site":"@eldiario_net","twitter_misc":{"Escrito por":"Jeanette","Tiempo de lectura":"2 minutos"},"schema":{"@context":"https:\/\/schema.org","@graph":[{"@type":"Article","@id":"https:\/\/www.eldiario.net\/portal\/2024\/05\/31\/riqueza-cultural-historica-y-turistica-en-feria-del-libro\/#article","isPartOf":{"@id":"https:\/\/www.eldiario.net\/portal\/2024\/05\/31\/riqueza-cultural-historica-y-turistica-en-feria-del-libro\/"},"author":{"name":"Jeanette","@id":"https:\/\/www.eldiario.net\/portal\/#\/schema\/person\/2c57cf2b7a7ae032e449e4c9b1019eac"},"headline":"Riqueza cultural, hist\u00f3rica y tur\u00edstica en Feria del Libro","datePublished":"2024-05-31T11:52:05+00:00","mainEntityOfPage":{"@id":"https:\/\/www.eldiario.net\/portal\/2024\/05\/31\/riqueza-cultural-historica-y-turistica-en-feria-del-libro\/"},"wordCount":387,"commentCount":0,"publisher":{"@id":"https:\/\/www.eldiario.net\/portal\/#organization"},"image":{"@id":"https:\/\/www.eldiario.net\/portal\/2024\/05\/31\/riqueza-cultural-historica-y-turistica-en-feria-del-libro\/#primaryimage"},"thumbnailUrl":"https:\/\/www.eldiario.net\/portal\/wp-content\/uploads\/2024\/05\/EXPO-COLOR-.jpg","articleSection":["Nacional"],"inLanguage":"es","potentialAction":[{"@type":"CommentAction","name":"Comment","target":["https:\/\/www.eldiario.net\/portal\/2024\/05\/31\/riqueza-cultural-historica-y-turistica-en-feria-del-libro\/#respond"]}]},{"@type":"WebPage","@id":"https:\/\/www.eldiario.net\/portal\/2024\/05\/31\/riqueza-cultural-historica-y-turistica-en-feria-del-libro\/","url":"https:\/\/www.eldiario.net\/portal\/2024\/05\/31\/riqueza-cultural-historica-y-turistica-en-feria-del-libro\/","name":"Riqueza cultural, hist\u00f3rica y tur\u00edstica en Feria del Libro - El Diario - Bolivia","isPartOf":{"@id":"https:\/\/www.eldiario.net\/portal\/#website"},"primaryImageOfPage":{"@id":"https:\/\/www.eldiario.net\/portal\/2024\/05\/31\/riqueza-cultural-historica-y-turistica-en-feria-del-libro\/#primaryimage"},"image":{"@id":"https:\/\/www.eldiario.net\/portal\/2024\/05\/31\/riqueza-cultural-historica-y-turistica-en-feria-del-libro\/#primaryimage"},"thumbnailUrl":"https:\/\/www.eldiario.net\/portal\/wp-content\/uploads\/2024\/05\/EXPO-COLOR-.jpg","datePublished":"2024-05-31T11:52:05+00:00","breadcrumb":{"@id":"https:\/\/www.eldiario.net\/portal\/2024\/05\/31\/riqueza-cultural-historica-y-turistica-en-feria-del-libro\/#breadcrumb"},"inLanguage":"es","potentialAction":[{"@type":"ReadAction","target":["https:\/\/www.eldiario.net\/portal\/2024\/05\/31\/riqueza-cultural-historica-y-turistica-en-feria-del-libro\/"]}]},{"@type":"ImageObject","inLanguage":"es","@id":"https:\/\/www.eldiario.net\/portal\/2024\/05\/31\/riqueza-cultural-historica-y-turistica-en-feria-del-libro\/#primaryimage","url":"https:\/\/www.eldiario.net\/portal\/wp-content\/uploads\/2024\/05\/EXPO-COLOR-.jpg","contentUrl":"https:\/\/www.eldiario.net\/portal\/wp-content\/uploads\/2024\/05\/EXPO-COLOR-.jpg","width":1200,"height":800,"caption":"EXISTE EL COMPROMISO DE PRESErVAR Y DIFUNDIR LA IDENTIDAD CRUCE\u00d1A."},{"@type":"BreadcrumbList","@id":"https:\/\/www.eldiario.net\/portal\/2024\/05\/31\/riqueza-cultural-historica-y-turistica-en-feria-del-libro\/#breadcrumb","itemListElement":[{"@type":"ListItem","position":1,"name":"Portada","item":"https:\/\/www.eldiario.net\/portal\/"},{"@type":"ListItem","position":2,"name":"Riqueza cultural, hist\u00f3rica y tur\u00edstica en Feria del Libro"}]},{"@type":"WebSite","@id":"https:\/\/www.eldiario.net\/portal\/#website","url":"https:\/\/www.eldiario.net\/portal\/","name":"El Diario - Decano de la prensa nacional","description":"El Diario - Decano de la prensa nacional","publisher":{"@id":"https:\/\/www.eldiario.net\/portal\/#organization"},"potentialAction":[{"@type":"SearchAction","target":{"@type":"EntryPoint","urlTemplate":"https:\/\/www.eldiario.net\/portal\/?s={search_term_string}"},"query-input":{"@type":"PropertyValueSpecification","valueRequired":true,"valueName":"search_term_string"}}],"inLanguage":"es"},{"@type":"Organization","@id":"https:\/\/www.eldiario.net\/portal\/#organization","name":"El Diario - Decano de la prensa nacional","url":"https:\/\/www.eldiario.net\/portal\/","logo":{"@type":"ImageObject","inLanguage":"es","@id":"https:\/\/www.eldiario.net\/portal\/#\/schema\/logo\/image\/","url":"https:\/\/www.eldiario.net\/portal\/wp-content\/uploads\/2023\/07\/logo_ED.jpg","contentUrl":"https:\/\/www.eldiario.net\/portal\/wp-content\/uploads\/2023\/07\/logo_ED.jpg","width":272,"height":52,"caption":"El Diario - Decano de la prensa nacional"},"image":{"@id":"https:\/\/www.eldiario.net\/portal\/#\/schema\/logo\/image\/"},"sameAs":["https:\/\/www.facebook.com\/eldiario.bolivia\/","https:\/\/x.com\/eldiario_net"]},{"@type":"Person","@id":"https:\/\/www.eldiario.net\/portal\/#\/schema\/person\/2c57cf2b7a7ae032e449e4c9b1019eac","name":"Jeanette","image":{"@type":"ImageObject","inLanguage":"es","@id":"https:\/\/secure.gravatar.com\/avatar\/3ea2118a5f7dad2b7138b1187a6b7ee55f160b9968b66013c3a3ef39dd7e5798?s=96&d=mm&r=g","url":"https:\/\/secure.gravatar.com\/avatar\/3ea2118a5f7dad2b7138b1187a6b7ee55f160b9968b66013c3a3ef39dd7e5798?s=96&d=mm&r=g","contentUrl":"https:\/\/secure.gravatar.com\/avatar\/3ea2118a5f7dad2b7138b1187a6b7ee55f160b9968b66013c3a3ef39dd7e5798?s=96&d=mm&r=g","caption":"Jeanette"},"sameAs":["https:\/\/www.eldiario.net\/portal"],"url":"https:\/\/www.eldiario.net\/portal\/author\/jeanette\/"}]}},"_links":{"self":[{"href":"https:\/\/www.eldiario.net\/portal\/wp-json\/wp\/v2\/posts\/224077","targetHints":{"allow":["GET"]}}],"collection":[{"href":"https:\/\/www.eldiario.net\/portal\/wp-json\/wp\/v2\/posts"}],"about":[{"href":"https:\/\/www.eldiario.net\/portal\/wp-json\/wp\/v2\/types\/post"}],"author":[{"embeddable":true,"href":"https:\/\/www.eldiario.net\/portal\/wp-json\/wp\/v2\/users\/1"}],"replies":[{"embeddable":true,"href":"https:\/\/www.eldiario.net\/portal\/wp-json\/wp\/v2\/comments?post=224077"}],"version-history":[{"count":1,"href":"https:\/\/www.eldiario.net\/portal\/wp-json\/wp\/v2\/posts\/224077\/revisions"}],"predecessor-version":[{"id":224079,"href":"https:\/\/www.eldiario.net\/portal\/wp-json\/wp\/v2\/posts\/224077\/revisions\/224079"}],"wp:featuredmedia":[{"embeddable":true,"href":"https:\/\/www.eldiario.net\/portal\/wp-json\/wp\/v2\/media\/224078"}],"wp:attachment":[{"href":"https:\/\/www.eldiario.net\/portal\/wp-json\/wp\/v2\/media?parent=224077"}],"wp:term":[{"taxonomy":"category","embeddable":true,"href":"https:\/\/www.eldiario.net\/portal\/wp-json\/wp\/v2\/categories?post=224077"},{"taxonomy":"post_tag","embeddable":true,"href":"https:\/\/www.eldiario.net\/portal\/wp-json\/wp\/v2\/tags?post=224077"}],"curies":[{"name":"wp","href":"https:\/\/api.w.org\/{rel}","templated":true}]}}