{"id":223937,"date":"2024-05-30T07:50:40","date_gmt":"2024-05-30T11:50:40","guid":{"rendered":"https:\/\/www.eldiario.net\/portal\/?p=223937"},"modified":"2024-05-30T07:50:40","modified_gmt":"2024-05-30T11:50:40","slug":"escasez-de-dolares-en-bolivia-raices-de-una-crisis","status":"publish","type":"post","link":"https:\/\/www.eldiario.net\/portal\/2024\/05\/30\/escasez-de-dolares-en-bolivia-raices-de-una-crisis\/","title":{"rendered":"Escasez de d\u00f3lares en Bolivia: ra\u00edces de una crisis"},"content":{"rendered":"<p>Durante casi dos d\u00e9cadas, el Banco Central de Bolivia (BCB) ha dependido del Ministerio de Econom\u00eda y Finanzas P\u00fablicas en lugar de operar de manera independiente. La autonom\u00eda es crucial para que un banco central pueda tomar decisiones de pol\u00edtica monetaria sin influencias pol\u00edticas, manteniendo la credibilidad del sistema financiero y la confianza en la moneda nacional. La independencia permite una respuesta \u00e1gil a los cambios econ\u00f3micos y previene la politizaci\u00f3n de la pol\u00edtica monetaria. Sin embargo, la intervenci\u00f3n en el BCB ha generado problemas como la escasez de d\u00f3lares y el aumento de los precios de productos importados.<\/p>\n<p>Recientemente, el presidente del BCB afirm\u00f3 que la falta de d\u00f3lares es un problema del sector privado, no del sector p\u00fablico. Esta afirmaci\u00f3n es criticable porque muestra un enfoque limitado sobre la responsabilidad de la escasez de d\u00f3lares, sugiriendo que es exclusivamente un problema del sector privado.<\/p>\n<p>Este argumento ignora varios factores importantes, incluido el papel del BCB en la gesti\u00f3n de la pol\u00edtica monetaria y cambiaria y en la regulaci\u00f3n del sistema financiero. El BCB tiene la responsabilidad de mantener la estabilidad financiera y econ\u00f3mica del pa\u00eds, lo que incluye garantizar un suministro adecuado de divisas para satisfacer las necesidades del sector p\u00fablico y privado.<\/p>\n<p>Adem\u00e1s, la afirmaci\u00f3n del BCB no considera el impacto de las pol\u00edticas y regulaciones gubernamentales en la disponibilidad de d\u00f3lares en el mercado. Las regulaciones de la Autoridad de Supervisi\u00f3n del Sistema Financiero (ASFI) podr\u00edan estar dificultando el acceso a d\u00f3lares para el sistema financiero, como ha se\u00f1alado Asoban. La falta de reconocimiento de estas complejidades y la atribuci\u00f3n de la responsabilidad exclusivamente al sector privado reflejan una visi\u00f3n simplista de la situaci\u00f3n por parte del BCB.<\/p>\n<p>\u00bfC\u00f3mo se ha llegado a esta situaci\u00f3n de escasez de d\u00f3lares? Este problema surge de una serie de factores interrelacionados. En primer lugar, desde 2014 no se implementaron medidas proc\u00edclicas adecuadas en el tipo de cambio. En segundo lugar, se permiti\u00f3 que el Banco Central de Bolivia asumiera un rol similar al de un banco comercial al otorgar cr\u00e9ditos a empresas estatales, desvi\u00e1ndose as\u00ed de su funci\u00f3n principal y aumentando su exposici\u00f3n a riesgos. Adem\u00e1s, la disminuci\u00f3n de los controles sobre los bancos comerciales, evidenciada por la quiebra del Banco Fassil, gener\u00f3 una percepci\u00f3n negativa sobre el sistema financiero nacional, lo que provoc\u00f3 la salida de d\u00f3lares de las entidades financieras del pa\u00eds. Finalmente, el cuarto factor es la retenci\u00f3n o deuda de 2.500 millones de d\u00f3lares por parte del Banco Central hacia los bancos comerciales<\/p>\n<p>En primer lugar, la contracci\u00f3n econ\u00f3mica en Am\u00e9rica Latina result\u00f3 en una p\u00e9rdida de m\u00e1s de un bill\u00f3n de d\u00f3lares entre 2014 y 2015, seguida de una disminuci\u00f3n menos pronunciada en los a\u00f1os posteriores. Esto afect\u00f3 significativamente los ingresos de Bolivia, donde se debieron tomar medidas de pol\u00edtica cambiaria, como minidevaluaciones, que podr\u00edan haber tenido un efecto neutro sobre la inflaci\u00f3n natural o haberla elevado ligeramente. Aunque impopulares en tiempos de elecciones, estas medidas habr\u00edan fomentado las exportaciones, estimulado la producci\u00f3n nacional, mantenido la competitividad y controlado los desequilibrios econ\u00f3micos.<\/p>\n<p>La segunda causa, la pol\u00edtica de apoyo a las empresas p\u00fablicas se intensific\u00f3 tras la contracci\u00f3n econ\u00f3mica de 2014, considerando necesario estimular la econom\u00eda mediante un mayor gasto. El Poder Ejecutivo decidi\u00f3 utilizar las reservas internacionales para prestar dinero a empresas p\u00fablicas en construcci\u00f3n, como Ecebol y Yacimientos de Litio Bolivianos, y recurri\u00f3 al endeudamiento p\u00fablico. Ante estas medidas, los funcionarios del BCB no se opusieron y agilizaron los cr\u00e9ditos para las empresas estatales, que actualmente est\u00e1n en funcionamiento, pero no han comenzado a amortizar lo adeudado al Banco Central.<\/p>\n<p>Un tercer factor es el deficiente control del sistema financiero por parte del BCB y la ASFI. A pesar de las advertencias de las calificadoras de riesgo sobre problemas de endeudamiento y liquidez en el Banco Fassil, no se tomaron medidas adecuadas, lo que result\u00f3 en una corrida bancaria de d\u00f3lares. Esto ha generado un clima negativo sobre el desempe\u00f1o futuro de la econom\u00eda nacional.<\/p>\n<p>La cuarta causa es que el BCB ha retenido y adeuda 2.500 millones de d\u00f3lares a la banca comercial, fondos destinados a la creaci\u00f3n del Fondo de Garant\u00edas. Este fondo respalda la concesi\u00f3n de cr\u00e9ditos al sector productivo, cr\u00e9ditos para vivienda de inter\u00e9s social y cr\u00e9ditos para promover el ahorro y la eficiencia energ\u00e9tica. Seg\u00fan el presidente del BCB, se espera que estos fondos sean reembolsados en 2026.<\/p>\n<p>Todos estos factores han contribuido a d\u00e9ficits fiscales consecutivos, disminuyendo las reservas internacionales y aumentando la deuda p\u00fablica boliviana. Este escenario ha planteado problemas significativos para la estabilidad econ\u00f3mica y financiera de Bolivia, impactando diversos sectores y requiriendo medidas urgentes para su correcci\u00f3n y recuperaci\u00f3n.<\/p>\n<p>En resumen, la crisis de la escasez de d\u00f3lares en Bolivia es una combinaci\u00f3n de factores que se remontan al mediano plazo y a decisiones del BCB influenciadas por el Poder Ejecutivo. La soluci\u00f3n para esta situaci\u00f3n es compleja y requiere fortalecer la institucionalidad del BCB y adoptar medidas de ajuste estructural. Para superar esta crisis, es fundamental que el BCB recupere su independencia y aplique pol\u00edticas monetarias y cambiarias basadas en criterios t\u00e9cnicos y no pol\u00edticos, lo que permitir\u00e1 una respuesta m\u00e1s efectiva a los desaf\u00edos econ\u00f3micos y ayudar\u00e1 a restaurar la confianza en el sistema financiero boliviano.<\/p>\n<p>&nbsp;<\/p>\n<p><em>El autor es Investigador y analista socioecon\u00f3mico.<\/em><\/p>\n","protected":false},"excerpt":{"rendered":"<p>Durante casi dos d\u00e9cadas, el Banco Central de Bolivia (BCB) ha dependido del Ministerio de Econom\u00eda y Finanzas P\u00fablicas en lugar de operar de manera independiente. La autonom\u00eda es crucial para que un banco central pueda tomar decisiones de pol\u00edtica monetaria sin influencias pol\u00edticas, manteniendo la credibilidad del sistema financiero y la confianza en la [&hellip;]<\/p>\n","protected":false},"author":1,"featured_media":213112,"comment_status":"open","ping_status":"open","sticky":false,"template":"","format":"standard","meta":{"_acf_changed":false,"footnotes":""},"categories":[9],"tags":[],"class_list":["post-223937","post","type-post","status-publish","format-standard","has-post-thumbnail","category-opinion"],"acf":{"antetitulo":""},"yoast_head":"<!-- This site is optimized with the Yoast SEO plugin v28.3 - https:\/\/yoast.com\/product\/yoast-seo-wordpress\/ -->\n<title>Escasez de d\u00f3lares en Bolivia: ra\u00edces de una crisis - El Diario - Bolivia<\/title>\n<meta name=\"robots\" content=\"index, follow, max-snippet:-1, max-image-preview:large, max-video-preview:-1\" \/>\n<link rel=\"canonical\" href=\"https:\/\/www.eldiario.net\/portal\/2024\/05\/30\/escasez-de-dolares-en-bolivia-raices-de-una-crisis\/\" \/>\n<meta property=\"og:locale\" content=\"es_ES\" \/>\n<meta property=\"og:type\" content=\"article\" \/>\n<meta property=\"og:title\" content=\"Escasez de d\u00f3lares en Bolivia: ra\u00edces de una crisis - El Diario - Bolivia\" \/>\n<meta property=\"og:description\" content=\"Durante casi dos d\u00e9cadas, el Banco Central de Bolivia (BCB) ha dependido del Ministerio de Econom\u00eda y Finanzas P\u00fablicas en lugar de operar de manera independiente. La autonom\u00eda es crucial para que un banco central pueda tomar decisiones de pol\u00edtica monetaria sin influencias pol\u00edticas, manteniendo la credibilidad del sistema financiero y la confianza en la [&hellip;]\" \/>\n<meta property=\"og:url\" content=\"https:\/\/www.eldiario.net\/portal\/2024\/05\/30\/escasez-de-dolares-en-bolivia-raices-de-una-crisis\/\" \/>\n<meta property=\"og:site_name\" content=\"El Diario - Bolivia\" \/>\n<meta property=\"article:publisher\" content=\"https:\/\/www.facebook.com\/eldiario.bolivia\/\" \/>\n<meta property=\"article:published_time\" content=\"2024-05-30T11:50:40+00:00\" \/>\n<meta property=\"og:image\" content=\"https:\/\/www.eldiario.net\/portal\/wp-content\/uploads\/2024\/04\/Miguel-Angel-Amonzabel-Gonzales.jpg\" \/>\n\t<meta property=\"og:image:width\" content=\"1200\" \/>\n\t<meta property=\"og:image:height\" content=\"628\" \/>\n\t<meta property=\"og:image:type\" content=\"image\/jpeg\" \/>\n<meta name=\"author\" content=\"Jeanette\" \/>\n<meta name=\"twitter:card\" content=\"summary_large_image\" \/>\n<meta name=\"twitter:creator\" content=\"@eldiario_net\" \/>\n<meta name=\"twitter:site\" content=\"@eldiario_net\" \/>\n<meta name=\"twitter:label1\" content=\"Escrito por\" \/>\n\t<meta name=\"twitter:data1\" content=\"Jeanette\" \/>\n\t<meta name=\"twitter:label2\" content=\"Tiempo de lectura\" \/>\n\t<meta name=\"twitter:data2\" content=\"5 minutos\" \/>\n<script type=\"application\/ld+json\" class=\"yoast-schema-graph\">{\"@context\":\"https:\\\/\\\/schema.org\",\"@graph\":[{\"@type\":\"Article\",\"@id\":\"https:\\\/\\\/www.eldiario.net\\\/portal\\\/2024\\\/05\\\/30\\\/escasez-de-dolares-en-bolivia-raices-de-una-crisis\\\/#article\",\"isPartOf\":{\"@id\":\"https:\\\/\\\/www.eldiario.net\\\/portal\\\/2024\\\/05\\\/30\\\/escasez-de-dolares-en-bolivia-raices-de-una-crisis\\\/\"},\"author\":{\"name\":\"Jeanette\",\"@id\":\"https:\\\/\\\/www.eldiario.net\\\/portal\\\/#\\\/schema\\\/person\\\/f46445640444750d7d753ccd04ae01b7\"},\"headline\":\"Escasez de d\u00f3lares en Bolivia: ra\u00edces de una crisis\",\"datePublished\":\"2024-05-30T11:50:40+00:00\",\"mainEntityOfPage\":{\"@id\":\"https:\\\/\\\/www.eldiario.net\\\/portal\\\/2024\\\/05\\\/30\\\/escasez-de-dolares-en-bolivia-raices-de-una-crisis\\\/\"},\"wordCount\":988,\"commentCount\":0,\"publisher\":{\"@id\":\"https:\\\/\\\/www.eldiario.net\\\/portal\\\/#organization\"},\"image\":{\"@id\":\"https:\\\/\\\/www.eldiario.net\\\/portal\\\/2024\\\/05\\\/30\\\/escasez-de-dolares-en-bolivia-raices-de-una-crisis\\\/#primaryimage\"},\"thumbnailUrl\":\"https:\\\/\\\/www.eldiario.net\\\/portal\\\/wp-content\\\/uploads\\\/2024\\\/04\\\/Miguel-Angel-Amonzabel-Gonzales.jpg\",\"articleSection\":[\"Opini\u00f3n\"],\"inLanguage\":\"es\",\"potentialAction\":[{\"@type\":\"CommentAction\",\"name\":\"Comment\",\"target\":[\"https:\\\/\\\/www.eldiario.net\\\/portal\\\/2024\\\/05\\\/30\\\/escasez-de-dolares-en-bolivia-raices-de-una-crisis\\\/#respond\"]}]},{\"@type\":\"WebPage\",\"@id\":\"https:\\\/\\\/www.eldiario.net\\\/portal\\\/2024\\\/05\\\/30\\\/escasez-de-dolares-en-bolivia-raices-de-una-crisis\\\/\",\"url\":\"https:\\\/\\\/www.eldiario.net\\\/portal\\\/2024\\\/05\\\/30\\\/escasez-de-dolares-en-bolivia-raices-de-una-crisis\\\/\",\"name\":\"Escasez de d\u00f3lares en Bolivia: ra\u00edces de una crisis - El Diario - Bolivia\",\"isPartOf\":{\"@id\":\"https:\\\/\\\/www.eldiario.net\\\/portal\\\/#website\"},\"primaryImageOfPage\":{\"@id\":\"https:\\\/\\\/www.eldiario.net\\\/portal\\\/2024\\\/05\\\/30\\\/escasez-de-dolares-en-bolivia-raices-de-una-crisis\\\/#primaryimage\"},\"image\":{\"@id\":\"https:\\\/\\\/www.eldiario.net\\\/portal\\\/2024\\\/05\\\/30\\\/escasez-de-dolares-en-bolivia-raices-de-una-crisis\\\/#primaryimage\"},\"thumbnailUrl\":\"https:\\\/\\\/www.eldiario.net\\\/portal\\\/wp-content\\\/uploads\\\/2024\\\/04\\\/Miguel-Angel-Amonzabel-Gonzales.jpg\",\"datePublished\":\"2024-05-30T11:50:40+00:00\",\"breadcrumb\":{\"@id\":\"https:\\\/\\\/www.eldiario.net\\\/portal\\\/2024\\\/05\\\/30\\\/escasez-de-dolares-en-bolivia-raices-de-una-crisis\\\/#breadcrumb\"},\"inLanguage\":\"es\",\"potentialAction\":[{\"@type\":\"ReadAction\",\"target\":[\"https:\\\/\\\/www.eldiario.net\\\/portal\\\/2024\\\/05\\\/30\\\/escasez-de-dolares-en-bolivia-raices-de-una-crisis\\\/\"]}]},{\"@type\":\"ImageObject\",\"inLanguage\":\"es\",\"@id\":\"https:\\\/\\\/www.eldiario.net\\\/portal\\\/2024\\\/05\\\/30\\\/escasez-de-dolares-en-bolivia-raices-de-una-crisis\\\/#primaryimage\",\"url\":\"https:\\\/\\\/www.eldiario.net\\\/portal\\\/wp-content\\\/uploads\\\/2024\\\/04\\\/Miguel-Angel-Amonzabel-Gonzales.jpg\",\"contentUrl\":\"https:\\\/\\\/www.eldiario.net\\\/portal\\\/wp-content\\\/uploads\\\/2024\\\/04\\\/Miguel-Angel-Amonzabel-Gonzales.jpg\",\"width\":1200,\"height\":628,\"caption\":\"Miguel \u00c1ngel Amonzabel Gonzales\"},{\"@type\":\"BreadcrumbList\",\"@id\":\"https:\\\/\\\/www.eldiario.net\\\/portal\\\/2024\\\/05\\\/30\\\/escasez-de-dolares-en-bolivia-raices-de-una-crisis\\\/#breadcrumb\",\"itemListElement\":[{\"@type\":\"ListItem\",\"position\":1,\"name\":\"Portada\",\"item\":\"https:\\\/\\\/www.eldiario.net\\\/portal\\\/\"},{\"@type\":\"ListItem\",\"position\":2,\"name\":\"Escasez de d\u00f3lares en Bolivia: ra\u00edces de una crisis\"}]},{\"@type\":\"WebSite\",\"@id\":\"https:\\\/\\\/www.eldiario.net\\\/portal\\\/#website\",\"url\":\"https:\\\/\\\/www.eldiario.net\\\/portal\\\/\",\"name\":\"El Diario - Decano de la prensa nacional\",\"description\":\"El Diario - Decano de la prensa nacional\",\"publisher\":{\"@id\":\"https:\\\/\\\/www.eldiario.net\\\/portal\\\/#organization\"},\"potentialAction\":[{\"@type\":\"SearchAction\",\"target\":{\"@type\":\"EntryPoint\",\"urlTemplate\":\"https:\\\/\\\/www.eldiario.net\\\/portal\\\/?s={search_term_string}\"},\"query-input\":{\"@type\":\"PropertyValueSpecification\",\"valueRequired\":true,\"valueName\":\"search_term_string\"}}],\"inLanguage\":\"es\"},{\"@type\":\"Organization\",\"@id\":\"https:\\\/\\\/www.eldiario.net\\\/portal\\\/#organization\",\"name\":\"El Diario - Decano de la prensa nacional\",\"url\":\"https:\\\/\\\/www.eldiario.net\\\/portal\\\/\",\"logo\":{\"@type\":\"ImageObject\",\"inLanguage\":\"es\",\"@id\":\"https:\\\/\\\/www.eldiario.net\\\/portal\\\/#\\\/schema\\\/logo\\\/image\\\/\",\"url\":\"https:\\\/\\\/www.eldiario.net\\\/portal\\\/wp-content\\\/uploads\\\/2023\\\/07\\\/logo_ED.jpg\",\"contentUrl\":\"https:\\\/\\\/www.eldiario.net\\\/portal\\\/wp-content\\\/uploads\\\/2023\\\/07\\\/logo_ED.jpg\",\"width\":272,\"height\":52,\"caption\":\"El Diario - Decano de la prensa nacional\"},\"image\":{\"@id\":\"https:\\\/\\\/www.eldiario.net\\\/portal\\\/#\\\/schema\\\/logo\\\/image\\\/\"},\"sameAs\":[\"https:\\\/\\\/www.facebook.com\\\/eldiario.bolivia\\\/\",\"https:\\\/\\\/x.com\\\/eldiario_net\"]},{\"@type\":\"Person\",\"@id\":\"https:\\\/\\\/www.eldiario.net\\\/portal\\\/#\\\/schema\\\/person\\\/f46445640444750d7d753ccd04ae01b7\",\"name\":\"Jeanette\",\"image\":{\"@type\":\"ImageObject\",\"inLanguage\":\"es\",\"@id\":\"https:\\\/\\\/secure.gravatar.com\\\/avatar\\\/3ea2118a5f7dad2b7138b1187a6b7ee55f160b9968b66013c3a3ef39dd7e5798?s=96&d=mm&r=g\",\"url\":\"https:\\\/\\\/secure.gravatar.com\\\/avatar\\\/3ea2118a5f7dad2b7138b1187a6b7ee55f160b9968b66013c3a3ef39dd7e5798?s=96&d=mm&r=g\",\"contentUrl\":\"https:\\\/\\\/secure.gravatar.com\\\/avatar\\\/3ea2118a5f7dad2b7138b1187a6b7ee55f160b9968b66013c3a3ef39dd7e5798?s=96&d=mm&r=g\",\"caption\":\"Jeanette\"},\"sameAs\":[\"https:\\\/\\\/www.eldiario.net\\\/portal\"],\"url\":\"https:\\\/\\\/www.eldiario.net\\\/portal\\\/author\\\/jeanette\\\/\"}]}<\/script>\n<!-- \/ Yoast SEO plugin. -->","yoast_head_json":{"title":"Escasez de d\u00f3lares en Bolivia: ra\u00edces de una crisis - El Diario - Bolivia","robots":{"index":"index","follow":"follow","max-snippet":"max-snippet:-1","max-image-preview":"max-image-preview:large","max-video-preview":"max-video-preview:-1"},"canonical":"https:\/\/www.eldiario.net\/portal\/2024\/05\/30\/escasez-de-dolares-en-bolivia-raices-de-una-crisis\/","og_locale":"es_ES","og_type":"article","og_title":"Escasez de d\u00f3lares en Bolivia: ra\u00edces de una crisis - El Diario - Bolivia","og_description":"Durante casi dos d\u00e9cadas, el Banco Central de Bolivia (BCB) ha dependido del Ministerio de Econom\u00eda y Finanzas P\u00fablicas en lugar de operar de manera independiente. La autonom\u00eda es crucial para que un banco central pueda tomar decisiones de pol\u00edtica monetaria sin influencias pol\u00edticas, manteniendo la credibilidad del sistema financiero y la confianza en la [&hellip;]","og_url":"https:\/\/www.eldiario.net\/portal\/2024\/05\/30\/escasez-de-dolares-en-bolivia-raices-de-una-crisis\/","og_site_name":"El Diario - Bolivia","article_publisher":"https:\/\/www.facebook.com\/eldiario.bolivia\/","article_published_time":"2024-05-30T11:50:40+00:00","og_image":[{"width":1200,"height":628,"url":"https:\/\/www.eldiario.net\/portal\/wp-content\/uploads\/2024\/04\/Miguel-Angel-Amonzabel-Gonzales.jpg","type":"image\/jpeg"}],"author":"Jeanette","twitter_card":"summary_large_image","twitter_creator":"@eldiario_net","twitter_site":"@eldiario_net","twitter_misc":{"Escrito por":"Jeanette","Tiempo de lectura":"5 minutos"},"schema":{"@context":"https:\/\/schema.org","@graph":[{"@type":"Article","@id":"https:\/\/www.eldiario.net\/portal\/2024\/05\/30\/escasez-de-dolares-en-bolivia-raices-de-una-crisis\/#article","isPartOf":{"@id":"https:\/\/www.eldiario.net\/portal\/2024\/05\/30\/escasez-de-dolares-en-bolivia-raices-de-una-crisis\/"},"author":{"name":"Jeanette","@id":"https:\/\/www.eldiario.net\/portal\/#\/schema\/person\/f46445640444750d7d753ccd04ae01b7"},"headline":"Escasez de d\u00f3lares en Bolivia: ra\u00edces de una crisis","datePublished":"2024-05-30T11:50:40+00:00","mainEntityOfPage":{"@id":"https:\/\/www.eldiario.net\/portal\/2024\/05\/30\/escasez-de-dolares-en-bolivia-raices-de-una-crisis\/"},"wordCount":988,"commentCount":0,"publisher":{"@id":"https:\/\/www.eldiario.net\/portal\/#organization"},"image":{"@id":"https:\/\/www.eldiario.net\/portal\/2024\/05\/30\/escasez-de-dolares-en-bolivia-raices-de-una-crisis\/#primaryimage"},"thumbnailUrl":"https:\/\/www.eldiario.net\/portal\/wp-content\/uploads\/2024\/04\/Miguel-Angel-Amonzabel-Gonzales.jpg","articleSection":["Opini\u00f3n"],"inLanguage":"es","potentialAction":[{"@type":"CommentAction","name":"Comment","target":["https:\/\/www.eldiario.net\/portal\/2024\/05\/30\/escasez-de-dolares-en-bolivia-raices-de-una-crisis\/#respond"]}]},{"@type":"WebPage","@id":"https:\/\/www.eldiario.net\/portal\/2024\/05\/30\/escasez-de-dolares-en-bolivia-raices-de-una-crisis\/","url":"https:\/\/www.eldiario.net\/portal\/2024\/05\/30\/escasez-de-dolares-en-bolivia-raices-de-una-crisis\/","name":"Escasez de d\u00f3lares en Bolivia: ra\u00edces de una crisis - El Diario - Bolivia","isPartOf":{"@id":"https:\/\/www.eldiario.net\/portal\/#website"},"primaryImageOfPage":{"@id":"https:\/\/www.eldiario.net\/portal\/2024\/05\/30\/escasez-de-dolares-en-bolivia-raices-de-una-crisis\/#primaryimage"},"image":{"@id":"https:\/\/www.eldiario.net\/portal\/2024\/05\/30\/escasez-de-dolares-en-bolivia-raices-de-una-crisis\/#primaryimage"},"thumbnailUrl":"https:\/\/www.eldiario.net\/portal\/wp-content\/uploads\/2024\/04\/Miguel-Angel-Amonzabel-Gonzales.jpg","datePublished":"2024-05-30T11:50:40+00:00","breadcrumb":{"@id":"https:\/\/www.eldiario.net\/portal\/2024\/05\/30\/escasez-de-dolares-en-bolivia-raices-de-una-crisis\/#breadcrumb"},"inLanguage":"es","potentialAction":[{"@type":"ReadAction","target":["https:\/\/www.eldiario.net\/portal\/2024\/05\/30\/escasez-de-dolares-en-bolivia-raices-de-una-crisis\/"]}]},{"@type":"ImageObject","inLanguage":"es","@id":"https:\/\/www.eldiario.net\/portal\/2024\/05\/30\/escasez-de-dolares-en-bolivia-raices-de-una-crisis\/#primaryimage","url":"https:\/\/www.eldiario.net\/portal\/wp-content\/uploads\/2024\/04\/Miguel-Angel-Amonzabel-Gonzales.jpg","contentUrl":"https:\/\/www.eldiario.net\/portal\/wp-content\/uploads\/2024\/04\/Miguel-Angel-Amonzabel-Gonzales.jpg","width":1200,"height":628,"caption":"Miguel \u00c1ngel Amonzabel Gonzales"},{"@type":"BreadcrumbList","@id":"https:\/\/www.eldiario.net\/portal\/2024\/05\/30\/escasez-de-dolares-en-bolivia-raices-de-una-crisis\/#breadcrumb","itemListElement":[{"@type":"ListItem","position":1,"name":"Portada","item":"https:\/\/www.eldiario.net\/portal\/"},{"@type":"ListItem","position":2,"name":"Escasez de d\u00f3lares en Bolivia: ra\u00edces de una crisis"}]},{"@type":"WebSite","@id":"https:\/\/www.eldiario.net\/portal\/#website","url":"https:\/\/www.eldiario.net\/portal\/","name":"El Diario - Decano de la prensa nacional","description":"El Diario - Decano de la prensa nacional","publisher":{"@id":"https:\/\/www.eldiario.net\/portal\/#organization"},"potentialAction":[{"@type":"SearchAction","target":{"@type":"EntryPoint","urlTemplate":"https:\/\/www.eldiario.net\/portal\/?s={search_term_string}"},"query-input":{"@type":"PropertyValueSpecification","valueRequired":true,"valueName":"search_term_string"}}],"inLanguage":"es"},{"@type":"Organization","@id":"https:\/\/www.eldiario.net\/portal\/#organization","name":"El Diario - Decano de la prensa nacional","url":"https:\/\/www.eldiario.net\/portal\/","logo":{"@type":"ImageObject","inLanguage":"es","@id":"https:\/\/www.eldiario.net\/portal\/#\/schema\/logo\/image\/","url":"https:\/\/www.eldiario.net\/portal\/wp-content\/uploads\/2023\/07\/logo_ED.jpg","contentUrl":"https:\/\/www.eldiario.net\/portal\/wp-content\/uploads\/2023\/07\/logo_ED.jpg","width":272,"height":52,"caption":"El Diario - Decano de la prensa nacional"},"image":{"@id":"https:\/\/www.eldiario.net\/portal\/#\/schema\/logo\/image\/"},"sameAs":["https:\/\/www.facebook.com\/eldiario.bolivia\/","https:\/\/x.com\/eldiario_net"]},{"@type":"Person","@id":"https:\/\/www.eldiario.net\/portal\/#\/schema\/person\/f46445640444750d7d753ccd04ae01b7","name":"Jeanette","image":{"@type":"ImageObject","inLanguage":"es","@id":"https:\/\/secure.gravatar.com\/avatar\/3ea2118a5f7dad2b7138b1187a6b7ee55f160b9968b66013c3a3ef39dd7e5798?s=96&d=mm&r=g","url":"https:\/\/secure.gravatar.com\/avatar\/3ea2118a5f7dad2b7138b1187a6b7ee55f160b9968b66013c3a3ef39dd7e5798?s=96&d=mm&r=g","contentUrl":"https:\/\/secure.gravatar.com\/avatar\/3ea2118a5f7dad2b7138b1187a6b7ee55f160b9968b66013c3a3ef39dd7e5798?s=96&d=mm&r=g","caption":"Jeanette"},"sameAs":["https:\/\/www.eldiario.net\/portal"],"url":"https:\/\/www.eldiario.net\/portal\/author\/jeanette\/"}]}},"_links":{"self":[{"href":"https:\/\/www.eldiario.net\/portal\/wp-json\/wp\/v2\/posts\/223937","targetHints":{"allow":["GET"]}}],"collection":[{"href":"https:\/\/www.eldiario.net\/portal\/wp-json\/wp\/v2\/posts"}],"about":[{"href":"https:\/\/www.eldiario.net\/portal\/wp-json\/wp\/v2\/types\/post"}],"author":[{"embeddable":true,"href":"https:\/\/www.eldiario.net\/portal\/wp-json\/wp\/v2\/users\/1"}],"replies":[{"embeddable":true,"href":"https:\/\/www.eldiario.net\/portal\/wp-json\/wp\/v2\/comments?post=223937"}],"version-history":[{"count":1,"href":"https:\/\/www.eldiario.net\/portal\/wp-json\/wp\/v2\/posts\/223937\/revisions"}],"predecessor-version":[{"id":223938,"href":"https:\/\/www.eldiario.net\/portal\/wp-json\/wp\/v2\/posts\/223937\/revisions\/223938"}],"wp:featuredmedia":[{"embeddable":true,"href":"https:\/\/www.eldiario.net\/portal\/wp-json\/wp\/v2\/media\/213112"}],"wp:attachment":[{"href":"https:\/\/www.eldiario.net\/portal\/wp-json\/wp\/v2\/media?parent=223937"}],"wp:term":[{"taxonomy":"category","embeddable":true,"href":"https:\/\/www.eldiario.net\/portal\/wp-json\/wp\/v2\/categories?post=223937"},{"taxonomy":"post_tag","embeddable":true,"href":"https:\/\/www.eldiario.net\/portal\/wp-json\/wp\/v2\/tags?post=223937"}],"curies":[{"name":"wp","href":"https:\/\/api.w.org\/{rel}","templated":true}]}}