{"id":223933,"date":"2024-05-30T07:48:50","date_gmt":"2024-05-30T11:48:50","guid":{"rendered":"https:\/\/www.eldiario.net\/portal\/?p=223933"},"modified":"2024-05-30T07:48:50","modified_gmt":"2024-05-30T11:48:50","slug":"debieran-brillar-mas-los-colores","status":"publish","type":"post","link":"https:\/\/www.eldiario.net\/portal\/2024\/05\/30\/debieran-brillar-mas-los-colores\/","title":{"rendered":"Debieran brillar m\u00e1s los colores"},"content":{"rendered":"<p>Antes que en la escuela nos ense\u00f1en los llamados colores primarios, cuando venimos al mundo \u2013cuando se puede\u2013, se coloca encima del beb\u00e9 algo as\u00ed como especie de esferas de diferentes colores, siendo uno de ellos el rojo (1), sin conocer a esa edad que el mismo suele utilizarse para se\u00f1alar peligro, advertencia (en se\u00f1ales de tr\u00e1nsito, por ejemplo), pero s\u00ed posiblemente es el que m\u00e1s llama la atenci\u00f3n.<\/p>\n<p>Pero adem\u00e1s de ser adquiridos los colores a trav\u00e9s de los juguetes, lo m\u00e1s com\u00fan es que los percibamos cuando comenzamos a ver la magia de la naturaleza a trav\u00e9s de las flores, el cielo, el color del agua, el fuego, los cuales resultan atractivos a simple vista.<\/p>\n<p>\u00bfColores primarios? Los colores primarios (2) son aquellos que no se pueden obtener mediante la mezcla de ning\u00fan color, es decir, son colores absolutos con caracter\u00edsticas plenamente diferenciadas entre s\u00ed, por ejemplo: el azul, verde y rojo.<\/p>\n<p>Ya una mezcla de dos colores primarios en iguales proporciones pasar\u00e1 a la clasificaci\u00f3n de colores secundarios (3), por ejemplo: Azul y verde = cian; Azul y rojo = magenta; y Verde y rojo = amarillo.<\/p>\n<p>\u00bfY en el caso particular del blanco? Resulta de la mezcla de tres colores primarios: rojo, verde y azul, de aqu\u00ed que se clasifique como color terciario.<\/p>\n<p>Hasta aqu\u00ed pareciera ser una clase de \u00bfpre -kinder o kinder? Donde estamos ense\u00f1ando los colores y su clasificaci\u00f3n, que m\u00e1s all\u00e1 del aprendizaje o recordatorio para los que tenemos algunos a\u00f1os, el mensaje es la necesidad de que a trav\u00e9s de los colores \u2013 sin distinci\u00f3n de clasificaci\u00f3n (primario, secundario o terciario) \u2013 los mismos nos conlleven al disfrute y a la necesidad conservar la naturaleza misma.<\/p>\n<p>Algo as\u00ed como ver la vida a trav\u00e9s de un prisma, donde a partir de una luz blanca, la cual se descompone en colores b\u00e1sicos como el rojo, naranja, amarillo, verde, azul y violeta, lo cual solemos encontrar en el arco\u00edris.<\/p>\n<p>\u00bfPor qu\u00e9 la naturaleza? La naturaleza contribuye en gran medida a protegernos y sustentar nuestra vida diaria, jugando un papel esencial porque nos proporciona aire limpio y agua potable, ropa, alimentos y materias primas que utilizamos para el cuidado de nuestra propia salud, adem\u00e1s de protegernos.<\/p>\n<p>Qu\u00e9 m\u00e1s agradable que una visita a una zona rural, al campo, llenos de \u00e1rboles, r\u00edos que irrumpen entre los surcos de las monta\u00f1as, aves que trinan y que, en muchos casos, \u00e9stos por su belleza (\u00e1rboles, monta\u00f1as, flores, y aves) suelen ser identificadas como parte de nuestros s\u00edmbolos patrios.<\/p>\n<p>No podemos obviar colores exuberantes que suelen ser modas, otros antag\u00f3nicos como el blanco y el negro, pero tambi\u00e9n muy llamativos para el vestir.<\/p>\n<p>Pero, ya que al ser humanos tenemos la capacidad de asociar los colores a hechos, el gris con la tristeza, el negro con la oscuridad y el miedo, el mismo rojo con la sangre, etc.; dir\u00eda que bien vale la pena asociar a nuestras vidas aquellos colores que por su impacto nos ayuden a ser m\u00e1s felices, el rojo, pero en se\u00f1al de amor, el amarillo como alegr\u00eda.<\/p>\n<p>No dudo que la vida es un mundo de colores, pero si bien conocemos la frase \u00abpara gusto, colores\u00bb, acepte y conviva con los que m\u00e1s le agrade, tratando con ello de que su vida y las personas que le rodeen sean felices.<\/p>\n<p>&nbsp;<\/p>\n<p><strong>Notas<\/strong><\/p>\n<p>1)\u00a0 El rojo es un color energ\u00e9tico, vital, s\u00edmbolo de poder y pasi\u00f3n. En la cultura china representa la buena suerte, el progreso y la belleza. En el budismo es el color de la sabidur\u00eda, fortuna y virtud. En la India simboliza pureza y riqueza.<\/p>\n<p>2)\u00a0 Son planteadas tres clasificaciones: RGB, llamado tambi\u00e9n \u201cs\u00edntesis aditiva del color\u201d; el CMYK y el tradicional o RYB y, en todos los casos, como primarios el azul, verde y rojo.<\/p>\n<p>3)\u00a0 Para el sistema RGB.<\/p>\n","protected":false},"excerpt":{"rendered":"<p>Antes que en la escuela nos ense\u00f1en los llamados colores primarios, cuando venimos al mundo \u2013cuando se puede\u2013, se coloca encima del beb\u00e9 algo as\u00ed como especie de esferas de diferentes colores, siendo uno de ellos el rojo (1), sin conocer a esa edad que el mismo suele utilizarse para se\u00f1alar peligro, advertencia (en se\u00f1ales [&hellip;]<\/p>\n","protected":false},"author":1,"featured_media":160310,"comment_status":"open","ping_status":"open","sticky":false,"template":"","format":"standard","meta":{"_acf_changed":false,"footnotes":""},"categories":[9],"tags":[],"class_list":["post-223933","post","type-post","status-publish","format-standard","has-post-thumbnail","category-opinion"],"acf":{"antetitulo":""},"yoast_head":"<!-- This site is optimized with the Yoast SEO plugin v28.3 - https:\/\/yoast.com\/product\/yoast-seo-wordpress\/ -->\n<title>Debieran brillar m\u00e1s los colores - El Diario - Bolivia<\/title>\n<meta name=\"robots\" content=\"index, follow, max-snippet:-1, max-image-preview:large, max-video-preview:-1\" \/>\n<link rel=\"canonical\" href=\"https:\/\/www.eldiario.net\/portal\/2024\/05\/30\/debieran-brillar-mas-los-colores\/\" \/>\n<meta property=\"og:locale\" content=\"es_ES\" \/>\n<meta property=\"og:type\" content=\"article\" \/>\n<meta property=\"og:title\" content=\"Debieran brillar m\u00e1s los colores - El Diario - Bolivia\" \/>\n<meta property=\"og:description\" content=\"Antes que en la escuela nos ense\u00f1en los llamados colores primarios, cuando venimos al mundo \u2013cuando se puede\u2013, se coloca encima del beb\u00e9 algo as\u00ed como especie de esferas de diferentes colores, siendo uno de ellos el rojo (1), sin conocer a esa edad que el mismo suele utilizarse para se\u00f1alar peligro, advertencia (en se\u00f1ales [&hellip;]\" \/>\n<meta property=\"og:url\" content=\"https:\/\/www.eldiario.net\/portal\/2024\/05\/30\/debieran-brillar-mas-los-colores\/\" \/>\n<meta property=\"og:site_name\" content=\"El Diario - Bolivia\" \/>\n<meta property=\"article:publisher\" content=\"https:\/\/www.facebook.com\/eldiario.bolivia\/\" \/>\n<meta property=\"article:published_time\" content=\"2024-05-30T11:48:50+00:00\" \/>\n<meta property=\"og:image\" content=\"https:\/\/www.eldiario.net\/portal\/wp-content\/uploads\/2023\/06\/Ernesto-Gonzalez-Valdes.jpg\" \/>\n\t<meta property=\"og:image:width\" content=\"1200\" \/>\n\t<meta property=\"og:image:height\" content=\"628\" \/>\n\t<meta property=\"og:image:type\" content=\"image\/jpeg\" \/>\n<meta name=\"author\" content=\"Jeanette\" \/>\n<meta name=\"twitter:card\" content=\"summary_large_image\" \/>\n<meta name=\"twitter:creator\" content=\"@eldiario_net\" \/>\n<meta name=\"twitter:site\" content=\"@eldiario_net\" \/>\n<meta name=\"twitter:label1\" content=\"Escrito por\" \/>\n\t<meta name=\"twitter:data1\" content=\"Jeanette\" \/>\n\t<meta name=\"twitter:label2\" content=\"Tiempo de lectura\" \/>\n\t<meta name=\"twitter:data2\" content=\"4 minutos\" \/>\n<script type=\"application\/ld+json\" class=\"yoast-schema-graph\">{\"@context\":\"https:\\\/\\\/schema.org\",\"@graph\":[{\"@type\":\"Article\",\"@id\":\"https:\\\/\\\/www.eldiario.net\\\/portal\\\/2024\\\/05\\\/30\\\/debieran-brillar-mas-los-colores\\\/#article\",\"isPartOf\":{\"@id\":\"https:\\\/\\\/www.eldiario.net\\\/portal\\\/2024\\\/05\\\/30\\\/debieran-brillar-mas-los-colores\\\/\"},\"author\":{\"name\":\"Jeanette\",\"@id\":\"https:\\\/\\\/www.eldiario.net\\\/portal\\\/#\\\/schema\\\/person\\\/f46445640444750d7d753ccd04ae01b7\"},\"headline\":\"Debieran brillar m\u00e1s los colores\",\"datePublished\":\"2024-05-30T11:48:50+00:00\",\"mainEntityOfPage\":{\"@id\":\"https:\\\/\\\/www.eldiario.net\\\/portal\\\/2024\\\/05\\\/30\\\/debieran-brillar-mas-los-colores\\\/\"},\"wordCount\":678,\"commentCount\":0,\"publisher\":{\"@id\":\"https:\\\/\\\/www.eldiario.net\\\/portal\\\/#organization\"},\"image\":{\"@id\":\"https:\\\/\\\/www.eldiario.net\\\/portal\\\/2024\\\/05\\\/30\\\/debieran-brillar-mas-los-colores\\\/#primaryimage\"},\"thumbnailUrl\":\"https:\\\/\\\/www.eldiario.net\\\/portal\\\/wp-content\\\/uploads\\\/2023\\\/06\\\/Ernesto-Gonzalez-Valdes.jpg\",\"articleSection\":[\"Opini\u00f3n\"],\"inLanguage\":\"es\",\"potentialAction\":[{\"@type\":\"CommentAction\",\"name\":\"Comment\",\"target\":[\"https:\\\/\\\/www.eldiario.net\\\/portal\\\/2024\\\/05\\\/30\\\/debieran-brillar-mas-los-colores\\\/#respond\"]}]},{\"@type\":\"WebPage\",\"@id\":\"https:\\\/\\\/www.eldiario.net\\\/portal\\\/2024\\\/05\\\/30\\\/debieran-brillar-mas-los-colores\\\/\",\"url\":\"https:\\\/\\\/www.eldiario.net\\\/portal\\\/2024\\\/05\\\/30\\\/debieran-brillar-mas-los-colores\\\/\",\"name\":\"Debieran brillar m\u00e1s los colores - El Diario - Bolivia\",\"isPartOf\":{\"@id\":\"https:\\\/\\\/www.eldiario.net\\\/portal\\\/#website\"},\"primaryImageOfPage\":{\"@id\":\"https:\\\/\\\/www.eldiario.net\\\/portal\\\/2024\\\/05\\\/30\\\/debieran-brillar-mas-los-colores\\\/#primaryimage\"},\"image\":{\"@id\":\"https:\\\/\\\/www.eldiario.net\\\/portal\\\/2024\\\/05\\\/30\\\/debieran-brillar-mas-los-colores\\\/#primaryimage\"},\"thumbnailUrl\":\"https:\\\/\\\/www.eldiario.net\\\/portal\\\/wp-content\\\/uploads\\\/2023\\\/06\\\/Ernesto-Gonzalez-Valdes.jpg\",\"datePublished\":\"2024-05-30T11:48:50+00:00\",\"breadcrumb\":{\"@id\":\"https:\\\/\\\/www.eldiario.net\\\/portal\\\/2024\\\/05\\\/30\\\/debieran-brillar-mas-los-colores\\\/#breadcrumb\"},\"inLanguage\":\"es\",\"potentialAction\":[{\"@type\":\"ReadAction\",\"target\":[\"https:\\\/\\\/www.eldiario.net\\\/portal\\\/2024\\\/05\\\/30\\\/debieran-brillar-mas-los-colores\\\/\"]}]},{\"@type\":\"ImageObject\",\"inLanguage\":\"es\",\"@id\":\"https:\\\/\\\/www.eldiario.net\\\/portal\\\/2024\\\/05\\\/30\\\/debieran-brillar-mas-los-colores\\\/#primaryimage\",\"url\":\"https:\\\/\\\/www.eldiario.net\\\/portal\\\/wp-content\\\/uploads\\\/2023\\\/06\\\/Ernesto-Gonzalez-Valdes.jpg\",\"contentUrl\":\"https:\\\/\\\/www.eldiario.net\\\/portal\\\/wp-content\\\/uploads\\\/2023\\\/06\\\/Ernesto-Gonzalez-Valdes.jpg\",\"width\":1200,\"height\":628,\"caption\":\"Ernesto Gonz\u00e1lez Vald\u00e9s\"},{\"@type\":\"BreadcrumbList\",\"@id\":\"https:\\\/\\\/www.eldiario.net\\\/portal\\\/2024\\\/05\\\/30\\\/debieran-brillar-mas-los-colores\\\/#breadcrumb\",\"itemListElement\":[{\"@type\":\"ListItem\",\"position\":1,\"name\":\"Portada\",\"item\":\"https:\\\/\\\/www.eldiario.net\\\/portal\\\/\"},{\"@type\":\"ListItem\",\"position\":2,\"name\":\"Debieran brillar m\u00e1s los colores\"}]},{\"@type\":\"WebSite\",\"@id\":\"https:\\\/\\\/www.eldiario.net\\\/portal\\\/#website\",\"url\":\"https:\\\/\\\/www.eldiario.net\\\/portal\\\/\",\"name\":\"El Diario - Decano de la prensa nacional\",\"description\":\"El Diario - Decano de la prensa nacional\",\"publisher\":{\"@id\":\"https:\\\/\\\/www.eldiario.net\\\/portal\\\/#organization\"},\"potentialAction\":[{\"@type\":\"SearchAction\",\"target\":{\"@type\":\"EntryPoint\",\"urlTemplate\":\"https:\\\/\\\/www.eldiario.net\\\/portal\\\/?s={search_term_string}\"},\"query-input\":{\"@type\":\"PropertyValueSpecification\",\"valueRequired\":true,\"valueName\":\"search_term_string\"}}],\"inLanguage\":\"es\"},{\"@type\":\"Organization\",\"@id\":\"https:\\\/\\\/www.eldiario.net\\\/portal\\\/#organization\",\"name\":\"El Diario - Decano de la prensa nacional\",\"url\":\"https:\\\/\\\/www.eldiario.net\\\/portal\\\/\",\"logo\":{\"@type\":\"ImageObject\",\"inLanguage\":\"es\",\"@id\":\"https:\\\/\\\/www.eldiario.net\\\/portal\\\/#\\\/schema\\\/logo\\\/image\\\/\",\"url\":\"https:\\\/\\\/www.eldiario.net\\\/portal\\\/wp-content\\\/uploads\\\/2023\\\/07\\\/logo_ED.jpg\",\"contentUrl\":\"https:\\\/\\\/www.eldiario.net\\\/portal\\\/wp-content\\\/uploads\\\/2023\\\/07\\\/logo_ED.jpg\",\"width\":272,\"height\":52,\"caption\":\"El Diario - Decano de la prensa nacional\"},\"image\":{\"@id\":\"https:\\\/\\\/www.eldiario.net\\\/portal\\\/#\\\/schema\\\/logo\\\/image\\\/\"},\"sameAs\":[\"https:\\\/\\\/www.facebook.com\\\/eldiario.bolivia\\\/\",\"https:\\\/\\\/x.com\\\/eldiario_net\"]},{\"@type\":\"Person\",\"@id\":\"https:\\\/\\\/www.eldiario.net\\\/portal\\\/#\\\/schema\\\/person\\\/f46445640444750d7d753ccd04ae01b7\",\"name\":\"Jeanette\",\"image\":{\"@type\":\"ImageObject\",\"inLanguage\":\"es\",\"@id\":\"https:\\\/\\\/secure.gravatar.com\\\/avatar\\\/3ea2118a5f7dad2b7138b1187a6b7ee55f160b9968b66013c3a3ef39dd7e5798?s=96&d=mm&r=g\",\"url\":\"https:\\\/\\\/secure.gravatar.com\\\/avatar\\\/3ea2118a5f7dad2b7138b1187a6b7ee55f160b9968b66013c3a3ef39dd7e5798?s=96&d=mm&r=g\",\"contentUrl\":\"https:\\\/\\\/secure.gravatar.com\\\/avatar\\\/3ea2118a5f7dad2b7138b1187a6b7ee55f160b9968b66013c3a3ef39dd7e5798?s=96&d=mm&r=g\",\"caption\":\"Jeanette\"},\"sameAs\":[\"https:\\\/\\\/www.eldiario.net\\\/portal\"],\"url\":\"https:\\\/\\\/www.eldiario.net\\\/portal\\\/author\\\/jeanette\\\/\"}]}<\/script>\n<!-- \/ Yoast SEO plugin. -->","yoast_head_json":{"title":"Debieran brillar m\u00e1s los colores - El Diario - Bolivia","robots":{"index":"index","follow":"follow","max-snippet":"max-snippet:-1","max-image-preview":"max-image-preview:large","max-video-preview":"max-video-preview:-1"},"canonical":"https:\/\/www.eldiario.net\/portal\/2024\/05\/30\/debieran-brillar-mas-los-colores\/","og_locale":"es_ES","og_type":"article","og_title":"Debieran brillar m\u00e1s los colores - El Diario - Bolivia","og_description":"Antes que en la escuela nos ense\u00f1en los llamados colores primarios, cuando venimos al mundo \u2013cuando se puede\u2013, se coloca encima del beb\u00e9 algo as\u00ed como especie de esferas de diferentes colores, siendo uno de ellos el rojo (1), sin conocer a esa edad que el mismo suele utilizarse para se\u00f1alar peligro, advertencia (en se\u00f1ales [&hellip;]","og_url":"https:\/\/www.eldiario.net\/portal\/2024\/05\/30\/debieran-brillar-mas-los-colores\/","og_site_name":"El Diario - Bolivia","article_publisher":"https:\/\/www.facebook.com\/eldiario.bolivia\/","article_published_time":"2024-05-30T11:48:50+00:00","og_image":[{"width":1200,"height":628,"url":"https:\/\/www.eldiario.net\/portal\/wp-content\/uploads\/2023\/06\/Ernesto-Gonzalez-Valdes.jpg","type":"image\/jpeg"}],"author":"Jeanette","twitter_card":"summary_large_image","twitter_creator":"@eldiario_net","twitter_site":"@eldiario_net","twitter_misc":{"Escrito por":"Jeanette","Tiempo de lectura":"4 minutos"},"schema":{"@context":"https:\/\/schema.org","@graph":[{"@type":"Article","@id":"https:\/\/www.eldiario.net\/portal\/2024\/05\/30\/debieran-brillar-mas-los-colores\/#article","isPartOf":{"@id":"https:\/\/www.eldiario.net\/portal\/2024\/05\/30\/debieran-brillar-mas-los-colores\/"},"author":{"name":"Jeanette","@id":"https:\/\/www.eldiario.net\/portal\/#\/schema\/person\/f46445640444750d7d753ccd04ae01b7"},"headline":"Debieran brillar m\u00e1s los colores","datePublished":"2024-05-30T11:48:50+00:00","mainEntityOfPage":{"@id":"https:\/\/www.eldiario.net\/portal\/2024\/05\/30\/debieran-brillar-mas-los-colores\/"},"wordCount":678,"commentCount":0,"publisher":{"@id":"https:\/\/www.eldiario.net\/portal\/#organization"},"image":{"@id":"https:\/\/www.eldiario.net\/portal\/2024\/05\/30\/debieran-brillar-mas-los-colores\/#primaryimage"},"thumbnailUrl":"https:\/\/www.eldiario.net\/portal\/wp-content\/uploads\/2023\/06\/Ernesto-Gonzalez-Valdes.jpg","articleSection":["Opini\u00f3n"],"inLanguage":"es","potentialAction":[{"@type":"CommentAction","name":"Comment","target":["https:\/\/www.eldiario.net\/portal\/2024\/05\/30\/debieran-brillar-mas-los-colores\/#respond"]}]},{"@type":"WebPage","@id":"https:\/\/www.eldiario.net\/portal\/2024\/05\/30\/debieran-brillar-mas-los-colores\/","url":"https:\/\/www.eldiario.net\/portal\/2024\/05\/30\/debieran-brillar-mas-los-colores\/","name":"Debieran brillar m\u00e1s los colores - El Diario - Bolivia","isPartOf":{"@id":"https:\/\/www.eldiario.net\/portal\/#website"},"primaryImageOfPage":{"@id":"https:\/\/www.eldiario.net\/portal\/2024\/05\/30\/debieran-brillar-mas-los-colores\/#primaryimage"},"image":{"@id":"https:\/\/www.eldiario.net\/portal\/2024\/05\/30\/debieran-brillar-mas-los-colores\/#primaryimage"},"thumbnailUrl":"https:\/\/www.eldiario.net\/portal\/wp-content\/uploads\/2023\/06\/Ernesto-Gonzalez-Valdes.jpg","datePublished":"2024-05-30T11:48:50+00:00","breadcrumb":{"@id":"https:\/\/www.eldiario.net\/portal\/2024\/05\/30\/debieran-brillar-mas-los-colores\/#breadcrumb"},"inLanguage":"es","potentialAction":[{"@type":"ReadAction","target":["https:\/\/www.eldiario.net\/portal\/2024\/05\/30\/debieran-brillar-mas-los-colores\/"]}]},{"@type":"ImageObject","inLanguage":"es","@id":"https:\/\/www.eldiario.net\/portal\/2024\/05\/30\/debieran-brillar-mas-los-colores\/#primaryimage","url":"https:\/\/www.eldiario.net\/portal\/wp-content\/uploads\/2023\/06\/Ernesto-Gonzalez-Valdes.jpg","contentUrl":"https:\/\/www.eldiario.net\/portal\/wp-content\/uploads\/2023\/06\/Ernesto-Gonzalez-Valdes.jpg","width":1200,"height":628,"caption":"Ernesto Gonz\u00e1lez Vald\u00e9s"},{"@type":"BreadcrumbList","@id":"https:\/\/www.eldiario.net\/portal\/2024\/05\/30\/debieran-brillar-mas-los-colores\/#breadcrumb","itemListElement":[{"@type":"ListItem","position":1,"name":"Portada","item":"https:\/\/www.eldiario.net\/portal\/"},{"@type":"ListItem","position":2,"name":"Debieran brillar m\u00e1s los colores"}]},{"@type":"WebSite","@id":"https:\/\/www.eldiario.net\/portal\/#website","url":"https:\/\/www.eldiario.net\/portal\/","name":"El Diario - Decano de la prensa nacional","description":"El Diario - Decano de la prensa nacional","publisher":{"@id":"https:\/\/www.eldiario.net\/portal\/#organization"},"potentialAction":[{"@type":"SearchAction","target":{"@type":"EntryPoint","urlTemplate":"https:\/\/www.eldiario.net\/portal\/?s={search_term_string}"},"query-input":{"@type":"PropertyValueSpecification","valueRequired":true,"valueName":"search_term_string"}}],"inLanguage":"es"},{"@type":"Organization","@id":"https:\/\/www.eldiario.net\/portal\/#organization","name":"El Diario - Decano de la prensa nacional","url":"https:\/\/www.eldiario.net\/portal\/","logo":{"@type":"ImageObject","inLanguage":"es","@id":"https:\/\/www.eldiario.net\/portal\/#\/schema\/logo\/image\/","url":"https:\/\/www.eldiario.net\/portal\/wp-content\/uploads\/2023\/07\/logo_ED.jpg","contentUrl":"https:\/\/www.eldiario.net\/portal\/wp-content\/uploads\/2023\/07\/logo_ED.jpg","width":272,"height":52,"caption":"El Diario - Decano de la prensa nacional"},"image":{"@id":"https:\/\/www.eldiario.net\/portal\/#\/schema\/logo\/image\/"},"sameAs":["https:\/\/www.facebook.com\/eldiario.bolivia\/","https:\/\/x.com\/eldiario_net"]},{"@type":"Person","@id":"https:\/\/www.eldiario.net\/portal\/#\/schema\/person\/f46445640444750d7d753ccd04ae01b7","name":"Jeanette","image":{"@type":"ImageObject","inLanguage":"es","@id":"https:\/\/secure.gravatar.com\/avatar\/3ea2118a5f7dad2b7138b1187a6b7ee55f160b9968b66013c3a3ef39dd7e5798?s=96&d=mm&r=g","url":"https:\/\/secure.gravatar.com\/avatar\/3ea2118a5f7dad2b7138b1187a6b7ee55f160b9968b66013c3a3ef39dd7e5798?s=96&d=mm&r=g","contentUrl":"https:\/\/secure.gravatar.com\/avatar\/3ea2118a5f7dad2b7138b1187a6b7ee55f160b9968b66013c3a3ef39dd7e5798?s=96&d=mm&r=g","caption":"Jeanette"},"sameAs":["https:\/\/www.eldiario.net\/portal"],"url":"https:\/\/www.eldiario.net\/portal\/author\/jeanette\/"}]}},"_links":{"self":[{"href":"https:\/\/www.eldiario.net\/portal\/wp-json\/wp\/v2\/posts\/223933","targetHints":{"allow":["GET"]}}],"collection":[{"href":"https:\/\/www.eldiario.net\/portal\/wp-json\/wp\/v2\/posts"}],"about":[{"href":"https:\/\/www.eldiario.net\/portal\/wp-json\/wp\/v2\/types\/post"}],"author":[{"embeddable":true,"href":"https:\/\/www.eldiario.net\/portal\/wp-json\/wp\/v2\/users\/1"}],"replies":[{"embeddable":true,"href":"https:\/\/www.eldiario.net\/portal\/wp-json\/wp\/v2\/comments?post=223933"}],"version-history":[{"count":1,"href":"https:\/\/www.eldiario.net\/portal\/wp-json\/wp\/v2\/posts\/223933\/revisions"}],"predecessor-version":[{"id":223934,"href":"https:\/\/www.eldiario.net\/portal\/wp-json\/wp\/v2\/posts\/223933\/revisions\/223934"}],"wp:featuredmedia":[{"embeddable":true,"href":"https:\/\/www.eldiario.net\/portal\/wp-json\/wp\/v2\/media\/160310"}],"wp:attachment":[{"href":"https:\/\/www.eldiario.net\/portal\/wp-json\/wp\/v2\/media?parent=223933"}],"wp:term":[{"taxonomy":"category","embeddable":true,"href":"https:\/\/www.eldiario.net\/portal\/wp-json\/wp\/v2\/categories?post=223933"},{"taxonomy":"post_tag","embeddable":true,"href":"https:\/\/www.eldiario.net\/portal\/wp-json\/wp\/v2\/tags?post=223933"}],"curies":[{"name":"wp","href":"https:\/\/api.w.org\/{rel}","templated":true}]}}