{"id":223833,"date":"2024-05-30T07:06:59","date_gmt":"2024-05-30T11:06:59","guid":{"rendered":"https:\/\/www.eldiario.net\/portal\/?p=223833"},"modified":"2024-05-30T07:06:59","modified_gmt":"2024-05-30T11:06:59","slug":"aseguran-que-el-mas-destrozo-democracia-y-economia-nacional","status":"publish","type":"post","link":"https:\/\/www.eldiario.net\/portal\/2024\/05\/30\/aseguran-que-el-mas-destrozo-democracia-y-economia-nacional\/","title":{"rendered":"Aseguran que el MAS destroz\u00f3  democracia y econom\u00eda nacional"},"content":{"rendered":"<p class=\"v1MsoNormal\">Se\u00f1alando que el Movimiento al Socialismo (MAS) recibi\u00f3 en 2006 un pa\u00eds con estabilidad econ\u00f3mica, grandes reservas de gas y sin problemas por falta de d\u00f3lares, el representante del Comit\u00e9 Nacional en Defensa de la Democracia (Conade), Julio Alvarado, asegur\u00f3 que el partido azul ha destrozado la democracia y la econom\u00eda nacional con la aplicaci\u00f3n de un modelo econ\u00f3mico fallido.<\/p>\n<p class=\"v1MsoNormal\">\u00abEl Movimiento al Socialismo no solo ha destrozado la democracia en Bolivia, sino tambi\u00e9n ha destrozado la econom\u00eda nacional\u00bb, sostuvo Alvarado en declaraciones a medios de prensa en kil\u00f3metro cero.<\/p>\n<p class=\"v1MsoNormal\">Seg\u00fan el activista y docente universitario, el modelo econ\u00f3mico aplicado por el MAS durante sus a\u00f1os en el poder, ha llevado al pa\u00eds a una situaci\u00f3n donde las familias bolivianas ahora sufren por el alto costo en los alimentos.<\/p>\n<p class=\"v1MsoNormal\">\u00abSi seguimos con este modelo, hay que tener por seguro que, el pr\u00f3ximo a\u00f1o este pa\u00eds va a tener una convulsi\u00f3n social, los gremialistas ya han anunciado movilizaciones, as\u00ed tambi\u00e9n los transportistas. Esa estabilidad econ\u00f3mica alcanzada desde 1985 este gobierno desde el 2006 la ha destruido\u00bb, dijo.<\/p>\n<p class=\"v1MsoNormal\">Alvarado concluy\u00f3 se\u00f1alando que, desde el Conade se exige un urgente cambio en el modelo econ\u00f3mico, porque los resultados de la fallida pol\u00edtica masista y su modelo productivo ya est\u00e1n afectando a la poblaci\u00f3n.<\/p>\n<p class=\"v1MsoNormal\">Desde el gobierno, la viceministra de Comunicaci\u00f3n, Gabriela Alc\u00f3n, advirti\u00f3 que existe una intenci\u00f3n sistem\u00e1tica de instalar un discurso de crisis econ\u00f3mica cuando en el pa\u00eds, el gobierno nacional est\u00e1 logrando mantener una estabilidad en los precios, en comparaci\u00f3n con pa\u00edses vecinos.<\/p>\n<p class=\"v1MsoNormal\">\u00abAc\u00e1 existe, claramente una intenci\u00f3n sistem\u00e1tica y coordinada para que se instale un discurso de crisis econ\u00f3mica cuando en el pa\u00eds lo que estamos logrando y estamos manteniendo es tener una franja de estabilidad con relaci\u00f3n a los precios\u00bb, sostuvo la autoridad.<\/p>\n<p class=\"v1MsoNormal\">Alc\u00f3n tambi\u00e9n reproch\u00f3 que la situaci\u00f3n sea politizada por la oposici\u00f3n pol\u00edtica para que se instale la sensaci\u00f3n de una \u00abcrisis econ\u00f3mica\u00bb cuando la sensaci\u00f3n en pa\u00edses de la regi\u00f3n es distinta.<\/p>\n<p class=\"v1MsoNormal\">\n","protected":false},"excerpt":{"rendered":"<p>Se\u00f1alando que el Movimiento al Socialismo (MAS) recibi\u00f3 en 2006 un pa\u00eds con estabilidad econ\u00f3mica, grandes reservas de gas y sin problemas por falta de d\u00f3lares, el representante del Comit\u00e9 Nacional en Defensa de la Democracia (Conade), Julio Alvarado, asegur\u00f3 que el partido azul ha destrozado la democracia y la econom\u00eda nacional con la aplicaci\u00f3n [&hellip;]<\/p>\n","protected":false},"author":1,"featured_media":223834,"comment_status":"open","ping_status":"open","sticky":false,"template":"","format":"standard","meta":{"_acf_changed":false,"footnotes":""},"categories":[15],"tags":[],"class_list":["post-223833","post","type-post","status-publish","format-standard","has-post-thumbnail","category-portada"],"acf":{"antetitulo":"Piden cambio de modelo econ\u00f3mico"},"yoast_head":"<!-- This site is optimized with the Yoast SEO plugin v28.4 - https:\/\/yoast.com\/product\/yoast-seo-wordpress\/ -->\n<title>Aseguran que el MAS destroz\u00f3 democracia y econom\u00eda nacional - El Diario - Bolivia<\/title>\n<meta name=\"robots\" content=\"index, follow, max-snippet:-1, max-image-preview:large, max-video-preview:-1\" \/>\n<link rel=\"canonical\" href=\"https:\/\/www.eldiario.net\/portal\/2024\/05\/30\/aseguran-que-el-mas-destrozo-democracia-y-economia-nacional\/\" \/>\n<meta property=\"og:locale\" content=\"es_ES\" \/>\n<meta property=\"og:type\" content=\"article\" \/>\n<meta property=\"og:title\" content=\"Aseguran que el MAS destroz\u00f3 democracia y econom\u00eda nacional - El Diario - Bolivia\" \/>\n<meta property=\"og:description\" content=\"Se\u00f1alando que el Movimiento al Socialismo (MAS) recibi\u00f3 en 2006 un pa\u00eds con estabilidad econ\u00f3mica, grandes reservas de gas y sin problemas por falta de d\u00f3lares, el representante del Comit\u00e9 Nacional en Defensa de la Democracia (Conade), Julio Alvarado, asegur\u00f3 que el partido azul ha destrozado la democracia y la econom\u00eda nacional con la aplicaci\u00f3n [&hellip;]\" \/>\n<meta property=\"og:url\" content=\"https:\/\/www.eldiario.net\/portal\/2024\/05\/30\/aseguran-que-el-mas-destrozo-democracia-y-economia-nacional\/\" \/>\n<meta property=\"og:site_name\" content=\"El Diario - Bolivia\" \/>\n<meta property=\"article:publisher\" content=\"https:\/\/www.facebook.com\/eldiario.bolivia\/\" \/>\n<meta property=\"article:published_time\" content=\"2024-05-30T11:06:59+00:00\" \/>\n<meta property=\"og:image\" content=\"https:\/\/www.eldiario.net\/portal\/wp-content\/uploads\/2024\/05\/Alvarado-Panamericana.jpg\" \/>\n\t<meta property=\"og:image:width\" content=\"480\" \/>\n\t<meta property=\"og:image:height\" content=\"270\" \/>\n\t<meta property=\"og:image:type\" content=\"image\/jpeg\" \/>\n<meta name=\"author\" content=\"Jeanette\" \/>\n<meta name=\"twitter:card\" content=\"summary_large_image\" \/>\n<meta name=\"twitter:creator\" content=\"@eldiario_net\" \/>\n<meta name=\"twitter:site\" content=\"@eldiario_net\" \/>\n<meta name=\"twitter:label1\" content=\"Escrito por\" \/>\n\t<meta name=\"twitter:data1\" content=\"Jeanette\" \/>\n\t<meta name=\"twitter:label2\" content=\"Tiempo de lectura\" \/>\n\t<meta name=\"twitter:data2\" content=\"2 minutos\" \/>\n<script type=\"application\/ld+json\" class=\"yoast-schema-graph\">{\"@context\":\"https:\\\/\\\/schema.org\",\"@graph\":[{\"@type\":\"Article\",\"@id\":\"https:\\\/\\\/www.eldiario.net\\\/portal\\\/2024\\\/05\\\/30\\\/aseguran-que-el-mas-destrozo-democracia-y-economia-nacional\\\/#article\",\"isPartOf\":{\"@id\":\"https:\\\/\\\/www.eldiario.net\\\/portal\\\/2024\\\/05\\\/30\\\/aseguran-que-el-mas-destrozo-democracia-y-economia-nacional\\\/\"},\"author\":{\"name\":\"Jeanette\",\"@id\":\"https:\\\/\\\/www.eldiario.net\\\/portal\\\/#\\\/schema\\\/person\\\/2c57cf2b7a7ae032e449e4c9b1019eac\"},\"headline\":\"Aseguran que el MAS destroz\u00f3 democracia y econom\u00eda nacional\",\"datePublished\":\"2024-05-30T11:06:59+00:00\",\"mainEntityOfPage\":{\"@id\":\"https:\\\/\\\/www.eldiario.net\\\/portal\\\/2024\\\/05\\\/30\\\/aseguran-que-el-mas-destrozo-democracia-y-economia-nacional\\\/\"},\"wordCount\":382,\"commentCount\":0,\"publisher\":{\"@id\":\"https:\\\/\\\/www.eldiario.net\\\/portal\\\/#organization\"},\"image\":{\"@id\":\"https:\\\/\\\/www.eldiario.net\\\/portal\\\/2024\\\/05\\\/30\\\/aseguran-que-el-mas-destrozo-democracia-y-economia-nacional\\\/#primaryimage\"},\"thumbnailUrl\":\"https:\\\/\\\/www.eldiario.net\\\/portal\\\/wp-content\\\/uploads\\\/2024\\\/05\\\/Alvarado-Panamericana.jpg\",\"articleSection\":[\"Portada\"],\"inLanguage\":\"es\",\"potentialAction\":[{\"@type\":\"CommentAction\",\"name\":\"Comment\",\"target\":[\"https:\\\/\\\/www.eldiario.net\\\/portal\\\/2024\\\/05\\\/30\\\/aseguran-que-el-mas-destrozo-democracia-y-economia-nacional\\\/#respond\"]}]},{\"@type\":\"WebPage\",\"@id\":\"https:\\\/\\\/www.eldiario.net\\\/portal\\\/2024\\\/05\\\/30\\\/aseguran-que-el-mas-destrozo-democracia-y-economia-nacional\\\/\",\"url\":\"https:\\\/\\\/www.eldiario.net\\\/portal\\\/2024\\\/05\\\/30\\\/aseguran-que-el-mas-destrozo-democracia-y-economia-nacional\\\/\",\"name\":\"Aseguran que el MAS destroz\u00f3 democracia y econom\u00eda nacional - El Diario - Bolivia\",\"isPartOf\":{\"@id\":\"https:\\\/\\\/www.eldiario.net\\\/portal\\\/#website\"},\"primaryImageOfPage\":{\"@id\":\"https:\\\/\\\/www.eldiario.net\\\/portal\\\/2024\\\/05\\\/30\\\/aseguran-que-el-mas-destrozo-democracia-y-economia-nacional\\\/#primaryimage\"},\"image\":{\"@id\":\"https:\\\/\\\/www.eldiario.net\\\/portal\\\/2024\\\/05\\\/30\\\/aseguran-que-el-mas-destrozo-democracia-y-economia-nacional\\\/#primaryimage\"},\"thumbnailUrl\":\"https:\\\/\\\/www.eldiario.net\\\/portal\\\/wp-content\\\/uploads\\\/2024\\\/05\\\/Alvarado-Panamericana.jpg\",\"datePublished\":\"2024-05-30T11:06:59+00:00\",\"breadcrumb\":{\"@id\":\"https:\\\/\\\/www.eldiario.net\\\/portal\\\/2024\\\/05\\\/30\\\/aseguran-que-el-mas-destrozo-democracia-y-economia-nacional\\\/#breadcrumb\"},\"inLanguage\":\"es\",\"potentialAction\":[{\"@type\":\"ReadAction\",\"target\":[\"https:\\\/\\\/www.eldiario.net\\\/portal\\\/2024\\\/05\\\/30\\\/aseguran-que-el-mas-destrozo-democracia-y-economia-nacional\\\/\"]}]},{\"@type\":\"ImageObject\",\"inLanguage\":\"es\",\"@id\":\"https:\\\/\\\/www.eldiario.net\\\/portal\\\/2024\\\/05\\\/30\\\/aseguran-que-el-mas-destrozo-democracia-y-economia-nacional\\\/#primaryimage\",\"url\":\"https:\\\/\\\/www.eldiario.net\\\/portal\\\/wp-content\\\/uploads\\\/2024\\\/05\\\/Alvarado-Panamericana.jpg\",\"contentUrl\":\"https:\\\/\\\/www.eldiario.net\\\/portal\\\/wp-content\\\/uploads\\\/2024\\\/05\\\/Alvarado-Panamericana.jpg\",\"width\":480,\"height\":270,\"caption\":\"JULIO ALVARADO (CONADE) CR\u00c9DITOS \\\/ Panamericana\"},{\"@type\":\"BreadcrumbList\",\"@id\":\"https:\\\/\\\/www.eldiario.net\\\/portal\\\/2024\\\/05\\\/30\\\/aseguran-que-el-mas-destrozo-democracia-y-economia-nacional\\\/#breadcrumb\",\"itemListElement\":[{\"@type\":\"ListItem\",\"position\":1,\"name\":\"Portada\",\"item\":\"https:\\\/\\\/www.eldiario.net\\\/portal\\\/\"},{\"@type\":\"ListItem\",\"position\":2,\"name\":\"Aseguran que el MAS destroz\u00f3 democracia y econom\u00eda nacional\"}]},{\"@type\":\"WebSite\",\"@id\":\"https:\\\/\\\/www.eldiario.net\\\/portal\\\/#website\",\"url\":\"https:\\\/\\\/www.eldiario.net\\\/portal\\\/\",\"name\":\"El Diario - Decano de la prensa nacional\",\"description\":\"El Diario - Decano de la prensa nacional\",\"publisher\":{\"@id\":\"https:\\\/\\\/www.eldiario.net\\\/portal\\\/#organization\"},\"potentialAction\":[{\"@type\":\"SearchAction\",\"target\":{\"@type\":\"EntryPoint\",\"urlTemplate\":\"https:\\\/\\\/www.eldiario.net\\\/portal\\\/?s={search_term_string}\"},\"query-input\":{\"@type\":\"PropertyValueSpecification\",\"valueRequired\":true,\"valueName\":\"search_term_string\"}}],\"inLanguage\":\"es\"},{\"@type\":\"Organization\",\"@id\":\"https:\\\/\\\/www.eldiario.net\\\/portal\\\/#organization\",\"name\":\"El Diario - Decano de la prensa nacional\",\"url\":\"https:\\\/\\\/www.eldiario.net\\\/portal\\\/\",\"logo\":{\"@type\":\"ImageObject\",\"inLanguage\":\"es\",\"@id\":\"https:\\\/\\\/www.eldiario.net\\\/portal\\\/#\\\/schema\\\/logo\\\/image\\\/\",\"url\":\"https:\\\/\\\/www.eldiario.net\\\/portal\\\/wp-content\\\/uploads\\\/2023\\\/07\\\/logo_ED.jpg\",\"contentUrl\":\"https:\\\/\\\/www.eldiario.net\\\/portal\\\/wp-content\\\/uploads\\\/2023\\\/07\\\/logo_ED.jpg\",\"width\":272,\"height\":52,\"caption\":\"El Diario - Decano de la prensa nacional\"},\"image\":{\"@id\":\"https:\\\/\\\/www.eldiario.net\\\/portal\\\/#\\\/schema\\\/logo\\\/image\\\/\"},\"sameAs\":[\"https:\\\/\\\/www.facebook.com\\\/eldiario.bolivia\\\/\",\"https:\\\/\\\/x.com\\\/eldiario_net\"]},{\"@type\":\"Person\",\"@id\":\"https:\\\/\\\/www.eldiario.net\\\/portal\\\/#\\\/schema\\\/person\\\/2c57cf2b7a7ae032e449e4c9b1019eac\",\"name\":\"Jeanette\",\"image\":{\"@type\":\"ImageObject\",\"inLanguage\":\"es\",\"@id\":\"https:\\\/\\\/secure.gravatar.com\\\/avatar\\\/3ea2118a5f7dad2b7138b1187a6b7ee55f160b9968b66013c3a3ef39dd7e5798?s=96&d=mm&r=g\",\"url\":\"https:\\\/\\\/secure.gravatar.com\\\/avatar\\\/3ea2118a5f7dad2b7138b1187a6b7ee55f160b9968b66013c3a3ef39dd7e5798?s=96&d=mm&r=g\",\"contentUrl\":\"https:\\\/\\\/secure.gravatar.com\\\/avatar\\\/3ea2118a5f7dad2b7138b1187a6b7ee55f160b9968b66013c3a3ef39dd7e5798?s=96&d=mm&r=g\",\"caption\":\"Jeanette\"},\"sameAs\":[\"https:\\\/\\\/www.eldiario.net\\\/portal\"],\"url\":\"https:\\\/\\\/www.eldiario.net\\\/portal\\\/author\\\/jeanette\\\/\"}]}<\/script>\n<!-- \/ Yoast SEO plugin. -->","yoast_head_json":{"title":"Aseguran que el MAS destroz\u00f3 democracia y econom\u00eda nacional - El Diario - Bolivia","robots":{"index":"index","follow":"follow","max-snippet":"max-snippet:-1","max-image-preview":"max-image-preview:large","max-video-preview":"max-video-preview:-1"},"canonical":"https:\/\/www.eldiario.net\/portal\/2024\/05\/30\/aseguran-que-el-mas-destrozo-democracia-y-economia-nacional\/","og_locale":"es_ES","og_type":"article","og_title":"Aseguran que el MAS destroz\u00f3 democracia y econom\u00eda nacional - El Diario - Bolivia","og_description":"Se\u00f1alando que el Movimiento al Socialismo (MAS) recibi\u00f3 en 2006 un pa\u00eds con estabilidad econ\u00f3mica, grandes reservas de gas y sin problemas por falta de d\u00f3lares, el representante del Comit\u00e9 Nacional en Defensa de la Democracia (Conade), Julio Alvarado, asegur\u00f3 que el partido azul ha destrozado la democracia y la econom\u00eda nacional con la aplicaci\u00f3n [&hellip;]","og_url":"https:\/\/www.eldiario.net\/portal\/2024\/05\/30\/aseguran-que-el-mas-destrozo-democracia-y-economia-nacional\/","og_site_name":"El Diario - Bolivia","article_publisher":"https:\/\/www.facebook.com\/eldiario.bolivia\/","article_published_time":"2024-05-30T11:06:59+00:00","og_image":[{"width":480,"height":270,"url":"https:\/\/www.eldiario.net\/portal\/wp-content\/uploads\/2024\/05\/Alvarado-Panamericana.jpg","type":"image\/jpeg"}],"author":"Jeanette","twitter_card":"summary_large_image","twitter_creator":"@eldiario_net","twitter_site":"@eldiario_net","twitter_misc":{"Escrito por":"Jeanette","Tiempo de lectura":"2 minutos"},"schema":{"@context":"https:\/\/schema.org","@graph":[{"@type":"Article","@id":"https:\/\/www.eldiario.net\/portal\/2024\/05\/30\/aseguran-que-el-mas-destrozo-democracia-y-economia-nacional\/#article","isPartOf":{"@id":"https:\/\/www.eldiario.net\/portal\/2024\/05\/30\/aseguran-que-el-mas-destrozo-democracia-y-economia-nacional\/"},"author":{"name":"Jeanette","@id":"https:\/\/www.eldiario.net\/portal\/#\/schema\/person\/2c57cf2b7a7ae032e449e4c9b1019eac"},"headline":"Aseguran que el MAS destroz\u00f3 democracia y econom\u00eda nacional","datePublished":"2024-05-30T11:06:59+00:00","mainEntityOfPage":{"@id":"https:\/\/www.eldiario.net\/portal\/2024\/05\/30\/aseguran-que-el-mas-destrozo-democracia-y-economia-nacional\/"},"wordCount":382,"commentCount":0,"publisher":{"@id":"https:\/\/www.eldiario.net\/portal\/#organization"},"image":{"@id":"https:\/\/www.eldiario.net\/portal\/2024\/05\/30\/aseguran-que-el-mas-destrozo-democracia-y-economia-nacional\/#primaryimage"},"thumbnailUrl":"https:\/\/www.eldiario.net\/portal\/wp-content\/uploads\/2024\/05\/Alvarado-Panamericana.jpg","articleSection":["Portada"],"inLanguage":"es","potentialAction":[{"@type":"CommentAction","name":"Comment","target":["https:\/\/www.eldiario.net\/portal\/2024\/05\/30\/aseguran-que-el-mas-destrozo-democracia-y-economia-nacional\/#respond"]}]},{"@type":"WebPage","@id":"https:\/\/www.eldiario.net\/portal\/2024\/05\/30\/aseguran-que-el-mas-destrozo-democracia-y-economia-nacional\/","url":"https:\/\/www.eldiario.net\/portal\/2024\/05\/30\/aseguran-que-el-mas-destrozo-democracia-y-economia-nacional\/","name":"Aseguran que el MAS destroz\u00f3 democracia y econom\u00eda nacional - El Diario - Bolivia","isPartOf":{"@id":"https:\/\/www.eldiario.net\/portal\/#website"},"primaryImageOfPage":{"@id":"https:\/\/www.eldiario.net\/portal\/2024\/05\/30\/aseguran-que-el-mas-destrozo-democracia-y-economia-nacional\/#primaryimage"},"image":{"@id":"https:\/\/www.eldiario.net\/portal\/2024\/05\/30\/aseguran-que-el-mas-destrozo-democracia-y-economia-nacional\/#primaryimage"},"thumbnailUrl":"https:\/\/www.eldiario.net\/portal\/wp-content\/uploads\/2024\/05\/Alvarado-Panamericana.jpg","datePublished":"2024-05-30T11:06:59+00:00","breadcrumb":{"@id":"https:\/\/www.eldiario.net\/portal\/2024\/05\/30\/aseguran-que-el-mas-destrozo-democracia-y-economia-nacional\/#breadcrumb"},"inLanguage":"es","potentialAction":[{"@type":"ReadAction","target":["https:\/\/www.eldiario.net\/portal\/2024\/05\/30\/aseguran-que-el-mas-destrozo-democracia-y-economia-nacional\/"]}]},{"@type":"ImageObject","inLanguage":"es","@id":"https:\/\/www.eldiario.net\/portal\/2024\/05\/30\/aseguran-que-el-mas-destrozo-democracia-y-economia-nacional\/#primaryimage","url":"https:\/\/www.eldiario.net\/portal\/wp-content\/uploads\/2024\/05\/Alvarado-Panamericana.jpg","contentUrl":"https:\/\/www.eldiario.net\/portal\/wp-content\/uploads\/2024\/05\/Alvarado-Panamericana.jpg","width":480,"height":270,"caption":"JULIO ALVARADO (CONADE) CR\u00c9DITOS \/ Panamericana"},{"@type":"BreadcrumbList","@id":"https:\/\/www.eldiario.net\/portal\/2024\/05\/30\/aseguran-que-el-mas-destrozo-democracia-y-economia-nacional\/#breadcrumb","itemListElement":[{"@type":"ListItem","position":1,"name":"Portada","item":"https:\/\/www.eldiario.net\/portal\/"},{"@type":"ListItem","position":2,"name":"Aseguran que el MAS destroz\u00f3 democracia y econom\u00eda nacional"}]},{"@type":"WebSite","@id":"https:\/\/www.eldiario.net\/portal\/#website","url":"https:\/\/www.eldiario.net\/portal\/","name":"El Diario - Decano de la prensa nacional","description":"El Diario - Decano de la prensa nacional","publisher":{"@id":"https:\/\/www.eldiario.net\/portal\/#organization"},"potentialAction":[{"@type":"SearchAction","target":{"@type":"EntryPoint","urlTemplate":"https:\/\/www.eldiario.net\/portal\/?s={search_term_string}"},"query-input":{"@type":"PropertyValueSpecification","valueRequired":true,"valueName":"search_term_string"}}],"inLanguage":"es"},{"@type":"Organization","@id":"https:\/\/www.eldiario.net\/portal\/#organization","name":"El Diario - Decano de la prensa nacional","url":"https:\/\/www.eldiario.net\/portal\/","logo":{"@type":"ImageObject","inLanguage":"es","@id":"https:\/\/www.eldiario.net\/portal\/#\/schema\/logo\/image\/","url":"https:\/\/www.eldiario.net\/portal\/wp-content\/uploads\/2023\/07\/logo_ED.jpg","contentUrl":"https:\/\/www.eldiario.net\/portal\/wp-content\/uploads\/2023\/07\/logo_ED.jpg","width":272,"height":52,"caption":"El Diario - Decano de la prensa nacional"},"image":{"@id":"https:\/\/www.eldiario.net\/portal\/#\/schema\/logo\/image\/"},"sameAs":["https:\/\/www.facebook.com\/eldiario.bolivia\/","https:\/\/x.com\/eldiario_net"]},{"@type":"Person","@id":"https:\/\/www.eldiario.net\/portal\/#\/schema\/person\/2c57cf2b7a7ae032e449e4c9b1019eac","name":"Jeanette","image":{"@type":"ImageObject","inLanguage":"es","@id":"https:\/\/secure.gravatar.com\/avatar\/3ea2118a5f7dad2b7138b1187a6b7ee55f160b9968b66013c3a3ef39dd7e5798?s=96&d=mm&r=g","url":"https:\/\/secure.gravatar.com\/avatar\/3ea2118a5f7dad2b7138b1187a6b7ee55f160b9968b66013c3a3ef39dd7e5798?s=96&d=mm&r=g","contentUrl":"https:\/\/secure.gravatar.com\/avatar\/3ea2118a5f7dad2b7138b1187a6b7ee55f160b9968b66013c3a3ef39dd7e5798?s=96&d=mm&r=g","caption":"Jeanette"},"sameAs":["https:\/\/www.eldiario.net\/portal"],"url":"https:\/\/www.eldiario.net\/portal\/author\/jeanette\/"}]}},"_links":{"self":[{"href":"https:\/\/www.eldiario.net\/portal\/wp-json\/wp\/v2\/posts\/223833","targetHints":{"allow":["GET"]}}],"collection":[{"href":"https:\/\/www.eldiario.net\/portal\/wp-json\/wp\/v2\/posts"}],"about":[{"href":"https:\/\/www.eldiario.net\/portal\/wp-json\/wp\/v2\/types\/post"}],"author":[{"embeddable":true,"href":"https:\/\/www.eldiario.net\/portal\/wp-json\/wp\/v2\/users\/1"}],"replies":[{"embeddable":true,"href":"https:\/\/www.eldiario.net\/portal\/wp-json\/wp\/v2\/comments?post=223833"}],"version-history":[{"count":1,"href":"https:\/\/www.eldiario.net\/portal\/wp-json\/wp\/v2\/posts\/223833\/revisions"}],"predecessor-version":[{"id":223835,"href":"https:\/\/www.eldiario.net\/portal\/wp-json\/wp\/v2\/posts\/223833\/revisions\/223835"}],"wp:featuredmedia":[{"embeddable":true,"href":"https:\/\/www.eldiario.net\/portal\/wp-json\/wp\/v2\/media\/223834"}],"wp:attachment":[{"href":"https:\/\/www.eldiario.net\/portal\/wp-json\/wp\/v2\/media?parent=223833"}],"wp:term":[{"taxonomy":"category","embeddable":true,"href":"https:\/\/www.eldiario.net\/portal\/wp-json\/wp\/v2\/categories?post=223833"},{"taxonomy":"post_tag","embeddable":true,"href":"https:\/\/www.eldiario.net\/portal\/wp-json\/wp\/v2\/tags?post=223833"}],"curies":[{"name":"wp","href":"https:\/\/api.w.org\/{rel}","templated":true}]}}