{"id":223830,"date":"2024-05-30T06:57:35","date_gmt":"2024-05-30T10:57:35","guid":{"rendered":"https:\/\/www.eldiario.net\/portal\/?p=223830"},"modified":"2024-05-30T06:57:35","modified_gmt":"2024-05-30T10:57:35","slug":"desbaratan-presunta-red-de-ciberestafadores","status":"publish","type":"post","link":"https:\/\/www.eldiario.net\/portal\/2024\/05\/30\/desbaratan-presunta-red-de-ciberestafadores\/","title":{"rendered":"Desbaratan presunta red de ciberestafadores"},"content":{"rendered":"<p class=\"v1MsoNormal\"><span lang=\"ES-MX\">Al menos 9 personas fueron aprehendidas ayer, de un total de 130, en un operativo policial realizado en el barrio Equipetrol de Santa Cruz de la Sierra, en contra de una presunta organizaci\u00f3n delictiva dedicada a realizar estafas digitales y clonaci\u00f3n de p\u00e1ginas de empresas. El supuesto cabecilla ser\u00eda un sujeto asi\u00e1tico.<\/span><\/p>\n<p class=\"v1MsoNormal\"><span lang=\"ES-MX\">\u00abEl resultado de este operativo nos permite establecer el desbaratamiento de esta importante banda de ciberdelincuencia. Continuaremos realizando estas acciones, las cuales est\u00e1n encaramadas no solamente a brindar protecci\u00f3n a quienes pueden ser v\u00edctimas de estos sucesos\u00bb, inform\u00f3 el viceministro de R\u00e9gimen Interior y Polic\u00eda, Jhonny Aguilera.<\/span><\/p>\n<p class=\"v1MsoNormal\"><span lang=\"ES-MX\">La intervenci\u00f3n policial se efectu\u00f3 en el edificio de la ex AFP Previsi\u00f3n, sobre la avenida Crist\u00f3bal de Mendoza y Segundo Anillo de la capital cruce\u00f1a. Aunque la mayor\u00eda de aprehendidos son universitarios bolivianos, se encontraron personas asi\u00e1ticas, un colombiano y tres peruanos.<\/span><\/p>\n<p class=\"v1MsoNormal\"><span lang=\"ES-MX\">La oficina aparentaba ser la sede de una empresa legal con recepcionistas, secretarias, funcionarios y jefes. Los polic\u00edas secuestraron computadoras, tel\u00e9fonos celulares y documentaci\u00f3n del lugar, que funcionaba como una oficina \u00abperfectamente estructurada y jerarquizada\u00bb. Asimismo, se encontraron al menos 1.500 tarjetas SIM posiblemente utilizadas para la comisi\u00f3n de estos delitos.<\/span><\/p>\n<p class=\"v1MsoNormal\"><span lang=\"ES-MX\">La organizaci\u00f3n enga\u00f1aba, v\u00eda tel\u00e9fono y por redes sociales, a personas para que hicieran transferencias mediante QR. Adem\u00e1s, clonaba p\u00e1ginas de empresas establecidas para realizar sus operaciones delictivas de manera m\u00e1s \u00abcre\u00edble\u00bb.<\/span><\/p>\n<p class=\"v1MsoNormal\"><span lang=\"ES-MX\">\u00a0<\/span><\/p>\n<p class=\"v1MsoNormal\"><span lang=\"ES-MX\">MODUS OPERANDI<\/span><\/p>\n<p class=\"v1MsoNormal\"><span lang=\"ES-MX\">\u00abSi eres una persona proactiva,\u00a0directiva y competente, te invitamos a formar parte de nuestra empresa\u00bb, era el mensaje con el que la organizaci\u00f3n ofrec\u00eda puestos de trabajo de asistentes administrativos y asesores de call center, llegando a reclutar m\u00e1s de un centenar de personas.<\/span><\/p>\n<p class=\"v1MsoNormal\"><span lang=\"ES-MX\">Aguilera sugiri\u00f3 que este centro de ciberdelitos operaba a trav\u00e9s de varios subgrupos dedicados a acciones desde la ingenier\u00eda social, producci\u00f3n de\u00a0<i>fake news<\/i>\u00a0(desinformaci\u00f3n y noticias falsas), e incluso clonaci\u00f3n de p\u00e1ginas de empresas, de manera que las v\u00edctimas no eran solamente personas naturales.<\/span><\/p>\n<p class=\"v1MsoNormal\"><span lang=\"ES-MX\">\u00abEstos sujetos falsificaban las p\u00e1ginas de estas empresas, las copiaban y brindaban informaci\u00f3n; mandaban confirmaci\u00f3n de tarifas de las cuales se genera el anzuelo. Los pagos generalmente los efectuaban a trav\u00e9s de entidades financieras\u00bb, se\u00f1al\u00f3 la autoridad.<\/span><\/p>\n<p class=\"v1MsoNormal\"><span lang=\"ES-MX\">Un segundo nivel de personal, denominados \u00abmulas\u00bb, estar\u00eda vinculado a la captaci\u00f3n de personas que prestaban su identidad o cuentas para efectuar las transferencias. (Agencias)<\/span><\/p>\n","protected":false},"excerpt":{"rendered":"<p>Al menos 9 personas fueron aprehendidas ayer, de un total de 130, en un operativo policial realizado en el barrio Equipetrol de Santa Cruz de la Sierra, en contra de una presunta organizaci\u00f3n delictiva dedicada a realizar estafas digitales y clonaci\u00f3n de p\u00e1ginas de empresas. El supuesto cabecilla ser\u00eda un sujeto asi\u00e1tico. \u00abEl resultado de [&hellip;]<\/p>\n","protected":false},"author":1,"featured_media":223831,"comment_status":"open","ping_status":"open","sticky":false,"template":"","format":"standard","meta":{"_acf_changed":false,"footnotes":""},"categories":[15],"tags":[],"class_list":["post-223830","post","type-post","status-publish","format-standard","has-post-thumbnail","category-portada"],"acf":{"antetitulo":"Nueve aprehendidos en Santa Cruz"},"yoast_head":"<!-- This site is optimized with the Yoast SEO plugin v28.4 - https:\/\/yoast.com\/product\/yoast-seo-wordpress\/ -->\n<title>Desbaratan presunta red de ciberestafadores - El Diario - Bolivia<\/title>\n<meta name=\"robots\" content=\"index, follow, max-snippet:-1, max-image-preview:large, max-video-preview:-1\" \/>\n<link rel=\"canonical\" href=\"https:\/\/www.eldiario.net\/portal\/2024\/05\/30\/desbaratan-presunta-red-de-ciberestafadores\/\" \/>\n<meta property=\"og:locale\" content=\"es_ES\" \/>\n<meta property=\"og:type\" content=\"article\" \/>\n<meta property=\"og:title\" content=\"Desbaratan presunta red de ciberestafadores - El Diario - Bolivia\" \/>\n<meta property=\"og:description\" content=\"Al menos 9 personas fueron aprehendidas ayer, de un total de 130, en un operativo policial realizado en el barrio Equipetrol de Santa Cruz de la Sierra, en contra de una presunta organizaci\u00f3n delictiva dedicada a realizar estafas digitales y clonaci\u00f3n de p\u00e1ginas de empresas. El supuesto cabecilla ser\u00eda un sujeto asi\u00e1tico. \u00abEl resultado de [&hellip;]\" \/>\n<meta property=\"og:url\" content=\"https:\/\/www.eldiario.net\/portal\/2024\/05\/30\/desbaratan-presunta-red-de-ciberestafadores\/\" \/>\n<meta property=\"og:site_name\" content=\"El Diario - Bolivia\" \/>\n<meta property=\"article:publisher\" content=\"https:\/\/www.facebook.com\/eldiario.bolivia\/\" \/>\n<meta property=\"article:published_time\" content=\"2024-05-30T10:57:35+00:00\" \/>\n<meta property=\"og:image\" content=\"https:\/\/www.eldiario.net\/portal\/wp-content\/uploads\/2024\/05\/30-RED.jpg\" \/>\n\t<meta property=\"og:image:width\" content=\"720\" \/>\n\t<meta property=\"og:image:height\" content=\"399\" \/>\n\t<meta property=\"og:image:type\" content=\"image\/jpeg\" \/>\n<meta name=\"author\" content=\"Jeanette\" \/>\n<meta name=\"twitter:card\" content=\"summary_large_image\" \/>\n<meta name=\"twitter:creator\" content=\"@eldiario_net\" \/>\n<meta name=\"twitter:site\" content=\"@eldiario_net\" \/>\n<meta name=\"twitter:label1\" content=\"Escrito por\" \/>\n\t<meta name=\"twitter:data1\" content=\"Jeanette\" \/>\n\t<meta name=\"twitter:label2\" content=\"Tiempo de lectura\" \/>\n\t<meta name=\"twitter:data2\" content=\"2 minutos\" \/>\n<script type=\"application\/ld+json\" class=\"yoast-schema-graph\">{\"@context\":\"https:\\\/\\\/schema.org\",\"@graph\":[{\"@type\":\"Article\",\"@id\":\"https:\\\/\\\/www.eldiario.net\\\/portal\\\/2024\\\/05\\\/30\\\/desbaratan-presunta-red-de-ciberestafadores\\\/#article\",\"isPartOf\":{\"@id\":\"https:\\\/\\\/www.eldiario.net\\\/portal\\\/2024\\\/05\\\/30\\\/desbaratan-presunta-red-de-ciberestafadores\\\/\"},\"author\":{\"name\":\"Jeanette\",\"@id\":\"https:\\\/\\\/www.eldiario.net\\\/portal\\\/#\\\/schema\\\/person\\\/2c57cf2b7a7ae032e449e4c9b1019eac\"},\"headline\":\"Desbaratan presunta red de ciberestafadores\",\"datePublished\":\"2024-05-30T10:57:35+00:00\",\"mainEntityOfPage\":{\"@id\":\"https:\\\/\\\/www.eldiario.net\\\/portal\\\/2024\\\/05\\\/30\\\/desbaratan-presunta-red-de-ciberestafadores\\\/\"},\"wordCount\":426,\"commentCount\":0,\"publisher\":{\"@id\":\"https:\\\/\\\/www.eldiario.net\\\/portal\\\/#organization\"},\"image\":{\"@id\":\"https:\\\/\\\/www.eldiario.net\\\/portal\\\/2024\\\/05\\\/30\\\/desbaratan-presunta-red-de-ciberestafadores\\\/#primaryimage\"},\"thumbnailUrl\":\"https:\\\/\\\/www.eldiario.net\\\/portal\\\/wp-content\\\/uploads\\\/2024\\\/05\\\/30-RED.jpg\",\"articleSection\":[\"Portada\"],\"inLanguage\":\"es\",\"potentialAction\":[{\"@type\":\"CommentAction\",\"name\":\"Comment\",\"target\":[\"https:\\\/\\\/www.eldiario.net\\\/portal\\\/2024\\\/05\\\/30\\\/desbaratan-presunta-red-de-ciberestafadores\\\/#respond\"]}]},{\"@type\":\"WebPage\",\"@id\":\"https:\\\/\\\/www.eldiario.net\\\/portal\\\/2024\\\/05\\\/30\\\/desbaratan-presunta-red-de-ciberestafadores\\\/\",\"url\":\"https:\\\/\\\/www.eldiario.net\\\/portal\\\/2024\\\/05\\\/30\\\/desbaratan-presunta-red-de-ciberestafadores\\\/\",\"name\":\"Desbaratan presunta red de ciberestafadores - El Diario - Bolivia\",\"isPartOf\":{\"@id\":\"https:\\\/\\\/www.eldiario.net\\\/portal\\\/#website\"},\"primaryImageOfPage\":{\"@id\":\"https:\\\/\\\/www.eldiario.net\\\/portal\\\/2024\\\/05\\\/30\\\/desbaratan-presunta-red-de-ciberestafadores\\\/#primaryimage\"},\"image\":{\"@id\":\"https:\\\/\\\/www.eldiario.net\\\/portal\\\/2024\\\/05\\\/30\\\/desbaratan-presunta-red-de-ciberestafadores\\\/#primaryimage\"},\"thumbnailUrl\":\"https:\\\/\\\/www.eldiario.net\\\/portal\\\/wp-content\\\/uploads\\\/2024\\\/05\\\/30-RED.jpg\",\"datePublished\":\"2024-05-30T10:57:35+00:00\",\"breadcrumb\":{\"@id\":\"https:\\\/\\\/www.eldiario.net\\\/portal\\\/2024\\\/05\\\/30\\\/desbaratan-presunta-red-de-ciberestafadores\\\/#breadcrumb\"},\"inLanguage\":\"es\",\"potentialAction\":[{\"@type\":\"ReadAction\",\"target\":[\"https:\\\/\\\/www.eldiario.net\\\/portal\\\/2024\\\/05\\\/30\\\/desbaratan-presunta-red-de-ciberestafadores\\\/\"]}]},{\"@type\":\"ImageObject\",\"inLanguage\":\"es\",\"@id\":\"https:\\\/\\\/www.eldiario.net\\\/portal\\\/2024\\\/05\\\/30\\\/desbaratan-presunta-red-de-ciberestafadores\\\/#primaryimage\",\"url\":\"https:\\\/\\\/www.eldiario.net\\\/portal\\\/wp-content\\\/uploads\\\/2024\\\/05\\\/30-RED.jpg\",\"contentUrl\":\"https:\\\/\\\/www.eldiario.net\\\/portal\\\/wp-content\\\/uploads\\\/2024\\\/05\\\/30-RED.jpg\",\"width\":720,\"height\":399,\"caption\":\"LA POLIC\u00cdA INTERVINO EN EL EDIFICIO DEL SEGUNDO ANILLO. CR\u00c9DITOS: Red Uno\"},{\"@type\":\"BreadcrumbList\",\"@id\":\"https:\\\/\\\/www.eldiario.net\\\/portal\\\/2024\\\/05\\\/30\\\/desbaratan-presunta-red-de-ciberestafadores\\\/#breadcrumb\",\"itemListElement\":[{\"@type\":\"ListItem\",\"position\":1,\"name\":\"Portada\",\"item\":\"https:\\\/\\\/www.eldiario.net\\\/portal\\\/\"},{\"@type\":\"ListItem\",\"position\":2,\"name\":\"Desbaratan presunta red de ciberestafadores\"}]},{\"@type\":\"WebSite\",\"@id\":\"https:\\\/\\\/www.eldiario.net\\\/portal\\\/#website\",\"url\":\"https:\\\/\\\/www.eldiario.net\\\/portal\\\/\",\"name\":\"El Diario - Decano de la prensa nacional\",\"description\":\"El Diario - Decano de la prensa nacional\",\"publisher\":{\"@id\":\"https:\\\/\\\/www.eldiario.net\\\/portal\\\/#organization\"},\"potentialAction\":[{\"@type\":\"SearchAction\",\"target\":{\"@type\":\"EntryPoint\",\"urlTemplate\":\"https:\\\/\\\/www.eldiario.net\\\/portal\\\/?s={search_term_string}\"},\"query-input\":{\"@type\":\"PropertyValueSpecification\",\"valueRequired\":true,\"valueName\":\"search_term_string\"}}],\"inLanguage\":\"es\"},{\"@type\":\"Organization\",\"@id\":\"https:\\\/\\\/www.eldiario.net\\\/portal\\\/#organization\",\"name\":\"El Diario - Decano de la prensa nacional\",\"url\":\"https:\\\/\\\/www.eldiario.net\\\/portal\\\/\",\"logo\":{\"@type\":\"ImageObject\",\"inLanguage\":\"es\",\"@id\":\"https:\\\/\\\/www.eldiario.net\\\/portal\\\/#\\\/schema\\\/logo\\\/image\\\/\",\"url\":\"https:\\\/\\\/www.eldiario.net\\\/portal\\\/wp-content\\\/uploads\\\/2023\\\/07\\\/logo_ED.jpg\",\"contentUrl\":\"https:\\\/\\\/www.eldiario.net\\\/portal\\\/wp-content\\\/uploads\\\/2023\\\/07\\\/logo_ED.jpg\",\"width\":272,\"height\":52,\"caption\":\"El Diario - Decano de la prensa nacional\"},\"image\":{\"@id\":\"https:\\\/\\\/www.eldiario.net\\\/portal\\\/#\\\/schema\\\/logo\\\/image\\\/\"},\"sameAs\":[\"https:\\\/\\\/www.facebook.com\\\/eldiario.bolivia\\\/\",\"https:\\\/\\\/x.com\\\/eldiario_net\"]},{\"@type\":\"Person\",\"@id\":\"https:\\\/\\\/www.eldiario.net\\\/portal\\\/#\\\/schema\\\/person\\\/2c57cf2b7a7ae032e449e4c9b1019eac\",\"name\":\"Jeanette\",\"image\":{\"@type\":\"ImageObject\",\"inLanguage\":\"es\",\"@id\":\"https:\\\/\\\/secure.gravatar.com\\\/avatar\\\/3ea2118a5f7dad2b7138b1187a6b7ee55f160b9968b66013c3a3ef39dd7e5798?s=96&d=mm&r=g\",\"url\":\"https:\\\/\\\/secure.gravatar.com\\\/avatar\\\/3ea2118a5f7dad2b7138b1187a6b7ee55f160b9968b66013c3a3ef39dd7e5798?s=96&d=mm&r=g\",\"contentUrl\":\"https:\\\/\\\/secure.gravatar.com\\\/avatar\\\/3ea2118a5f7dad2b7138b1187a6b7ee55f160b9968b66013c3a3ef39dd7e5798?s=96&d=mm&r=g\",\"caption\":\"Jeanette\"},\"sameAs\":[\"https:\\\/\\\/www.eldiario.net\\\/portal\"],\"url\":\"https:\\\/\\\/www.eldiario.net\\\/portal\\\/author\\\/jeanette\\\/\"}]}<\/script>\n<!-- \/ Yoast SEO plugin. -->","yoast_head_json":{"title":"Desbaratan presunta red de ciberestafadores - El Diario - Bolivia","robots":{"index":"index","follow":"follow","max-snippet":"max-snippet:-1","max-image-preview":"max-image-preview:large","max-video-preview":"max-video-preview:-1"},"canonical":"https:\/\/www.eldiario.net\/portal\/2024\/05\/30\/desbaratan-presunta-red-de-ciberestafadores\/","og_locale":"es_ES","og_type":"article","og_title":"Desbaratan presunta red de ciberestafadores - El Diario - Bolivia","og_description":"Al menos 9 personas fueron aprehendidas ayer, de un total de 130, en un operativo policial realizado en el barrio Equipetrol de Santa Cruz de la Sierra, en contra de una presunta organizaci\u00f3n delictiva dedicada a realizar estafas digitales y clonaci\u00f3n de p\u00e1ginas de empresas. El supuesto cabecilla ser\u00eda un sujeto asi\u00e1tico. \u00abEl resultado de [&hellip;]","og_url":"https:\/\/www.eldiario.net\/portal\/2024\/05\/30\/desbaratan-presunta-red-de-ciberestafadores\/","og_site_name":"El Diario - Bolivia","article_publisher":"https:\/\/www.facebook.com\/eldiario.bolivia\/","article_published_time":"2024-05-30T10:57:35+00:00","og_image":[{"width":720,"height":399,"url":"https:\/\/www.eldiario.net\/portal\/wp-content\/uploads\/2024\/05\/30-RED.jpg","type":"image\/jpeg"}],"author":"Jeanette","twitter_card":"summary_large_image","twitter_creator":"@eldiario_net","twitter_site":"@eldiario_net","twitter_misc":{"Escrito por":"Jeanette","Tiempo de lectura":"2 minutos"},"schema":{"@context":"https:\/\/schema.org","@graph":[{"@type":"Article","@id":"https:\/\/www.eldiario.net\/portal\/2024\/05\/30\/desbaratan-presunta-red-de-ciberestafadores\/#article","isPartOf":{"@id":"https:\/\/www.eldiario.net\/portal\/2024\/05\/30\/desbaratan-presunta-red-de-ciberestafadores\/"},"author":{"name":"Jeanette","@id":"https:\/\/www.eldiario.net\/portal\/#\/schema\/person\/2c57cf2b7a7ae032e449e4c9b1019eac"},"headline":"Desbaratan presunta red de ciberestafadores","datePublished":"2024-05-30T10:57:35+00:00","mainEntityOfPage":{"@id":"https:\/\/www.eldiario.net\/portal\/2024\/05\/30\/desbaratan-presunta-red-de-ciberestafadores\/"},"wordCount":426,"commentCount":0,"publisher":{"@id":"https:\/\/www.eldiario.net\/portal\/#organization"},"image":{"@id":"https:\/\/www.eldiario.net\/portal\/2024\/05\/30\/desbaratan-presunta-red-de-ciberestafadores\/#primaryimage"},"thumbnailUrl":"https:\/\/www.eldiario.net\/portal\/wp-content\/uploads\/2024\/05\/30-RED.jpg","articleSection":["Portada"],"inLanguage":"es","potentialAction":[{"@type":"CommentAction","name":"Comment","target":["https:\/\/www.eldiario.net\/portal\/2024\/05\/30\/desbaratan-presunta-red-de-ciberestafadores\/#respond"]}]},{"@type":"WebPage","@id":"https:\/\/www.eldiario.net\/portal\/2024\/05\/30\/desbaratan-presunta-red-de-ciberestafadores\/","url":"https:\/\/www.eldiario.net\/portal\/2024\/05\/30\/desbaratan-presunta-red-de-ciberestafadores\/","name":"Desbaratan presunta red de ciberestafadores - El Diario - Bolivia","isPartOf":{"@id":"https:\/\/www.eldiario.net\/portal\/#website"},"primaryImageOfPage":{"@id":"https:\/\/www.eldiario.net\/portal\/2024\/05\/30\/desbaratan-presunta-red-de-ciberestafadores\/#primaryimage"},"image":{"@id":"https:\/\/www.eldiario.net\/portal\/2024\/05\/30\/desbaratan-presunta-red-de-ciberestafadores\/#primaryimage"},"thumbnailUrl":"https:\/\/www.eldiario.net\/portal\/wp-content\/uploads\/2024\/05\/30-RED.jpg","datePublished":"2024-05-30T10:57:35+00:00","breadcrumb":{"@id":"https:\/\/www.eldiario.net\/portal\/2024\/05\/30\/desbaratan-presunta-red-de-ciberestafadores\/#breadcrumb"},"inLanguage":"es","potentialAction":[{"@type":"ReadAction","target":["https:\/\/www.eldiario.net\/portal\/2024\/05\/30\/desbaratan-presunta-red-de-ciberestafadores\/"]}]},{"@type":"ImageObject","inLanguage":"es","@id":"https:\/\/www.eldiario.net\/portal\/2024\/05\/30\/desbaratan-presunta-red-de-ciberestafadores\/#primaryimage","url":"https:\/\/www.eldiario.net\/portal\/wp-content\/uploads\/2024\/05\/30-RED.jpg","contentUrl":"https:\/\/www.eldiario.net\/portal\/wp-content\/uploads\/2024\/05\/30-RED.jpg","width":720,"height":399,"caption":"LA POLIC\u00cdA INTERVINO EN EL EDIFICIO DEL SEGUNDO ANILLO. CR\u00c9DITOS: Red Uno"},{"@type":"BreadcrumbList","@id":"https:\/\/www.eldiario.net\/portal\/2024\/05\/30\/desbaratan-presunta-red-de-ciberestafadores\/#breadcrumb","itemListElement":[{"@type":"ListItem","position":1,"name":"Portada","item":"https:\/\/www.eldiario.net\/portal\/"},{"@type":"ListItem","position":2,"name":"Desbaratan presunta red de ciberestafadores"}]},{"@type":"WebSite","@id":"https:\/\/www.eldiario.net\/portal\/#website","url":"https:\/\/www.eldiario.net\/portal\/","name":"El Diario - Decano de la prensa nacional","description":"El Diario - Decano de la prensa nacional","publisher":{"@id":"https:\/\/www.eldiario.net\/portal\/#organization"},"potentialAction":[{"@type":"SearchAction","target":{"@type":"EntryPoint","urlTemplate":"https:\/\/www.eldiario.net\/portal\/?s={search_term_string}"},"query-input":{"@type":"PropertyValueSpecification","valueRequired":true,"valueName":"search_term_string"}}],"inLanguage":"es"},{"@type":"Organization","@id":"https:\/\/www.eldiario.net\/portal\/#organization","name":"El Diario - Decano de la prensa nacional","url":"https:\/\/www.eldiario.net\/portal\/","logo":{"@type":"ImageObject","inLanguage":"es","@id":"https:\/\/www.eldiario.net\/portal\/#\/schema\/logo\/image\/","url":"https:\/\/www.eldiario.net\/portal\/wp-content\/uploads\/2023\/07\/logo_ED.jpg","contentUrl":"https:\/\/www.eldiario.net\/portal\/wp-content\/uploads\/2023\/07\/logo_ED.jpg","width":272,"height":52,"caption":"El Diario - Decano de la prensa nacional"},"image":{"@id":"https:\/\/www.eldiario.net\/portal\/#\/schema\/logo\/image\/"},"sameAs":["https:\/\/www.facebook.com\/eldiario.bolivia\/","https:\/\/x.com\/eldiario_net"]},{"@type":"Person","@id":"https:\/\/www.eldiario.net\/portal\/#\/schema\/person\/2c57cf2b7a7ae032e449e4c9b1019eac","name":"Jeanette","image":{"@type":"ImageObject","inLanguage":"es","@id":"https:\/\/secure.gravatar.com\/avatar\/3ea2118a5f7dad2b7138b1187a6b7ee55f160b9968b66013c3a3ef39dd7e5798?s=96&d=mm&r=g","url":"https:\/\/secure.gravatar.com\/avatar\/3ea2118a5f7dad2b7138b1187a6b7ee55f160b9968b66013c3a3ef39dd7e5798?s=96&d=mm&r=g","contentUrl":"https:\/\/secure.gravatar.com\/avatar\/3ea2118a5f7dad2b7138b1187a6b7ee55f160b9968b66013c3a3ef39dd7e5798?s=96&d=mm&r=g","caption":"Jeanette"},"sameAs":["https:\/\/www.eldiario.net\/portal"],"url":"https:\/\/www.eldiario.net\/portal\/author\/jeanette\/"}]}},"_links":{"self":[{"href":"https:\/\/www.eldiario.net\/portal\/wp-json\/wp\/v2\/posts\/223830","targetHints":{"allow":["GET"]}}],"collection":[{"href":"https:\/\/www.eldiario.net\/portal\/wp-json\/wp\/v2\/posts"}],"about":[{"href":"https:\/\/www.eldiario.net\/portal\/wp-json\/wp\/v2\/types\/post"}],"author":[{"embeddable":true,"href":"https:\/\/www.eldiario.net\/portal\/wp-json\/wp\/v2\/users\/1"}],"replies":[{"embeddable":true,"href":"https:\/\/www.eldiario.net\/portal\/wp-json\/wp\/v2\/comments?post=223830"}],"version-history":[{"count":1,"href":"https:\/\/www.eldiario.net\/portal\/wp-json\/wp\/v2\/posts\/223830\/revisions"}],"predecessor-version":[{"id":223832,"href":"https:\/\/www.eldiario.net\/portal\/wp-json\/wp\/v2\/posts\/223830\/revisions\/223832"}],"wp:featuredmedia":[{"embeddable":true,"href":"https:\/\/www.eldiario.net\/portal\/wp-json\/wp\/v2\/media\/223831"}],"wp:attachment":[{"href":"https:\/\/www.eldiario.net\/portal\/wp-json\/wp\/v2\/media?parent=223830"}],"wp:term":[{"taxonomy":"category","embeddable":true,"href":"https:\/\/www.eldiario.net\/portal\/wp-json\/wp\/v2\/categories?post=223830"},{"taxonomy":"post_tag","embeddable":true,"href":"https:\/\/www.eldiario.net\/portal\/wp-json\/wp\/v2\/tags?post=223830"}],"curies":[{"name":"wp","href":"https:\/\/api.w.org\/{rel}","templated":true}]}}