{"id":223827,"date":"2024-05-30T06:56:24","date_gmt":"2024-05-30T10:56:24","guid":{"rendered":"https:\/\/www.eldiario.net\/portal\/?p=223827"},"modified":"2024-05-30T06:56:24","modified_gmt":"2024-05-30T10:56:24","slug":"declaran-cuarto-intermedio-en-dialogo-para-evitar-bloqueos-de-transportistas","status":"publish","type":"post","link":"https:\/\/www.eldiario.net\/portal\/2024\/05\/30\/declaran-cuarto-intermedio-en-dialogo-para-evitar-bloqueos-de-transportistas\/","title":{"rendered":"Declaran cuarto intermedio en di\u00e1logo  para evitar bloqueos de transportistas"},"content":{"rendered":"<p class=\"v1MsoNormal\">Autoridades del Gobierno y diez ejecutivos de la C\u00e1mara Boliviana de Transporte (CBT) declararon anoche cuarto intermedio hasta el viernes, cuando esperan que se sumen los dirigentes H\u00e9ctor Mercado y Juan Yujra, quienes rechazaron una reuni\u00f3n con el ministro de Obras P\u00fablicas, \u00c9dgar Monta\u00f1o, y anunciaron bloqueo de carreteras para el 3 y 4 de junio.<\/p>\n<p class=\"v1MsoNormal\">\u00abLos 10 dirigentes de la CBT que est\u00e1n presentes aqu\u00ed, nos han solicitado un cuarto intermedio, est\u00e1n en desacuerdo con el se\u00f1or H\u00e9ctor Mercado y el se\u00f1or Juan Yujra de ir a un bloqueo, no est\u00e1n de acuerdo en bloquear el pa\u00eds, no est\u00e1 bien, no es el momento para otra vez ir con bloqueos y obviamente ocasionar recesi\u00f3n en el tema econ\u00f3mico\u00bb, dijo Monta\u00f1o en conferencia de prensa.<\/p>\n<p class=\"v1MsoNormal\">En la reuni\u00f3n de este mi\u00e9rcoles se abord\u00f3 el pliego de la dirigencia del transporte, que est\u00e1 relacionado con la problem\u00e1tica de escasez de d\u00f3lares y de carburantes, adem\u00e1s de la atenci\u00f3n en aduanas, control de la Agenda Nacional de Hidrocarburos (ANH) y el Decreto Supremo 5146, que regula los contratos entre empresas de transporte internacional y transportistas.<\/p>\n<p class=\"v1MsoNormal\">\u00abEl pedido un\u00e1nime de los 10 dirigentes de la CBT, que han asistido hoy (mi\u00e9rcoles) a esta reuni\u00f3n (&#8230;) y que tambi\u00e9n ellos van a aprovechar que se puedan comunicar con ellos y pueda asistir el d\u00eda viernes\u00bb, indic\u00f3 Monta\u00f1o.<\/p>\n<p class=\"v1MsoNormal\">El presidente de la C\u00e1mara Nacional de\u00a0Transporte\u00a0Pesado, H\u00e9ctor Mercado, record\u00f3 el martes que la resoluci\u00f3n de ampliado del sector realizado el s\u00e1bado en Cochabamba exigi\u00f3 hablar con el presidente Luis Arce y no con ministros. \u00abEl transporte pesado internacional sac\u00f3 un voto resolutivo el s\u00e1bado donde dice reuni\u00f3n con el presidente Luis Arce, y no con usted u otro ministro. Se\u00f1or ministro no intente dividir al transporte pesado\u00bb, dijo.<\/p>\n<p class=\"v1MsoNormal\">El dirigente del Transporte Pesado de Santa Cruz, Juan Yujra, dijo el martes que la reuni\u00f3n es con el jefe de Estado. \u00abEl ministro de Obras P\u00fablicas (\u00c9dgar Monta\u00f1o) se est\u00e1 haciendo la burla del transporte y de todos los bolivianos. No tiene que hacer tanto show, si no tiene que invitar directamente, pero para que nos vayamos a reunirnos con el Presidente (Luis Arce), ya no con los ministerios porque ya hemos agotado esas instancias\u00bb.<\/p>\n<p class=\"v1MsoNormal\">Monta\u00f1o dijo que las autoridades que participaron de la reuni\u00f3n de este mi\u00e9rcoles y los 10 dirigentes de la CBT est\u00e1n en desacuerdo con el bloqueo para este 3 y 4 de junio. \u00abTodo estamos en desacuerdo de que se bloquee el pa\u00eds, por eso es que el d\u00eda de hoy hemos tomado la decisi\u00f3n, los 10 dirigentes de la CBT y todos los viceministros y directores de dar un cuarto intermedio para que se pueda reencaminar y se pueda terminar estos avances que hemos realizado para este viernes a las 17:00 horas y, obviamente, ah\u00ed esperemos que asista el se\u00f1or H\u00e9ctor Mercado, Juan Yujra y toda la directiva que se est\u00e1 oponiendo a que puedan sentarse a dialogar nuevamente con los diferentes ministerios que tienen que ver el sector del transporte empresarial\u00bb.<\/p>\n<p class=\"v1MsoNormal\">El dirigente del transporte pesado, Ramiro Sullcani, dijo que el pedido del cuarto intermedio es para buscar \u00abel consenso de todos ellos (Mercado y Yujra)\u00bb porque \u00abellos tienen un pedido y es mejor que todos est\u00e9n presentes ese d\u00eda para que puedan salir satisfechos de esta reuni\u00f3n\u00bb.<\/p>\n<p class=\"v1MsoNormal\">A su vez, una dirigente que particip\u00f3 de la reuni\u00f3n llam\u00f3 a otros ejecutivos del sector a la reuni\u00f3n del viernes. \u00abYo les pido a los otros dirigentes que el d\u00eda viernes est\u00e9n. Nos pongamos de acuerdo todos para que hagamos una sola fuerza. No es bueno estar divididos. El viernes yo les ruego estar todos juntos para que trabajemos en el asunto. Hemos avanzado harto con el ministro (Monta\u00f1o), con todas las c\u00e1maras\u00bb, dijo la dirigente de CBT. (Br\u00fajula Digital)<\/p>\n","protected":false},"excerpt":{"rendered":"<p>Autoridades del Gobierno y diez ejecutivos de la C\u00e1mara Boliviana de Transporte (CBT) declararon anoche cuarto intermedio hasta el viernes, cuando esperan que se sumen los dirigentes H\u00e9ctor Mercado y Juan Yujra, quienes rechazaron una reuni\u00f3n con el ministro de Obras P\u00fablicas, \u00c9dgar Monta\u00f1o, y anunciaron bloqueo de carreteras para el 3 y 4 de [&hellip;]<\/p>\n","protected":false},"author":1,"featured_media":223828,"comment_status":"open","ping_status":"open","sticky":false,"template":"","format":"standard","meta":{"_acf_changed":false,"footnotes":""},"categories":[15],"tags":[],"class_list":["post-223827","post","type-post","status-publish","format-standard","has-post-thumbnail","category-portada"],"acf":{"antetitulo":"Hasta el viernes"},"yoast_head":"<!-- This site is optimized with the Yoast SEO plugin v28.4 - https:\/\/yoast.com\/product\/yoast-seo-wordpress\/ -->\n<title>Declaran cuarto intermedio en di\u00e1logo para evitar bloqueos de transportistas - El Diario - Bolivia<\/title>\n<meta name=\"robots\" content=\"index, follow, max-snippet:-1, max-image-preview:large, max-video-preview:-1\" \/>\n<link rel=\"canonical\" href=\"https:\/\/www.eldiario.net\/portal\/2024\/05\/30\/declaran-cuarto-intermedio-en-dialogo-para-evitar-bloqueos-de-transportistas\/\" \/>\n<meta property=\"og:locale\" content=\"es_ES\" \/>\n<meta property=\"og:type\" content=\"article\" \/>\n<meta property=\"og:title\" content=\"Declaran cuarto intermedio en di\u00e1logo para evitar bloqueos de transportistas - El Diario - Bolivia\" \/>\n<meta property=\"og:description\" content=\"Autoridades del Gobierno y diez ejecutivos de la C\u00e1mara Boliviana de Transporte (CBT) declararon anoche cuarto intermedio hasta el viernes, cuando esperan que se sumen los dirigentes H\u00e9ctor Mercado y Juan Yujra, quienes rechazaron una reuni\u00f3n con el ministro de Obras P\u00fablicas, \u00c9dgar Monta\u00f1o, y anunciaron bloqueo de carreteras para el 3 y 4 de [&hellip;]\" \/>\n<meta property=\"og:url\" content=\"https:\/\/www.eldiario.net\/portal\/2024\/05\/30\/declaran-cuarto-intermedio-en-dialogo-para-evitar-bloqueos-de-transportistas\/\" \/>\n<meta property=\"og:site_name\" content=\"El Diario - Bolivia\" \/>\n<meta property=\"article:publisher\" content=\"https:\/\/www.facebook.com\/eldiario.bolivia\/\" \/>\n<meta property=\"article:published_time\" content=\"2024-05-30T10:56:24+00:00\" \/>\n<meta property=\"og:image\" content=\"https:\/\/www.eldiario.net\/portal\/wp-content\/uploads\/2024\/05\/Montano-Abi.jpg\" \/>\n\t<meta property=\"og:image:width\" content=\"720\" \/>\n\t<meta property=\"og:image:height\" content=\"399\" \/>\n\t<meta property=\"og:image:type\" content=\"image\/jpeg\" \/>\n<meta name=\"author\" content=\"Jeanette\" \/>\n<meta name=\"twitter:card\" content=\"summary_large_image\" \/>\n<meta name=\"twitter:creator\" content=\"@eldiario_net\" \/>\n<meta name=\"twitter:site\" content=\"@eldiario_net\" \/>\n<meta name=\"twitter:label1\" content=\"Escrito por\" \/>\n\t<meta name=\"twitter:data1\" content=\"Jeanette\" \/>\n\t<meta name=\"twitter:label2\" content=\"Tiempo de lectura\" \/>\n\t<meta name=\"twitter:data2\" content=\"4 minutos\" \/>\n<script type=\"application\/ld+json\" class=\"yoast-schema-graph\">{\"@context\":\"https:\\\/\\\/schema.org\",\"@graph\":[{\"@type\":\"Article\",\"@id\":\"https:\\\/\\\/www.eldiario.net\\\/portal\\\/2024\\\/05\\\/30\\\/declaran-cuarto-intermedio-en-dialogo-para-evitar-bloqueos-de-transportistas\\\/#article\",\"isPartOf\":{\"@id\":\"https:\\\/\\\/www.eldiario.net\\\/portal\\\/2024\\\/05\\\/30\\\/declaran-cuarto-intermedio-en-dialogo-para-evitar-bloqueos-de-transportistas\\\/\"},\"author\":{\"name\":\"Jeanette\",\"@id\":\"https:\\\/\\\/www.eldiario.net\\\/portal\\\/#\\\/schema\\\/person\\\/2c57cf2b7a7ae032e449e4c9b1019eac\"},\"headline\":\"Declaran cuarto intermedio en di\u00e1logo para evitar bloqueos de transportistas\",\"datePublished\":\"2024-05-30T10:56:24+00:00\",\"mainEntityOfPage\":{\"@id\":\"https:\\\/\\\/www.eldiario.net\\\/portal\\\/2024\\\/05\\\/30\\\/declaran-cuarto-intermedio-en-dialogo-para-evitar-bloqueos-de-transportistas\\\/\"},\"wordCount\":687,\"commentCount\":0,\"publisher\":{\"@id\":\"https:\\\/\\\/www.eldiario.net\\\/portal\\\/#organization\"},\"image\":{\"@id\":\"https:\\\/\\\/www.eldiario.net\\\/portal\\\/2024\\\/05\\\/30\\\/declaran-cuarto-intermedio-en-dialogo-para-evitar-bloqueos-de-transportistas\\\/#primaryimage\"},\"thumbnailUrl\":\"https:\\\/\\\/www.eldiario.net\\\/portal\\\/wp-content\\\/uploads\\\/2024\\\/05\\\/Montano-Abi.jpg\",\"articleSection\":[\"Portada\"],\"inLanguage\":\"es\",\"potentialAction\":[{\"@type\":\"CommentAction\",\"name\":\"Comment\",\"target\":[\"https:\\\/\\\/www.eldiario.net\\\/portal\\\/2024\\\/05\\\/30\\\/declaran-cuarto-intermedio-en-dialogo-para-evitar-bloqueos-de-transportistas\\\/#respond\"]}]},{\"@type\":\"WebPage\",\"@id\":\"https:\\\/\\\/www.eldiario.net\\\/portal\\\/2024\\\/05\\\/30\\\/declaran-cuarto-intermedio-en-dialogo-para-evitar-bloqueos-de-transportistas\\\/\",\"url\":\"https:\\\/\\\/www.eldiario.net\\\/portal\\\/2024\\\/05\\\/30\\\/declaran-cuarto-intermedio-en-dialogo-para-evitar-bloqueos-de-transportistas\\\/\",\"name\":\"Declaran cuarto intermedio en di\u00e1logo para evitar bloqueos de transportistas - El Diario - Bolivia\",\"isPartOf\":{\"@id\":\"https:\\\/\\\/www.eldiario.net\\\/portal\\\/#website\"},\"primaryImageOfPage\":{\"@id\":\"https:\\\/\\\/www.eldiario.net\\\/portal\\\/2024\\\/05\\\/30\\\/declaran-cuarto-intermedio-en-dialogo-para-evitar-bloqueos-de-transportistas\\\/#primaryimage\"},\"image\":{\"@id\":\"https:\\\/\\\/www.eldiario.net\\\/portal\\\/2024\\\/05\\\/30\\\/declaran-cuarto-intermedio-en-dialogo-para-evitar-bloqueos-de-transportistas\\\/#primaryimage\"},\"thumbnailUrl\":\"https:\\\/\\\/www.eldiario.net\\\/portal\\\/wp-content\\\/uploads\\\/2024\\\/05\\\/Montano-Abi.jpg\",\"datePublished\":\"2024-05-30T10:56:24+00:00\",\"breadcrumb\":{\"@id\":\"https:\\\/\\\/www.eldiario.net\\\/portal\\\/2024\\\/05\\\/30\\\/declaran-cuarto-intermedio-en-dialogo-para-evitar-bloqueos-de-transportistas\\\/#breadcrumb\"},\"inLanguage\":\"es\",\"potentialAction\":[{\"@type\":\"ReadAction\",\"target\":[\"https:\\\/\\\/www.eldiario.net\\\/portal\\\/2024\\\/05\\\/30\\\/declaran-cuarto-intermedio-en-dialogo-para-evitar-bloqueos-de-transportistas\\\/\"]}]},{\"@type\":\"ImageObject\",\"inLanguage\":\"es\",\"@id\":\"https:\\\/\\\/www.eldiario.net\\\/portal\\\/2024\\\/05\\\/30\\\/declaran-cuarto-intermedio-en-dialogo-para-evitar-bloqueos-de-transportistas\\\/#primaryimage\",\"url\":\"https:\\\/\\\/www.eldiario.net\\\/portal\\\/wp-content\\\/uploads\\\/2024\\\/05\\\/Montano-Abi.jpg\",\"contentUrl\":\"https:\\\/\\\/www.eldiario.net\\\/portal\\\/wp-content\\\/uploads\\\/2024\\\/05\\\/Montano-Abi.jpg\",\"width\":720,\"height\":399,\"caption\":\"EL MINISTRO EDGAR MONTA\u00d1O CON DIRIGENTES DE LA C\u00c1MARA BOLIVIANA DE TRANSPORTE. CR\u00c9DITO: Abi\"},{\"@type\":\"BreadcrumbList\",\"@id\":\"https:\\\/\\\/www.eldiario.net\\\/portal\\\/2024\\\/05\\\/30\\\/declaran-cuarto-intermedio-en-dialogo-para-evitar-bloqueos-de-transportistas\\\/#breadcrumb\",\"itemListElement\":[{\"@type\":\"ListItem\",\"position\":1,\"name\":\"Portada\",\"item\":\"https:\\\/\\\/www.eldiario.net\\\/portal\\\/\"},{\"@type\":\"ListItem\",\"position\":2,\"name\":\"Declaran cuarto intermedio en di\u00e1logo para evitar bloqueos de transportistas\"}]},{\"@type\":\"WebSite\",\"@id\":\"https:\\\/\\\/www.eldiario.net\\\/portal\\\/#website\",\"url\":\"https:\\\/\\\/www.eldiario.net\\\/portal\\\/\",\"name\":\"El Diario - Decano de la prensa nacional\",\"description\":\"El Diario - Decano de la prensa nacional\",\"publisher\":{\"@id\":\"https:\\\/\\\/www.eldiario.net\\\/portal\\\/#organization\"},\"potentialAction\":[{\"@type\":\"SearchAction\",\"target\":{\"@type\":\"EntryPoint\",\"urlTemplate\":\"https:\\\/\\\/www.eldiario.net\\\/portal\\\/?s={search_term_string}\"},\"query-input\":{\"@type\":\"PropertyValueSpecification\",\"valueRequired\":true,\"valueName\":\"search_term_string\"}}],\"inLanguage\":\"es\"},{\"@type\":\"Organization\",\"@id\":\"https:\\\/\\\/www.eldiario.net\\\/portal\\\/#organization\",\"name\":\"El Diario - Decano de la prensa nacional\",\"url\":\"https:\\\/\\\/www.eldiario.net\\\/portal\\\/\",\"logo\":{\"@type\":\"ImageObject\",\"inLanguage\":\"es\",\"@id\":\"https:\\\/\\\/www.eldiario.net\\\/portal\\\/#\\\/schema\\\/logo\\\/image\\\/\",\"url\":\"https:\\\/\\\/www.eldiario.net\\\/portal\\\/wp-content\\\/uploads\\\/2023\\\/07\\\/logo_ED.jpg\",\"contentUrl\":\"https:\\\/\\\/www.eldiario.net\\\/portal\\\/wp-content\\\/uploads\\\/2023\\\/07\\\/logo_ED.jpg\",\"width\":272,\"height\":52,\"caption\":\"El Diario - Decano de la prensa nacional\"},\"image\":{\"@id\":\"https:\\\/\\\/www.eldiario.net\\\/portal\\\/#\\\/schema\\\/logo\\\/image\\\/\"},\"sameAs\":[\"https:\\\/\\\/www.facebook.com\\\/eldiario.bolivia\\\/\",\"https:\\\/\\\/x.com\\\/eldiario_net\"]},{\"@type\":\"Person\",\"@id\":\"https:\\\/\\\/www.eldiario.net\\\/portal\\\/#\\\/schema\\\/person\\\/2c57cf2b7a7ae032e449e4c9b1019eac\",\"name\":\"Jeanette\",\"image\":{\"@type\":\"ImageObject\",\"inLanguage\":\"es\",\"@id\":\"https:\\\/\\\/secure.gravatar.com\\\/avatar\\\/3ea2118a5f7dad2b7138b1187a6b7ee55f160b9968b66013c3a3ef39dd7e5798?s=96&d=mm&r=g\",\"url\":\"https:\\\/\\\/secure.gravatar.com\\\/avatar\\\/3ea2118a5f7dad2b7138b1187a6b7ee55f160b9968b66013c3a3ef39dd7e5798?s=96&d=mm&r=g\",\"contentUrl\":\"https:\\\/\\\/secure.gravatar.com\\\/avatar\\\/3ea2118a5f7dad2b7138b1187a6b7ee55f160b9968b66013c3a3ef39dd7e5798?s=96&d=mm&r=g\",\"caption\":\"Jeanette\"},\"sameAs\":[\"https:\\\/\\\/www.eldiario.net\\\/portal\"],\"url\":\"https:\\\/\\\/www.eldiario.net\\\/portal\\\/author\\\/jeanette\\\/\"}]}<\/script>\n<!-- \/ Yoast SEO plugin. -->","yoast_head_json":{"title":"Declaran cuarto intermedio en di\u00e1logo para evitar bloqueos de transportistas - El Diario - Bolivia","robots":{"index":"index","follow":"follow","max-snippet":"max-snippet:-1","max-image-preview":"max-image-preview:large","max-video-preview":"max-video-preview:-1"},"canonical":"https:\/\/www.eldiario.net\/portal\/2024\/05\/30\/declaran-cuarto-intermedio-en-dialogo-para-evitar-bloqueos-de-transportistas\/","og_locale":"es_ES","og_type":"article","og_title":"Declaran cuarto intermedio en di\u00e1logo para evitar bloqueos de transportistas - El Diario - Bolivia","og_description":"Autoridades del Gobierno y diez ejecutivos de la C\u00e1mara Boliviana de Transporte (CBT) declararon anoche cuarto intermedio hasta el viernes, cuando esperan que se sumen los dirigentes H\u00e9ctor Mercado y Juan Yujra, quienes rechazaron una reuni\u00f3n con el ministro de Obras P\u00fablicas, \u00c9dgar Monta\u00f1o, y anunciaron bloqueo de carreteras para el 3 y 4 de [&hellip;]","og_url":"https:\/\/www.eldiario.net\/portal\/2024\/05\/30\/declaran-cuarto-intermedio-en-dialogo-para-evitar-bloqueos-de-transportistas\/","og_site_name":"El Diario - Bolivia","article_publisher":"https:\/\/www.facebook.com\/eldiario.bolivia\/","article_published_time":"2024-05-30T10:56:24+00:00","og_image":[{"width":720,"height":399,"url":"https:\/\/www.eldiario.net\/portal\/wp-content\/uploads\/2024\/05\/Montano-Abi.jpg","type":"image\/jpeg"}],"author":"Jeanette","twitter_card":"summary_large_image","twitter_creator":"@eldiario_net","twitter_site":"@eldiario_net","twitter_misc":{"Escrito por":"Jeanette","Tiempo de lectura":"4 minutos"},"schema":{"@context":"https:\/\/schema.org","@graph":[{"@type":"Article","@id":"https:\/\/www.eldiario.net\/portal\/2024\/05\/30\/declaran-cuarto-intermedio-en-dialogo-para-evitar-bloqueos-de-transportistas\/#article","isPartOf":{"@id":"https:\/\/www.eldiario.net\/portal\/2024\/05\/30\/declaran-cuarto-intermedio-en-dialogo-para-evitar-bloqueos-de-transportistas\/"},"author":{"name":"Jeanette","@id":"https:\/\/www.eldiario.net\/portal\/#\/schema\/person\/2c57cf2b7a7ae032e449e4c9b1019eac"},"headline":"Declaran cuarto intermedio en di\u00e1logo para evitar bloqueos de transportistas","datePublished":"2024-05-30T10:56:24+00:00","mainEntityOfPage":{"@id":"https:\/\/www.eldiario.net\/portal\/2024\/05\/30\/declaran-cuarto-intermedio-en-dialogo-para-evitar-bloqueos-de-transportistas\/"},"wordCount":687,"commentCount":0,"publisher":{"@id":"https:\/\/www.eldiario.net\/portal\/#organization"},"image":{"@id":"https:\/\/www.eldiario.net\/portal\/2024\/05\/30\/declaran-cuarto-intermedio-en-dialogo-para-evitar-bloqueos-de-transportistas\/#primaryimage"},"thumbnailUrl":"https:\/\/www.eldiario.net\/portal\/wp-content\/uploads\/2024\/05\/Montano-Abi.jpg","articleSection":["Portada"],"inLanguage":"es","potentialAction":[{"@type":"CommentAction","name":"Comment","target":["https:\/\/www.eldiario.net\/portal\/2024\/05\/30\/declaran-cuarto-intermedio-en-dialogo-para-evitar-bloqueos-de-transportistas\/#respond"]}]},{"@type":"WebPage","@id":"https:\/\/www.eldiario.net\/portal\/2024\/05\/30\/declaran-cuarto-intermedio-en-dialogo-para-evitar-bloqueos-de-transportistas\/","url":"https:\/\/www.eldiario.net\/portal\/2024\/05\/30\/declaran-cuarto-intermedio-en-dialogo-para-evitar-bloqueos-de-transportistas\/","name":"Declaran cuarto intermedio en di\u00e1logo para evitar bloqueos de transportistas - El Diario - Bolivia","isPartOf":{"@id":"https:\/\/www.eldiario.net\/portal\/#website"},"primaryImageOfPage":{"@id":"https:\/\/www.eldiario.net\/portal\/2024\/05\/30\/declaran-cuarto-intermedio-en-dialogo-para-evitar-bloqueos-de-transportistas\/#primaryimage"},"image":{"@id":"https:\/\/www.eldiario.net\/portal\/2024\/05\/30\/declaran-cuarto-intermedio-en-dialogo-para-evitar-bloqueos-de-transportistas\/#primaryimage"},"thumbnailUrl":"https:\/\/www.eldiario.net\/portal\/wp-content\/uploads\/2024\/05\/Montano-Abi.jpg","datePublished":"2024-05-30T10:56:24+00:00","breadcrumb":{"@id":"https:\/\/www.eldiario.net\/portal\/2024\/05\/30\/declaran-cuarto-intermedio-en-dialogo-para-evitar-bloqueos-de-transportistas\/#breadcrumb"},"inLanguage":"es","potentialAction":[{"@type":"ReadAction","target":["https:\/\/www.eldiario.net\/portal\/2024\/05\/30\/declaran-cuarto-intermedio-en-dialogo-para-evitar-bloqueos-de-transportistas\/"]}]},{"@type":"ImageObject","inLanguage":"es","@id":"https:\/\/www.eldiario.net\/portal\/2024\/05\/30\/declaran-cuarto-intermedio-en-dialogo-para-evitar-bloqueos-de-transportistas\/#primaryimage","url":"https:\/\/www.eldiario.net\/portal\/wp-content\/uploads\/2024\/05\/Montano-Abi.jpg","contentUrl":"https:\/\/www.eldiario.net\/portal\/wp-content\/uploads\/2024\/05\/Montano-Abi.jpg","width":720,"height":399,"caption":"EL MINISTRO EDGAR MONTA\u00d1O CON DIRIGENTES DE LA C\u00c1MARA BOLIVIANA DE TRANSPORTE. CR\u00c9DITO: Abi"},{"@type":"BreadcrumbList","@id":"https:\/\/www.eldiario.net\/portal\/2024\/05\/30\/declaran-cuarto-intermedio-en-dialogo-para-evitar-bloqueos-de-transportistas\/#breadcrumb","itemListElement":[{"@type":"ListItem","position":1,"name":"Portada","item":"https:\/\/www.eldiario.net\/portal\/"},{"@type":"ListItem","position":2,"name":"Declaran cuarto intermedio en di\u00e1logo para evitar bloqueos de transportistas"}]},{"@type":"WebSite","@id":"https:\/\/www.eldiario.net\/portal\/#website","url":"https:\/\/www.eldiario.net\/portal\/","name":"El Diario - Decano de la prensa nacional","description":"El Diario - Decano de la prensa nacional","publisher":{"@id":"https:\/\/www.eldiario.net\/portal\/#organization"},"potentialAction":[{"@type":"SearchAction","target":{"@type":"EntryPoint","urlTemplate":"https:\/\/www.eldiario.net\/portal\/?s={search_term_string}"},"query-input":{"@type":"PropertyValueSpecification","valueRequired":true,"valueName":"search_term_string"}}],"inLanguage":"es"},{"@type":"Organization","@id":"https:\/\/www.eldiario.net\/portal\/#organization","name":"El Diario - Decano de la prensa nacional","url":"https:\/\/www.eldiario.net\/portal\/","logo":{"@type":"ImageObject","inLanguage":"es","@id":"https:\/\/www.eldiario.net\/portal\/#\/schema\/logo\/image\/","url":"https:\/\/www.eldiario.net\/portal\/wp-content\/uploads\/2023\/07\/logo_ED.jpg","contentUrl":"https:\/\/www.eldiario.net\/portal\/wp-content\/uploads\/2023\/07\/logo_ED.jpg","width":272,"height":52,"caption":"El Diario - Decano de la prensa nacional"},"image":{"@id":"https:\/\/www.eldiario.net\/portal\/#\/schema\/logo\/image\/"},"sameAs":["https:\/\/www.facebook.com\/eldiario.bolivia\/","https:\/\/x.com\/eldiario_net"]},{"@type":"Person","@id":"https:\/\/www.eldiario.net\/portal\/#\/schema\/person\/2c57cf2b7a7ae032e449e4c9b1019eac","name":"Jeanette","image":{"@type":"ImageObject","inLanguage":"es","@id":"https:\/\/secure.gravatar.com\/avatar\/3ea2118a5f7dad2b7138b1187a6b7ee55f160b9968b66013c3a3ef39dd7e5798?s=96&d=mm&r=g","url":"https:\/\/secure.gravatar.com\/avatar\/3ea2118a5f7dad2b7138b1187a6b7ee55f160b9968b66013c3a3ef39dd7e5798?s=96&d=mm&r=g","contentUrl":"https:\/\/secure.gravatar.com\/avatar\/3ea2118a5f7dad2b7138b1187a6b7ee55f160b9968b66013c3a3ef39dd7e5798?s=96&d=mm&r=g","caption":"Jeanette"},"sameAs":["https:\/\/www.eldiario.net\/portal"],"url":"https:\/\/www.eldiario.net\/portal\/author\/jeanette\/"}]}},"_links":{"self":[{"href":"https:\/\/www.eldiario.net\/portal\/wp-json\/wp\/v2\/posts\/223827","targetHints":{"allow":["GET"]}}],"collection":[{"href":"https:\/\/www.eldiario.net\/portal\/wp-json\/wp\/v2\/posts"}],"about":[{"href":"https:\/\/www.eldiario.net\/portal\/wp-json\/wp\/v2\/types\/post"}],"author":[{"embeddable":true,"href":"https:\/\/www.eldiario.net\/portal\/wp-json\/wp\/v2\/users\/1"}],"replies":[{"embeddable":true,"href":"https:\/\/www.eldiario.net\/portal\/wp-json\/wp\/v2\/comments?post=223827"}],"version-history":[{"count":1,"href":"https:\/\/www.eldiario.net\/portal\/wp-json\/wp\/v2\/posts\/223827\/revisions"}],"predecessor-version":[{"id":223829,"href":"https:\/\/www.eldiario.net\/portal\/wp-json\/wp\/v2\/posts\/223827\/revisions\/223829"}],"wp:featuredmedia":[{"embeddable":true,"href":"https:\/\/www.eldiario.net\/portal\/wp-json\/wp\/v2\/media\/223828"}],"wp:attachment":[{"href":"https:\/\/www.eldiario.net\/portal\/wp-json\/wp\/v2\/media?parent=223827"}],"wp:term":[{"taxonomy":"category","embeddable":true,"href":"https:\/\/www.eldiario.net\/portal\/wp-json\/wp\/v2\/categories?post=223827"},{"taxonomy":"post_tag","embeddable":true,"href":"https:\/\/www.eldiario.net\/portal\/wp-json\/wp\/v2\/tags?post=223827"}],"curies":[{"name":"wp","href":"https:\/\/api.w.org\/{rel}","templated":true}]}}