{"id":223823,"date":"2024-05-30T06:53:33","date_gmt":"2024-05-30T10:53:33","guid":{"rendered":"https:\/\/www.eldiario.net\/portal\/?p=223823"},"modified":"2024-05-30T06:53:33","modified_gmt":"2024-05-30T10:53:33","slug":"denuncian-que-monumento-del-tata-esta-en-abandono","status":"publish","type":"post","link":"https:\/\/www.eldiario.net\/portal\/2024\/05\/30\/denuncian-que-monumento-del-tata-esta-en-abandono\/","title":{"rendered":"Denuncian que monumento  del \u00abTata\u00bb est\u00e1 en abandono"},"content":{"rendered":"<p class=\"v1MsoNormal\">La imagen blanca del Se\u00f1or Jes\u00fas del Gran Poder con los brazos abiertos en alto que se encontraba en la zona del mismo nombre en el centro de la ciudad de La Paz hoy presenta rajaduras, hasta huecos en su estructura abandonada en un mirador sin nombre del sector de Mallasilla. Adem\u00e1s, v\u00e1ndalos pintaron obscenidades en su manto.<\/p>\n<p class=\"v1MsoNormal\">\u00abLa escultura del Se\u00f1or Jes\u00fas del Gran Poder fue abandonada por completo en un mirador sin nombre de Mallasilla. El total descuido afect\u00f3 la misma estructura y ahora corre el riesgo de su completa destrucci\u00f3n\u00bb, se\u00f1al\u00f3 el concejal Javier Escalier.<\/p>\n<p class=\"v1MsoNormal\">Record\u00f3 que la imagen se encontraba en lo alto de una torre en la plaza del Gran Poder. Debajo ten\u00eda luces que cambiaban de color seg\u00fan la temporada y era admirada por todos los transe\u00fantes. La escultura tiene un peso aproximado de 700 kilos y fue hecha por el escultor Jos\u00e9 Edlin Aguilar realizada en fibra de vidrio en 2005.<\/p>\n<p class=\"v1MsoNormal\">En julio del 2009 fue desmontada y colocada en la avenida del Poeta hasta que se proyect\u00f3 su reubicaci\u00f3n en la zona Amor de Dios. Luego de varios estudios se advirti\u00f3 inestabilidad en ese terreno y se defini\u00f3 su traslado, en junio del 2010, al mirador de Mallasilla \u00abdonde ya no tuvo ning\u00fan tipo de cuidado o mantenimiento\u00bb.<\/p>\n<p class=\"v1MsoNormal\">Esta obra fue trasladada a un mirador cuyos accesos son de tierra, fue instalada al borde del suelo y nunca m\u00e1s recibi\u00f3 ning\u00fan tipo de mantenimiento. Las inclemencias del tiempo causaron grietas en toda la estructura y en el manto posterior izquierdo se abri\u00f3 un boquete por donde filtra el agua que va humedeciendo toda la imagen al punto de causar da\u00f1os en su estructura misma.<\/p>\n<p class=\"v1MsoNormal\">\u00abIngresa el agua dentro de la imagen y en un corto tiempo la humedad destrozar\u00e1 por completo la estructura. Lo peor son los v\u00e1ndalos, personas inescrupulosas que pintarrajearon gran parte de la imagen.\u00a0 Por lo tanto, recomendamos al ejecutivo municipal intervenga y restaure este patrimonio hist\u00f3rico que se encuentra en el mirador de Mallasilla\u00bb, apunt\u00f3 Escalier.<\/p>\n<p class=\"v1MsoNormal\">El legislador anunci\u00f3 que en el transcurso de los siguientes d\u00edas presentar\u00e1 una Minuta de Comunicaci\u00f3n al Ejecutivo con el fin de que realice las acciones necesarias \u00abpara intervenir y restaurar el patrimonio hist\u00f3rico como es la figura del Se\u00f1or Jes\u00fas del Gran Poder\u00bb.<\/p>\n<p class=\"v1MsoNormal\">Seg\u00fan la Ley de Fiscalizaci\u00f3n 499, el Alcalde tiene un plazo de 15 d\u00edas, a partir de la notificaci\u00f3n, para cumplir con las recomendaciones de la Minuta de Comunicaci\u00f3n.<\/p>\n<p class=\"v1MsoNormal\">El art\u00edculo 17 de la norma municipal establece que si el \u00d3rgano Ejecutivo Municipal no puede atender las recomendaciones de la Minuta de Comunicaci\u00f3n, deber\u00e1 enviar un informe fundamentado y justificado al Concejo Municipal, el cual debe ser sometido a votaci\u00f3n por el pleno del Concejo Municipal. Si el Pleno rechaza el informe de justificaci\u00f3n, las recomendaciones de la Minuta de Comunicaci\u00f3n quedan ratificadas y deben ser cumplidas en un plazo m\u00e1ximo de cinco (5) d\u00edas h\u00e1biles.<\/p>\n<figure id=\"attachment_223825\" aria-describedby=\"caption-attachment-223825\" style=\"width: 1200px\" class=\"wp-caption aligncenter\"><img loading=\"lazy\" decoding=\"async\" class=\"size-full wp-image-223825\" src=\"https:\/\/www.eldiario.net\/portal\/wp-content\/uploads\/2024\/05\/Tata-2-El-Diario.jpg\" alt=\"\" width=\"1200\" height=\"1147\" srcset=\"https:\/\/www.eldiario.net\/portal\/wp-content\/uploads\/2024\/05\/Tata-2-El-Diario.jpg 1200w, https:\/\/www.eldiario.net\/portal\/wp-content\/uploads\/2024\/05\/Tata-2-El-Diario-300x287.jpg 300w, https:\/\/www.eldiario.net\/portal\/wp-content\/uploads\/2024\/05\/Tata-2-El-Diario-1024x979.jpg 1024w, https:\/\/www.eldiario.net\/portal\/wp-content\/uploads\/2024\/05\/Tata-2-El-Diario-768x734.jpg 768w, https:\/\/www.eldiario.net\/portal\/wp-content\/uploads\/2024\/05\/Tata-2-El-Diario-439x420.jpg 439w, https:\/\/www.eldiario.net\/portal\/wp-content\/uploads\/2024\/05\/Tata-2-El-Diario-696x665.jpg 696w, https:\/\/www.eldiario.net\/portal\/wp-content\/uploads\/2024\/05\/Tata-2-El-Diario-1068x1021.jpg 1068w\" sizes=\"auto, (max-width: 1200px) 100vw, 1200px\" \/><figcaption id=\"caption-attachment-223825\" class=\"wp-caption-text\">LA IMAGEN QUE EST\u00c1 EN MALLASILLA.<br \/>CR\u00c9DITO: El Diario<\/figcaption><\/figure>\n","protected":false},"excerpt":{"rendered":"<p>La imagen blanca del Se\u00f1or Jes\u00fas del Gran Poder con los brazos abiertos en alto que se encontraba en la zona del mismo nombre en el centro de la ciudad de La Paz hoy presenta rajaduras, hasta huecos en su estructura abandonada en un mirador sin nombre del sector de Mallasilla. Adem\u00e1s, v\u00e1ndalos pintaron obscenidades [&hellip;]<\/p>\n","protected":false},"author":1,"featured_media":223824,"comment_status":"open","ping_status":"open","sticky":false,"template":"","format":"standard","meta":{"_acf_changed":false,"footnotes":""},"categories":[15],"tags":[],"class_list":["post-223823","post","type-post","status-publish","format-standard","has-post-thumbnail","category-portada"],"acf":{"antetitulo":"La imagen presenta rajaduras"},"yoast_head":"<!-- This site is optimized with the Yoast SEO plugin v28.4 - https:\/\/yoast.com\/product\/yoast-seo-wordpress\/ -->\n<title>Denuncian que monumento del &quot;Tata&quot; est\u00e1 en abandono - El Diario - Bolivia<\/title>\n<meta name=\"robots\" content=\"index, follow, max-snippet:-1, max-image-preview:large, max-video-preview:-1\" \/>\n<link rel=\"canonical\" href=\"https:\/\/www.eldiario.net\/portal\/2024\/05\/30\/denuncian-que-monumento-del-tata-esta-en-abandono\/\" \/>\n<meta property=\"og:locale\" content=\"es_ES\" \/>\n<meta property=\"og:type\" content=\"article\" \/>\n<meta property=\"og:title\" content=\"Denuncian que monumento del &quot;Tata&quot; est\u00e1 en abandono - El Diario - Bolivia\" \/>\n<meta property=\"og:description\" content=\"La imagen blanca del Se\u00f1or Jes\u00fas del Gran Poder con los brazos abiertos en alto que se encontraba en la zona del mismo nombre en el centro de la ciudad de La Paz hoy presenta rajaduras, hasta huecos en su estructura abandonada en un mirador sin nombre del sector de Mallasilla. Adem\u00e1s, v\u00e1ndalos pintaron obscenidades [&hellip;]\" \/>\n<meta property=\"og:url\" content=\"https:\/\/www.eldiario.net\/portal\/2024\/05\/30\/denuncian-que-monumento-del-tata-esta-en-abandono\/\" \/>\n<meta property=\"og:site_name\" content=\"El Diario - Bolivia\" \/>\n<meta property=\"article:publisher\" content=\"https:\/\/www.facebook.com\/eldiario.bolivia\/\" \/>\n<meta property=\"article:published_time\" content=\"2024-05-30T10:53:33+00:00\" \/>\n<meta property=\"og:image\" content=\"https:\/\/www.eldiario.net\/portal\/wp-content\/uploads\/2024\/05\/Tata-1-El-Diario.jpg\" \/>\n\t<meta property=\"og:image:width\" content=\"1200\" \/>\n\t<meta property=\"og:image:height\" content=\"881\" \/>\n\t<meta property=\"og:image:type\" content=\"image\/jpeg\" \/>\n<meta name=\"author\" content=\"Jeanette\" \/>\n<meta name=\"twitter:card\" content=\"summary_large_image\" \/>\n<meta name=\"twitter:creator\" content=\"@eldiario_net\" \/>\n<meta name=\"twitter:site\" content=\"@eldiario_net\" \/>\n<meta name=\"twitter:label1\" content=\"Escrito por\" \/>\n\t<meta name=\"twitter:data1\" content=\"Jeanette\" \/>\n\t<meta name=\"twitter:label2\" content=\"Tiempo de lectura\" \/>\n\t<meta name=\"twitter:data2\" content=\"3 minutos\" \/>\n<script type=\"application\/ld+json\" class=\"yoast-schema-graph\">{\"@context\":\"https:\\\/\\\/schema.org\",\"@graph\":[{\"@type\":\"Article\",\"@id\":\"https:\\\/\\\/www.eldiario.net\\\/portal\\\/2024\\\/05\\\/30\\\/denuncian-que-monumento-del-tata-esta-en-abandono\\\/#article\",\"isPartOf\":{\"@id\":\"https:\\\/\\\/www.eldiario.net\\\/portal\\\/2024\\\/05\\\/30\\\/denuncian-que-monumento-del-tata-esta-en-abandono\\\/\"},\"author\":{\"name\":\"Jeanette\",\"@id\":\"https:\\\/\\\/www.eldiario.net\\\/portal\\\/#\\\/schema\\\/person\\\/2c57cf2b7a7ae032e449e4c9b1019eac\"},\"headline\":\"Denuncian que monumento del \u00abTata\u00bb est\u00e1 en abandono\",\"datePublished\":\"2024-05-30T10:53:33+00:00\",\"mainEntityOfPage\":{\"@id\":\"https:\\\/\\\/www.eldiario.net\\\/portal\\\/2024\\\/05\\\/30\\\/denuncian-que-monumento-del-tata-esta-en-abandono\\\/\"},\"wordCount\":541,\"commentCount\":0,\"publisher\":{\"@id\":\"https:\\\/\\\/www.eldiario.net\\\/portal\\\/#organization\"},\"image\":{\"@id\":\"https:\\\/\\\/www.eldiario.net\\\/portal\\\/2024\\\/05\\\/30\\\/denuncian-que-monumento-del-tata-esta-en-abandono\\\/#primaryimage\"},\"thumbnailUrl\":\"https:\\\/\\\/www.eldiario.net\\\/portal\\\/wp-content\\\/uploads\\\/2024\\\/05\\\/Tata-1-El-Diario.jpg\",\"articleSection\":[\"Portada\"],\"inLanguage\":\"es\",\"potentialAction\":[{\"@type\":\"CommentAction\",\"name\":\"Comment\",\"target\":[\"https:\\\/\\\/www.eldiario.net\\\/portal\\\/2024\\\/05\\\/30\\\/denuncian-que-monumento-del-tata-esta-en-abandono\\\/#respond\"]}]},{\"@type\":\"WebPage\",\"@id\":\"https:\\\/\\\/www.eldiario.net\\\/portal\\\/2024\\\/05\\\/30\\\/denuncian-que-monumento-del-tata-esta-en-abandono\\\/\",\"url\":\"https:\\\/\\\/www.eldiario.net\\\/portal\\\/2024\\\/05\\\/30\\\/denuncian-que-monumento-del-tata-esta-en-abandono\\\/\",\"name\":\"Denuncian que monumento del \\\"Tata\\\" est\u00e1 en abandono - El Diario - Bolivia\",\"isPartOf\":{\"@id\":\"https:\\\/\\\/www.eldiario.net\\\/portal\\\/#website\"},\"primaryImageOfPage\":{\"@id\":\"https:\\\/\\\/www.eldiario.net\\\/portal\\\/2024\\\/05\\\/30\\\/denuncian-que-monumento-del-tata-esta-en-abandono\\\/#primaryimage\"},\"image\":{\"@id\":\"https:\\\/\\\/www.eldiario.net\\\/portal\\\/2024\\\/05\\\/30\\\/denuncian-que-monumento-del-tata-esta-en-abandono\\\/#primaryimage\"},\"thumbnailUrl\":\"https:\\\/\\\/www.eldiario.net\\\/portal\\\/wp-content\\\/uploads\\\/2024\\\/05\\\/Tata-1-El-Diario.jpg\",\"datePublished\":\"2024-05-30T10:53:33+00:00\",\"breadcrumb\":{\"@id\":\"https:\\\/\\\/www.eldiario.net\\\/portal\\\/2024\\\/05\\\/30\\\/denuncian-que-monumento-del-tata-esta-en-abandono\\\/#breadcrumb\"},\"inLanguage\":\"es\",\"potentialAction\":[{\"@type\":\"ReadAction\",\"target\":[\"https:\\\/\\\/www.eldiario.net\\\/portal\\\/2024\\\/05\\\/30\\\/denuncian-que-monumento-del-tata-esta-en-abandono\\\/\"]}]},{\"@type\":\"ImageObject\",\"inLanguage\":\"es\",\"@id\":\"https:\\\/\\\/www.eldiario.net\\\/portal\\\/2024\\\/05\\\/30\\\/denuncian-que-monumento-del-tata-esta-en-abandono\\\/#primaryimage\",\"url\":\"https:\\\/\\\/www.eldiario.net\\\/portal\\\/wp-content\\\/uploads\\\/2024\\\/05\\\/Tata-1-El-Diario.jpg\",\"contentUrl\":\"https:\\\/\\\/www.eldiario.net\\\/portal\\\/wp-content\\\/uploads\\\/2024\\\/05\\\/Tata-1-El-Diario.jpg\",\"width\":1200,\"height\":881,\"caption\":\"LA IMAGEN QUE EST\u00c1 EN MALLASILLA. CR\u00c9DITO: El Diario\"},{\"@type\":\"BreadcrumbList\",\"@id\":\"https:\\\/\\\/www.eldiario.net\\\/portal\\\/2024\\\/05\\\/30\\\/denuncian-que-monumento-del-tata-esta-en-abandono\\\/#breadcrumb\",\"itemListElement\":[{\"@type\":\"ListItem\",\"position\":1,\"name\":\"Portada\",\"item\":\"https:\\\/\\\/www.eldiario.net\\\/portal\\\/\"},{\"@type\":\"ListItem\",\"position\":2,\"name\":\"Denuncian que monumento del \u00abTata\u00bb est\u00e1 en abandono\"}]},{\"@type\":\"WebSite\",\"@id\":\"https:\\\/\\\/www.eldiario.net\\\/portal\\\/#website\",\"url\":\"https:\\\/\\\/www.eldiario.net\\\/portal\\\/\",\"name\":\"El Diario - Decano de la prensa nacional\",\"description\":\"El Diario - Decano de la prensa nacional\",\"publisher\":{\"@id\":\"https:\\\/\\\/www.eldiario.net\\\/portal\\\/#organization\"},\"potentialAction\":[{\"@type\":\"SearchAction\",\"target\":{\"@type\":\"EntryPoint\",\"urlTemplate\":\"https:\\\/\\\/www.eldiario.net\\\/portal\\\/?s={search_term_string}\"},\"query-input\":{\"@type\":\"PropertyValueSpecification\",\"valueRequired\":true,\"valueName\":\"search_term_string\"}}],\"inLanguage\":\"es\"},{\"@type\":\"Organization\",\"@id\":\"https:\\\/\\\/www.eldiario.net\\\/portal\\\/#organization\",\"name\":\"El Diario - Decano de la prensa nacional\",\"url\":\"https:\\\/\\\/www.eldiario.net\\\/portal\\\/\",\"logo\":{\"@type\":\"ImageObject\",\"inLanguage\":\"es\",\"@id\":\"https:\\\/\\\/www.eldiario.net\\\/portal\\\/#\\\/schema\\\/logo\\\/image\\\/\",\"url\":\"https:\\\/\\\/www.eldiario.net\\\/portal\\\/wp-content\\\/uploads\\\/2023\\\/07\\\/logo_ED.jpg\",\"contentUrl\":\"https:\\\/\\\/www.eldiario.net\\\/portal\\\/wp-content\\\/uploads\\\/2023\\\/07\\\/logo_ED.jpg\",\"width\":272,\"height\":52,\"caption\":\"El Diario - Decano de la prensa nacional\"},\"image\":{\"@id\":\"https:\\\/\\\/www.eldiario.net\\\/portal\\\/#\\\/schema\\\/logo\\\/image\\\/\"},\"sameAs\":[\"https:\\\/\\\/www.facebook.com\\\/eldiario.bolivia\\\/\",\"https:\\\/\\\/x.com\\\/eldiario_net\"]},{\"@type\":\"Person\",\"@id\":\"https:\\\/\\\/www.eldiario.net\\\/portal\\\/#\\\/schema\\\/person\\\/2c57cf2b7a7ae032e449e4c9b1019eac\",\"name\":\"Jeanette\",\"image\":{\"@type\":\"ImageObject\",\"inLanguage\":\"es\",\"@id\":\"https:\\\/\\\/secure.gravatar.com\\\/avatar\\\/3ea2118a5f7dad2b7138b1187a6b7ee55f160b9968b66013c3a3ef39dd7e5798?s=96&d=mm&r=g\",\"url\":\"https:\\\/\\\/secure.gravatar.com\\\/avatar\\\/3ea2118a5f7dad2b7138b1187a6b7ee55f160b9968b66013c3a3ef39dd7e5798?s=96&d=mm&r=g\",\"contentUrl\":\"https:\\\/\\\/secure.gravatar.com\\\/avatar\\\/3ea2118a5f7dad2b7138b1187a6b7ee55f160b9968b66013c3a3ef39dd7e5798?s=96&d=mm&r=g\",\"caption\":\"Jeanette\"},\"sameAs\":[\"https:\\\/\\\/www.eldiario.net\\\/portal\"],\"url\":\"https:\\\/\\\/www.eldiario.net\\\/portal\\\/author\\\/jeanette\\\/\"}]}<\/script>\n<!-- \/ Yoast SEO plugin. -->","yoast_head_json":{"title":"Denuncian que monumento del \"Tata\" est\u00e1 en abandono - El Diario - Bolivia","robots":{"index":"index","follow":"follow","max-snippet":"max-snippet:-1","max-image-preview":"max-image-preview:large","max-video-preview":"max-video-preview:-1"},"canonical":"https:\/\/www.eldiario.net\/portal\/2024\/05\/30\/denuncian-que-monumento-del-tata-esta-en-abandono\/","og_locale":"es_ES","og_type":"article","og_title":"Denuncian que monumento del \"Tata\" est\u00e1 en abandono - El Diario - Bolivia","og_description":"La imagen blanca del Se\u00f1or Jes\u00fas del Gran Poder con los brazos abiertos en alto que se encontraba en la zona del mismo nombre en el centro de la ciudad de La Paz hoy presenta rajaduras, hasta huecos en su estructura abandonada en un mirador sin nombre del sector de Mallasilla. Adem\u00e1s, v\u00e1ndalos pintaron obscenidades [&hellip;]","og_url":"https:\/\/www.eldiario.net\/portal\/2024\/05\/30\/denuncian-que-monumento-del-tata-esta-en-abandono\/","og_site_name":"El Diario - Bolivia","article_publisher":"https:\/\/www.facebook.com\/eldiario.bolivia\/","article_published_time":"2024-05-30T10:53:33+00:00","og_image":[{"width":1200,"height":881,"url":"https:\/\/www.eldiario.net\/portal\/wp-content\/uploads\/2024\/05\/Tata-1-El-Diario.jpg","type":"image\/jpeg"}],"author":"Jeanette","twitter_card":"summary_large_image","twitter_creator":"@eldiario_net","twitter_site":"@eldiario_net","twitter_misc":{"Escrito por":"Jeanette","Tiempo de lectura":"3 minutos"},"schema":{"@context":"https:\/\/schema.org","@graph":[{"@type":"Article","@id":"https:\/\/www.eldiario.net\/portal\/2024\/05\/30\/denuncian-que-monumento-del-tata-esta-en-abandono\/#article","isPartOf":{"@id":"https:\/\/www.eldiario.net\/portal\/2024\/05\/30\/denuncian-que-monumento-del-tata-esta-en-abandono\/"},"author":{"name":"Jeanette","@id":"https:\/\/www.eldiario.net\/portal\/#\/schema\/person\/2c57cf2b7a7ae032e449e4c9b1019eac"},"headline":"Denuncian que monumento del \u00abTata\u00bb est\u00e1 en abandono","datePublished":"2024-05-30T10:53:33+00:00","mainEntityOfPage":{"@id":"https:\/\/www.eldiario.net\/portal\/2024\/05\/30\/denuncian-que-monumento-del-tata-esta-en-abandono\/"},"wordCount":541,"commentCount":0,"publisher":{"@id":"https:\/\/www.eldiario.net\/portal\/#organization"},"image":{"@id":"https:\/\/www.eldiario.net\/portal\/2024\/05\/30\/denuncian-que-monumento-del-tata-esta-en-abandono\/#primaryimage"},"thumbnailUrl":"https:\/\/www.eldiario.net\/portal\/wp-content\/uploads\/2024\/05\/Tata-1-El-Diario.jpg","articleSection":["Portada"],"inLanguage":"es","potentialAction":[{"@type":"CommentAction","name":"Comment","target":["https:\/\/www.eldiario.net\/portal\/2024\/05\/30\/denuncian-que-monumento-del-tata-esta-en-abandono\/#respond"]}]},{"@type":"WebPage","@id":"https:\/\/www.eldiario.net\/portal\/2024\/05\/30\/denuncian-que-monumento-del-tata-esta-en-abandono\/","url":"https:\/\/www.eldiario.net\/portal\/2024\/05\/30\/denuncian-que-monumento-del-tata-esta-en-abandono\/","name":"Denuncian que monumento del \"Tata\" est\u00e1 en abandono - El Diario - Bolivia","isPartOf":{"@id":"https:\/\/www.eldiario.net\/portal\/#website"},"primaryImageOfPage":{"@id":"https:\/\/www.eldiario.net\/portal\/2024\/05\/30\/denuncian-que-monumento-del-tata-esta-en-abandono\/#primaryimage"},"image":{"@id":"https:\/\/www.eldiario.net\/portal\/2024\/05\/30\/denuncian-que-monumento-del-tata-esta-en-abandono\/#primaryimage"},"thumbnailUrl":"https:\/\/www.eldiario.net\/portal\/wp-content\/uploads\/2024\/05\/Tata-1-El-Diario.jpg","datePublished":"2024-05-30T10:53:33+00:00","breadcrumb":{"@id":"https:\/\/www.eldiario.net\/portal\/2024\/05\/30\/denuncian-que-monumento-del-tata-esta-en-abandono\/#breadcrumb"},"inLanguage":"es","potentialAction":[{"@type":"ReadAction","target":["https:\/\/www.eldiario.net\/portal\/2024\/05\/30\/denuncian-que-monumento-del-tata-esta-en-abandono\/"]}]},{"@type":"ImageObject","inLanguage":"es","@id":"https:\/\/www.eldiario.net\/portal\/2024\/05\/30\/denuncian-que-monumento-del-tata-esta-en-abandono\/#primaryimage","url":"https:\/\/www.eldiario.net\/portal\/wp-content\/uploads\/2024\/05\/Tata-1-El-Diario.jpg","contentUrl":"https:\/\/www.eldiario.net\/portal\/wp-content\/uploads\/2024\/05\/Tata-1-El-Diario.jpg","width":1200,"height":881,"caption":"LA IMAGEN QUE EST\u00c1 EN MALLASILLA. CR\u00c9DITO: El Diario"},{"@type":"BreadcrumbList","@id":"https:\/\/www.eldiario.net\/portal\/2024\/05\/30\/denuncian-que-monumento-del-tata-esta-en-abandono\/#breadcrumb","itemListElement":[{"@type":"ListItem","position":1,"name":"Portada","item":"https:\/\/www.eldiario.net\/portal\/"},{"@type":"ListItem","position":2,"name":"Denuncian que monumento del \u00abTata\u00bb est\u00e1 en abandono"}]},{"@type":"WebSite","@id":"https:\/\/www.eldiario.net\/portal\/#website","url":"https:\/\/www.eldiario.net\/portal\/","name":"El Diario - Decano de la prensa nacional","description":"El Diario - Decano de la prensa nacional","publisher":{"@id":"https:\/\/www.eldiario.net\/portal\/#organization"},"potentialAction":[{"@type":"SearchAction","target":{"@type":"EntryPoint","urlTemplate":"https:\/\/www.eldiario.net\/portal\/?s={search_term_string}"},"query-input":{"@type":"PropertyValueSpecification","valueRequired":true,"valueName":"search_term_string"}}],"inLanguage":"es"},{"@type":"Organization","@id":"https:\/\/www.eldiario.net\/portal\/#organization","name":"El Diario - Decano de la prensa nacional","url":"https:\/\/www.eldiario.net\/portal\/","logo":{"@type":"ImageObject","inLanguage":"es","@id":"https:\/\/www.eldiario.net\/portal\/#\/schema\/logo\/image\/","url":"https:\/\/www.eldiario.net\/portal\/wp-content\/uploads\/2023\/07\/logo_ED.jpg","contentUrl":"https:\/\/www.eldiario.net\/portal\/wp-content\/uploads\/2023\/07\/logo_ED.jpg","width":272,"height":52,"caption":"El Diario - Decano de la prensa nacional"},"image":{"@id":"https:\/\/www.eldiario.net\/portal\/#\/schema\/logo\/image\/"},"sameAs":["https:\/\/www.facebook.com\/eldiario.bolivia\/","https:\/\/x.com\/eldiario_net"]},{"@type":"Person","@id":"https:\/\/www.eldiario.net\/portal\/#\/schema\/person\/2c57cf2b7a7ae032e449e4c9b1019eac","name":"Jeanette","image":{"@type":"ImageObject","inLanguage":"es","@id":"https:\/\/secure.gravatar.com\/avatar\/3ea2118a5f7dad2b7138b1187a6b7ee55f160b9968b66013c3a3ef39dd7e5798?s=96&d=mm&r=g","url":"https:\/\/secure.gravatar.com\/avatar\/3ea2118a5f7dad2b7138b1187a6b7ee55f160b9968b66013c3a3ef39dd7e5798?s=96&d=mm&r=g","contentUrl":"https:\/\/secure.gravatar.com\/avatar\/3ea2118a5f7dad2b7138b1187a6b7ee55f160b9968b66013c3a3ef39dd7e5798?s=96&d=mm&r=g","caption":"Jeanette"},"sameAs":["https:\/\/www.eldiario.net\/portal"],"url":"https:\/\/www.eldiario.net\/portal\/author\/jeanette\/"}]}},"_links":{"self":[{"href":"https:\/\/www.eldiario.net\/portal\/wp-json\/wp\/v2\/posts\/223823","targetHints":{"allow":["GET"]}}],"collection":[{"href":"https:\/\/www.eldiario.net\/portal\/wp-json\/wp\/v2\/posts"}],"about":[{"href":"https:\/\/www.eldiario.net\/portal\/wp-json\/wp\/v2\/types\/post"}],"author":[{"embeddable":true,"href":"https:\/\/www.eldiario.net\/portal\/wp-json\/wp\/v2\/users\/1"}],"replies":[{"embeddable":true,"href":"https:\/\/www.eldiario.net\/portal\/wp-json\/wp\/v2\/comments?post=223823"}],"version-history":[{"count":1,"href":"https:\/\/www.eldiario.net\/portal\/wp-json\/wp\/v2\/posts\/223823\/revisions"}],"predecessor-version":[{"id":223826,"href":"https:\/\/www.eldiario.net\/portal\/wp-json\/wp\/v2\/posts\/223823\/revisions\/223826"}],"wp:featuredmedia":[{"embeddable":true,"href":"https:\/\/www.eldiario.net\/portal\/wp-json\/wp\/v2\/media\/223824"}],"wp:attachment":[{"href":"https:\/\/www.eldiario.net\/portal\/wp-json\/wp\/v2\/media?parent=223823"}],"wp:term":[{"taxonomy":"category","embeddable":true,"href":"https:\/\/www.eldiario.net\/portal\/wp-json\/wp\/v2\/categories?post=223823"},{"taxonomy":"post_tag","embeddable":true,"href":"https:\/\/www.eldiario.net\/portal\/wp-json\/wp\/v2\/tags?post=223823"}],"curies":[{"name":"wp","href":"https:\/\/api.w.org\/{rel}","templated":true}]}}