{"id":223820,"date":"2024-05-30T06:48:00","date_gmt":"2024-05-30T10:48:00","guid":{"rendered":"https:\/\/www.eldiario.net\/portal\/?p=223820"},"modified":"2024-05-30T06:48:00","modified_gmt":"2024-05-30T10:48:00","slug":"violencia-ensombrece-cierre-de-campana-electoral-en-mexico","status":"publish","type":"post","link":"https:\/\/www.eldiario.net\/portal\/2024\/05\/30\/violencia-ensombrece-cierre-de-campana-electoral-en-mexico\/","title":{"rendered":"Violencia ensombrece cierre de  campa\u00f1a electoral en M\u00e9xico"},"content":{"rendered":"<p class=\"v1MsoNormal\">Sacudida por una serie de ataques y asesinatos de candidatos, ayer lleg\u00f3 a su fin en M\u00e9xico la campa\u00f1a oficial de las elecciones generales del domingo 2 de junio que se perfilan como hist\u00f3ricas por sus dimensiones y porque seguramente llevar\u00e1n por primera vez a la presidencia a una mujer.<\/p>\n<p class=\"v1MsoNormal\">M\u00e9xico \u00abya no aguanta m\u00e1s mentiras, ya no aguanta m\u00e1s homicidios\u00bb, dijo la candidata opositora X\u00f3chitl G\u00e1lvez en su primer mitin del d\u00eda en el municipio de La Paz, en las afueras de Ciudad de M\u00e9xico, que ser\u00e1 seguido de otro en la norte\u00f1a ciudad de Monterrey, capital industrial del pa\u00eds, y culminar\u00e1 con un \u00faltimo mensaje en la medianoche en su pueblo natal en Hidalgo.<\/p>\n<p class=\"v1MsoNormal\">\u00abMe importan tus hijas, tus hijos, ya basta que tengas miedo de salir a la calle\u00bb, agreg\u00f3 ante miles de seguidores que la recibieron al grito de \u00abFuera Morena\u00bb, el partido de la candidata oficialista, Claudia Sheinbaum, la favorita de la contienda y que cerrar\u00e1 su campa\u00f1a el mi\u00e9rcoles por la tarde en el Z\u00f3calo de la Ciudad de M\u00e9xico, la plaza m\u00e1s simb\u00f3lica del pa\u00eds.<\/p>\n<p class=\"v1MsoNormal\">La empresaria e ingeniera opt\u00f3 esta vez por huir de los insultos y la polarizaci\u00f3n que han protagonizado la campa\u00f1a y se comprometi\u00f3 \u00aba ganar para unir este pa\u00eds, basta de divisi\u00f3n, basta de odio&#8230; todos somos mexicanos\u00bb.<\/p>\n<p class=\"v1MsoNormal\">Pero las cr\u00edticas a la violencia que vive el pa\u00eds fueron fuertes y apost\u00f3 por llevar a los criminales ante la justicia en lugar del lema del presidente de \u00abAbrazos, no balazos\u00bb.<\/p>\n<p class=\"v1MsoNormal\">\u00abVan a tener a la presidenta m\u00e1s valiente\u00bb, afirm\u00f3. \u00abM\u00e9xico quiere paz\u00bb.<\/p>\n<p class=\"v1MsoNormal\">La campa\u00f1a, que arranc\u00f3 formalmente en marzo, termin\u00f3 con al menos 27 aspirantes asesinados y m\u00e1s de 60 ataques a pol\u00edticos, seg\u00fan cifras de la organizaci\u00f3n local Data C\u00edvica que lleva adelante una investigaci\u00f3n sobre la violencia electoral en el pa\u00eds.<\/p>\n<p class=\"v1MsoNormal\">Las muertes y agresiones han convertido a la elecci\u00f3n de este a\u00f1o en una de las m\u00e1s violentas de la historia reciente, superada por los comicios de 2018 cuando se reportaron 152 homicidios de pol\u00edticos.<\/p>\n<p class=\"v1MsoNormal\">Los hechos violentos dejaron al descubierto c\u00f3mo el crimen organizado ha penetrado en la pol\u00edtica mexicana, especialmente en las elecciones de gobiernos estatales y municipales donde se reportaron la mayor cantidad de v\u00edctimas.<\/p>\n<p class=\"v1MsoNormal\">\u00abLo que vimos fue la t\u00e1ctica del asesinato pol\u00edtico como recurso para el dominio territorial de los c\u00e1rteles\u00bb, afirm\u00f3 el consultor pol\u00edtico David Saucedo al plantear que durante la campa\u00f1a se evidenci\u00f3 \u00abun avance de la narcopol\u00edtica\u00bb.<\/p>\n<p class=\"v1MsoNormal\">A pesar del contexto de inseguridad que predomin\u00f3 en la campa\u00f1a, el presidente Andr\u00e9s Manuel L\u00f3pez Obrador desestim\u00f3 la situaci\u00f3n y asegur\u00f3 esta semana que los incidentes violentos fueron \u00abmuy localizados\u00bb.<\/p>\n<p class=\"v1MsoNormal\">El gobierno federal dispuso 3,474 efectivos de las Fuerzas Armadas para prestar protecci\u00f3n a 553 candidatos. En los comicios del 2 de junio se elegir\u00e1 adem\u00e1s del presidente, ocho gobernadores, la alcald\u00eda de la capital, unos 19,000 cargos locales y 628 congresistas.<\/p>\n<p class=\"v1MsoNormal\">\n<p class=\"v1MsoNormal\">LA CAMPA\u00d1A POLARIZADA<\/p>\n<p class=\"v1MsoNormal\">La contienda tambi\u00e9n se vio dominada por la polarizaci\u00f3n, que ha marcado por d\u00e9cadas a M\u00e9xico, y el debate entre la consolidaci\u00f3n del proyecto pol\u00edtico que inici\u00f3 L\u00f3pez Obrador al llegar al poder en 2018, conocido como la \u00abCuarta Transformaci\u00f3n\u00bb, y el retorno de los partidos tradicionales.<\/p>\n<p class=\"v1MsoNormal\">Mientras la exalcaldesa capitalina Sheinbaum centr\u00f3 sus ofertas en la continuidad de las pol\u00edticas y programas sociales del gobierno de L\u00f3pez Obrador su rival, la exsenadora opositora X\u00f3chitl G\u00e1lvez, enfil\u00f3 sus bater\u00edas contra el popular mandatario y lo atac\u00f3 por uno de sus flancos m\u00e1s d\u00e9biles: la violencia.<\/p>\n<p class=\"v1MsoNormal\">M\u00e9xico cerr\u00f3 el 2023 con alrededor de 30,000 asesinatos, consolidando la tendencia de los \u00faltimos a\u00f1os con cifras similares, de acuerdo con los datos de la Secretar\u00eda de Seguridad y Protecci\u00f3n Ciudadana.<\/p>\n<p class=\"v1MsoNormal\">Sheinbaum, una cient\u00edfica de 61 a\u00f1os, tambi\u00e9n ech\u00f3 mano del discurso de su mentor de ataque a los partidos tradicionales Revolucionario Institucional (PRI) \u2014que gobern\u00f3 M\u00e9xico por 71 a\u00f1os\u2014, Acci\u00f3n Nacional (PAN) y de la Revoluci\u00f3n Democr\u00e1tica (PRD), asegurando que la victoria de su candadita G\u00e1lvez representar\u00eda el regreso de los gobiernos corruptos del pasado.<\/p>\n<p class=\"v1MsoNormal\">Bajo el slogan \u00abVamos por un M\u00e9xico sin miedo\u00bb, G\u00e1lvez \u2014una ingeniera y empresaria tecnol\u00f3gica de 61 a\u00f1os\u2014 orient\u00f3 su campa\u00f1a a atacar las pol\u00edticas de seguridad, salud y educaci\u00f3n de L\u00f3pez Obrador en un intento por consolidar el respaldo de los adversarios m\u00e1s radicales del gobierno.<\/p>\n<p class=\"v1MsoNormal\">En tanto, el exdiputado Jorge \u00c1lvarez M\u00e1ynez, del partido minoritario opositor Movimiento Ciudadano, centr\u00f3 su estrategia electoral en atraer a los j\u00f3venes votantes y a parte de los sectores descontentos con el gobierno y con los partidos tradicionales.<\/p>\n<p class=\"v1MsoNormal\">La campa\u00f1a de \u00c1lvarez M\u00e1ynez, de 38 a\u00f1os, sufri\u00f3 un golpe el 23 de mayo durante un acto pol\u00edtico en la localidad de San Pedro Garza Garc\u00eda, del estado norte\u00f1o de Nuevo Le\u00f3n, cuando murieron nueve personas y dos centenares resultaron heridas luego de la ca\u00edda del escenario donde el opositor estaba ofreciendo un discurso.<\/p>\n<p class=\"v1MsoNormal\">Las autoridades estatales alegaron que la estructura se desplom\u00f3 a consecuencia de \u00abvientos at\u00edpicos\u00bb que azotaron la comunidad por varios minutos, pero analistas sostienen que Protecci\u00f3n Civil estatal no atendi\u00f3 las recomendaciones que hab\u00eda hecho un d\u00eda antes del evento la gubernamental Comisi\u00f3n Nacional del Agua que inform\u00f3 que en los estados norte\u00f1os de Nuevo Le\u00f3n, Coahuila y Tamaulipas se preve\u00eda la \u00abposible formaci\u00f3n de torbellinos o tornados\u00bb y vientos con ranchas de 30 a 50 millas por hora. (Associated Press)<\/p>\n","protected":false},"excerpt":{"rendered":"<p>Sacudida por una serie de ataques y asesinatos de candidatos, ayer lleg\u00f3 a su fin en M\u00e9xico la campa\u00f1a oficial de las elecciones generales del domingo 2 de junio que se perfilan como hist\u00f3ricas por sus dimensiones y porque seguramente llevar\u00e1n por primera vez a la presidencia a una mujer. M\u00e9xico \u00abya no aguanta m\u00e1s [&hellip;]<\/p>\n","protected":false},"author":1,"featured_media":223821,"comment_status":"open","ping_status":"open","sticky":false,"template":"","format":"standard","meta":{"_acf_changed":false,"footnotes":""},"categories":[15],"tags":[],"class_list":["post-223820","post","type-post","status-publish","format-standard","has-post-thumbnail","category-portada"],"acf":{"antetitulo":"Comicios de 2 junio"},"yoast_head":"<!-- This site is optimized with the Yoast SEO plugin v28.4 - https:\/\/yoast.com\/product\/yoast-seo-wordpress\/ -->\n<title>Violencia ensombrece cierre de campa\u00f1a electoral en M\u00e9xico - El Diario - Bolivia<\/title>\n<meta name=\"robots\" content=\"index, follow, max-snippet:-1, max-image-preview:large, max-video-preview:-1\" \/>\n<link rel=\"canonical\" href=\"https:\/\/www.eldiario.net\/portal\/2024\/05\/30\/violencia-ensombrece-cierre-de-campana-electoral-en-mexico\/\" \/>\n<meta property=\"og:locale\" content=\"es_ES\" \/>\n<meta property=\"og:type\" content=\"article\" \/>\n<meta property=\"og:title\" content=\"Violencia ensombrece cierre de campa\u00f1a electoral en M\u00e9xico - El Diario - Bolivia\" \/>\n<meta property=\"og:description\" content=\"Sacudida por una serie de ataques y asesinatos de candidatos, ayer lleg\u00f3 a su fin en M\u00e9xico la campa\u00f1a oficial de las elecciones generales del domingo 2 de junio que se perfilan como hist\u00f3ricas por sus dimensiones y porque seguramente llevar\u00e1n por primera vez a la presidencia a una mujer. M\u00e9xico \u00abya no aguanta m\u00e1s [&hellip;]\" \/>\n<meta property=\"og:url\" content=\"https:\/\/www.eldiario.net\/portal\/2024\/05\/30\/violencia-ensombrece-cierre-de-campana-electoral-en-mexico\/\" \/>\n<meta property=\"og:site_name\" content=\"El Diario - Bolivia\" \/>\n<meta property=\"article:publisher\" content=\"https:\/\/www.facebook.com\/eldiario.bolivia\/\" \/>\n<meta property=\"article:published_time\" content=\"2024-05-30T10:48:00+00:00\" \/>\n<meta property=\"og:image\" content=\"https:\/\/www.eldiario.net\/portal\/wp-content\/uploads\/2024\/05\/candidatos-Telemundo.webp\" \/>\n\t<meta property=\"og:image:width\" content=\"320\" \/>\n\t<meta property=\"og:image:height\" content=\"180\" \/>\n\t<meta property=\"og:image:type\" content=\"image\/webp\" \/>\n<meta name=\"author\" content=\"Jeanette\" \/>\n<meta name=\"twitter:card\" content=\"summary_large_image\" \/>\n<meta name=\"twitter:creator\" content=\"@eldiario_net\" \/>\n<meta name=\"twitter:site\" content=\"@eldiario_net\" \/>\n<meta name=\"twitter:label1\" content=\"Escrito por\" \/>\n\t<meta name=\"twitter:data1\" content=\"Jeanette\" \/>\n\t<meta name=\"twitter:label2\" content=\"Tiempo de lectura\" \/>\n\t<meta name=\"twitter:data2\" content=\"5 minutos\" \/>\n<script type=\"application\/ld+json\" class=\"yoast-schema-graph\">{\"@context\":\"https:\\\/\\\/schema.org\",\"@graph\":[{\"@type\":\"Article\",\"@id\":\"https:\\\/\\\/www.eldiario.net\\\/portal\\\/2024\\\/05\\\/30\\\/violencia-ensombrece-cierre-de-campana-electoral-en-mexico\\\/#article\",\"isPartOf\":{\"@id\":\"https:\\\/\\\/www.eldiario.net\\\/portal\\\/2024\\\/05\\\/30\\\/violencia-ensombrece-cierre-de-campana-electoral-en-mexico\\\/\"},\"author\":{\"name\":\"Jeanette\",\"@id\":\"https:\\\/\\\/www.eldiario.net\\\/portal\\\/#\\\/schema\\\/person\\\/2c57cf2b7a7ae032e449e4c9b1019eac\"},\"headline\":\"Violencia ensombrece cierre de campa\u00f1a electoral en M\u00e9xico\",\"datePublished\":\"2024-05-30T10:48:00+00:00\",\"mainEntityOfPage\":{\"@id\":\"https:\\\/\\\/www.eldiario.net\\\/portal\\\/2024\\\/05\\\/30\\\/violencia-ensombrece-cierre-de-campana-electoral-en-mexico\\\/\"},\"wordCount\":993,\"commentCount\":0,\"publisher\":{\"@id\":\"https:\\\/\\\/www.eldiario.net\\\/portal\\\/#organization\"},\"image\":{\"@id\":\"https:\\\/\\\/www.eldiario.net\\\/portal\\\/2024\\\/05\\\/30\\\/violencia-ensombrece-cierre-de-campana-electoral-en-mexico\\\/#primaryimage\"},\"thumbnailUrl\":\"https:\\\/\\\/www.eldiario.net\\\/portal\\\/wp-content\\\/uploads\\\/2024\\\/05\\\/candidatos-Telemundo.webp\",\"articleSection\":[\"Portada\"],\"inLanguage\":\"es\",\"potentialAction\":[{\"@type\":\"CommentAction\",\"name\":\"Comment\",\"target\":[\"https:\\\/\\\/www.eldiario.net\\\/portal\\\/2024\\\/05\\\/30\\\/violencia-ensombrece-cierre-de-campana-electoral-en-mexico\\\/#respond\"]}]},{\"@type\":\"WebPage\",\"@id\":\"https:\\\/\\\/www.eldiario.net\\\/portal\\\/2024\\\/05\\\/30\\\/violencia-ensombrece-cierre-de-campana-electoral-en-mexico\\\/\",\"url\":\"https:\\\/\\\/www.eldiario.net\\\/portal\\\/2024\\\/05\\\/30\\\/violencia-ensombrece-cierre-de-campana-electoral-en-mexico\\\/\",\"name\":\"Violencia ensombrece cierre de campa\u00f1a electoral en M\u00e9xico - El Diario - Bolivia\",\"isPartOf\":{\"@id\":\"https:\\\/\\\/www.eldiario.net\\\/portal\\\/#website\"},\"primaryImageOfPage\":{\"@id\":\"https:\\\/\\\/www.eldiario.net\\\/portal\\\/2024\\\/05\\\/30\\\/violencia-ensombrece-cierre-de-campana-electoral-en-mexico\\\/#primaryimage\"},\"image\":{\"@id\":\"https:\\\/\\\/www.eldiario.net\\\/portal\\\/2024\\\/05\\\/30\\\/violencia-ensombrece-cierre-de-campana-electoral-en-mexico\\\/#primaryimage\"},\"thumbnailUrl\":\"https:\\\/\\\/www.eldiario.net\\\/portal\\\/wp-content\\\/uploads\\\/2024\\\/05\\\/candidatos-Telemundo.webp\",\"datePublished\":\"2024-05-30T10:48:00+00:00\",\"breadcrumb\":{\"@id\":\"https:\\\/\\\/www.eldiario.net\\\/portal\\\/2024\\\/05\\\/30\\\/violencia-ensombrece-cierre-de-campana-electoral-en-mexico\\\/#breadcrumb\"},\"inLanguage\":\"es\",\"potentialAction\":[{\"@type\":\"ReadAction\",\"target\":[\"https:\\\/\\\/www.eldiario.net\\\/portal\\\/2024\\\/05\\\/30\\\/violencia-ensombrece-cierre-de-campana-electoral-en-mexico\\\/\"]}]},{\"@type\":\"ImageObject\",\"inLanguage\":\"es\",\"@id\":\"https:\\\/\\\/www.eldiario.net\\\/portal\\\/2024\\\/05\\\/30\\\/violencia-ensombrece-cierre-de-campana-electoral-en-mexico\\\/#primaryimage\",\"url\":\"https:\\\/\\\/www.eldiario.net\\\/portal\\\/wp-content\\\/uploads\\\/2024\\\/05\\\/candidatos-Telemundo.webp\",\"contentUrl\":\"https:\\\/\\\/www.eldiario.net\\\/portal\\\/wp-content\\\/uploads\\\/2024\\\/05\\\/candidatos-Telemundo.webp\",\"width\":320,\"height\":180,\"caption\":\"CANDIDATOS SE APRESTAN PARA PUGNAR EN LAS ELECCIONES PRESIDENCIALES DEL DOMINGO 2 DE JUNIO EN M\u00c9XICO. CR\u00c9DITO: Telemundo\"},{\"@type\":\"BreadcrumbList\",\"@id\":\"https:\\\/\\\/www.eldiario.net\\\/portal\\\/2024\\\/05\\\/30\\\/violencia-ensombrece-cierre-de-campana-electoral-en-mexico\\\/#breadcrumb\",\"itemListElement\":[{\"@type\":\"ListItem\",\"position\":1,\"name\":\"Portada\",\"item\":\"https:\\\/\\\/www.eldiario.net\\\/portal\\\/\"},{\"@type\":\"ListItem\",\"position\":2,\"name\":\"Violencia ensombrece cierre de campa\u00f1a electoral en M\u00e9xico\"}]},{\"@type\":\"WebSite\",\"@id\":\"https:\\\/\\\/www.eldiario.net\\\/portal\\\/#website\",\"url\":\"https:\\\/\\\/www.eldiario.net\\\/portal\\\/\",\"name\":\"El Diario - Decano de la prensa nacional\",\"description\":\"El Diario - Decano de la prensa nacional\",\"publisher\":{\"@id\":\"https:\\\/\\\/www.eldiario.net\\\/portal\\\/#organization\"},\"potentialAction\":[{\"@type\":\"SearchAction\",\"target\":{\"@type\":\"EntryPoint\",\"urlTemplate\":\"https:\\\/\\\/www.eldiario.net\\\/portal\\\/?s={search_term_string}\"},\"query-input\":{\"@type\":\"PropertyValueSpecification\",\"valueRequired\":true,\"valueName\":\"search_term_string\"}}],\"inLanguage\":\"es\"},{\"@type\":\"Organization\",\"@id\":\"https:\\\/\\\/www.eldiario.net\\\/portal\\\/#organization\",\"name\":\"El Diario - Decano de la prensa nacional\",\"url\":\"https:\\\/\\\/www.eldiario.net\\\/portal\\\/\",\"logo\":{\"@type\":\"ImageObject\",\"inLanguage\":\"es\",\"@id\":\"https:\\\/\\\/www.eldiario.net\\\/portal\\\/#\\\/schema\\\/logo\\\/image\\\/\",\"url\":\"https:\\\/\\\/www.eldiario.net\\\/portal\\\/wp-content\\\/uploads\\\/2023\\\/07\\\/logo_ED.jpg\",\"contentUrl\":\"https:\\\/\\\/www.eldiario.net\\\/portal\\\/wp-content\\\/uploads\\\/2023\\\/07\\\/logo_ED.jpg\",\"width\":272,\"height\":52,\"caption\":\"El Diario - Decano de la prensa nacional\"},\"image\":{\"@id\":\"https:\\\/\\\/www.eldiario.net\\\/portal\\\/#\\\/schema\\\/logo\\\/image\\\/\"},\"sameAs\":[\"https:\\\/\\\/www.facebook.com\\\/eldiario.bolivia\\\/\",\"https:\\\/\\\/x.com\\\/eldiario_net\"]},{\"@type\":\"Person\",\"@id\":\"https:\\\/\\\/www.eldiario.net\\\/portal\\\/#\\\/schema\\\/person\\\/2c57cf2b7a7ae032e449e4c9b1019eac\",\"name\":\"Jeanette\",\"image\":{\"@type\":\"ImageObject\",\"inLanguage\":\"es\",\"@id\":\"https:\\\/\\\/secure.gravatar.com\\\/avatar\\\/3ea2118a5f7dad2b7138b1187a6b7ee55f160b9968b66013c3a3ef39dd7e5798?s=96&d=mm&r=g\",\"url\":\"https:\\\/\\\/secure.gravatar.com\\\/avatar\\\/3ea2118a5f7dad2b7138b1187a6b7ee55f160b9968b66013c3a3ef39dd7e5798?s=96&d=mm&r=g\",\"contentUrl\":\"https:\\\/\\\/secure.gravatar.com\\\/avatar\\\/3ea2118a5f7dad2b7138b1187a6b7ee55f160b9968b66013c3a3ef39dd7e5798?s=96&d=mm&r=g\",\"caption\":\"Jeanette\"},\"sameAs\":[\"https:\\\/\\\/www.eldiario.net\\\/portal\"],\"url\":\"https:\\\/\\\/www.eldiario.net\\\/portal\\\/author\\\/jeanette\\\/\"}]}<\/script>\n<!-- \/ Yoast SEO plugin. -->","yoast_head_json":{"title":"Violencia ensombrece cierre de campa\u00f1a electoral en M\u00e9xico - El Diario - Bolivia","robots":{"index":"index","follow":"follow","max-snippet":"max-snippet:-1","max-image-preview":"max-image-preview:large","max-video-preview":"max-video-preview:-1"},"canonical":"https:\/\/www.eldiario.net\/portal\/2024\/05\/30\/violencia-ensombrece-cierre-de-campana-electoral-en-mexico\/","og_locale":"es_ES","og_type":"article","og_title":"Violencia ensombrece cierre de campa\u00f1a electoral en M\u00e9xico - El Diario - Bolivia","og_description":"Sacudida por una serie de ataques y asesinatos de candidatos, ayer lleg\u00f3 a su fin en M\u00e9xico la campa\u00f1a oficial de las elecciones generales del domingo 2 de junio que se perfilan como hist\u00f3ricas por sus dimensiones y porque seguramente llevar\u00e1n por primera vez a la presidencia a una mujer. M\u00e9xico \u00abya no aguanta m\u00e1s [&hellip;]","og_url":"https:\/\/www.eldiario.net\/portal\/2024\/05\/30\/violencia-ensombrece-cierre-de-campana-electoral-en-mexico\/","og_site_name":"El Diario - Bolivia","article_publisher":"https:\/\/www.facebook.com\/eldiario.bolivia\/","article_published_time":"2024-05-30T10:48:00+00:00","og_image":[{"width":320,"height":180,"url":"https:\/\/www.eldiario.net\/portal\/wp-content\/uploads\/2024\/05\/candidatos-Telemundo.webp","type":"image\/webp"}],"author":"Jeanette","twitter_card":"summary_large_image","twitter_creator":"@eldiario_net","twitter_site":"@eldiario_net","twitter_misc":{"Escrito por":"Jeanette","Tiempo de lectura":"5 minutos"},"schema":{"@context":"https:\/\/schema.org","@graph":[{"@type":"Article","@id":"https:\/\/www.eldiario.net\/portal\/2024\/05\/30\/violencia-ensombrece-cierre-de-campana-electoral-en-mexico\/#article","isPartOf":{"@id":"https:\/\/www.eldiario.net\/portal\/2024\/05\/30\/violencia-ensombrece-cierre-de-campana-electoral-en-mexico\/"},"author":{"name":"Jeanette","@id":"https:\/\/www.eldiario.net\/portal\/#\/schema\/person\/2c57cf2b7a7ae032e449e4c9b1019eac"},"headline":"Violencia ensombrece cierre de campa\u00f1a electoral en M\u00e9xico","datePublished":"2024-05-30T10:48:00+00:00","mainEntityOfPage":{"@id":"https:\/\/www.eldiario.net\/portal\/2024\/05\/30\/violencia-ensombrece-cierre-de-campana-electoral-en-mexico\/"},"wordCount":993,"commentCount":0,"publisher":{"@id":"https:\/\/www.eldiario.net\/portal\/#organization"},"image":{"@id":"https:\/\/www.eldiario.net\/portal\/2024\/05\/30\/violencia-ensombrece-cierre-de-campana-electoral-en-mexico\/#primaryimage"},"thumbnailUrl":"https:\/\/www.eldiario.net\/portal\/wp-content\/uploads\/2024\/05\/candidatos-Telemundo.webp","articleSection":["Portada"],"inLanguage":"es","potentialAction":[{"@type":"CommentAction","name":"Comment","target":["https:\/\/www.eldiario.net\/portal\/2024\/05\/30\/violencia-ensombrece-cierre-de-campana-electoral-en-mexico\/#respond"]}]},{"@type":"WebPage","@id":"https:\/\/www.eldiario.net\/portal\/2024\/05\/30\/violencia-ensombrece-cierre-de-campana-electoral-en-mexico\/","url":"https:\/\/www.eldiario.net\/portal\/2024\/05\/30\/violencia-ensombrece-cierre-de-campana-electoral-en-mexico\/","name":"Violencia ensombrece cierre de campa\u00f1a electoral en M\u00e9xico - El Diario - Bolivia","isPartOf":{"@id":"https:\/\/www.eldiario.net\/portal\/#website"},"primaryImageOfPage":{"@id":"https:\/\/www.eldiario.net\/portal\/2024\/05\/30\/violencia-ensombrece-cierre-de-campana-electoral-en-mexico\/#primaryimage"},"image":{"@id":"https:\/\/www.eldiario.net\/portal\/2024\/05\/30\/violencia-ensombrece-cierre-de-campana-electoral-en-mexico\/#primaryimage"},"thumbnailUrl":"https:\/\/www.eldiario.net\/portal\/wp-content\/uploads\/2024\/05\/candidatos-Telemundo.webp","datePublished":"2024-05-30T10:48:00+00:00","breadcrumb":{"@id":"https:\/\/www.eldiario.net\/portal\/2024\/05\/30\/violencia-ensombrece-cierre-de-campana-electoral-en-mexico\/#breadcrumb"},"inLanguage":"es","potentialAction":[{"@type":"ReadAction","target":["https:\/\/www.eldiario.net\/portal\/2024\/05\/30\/violencia-ensombrece-cierre-de-campana-electoral-en-mexico\/"]}]},{"@type":"ImageObject","inLanguage":"es","@id":"https:\/\/www.eldiario.net\/portal\/2024\/05\/30\/violencia-ensombrece-cierre-de-campana-electoral-en-mexico\/#primaryimage","url":"https:\/\/www.eldiario.net\/portal\/wp-content\/uploads\/2024\/05\/candidatos-Telemundo.webp","contentUrl":"https:\/\/www.eldiario.net\/portal\/wp-content\/uploads\/2024\/05\/candidatos-Telemundo.webp","width":320,"height":180,"caption":"CANDIDATOS SE APRESTAN PARA PUGNAR EN LAS ELECCIONES PRESIDENCIALES DEL DOMINGO 2 DE JUNIO EN M\u00c9XICO. CR\u00c9DITO: Telemundo"},{"@type":"BreadcrumbList","@id":"https:\/\/www.eldiario.net\/portal\/2024\/05\/30\/violencia-ensombrece-cierre-de-campana-electoral-en-mexico\/#breadcrumb","itemListElement":[{"@type":"ListItem","position":1,"name":"Portada","item":"https:\/\/www.eldiario.net\/portal\/"},{"@type":"ListItem","position":2,"name":"Violencia ensombrece cierre de campa\u00f1a electoral en M\u00e9xico"}]},{"@type":"WebSite","@id":"https:\/\/www.eldiario.net\/portal\/#website","url":"https:\/\/www.eldiario.net\/portal\/","name":"El Diario - Decano de la prensa nacional","description":"El Diario - Decano de la prensa nacional","publisher":{"@id":"https:\/\/www.eldiario.net\/portal\/#organization"},"potentialAction":[{"@type":"SearchAction","target":{"@type":"EntryPoint","urlTemplate":"https:\/\/www.eldiario.net\/portal\/?s={search_term_string}"},"query-input":{"@type":"PropertyValueSpecification","valueRequired":true,"valueName":"search_term_string"}}],"inLanguage":"es"},{"@type":"Organization","@id":"https:\/\/www.eldiario.net\/portal\/#organization","name":"El Diario - Decano de la prensa nacional","url":"https:\/\/www.eldiario.net\/portal\/","logo":{"@type":"ImageObject","inLanguage":"es","@id":"https:\/\/www.eldiario.net\/portal\/#\/schema\/logo\/image\/","url":"https:\/\/www.eldiario.net\/portal\/wp-content\/uploads\/2023\/07\/logo_ED.jpg","contentUrl":"https:\/\/www.eldiario.net\/portal\/wp-content\/uploads\/2023\/07\/logo_ED.jpg","width":272,"height":52,"caption":"El Diario - Decano de la prensa nacional"},"image":{"@id":"https:\/\/www.eldiario.net\/portal\/#\/schema\/logo\/image\/"},"sameAs":["https:\/\/www.facebook.com\/eldiario.bolivia\/","https:\/\/x.com\/eldiario_net"]},{"@type":"Person","@id":"https:\/\/www.eldiario.net\/portal\/#\/schema\/person\/2c57cf2b7a7ae032e449e4c9b1019eac","name":"Jeanette","image":{"@type":"ImageObject","inLanguage":"es","@id":"https:\/\/secure.gravatar.com\/avatar\/3ea2118a5f7dad2b7138b1187a6b7ee55f160b9968b66013c3a3ef39dd7e5798?s=96&d=mm&r=g","url":"https:\/\/secure.gravatar.com\/avatar\/3ea2118a5f7dad2b7138b1187a6b7ee55f160b9968b66013c3a3ef39dd7e5798?s=96&d=mm&r=g","contentUrl":"https:\/\/secure.gravatar.com\/avatar\/3ea2118a5f7dad2b7138b1187a6b7ee55f160b9968b66013c3a3ef39dd7e5798?s=96&d=mm&r=g","caption":"Jeanette"},"sameAs":["https:\/\/www.eldiario.net\/portal"],"url":"https:\/\/www.eldiario.net\/portal\/author\/jeanette\/"}]}},"_links":{"self":[{"href":"https:\/\/www.eldiario.net\/portal\/wp-json\/wp\/v2\/posts\/223820","targetHints":{"allow":["GET"]}}],"collection":[{"href":"https:\/\/www.eldiario.net\/portal\/wp-json\/wp\/v2\/posts"}],"about":[{"href":"https:\/\/www.eldiario.net\/portal\/wp-json\/wp\/v2\/types\/post"}],"author":[{"embeddable":true,"href":"https:\/\/www.eldiario.net\/portal\/wp-json\/wp\/v2\/users\/1"}],"replies":[{"embeddable":true,"href":"https:\/\/www.eldiario.net\/portal\/wp-json\/wp\/v2\/comments?post=223820"}],"version-history":[{"count":1,"href":"https:\/\/www.eldiario.net\/portal\/wp-json\/wp\/v2\/posts\/223820\/revisions"}],"predecessor-version":[{"id":223822,"href":"https:\/\/www.eldiario.net\/portal\/wp-json\/wp\/v2\/posts\/223820\/revisions\/223822"}],"wp:featuredmedia":[{"embeddable":true,"href":"https:\/\/www.eldiario.net\/portal\/wp-json\/wp\/v2\/media\/223821"}],"wp:attachment":[{"href":"https:\/\/www.eldiario.net\/portal\/wp-json\/wp\/v2\/media?parent=223820"}],"wp:term":[{"taxonomy":"category","embeddable":true,"href":"https:\/\/www.eldiario.net\/portal\/wp-json\/wp\/v2\/categories?post=223820"},{"taxonomy":"post_tag","embeddable":true,"href":"https:\/\/www.eldiario.net\/portal\/wp-json\/wp\/v2\/tags?post=223820"}],"curies":[{"name":"wp","href":"https:\/\/api.w.org\/{rel}","templated":true}]}}