{"id":223805,"date":"2024-05-29T15:54:49","date_gmt":"2024-05-29T19:54:49","guid":{"rendered":"https:\/\/www.eldiario.net\/portal\/?p=223805"},"modified":"2024-05-29T15:54:49","modified_gmt":"2024-05-29T19:54:49","slug":"en-potosi-amplian-el-horario-escolar-de-invierno-por-el-frio","status":"publish","type":"post","link":"https:\/\/www.eldiario.net\/portal\/2024\/05\/29\/en-potosi-amplian-el-horario-escolar-de-invierno-por-el-frio\/","title":{"rendered":"En Potos\u00ed ampl\u00edan el horario escolar de invierno por el fr\u00edo"},"content":{"rendered":"<p><iframe loading=\"lazy\" title=\"En Potos\u00ed ampl\u00edan el horario escolar de invierno por el fr\u00edo\" width=\"696\" height=\"392\" src=\"https:\/\/www.youtube.com\/embed\/TwnLYcg1XWk?feature=oembed\" frameborder=\"0\" allow=\"accelerometer; autoplay; clipboard-write; encrypted-media; gyroscope; picture-in-picture; web-share\" referrerpolicy=\"strict-origin-when-cross-origin\" allowfullscreen><\/iframe><\/p>\n","protected":false},"excerpt":{"rendered":"","protected":false},"author":6,"featured_media":223806,"comment_status":"open","ping_status":"open","sticky":false,"template":"","format":"video","meta":{"_acf_changed":false,"footnotes":""},"categories":[51],"tags":[],"class_list":["post-223805","post","type-post","status-publish","format-video","has-post-thumbnail","category-ultima-hora","post_format-post-format-video"],"acf":{"antetitulo":""},"yoast_head":"<!-- This site is optimized with the Yoast SEO plugin v28.4 - https:\/\/yoast.com\/product\/yoast-seo-wordpress\/ -->\n<title>En Potos\u00ed ampl\u00edan el horario escolar de invierno por el fr\u00edo - El Diario - Bolivia<\/title>\n<meta name=\"description\" content=\"El director departamental de Educaci\u00f3n de Potos\u00ed, Javier Ortega, inform\u00f3 que en esa regi\u00f3n se ampli\u00f3 el horario escolar de invierno, por lo que los estudiantes tienen 15 minutos m\u00e1s para el ingreso y la salida de sus unidades educativas por las ma\u00f1anas y por las tardes.\" \/>\n<meta name=\"robots\" content=\"index, follow, max-snippet:-1, max-image-preview:large, max-video-preview:-1\" \/>\n<link rel=\"canonical\" href=\"https:\/\/www.eldiario.net\/portal\/2024\/05\/29\/en-potosi-amplian-el-horario-escolar-de-invierno-por-el-frio\/\" \/>\n<meta property=\"og:locale\" content=\"es_ES\" \/>\n<meta property=\"og:type\" content=\"article\" \/>\n<meta property=\"og:title\" content=\"En Potos\u00ed ampl\u00edan el horario escolar de invierno por el fr\u00edo - El Diario - Bolivia\" \/>\n<meta property=\"og:description\" content=\"El director departamental de Educaci\u00f3n de Potos\u00ed, Javier Ortega, inform\u00f3 que en esa regi\u00f3n se ampli\u00f3 el horario escolar de invierno, por lo que los estudiantes tienen 15 minutos m\u00e1s para el ingreso y la salida de sus unidades educativas por las ma\u00f1anas y por las tardes.\" \/>\n<meta property=\"og:url\" content=\"https:\/\/www.eldiario.net\/portal\/2024\/05\/29\/en-potosi-amplian-el-horario-escolar-de-invierno-por-el-frio\/\" \/>\n<meta property=\"og:site_name\" content=\"El Diario - Bolivia\" \/>\n<meta property=\"article:publisher\" content=\"https:\/\/www.facebook.com\/eldiario.bolivia\/\" \/>\n<meta property=\"article:published_time\" content=\"2024-05-29T19:54:49+00:00\" \/>\n<meta property=\"og:image\" content=\"https:\/\/www.eldiario.net\/portal\/wp-content\/uploads\/2024\/05\/Estudiantes-frio-invierno-1068x534-1-e1717012453650.webp\" \/>\n\t<meta property=\"og:image:width\" content=\"668\" \/>\n\t<meta property=\"og:image:height\" content=\"334\" \/>\n\t<meta property=\"og:image:type\" content=\"image\/webp\" \/>\n<meta name=\"author\" content=\"Mariana Garnica\" \/>\n<meta name=\"twitter:card\" content=\"summary_large_image\" \/>\n<meta name=\"twitter:creator\" content=\"@eldiario_net\" \/>\n<meta name=\"twitter:site\" content=\"@eldiario_net\" \/>\n<meta name=\"twitter:label1\" content=\"Escrito por\" \/>\n\t<meta name=\"twitter:data1\" content=\"Mariana Garnica\" \/>\n\t<meta name=\"twitter:label2\" content=\"Tiempo de lectura\" \/>\n\t<meta name=\"twitter:data2\" content=\"1 minuto\" \/>\n<script type=\"application\/ld+json\" class=\"yoast-schema-graph\">{\"@context\":\"https:\\\/\\\/schema.org\",\"@graph\":[{\"@type\":\"Article\",\"@id\":\"https:\\\/\\\/www.eldiario.net\\\/portal\\\/2024\\\/05\\\/29\\\/en-potosi-amplian-el-horario-escolar-de-invierno-por-el-frio\\\/#article\",\"isPartOf\":{\"@id\":\"https:\\\/\\\/www.eldiario.net\\\/portal\\\/2024\\\/05\\\/29\\\/en-potosi-amplian-el-horario-escolar-de-invierno-por-el-frio\\\/\"},\"author\":{\"name\":\"Mariana Garnica\",\"@id\":\"https:\\\/\\\/www.eldiario.net\\\/portal\\\/#\\\/schema\\\/person\\\/b02ed27b456c3e0bd38941da92e05130\"},\"headline\":\"En Potos\u00ed ampl\u00edan el horario escolar de invierno por el fr\u00edo\",\"datePublished\":\"2024-05-29T19:54:49+00:00\",\"mainEntityOfPage\":{\"@id\":\"https:\\\/\\\/www.eldiario.net\\\/portal\\\/2024\\\/05\\\/29\\\/en-potosi-amplian-el-horario-escolar-de-invierno-por-el-frio\\\/\"},\"wordCount\":20,\"commentCount\":0,\"publisher\":{\"@id\":\"https:\\\/\\\/www.eldiario.net\\\/portal\\\/#organization\"},\"image\":{\"@id\":\"https:\\\/\\\/www.eldiario.net\\\/portal\\\/2024\\\/05\\\/29\\\/en-potosi-amplian-el-horario-escolar-de-invierno-por-el-frio\\\/#primaryimage\"},\"thumbnailUrl\":\"https:\\\/\\\/www.eldiario.net\\\/portal\\\/wp-content\\\/uploads\\\/2024\\\/05\\\/Estudiantes-frio-invierno-1068x534-1-e1717012453650.webp\",\"articleSection\":[\"\u00daltima Hora\"],\"inLanguage\":\"es\",\"potentialAction\":[{\"@type\":\"CommentAction\",\"name\":\"Comment\",\"target\":[\"https:\\\/\\\/www.eldiario.net\\\/portal\\\/2024\\\/05\\\/29\\\/en-potosi-amplian-el-horario-escolar-de-invierno-por-el-frio\\\/#respond\"]}]},{\"@type\":\"WebPage\",\"@id\":\"https:\\\/\\\/www.eldiario.net\\\/portal\\\/2024\\\/05\\\/29\\\/en-potosi-amplian-el-horario-escolar-de-invierno-por-el-frio\\\/\",\"url\":\"https:\\\/\\\/www.eldiario.net\\\/portal\\\/2024\\\/05\\\/29\\\/en-potosi-amplian-el-horario-escolar-de-invierno-por-el-frio\\\/\",\"name\":\"En Potos\u00ed ampl\u00edan el horario escolar de invierno por el fr\u00edo - El Diario - Bolivia\",\"isPartOf\":{\"@id\":\"https:\\\/\\\/www.eldiario.net\\\/portal\\\/#website\"},\"primaryImageOfPage\":{\"@id\":\"https:\\\/\\\/www.eldiario.net\\\/portal\\\/2024\\\/05\\\/29\\\/en-potosi-amplian-el-horario-escolar-de-invierno-por-el-frio\\\/#primaryimage\"},\"image\":{\"@id\":\"https:\\\/\\\/www.eldiario.net\\\/portal\\\/2024\\\/05\\\/29\\\/en-potosi-amplian-el-horario-escolar-de-invierno-por-el-frio\\\/#primaryimage\"},\"thumbnailUrl\":\"https:\\\/\\\/www.eldiario.net\\\/portal\\\/wp-content\\\/uploads\\\/2024\\\/05\\\/Estudiantes-frio-invierno-1068x534-1-e1717012453650.webp\",\"datePublished\":\"2024-05-29T19:54:49+00:00\",\"description\":\"El director departamental de Educaci\u00f3n de Potos\u00ed, Javier Ortega, inform\u00f3 que en esa regi\u00f3n se ampli\u00f3 el horario escolar de invierno, por lo que los estudiantes tienen 15 minutos m\u00e1s para el ingreso y la salida de sus unidades educativas por las ma\u00f1anas y por las tardes.\",\"breadcrumb\":{\"@id\":\"https:\\\/\\\/www.eldiario.net\\\/portal\\\/2024\\\/05\\\/29\\\/en-potosi-amplian-el-horario-escolar-de-invierno-por-el-frio\\\/#breadcrumb\"},\"inLanguage\":\"es\",\"potentialAction\":[{\"@type\":\"ReadAction\",\"target\":[\"https:\\\/\\\/www.eldiario.net\\\/portal\\\/2024\\\/05\\\/29\\\/en-potosi-amplian-el-horario-escolar-de-invierno-por-el-frio\\\/\"]}]},{\"@type\":\"ImageObject\",\"inLanguage\":\"es\",\"@id\":\"https:\\\/\\\/www.eldiario.net\\\/portal\\\/2024\\\/05\\\/29\\\/en-potosi-amplian-el-horario-escolar-de-invierno-por-el-frio\\\/#primaryimage\",\"url\":\"https:\\\/\\\/www.eldiario.net\\\/portal\\\/wp-content\\\/uploads\\\/2024\\\/05\\\/Estudiantes-frio-invierno-1068x534-1-e1717012453650.webp\",\"contentUrl\":\"https:\\\/\\\/www.eldiario.net\\\/portal\\\/wp-content\\\/uploads\\\/2024\\\/05\\\/Estudiantes-frio-invierno-1068x534-1-e1717012453650.webp\",\"width\":668,\"height\":334},{\"@type\":\"BreadcrumbList\",\"@id\":\"https:\\\/\\\/www.eldiario.net\\\/portal\\\/2024\\\/05\\\/29\\\/en-potosi-amplian-el-horario-escolar-de-invierno-por-el-frio\\\/#breadcrumb\",\"itemListElement\":[{\"@type\":\"ListItem\",\"position\":1,\"name\":\"Portada\",\"item\":\"https:\\\/\\\/www.eldiario.net\\\/portal\\\/\"},{\"@type\":\"ListItem\",\"position\":2,\"name\":\"En Potos\u00ed ampl\u00edan el horario escolar de invierno por el fr\u00edo\"}]},{\"@type\":\"WebSite\",\"@id\":\"https:\\\/\\\/www.eldiario.net\\\/portal\\\/#website\",\"url\":\"https:\\\/\\\/www.eldiario.net\\\/portal\\\/\",\"name\":\"El Diario - Decano de la prensa nacional\",\"description\":\"El Diario - Decano de la prensa nacional\",\"publisher\":{\"@id\":\"https:\\\/\\\/www.eldiario.net\\\/portal\\\/#organization\"},\"potentialAction\":[{\"@type\":\"SearchAction\",\"target\":{\"@type\":\"EntryPoint\",\"urlTemplate\":\"https:\\\/\\\/www.eldiario.net\\\/portal\\\/?s={search_term_string}\"},\"query-input\":{\"@type\":\"PropertyValueSpecification\",\"valueRequired\":true,\"valueName\":\"search_term_string\"}}],\"inLanguage\":\"es\"},{\"@type\":\"Organization\",\"@id\":\"https:\\\/\\\/www.eldiario.net\\\/portal\\\/#organization\",\"name\":\"El Diario - Decano de la prensa nacional\",\"url\":\"https:\\\/\\\/www.eldiario.net\\\/portal\\\/\",\"logo\":{\"@type\":\"ImageObject\",\"inLanguage\":\"es\",\"@id\":\"https:\\\/\\\/www.eldiario.net\\\/portal\\\/#\\\/schema\\\/logo\\\/image\\\/\",\"url\":\"https:\\\/\\\/www.eldiario.net\\\/portal\\\/wp-content\\\/uploads\\\/2023\\\/07\\\/logo_ED.jpg\",\"contentUrl\":\"https:\\\/\\\/www.eldiario.net\\\/portal\\\/wp-content\\\/uploads\\\/2023\\\/07\\\/logo_ED.jpg\",\"width\":272,\"height\":52,\"caption\":\"El Diario - Decano de la prensa nacional\"},\"image\":{\"@id\":\"https:\\\/\\\/www.eldiario.net\\\/portal\\\/#\\\/schema\\\/logo\\\/image\\\/\"},\"sameAs\":[\"https:\\\/\\\/www.facebook.com\\\/eldiario.bolivia\\\/\",\"https:\\\/\\\/x.com\\\/eldiario_net\"]},{\"@type\":\"Person\",\"@id\":\"https:\\\/\\\/www.eldiario.net\\\/portal\\\/#\\\/schema\\\/person\\\/b02ed27b456c3e0bd38941da92e05130\",\"name\":\"Mariana Garnica\",\"image\":{\"@type\":\"ImageObject\",\"inLanguage\":\"es\",\"@id\":\"https:\\\/\\\/secure.gravatar.com\\\/avatar\\\/41ff8773a042930478027d27070a9bf5dfb25b1f36d7245a4372dea1f9f295bf?s=96&d=mm&r=g\",\"url\":\"https:\\\/\\\/secure.gravatar.com\\\/avatar\\\/41ff8773a042930478027d27070a9bf5dfb25b1f36d7245a4372dea1f9f295bf?s=96&d=mm&r=g\",\"contentUrl\":\"https:\\\/\\\/secure.gravatar.com\\\/avatar\\\/41ff8773a042930478027d27070a9bf5dfb25b1f36d7245a4372dea1f9f295bf?s=96&d=mm&r=g\",\"caption\":\"Mariana Garnica\"},\"url\":\"https:\\\/\\\/www.eldiario.net\\\/portal\\\/author\\\/manzanita\\\/\"}]}<\/script>\n<!-- \/ Yoast SEO plugin. -->","yoast_head_json":{"title":"En Potos\u00ed ampl\u00edan el horario escolar de invierno por el fr\u00edo - El Diario - Bolivia","description":"El director departamental de Educaci\u00f3n de Potos\u00ed, Javier Ortega, inform\u00f3 que en esa regi\u00f3n se ampli\u00f3 el horario escolar de invierno, por lo que los estudiantes tienen 15 minutos m\u00e1s para el ingreso y la salida de sus unidades educativas por las ma\u00f1anas y por las tardes.","robots":{"index":"index","follow":"follow","max-snippet":"max-snippet:-1","max-image-preview":"max-image-preview:large","max-video-preview":"max-video-preview:-1"},"canonical":"https:\/\/www.eldiario.net\/portal\/2024\/05\/29\/en-potosi-amplian-el-horario-escolar-de-invierno-por-el-frio\/","og_locale":"es_ES","og_type":"article","og_title":"En Potos\u00ed ampl\u00edan el horario escolar de invierno por el fr\u00edo - El Diario - Bolivia","og_description":"El director departamental de Educaci\u00f3n de Potos\u00ed, Javier Ortega, inform\u00f3 que en esa regi\u00f3n se ampli\u00f3 el horario escolar de invierno, por lo que los estudiantes tienen 15 minutos m\u00e1s para el ingreso y la salida de sus unidades educativas por las ma\u00f1anas y por las tardes.","og_url":"https:\/\/www.eldiario.net\/portal\/2024\/05\/29\/en-potosi-amplian-el-horario-escolar-de-invierno-por-el-frio\/","og_site_name":"El Diario - Bolivia","article_publisher":"https:\/\/www.facebook.com\/eldiario.bolivia\/","article_published_time":"2024-05-29T19:54:49+00:00","og_image":[{"width":668,"height":334,"url":"https:\/\/www.eldiario.net\/portal\/wp-content\/uploads\/2024\/05\/Estudiantes-frio-invierno-1068x534-1-e1717012453650.webp","type":"image\/webp"}],"author":"Mariana Garnica","twitter_card":"summary_large_image","twitter_creator":"@eldiario_net","twitter_site":"@eldiario_net","twitter_misc":{"Escrito por":"Mariana Garnica","Tiempo de lectura":"1 minuto"},"schema":{"@context":"https:\/\/schema.org","@graph":[{"@type":"Article","@id":"https:\/\/www.eldiario.net\/portal\/2024\/05\/29\/en-potosi-amplian-el-horario-escolar-de-invierno-por-el-frio\/#article","isPartOf":{"@id":"https:\/\/www.eldiario.net\/portal\/2024\/05\/29\/en-potosi-amplian-el-horario-escolar-de-invierno-por-el-frio\/"},"author":{"name":"Mariana Garnica","@id":"https:\/\/www.eldiario.net\/portal\/#\/schema\/person\/b02ed27b456c3e0bd38941da92e05130"},"headline":"En Potos\u00ed ampl\u00edan el horario escolar de invierno por el fr\u00edo","datePublished":"2024-05-29T19:54:49+00:00","mainEntityOfPage":{"@id":"https:\/\/www.eldiario.net\/portal\/2024\/05\/29\/en-potosi-amplian-el-horario-escolar-de-invierno-por-el-frio\/"},"wordCount":20,"commentCount":0,"publisher":{"@id":"https:\/\/www.eldiario.net\/portal\/#organization"},"image":{"@id":"https:\/\/www.eldiario.net\/portal\/2024\/05\/29\/en-potosi-amplian-el-horario-escolar-de-invierno-por-el-frio\/#primaryimage"},"thumbnailUrl":"https:\/\/www.eldiario.net\/portal\/wp-content\/uploads\/2024\/05\/Estudiantes-frio-invierno-1068x534-1-e1717012453650.webp","articleSection":["\u00daltima Hora"],"inLanguage":"es","potentialAction":[{"@type":"CommentAction","name":"Comment","target":["https:\/\/www.eldiario.net\/portal\/2024\/05\/29\/en-potosi-amplian-el-horario-escolar-de-invierno-por-el-frio\/#respond"]}]},{"@type":"WebPage","@id":"https:\/\/www.eldiario.net\/portal\/2024\/05\/29\/en-potosi-amplian-el-horario-escolar-de-invierno-por-el-frio\/","url":"https:\/\/www.eldiario.net\/portal\/2024\/05\/29\/en-potosi-amplian-el-horario-escolar-de-invierno-por-el-frio\/","name":"En Potos\u00ed ampl\u00edan el horario escolar de invierno por el fr\u00edo - El Diario - Bolivia","isPartOf":{"@id":"https:\/\/www.eldiario.net\/portal\/#website"},"primaryImageOfPage":{"@id":"https:\/\/www.eldiario.net\/portal\/2024\/05\/29\/en-potosi-amplian-el-horario-escolar-de-invierno-por-el-frio\/#primaryimage"},"image":{"@id":"https:\/\/www.eldiario.net\/portal\/2024\/05\/29\/en-potosi-amplian-el-horario-escolar-de-invierno-por-el-frio\/#primaryimage"},"thumbnailUrl":"https:\/\/www.eldiario.net\/portal\/wp-content\/uploads\/2024\/05\/Estudiantes-frio-invierno-1068x534-1-e1717012453650.webp","datePublished":"2024-05-29T19:54:49+00:00","description":"El director departamental de Educaci\u00f3n de Potos\u00ed, Javier Ortega, inform\u00f3 que en esa regi\u00f3n se ampli\u00f3 el horario escolar de invierno, por lo que los estudiantes tienen 15 minutos m\u00e1s para el ingreso y la salida de sus unidades educativas por las ma\u00f1anas y por las tardes.","breadcrumb":{"@id":"https:\/\/www.eldiario.net\/portal\/2024\/05\/29\/en-potosi-amplian-el-horario-escolar-de-invierno-por-el-frio\/#breadcrumb"},"inLanguage":"es","potentialAction":[{"@type":"ReadAction","target":["https:\/\/www.eldiario.net\/portal\/2024\/05\/29\/en-potosi-amplian-el-horario-escolar-de-invierno-por-el-frio\/"]}]},{"@type":"ImageObject","inLanguage":"es","@id":"https:\/\/www.eldiario.net\/portal\/2024\/05\/29\/en-potosi-amplian-el-horario-escolar-de-invierno-por-el-frio\/#primaryimage","url":"https:\/\/www.eldiario.net\/portal\/wp-content\/uploads\/2024\/05\/Estudiantes-frio-invierno-1068x534-1-e1717012453650.webp","contentUrl":"https:\/\/www.eldiario.net\/portal\/wp-content\/uploads\/2024\/05\/Estudiantes-frio-invierno-1068x534-1-e1717012453650.webp","width":668,"height":334},{"@type":"BreadcrumbList","@id":"https:\/\/www.eldiario.net\/portal\/2024\/05\/29\/en-potosi-amplian-el-horario-escolar-de-invierno-por-el-frio\/#breadcrumb","itemListElement":[{"@type":"ListItem","position":1,"name":"Portada","item":"https:\/\/www.eldiario.net\/portal\/"},{"@type":"ListItem","position":2,"name":"En Potos\u00ed ampl\u00edan el horario escolar de invierno por el fr\u00edo"}]},{"@type":"WebSite","@id":"https:\/\/www.eldiario.net\/portal\/#website","url":"https:\/\/www.eldiario.net\/portal\/","name":"El Diario - Decano de la prensa nacional","description":"El Diario - Decano de la prensa nacional","publisher":{"@id":"https:\/\/www.eldiario.net\/portal\/#organization"},"potentialAction":[{"@type":"SearchAction","target":{"@type":"EntryPoint","urlTemplate":"https:\/\/www.eldiario.net\/portal\/?s={search_term_string}"},"query-input":{"@type":"PropertyValueSpecification","valueRequired":true,"valueName":"search_term_string"}}],"inLanguage":"es"},{"@type":"Organization","@id":"https:\/\/www.eldiario.net\/portal\/#organization","name":"El Diario - Decano de la prensa nacional","url":"https:\/\/www.eldiario.net\/portal\/","logo":{"@type":"ImageObject","inLanguage":"es","@id":"https:\/\/www.eldiario.net\/portal\/#\/schema\/logo\/image\/","url":"https:\/\/www.eldiario.net\/portal\/wp-content\/uploads\/2023\/07\/logo_ED.jpg","contentUrl":"https:\/\/www.eldiario.net\/portal\/wp-content\/uploads\/2023\/07\/logo_ED.jpg","width":272,"height":52,"caption":"El Diario - Decano de la prensa nacional"},"image":{"@id":"https:\/\/www.eldiario.net\/portal\/#\/schema\/logo\/image\/"},"sameAs":["https:\/\/www.facebook.com\/eldiario.bolivia\/","https:\/\/x.com\/eldiario_net"]},{"@type":"Person","@id":"https:\/\/www.eldiario.net\/portal\/#\/schema\/person\/b02ed27b456c3e0bd38941da92e05130","name":"Mariana Garnica","image":{"@type":"ImageObject","inLanguage":"es","@id":"https:\/\/secure.gravatar.com\/avatar\/41ff8773a042930478027d27070a9bf5dfb25b1f36d7245a4372dea1f9f295bf?s=96&d=mm&r=g","url":"https:\/\/secure.gravatar.com\/avatar\/41ff8773a042930478027d27070a9bf5dfb25b1f36d7245a4372dea1f9f295bf?s=96&d=mm&r=g","contentUrl":"https:\/\/secure.gravatar.com\/avatar\/41ff8773a042930478027d27070a9bf5dfb25b1f36d7245a4372dea1f9f295bf?s=96&d=mm&r=g","caption":"Mariana Garnica"},"url":"https:\/\/www.eldiario.net\/portal\/author\/manzanita\/"}]}},"_links":{"self":[{"href":"https:\/\/www.eldiario.net\/portal\/wp-json\/wp\/v2\/posts\/223805","targetHints":{"allow":["GET"]}}],"collection":[{"href":"https:\/\/www.eldiario.net\/portal\/wp-json\/wp\/v2\/posts"}],"about":[{"href":"https:\/\/www.eldiario.net\/portal\/wp-json\/wp\/v2\/types\/post"}],"author":[{"embeddable":true,"href":"https:\/\/www.eldiario.net\/portal\/wp-json\/wp\/v2\/users\/6"}],"replies":[{"embeddable":true,"href":"https:\/\/www.eldiario.net\/portal\/wp-json\/wp\/v2\/comments?post=223805"}],"version-history":[{"count":1,"href":"https:\/\/www.eldiario.net\/portal\/wp-json\/wp\/v2\/posts\/223805\/revisions"}],"predecessor-version":[{"id":223807,"href":"https:\/\/www.eldiario.net\/portal\/wp-json\/wp\/v2\/posts\/223805\/revisions\/223807"}],"wp:featuredmedia":[{"embeddable":true,"href":"https:\/\/www.eldiario.net\/portal\/wp-json\/wp\/v2\/media\/223806"}],"wp:attachment":[{"href":"https:\/\/www.eldiario.net\/portal\/wp-json\/wp\/v2\/media?parent=223805"}],"wp:term":[{"taxonomy":"category","embeddable":true,"href":"https:\/\/www.eldiario.net\/portal\/wp-json\/wp\/v2\/categories?post=223805"},{"taxonomy":"post_tag","embeddable":true,"href":"https:\/\/www.eldiario.net\/portal\/wp-json\/wp\/v2\/tags?post=223805"}],"curies":[{"name":"wp","href":"https:\/\/api.w.org\/{rel}","templated":true}]}}