{"id":223778,"date":"2024-05-29T07:23:18","date_gmt":"2024-05-29T11:23:18","guid":{"rendered":"https:\/\/www.eldiario.net\/portal\/?p=223778"},"modified":"2024-05-29T07:23:18","modified_gmt":"2024-05-29T11:23:18","slug":"huawei-presenta-el-futuro-de-la-tecnologia-en-el-dia-mundial-de-las-telecomunicaciones","status":"publish","type":"post","link":"https:\/\/www.eldiario.net\/portal\/2024\/05\/29\/huawei-presenta-el-futuro-de-la-tecnologia-en-el-dia-mundial-de-las-telecomunicaciones\/","title":{"rendered":"Huawei presenta el futuro de la tecnolog\u00eda en el D\u00eda Mundial de las Telecomunicaciones"},"content":{"rendered":"<p>Huawei Technologies estuvo presente en la segunda versi\u00f3n de la feria por el D\u00eda Mundial de las Telecomunicaciones, que abri\u00f3 sus puertas el 16 de mayo en el Parque de las Culturas y la Madre Tierra. El espacio estuvo dedicado a presentar soluciones de servicios mediante charlas din\u00e1micas, una conferencia especial dictada por un experto internacional de Huawei y material did\u00e1ctico con tecnolog\u00eda de la empresa, incluyendo gafas de Realidad Virtual.<\/p>\n<p>El D\u00eda Mundial de las Telecomunicaciones y la Sociedad de la Informaci\u00f3n se celebra cada 17 de mayo desde 1969, conmemorando la reducci\u00f3n de la brecha tecnol\u00f3gica. En Bolivia, fue el segundo encuentro organizado por el Ministerio de Obras P\u00fablicas, Servicios y Vivienda y el Viceministerio de Telecomunicaciones.<\/p>\n<p>En esta edici\u00f3n, el tema exhibido lleva como t\u00edtulo: \u201cInnovaci\u00f3n en servicios para la Industria sobre redes 5G\u201d. La presentaci\u00f3n estar\u00e1 a cargo de Alberto Javier Mendoza Loayza, quien se desempe\u00f1a como Analista de Marketing Digital para Latinoam\u00e9rica, aunque tambi\u00e9n opera como gerente de desarrollo de negocios para Huawei Bolivia.<\/p>\n<p>\u201c5G simplemente es un canal, es una herramienta. Si no existen los servicios, los requerimientos, de nada va a servir. Es como cuando nosotros saltamos del del 3G al 4G, el servicio novedoso era el video. Antes no hab\u00eda ese requerimiento, esa necesidad hasta que aparecieron las aplicaciones de <em>streaming <\/em>como Netflix, HBO, etc\u00e9tera. Cuando eso empez\u00f3 a ser masivo ya el tema de video pas\u00f3 a ser una necesidad\u201d, ilustr\u00f3 el experto.<\/p>\n<p>Respondiendo a un contexto en el que la demanda de servicios de conectividad es cada vez mayor, se trata de conocimientos cada vez m\u00e1s necesarios de cara al futuro. Estos requerimientos de conectividad no solo vienen de las personas particulares y sus hogares sino tambi\u00e9n del sector de los negocios, espec\u00edficamente de las empresas, gobiernos e industrias, necesitados de comprender y utilizar el nuevo modelo.<\/p>\n<p>Para Huawei, el tema puede plantearse en tres escenarios totalmente diferentes. Uno est\u00e1 orientado hacia consumidor, otro al hogar y otro a la industria, la empresa o el gobierno. En el Stand de la feria, el contenido estar\u00e1 m\u00e1s orientado hacia consumidor porque ser\u00e1 el p\u00fablico visitante consistir\u00e1 principalmente en consumidores potenciales, \u00e1vidos de comprender las aplicaciones el tema.<\/p>\n<p>\u201cPodremos ver videos en la m\u00e1s alta resoluci\u00f3n, o ya en realidad virtual. Cada vez los lentes se est\u00e1n volviendo m\u00e1s peque\u00f1os y port\u00e1tiles. Pronto el tema del tel\u00e9fono va a quedar atr\u00e1s. Imag\u00ednate llegar a un lugar, un restaurante donde yo me siente y me ponga mis gafas y comience a trabajar porque los monitores est\u00e1n ah\u00ed incorporados. O visitar un museo y contar con una nueva herramienta para aprender. Yo agarro mi tel\u00e9fono, veo ah\u00ed un monolito, lo apunto y alguien me va a explicar de qu\u00e9 trata el monolito. Entonces esta Realidad Aumentada es lo que va a despegar la necesidad del 5G, el menos en lo orientado al consumidor\u201d, concluy\u00f3 Mendoza.<\/p>\n<p>Otro ejemplo de aplicabilidad es la posibilidad de que un \u00e1rea o un edificio pueda conectarse a la red mediante un m\u00f3dem inal\u00e1mbrico. No ser\u00e1n m\u00f3dems que se enlazan a la energ\u00eda, ni habr\u00e1 cables de cobre, coaxiales, ni habr\u00e1 necesidad de fibra \u00f3ptica. Si esto se aplica en un negocio, en el caso de un Banco, por ejemplo, podr\u00e1n interconectarse todas las sucursales de manera inal\u00e1mbrica, reduciendo los tiempos y la latencia enormemente.<\/p>\n<div id='gallery-1' class='gallery galleryid-223778 gallery-columns-1 gallery-size-large'><figure class='gallery-item'>\n\t\t\t<div class='gallery-icon landscape'>\n\t\t\t\t<a href='https:\/\/www.eldiario.net\/portal\/2024\/05\/29\/huawei-presenta-el-futuro-de-la-tecnologia-en-el-dia-mundial-de-las-telecomunicaciones\/whatsapp-image-2024-05-28-at-19-02-54-1\/'><img loading=\"lazy\" decoding=\"async\" width=\"696\" height=\"392\" src=\"https:\/\/www.eldiario.net\/portal\/wp-content\/uploads\/2024\/05\/WhatsApp-Image-2024-05-28-at-19.02.54-1-1024x576.jpeg\" class=\"attachment-large size-large\" alt=\"\" srcset=\"https:\/\/www.eldiario.net\/portal\/wp-content\/uploads\/2024\/05\/WhatsApp-Image-2024-05-28-at-19.02.54-1-1024x576.jpeg 1024w, https:\/\/www.eldiario.net\/portal\/wp-content\/uploads\/2024\/05\/WhatsApp-Image-2024-05-28-at-19.02.54-1-300x169.jpeg 300w, https:\/\/www.eldiario.net\/portal\/wp-content\/uploads\/2024\/05\/WhatsApp-Image-2024-05-28-at-19.02.54-1-768x432.jpeg 768w, https:\/\/www.eldiario.net\/portal\/wp-content\/uploads\/2024\/05\/WhatsApp-Image-2024-05-28-at-19.02.54-1-1536x864.jpeg 1536w, https:\/\/www.eldiario.net\/portal\/wp-content\/uploads\/2024\/05\/WhatsApp-Image-2024-05-28-at-19.02.54-1-747x420.jpeg 747w, https:\/\/www.eldiario.net\/portal\/wp-content\/uploads\/2024\/05\/WhatsApp-Image-2024-05-28-at-19.02.54-1-696x392.jpeg 696w, https:\/\/www.eldiario.net\/portal\/wp-content\/uploads\/2024\/05\/WhatsApp-Image-2024-05-28-at-19.02.54-1-1068x601.jpeg 1068w, https:\/\/www.eldiario.net\/portal\/wp-content\/uploads\/2024\/05\/WhatsApp-Image-2024-05-28-at-19.02.54-1.jpeg 1600w\" sizes=\"auto, (max-width: 696px) 100vw, 696px\" \/><\/a>\n\t\t\t<\/div><\/figure><figure class='gallery-item'>\n\t\t\t<div class='gallery-icon landscape'>\n\t\t\t\t<a href='https:\/\/www.eldiario.net\/portal\/2024\/05\/29\/huawei-presenta-el-futuro-de-la-tecnologia-en-el-dia-mundial-de-las-telecomunicaciones\/whatsapp-image-2024-05-28-at-19-02-54\/'><img loading=\"lazy\" decoding=\"async\" width=\"696\" height=\"522\" src=\"https:\/\/www.eldiario.net\/portal\/wp-content\/uploads\/2024\/05\/WhatsApp-Image-2024-05-28-at-19.02.54-1024x768.jpeg\" class=\"attachment-large size-large\" alt=\"\" srcset=\"https:\/\/www.eldiario.net\/portal\/wp-content\/uploads\/2024\/05\/WhatsApp-Image-2024-05-28-at-19.02.54-1024x768.jpeg 1024w, https:\/\/www.eldiario.net\/portal\/wp-content\/uploads\/2024\/05\/WhatsApp-Image-2024-05-28-at-19.02.54-300x225.jpeg 300w, https:\/\/www.eldiario.net\/portal\/wp-content\/uploads\/2024\/05\/WhatsApp-Image-2024-05-28-at-19.02.54-768x576.jpeg 768w, https:\/\/www.eldiario.net\/portal\/wp-content\/uploads\/2024\/05\/WhatsApp-Image-2024-05-28-at-19.02.54-1536x1152.jpeg 1536w, https:\/\/www.eldiario.net\/portal\/wp-content\/uploads\/2024\/05\/WhatsApp-Image-2024-05-28-at-19.02.54-560x420.jpeg 560w, https:\/\/www.eldiario.net\/portal\/wp-content\/uploads\/2024\/05\/WhatsApp-Image-2024-05-28-at-19.02.54-80x60.jpeg 80w, https:\/\/www.eldiario.net\/portal\/wp-content\/uploads\/2024\/05\/WhatsApp-Image-2024-05-28-at-19.02.54-696x522.jpeg 696w, https:\/\/www.eldiario.net\/portal\/wp-content\/uploads\/2024\/05\/WhatsApp-Image-2024-05-28-at-19.02.54-1068x801.jpeg 1068w, https:\/\/www.eldiario.net\/portal\/wp-content\/uploads\/2024\/05\/WhatsApp-Image-2024-05-28-at-19.02.54.jpeg 1600w\" sizes=\"auto, (max-width: 696px) 100vw, 696px\" \/><\/a>\n\t\t\t<\/div><\/figure><figure class='gallery-item'>\n\t\t\t<div class='gallery-icon landscape'>\n\t\t\t\t<a href='https:\/\/www.eldiario.net\/portal\/2024\/05\/29\/huawei-presenta-el-futuro-de-la-tecnologia-en-el-dia-mundial-de-las-telecomunicaciones\/whatsapp-image-2024-05-28-at-19-02-53-1\/'><img loading=\"lazy\" decoding=\"async\" width=\"696\" height=\"522\" src=\"https:\/\/www.eldiario.net\/portal\/wp-content\/uploads\/2024\/05\/WhatsApp-Image-2024-05-28-at-19.02.53-1-1024x768.jpeg\" class=\"attachment-large size-large\" alt=\"\" srcset=\"https:\/\/www.eldiario.net\/portal\/wp-content\/uploads\/2024\/05\/WhatsApp-Image-2024-05-28-at-19.02.53-1-1024x768.jpeg 1024w, https:\/\/www.eldiario.net\/portal\/wp-content\/uploads\/2024\/05\/WhatsApp-Image-2024-05-28-at-19.02.53-1-300x225.jpeg 300w, https:\/\/www.eldiario.net\/portal\/wp-content\/uploads\/2024\/05\/WhatsApp-Image-2024-05-28-at-19.02.53-1-768x576.jpeg 768w, https:\/\/www.eldiario.net\/portal\/wp-content\/uploads\/2024\/05\/WhatsApp-Image-2024-05-28-at-19.02.53-1-1536x1152.jpeg 1536w, https:\/\/www.eldiario.net\/portal\/wp-content\/uploads\/2024\/05\/WhatsApp-Image-2024-05-28-at-19.02.53-1-560x420.jpeg 560w, https:\/\/www.eldiario.net\/portal\/wp-content\/uploads\/2024\/05\/WhatsApp-Image-2024-05-28-at-19.02.53-1-80x60.jpeg 80w, https:\/\/www.eldiario.net\/portal\/wp-content\/uploads\/2024\/05\/WhatsApp-Image-2024-05-28-at-19.02.53-1-696x522.jpeg 696w, https:\/\/www.eldiario.net\/portal\/wp-content\/uploads\/2024\/05\/WhatsApp-Image-2024-05-28-at-19.02.53-1-1068x801.jpeg 1068w, https:\/\/www.eldiario.net\/portal\/wp-content\/uploads\/2024\/05\/WhatsApp-Image-2024-05-28-at-19.02.53-1.jpeg 1600w\" sizes=\"auto, (max-width: 696px) 100vw, 696px\" \/><\/a>\n\t\t\t<\/div><\/figure><figure class='gallery-item'>\n\t\t\t<div class='gallery-icon landscape'>\n\t\t\t\t<a href='https:\/\/www.eldiario.net\/portal\/2024\/05\/29\/huawei-presenta-el-futuro-de-la-tecnologia-en-el-dia-mundial-de-las-telecomunicaciones\/whatsapp-image-2024-05-28-at-19-02-53\/'><img loading=\"lazy\" decoding=\"async\" width=\"696\" height=\"522\" src=\"https:\/\/www.eldiario.net\/portal\/wp-content\/uploads\/2024\/05\/WhatsApp-Image-2024-05-28-at-19.02.53-1024x768.jpeg\" class=\"attachment-large size-large\" alt=\"\" srcset=\"https:\/\/www.eldiario.net\/portal\/wp-content\/uploads\/2024\/05\/WhatsApp-Image-2024-05-28-at-19.02.53-1024x768.jpeg 1024w, https:\/\/www.eldiario.net\/portal\/wp-content\/uploads\/2024\/05\/WhatsApp-Image-2024-05-28-at-19.02.53-300x225.jpeg 300w, https:\/\/www.eldiario.net\/portal\/wp-content\/uploads\/2024\/05\/WhatsApp-Image-2024-05-28-at-19.02.53-768x576.jpeg 768w, https:\/\/www.eldiario.net\/portal\/wp-content\/uploads\/2024\/05\/WhatsApp-Image-2024-05-28-at-19.02.53-1536x1152.jpeg 1536w, https:\/\/www.eldiario.net\/portal\/wp-content\/uploads\/2024\/05\/WhatsApp-Image-2024-05-28-at-19.02.53-560x420.jpeg 560w, https:\/\/www.eldiario.net\/portal\/wp-content\/uploads\/2024\/05\/WhatsApp-Image-2024-05-28-at-19.02.53-80x60.jpeg 80w, https:\/\/www.eldiario.net\/portal\/wp-content\/uploads\/2024\/05\/WhatsApp-Image-2024-05-28-at-19.02.53-696x522.jpeg 696w, https:\/\/www.eldiario.net\/portal\/wp-content\/uploads\/2024\/05\/WhatsApp-Image-2024-05-28-at-19.02.53-1068x801.jpeg 1068w, https:\/\/www.eldiario.net\/portal\/wp-content\/uploads\/2024\/05\/WhatsApp-Image-2024-05-28-at-19.02.53.jpeg 1600w\" sizes=\"auto, (max-width: 696px) 100vw, 696px\" \/><\/a>\n\t\t\t<\/div><\/figure>\n\t\t<\/div>\n\n","protected":false},"excerpt":{"rendered":"<p>Huawei Technologies estuvo presente en la segunda versi\u00f3n de la feria por el D\u00eda Mundial de las Telecomunicaciones, que abri\u00f3 sus puertas el 16 de mayo en el Parque de las Culturas y la Madre Tierra. El espacio estuvo dedicado a presentar soluciones de servicios mediante charlas din\u00e1micas, una conferencia especial dictada por un experto [&hellip;]<\/p>\n","protected":false},"author":2,"featured_media":223779,"comment_status":"open","ping_status":"open","sticky":false,"template":"","format":"standard","meta":{"_acf_changed":false,"footnotes":""},"categories":[15],"tags":[],"class_list":["post-223778","post","type-post","status-publish","format-standard","has-post-thumbnail","category-portada"],"acf":{"antetitulo":""},"yoast_head":"<!-- This site is optimized with the Yoast SEO plugin v28.4 - https:\/\/yoast.com\/product\/yoast-seo-wordpress\/ -->\n<title>Huawei presenta el futuro de la tecnolog\u00eda en el D\u00eda Mundial de las Telecomunicaciones - El Diario - Bolivia<\/title>\n<meta name=\"robots\" content=\"index, follow, max-snippet:-1, max-image-preview:large, max-video-preview:-1\" \/>\n<link rel=\"canonical\" href=\"https:\/\/www.eldiario.net\/portal\/2024\/05\/29\/huawei-presenta-el-futuro-de-la-tecnologia-en-el-dia-mundial-de-las-telecomunicaciones\/\" \/>\n<meta property=\"og:locale\" content=\"es_ES\" \/>\n<meta property=\"og:type\" content=\"article\" \/>\n<meta property=\"og:title\" content=\"Huawei presenta el futuro de la tecnolog\u00eda en el D\u00eda Mundial de las Telecomunicaciones - El Diario - Bolivia\" \/>\n<meta property=\"og:description\" content=\"Huawei Technologies estuvo presente en la segunda versi\u00f3n de la feria por el D\u00eda Mundial de las Telecomunicaciones, que abri\u00f3 sus puertas el 16 de mayo en el Parque de las Culturas y la Madre Tierra. El espacio estuvo dedicado a presentar soluciones de servicios mediante charlas din\u00e1micas, una conferencia especial dictada por un experto [&hellip;]\" \/>\n<meta property=\"og:url\" content=\"https:\/\/www.eldiario.net\/portal\/2024\/05\/29\/huawei-presenta-el-futuro-de-la-tecnologia-en-el-dia-mundial-de-las-telecomunicaciones\/\" \/>\n<meta property=\"og:site_name\" content=\"El Diario - Bolivia\" \/>\n<meta property=\"article:publisher\" content=\"https:\/\/www.facebook.com\/eldiario.bolivia\/\" \/>\n<meta property=\"article:published_time\" content=\"2024-05-29T11:23:18+00:00\" \/>\n<meta property=\"og:image\" content=\"https:\/\/www.eldiario.net\/portal\/wp-content\/uploads\/2024\/05\/WhatsApp-Image-2024-05-28-at-19.02.54-1.jpeg\" \/>\n\t<meta property=\"og:image:width\" content=\"1600\" \/>\n\t<meta property=\"og:image:height\" content=\"900\" \/>\n\t<meta property=\"og:image:type\" content=\"image\/jpeg\" \/>\n<meta name=\"author\" content=\"luis Camacho\" \/>\n<meta name=\"twitter:card\" content=\"summary_large_image\" \/>\n<meta name=\"twitter:creator\" content=\"@eldiario_net\" \/>\n<meta name=\"twitter:site\" content=\"@eldiario_net\" \/>\n<meta name=\"twitter:label1\" content=\"Escrito por\" \/>\n\t<meta name=\"twitter:data1\" content=\"luis Camacho\" \/>\n\t<meta name=\"twitter:label2\" content=\"Tiempo de lectura\" \/>\n\t<meta name=\"twitter:data2\" content=\"3 minutos\" \/>\n<script type=\"application\/ld+json\" class=\"yoast-schema-graph\">{\"@context\":\"https:\\\/\\\/schema.org\",\"@graph\":[{\"@type\":\"Article\",\"@id\":\"https:\\\/\\\/www.eldiario.net\\\/portal\\\/2024\\\/05\\\/29\\\/huawei-presenta-el-futuro-de-la-tecnologia-en-el-dia-mundial-de-las-telecomunicaciones\\\/#article\",\"isPartOf\":{\"@id\":\"https:\\\/\\\/www.eldiario.net\\\/portal\\\/2024\\\/05\\\/29\\\/huawei-presenta-el-futuro-de-la-tecnologia-en-el-dia-mundial-de-las-telecomunicaciones\\\/\"},\"author\":{\"name\":\"luis Camacho\",\"@id\":\"https:\\\/\\\/www.eldiario.net\\\/portal\\\/#\\\/schema\\\/person\\\/c1a5d38e458b10c8ebd62f4189b82bbc\"},\"headline\":\"Huawei presenta el futuro de la tecnolog\u00eda en el D\u00eda Mundial de las Telecomunicaciones\",\"datePublished\":\"2024-05-29T11:23:18+00:00\",\"mainEntityOfPage\":{\"@id\":\"https:\\\/\\\/www.eldiario.net\\\/portal\\\/2024\\\/05\\\/29\\\/huawei-presenta-el-futuro-de-la-tecnologia-en-el-dia-mundial-de-las-telecomunicaciones\\\/\"},\"wordCount\":615,\"commentCount\":0,\"publisher\":{\"@id\":\"https:\\\/\\\/www.eldiario.net\\\/portal\\\/#organization\"},\"image\":{\"@id\":\"https:\\\/\\\/www.eldiario.net\\\/portal\\\/2024\\\/05\\\/29\\\/huawei-presenta-el-futuro-de-la-tecnologia-en-el-dia-mundial-de-las-telecomunicaciones\\\/#primaryimage\"},\"thumbnailUrl\":\"https:\\\/\\\/www.eldiario.net\\\/portal\\\/wp-content\\\/uploads\\\/2024\\\/05\\\/WhatsApp-Image-2024-05-28-at-19.02.54-1.jpeg\",\"articleSection\":[\"Portada\"],\"inLanguage\":\"es\",\"potentialAction\":[{\"@type\":\"CommentAction\",\"name\":\"Comment\",\"target\":[\"https:\\\/\\\/www.eldiario.net\\\/portal\\\/2024\\\/05\\\/29\\\/huawei-presenta-el-futuro-de-la-tecnologia-en-el-dia-mundial-de-las-telecomunicaciones\\\/#respond\"]}]},{\"@type\":\"WebPage\",\"@id\":\"https:\\\/\\\/www.eldiario.net\\\/portal\\\/2024\\\/05\\\/29\\\/huawei-presenta-el-futuro-de-la-tecnologia-en-el-dia-mundial-de-las-telecomunicaciones\\\/\",\"url\":\"https:\\\/\\\/www.eldiario.net\\\/portal\\\/2024\\\/05\\\/29\\\/huawei-presenta-el-futuro-de-la-tecnologia-en-el-dia-mundial-de-las-telecomunicaciones\\\/\",\"name\":\"Huawei presenta el futuro de la tecnolog\u00eda en el D\u00eda Mundial de las Telecomunicaciones - El Diario - Bolivia\",\"isPartOf\":{\"@id\":\"https:\\\/\\\/www.eldiario.net\\\/portal\\\/#website\"},\"primaryImageOfPage\":{\"@id\":\"https:\\\/\\\/www.eldiario.net\\\/portal\\\/2024\\\/05\\\/29\\\/huawei-presenta-el-futuro-de-la-tecnologia-en-el-dia-mundial-de-las-telecomunicaciones\\\/#primaryimage\"},\"image\":{\"@id\":\"https:\\\/\\\/www.eldiario.net\\\/portal\\\/2024\\\/05\\\/29\\\/huawei-presenta-el-futuro-de-la-tecnologia-en-el-dia-mundial-de-las-telecomunicaciones\\\/#primaryimage\"},\"thumbnailUrl\":\"https:\\\/\\\/www.eldiario.net\\\/portal\\\/wp-content\\\/uploads\\\/2024\\\/05\\\/WhatsApp-Image-2024-05-28-at-19.02.54-1.jpeg\",\"datePublished\":\"2024-05-29T11:23:18+00:00\",\"breadcrumb\":{\"@id\":\"https:\\\/\\\/www.eldiario.net\\\/portal\\\/2024\\\/05\\\/29\\\/huawei-presenta-el-futuro-de-la-tecnologia-en-el-dia-mundial-de-las-telecomunicaciones\\\/#breadcrumb\"},\"inLanguage\":\"es\",\"potentialAction\":[{\"@type\":\"ReadAction\",\"target\":[\"https:\\\/\\\/www.eldiario.net\\\/portal\\\/2024\\\/05\\\/29\\\/huawei-presenta-el-futuro-de-la-tecnologia-en-el-dia-mundial-de-las-telecomunicaciones\\\/\"]}]},{\"@type\":\"ImageObject\",\"inLanguage\":\"es\",\"@id\":\"https:\\\/\\\/www.eldiario.net\\\/portal\\\/2024\\\/05\\\/29\\\/huawei-presenta-el-futuro-de-la-tecnologia-en-el-dia-mundial-de-las-telecomunicaciones\\\/#primaryimage\",\"url\":\"https:\\\/\\\/www.eldiario.net\\\/portal\\\/wp-content\\\/uploads\\\/2024\\\/05\\\/WhatsApp-Image-2024-05-28-at-19.02.54-1.jpeg\",\"contentUrl\":\"https:\\\/\\\/www.eldiario.net\\\/portal\\\/wp-content\\\/uploads\\\/2024\\\/05\\\/WhatsApp-Image-2024-05-28-at-19.02.54-1.jpeg\",\"width\":1600,\"height\":900},{\"@type\":\"BreadcrumbList\",\"@id\":\"https:\\\/\\\/www.eldiario.net\\\/portal\\\/2024\\\/05\\\/29\\\/huawei-presenta-el-futuro-de-la-tecnologia-en-el-dia-mundial-de-las-telecomunicaciones\\\/#breadcrumb\",\"itemListElement\":[{\"@type\":\"ListItem\",\"position\":1,\"name\":\"Portada\",\"item\":\"https:\\\/\\\/www.eldiario.net\\\/portal\\\/\"},{\"@type\":\"ListItem\",\"position\":2,\"name\":\"Huawei presenta el futuro de la tecnolog\u00eda en el D\u00eda Mundial de las Telecomunicaciones\"}]},{\"@type\":\"WebSite\",\"@id\":\"https:\\\/\\\/www.eldiario.net\\\/portal\\\/#website\",\"url\":\"https:\\\/\\\/www.eldiario.net\\\/portal\\\/\",\"name\":\"El Diario - Decano de la prensa nacional\",\"description\":\"El Diario - Decano de la prensa nacional\",\"publisher\":{\"@id\":\"https:\\\/\\\/www.eldiario.net\\\/portal\\\/#organization\"},\"potentialAction\":[{\"@type\":\"SearchAction\",\"target\":{\"@type\":\"EntryPoint\",\"urlTemplate\":\"https:\\\/\\\/www.eldiario.net\\\/portal\\\/?s={search_term_string}\"},\"query-input\":{\"@type\":\"PropertyValueSpecification\",\"valueRequired\":true,\"valueName\":\"search_term_string\"}}],\"inLanguage\":\"es\"},{\"@type\":\"Organization\",\"@id\":\"https:\\\/\\\/www.eldiario.net\\\/portal\\\/#organization\",\"name\":\"El Diario - Decano de la prensa nacional\",\"url\":\"https:\\\/\\\/www.eldiario.net\\\/portal\\\/\",\"logo\":{\"@type\":\"ImageObject\",\"inLanguage\":\"es\",\"@id\":\"https:\\\/\\\/www.eldiario.net\\\/portal\\\/#\\\/schema\\\/logo\\\/image\\\/\",\"url\":\"https:\\\/\\\/www.eldiario.net\\\/portal\\\/wp-content\\\/uploads\\\/2023\\\/07\\\/logo_ED.jpg\",\"contentUrl\":\"https:\\\/\\\/www.eldiario.net\\\/portal\\\/wp-content\\\/uploads\\\/2023\\\/07\\\/logo_ED.jpg\",\"width\":272,\"height\":52,\"caption\":\"El Diario - Decano de la prensa nacional\"},\"image\":{\"@id\":\"https:\\\/\\\/www.eldiario.net\\\/portal\\\/#\\\/schema\\\/logo\\\/image\\\/\"},\"sameAs\":[\"https:\\\/\\\/www.facebook.com\\\/eldiario.bolivia\\\/\",\"https:\\\/\\\/x.com\\\/eldiario_net\"]},{\"@type\":\"Person\",\"@id\":\"https:\\\/\\\/www.eldiario.net\\\/portal\\\/#\\\/schema\\\/person\\\/c1a5d38e458b10c8ebd62f4189b82bbc\",\"name\":\"luis Camacho\",\"image\":{\"@type\":\"ImageObject\",\"inLanguage\":\"es\",\"@id\":\"https:\\\/\\\/secure.gravatar.com\\\/avatar\\\/69ecb836b3826d5a2501bf06ab2a2f2c8ab211cc846758f395df21684cb38313?s=96&d=mm&r=g\",\"url\":\"https:\\\/\\\/secure.gravatar.com\\\/avatar\\\/69ecb836b3826d5a2501bf06ab2a2f2c8ab211cc846758f395df21684cb38313?s=96&d=mm&r=g\",\"contentUrl\":\"https:\\\/\\\/secure.gravatar.com\\\/avatar\\\/69ecb836b3826d5a2501bf06ab2a2f2c8ab211cc846758f395df21684cb38313?s=96&d=mm&r=g\",\"caption\":\"luis Camacho\"},\"url\":\"https:\\\/\\\/www.eldiario.net\\\/portal\\\/author\\\/luis\\\/\"}]}<\/script>\n<!-- \/ Yoast SEO plugin. -->","yoast_head_json":{"title":"Huawei presenta el futuro de la tecnolog\u00eda en el D\u00eda Mundial de las Telecomunicaciones - El Diario - Bolivia","robots":{"index":"index","follow":"follow","max-snippet":"max-snippet:-1","max-image-preview":"max-image-preview:large","max-video-preview":"max-video-preview:-1"},"canonical":"https:\/\/www.eldiario.net\/portal\/2024\/05\/29\/huawei-presenta-el-futuro-de-la-tecnologia-en-el-dia-mundial-de-las-telecomunicaciones\/","og_locale":"es_ES","og_type":"article","og_title":"Huawei presenta el futuro de la tecnolog\u00eda en el D\u00eda Mundial de las Telecomunicaciones - El Diario - Bolivia","og_description":"Huawei Technologies estuvo presente en la segunda versi\u00f3n de la feria por el D\u00eda Mundial de las Telecomunicaciones, que abri\u00f3 sus puertas el 16 de mayo en el Parque de las Culturas y la Madre Tierra. El espacio estuvo dedicado a presentar soluciones de servicios mediante charlas din\u00e1micas, una conferencia especial dictada por un experto [&hellip;]","og_url":"https:\/\/www.eldiario.net\/portal\/2024\/05\/29\/huawei-presenta-el-futuro-de-la-tecnologia-en-el-dia-mundial-de-las-telecomunicaciones\/","og_site_name":"El Diario - Bolivia","article_publisher":"https:\/\/www.facebook.com\/eldiario.bolivia\/","article_published_time":"2024-05-29T11:23:18+00:00","og_image":[{"width":1600,"height":900,"url":"https:\/\/www.eldiario.net\/portal\/wp-content\/uploads\/2024\/05\/WhatsApp-Image-2024-05-28-at-19.02.54-1.jpeg","type":"image\/jpeg"}],"author":"luis Camacho","twitter_card":"summary_large_image","twitter_creator":"@eldiario_net","twitter_site":"@eldiario_net","twitter_misc":{"Escrito por":"luis Camacho","Tiempo de lectura":"3 minutos"},"schema":{"@context":"https:\/\/schema.org","@graph":[{"@type":"Article","@id":"https:\/\/www.eldiario.net\/portal\/2024\/05\/29\/huawei-presenta-el-futuro-de-la-tecnologia-en-el-dia-mundial-de-las-telecomunicaciones\/#article","isPartOf":{"@id":"https:\/\/www.eldiario.net\/portal\/2024\/05\/29\/huawei-presenta-el-futuro-de-la-tecnologia-en-el-dia-mundial-de-las-telecomunicaciones\/"},"author":{"name":"luis Camacho","@id":"https:\/\/www.eldiario.net\/portal\/#\/schema\/person\/c1a5d38e458b10c8ebd62f4189b82bbc"},"headline":"Huawei presenta el futuro de la tecnolog\u00eda en el D\u00eda Mundial de las Telecomunicaciones","datePublished":"2024-05-29T11:23:18+00:00","mainEntityOfPage":{"@id":"https:\/\/www.eldiario.net\/portal\/2024\/05\/29\/huawei-presenta-el-futuro-de-la-tecnologia-en-el-dia-mundial-de-las-telecomunicaciones\/"},"wordCount":615,"commentCount":0,"publisher":{"@id":"https:\/\/www.eldiario.net\/portal\/#organization"},"image":{"@id":"https:\/\/www.eldiario.net\/portal\/2024\/05\/29\/huawei-presenta-el-futuro-de-la-tecnologia-en-el-dia-mundial-de-las-telecomunicaciones\/#primaryimage"},"thumbnailUrl":"https:\/\/www.eldiario.net\/portal\/wp-content\/uploads\/2024\/05\/WhatsApp-Image-2024-05-28-at-19.02.54-1.jpeg","articleSection":["Portada"],"inLanguage":"es","potentialAction":[{"@type":"CommentAction","name":"Comment","target":["https:\/\/www.eldiario.net\/portal\/2024\/05\/29\/huawei-presenta-el-futuro-de-la-tecnologia-en-el-dia-mundial-de-las-telecomunicaciones\/#respond"]}]},{"@type":"WebPage","@id":"https:\/\/www.eldiario.net\/portal\/2024\/05\/29\/huawei-presenta-el-futuro-de-la-tecnologia-en-el-dia-mundial-de-las-telecomunicaciones\/","url":"https:\/\/www.eldiario.net\/portal\/2024\/05\/29\/huawei-presenta-el-futuro-de-la-tecnologia-en-el-dia-mundial-de-las-telecomunicaciones\/","name":"Huawei presenta el futuro de la tecnolog\u00eda en el D\u00eda Mundial de las Telecomunicaciones - El Diario - Bolivia","isPartOf":{"@id":"https:\/\/www.eldiario.net\/portal\/#website"},"primaryImageOfPage":{"@id":"https:\/\/www.eldiario.net\/portal\/2024\/05\/29\/huawei-presenta-el-futuro-de-la-tecnologia-en-el-dia-mundial-de-las-telecomunicaciones\/#primaryimage"},"image":{"@id":"https:\/\/www.eldiario.net\/portal\/2024\/05\/29\/huawei-presenta-el-futuro-de-la-tecnologia-en-el-dia-mundial-de-las-telecomunicaciones\/#primaryimage"},"thumbnailUrl":"https:\/\/www.eldiario.net\/portal\/wp-content\/uploads\/2024\/05\/WhatsApp-Image-2024-05-28-at-19.02.54-1.jpeg","datePublished":"2024-05-29T11:23:18+00:00","breadcrumb":{"@id":"https:\/\/www.eldiario.net\/portal\/2024\/05\/29\/huawei-presenta-el-futuro-de-la-tecnologia-en-el-dia-mundial-de-las-telecomunicaciones\/#breadcrumb"},"inLanguage":"es","potentialAction":[{"@type":"ReadAction","target":["https:\/\/www.eldiario.net\/portal\/2024\/05\/29\/huawei-presenta-el-futuro-de-la-tecnologia-en-el-dia-mundial-de-las-telecomunicaciones\/"]}]},{"@type":"ImageObject","inLanguage":"es","@id":"https:\/\/www.eldiario.net\/portal\/2024\/05\/29\/huawei-presenta-el-futuro-de-la-tecnologia-en-el-dia-mundial-de-las-telecomunicaciones\/#primaryimage","url":"https:\/\/www.eldiario.net\/portal\/wp-content\/uploads\/2024\/05\/WhatsApp-Image-2024-05-28-at-19.02.54-1.jpeg","contentUrl":"https:\/\/www.eldiario.net\/portal\/wp-content\/uploads\/2024\/05\/WhatsApp-Image-2024-05-28-at-19.02.54-1.jpeg","width":1600,"height":900},{"@type":"BreadcrumbList","@id":"https:\/\/www.eldiario.net\/portal\/2024\/05\/29\/huawei-presenta-el-futuro-de-la-tecnologia-en-el-dia-mundial-de-las-telecomunicaciones\/#breadcrumb","itemListElement":[{"@type":"ListItem","position":1,"name":"Portada","item":"https:\/\/www.eldiario.net\/portal\/"},{"@type":"ListItem","position":2,"name":"Huawei presenta el futuro de la tecnolog\u00eda en el D\u00eda Mundial de las Telecomunicaciones"}]},{"@type":"WebSite","@id":"https:\/\/www.eldiario.net\/portal\/#website","url":"https:\/\/www.eldiario.net\/portal\/","name":"El Diario - Decano de la prensa nacional","description":"El Diario - Decano de la prensa nacional","publisher":{"@id":"https:\/\/www.eldiario.net\/portal\/#organization"},"potentialAction":[{"@type":"SearchAction","target":{"@type":"EntryPoint","urlTemplate":"https:\/\/www.eldiario.net\/portal\/?s={search_term_string}"},"query-input":{"@type":"PropertyValueSpecification","valueRequired":true,"valueName":"search_term_string"}}],"inLanguage":"es"},{"@type":"Organization","@id":"https:\/\/www.eldiario.net\/portal\/#organization","name":"El Diario - Decano de la prensa nacional","url":"https:\/\/www.eldiario.net\/portal\/","logo":{"@type":"ImageObject","inLanguage":"es","@id":"https:\/\/www.eldiario.net\/portal\/#\/schema\/logo\/image\/","url":"https:\/\/www.eldiario.net\/portal\/wp-content\/uploads\/2023\/07\/logo_ED.jpg","contentUrl":"https:\/\/www.eldiario.net\/portal\/wp-content\/uploads\/2023\/07\/logo_ED.jpg","width":272,"height":52,"caption":"El Diario - Decano de la prensa nacional"},"image":{"@id":"https:\/\/www.eldiario.net\/portal\/#\/schema\/logo\/image\/"},"sameAs":["https:\/\/www.facebook.com\/eldiario.bolivia\/","https:\/\/x.com\/eldiario_net"]},{"@type":"Person","@id":"https:\/\/www.eldiario.net\/portal\/#\/schema\/person\/c1a5d38e458b10c8ebd62f4189b82bbc","name":"luis Camacho","image":{"@type":"ImageObject","inLanguage":"es","@id":"https:\/\/secure.gravatar.com\/avatar\/69ecb836b3826d5a2501bf06ab2a2f2c8ab211cc846758f395df21684cb38313?s=96&d=mm&r=g","url":"https:\/\/secure.gravatar.com\/avatar\/69ecb836b3826d5a2501bf06ab2a2f2c8ab211cc846758f395df21684cb38313?s=96&d=mm&r=g","contentUrl":"https:\/\/secure.gravatar.com\/avatar\/69ecb836b3826d5a2501bf06ab2a2f2c8ab211cc846758f395df21684cb38313?s=96&d=mm&r=g","caption":"luis Camacho"},"url":"https:\/\/www.eldiario.net\/portal\/author\/luis\/"}]}},"_links":{"self":[{"href":"https:\/\/www.eldiario.net\/portal\/wp-json\/wp\/v2\/posts\/223778","targetHints":{"allow":["GET"]}}],"collection":[{"href":"https:\/\/www.eldiario.net\/portal\/wp-json\/wp\/v2\/posts"}],"about":[{"href":"https:\/\/www.eldiario.net\/portal\/wp-json\/wp\/v2\/types\/post"}],"author":[{"embeddable":true,"href":"https:\/\/www.eldiario.net\/portal\/wp-json\/wp\/v2\/users\/2"}],"replies":[{"embeddable":true,"href":"https:\/\/www.eldiario.net\/portal\/wp-json\/wp\/v2\/comments?post=223778"}],"version-history":[{"count":1,"href":"https:\/\/www.eldiario.net\/portal\/wp-json\/wp\/v2\/posts\/223778\/revisions"}],"predecessor-version":[{"id":223783,"href":"https:\/\/www.eldiario.net\/portal\/wp-json\/wp\/v2\/posts\/223778\/revisions\/223783"}],"wp:featuredmedia":[{"embeddable":true,"href":"https:\/\/www.eldiario.net\/portal\/wp-json\/wp\/v2\/media\/223779"}],"wp:attachment":[{"href":"https:\/\/www.eldiario.net\/portal\/wp-json\/wp\/v2\/media?parent=223778"}],"wp:term":[{"taxonomy":"category","embeddable":true,"href":"https:\/\/www.eldiario.net\/portal\/wp-json\/wp\/v2\/categories?post=223778"},{"taxonomy":"post_tag","embeddable":true,"href":"https:\/\/www.eldiario.net\/portal\/wp-json\/wp\/v2\/tags?post=223778"}],"curies":[{"name":"wp","href":"https:\/\/api.w.org\/{rel}","templated":true}]}}