{"id":223770,"date":"2024-05-29T06:21:46","date_gmt":"2024-05-29T10:21:46","guid":{"rendered":"https:\/\/www.eldiario.net\/portal\/?p=223770"},"modified":"2024-05-29T06:21:46","modified_gmt":"2024-05-29T10:21:46","slug":"nancy-ortiz-exalta-la-elegancia-de-la-mujer","status":"publish","type":"post","link":"https:\/\/www.eldiario.net\/portal\/2024\/05\/29\/nancy-ortiz-exalta-la-elegancia-de-la-mujer\/","title":{"rendered":"Nancy Ortiz exalta la elegancia de la mujer"},"content":{"rendered":"<p>Por Susana Guti\u00e9rrez<\/p>\n<p>La colecci\u00f3n pr\u00eat-\u00e0-porter primavera-verano 2024 de la dise\u00f1adora Nancy Ortiz destaca por el estilo y la elegancia de la mujer boliviana. En esta ocasi\u00f3n la experta en moda ha tomado como colores estrella el verde y el amarillo, son tonos que est\u00e1n en tendencia, confeccionados para todo tipo de acontecimientos sociales, bordados a mano y con plumas y pedrer\u00eda. Enterizos con escote elegante y cl\u00e1sico, faldas largas y mangas, con volados y vestidos largos sueltos con mangas.<\/p>\n<p>Con su estilo tan particular de saber vestir, la dise\u00f1adora, originaria de Santa Cruz, ha logrado posicionarse como una de las importantes referentes de la moda boliviana a nivel nacional e internacional. Sus dise\u00f1os han cautivado a las amantes de la elegancia, a quienes buscan lo exclusivo. Son creaciones que mezclan magistralmente la sofisticaci\u00f3n y la innovaci\u00f3n.<\/p>\n<p>A prop\u00f3sito de su colecci\u00f3n, Nancy destaca que es su m\u00e1s sincero reflejo del orgullo que siente por ser boliviana. \u201cCada uno de estos vestidos lleva impresa la esencia femenina, con un toque de frescura y elegancia que los vuelve \u00fanicos\u00bb, comenta.<\/p>\n<p>Una vez m\u00e1s, la dise\u00f1adora cruce\u00f1a demuestra por qu\u00e9 ha logrado consolidarse como una de las voces destacadas de la moda boliviana a nivel internacional. Sin duda, est\u00e1 demostrando que el dise\u00f1o de alta costura puede ser un veh\u00edculo para resaltar la belleza y el glamour femenino.<\/p>\n<p><strong>Cr\u00e9ditos:<\/strong><\/p>\n<p><strong>Modelos: Thais Montero y Karelia Carre\u00f1o <\/strong><\/p>\n<p><strong>Producci\u00f3n: Diego Guill\u00e9n<\/strong><\/p>\n<p><strong>Maquillaje: Alex Rojas<\/strong><\/p>\n<p><strong>Fotograf\u00edas: Reinaldo Sol\u00eds<\/strong><\/p>\n\r\n                <style type=\"text\/css\">\r\n                    \r\n                    #tdi_1  .td-doubleSlider-2 .td-item1 {\r\n                        background: url(https:\/\/www.eldiario.net\/portal\/wp-content\/uploads\/2024\/05\/NOTA-1-FOTO-1-4-80x60.jpg) 0 0 no-repeat;\r\n                    }\r\n                    #tdi_1  .td-doubleSlider-2 .td-item2 {\r\n                        background: url(https:\/\/www.eldiario.net\/portal\/wp-content\/uploads\/2024\/05\/NOTA-1-FOTO-2-2-80x60.jpg) 0 0 no-repeat;\r\n                    }\r\n                    #tdi_1  .td-doubleSlider-2 .td-item3 {\r\n                        background: url(https:\/\/www.eldiario.net\/portal\/wp-content\/uploads\/2024\/05\/NOTA-1-FOTO-3-2-80x60.jpg) 0 0 no-repeat;\r\n                    }\r\n                    #tdi_1  .td-doubleSlider-2 .td-item4 {\r\n                        background: url(https:\/\/www.eldiario.net\/portal\/wp-content\/uploads\/2024\/05\/NOTA-1-FOTO-4-1-80x60.jpg) 0 0 no-repeat;\r\n                    }\r\n                    #tdi_1  .td-doubleSlider-2 .td-item5 {\r\n                        background: url(https:\/\/www.eldiario.net\/portal\/wp-content\/uploads\/2024\/05\/NOTA-1-FOTO-5-80x60.jpg) 0 0 no-repeat;\r\n                    }\r\n                <\/style>\r\n\r\n                <div id=\"tdi_1\" class=\"td-gallery td-slide-on-2-columns\">\r\n                    <div class=\"post_td_gallery\">\r\n                        <div class=\"td-gallery-slide-top\">\r\n                           <div class=\"td-gallery-title\"><\/div>\r\n\r\n                            <div class=\"td-gallery-controls-wrapper\">\r\n                                <div class=\"td-gallery-slide-count\"><span class=\"td-gallery-slide-item-focus\">1<\/span> de 5<\/div>\r\n                                <div class=\"td-gallery-slide-prev-next-but\">\r\n                                    <i class = \"td-icon-left doubleSliderPrevButton\"><\/i>\r\n                                    <i class = \"td-icon-right doubleSliderNextButton\"><\/i>\r\n                                <\/div>\r\n                            <\/div>\r\n                        <\/div>\r\n\r\n                        <div class = \"td-doubleSlider-1 \">\r\n                            <div class = \"td-slider\">\r\n                                \r\n                    <div class = \"td-slide-item td-item1\">\r\n                        <figure class=\"td-slide-galery-figure td-slide-popup-gallery\">\r\n                            <a class=\"slide-gallery-image-link\" href=\"https:\/\/www.eldiario.net\/portal\/wp-content\/uploads\/2024\/05\/NOTA-1-FOTO-1-4.jpg\" title=\"NOTA 1 FOTO 1\"  data-caption=\"\"  data-description=\"\">\r\n                                <img decoding=\"async\" src=\"https:\/\/www.eldiario.net\/portal\/wp-content\/uploads\/2024\/05\/NOTA-1-FOTO-1-4-336x420.jpg\" srcset=\"https:\/\/www.eldiario.net\/portal\/wp-content\/uploads\/2024\/05\/NOTA-1-FOTO-1-4-336x420.jpg 336w, https:\/\/www.eldiario.net\/portal\/wp-content\/uploads\/2024\/05\/NOTA-1-FOTO-1-4-240x300.jpg 240w, https:\/\/www.eldiario.net\/portal\/wp-content\/uploads\/2024\/05\/NOTA-1-FOTO-1-4-819x1024.jpg 819w, https:\/\/www.eldiario.net\/portal\/wp-content\/uploads\/2024\/05\/NOTA-1-FOTO-1-4-768x960.jpg 768w, https:\/\/www.eldiario.net\/portal\/wp-content\/uploads\/2024\/05\/NOTA-1-FOTO-1-4-696x870.jpg 696w, https:\/\/www.eldiario.net\/portal\/wp-content\/uploads\/2024\/05\/NOTA-1-FOTO-1-4.jpg 1000w\" sizes=\"(max-width: 336px) 100vw, 336px\" alt=\"\">\r\n                            <\/a>\r\n                            \r\n                        <\/figure>\r\n                    <\/div>\r\n                    <div class = \"td-slide-item td-item2\">\r\n                        <figure class=\"td-slide-galery-figure td-slide-popup-gallery\">\r\n                            <a class=\"slide-gallery-image-link\" href=\"https:\/\/www.eldiario.net\/portal\/wp-content\/uploads\/2024\/05\/NOTA-1-FOTO-2-2.jpg\" title=\"NOTA 1 FOTO 2\"  data-caption=\"\"  data-description=\"\">\r\n                                <img decoding=\"async\" src=\"https:\/\/www.eldiario.net\/portal\/wp-content\/uploads\/2024\/05\/NOTA-1-FOTO-2-2-336x420.jpg\" srcset=\"https:\/\/www.eldiario.net\/portal\/wp-content\/uploads\/2024\/05\/NOTA-1-FOTO-2-2-336x420.jpg 336w, https:\/\/www.eldiario.net\/portal\/wp-content\/uploads\/2024\/05\/NOTA-1-FOTO-2-2-240x300.jpg 240w, https:\/\/www.eldiario.net\/portal\/wp-content\/uploads\/2024\/05\/NOTA-1-FOTO-2-2-819x1024.jpg 819w, https:\/\/www.eldiario.net\/portal\/wp-content\/uploads\/2024\/05\/NOTA-1-FOTO-2-2-768x960.jpg 768w, https:\/\/www.eldiario.net\/portal\/wp-content\/uploads\/2024\/05\/NOTA-1-FOTO-2-2-696x870.jpg 696w, https:\/\/www.eldiario.net\/portal\/wp-content\/uploads\/2024\/05\/NOTA-1-FOTO-2-2.jpg 1000w\" sizes=\"(max-width: 336px) 100vw, 336px\" alt=\"\">\r\n                            <\/a>\r\n                            \r\n                        <\/figure>\r\n                    <\/div>\r\n                    <div class = \"td-slide-item td-item3\">\r\n                        <figure class=\"td-slide-galery-figure td-slide-popup-gallery\">\r\n                            <a class=\"slide-gallery-image-link\" href=\"https:\/\/www.eldiario.net\/portal\/wp-content\/uploads\/2024\/05\/NOTA-1-FOTO-3-2.jpg\" title=\"NOTA 1 FOTO 3\"  data-caption=\"\"  data-description=\"\">\r\n                                <img decoding=\"async\" src=\"https:\/\/www.eldiario.net\/portal\/wp-content\/uploads\/2024\/05\/NOTA-1-FOTO-3-2-336x420.jpg\" srcset=\"https:\/\/www.eldiario.net\/portal\/wp-content\/uploads\/2024\/05\/NOTA-1-FOTO-3-2-336x420.jpg 336w, https:\/\/www.eldiario.net\/portal\/wp-content\/uploads\/2024\/05\/NOTA-1-FOTO-3-2-240x300.jpg 240w, https:\/\/www.eldiario.net\/portal\/wp-content\/uploads\/2024\/05\/NOTA-1-FOTO-3-2-819x1024.jpg 819w, https:\/\/www.eldiario.net\/portal\/wp-content\/uploads\/2024\/05\/NOTA-1-FOTO-3-2-768x960.jpg 768w, https:\/\/www.eldiario.net\/portal\/wp-content\/uploads\/2024\/05\/NOTA-1-FOTO-3-2-696x870.jpg 696w, https:\/\/www.eldiario.net\/portal\/wp-content\/uploads\/2024\/05\/NOTA-1-FOTO-3-2.jpg 1000w\" sizes=\"(max-width: 336px) 100vw, 336px\" alt=\"\">\r\n                            <\/a>\r\n                            \r\n                        <\/figure>\r\n                    <\/div>\r\n                    <div class = \"td-slide-item td-item4\">\r\n                        <figure class=\"td-slide-galery-figure td-slide-popup-gallery\">\r\n                            <a class=\"slide-gallery-image-link\" href=\"https:\/\/www.eldiario.net\/portal\/wp-content\/uploads\/2024\/05\/NOTA-1-FOTO-4-1.jpg\" title=\"NOTA 1 FOTO 4\"  data-caption=\"\"  data-description=\"\">\r\n                                <img decoding=\"async\" src=\"https:\/\/www.eldiario.net\/portal\/wp-content\/uploads\/2024\/05\/NOTA-1-FOTO-4-1-336x420.jpg\" srcset=\"https:\/\/www.eldiario.net\/portal\/wp-content\/uploads\/2024\/05\/NOTA-1-FOTO-4-1-336x420.jpg 336w, https:\/\/www.eldiario.net\/portal\/wp-content\/uploads\/2024\/05\/NOTA-1-FOTO-4-1-240x300.jpg 240w, https:\/\/www.eldiario.net\/portal\/wp-content\/uploads\/2024\/05\/NOTA-1-FOTO-4-1-819x1024.jpg 819w, https:\/\/www.eldiario.net\/portal\/wp-content\/uploads\/2024\/05\/NOTA-1-FOTO-4-1-768x960.jpg 768w, https:\/\/www.eldiario.net\/portal\/wp-content\/uploads\/2024\/05\/NOTA-1-FOTO-4-1-696x870.jpg 696w, https:\/\/www.eldiario.net\/portal\/wp-content\/uploads\/2024\/05\/NOTA-1-FOTO-4-1.jpg 1000w\" sizes=\"(max-width: 336px) 100vw, 336px\" alt=\"\">\r\n                            <\/a>\r\n                            \r\n                        <\/figure>\r\n                    <\/div>\r\n                    <div class = \"td-slide-item td-item5\">\r\n                        <figure class=\"td-slide-galery-figure td-slide-popup-gallery\">\r\n                            <a class=\"slide-gallery-image-link\" href=\"https:\/\/www.eldiario.net\/portal\/wp-content\/uploads\/2024\/05\/NOTA-1-FOTO-5.jpg\" title=\"NOTA 1 FOTO 5\"  data-caption=\"\"  data-description=\"\">\r\n                                <img decoding=\"async\" src=\"https:\/\/www.eldiario.net\/portal\/wp-content\/uploads\/2024\/05\/NOTA-1-FOTO-5-336x420.jpg\" srcset=\"https:\/\/www.eldiario.net\/portal\/wp-content\/uploads\/2024\/05\/NOTA-1-FOTO-5-336x420.jpg 336w, https:\/\/www.eldiario.net\/portal\/wp-content\/uploads\/2024\/05\/NOTA-1-FOTO-5-240x300.jpg 240w, https:\/\/www.eldiario.net\/portal\/wp-content\/uploads\/2024\/05\/NOTA-1-FOTO-5-819x1024.jpg 819w, https:\/\/www.eldiario.net\/portal\/wp-content\/uploads\/2024\/05\/NOTA-1-FOTO-5-768x960.jpg 768w, https:\/\/www.eldiario.net\/portal\/wp-content\/uploads\/2024\/05\/NOTA-1-FOTO-5-696x870.jpg 696w, https:\/\/www.eldiario.net\/portal\/wp-content\/uploads\/2024\/05\/NOTA-1-FOTO-5.jpg 1000w\" sizes=\"(max-width: 336px) 100vw, 336px\" alt=\"\">\r\n                            <\/a>\r\n                            \r\n                        <\/figure>\r\n                    <\/div>\r\n                            <\/div>\r\n                        <\/div>\r\n\r\n                        <div class = \"td-doubleSlider-2\">\r\n                            <div class = \"td-slider\">\r\n                                \r\n                    <div class = \"td-button td-item1\">\r\n                        <div class = \"td-border\"><\/div>\r\n                    <\/div>\r\n                    <div class = \"td-button td-item2\">\r\n                        <div class = \"td-border\"><\/div>\r\n                    <\/div>\r\n                    <div class = \"td-button td-item3\">\r\n                        <div class = \"td-border\"><\/div>\r\n                    <\/div>\r\n                    <div class = \"td-button td-item4\">\r\n                        <div class = \"td-border\"><\/div>\r\n                    <\/div>\r\n                    <div class = \"td-button td-item5\">\r\n                        <div class = \"td-border\"><\/div>\r\n                    <\/div>\r\n                            <\/div>\r\n                        <\/div>\r\n\r\n                    <\/div>\r\n\r\n                <\/div>\r\n                \n","protected":false},"excerpt":{"rendered":"<p>Por Susana Guti\u00e9rrez La colecci\u00f3n pr\u00eat-\u00e0-porter primavera-verano 2024 de la dise\u00f1adora Nancy Ortiz destaca por el estilo y la elegancia de la mujer boliviana. En esta ocasi\u00f3n la experta en moda ha tomado como colores estrella el verde y el amarillo, son tonos que est\u00e1n en tendencia, confeccionados para todo tipo de acontecimientos sociales, bordados [&hellip;]<\/p>\n","protected":false},"author":1,"featured_media":223771,"comment_status":"open","ping_status":"open","sticky":false,"template":"","format":"standard","meta":{"_acf_changed":false,"footnotes":""},"categories":[42],"tags":[],"class_list":["post-223770","post","type-post","status-publish","format-standard","has-post-thumbnail","category-femenina"],"acf":{"antetitulo":"Moda"},"yoast_head":"<!-- This site is optimized with the Yoast SEO plugin v28.4 - https:\/\/yoast.com\/product\/yoast-seo-wordpress\/ -->\n<title>Nancy Ortiz exalta la elegancia de la mujer - El Diario - Bolivia<\/title>\n<meta name=\"robots\" content=\"index, follow, max-snippet:-1, max-image-preview:large, max-video-preview:-1\" \/>\n<link rel=\"canonical\" href=\"https:\/\/www.eldiario.net\/portal\/2024\/05\/29\/nancy-ortiz-exalta-la-elegancia-de-la-mujer\/\" \/>\n<meta property=\"og:locale\" content=\"es_ES\" \/>\n<meta property=\"og:type\" content=\"article\" \/>\n<meta property=\"og:title\" content=\"Nancy Ortiz exalta la elegancia de la mujer - El Diario - Bolivia\" \/>\n<meta property=\"og:description\" content=\"Por Susana Guti\u00e9rrez La colecci\u00f3n pr\u00eat-\u00e0-porter primavera-verano 2024 de la dise\u00f1adora Nancy Ortiz destaca por el estilo y la elegancia de la mujer boliviana. En esta ocasi\u00f3n la experta en moda ha tomado como colores estrella el verde y el amarillo, son tonos que est\u00e1n en tendencia, confeccionados para todo tipo de acontecimientos sociales, bordados [&hellip;]\" \/>\n<meta property=\"og:url\" content=\"https:\/\/www.eldiario.net\/portal\/2024\/05\/29\/nancy-ortiz-exalta-la-elegancia-de-la-mujer\/\" \/>\n<meta property=\"og:site_name\" content=\"El Diario - Bolivia\" \/>\n<meta property=\"article:publisher\" content=\"https:\/\/www.facebook.com\/eldiario.bolivia\/\" \/>\n<meta property=\"article:published_time\" content=\"2024-05-29T10:21:46+00:00\" \/>\n<meta property=\"og:image\" content=\"https:\/\/www.eldiario.net\/portal\/wp-content\/uploads\/2024\/05\/NOTA-1-FOTO-1-4.jpg\" \/>\n\t<meta property=\"og:image:width\" content=\"1000\" \/>\n\t<meta property=\"og:image:height\" content=\"1250\" \/>\n\t<meta property=\"og:image:type\" content=\"image\/jpeg\" \/>\n<meta name=\"author\" content=\"Jeanette\" \/>\n<meta name=\"twitter:card\" content=\"summary_large_image\" \/>\n<meta name=\"twitter:creator\" content=\"@eldiario_net\" \/>\n<meta name=\"twitter:site\" content=\"@eldiario_net\" \/>\n<meta name=\"twitter:label1\" content=\"Escrito por\" \/>\n\t<meta name=\"twitter:data1\" content=\"Jeanette\" \/>\n\t<meta name=\"twitter:label2\" content=\"Tiempo de lectura\" \/>\n\t<meta name=\"twitter:data2\" content=\"2 minutos\" \/>\n<script type=\"application\/ld+json\" class=\"yoast-schema-graph\">{\"@context\":\"https:\\\/\\\/schema.org\",\"@graph\":[{\"@type\":\"Article\",\"@id\":\"https:\\\/\\\/www.eldiario.net\\\/portal\\\/2024\\\/05\\\/29\\\/nancy-ortiz-exalta-la-elegancia-de-la-mujer\\\/#article\",\"isPartOf\":{\"@id\":\"https:\\\/\\\/www.eldiario.net\\\/portal\\\/2024\\\/05\\\/29\\\/nancy-ortiz-exalta-la-elegancia-de-la-mujer\\\/\"},\"author\":{\"name\":\"Jeanette\",\"@id\":\"https:\\\/\\\/www.eldiario.net\\\/portal\\\/#\\\/schema\\\/person\\\/2c57cf2b7a7ae032e449e4c9b1019eac\"},\"headline\":\"Nancy Ortiz exalta la elegancia de la mujer\",\"datePublished\":\"2024-05-29T10:21:46+00:00\",\"mainEntityOfPage\":{\"@id\":\"https:\\\/\\\/www.eldiario.net\\\/portal\\\/2024\\\/05\\\/29\\\/nancy-ortiz-exalta-la-elegancia-de-la-mujer\\\/\"},\"wordCount\":285,\"commentCount\":0,\"publisher\":{\"@id\":\"https:\\\/\\\/www.eldiario.net\\\/portal\\\/#organization\"},\"image\":{\"@id\":\"https:\\\/\\\/www.eldiario.net\\\/portal\\\/2024\\\/05\\\/29\\\/nancy-ortiz-exalta-la-elegancia-de-la-mujer\\\/#primaryimage\"},\"thumbnailUrl\":\"https:\\\/\\\/www.eldiario.net\\\/portal\\\/wp-content\\\/uploads\\\/2024\\\/05\\\/NOTA-1-FOTO-1-4.jpg\",\"articleSection\":[\"Femenina\"],\"inLanguage\":\"es\",\"potentialAction\":[{\"@type\":\"CommentAction\",\"name\":\"Comment\",\"target\":[\"https:\\\/\\\/www.eldiario.net\\\/portal\\\/2024\\\/05\\\/29\\\/nancy-ortiz-exalta-la-elegancia-de-la-mujer\\\/#respond\"]}]},{\"@type\":\"WebPage\",\"@id\":\"https:\\\/\\\/www.eldiario.net\\\/portal\\\/2024\\\/05\\\/29\\\/nancy-ortiz-exalta-la-elegancia-de-la-mujer\\\/\",\"url\":\"https:\\\/\\\/www.eldiario.net\\\/portal\\\/2024\\\/05\\\/29\\\/nancy-ortiz-exalta-la-elegancia-de-la-mujer\\\/\",\"name\":\"Nancy Ortiz exalta la elegancia de la mujer - El Diario - Bolivia\",\"isPartOf\":{\"@id\":\"https:\\\/\\\/www.eldiario.net\\\/portal\\\/#website\"},\"primaryImageOfPage\":{\"@id\":\"https:\\\/\\\/www.eldiario.net\\\/portal\\\/2024\\\/05\\\/29\\\/nancy-ortiz-exalta-la-elegancia-de-la-mujer\\\/#primaryimage\"},\"image\":{\"@id\":\"https:\\\/\\\/www.eldiario.net\\\/portal\\\/2024\\\/05\\\/29\\\/nancy-ortiz-exalta-la-elegancia-de-la-mujer\\\/#primaryimage\"},\"thumbnailUrl\":\"https:\\\/\\\/www.eldiario.net\\\/portal\\\/wp-content\\\/uploads\\\/2024\\\/05\\\/NOTA-1-FOTO-1-4.jpg\",\"datePublished\":\"2024-05-29T10:21:46+00:00\",\"breadcrumb\":{\"@id\":\"https:\\\/\\\/www.eldiario.net\\\/portal\\\/2024\\\/05\\\/29\\\/nancy-ortiz-exalta-la-elegancia-de-la-mujer\\\/#breadcrumb\"},\"inLanguage\":\"es\",\"potentialAction\":[{\"@type\":\"ReadAction\",\"target\":[\"https:\\\/\\\/www.eldiario.net\\\/portal\\\/2024\\\/05\\\/29\\\/nancy-ortiz-exalta-la-elegancia-de-la-mujer\\\/\"]}]},{\"@type\":\"ImageObject\",\"inLanguage\":\"es\",\"@id\":\"https:\\\/\\\/www.eldiario.net\\\/portal\\\/2024\\\/05\\\/29\\\/nancy-ortiz-exalta-la-elegancia-de-la-mujer\\\/#primaryimage\",\"url\":\"https:\\\/\\\/www.eldiario.net\\\/portal\\\/wp-content\\\/uploads\\\/2024\\\/05\\\/NOTA-1-FOTO-1-4.jpg\",\"contentUrl\":\"https:\\\/\\\/www.eldiario.net\\\/portal\\\/wp-content\\\/uploads\\\/2024\\\/05\\\/NOTA-1-FOTO-1-4.jpg\",\"width\":1000,\"height\":1250},{\"@type\":\"BreadcrumbList\",\"@id\":\"https:\\\/\\\/www.eldiario.net\\\/portal\\\/2024\\\/05\\\/29\\\/nancy-ortiz-exalta-la-elegancia-de-la-mujer\\\/#breadcrumb\",\"itemListElement\":[{\"@type\":\"ListItem\",\"position\":1,\"name\":\"Portada\",\"item\":\"https:\\\/\\\/www.eldiario.net\\\/portal\\\/\"},{\"@type\":\"ListItem\",\"position\":2,\"name\":\"Nancy Ortiz exalta la elegancia de la mujer\"}]},{\"@type\":\"WebSite\",\"@id\":\"https:\\\/\\\/www.eldiario.net\\\/portal\\\/#website\",\"url\":\"https:\\\/\\\/www.eldiario.net\\\/portal\\\/\",\"name\":\"El Diario - Decano de la prensa nacional\",\"description\":\"El Diario - Decano de la prensa nacional\",\"publisher\":{\"@id\":\"https:\\\/\\\/www.eldiario.net\\\/portal\\\/#organization\"},\"potentialAction\":[{\"@type\":\"SearchAction\",\"target\":{\"@type\":\"EntryPoint\",\"urlTemplate\":\"https:\\\/\\\/www.eldiario.net\\\/portal\\\/?s={search_term_string}\"},\"query-input\":{\"@type\":\"PropertyValueSpecification\",\"valueRequired\":true,\"valueName\":\"search_term_string\"}}],\"inLanguage\":\"es\"},{\"@type\":\"Organization\",\"@id\":\"https:\\\/\\\/www.eldiario.net\\\/portal\\\/#organization\",\"name\":\"El Diario - Decano de la prensa nacional\",\"url\":\"https:\\\/\\\/www.eldiario.net\\\/portal\\\/\",\"logo\":{\"@type\":\"ImageObject\",\"inLanguage\":\"es\",\"@id\":\"https:\\\/\\\/www.eldiario.net\\\/portal\\\/#\\\/schema\\\/logo\\\/image\\\/\",\"url\":\"https:\\\/\\\/www.eldiario.net\\\/portal\\\/wp-content\\\/uploads\\\/2023\\\/07\\\/logo_ED.jpg\",\"contentUrl\":\"https:\\\/\\\/www.eldiario.net\\\/portal\\\/wp-content\\\/uploads\\\/2023\\\/07\\\/logo_ED.jpg\",\"width\":272,\"height\":52,\"caption\":\"El Diario - Decano de la prensa nacional\"},\"image\":{\"@id\":\"https:\\\/\\\/www.eldiario.net\\\/portal\\\/#\\\/schema\\\/logo\\\/image\\\/\"},\"sameAs\":[\"https:\\\/\\\/www.facebook.com\\\/eldiario.bolivia\\\/\",\"https:\\\/\\\/x.com\\\/eldiario_net\"]},{\"@type\":\"Person\",\"@id\":\"https:\\\/\\\/www.eldiario.net\\\/portal\\\/#\\\/schema\\\/person\\\/2c57cf2b7a7ae032e449e4c9b1019eac\",\"name\":\"Jeanette\",\"image\":{\"@type\":\"ImageObject\",\"inLanguage\":\"es\",\"@id\":\"https:\\\/\\\/secure.gravatar.com\\\/avatar\\\/3ea2118a5f7dad2b7138b1187a6b7ee55f160b9968b66013c3a3ef39dd7e5798?s=96&d=mm&r=g\",\"url\":\"https:\\\/\\\/secure.gravatar.com\\\/avatar\\\/3ea2118a5f7dad2b7138b1187a6b7ee55f160b9968b66013c3a3ef39dd7e5798?s=96&d=mm&r=g\",\"contentUrl\":\"https:\\\/\\\/secure.gravatar.com\\\/avatar\\\/3ea2118a5f7dad2b7138b1187a6b7ee55f160b9968b66013c3a3ef39dd7e5798?s=96&d=mm&r=g\",\"caption\":\"Jeanette\"},\"sameAs\":[\"https:\\\/\\\/www.eldiario.net\\\/portal\"],\"url\":\"https:\\\/\\\/www.eldiario.net\\\/portal\\\/author\\\/jeanette\\\/\"}]}<\/script>\n<!-- \/ Yoast SEO plugin. -->","yoast_head_json":{"title":"Nancy Ortiz exalta la elegancia de la mujer - El Diario - Bolivia","robots":{"index":"index","follow":"follow","max-snippet":"max-snippet:-1","max-image-preview":"max-image-preview:large","max-video-preview":"max-video-preview:-1"},"canonical":"https:\/\/www.eldiario.net\/portal\/2024\/05\/29\/nancy-ortiz-exalta-la-elegancia-de-la-mujer\/","og_locale":"es_ES","og_type":"article","og_title":"Nancy Ortiz exalta la elegancia de la mujer - El Diario - Bolivia","og_description":"Por Susana Guti\u00e9rrez La colecci\u00f3n pr\u00eat-\u00e0-porter primavera-verano 2024 de la dise\u00f1adora Nancy Ortiz destaca por el estilo y la elegancia de la mujer boliviana. En esta ocasi\u00f3n la experta en moda ha tomado como colores estrella el verde y el amarillo, son tonos que est\u00e1n en tendencia, confeccionados para todo tipo de acontecimientos sociales, bordados [&hellip;]","og_url":"https:\/\/www.eldiario.net\/portal\/2024\/05\/29\/nancy-ortiz-exalta-la-elegancia-de-la-mujer\/","og_site_name":"El Diario - Bolivia","article_publisher":"https:\/\/www.facebook.com\/eldiario.bolivia\/","article_published_time":"2024-05-29T10:21:46+00:00","og_image":[{"width":1000,"height":1250,"url":"https:\/\/www.eldiario.net\/portal\/wp-content\/uploads\/2024\/05\/NOTA-1-FOTO-1-4.jpg","type":"image\/jpeg"}],"author":"Jeanette","twitter_card":"summary_large_image","twitter_creator":"@eldiario_net","twitter_site":"@eldiario_net","twitter_misc":{"Escrito por":"Jeanette","Tiempo de lectura":"2 minutos"},"schema":{"@context":"https:\/\/schema.org","@graph":[{"@type":"Article","@id":"https:\/\/www.eldiario.net\/portal\/2024\/05\/29\/nancy-ortiz-exalta-la-elegancia-de-la-mujer\/#article","isPartOf":{"@id":"https:\/\/www.eldiario.net\/portal\/2024\/05\/29\/nancy-ortiz-exalta-la-elegancia-de-la-mujer\/"},"author":{"name":"Jeanette","@id":"https:\/\/www.eldiario.net\/portal\/#\/schema\/person\/2c57cf2b7a7ae032e449e4c9b1019eac"},"headline":"Nancy Ortiz exalta la elegancia de la mujer","datePublished":"2024-05-29T10:21:46+00:00","mainEntityOfPage":{"@id":"https:\/\/www.eldiario.net\/portal\/2024\/05\/29\/nancy-ortiz-exalta-la-elegancia-de-la-mujer\/"},"wordCount":285,"commentCount":0,"publisher":{"@id":"https:\/\/www.eldiario.net\/portal\/#organization"},"image":{"@id":"https:\/\/www.eldiario.net\/portal\/2024\/05\/29\/nancy-ortiz-exalta-la-elegancia-de-la-mujer\/#primaryimage"},"thumbnailUrl":"https:\/\/www.eldiario.net\/portal\/wp-content\/uploads\/2024\/05\/NOTA-1-FOTO-1-4.jpg","articleSection":["Femenina"],"inLanguage":"es","potentialAction":[{"@type":"CommentAction","name":"Comment","target":["https:\/\/www.eldiario.net\/portal\/2024\/05\/29\/nancy-ortiz-exalta-la-elegancia-de-la-mujer\/#respond"]}]},{"@type":"WebPage","@id":"https:\/\/www.eldiario.net\/portal\/2024\/05\/29\/nancy-ortiz-exalta-la-elegancia-de-la-mujer\/","url":"https:\/\/www.eldiario.net\/portal\/2024\/05\/29\/nancy-ortiz-exalta-la-elegancia-de-la-mujer\/","name":"Nancy Ortiz exalta la elegancia de la mujer - El Diario - Bolivia","isPartOf":{"@id":"https:\/\/www.eldiario.net\/portal\/#website"},"primaryImageOfPage":{"@id":"https:\/\/www.eldiario.net\/portal\/2024\/05\/29\/nancy-ortiz-exalta-la-elegancia-de-la-mujer\/#primaryimage"},"image":{"@id":"https:\/\/www.eldiario.net\/portal\/2024\/05\/29\/nancy-ortiz-exalta-la-elegancia-de-la-mujer\/#primaryimage"},"thumbnailUrl":"https:\/\/www.eldiario.net\/portal\/wp-content\/uploads\/2024\/05\/NOTA-1-FOTO-1-4.jpg","datePublished":"2024-05-29T10:21:46+00:00","breadcrumb":{"@id":"https:\/\/www.eldiario.net\/portal\/2024\/05\/29\/nancy-ortiz-exalta-la-elegancia-de-la-mujer\/#breadcrumb"},"inLanguage":"es","potentialAction":[{"@type":"ReadAction","target":["https:\/\/www.eldiario.net\/portal\/2024\/05\/29\/nancy-ortiz-exalta-la-elegancia-de-la-mujer\/"]}]},{"@type":"ImageObject","inLanguage":"es","@id":"https:\/\/www.eldiario.net\/portal\/2024\/05\/29\/nancy-ortiz-exalta-la-elegancia-de-la-mujer\/#primaryimage","url":"https:\/\/www.eldiario.net\/portal\/wp-content\/uploads\/2024\/05\/NOTA-1-FOTO-1-4.jpg","contentUrl":"https:\/\/www.eldiario.net\/portal\/wp-content\/uploads\/2024\/05\/NOTA-1-FOTO-1-4.jpg","width":1000,"height":1250},{"@type":"BreadcrumbList","@id":"https:\/\/www.eldiario.net\/portal\/2024\/05\/29\/nancy-ortiz-exalta-la-elegancia-de-la-mujer\/#breadcrumb","itemListElement":[{"@type":"ListItem","position":1,"name":"Portada","item":"https:\/\/www.eldiario.net\/portal\/"},{"@type":"ListItem","position":2,"name":"Nancy Ortiz exalta la elegancia de la mujer"}]},{"@type":"WebSite","@id":"https:\/\/www.eldiario.net\/portal\/#website","url":"https:\/\/www.eldiario.net\/portal\/","name":"El Diario - Decano de la prensa nacional","description":"El Diario - Decano de la prensa nacional","publisher":{"@id":"https:\/\/www.eldiario.net\/portal\/#organization"},"potentialAction":[{"@type":"SearchAction","target":{"@type":"EntryPoint","urlTemplate":"https:\/\/www.eldiario.net\/portal\/?s={search_term_string}"},"query-input":{"@type":"PropertyValueSpecification","valueRequired":true,"valueName":"search_term_string"}}],"inLanguage":"es"},{"@type":"Organization","@id":"https:\/\/www.eldiario.net\/portal\/#organization","name":"El Diario - Decano de la prensa nacional","url":"https:\/\/www.eldiario.net\/portal\/","logo":{"@type":"ImageObject","inLanguage":"es","@id":"https:\/\/www.eldiario.net\/portal\/#\/schema\/logo\/image\/","url":"https:\/\/www.eldiario.net\/portal\/wp-content\/uploads\/2023\/07\/logo_ED.jpg","contentUrl":"https:\/\/www.eldiario.net\/portal\/wp-content\/uploads\/2023\/07\/logo_ED.jpg","width":272,"height":52,"caption":"El Diario - Decano de la prensa nacional"},"image":{"@id":"https:\/\/www.eldiario.net\/portal\/#\/schema\/logo\/image\/"},"sameAs":["https:\/\/www.facebook.com\/eldiario.bolivia\/","https:\/\/x.com\/eldiario_net"]},{"@type":"Person","@id":"https:\/\/www.eldiario.net\/portal\/#\/schema\/person\/2c57cf2b7a7ae032e449e4c9b1019eac","name":"Jeanette","image":{"@type":"ImageObject","inLanguage":"es","@id":"https:\/\/secure.gravatar.com\/avatar\/3ea2118a5f7dad2b7138b1187a6b7ee55f160b9968b66013c3a3ef39dd7e5798?s=96&d=mm&r=g","url":"https:\/\/secure.gravatar.com\/avatar\/3ea2118a5f7dad2b7138b1187a6b7ee55f160b9968b66013c3a3ef39dd7e5798?s=96&d=mm&r=g","contentUrl":"https:\/\/secure.gravatar.com\/avatar\/3ea2118a5f7dad2b7138b1187a6b7ee55f160b9968b66013c3a3ef39dd7e5798?s=96&d=mm&r=g","caption":"Jeanette"},"sameAs":["https:\/\/www.eldiario.net\/portal"],"url":"https:\/\/www.eldiario.net\/portal\/author\/jeanette\/"}]}},"_links":{"self":[{"href":"https:\/\/www.eldiario.net\/portal\/wp-json\/wp\/v2\/posts\/223770","targetHints":{"allow":["GET"]}}],"collection":[{"href":"https:\/\/www.eldiario.net\/portal\/wp-json\/wp\/v2\/posts"}],"about":[{"href":"https:\/\/www.eldiario.net\/portal\/wp-json\/wp\/v2\/types\/post"}],"author":[{"embeddable":true,"href":"https:\/\/www.eldiario.net\/portal\/wp-json\/wp\/v2\/users\/1"}],"replies":[{"embeddable":true,"href":"https:\/\/www.eldiario.net\/portal\/wp-json\/wp\/v2\/comments?post=223770"}],"version-history":[{"count":1,"href":"https:\/\/www.eldiario.net\/portal\/wp-json\/wp\/v2\/posts\/223770\/revisions"}],"predecessor-version":[{"id":223776,"href":"https:\/\/www.eldiario.net\/portal\/wp-json\/wp\/v2\/posts\/223770\/revisions\/223776"}],"wp:featuredmedia":[{"embeddable":true,"href":"https:\/\/www.eldiario.net\/portal\/wp-json\/wp\/v2\/media\/223771"}],"wp:attachment":[{"href":"https:\/\/www.eldiario.net\/portal\/wp-json\/wp\/v2\/media?parent=223770"}],"wp:term":[{"taxonomy":"category","embeddable":true,"href":"https:\/\/www.eldiario.net\/portal\/wp-json\/wp\/v2\/categories?post=223770"},{"taxonomy":"post_tag","embeddable":true,"href":"https:\/\/www.eldiario.net\/portal\/wp-json\/wp\/v2\/tags?post=223770"}],"curies":[{"name":"wp","href":"https:\/\/api.w.org\/{rel}","templated":true}]}}