{"id":223766,"date":"2024-05-29T06:20:23","date_gmt":"2024-05-29T10:20:23","guid":{"rendered":"https:\/\/www.eldiario.net\/portal\/?p=223766"},"modified":"2024-05-29T06:20:23","modified_gmt":"2024-05-29T10:20:23","slug":"menstruacion-y-tabues-no-combinan","status":"publish","type":"post","link":"https:\/\/www.eldiario.net\/portal\/2024\/05\/29\/menstruacion-y-tabues-no-combinan\/","title":{"rendered":"Menstruaci\u00f3n y tab\u00faes: no combinan"},"content":{"rendered":"<p>Por Mar\u00eda Laura Tapia<\/p>\n<p>&nbsp;<\/p>\n<ul>\n<li><em>Muchas ni\u00f1as no reciben informaci\u00f3n de la menstruaci\u00f3n la primera vez que lo experimentan. Esto es importante <\/em><\/li>\n<\/ul>\n<p>El ciclo menstrual, una parte natural de la vida de todas las mujeres, ha sido injustamente estigmatizado a lo largo de la historia, releg\u00e1ndolo a un tema tab\u00fa. Dos de cada tres ni\u00f1as prefieren no asistir al colegio por miedo a mancharse y seis de cada diez no hablan del tema con sus familiares o amistades, seg\u00fan datos de Plan International. Esta percepci\u00f3n negativa, debido a la falta de informaci\u00f3n adecuada, no solo aumenta el estigma, sino que tambi\u00e9n impacta negativamente en la educaci\u00f3n, la salud y el estatus social de mujeres y ni\u00f1as, impidiendo que alcancen su m\u00e1ximo potencial.<\/p>\n<p>El estigma asociado con la menstruaci\u00f3n y la falta de educaci\u00f3n menstrual tiene consecuencias tangibles: ni\u00f1as que faltan a la escuela debido a la verg\u00fcenza, el acoso escolar o la falta de acceso a productos adecuados interrumpen su aprendizaje y ven reducidas sus oportunidades. Adem\u00e1s, los mitos y estigmas pueden excluir a las mujeres de espacios compartidos, limitando su participaci\u00f3n social. Incluso puede limitar su experiencia deportiva como asistir a la piscina o playas.<\/p>\n<p>Por ello, iniciativas como el D\u00eda Internacional de la Higiene Menstrual son cruciales. \u00bfPor qu\u00e9 se celebra cada 28 de mayo? Pues porque los ciclos menstruales tienen una duraci\u00f3n media de 28 d\u00edas, y porque las mujeres menstr\u00faan 5 d\u00edas al mes como promedio. Esta fecha re\u00fane a diversas entidades para promover la salud menstrual sin estigmas ni barreras, fomentando conversaciones y acciones concretas para garantizar el acceso a productos higi\u00e9nicos seguros y asequibles.<\/p>\n<p>Es importante desafiar los estigmas y tab\u00faes relacionados con la menstruaci\u00f3n y garantizar que todas las mujeres y ni\u00f1as tengan acceso a la informaci\u00f3n y productos necesarios con dignidad y confianza. Esta lucha no es exclusiva de empresas u organizaciones, sino de toda la sociedad, que debe crear un entorno, donde la menstruaci\u00f3n sea vista como algo normal y natural.<\/p>\n<p>Como madre de dos hijas adolescentes y parte de Kotex, una marca comprometida a defender el progreso de las mujeres, con el objetivo de que el periodo nunca se interponga en \u00e9l hago un llamado a todos para unirse, y juntos crear de un mundo amigable con el periodo. Rompamos el silencio y fomentemos un espacio para que m\u00e1s ni\u00f1as puedan gestionar su menstruaci\u00f3n de manera segura y digna. Sigamos defendiendo el progreso y asegur\u00e9monos que todas las mujeres y ni\u00f1as tengan la oportunidad de brillar, con o sin periodo.<\/p>\n<p><strong>Sobre Mar\u00eda Laura Tapia<\/strong><\/p>\n<p>Profesional con m\u00e1s de 12 a\u00f1os de experiencia en Marketing y ventas en empresas nacionales y multinacionales, actualmente se desempe\u00f1a como gerente de Trade Marketing en Kimberly-Clark Bolivia.<\/p>\n\r\n                <style type=\"text\/css\">\r\n                    \r\n                    #tdi_1  .td-doubleSlider-2 .td-item1 {\r\n                        background: url(https:\/\/www.eldiario.net\/portal\/wp-content\/uploads\/2024\/05\/NOTA-2-FOTO-1-2-80x60.jpg) 0 0 no-repeat;\r\n                    }\r\n                    #tdi_1  .td-doubleSlider-2 .td-item2 {\r\n                        background: url(https:\/\/www.eldiario.net\/portal\/wp-content\/uploads\/2024\/05\/NOTA-2-FOTO-2-2-80x60.jpg) 0 0 no-repeat;\r\n                    }\r\n                <\/style>\r\n\r\n                <div id=\"tdi_1\" class=\"td-gallery td-slide-on-2-columns\">\r\n                    <div class=\"post_td_gallery\">\r\n                        <div class=\"td-gallery-slide-top\">\r\n                           <div class=\"td-gallery-title\"><\/div>\r\n\r\n                            <div class=\"td-gallery-controls-wrapper\">\r\n                                <div class=\"td-gallery-slide-count\"><span class=\"td-gallery-slide-item-focus\">1<\/span> de 2<\/div>\r\n                                <div class=\"td-gallery-slide-prev-next-but\">\r\n                                    <i class = \"td-icon-left doubleSliderPrevButton\"><\/i>\r\n                                    <i class = \"td-icon-right doubleSliderNextButton\"><\/i>\r\n                                <\/div>\r\n                            <\/div>\r\n                        <\/div>\r\n\r\n                        <div class = \"td-doubleSlider-1 \">\r\n                            <div class = \"td-slider\">\r\n                                \r\n                    <div class = \"td-slide-item td-item1\">\r\n                        <figure class=\"td-slide-galery-figure td-slide-popup-gallery\">\r\n                            <a class=\"slide-gallery-image-link\" href=\"https:\/\/www.eldiario.net\/portal\/wp-content\/uploads\/2024\/05\/NOTA-2-FOTO-1-2.jpg\" title=\"NOTA 2 FOTO 1\"  data-caption=\"EL CICLO MENSTRUAL ES UNA PARTE NATURAL DE LA VIDA DE TODAS LAS MUJERES.\"  data-description=\"\">\r\n                                <img decoding=\"async\" src=\"https:\/\/www.eldiario.net\/portal\/wp-content\/uploads\/2024\/05\/NOTA-2-FOTO-1-2-569x420.jpg\" srcset=\"https:\/\/www.eldiario.net\/portal\/wp-content\/uploads\/2024\/05\/NOTA-2-FOTO-1-2-569x420.jpg 569w, https:\/\/www.eldiario.net\/portal\/wp-content\/uploads\/2024\/05\/NOTA-2-FOTO-1-2-300x222.jpg 300w, https:\/\/www.eldiario.net\/portal\/wp-content\/uploads\/2024\/05\/NOTA-2-FOTO-1-2-768x567.jpg 768w, https:\/\/www.eldiario.net\/portal\/wp-content\/uploads\/2024\/05\/NOTA-2-FOTO-1-2-80x60.jpg 80w, https:\/\/www.eldiario.net\/portal\/wp-content\/uploads\/2024\/05\/NOTA-2-FOTO-1-2-696x514.jpg 696w, https:\/\/www.eldiario.net\/portal\/wp-content\/uploads\/2024\/05\/NOTA-2-FOTO-1-2.jpg 800w\" sizes=\"(max-width: 569px) 100vw, 569px\" alt=\"\">\r\n                            <\/a>\r\n                            <figcaption class = \"td-slide-caption td-gallery-slide-content\"><div class = \"td-gallery-slide-copywrite\">EL CICLO MENSTRUAL ES UNA PARTE NATURAL DE LA VIDA DE TODAS LAS MUJERES.<\/div><\/figcaption>\r\n                        <\/figure>\r\n                    <\/div>\r\n                    <div class = \"td-slide-item td-item2\">\r\n                        <figure class=\"td-slide-galery-figure td-slide-popup-gallery\">\r\n                            <a class=\"slide-gallery-image-link\" href=\"https:\/\/www.eldiario.net\/portal\/wp-content\/uploads\/2024\/05\/NOTA-2-FOTO-2-2.jpg\" title=\"NOTA-2-FOTO-2\"  data-caption=\"MAR\u00cdA LAURA TAPIA.\"  data-description=\"\">\r\n                                <img decoding=\"async\" src=\"https:\/\/www.eldiario.net\/portal\/wp-content\/uploads\/2024\/05\/NOTA-2-FOTO-2-2-315x420.jpg\" srcset=\"https:\/\/www.eldiario.net\/portal\/wp-content\/uploads\/2024\/05\/NOTA-2-FOTO-2-2-315x420.jpg 315w, https:\/\/www.eldiario.net\/portal\/wp-content\/uploads\/2024\/05\/NOTA-2-FOTO-2-2-225x300.jpg 225w, https:\/\/www.eldiario.net\/portal\/wp-content\/uploads\/2024\/05\/NOTA-2-FOTO-2-2-768x1024.jpg 768w, https:\/\/www.eldiario.net\/portal\/wp-content\/uploads\/2024\/05\/NOTA-2-FOTO-2-2-696x928.jpg 696w, https:\/\/www.eldiario.net\/portal\/wp-content\/uploads\/2024\/05\/NOTA-2-FOTO-2-2.jpg 960w\" sizes=\"(max-width: 315px) 100vw, 315px\" alt=\"\">\r\n                            <\/a>\r\n                            <figcaption class = \"td-slide-caption td-gallery-slide-content\"><div class = \"td-gallery-slide-copywrite\">MAR\u00cdA LAURA TAPIA.<\/div><\/figcaption>\r\n                        <\/figure>\r\n                    <\/div>\r\n                            <\/div>\r\n                        <\/div>\r\n\r\n                        <div class = \"td-doubleSlider-2\">\r\n                            <div class = \"td-slider\">\r\n                                \r\n                    <div class = \"td-button td-item1\">\r\n                        <div class = \"td-border\"><\/div>\r\n                    <\/div>\r\n                    <div class = \"td-button td-item2\">\r\n                        <div class = \"td-border\"><\/div>\r\n                    <\/div>\r\n                            <\/div>\r\n                        <\/div>\r\n\r\n                    <\/div>\r\n\r\n                <\/div>\r\n                \n","protected":false},"excerpt":{"rendered":"<p>Por Mar\u00eda Laura Tapia &nbsp; Muchas ni\u00f1as no reciben informaci\u00f3n de la menstruaci\u00f3n la primera vez que lo experimentan. Esto es importante El ciclo menstrual, una parte natural de la vida de todas las mujeres, ha sido injustamente estigmatizado a lo largo de la historia, releg\u00e1ndolo a un tema tab\u00fa. Dos de cada tres ni\u00f1as [&hellip;]<\/p>\n","protected":false},"author":1,"featured_media":223767,"comment_status":"open","ping_status":"open","sticky":false,"template":"","format":"standard","meta":{"_acf_changed":false,"footnotes":""},"categories":[42],"tags":[],"class_list":["post-223766","post","type-post","status-publish","format-standard","has-post-thumbnail","category-femenina"],"acf":{"antetitulo":"Salud"},"yoast_head":"<!-- This site is optimized with the Yoast SEO plugin v28.4 - https:\/\/yoast.com\/product\/yoast-seo-wordpress\/ -->\n<title>Menstruaci\u00f3n y tab\u00faes: no combinan - El Diario - Bolivia<\/title>\n<meta name=\"robots\" content=\"index, follow, max-snippet:-1, max-image-preview:large, max-video-preview:-1\" \/>\n<link rel=\"canonical\" href=\"https:\/\/www.eldiario.net\/portal\/2024\/05\/29\/menstruacion-y-tabues-no-combinan\/\" \/>\n<meta property=\"og:locale\" content=\"es_ES\" \/>\n<meta property=\"og:type\" content=\"article\" \/>\n<meta property=\"og:title\" content=\"Menstruaci\u00f3n y tab\u00faes: no combinan - El Diario - Bolivia\" \/>\n<meta property=\"og:description\" content=\"Por Mar\u00eda Laura Tapia &nbsp; Muchas ni\u00f1as no reciben informaci\u00f3n de la menstruaci\u00f3n la primera vez que lo experimentan. Esto es importante El ciclo menstrual, una parte natural de la vida de todas las mujeres, ha sido injustamente estigmatizado a lo largo de la historia, releg\u00e1ndolo a un tema tab\u00fa. Dos de cada tres ni\u00f1as [&hellip;]\" \/>\n<meta property=\"og:url\" content=\"https:\/\/www.eldiario.net\/portal\/2024\/05\/29\/menstruacion-y-tabues-no-combinan\/\" \/>\n<meta property=\"og:site_name\" content=\"El Diario - Bolivia\" \/>\n<meta property=\"article:publisher\" content=\"https:\/\/www.facebook.com\/eldiario.bolivia\/\" \/>\n<meta property=\"article:published_time\" content=\"2024-05-29T10:20:23+00:00\" \/>\n<meta property=\"og:image\" content=\"https:\/\/www.eldiario.net\/portal\/wp-content\/uploads\/2024\/05\/NOTA-2-FOTO-1-2.jpg\" \/>\n\t<meta property=\"og:image:width\" content=\"800\" \/>\n\t<meta property=\"og:image:height\" content=\"591\" \/>\n\t<meta property=\"og:image:type\" content=\"image\/jpeg\" \/>\n<meta name=\"author\" content=\"Jeanette\" \/>\n<meta name=\"twitter:card\" content=\"summary_large_image\" \/>\n<meta name=\"twitter:creator\" content=\"@eldiario_net\" \/>\n<meta name=\"twitter:site\" content=\"@eldiario_net\" \/>\n<meta name=\"twitter:label1\" content=\"Escrito por\" \/>\n\t<meta name=\"twitter:data1\" content=\"Jeanette\" \/>\n\t<meta name=\"twitter:label2\" content=\"Tiempo de lectura\" \/>\n\t<meta name=\"twitter:data2\" content=\"3 minutos\" \/>\n<script type=\"application\/ld+json\" class=\"yoast-schema-graph\">{\"@context\":\"https:\\\/\\\/schema.org\",\"@graph\":[{\"@type\":\"Article\",\"@id\":\"https:\\\/\\\/www.eldiario.net\\\/portal\\\/2024\\\/05\\\/29\\\/menstruacion-y-tabues-no-combinan\\\/#article\",\"isPartOf\":{\"@id\":\"https:\\\/\\\/www.eldiario.net\\\/portal\\\/2024\\\/05\\\/29\\\/menstruacion-y-tabues-no-combinan\\\/\"},\"author\":{\"name\":\"Jeanette\",\"@id\":\"https:\\\/\\\/www.eldiario.net\\\/portal\\\/#\\\/schema\\\/person\\\/2c57cf2b7a7ae032e449e4c9b1019eac\"},\"headline\":\"Menstruaci\u00f3n y tab\u00faes: no combinan\",\"datePublished\":\"2024-05-29T10:20:23+00:00\",\"mainEntityOfPage\":{\"@id\":\"https:\\\/\\\/www.eldiario.net\\\/portal\\\/2024\\\/05\\\/29\\\/menstruacion-y-tabues-no-combinan\\\/\"},\"wordCount\":504,\"commentCount\":0,\"publisher\":{\"@id\":\"https:\\\/\\\/www.eldiario.net\\\/portal\\\/#organization\"},\"image\":{\"@id\":\"https:\\\/\\\/www.eldiario.net\\\/portal\\\/2024\\\/05\\\/29\\\/menstruacion-y-tabues-no-combinan\\\/#primaryimage\"},\"thumbnailUrl\":\"https:\\\/\\\/www.eldiario.net\\\/portal\\\/wp-content\\\/uploads\\\/2024\\\/05\\\/NOTA-2-FOTO-1-2.jpg\",\"articleSection\":[\"Femenina\"],\"inLanguage\":\"es\",\"potentialAction\":[{\"@type\":\"CommentAction\",\"name\":\"Comment\",\"target\":[\"https:\\\/\\\/www.eldiario.net\\\/portal\\\/2024\\\/05\\\/29\\\/menstruacion-y-tabues-no-combinan\\\/#respond\"]}]},{\"@type\":\"WebPage\",\"@id\":\"https:\\\/\\\/www.eldiario.net\\\/portal\\\/2024\\\/05\\\/29\\\/menstruacion-y-tabues-no-combinan\\\/\",\"url\":\"https:\\\/\\\/www.eldiario.net\\\/portal\\\/2024\\\/05\\\/29\\\/menstruacion-y-tabues-no-combinan\\\/\",\"name\":\"Menstruaci\u00f3n y tab\u00faes: no combinan - El Diario - Bolivia\",\"isPartOf\":{\"@id\":\"https:\\\/\\\/www.eldiario.net\\\/portal\\\/#website\"},\"primaryImageOfPage\":{\"@id\":\"https:\\\/\\\/www.eldiario.net\\\/portal\\\/2024\\\/05\\\/29\\\/menstruacion-y-tabues-no-combinan\\\/#primaryimage\"},\"image\":{\"@id\":\"https:\\\/\\\/www.eldiario.net\\\/portal\\\/2024\\\/05\\\/29\\\/menstruacion-y-tabues-no-combinan\\\/#primaryimage\"},\"thumbnailUrl\":\"https:\\\/\\\/www.eldiario.net\\\/portal\\\/wp-content\\\/uploads\\\/2024\\\/05\\\/NOTA-2-FOTO-1-2.jpg\",\"datePublished\":\"2024-05-29T10:20:23+00:00\",\"breadcrumb\":{\"@id\":\"https:\\\/\\\/www.eldiario.net\\\/portal\\\/2024\\\/05\\\/29\\\/menstruacion-y-tabues-no-combinan\\\/#breadcrumb\"},\"inLanguage\":\"es\",\"potentialAction\":[{\"@type\":\"ReadAction\",\"target\":[\"https:\\\/\\\/www.eldiario.net\\\/portal\\\/2024\\\/05\\\/29\\\/menstruacion-y-tabues-no-combinan\\\/\"]}]},{\"@type\":\"ImageObject\",\"inLanguage\":\"es\",\"@id\":\"https:\\\/\\\/www.eldiario.net\\\/portal\\\/2024\\\/05\\\/29\\\/menstruacion-y-tabues-no-combinan\\\/#primaryimage\",\"url\":\"https:\\\/\\\/www.eldiario.net\\\/portal\\\/wp-content\\\/uploads\\\/2024\\\/05\\\/NOTA-2-FOTO-1-2.jpg\",\"contentUrl\":\"https:\\\/\\\/www.eldiario.net\\\/portal\\\/wp-content\\\/uploads\\\/2024\\\/05\\\/NOTA-2-FOTO-1-2.jpg\",\"width\":800,\"height\":591,\"caption\":\"EL CICLO MENSTRUAL ES UNA PARTE NATURAL DE LA VIDA DE TODAS LAS MUJERES.\"},{\"@type\":\"BreadcrumbList\",\"@id\":\"https:\\\/\\\/www.eldiario.net\\\/portal\\\/2024\\\/05\\\/29\\\/menstruacion-y-tabues-no-combinan\\\/#breadcrumb\",\"itemListElement\":[{\"@type\":\"ListItem\",\"position\":1,\"name\":\"Portada\",\"item\":\"https:\\\/\\\/www.eldiario.net\\\/portal\\\/\"},{\"@type\":\"ListItem\",\"position\":2,\"name\":\"Menstruaci\u00f3n y tab\u00faes: no combinan\"}]},{\"@type\":\"WebSite\",\"@id\":\"https:\\\/\\\/www.eldiario.net\\\/portal\\\/#website\",\"url\":\"https:\\\/\\\/www.eldiario.net\\\/portal\\\/\",\"name\":\"El Diario - Decano de la prensa nacional\",\"description\":\"El Diario - Decano de la prensa nacional\",\"publisher\":{\"@id\":\"https:\\\/\\\/www.eldiario.net\\\/portal\\\/#organization\"},\"potentialAction\":[{\"@type\":\"SearchAction\",\"target\":{\"@type\":\"EntryPoint\",\"urlTemplate\":\"https:\\\/\\\/www.eldiario.net\\\/portal\\\/?s={search_term_string}\"},\"query-input\":{\"@type\":\"PropertyValueSpecification\",\"valueRequired\":true,\"valueName\":\"search_term_string\"}}],\"inLanguage\":\"es\"},{\"@type\":\"Organization\",\"@id\":\"https:\\\/\\\/www.eldiario.net\\\/portal\\\/#organization\",\"name\":\"El Diario - Decano de la prensa nacional\",\"url\":\"https:\\\/\\\/www.eldiario.net\\\/portal\\\/\",\"logo\":{\"@type\":\"ImageObject\",\"inLanguage\":\"es\",\"@id\":\"https:\\\/\\\/www.eldiario.net\\\/portal\\\/#\\\/schema\\\/logo\\\/image\\\/\",\"url\":\"https:\\\/\\\/www.eldiario.net\\\/portal\\\/wp-content\\\/uploads\\\/2023\\\/07\\\/logo_ED.jpg\",\"contentUrl\":\"https:\\\/\\\/www.eldiario.net\\\/portal\\\/wp-content\\\/uploads\\\/2023\\\/07\\\/logo_ED.jpg\",\"width\":272,\"height\":52,\"caption\":\"El Diario - Decano de la prensa nacional\"},\"image\":{\"@id\":\"https:\\\/\\\/www.eldiario.net\\\/portal\\\/#\\\/schema\\\/logo\\\/image\\\/\"},\"sameAs\":[\"https:\\\/\\\/www.facebook.com\\\/eldiario.bolivia\\\/\",\"https:\\\/\\\/x.com\\\/eldiario_net\"]},{\"@type\":\"Person\",\"@id\":\"https:\\\/\\\/www.eldiario.net\\\/portal\\\/#\\\/schema\\\/person\\\/2c57cf2b7a7ae032e449e4c9b1019eac\",\"name\":\"Jeanette\",\"image\":{\"@type\":\"ImageObject\",\"inLanguage\":\"es\",\"@id\":\"https:\\\/\\\/secure.gravatar.com\\\/avatar\\\/3ea2118a5f7dad2b7138b1187a6b7ee55f160b9968b66013c3a3ef39dd7e5798?s=96&d=mm&r=g\",\"url\":\"https:\\\/\\\/secure.gravatar.com\\\/avatar\\\/3ea2118a5f7dad2b7138b1187a6b7ee55f160b9968b66013c3a3ef39dd7e5798?s=96&d=mm&r=g\",\"contentUrl\":\"https:\\\/\\\/secure.gravatar.com\\\/avatar\\\/3ea2118a5f7dad2b7138b1187a6b7ee55f160b9968b66013c3a3ef39dd7e5798?s=96&d=mm&r=g\",\"caption\":\"Jeanette\"},\"sameAs\":[\"https:\\\/\\\/www.eldiario.net\\\/portal\"],\"url\":\"https:\\\/\\\/www.eldiario.net\\\/portal\\\/author\\\/jeanette\\\/\"}]}<\/script>\n<!-- \/ Yoast SEO plugin. -->","yoast_head_json":{"title":"Menstruaci\u00f3n y tab\u00faes: no combinan - El Diario - Bolivia","robots":{"index":"index","follow":"follow","max-snippet":"max-snippet:-1","max-image-preview":"max-image-preview:large","max-video-preview":"max-video-preview:-1"},"canonical":"https:\/\/www.eldiario.net\/portal\/2024\/05\/29\/menstruacion-y-tabues-no-combinan\/","og_locale":"es_ES","og_type":"article","og_title":"Menstruaci\u00f3n y tab\u00faes: no combinan - El Diario - Bolivia","og_description":"Por Mar\u00eda Laura Tapia &nbsp; Muchas ni\u00f1as no reciben informaci\u00f3n de la menstruaci\u00f3n la primera vez que lo experimentan. Esto es importante El ciclo menstrual, una parte natural de la vida de todas las mujeres, ha sido injustamente estigmatizado a lo largo de la historia, releg\u00e1ndolo a un tema tab\u00fa. Dos de cada tres ni\u00f1as [&hellip;]","og_url":"https:\/\/www.eldiario.net\/portal\/2024\/05\/29\/menstruacion-y-tabues-no-combinan\/","og_site_name":"El Diario - Bolivia","article_publisher":"https:\/\/www.facebook.com\/eldiario.bolivia\/","article_published_time":"2024-05-29T10:20:23+00:00","og_image":[{"width":800,"height":591,"url":"https:\/\/www.eldiario.net\/portal\/wp-content\/uploads\/2024\/05\/NOTA-2-FOTO-1-2.jpg","type":"image\/jpeg"}],"author":"Jeanette","twitter_card":"summary_large_image","twitter_creator":"@eldiario_net","twitter_site":"@eldiario_net","twitter_misc":{"Escrito por":"Jeanette","Tiempo de lectura":"3 minutos"},"schema":{"@context":"https:\/\/schema.org","@graph":[{"@type":"Article","@id":"https:\/\/www.eldiario.net\/portal\/2024\/05\/29\/menstruacion-y-tabues-no-combinan\/#article","isPartOf":{"@id":"https:\/\/www.eldiario.net\/portal\/2024\/05\/29\/menstruacion-y-tabues-no-combinan\/"},"author":{"name":"Jeanette","@id":"https:\/\/www.eldiario.net\/portal\/#\/schema\/person\/2c57cf2b7a7ae032e449e4c9b1019eac"},"headline":"Menstruaci\u00f3n y tab\u00faes: no combinan","datePublished":"2024-05-29T10:20:23+00:00","mainEntityOfPage":{"@id":"https:\/\/www.eldiario.net\/portal\/2024\/05\/29\/menstruacion-y-tabues-no-combinan\/"},"wordCount":504,"commentCount":0,"publisher":{"@id":"https:\/\/www.eldiario.net\/portal\/#organization"},"image":{"@id":"https:\/\/www.eldiario.net\/portal\/2024\/05\/29\/menstruacion-y-tabues-no-combinan\/#primaryimage"},"thumbnailUrl":"https:\/\/www.eldiario.net\/portal\/wp-content\/uploads\/2024\/05\/NOTA-2-FOTO-1-2.jpg","articleSection":["Femenina"],"inLanguage":"es","potentialAction":[{"@type":"CommentAction","name":"Comment","target":["https:\/\/www.eldiario.net\/portal\/2024\/05\/29\/menstruacion-y-tabues-no-combinan\/#respond"]}]},{"@type":"WebPage","@id":"https:\/\/www.eldiario.net\/portal\/2024\/05\/29\/menstruacion-y-tabues-no-combinan\/","url":"https:\/\/www.eldiario.net\/portal\/2024\/05\/29\/menstruacion-y-tabues-no-combinan\/","name":"Menstruaci\u00f3n y tab\u00faes: no combinan - El Diario - Bolivia","isPartOf":{"@id":"https:\/\/www.eldiario.net\/portal\/#website"},"primaryImageOfPage":{"@id":"https:\/\/www.eldiario.net\/portal\/2024\/05\/29\/menstruacion-y-tabues-no-combinan\/#primaryimage"},"image":{"@id":"https:\/\/www.eldiario.net\/portal\/2024\/05\/29\/menstruacion-y-tabues-no-combinan\/#primaryimage"},"thumbnailUrl":"https:\/\/www.eldiario.net\/portal\/wp-content\/uploads\/2024\/05\/NOTA-2-FOTO-1-2.jpg","datePublished":"2024-05-29T10:20:23+00:00","breadcrumb":{"@id":"https:\/\/www.eldiario.net\/portal\/2024\/05\/29\/menstruacion-y-tabues-no-combinan\/#breadcrumb"},"inLanguage":"es","potentialAction":[{"@type":"ReadAction","target":["https:\/\/www.eldiario.net\/portal\/2024\/05\/29\/menstruacion-y-tabues-no-combinan\/"]}]},{"@type":"ImageObject","inLanguage":"es","@id":"https:\/\/www.eldiario.net\/portal\/2024\/05\/29\/menstruacion-y-tabues-no-combinan\/#primaryimage","url":"https:\/\/www.eldiario.net\/portal\/wp-content\/uploads\/2024\/05\/NOTA-2-FOTO-1-2.jpg","contentUrl":"https:\/\/www.eldiario.net\/portal\/wp-content\/uploads\/2024\/05\/NOTA-2-FOTO-1-2.jpg","width":800,"height":591,"caption":"EL CICLO MENSTRUAL ES UNA PARTE NATURAL DE LA VIDA DE TODAS LAS MUJERES."},{"@type":"BreadcrumbList","@id":"https:\/\/www.eldiario.net\/portal\/2024\/05\/29\/menstruacion-y-tabues-no-combinan\/#breadcrumb","itemListElement":[{"@type":"ListItem","position":1,"name":"Portada","item":"https:\/\/www.eldiario.net\/portal\/"},{"@type":"ListItem","position":2,"name":"Menstruaci\u00f3n y tab\u00faes: no combinan"}]},{"@type":"WebSite","@id":"https:\/\/www.eldiario.net\/portal\/#website","url":"https:\/\/www.eldiario.net\/portal\/","name":"El Diario - Decano de la prensa nacional","description":"El Diario - Decano de la prensa nacional","publisher":{"@id":"https:\/\/www.eldiario.net\/portal\/#organization"},"potentialAction":[{"@type":"SearchAction","target":{"@type":"EntryPoint","urlTemplate":"https:\/\/www.eldiario.net\/portal\/?s={search_term_string}"},"query-input":{"@type":"PropertyValueSpecification","valueRequired":true,"valueName":"search_term_string"}}],"inLanguage":"es"},{"@type":"Organization","@id":"https:\/\/www.eldiario.net\/portal\/#organization","name":"El Diario - Decano de la prensa nacional","url":"https:\/\/www.eldiario.net\/portal\/","logo":{"@type":"ImageObject","inLanguage":"es","@id":"https:\/\/www.eldiario.net\/portal\/#\/schema\/logo\/image\/","url":"https:\/\/www.eldiario.net\/portal\/wp-content\/uploads\/2023\/07\/logo_ED.jpg","contentUrl":"https:\/\/www.eldiario.net\/portal\/wp-content\/uploads\/2023\/07\/logo_ED.jpg","width":272,"height":52,"caption":"El Diario - Decano de la prensa nacional"},"image":{"@id":"https:\/\/www.eldiario.net\/portal\/#\/schema\/logo\/image\/"},"sameAs":["https:\/\/www.facebook.com\/eldiario.bolivia\/","https:\/\/x.com\/eldiario_net"]},{"@type":"Person","@id":"https:\/\/www.eldiario.net\/portal\/#\/schema\/person\/2c57cf2b7a7ae032e449e4c9b1019eac","name":"Jeanette","image":{"@type":"ImageObject","inLanguage":"es","@id":"https:\/\/secure.gravatar.com\/avatar\/3ea2118a5f7dad2b7138b1187a6b7ee55f160b9968b66013c3a3ef39dd7e5798?s=96&d=mm&r=g","url":"https:\/\/secure.gravatar.com\/avatar\/3ea2118a5f7dad2b7138b1187a6b7ee55f160b9968b66013c3a3ef39dd7e5798?s=96&d=mm&r=g","contentUrl":"https:\/\/secure.gravatar.com\/avatar\/3ea2118a5f7dad2b7138b1187a6b7ee55f160b9968b66013c3a3ef39dd7e5798?s=96&d=mm&r=g","caption":"Jeanette"},"sameAs":["https:\/\/www.eldiario.net\/portal"],"url":"https:\/\/www.eldiario.net\/portal\/author\/jeanette\/"}]}},"_links":{"self":[{"href":"https:\/\/www.eldiario.net\/portal\/wp-json\/wp\/v2\/posts\/223766","targetHints":{"allow":["GET"]}}],"collection":[{"href":"https:\/\/www.eldiario.net\/portal\/wp-json\/wp\/v2\/posts"}],"about":[{"href":"https:\/\/www.eldiario.net\/portal\/wp-json\/wp\/v2\/types\/post"}],"author":[{"embeddable":true,"href":"https:\/\/www.eldiario.net\/portal\/wp-json\/wp\/v2\/users\/1"}],"replies":[{"embeddable":true,"href":"https:\/\/www.eldiario.net\/portal\/wp-json\/wp\/v2\/comments?post=223766"}],"version-history":[{"count":1,"href":"https:\/\/www.eldiario.net\/portal\/wp-json\/wp\/v2\/posts\/223766\/revisions"}],"predecessor-version":[{"id":223769,"href":"https:\/\/www.eldiario.net\/portal\/wp-json\/wp\/v2\/posts\/223766\/revisions\/223769"}],"wp:featuredmedia":[{"embeddable":true,"href":"https:\/\/www.eldiario.net\/portal\/wp-json\/wp\/v2\/media\/223767"}],"wp:attachment":[{"href":"https:\/\/www.eldiario.net\/portal\/wp-json\/wp\/v2\/media?parent=223766"}],"wp:term":[{"taxonomy":"category","embeddable":true,"href":"https:\/\/www.eldiario.net\/portal\/wp-json\/wp\/v2\/categories?post=223766"},{"taxonomy":"post_tag","embeddable":true,"href":"https:\/\/www.eldiario.net\/portal\/wp-json\/wp\/v2\/tags?post=223766"}],"curies":[{"name":"wp","href":"https:\/\/api.w.org\/{rel}","templated":true}]}}