{"id":223763,"date":"2024-05-29T06:18:43","date_gmt":"2024-05-29T10:18:43","guid":{"rendered":"https:\/\/www.eldiario.net\/portal\/?p=223763"},"modified":"2024-05-29T06:18:43","modified_gmt":"2024-05-29T10:18:43","slug":"no-busques-deja-que-te-encuentren-2","status":"publish","type":"post","link":"https:\/\/www.eldiario.net\/portal\/2024\/05\/29\/no-busques-deja-que-te-encuentren-2\/","title":{"rendered":"No busques, deja que te encuentren"},"content":{"rendered":"<p>Por Raquel Aldana, psic\u00f3loga<\/p>\n<p>La vida es demasiado corta como para correr detr\u00e1s de alguien que ni siquiera se fija en ti. No es necesario ir detr\u00e1s cuando ya saben d\u00f3nde est\u00e1s, cuando conocen tu hogar y saben de tus misterios. Por eso, no busques, permite que te encuentren.<\/p>\n<p>Lo cierto es que hay personas a las que no les importamos pero que, sin embargo, a nosotros s\u00ed que nos importan. En estos casos puede resultarnos dif\u00edcil comprender la situaci\u00f3n, pues el inter\u00e9s por los dem\u00e1s no habla el lenguaje del ego\u00edsmo. Pero no busques algo que no te ofrecen, tampoco lo mendigues.<\/p>\n<p>Piensa en que cuando alguien quiere o necesita de algo o de alguien es capaz de remover cielo y tierra para compartir, aunque sea unos segundos.<\/p>\n<p><strong>El cari\u00f1o no se suplica<\/strong><\/p>\n<p>No busques. Arrastrarnos y suplicar migajas de un cari\u00f1o que no nos quieren dar no es saludable ni a corto ni a largo plazo. Sin embargo, puede que ciertas muestras nos lleguen a enternecer y que nos sirvan para buscar motivos para seguir anclados en el deseo de que esa persona permanezca en nuestra vida.<\/p>\n<p>Si nos paramos a pensar, lo \u00fanico que hacemos con esa actitud es prolongar de manera innecesaria el sufrimiento emocional. Someternos a la voluntad de los otros hace que nos convirtamos en marionetas de sus necesidades y de sus antojos.<\/p>\n<p>En este sentido, como es obvio, hay cosas que pasan porque tienen que pasar, pero hay otras que pasan cuando hacemos que pasen. No podemos sentirnos libres ni ser felices si vivimos aferrados y atados a unas esperanzas que manejan los dem\u00e1s.<\/p>\n<p><strong>No busques, deja que el viento se lleve lo innecesario de tu vida<\/strong><\/p>\n<p>Resulta complicado soltar o dejar marchar aquello que consideramos muy nuestro, ya sean sentimientos o personas. Es decir, que a ciertas piedras que cargamos sobre nuestra espalda nos une un sentimiento de identidad y pertenencia que se fusiona con nuestro miedo a perder algo que creemos intenso e importante.<\/p>\n<p>Sin embargo, a pesar de que todo ese caos emocional nos ate a ciertas personas, tambi\u00e9n acabamos cans\u00e1ndonos de que no nos valoren. Es probable que cuando nos percatamos de esto nos sintamos algo ego\u00edstas, lo cual es terrible para nuestra salud emocional.<\/p>\n<p>Sentir que si no aguantamos un poco m\u00e1s una situaci\u00f3n o a ciertas personas estamos fracasando es algo asombrosamente com\u00fan. El fundamento de este sentimiento es el miedo que nos da enfrentarnos con el vac\u00edo que la p\u00e9rdida genera.<\/p>\n<p>Dicho de otra manera, sentimos que si dejamos de sacrificarnos perdemos la oportunidad de construir parte de la historia emocional de nuestra vida. Sin embargo, lo que realmente estamos haciendo es comportarnos de la manera m\u00e1s cruel posible con nosotros mismos, con nuestras expectativas y con nuestros deseos.<\/p>\n<p>El camino de ida hacia la libertad emocional est\u00e1 construido a partir de las piedras que vamos soltando; es decir, de sentimientos y personas t\u00f3xicas de las que nos vamos deshaciendo.<\/p>\n<p>Soltar es la \u00fanica manera de dejar hueco a nuestras fortalezas, de asumir nuestros errores y de conseguir manifestar nuestras intenciones y nuestro compromiso. De esta forma evitamos que lo negativo le reste espacio a lo positivo, consiguiendo incrementar nuestro entusiasmo por la vida y nuestro bienestar.<\/p>\n<p>No es m\u00e1s fuerte quien m\u00e1s soporta, sino quien es m\u00e1s capaz de \u201csoltar\u201d<\/p>\n<p>Si no te trae alegr\u00eda a tu vida\u2026 SUELTA<\/p>\n<p>Si no te ilumina ni te construye\u2026 SUELTA<\/p>\n<p>Si permanece, pero no crece\u2026 SUELTA<\/p>\n<p>Si no brinda reconocimiento a tus talentos\u2026 SUELTA<\/p>\n<p>Si no acaricia tu ser\u2026 SUELTA<\/p>\n<p>Si no impulsa tu despegue\u2026 SUELTA<\/p>\n<p>Si dice, pero no hace\u2026 SUELTA<\/p>\n<p>Si no hay un lugar en su vida para ti\u2026 SUELTA<\/p>\n<p>Si intenta cambiarte\u2026 SUELTA<\/p>\n<p>Si se impone el `yo\u00b4\u2026 SUELTA<\/p>\n<p>Si son m\u00e1s los desencuentros que los encuentros\u2026 SUELTA<\/p>\n<p>Si simplemente no suma a tu vida\u2026 SUELTA<\/p>\n<p>&nbsp;<\/p>\n<p>SU\u00c9LTATE, la ca\u00edda ser\u00e1 mucho menos dolorosa que el dolor de mantenerte aferrado a lo que pudo ser, pero no es<\/p>\n<p>No busques ni vayas detr\u00e1s de lo que no quieren darte, su\u00e9ltalo\u2026 Pero mantente abierto a la posibilidad de que te encuentren aquellos que si quieren forman parte de tu vida de una manera sana. No busques, permite que te encuentren.<\/p>\n","protected":false},"excerpt":{"rendered":"<p>Por Raquel Aldana, psic\u00f3loga La vida es demasiado corta como para correr detr\u00e1s de alguien que ni siquiera se fija en ti. No es necesario ir detr\u00e1s cuando ya saben d\u00f3nde est\u00e1s, cuando conocen tu hogar y saben de tus misterios. Por eso, no busques, permite que te encuentren. Lo cierto es que hay personas [&hellip;]<\/p>\n","protected":false},"author":1,"featured_media":223764,"comment_status":"open","ping_status":"open","sticky":false,"template":"","format":"standard","meta":{"_acf_changed":false,"footnotes":""},"categories":[42],"tags":[],"class_list":["post-223763","post","type-post","status-publish","format-standard","has-post-thumbnail","category-femenina"],"acf":{"antetitulo":"Parejas"},"yoast_head":"<!-- This site is optimized with the Yoast SEO plugin v28.4 - https:\/\/yoast.com\/product\/yoast-seo-wordpress\/ -->\n<title>No busques, deja que te encuentren - El Diario - Bolivia<\/title>\n<meta name=\"robots\" content=\"index, follow, max-snippet:-1, max-image-preview:large, max-video-preview:-1\" \/>\n<link rel=\"canonical\" href=\"https:\/\/www.eldiario.net\/portal\/2024\/05\/29\/no-busques-deja-que-te-encuentren-2\/\" \/>\n<meta property=\"og:locale\" content=\"es_ES\" \/>\n<meta property=\"og:type\" content=\"article\" \/>\n<meta property=\"og:title\" content=\"No busques, deja que te encuentren - El Diario - Bolivia\" \/>\n<meta property=\"og:description\" content=\"Por Raquel Aldana, psic\u00f3loga La vida es demasiado corta como para correr detr\u00e1s de alguien que ni siquiera se fija en ti. No es necesario ir detr\u00e1s cuando ya saben d\u00f3nde est\u00e1s, cuando conocen tu hogar y saben de tus misterios. Por eso, no busques, permite que te encuentren. Lo cierto es que hay personas [&hellip;]\" \/>\n<meta property=\"og:url\" content=\"https:\/\/www.eldiario.net\/portal\/2024\/05\/29\/no-busques-deja-que-te-encuentren-2\/\" \/>\n<meta property=\"og:site_name\" content=\"El Diario - Bolivia\" \/>\n<meta property=\"article:publisher\" content=\"https:\/\/www.facebook.com\/eldiario.bolivia\/\" \/>\n<meta property=\"article:published_time\" content=\"2024-05-29T10:18:43+00:00\" \/>\n<meta property=\"og:image\" content=\"https:\/\/www.eldiario.net\/portal\/wp-content\/uploads\/2024\/05\/NOTA-3-FOTO-4.jpg\" \/>\n\t<meta property=\"og:image:width\" content=\"924\" \/>\n\t<meta property=\"og:image:height\" content=\"617\" \/>\n\t<meta property=\"og:image:type\" content=\"image\/jpeg\" \/>\n<meta name=\"author\" content=\"Jeanette\" \/>\n<meta name=\"twitter:card\" content=\"summary_large_image\" \/>\n<meta name=\"twitter:creator\" content=\"@eldiario_net\" \/>\n<meta name=\"twitter:site\" content=\"@eldiario_net\" \/>\n<meta name=\"twitter:label1\" content=\"Escrito por\" \/>\n\t<meta name=\"twitter:data1\" content=\"Jeanette\" \/>\n\t<meta name=\"twitter:label2\" content=\"Tiempo de lectura\" \/>\n\t<meta name=\"twitter:data2\" content=\"4 minutos\" \/>\n<script type=\"application\/ld+json\" class=\"yoast-schema-graph\">{\"@context\":\"https:\\\/\\\/schema.org\",\"@graph\":[{\"@type\":\"Article\",\"@id\":\"https:\\\/\\\/www.eldiario.net\\\/portal\\\/2024\\\/05\\\/29\\\/no-busques-deja-que-te-encuentren-2\\\/#article\",\"isPartOf\":{\"@id\":\"https:\\\/\\\/www.eldiario.net\\\/portal\\\/2024\\\/05\\\/29\\\/no-busques-deja-que-te-encuentren-2\\\/\"},\"author\":{\"name\":\"Jeanette\",\"@id\":\"https:\\\/\\\/www.eldiario.net\\\/portal\\\/#\\\/schema\\\/person\\\/2c57cf2b7a7ae032e449e4c9b1019eac\"},\"headline\":\"No busques, deja que te encuentren\",\"datePublished\":\"2024-05-29T10:18:43+00:00\",\"mainEntityOfPage\":{\"@id\":\"https:\\\/\\\/www.eldiario.net\\\/portal\\\/2024\\\/05\\\/29\\\/no-busques-deja-que-te-encuentren-2\\\/\"},\"wordCount\":743,\"commentCount\":0,\"publisher\":{\"@id\":\"https:\\\/\\\/www.eldiario.net\\\/portal\\\/#organization\"},\"image\":{\"@id\":\"https:\\\/\\\/www.eldiario.net\\\/portal\\\/2024\\\/05\\\/29\\\/no-busques-deja-que-te-encuentren-2\\\/#primaryimage\"},\"thumbnailUrl\":\"https:\\\/\\\/www.eldiario.net\\\/portal\\\/wp-content\\\/uploads\\\/2024\\\/05\\\/NOTA-3-FOTO-4.jpg\",\"articleSection\":[\"Femenina\"],\"inLanguage\":\"es\",\"potentialAction\":[{\"@type\":\"CommentAction\",\"name\":\"Comment\",\"target\":[\"https:\\\/\\\/www.eldiario.net\\\/portal\\\/2024\\\/05\\\/29\\\/no-busques-deja-que-te-encuentren-2\\\/#respond\"]}]},{\"@type\":\"WebPage\",\"@id\":\"https:\\\/\\\/www.eldiario.net\\\/portal\\\/2024\\\/05\\\/29\\\/no-busques-deja-que-te-encuentren-2\\\/\",\"url\":\"https:\\\/\\\/www.eldiario.net\\\/portal\\\/2024\\\/05\\\/29\\\/no-busques-deja-que-te-encuentren-2\\\/\",\"name\":\"No busques, deja que te encuentren - El Diario - Bolivia\",\"isPartOf\":{\"@id\":\"https:\\\/\\\/www.eldiario.net\\\/portal\\\/#website\"},\"primaryImageOfPage\":{\"@id\":\"https:\\\/\\\/www.eldiario.net\\\/portal\\\/2024\\\/05\\\/29\\\/no-busques-deja-que-te-encuentren-2\\\/#primaryimage\"},\"image\":{\"@id\":\"https:\\\/\\\/www.eldiario.net\\\/portal\\\/2024\\\/05\\\/29\\\/no-busques-deja-que-te-encuentren-2\\\/#primaryimage\"},\"thumbnailUrl\":\"https:\\\/\\\/www.eldiario.net\\\/portal\\\/wp-content\\\/uploads\\\/2024\\\/05\\\/NOTA-3-FOTO-4.jpg\",\"datePublished\":\"2024-05-29T10:18:43+00:00\",\"breadcrumb\":{\"@id\":\"https:\\\/\\\/www.eldiario.net\\\/portal\\\/2024\\\/05\\\/29\\\/no-busques-deja-que-te-encuentren-2\\\/#breadcrumb\"},\"inLanguage\":\"es\",\"potentialAction\":[{\"@type\":\"ReadAction\",\"target\":[\"https:\\\/\\\/www.eldiario.net\\\/portal\\\/2024\\\/05\\\/29\\\/no-busques-deja-que-te-encuentren-2\\\/\"]}]},{\"@type\":\"ImageObject\",\"inLanguage\":\"es\",\"@id\":\"https:\\\/\\\/www.eldiario.net\\\/portal\\\/2024\\\/05\\\/29\\\/no-busques-deja-que-te-encuentren-2\\\/#primaryimage\",\"url\":\"https:\\\/\\\/www.eldiario.net\\\/portal\\\/wp-content\\\/uploads\\\/2024\\\/05\\\/NOTA-3-FOTO-4.jpg\",\"contentUrl\":\"https:\\\/\\\/www.eldiario.net\\\/portal\\\/wp-content\\\/uploads\\\/2024\\\/05\\\/NOTA-3-FOTO-4.jpg\",\"width\":924,\"height\":617,\"caption\":\"SI NO HAY LUGAR EN SU VIDA PARA TI, D\u00c9JALO IR.\"},{\"@type\":\"BreadcrumbList\",\"@id\":\"https:\\\/\\\/www.eldiario.net\\\/portal\\\/2024\\\/05\\\/29\\\/no-busques-deja-que-te-encuentren-2\\\/#breadcrumb\",\"itemListElement\":[{\"@type\":\"ListItem\",\"position\":1,\"name\":\"Portada\",\"item\":\"https:\\\/\\\/www.eldiario.net\\\/portal\\\/\"},{\"@type\":\"ListItem\",\"position\":2,\"name\":\"No busques, deja que te encuentren\"}]},{\"@type\":\"WebSite\",\"@id\":\"https:\\\/\\\/www.eldiario.net\\\/portal\\\/#website\",\"url\":\"https:\\\/\\\/www.eldiario.net\\\/portal\\\/\",\"name\":\"El Diario - Decano de la prensa nacional\",\"description\":\"El Diario - Decano de la prensa nacional\",\"publisher\":{\"@id\":\"https:\\\/\\\/www.eldiario.net\\\/portal\\\/#organization\"},\"potentialAction\":[{\"@type\":\"SearchAction\",\"target\":{\"@type\":\"EntryPoint\",\"urlTemplate\":\"https:\\\/\\\/www.eldiario.net\\\/portal\\\/?s={search_term_string}\"},\"query-input\":{\"@type\":\"PropertyValueSpecification\",\"valueRequired\":true,\"valueName\":\"search_term_string\"}}],\"inLanguage\":\"es\"},{\"@type\":\"Organization\",\"@id\":\"https:\\\/\\\/www.eldiario.net\\\/portal\\\/#organization\",\"name\":\"El Diario - Decano de la prensa nacional\",\"url\":\"https:\\\/\\\/www.eldiario.net\\\/portal\\\/\",\"logo\":{\"@type\":\"ImageObject\",\"inLanguage\":\"es\",\"@id\":\"https:\\\/\\\/www.eldiario.net\\\/portal\\\/#\\\/schema\\\/logo\\\/image\\\/\",\"url\":\"https:\\\/\\\/www.eldiario.net\\\/portal\\\/wp-content\\\/uploads\\\/2023\\\/07\\\/logo_ED.jpg\",\"contentUrl\":\"https:\\\/\\\/www.eldiario.net\\\/portal\\\/wp-content\\\/uploads\\\/2023\\\/07\\\/logo_ED.jpg\",\"width\":272,\"height\":52,\"caption\":\"El Diario - Decano de la prensa nacional\"},\"image\":{\"@id\":\"https:\\\/\\\/www.eldiario.net\\\/portal\\\/#\\\/schema\\\/logo\\\/image\\\/\"},\"sameAs\":[\"https:\\\/\\\/www.facebook.com\\\/eldiario.bolivia\\\/\",\"https:\\\/\\\/x.com\\\/eldiario_net\"]},{\"@type\":\"Person\",\"@id\":\"https:\\\/\\\/www.eldiario.net\\\/portal\\\/#\\\/schema\\\/person\\\/2c57cf2b7a7ae032e449e4c9b1019eac\",\"name\":\"Jeanette\",\"image\":{\"@type\":\"ImageObject\",\"inLanguage\":\"es\",\"@id\":\"https:\\\/\\\/secure.gravatar.com\\\/avatar\\\/3ea2118a5f7dad2b7138b1187a6b7ee55f160b9968b66013c3a3ef39dd7e5798?s=96&d=mm&r=g\",\"url\":\"https:\\\/\\\/secure.gravatar.com\\\/avatar\\\/3ea2118a5f7dad2b7138b1187a6b7ee55f160b9968b66013c3a3ef39dd7e5798?s=96&d=mm&r=g\",\"contentUrl\":\"https:\\\/\\\/secure.gravatar.com\\\/avatar\\\/3ea2118a5f7dad2b7138b1187a6b7ee55f160b9968b66013c3a3ef39dd7e5798?s=96&d=mm&r=g\",\"caption\":\"Jeanette\"},\"sameAs\":[\"https:\\\/\\\/www.eldiario.net\\\/portal\"],\"url\":\"https:\\\/\\\/www.eldiario.net\\\/portal\\\/author\\\/jeanette\\\/\"}]}<\/script>\n<!-- \/ Yoast SEO plugin. -->","yoast_head_json":{"title":"No busques, deja que te encuentren - El Diario - Bolivia","robots":{"index":"index","follow":"follow","max-snippet":"max-snippet:-1","max-image-preview":"max-image-preview:large","max-video-preview":"max-video-preview:-1"},"canonical":"https:\/\/www.eldiario.net\/portal\/2024\/05\/29\/no-busques-deja-que-te-encuentren-2\/","og_locale":"es_ES","og_type":"article","og_title":"No busques, deja que te encuentren - El Diario - Bolivia","og_description":"Por Raquel Aldana, psic\u00f3loga La vida es demasiado corta como para correr detr\u00e1s de alguien que ni siquiera se fija en ti. No es necesario ir detr\u00e1s cuando ya saben d\u00f3nde est\u00e1s, cuando conocen tu hogar y saben de tus misterios. Por eso, no busques, permite que te encuentren. Lo cierto es que hay personas [&hellip;]","og_url":"https:\/\/www.eldiario.net\/portal\/2024\/05\/29\/no-busques-deja-que-te-encuentren-2\/","og_site_name":"El Diario - Bolivia","article_publisher":"https:\/\/www.facebook.com\/eldiario.bolivia\/","article_published_time":"2024-05-29T10:18:43+00:00","og_image":[{"width":924,"height":617,"url":"https:\/\/www.eldiario.net\/portal\/wp-content\/uploads\/2024\/05\/NOTA-3-FOTO-4.jpg","type":"image\/jpeg"}],"author":"Jeanette","twitter_card":"summary_large_image","twitter_creator":"@eldiario_net","twitter_site":"@eldiario_net","twitter_misc":{"Escrito por":"Jeanette","Tiempo de lectura":"4 minutos"},"schema":{"@context":"https:\/\/schema.org","@graph":[{"@type":"Article","@id":"https:\/\/www.eldiario.net\/portal\/2024\/05\/29\/no-busques-deja-que-te-encuentren-2\/#article","isPartOf":{"@id":"https:\/\/www.eldiario.net\/portal\/2024\/05\/29\/no-busques-deja-que-te-encuentren-2\/"},"author":{"name":"Jeanette","@id":"https:\/\/www.eldiario.net\/portal\/#\/schema\/person\/2c57cf2b7a7ae032e449e4c9b1019eac"},"headline":"No busques, deja que te encuentren","datePublished":"2024-05-29T10:18:43+00:00","mainEntityOfPage":{"@id":"https:\/\/www.eldiario.net\/portal\/2024\/05\/29\/no-busques-deja-que-te-encuentren-2\/"},"wordCount":743,"commentCount":0,"publisher":{"@id":"https:\/\/www.eldiario.net\/portal\/#organization"},"image":{"@id":"https:\/\/www.eldiario.net\/portal\/2024\/05\/29\/no-busques-deja-que-te-encuentren-2\/#primaryimage"},"thumbnailUrl":"https:\/\/www.eldiario.net\/portal\/wp-content\/uploads\/2024\/05\/NOTA-3-FOTO-4.jpg","articleSection":["Femenina"],"inLanguage":"es","potentialAction":[{"@type":"CommentAction","name":"Comment","target":["https:\/\/www.eldiario.net\/portal\/2024\/05\/29\/no-busques-deja-que-te-encuentren-2\/#respond"]}]},{"@type":"WebPage","@id":"https:\/\/www.eldiario.net\/portal\/2024\/05\/29\/no-busques-deja-que-te-encuentren-2\/","url":"https:\/\/www.eldiario.net\/portal\/2024\/05\/29\/no-busques-deja-que-te-encuentren-2\/","name":"No busques, deja que te encuentren - El Diario - Bolivia","isPartOf":{"@id":"https:\/\/www.eldiario.net\/portal\/#website"},"primaryImageOfPage":{"@id":"https:\/\/www.eldiario.net\/portal\/2024\/05\/29\/no-busques-deja-que-te-encuentren-2\/#primaryimage"},"image":{"@id":"https:\/\/www.eldiario.net\/portal\/2024\/05\/29\/no-busques-deja-que-te-encuentren-2\/#primaryimage"},"thumbnailUrl":"https:\/\/www.eldiario.net\/portal\/wp-content\/uploads\/2024\/05\/NOTA-3-FOTO-4.jpg","datePublished":"2024-05-29T10:18:43+00:00","breadcrumb":{"@id":"https:\/\/www.eldiario.net\/portal\/2024\/05\/29\/no-busques-deja-que-te-encuentren-2\/#breadcrumb"},"inLanguage":"es","potentialAction":[{"@type":"ReadAction","target":["https:\/\/www.eldiario.net\/portal\/2024\/05\/29\/no-busques-deja-que-te-encuentren-2\/"]}]},{"@type":"ImageObject","inLanguage":"es","@id":"https:\/\/www.eldiario.net\/portal\/2024\/05\/29\/no-busques-deja-que-te-encuentren-2\/#primaryimage","url":"https:\/\/www.eldiario.net\/portal\/wp-content\/uploads\/2024\/05\/NOTA-3-FOTO-4.jpg","contentUrl":"https:\/\/www.eldiario.net\/portal\/wp-content\/uploads\/2024\/05\/NOTA-3-FOTO-4.jpg","width":924,"height":617,"caption":"SI NO HAY LUGAR EN SU VIDA PARA TI, D\u00c9JALO IR."},{"@type":"BreadcrumbList","@id":"https:\/\/www.eldiario.net\/portal\/2024\/05\/29\/no-busques-deja-que-te-encuentren-2\/#breadcrumb","itemListElement":[{"@type":"ListItem","position":1,"name":"Portada","item":"https:\/\/www.eldiario.net\/portal\/"},{"@type":"ListItem","position":2,"name":"No busques, deja que te encuentren"}]},{"@type":"WebSite","@id":"https:\/\/www.eldiario.net\/portal\/#website","url":"https:\/\/www.eldiario.net\/portal\/","name":"El Diario - Decano de la prensa nacional","description":"El Diario - Decano de la prensa nacional","publisher":{"@id":"https:\/\/www.eldiario.net\/portal\/#organization"},"potentialAction":[{"@type":"SearchAction","target":{"@type":"EntryPoint","urlTemplate":"https:\/\/www.eldiario.net\/portal\/?s={search_term_string}"},"query-input":{"@type":"PropertyValueSpecification","valueRequired":true,"valueName":"search_term_string"}}],"inLanguage":"es"},{"@type":"Organization","@id":"https:\/\/www.eldiario.net\/portal\/#organization","name":"El Diario - Decano de la prensa nacional","url":"https:\/\/www.eldiario.net\/portal\/","logo":{"@type":"ImageObject","inLanguage":"es","@id":"https:\/\/www.eldiario.net\/portal\/#\/schema\/logo\/image\/","url":"https:\/\/www.eldiario.net\/portal\/wp-content\/uploads\/2023\/07\/logo_ED.jpg","contentUrl":"https:\/\/www.eldiario.net\/portal\/wp-content\/uploads\/2023\/07\/logo_ED.jpg","width":272,"height":52,"caption":"El Diario - Decano de la prensa nacional"},"image":{"@id":"https:\/\/www.eldiario.net\/portal\/#\/schema\/logo\/image\/"},"sameAs":["https:\/\/www.facebook.com\/eldiario.bolivia\/","https:\/\/x.com\/eldiario_net"]},{"@type":"Person","@id":"https:\/\/www.eldiario.net\/portal\/#\/schema\/person\/2c57cf2b7a7ae032e449e4c9b1019eac","name":"Jeanette","image":{"@type":"ImageObject","inLanguage":"es","@id":"https:\/\/secure.gravatar.com\/avatar\/3ea2118a5f7dad2b7138b1187a6b7ee55f160b9968b66013c3a3ef39dd7e5798?s=96&d=mm&r=g","url":"https:\/\/secure.gravatar.com\/avatar\/3ea2118a5f7dad2b7138b1187a6b7ee55f160b9968b66013c3a3ef39dd7e5798?s=96&d=mm&r=g","contentUrl":"https:\/\/secure.gravatar.com\/avatar\/3ea2118a5f7dad2b7138b1187a6b7ee55f160b9968b66013c3a3ef39dd7e5798?s=96&d=mm&r=g","caption":"Jeanette"},"sameAs":["https:\/\/www.eldiario.net\/portal"],"url":"https:\/\/www.eldiario.net\/portal\/author\/jeanette\/"}]}},"_links":{"self":[{"href":"https:\/\/www.eldiario.net\/portal\/wp-json\/wp\/v2\/posts\/223763","targetHints":{"allow":["GET"]}}],"collection":[{"href":"https:\/\/www.eldiario.net\/portal\/wp-json\/wp\/v2\/posts"}],"about":[{"href":"https:\/\/www.eldiario.net\/portal\/wp-json\/wp\/v2\/types\/post"}],"author":[{"embeddable":true,"href":"https:\/\/www.eldiario.net\/portal\/wp-json\/wp\/v2\/users\/1"}],"replies":[{"embeddable":true,"href":"https:\/\/www.eldiario.net\/portal\/wp-json\/wp\/v2\/comments?post=223763"}],"version-history":[{"count":1,"href":"https:\/\/www.eldiario.net\/portal\/wp-json\/wp\/v2\/posts\/223763\/revisions"}],"predecessor-version":[{"id":223765,"href":"https:\/\/www.eldiario.net\/portal\/wp-json\/wp\/v2\/posts\/223763\/revisions\/223765"}],"wp:featuredmedia":[{"embeddable":true,"href":"https:\/\/www.eldiario.net\/portal\/wp-json\/wp\/v2\/media\/223764"}],"wp:attachment":[{"href":"https:\/\/www.eldiario.net\/portal\/wp-json\/wp\/v2\/media?parent=223763"}],"wp:term":[{"taxonomy":"category","embeddable":true,"href":"https:\/\/www.eldiario.net\/portal\/wp-json\/wp\/v2\/categories?post=223763"},{"taxonomy":"post_tag","embeddable":true,"href":"https:\/\/www.eldiario.net\/portal\/wp-json\/wp\/v2\/tags?post=223763"}],"curies":[{"name":"wp","href":"https:\/\/api.w.org\/{rel}","templated":true}]}}