{"id":223759,"date":"2024-05-29T06:17:45","date_gmt":"2024-05-29T10:17:45","guid":{"rendered":"https:\/\/www.eldiario.net\/portal\/?p=223759"},"modified":"2024-05-29T06:17:45","modified_gmt":"2024-05-29T10:17:45","slug":"ckocko","status":"publish","type":"post","link":"https:\/\/www.eldiario.net\/portal\/2024\/05\/29\/ckocko\/","title":{"rendered":"CKOCKO"},"content":{"rendered":"<p>Queridos lectores, la gastronom\u00eda Chuquisaque\u00f1a, oriunda del departamento de Chuquisaca, es un testimonio vibrante de la rica herencia cultural y las tradiciones culinarias de esta regi\u00f3n. Su epicentro, la ciudad de Sucre, conocida antiguamente como La Plata y Charcas, ha sido el crisol donde se han fundido influencias ind\u00edgenas y europeas para dar lugar a una cocina singularmente deliciosa y diversa.<\/p>\n<p>Esta regi\u00f3n, bendecida con una gran variedad de ingredientes naturales provenientes de los f\u00e9rtiles valles y chaco, como los mejores aj\u00edes y man\u00edes del mundo, ha sido el hogar de recetas que se transmiten de generaci\u00f3n en generaci\u00f3n, preservando el legado culinario de los pueblos ind\u00edgenas, como los quechuas y aimaras, y enriqueci\u00e9ndose con los aportes tra\u00eddos por los colonizadores espa\u00f1oles.<\/p>\n<p>La ciudad de Sucre, no solo es la capital hist\u00f3rica de Bolivia, sino tambi\u00e9n el escenario de uno de los episodios m\u00e1s cruciales en la lucha por la independencia sudamericana: la Revoluci\u00f3n de Charcas de 1809. Este movimiento, que marc\u00f3 el inicio del proceso independentista en el continente, fue impulsado por un sentimiento de libertad y justicia, y liderado por figuras clave como Jaime Zud\u00e1\u00f1ez y Manuel Ascencio Padilla.<\/p>\n<p>La revoluci\u00f3n de Charcas fue el primer grito libertario en Hispanoam\u00e9rica, un levantamiento que se adelant\u00f3 a las independencias de otras naciones del continente. La ciudad de Sucre, con su arquitectura colonial y su ambiente intelectual y acad\u00e9mico, se convirti\u00f3 en un foco de ideas revolucionarias y aspiraciones de libertad, las cuales resonaron en toda Am\u00e9rica del Sur.<\/p>\n<p>La receta que comparto hoy con ustedes, el Ckocko, una variaci\u00f3n o mestizaje de la original, se nacionaliz\u00f3 con la utilizaci\u00f3n de ingredientes del lugar como la chicha y el aj\u00ed aplicada a la receta tradicional llegada con los europeos, el coq au vin, un cl\u00e1sico de la cocina francesa, tiene sus ra\u00edces en la tradici\u00f3n campesina de aprovechar al m\u00e1ximo los ingredientes disponibles. Este plato, que se traduce literalmente como \u00abgallo al vino\u00bb, surgi\u00f3 como una forma de ablandar la carne dura de los gallos viejos mediante una cocci\u00f3n prolongada en vino.<\/p>\n<p>Se cree que el coq au vin tiene una historia milenaria, posiblemente remont\u00e1ndose a la \u00e9poca romana. Seg\u00fan una leyenda, el plato fue creado cuando los romanos invadieron la Galia y el jefe galo obsequi\u00f3 a Julio C\u00e9sar un gallo cocinado en vino como s\u00edmbolo de resistencia. Sin embargo, esta an\u00e9cdota no tiene pruebas hist\u00f3ricas concretas.<\/p>\n<p>En conclusi\u00f3n, la gastronom\u00eda Chuquisaque\u00f1a es una ventana a la identidad cultural de Sucre y sus alrededores, un fest\u00edn que celebra tanto su rica historia como su vibrante presente. Cada plato, como el Ckocko, es una obra maestra que invita a explorar y apreciar la diversidad y riqueza de esta regi\u00f3n \u00fanica de Bolivia.<\/p>\n<p>\u00a1Disfruten de la historia culinaria de nuestra capital!<\/p>\n<p>&nbsp;<\/p>\n<p><strong>CKOCKO<\/strong><\/p>\n<p>&nbsp;<\/p>\n<p><strong>Ingredientes:<\/strong><\/p>\n<p>4 presas de pollo (pierna y entrepierna o pechuga con ala)<\/p>\n<p>3 cucharas de aj\u00ed colorado chuquisaque\u00f1o<\/p>\n<p>\u00bd taza de aj\u00ed amarillo chuquisaque\u00f1o<\/p>\n<p>1 u. cebolla grande cortada en juliana<\/p>\n<p>1 lt. de caldo de pollo<\/p>\n<p>1 taza de chicha<\/p>\n<p>2 u. dientes de ajo machacados<\/p>\n<p>Sal<\/p>\n<p>Pimienta<\/p>\n<p>4 u. papas blancas medianas peladas<\/p>\n<p>250 gr. fideo tipo tallar\u00edn<\/p>\n<p>1 u. cebolla mediana cortada en pluma<\/p>\n<p>2 cucharas de aceite<\/p>\n<p>2 u. tomates medianos pelados picados en brunoise<\/p>\n<p>100 gr. uvas pasas blancas hidratadas<\/p>\n<p>150 gr. queso criollo raspado<\/p>\n<p>2 cucharas de perejil picado fino<\/p>\n<p><strong>Preparaci\u00f3n:<\/strong><\/p>\n<p>En una olla grande poner a cocer las presas en el fondo de pollo, agregar el aj\u00ed amarillo y colorado, ajo machacado, cebolla y sal pimentar a gusto. Dejar cocer y al terminar la cocci\u00f3n reservar.<\/p>\n<p>En una olla con agua en ebullici\u00f3n cocer las papas y reservar.<\/p>\n<p>En una cacerola mediana con agua en ebullici\u00f3n cocer los fideos, si desea agregar una hoja de laurel, poner sal al gusto. Reservar.<\/p>\n<p>En un sart\u00e9n peque\u00f1o calentar el aceite y sofre\u00edr la cebolla junto al tomate en brunoise, agregar una cuchara de aj\u00ed amarillo o puede utilizar palillo (colorante amarillo), al finalizar agregar las uvas pasas blancas, remover y reservar.<\/p>\n<p>Faltando 5 minutos para servir la comida, verter la chicha en la preparaci\u00f3n del pollo.<\/p>\n<p><strong>Servir<\/strong><\/p>\n<p>En un plato semi hondo colocar la presa de pollo con jugo, la papa, el fideo y encima del fideo verter el ahogado, espolvorear queso y perejil sobre las presas de pollo.<\/p>\n<p>\u00a1Buen provecho!<\/p>\n<p>Queridos lectores hasta la pr\u00f3xima cucharada de sabidur\u00eda gastron\u00f3mica y no olviden que:<\/p>\n<p>\u201cLa comida hecha con amor, f\u00edsica, qu\u00edmica y biol\u00f3gicamente sabe mejor\u201d<\/p>\n<p>Chef Franz R. Arandia Belmonte<\/p>\n<p>Gastr\u00f3nomo Profesional e Investigador Gastron\u00f3mico<\/p>\n<p>Facebook Fan Page: Chef Ara\u00f1a<\/p>\n<p>Facebook: Ara\u00f1a del monte<\/p>\n<p>Facebook: Paladar Mundial Un Gusto Surreal<\/p>\n<p>Blog: Gastrobiologia.wordpress.com<\/p>\n<p>Instagram: Arana_del_monte<\/p>\n<p>Tik tok: chef.aranha<\/p>\n\r\n                <style type=\"text\/css\">\r\n                    \r\n                    #tdi_1  .td-doubleSlider-2 .td-item1 {\r\n                        background: url(https:\/\/www.eldiario.net\/portal\/wp-content\/uploads\/2024\/05\/NOTA-4-FOTO-1-3-80x60.jpg) 0 0 no-repeat;\r\n                    }\r\n                    #tdi_1  .td-doubleSlider-2 .td-item2 {\r\n                        background: url(https:\/\/www.eldiario.net\/portal\/wp-content\/uploads\/2024\/05\/NOTA-4-FOTO-2-3-80x60.jpeg) 0 0 no-repeat;\r\n                    }\r\n                <\/style>\r\n\r\n                <div id=\"tdi_1\" class=\"td-gallery td-slide-on-2-columns\">\r\n                    <div class=\"post_td_gallery\">\r\n                        <div class=\"td-gallery-slide-top\">\r\n                           <div class=\"td-gallery-title\"><\/div>\r\n\r\n                            <div class=\"td-gallery-controls-wrapper\">\r\n                                <div class=\"td-gallery-slide-count\"><span class=\"td-gallery-slide-item-focus\">1<\/span> de 2<\/div>\r\n                                <div class=\"td-gallery-slide-prev-next-but\">\r\n                                    <i class = \"td-icon-left doubleSliderPrevButton\"><\/i>\r\n                                    <i class = \"td-icon-right doubleSliderNextButton\"><\/i>\r\n                                <\/div>\r\n                            <\/div>\r\n                        <\/div>\r\n\r\n                        <div class = \"td-doubleSlider-1 \">\r\n                            <div class = \"td-slider\">\r\n                                \r\n                    <div class = \"td-slide-item td-item1\">\r\n                        <figure class=\"td-slide-galery-figure td-slide-popup-gallery\">\r\n                            <a class=\"slide-gallery-image-link\" href=\"https:\/\/www.eldiario.net\/portal\/wp-content\/uploads\/2024\/05\/NOTA-4-FOTO-1-3.jpg\" title=\"NOTA-4-FOTO-1\"  data-caption=\"CKOCKO\"  data-description=\"\">\r\n                                <img decoding=\"async\" src=\"https:\/\/www.eldiario.net\/portal\/wp-content\/uploads\/2024\/05\/NOTA-4-FOTO-1-3-315x420.jpg\" srcset=\"https:\/\/www.eldiario.net\/portal\/wp-content\/uploads\/2024\/05\/NOTA-4-FOTO-1-3-315x420.jpg 315w, https:\/\/www.eldiario.net\/portal\/wp-content\/uploads\/2024\/05\/NOTA-4-FOTO-1-3-225x300.jpg 225w, https:\/\/www.eldiario.net\/portal\/wp-content\/uploads\/2024\/05\/NOTA-4-FOTO-1-3-768x1024.jpg 768w, https:\/\/www.eldiario.net\/portal\/wp-content\/uploads\/2024\/05\/NOTA-4-FOTO-1-3-696x928.jpg 696w, https:\/\/www.eldiario.net\/portal\/wp-content\/uploads\/2024\/05\/NOTA-4-FOTO-1-3.jpg 786w\" sizes=\"(max-width: 315px) 100vw, 315px\" alt=\"\">\r\n                            <\/a>\r\n                            <figcaption class = \"td-slide-caption td-gallery-slide-content\"><div class = \"td-gallery-slide-copywrite\">CKOCKO<\/div><\/figcaption>\r\n                        <\/figure>\r\n                    <\/div>\r\n                    <div class = \"td-slide-item td-item2\">\r\n                        <figure class=\"td-slide-galery-figure td-slide-popup-gallery\">\r\n                            <a class=\"slide-gallery-image-link\" href=\"https:\/\/www.eldiario.net\/portal\/wp-content\/uploads\/2024\/05\/NOTA-4-FOTO-2-3.jpeg\" title=\"NOTA 4 FOTO 2\"  data-caption=\"CHEF FRANZ ARANDIA\"  data-description=\"\">\r\n                                <img decoding=\"async\" src=\"https:\/\/www.eldiario.net\/portal\/wp-content\/uploads\/2024\/05\/NOTA-4-FOTO-2-3-420x420.jpeg\" srcset=\"https:\/\/www.eldiario.net\/portal\/wp-content\/uploads\/2024\/05\/NOTA-4-FOTO-2-3-420x420.jpeg 420w, https:\/\/www.eldiario.net\/portal\/wp-content\/uploads\/2024\/05\/NOTA-4-FOTO-2-3-300x300.jpeg 300w, https:\/\/www.eldiario.net\/portal\/wp-content\/uploads\/2024\/05\/NOTA-4-FOTO-2-3-150x150.jpeg 150w, https:\/\/www.eldiario.net\/portal\/wp-content\/uploads\/2024\/05\/NOTA-4-FOTO-2-3.jpeg 612w\" sizes=\"(max-width: 420px) 100vw, 420px\" alt=\"\">\r\n                            <\/a>\r\n                            <figcaption class = \"td-slide-caption td-gallery-slide-content\"><div class = \"td-gallery-slide-copywrite\">CHEF FRANZ ARANDIA<\/div><\/figcaption>\r\n                        <\/figure>\r\n                    <\/div>\r\n                            <\/div>\r\n                        <\/div>\r\n\r\n                        <div class = \"td-doubleSlider-2\">\r\n                            <div class = \"td-slider\">\r\n                                \r\n                    <div class = \"td-button td-item1\">\r\n                        <div class = \"td-border\"><\/div>\r\n                    <\/div>\r\n                    <div class = \"td-button td-item2\">\r\n                        <div class = \"td-border\"><\/div>\r\n                    <\/div>\r\n                            <\/div>\r\n                        <\/div>\r\n\r\n                    <\/div>\r\n\r\n                <\/div>\r\n                \n","protected":false},"excerpt":{"rendered":"<p>Queridos lectores, la gastronom\u00eda Chuquisaque\u00f1a, oriunda del departamento de Chuquisaca, es un testimonio vibrante de la rica herencia cultural y las tradiciones culinarias de esta regi\u00f3n. Su epicentro, la ciudad de Sucre, conocida antiguamente como La Plata y Charcas, ha sido el crisol donde se han fundido influencias ind\u00edgenas y europeas para dar lugar a [&hellip;]<\/p>\n","protected":false},"author":1,"featured_media":223760,"comment_status":"open","ping_status":"open","sticky":false,"template":"","format":"standard","meta":{"_acf_changed":false,"footnotes":""},"categories":[42],"tags":[],"class_list":["post-223759","post","type-post","status-publish","format-standard","has-post-thumbnail","category-femenina"],"acf":{"antetitulo":"Gastronom\u00eda"},"yoast_head":"<!-- This site is optimized with the Yoast SEO plugin v28.4 - https:\/\/yoast.com\/product\/yoast-seo-wordpress\/ -->\n<title>CKOCKO - El Diario - Bolivia<\/title>\n<meta name=\"robots\" content=\"index, follow, max-snippet:-1, max-image-preview:large, max-video-preview:-1\" \/>\n<link rel=\"canonical\" href=\"https:\/\/www.eldiario.net\/portal\/2024\/05\/29\/ckocko\/\" \/>\n<meta property=\"og:locale\" content=\"es_ES\" \/>\n<meta property=\"og:type\" content=\"article\" \/>\n<meta property=\"og:title\" content=\"CKOCKO - El Diario - Bolivia\" \/>\n<meta property=\"og:description\" content=\"Queridos lectores, la gastronom\u00eda Chuquisaque\u00f1a, oriunda del departamento de Chuquisaca, es un testimonio vibrante de la rica herencia cultural y las tradiciones culinarias de esta regi\u00f3n. Su epicentro, la ciudad de Sucre, conocida antiguamente como La Plata y Charcas, ha sido el crisol donde se han fundido influencias ind\u00edgenas y europeas para dar lugar a [&hellip;]\" \/>\n<meta property=\"og:url\" content=\"https:\/\/www.eldiario.net\/portal\/2024\/05\/29\/ckocko\/\" \/>\n<meta property=\"og:site_name\" content=\"El Diario - Bolivia\" \/>\n<meta property=\"article:publisher\" content=\"https:\/\/www.facebook.com\/eldiario.bolivia\/\" \/>\n<meta property=\"article:published_time\" content=\"2024-05-29T10:17:45+00:00\" \/>\n<meta property=\"og:image\" content=\"https:\/\/www.eldiario.net\/portal\/wp-content\/uploads\/2024\/05\/NOTA-4-FOTO-1-3.jpg\" \/>\n\t<meta property=\"og:image:width\" content=\"786\" \/>\n\t<meta property=\"og:image:height\" content=\"1048\" \/>\n\t<meta property=\"og:image:type\" content=\"image\/jpeg\" \/>\n<meta name=\"author\" content=\"Jeanette\" \/>\n<meta name=\"twitter:card\" content=\"summary_large_image\" \/>\n<meta name=\"twitter:creator\" content=\"@eldiario_net\" \/>\n<meta name=\"twitter:site\" content=\"@eldiario_net\" \/>\n<meta name=\"twitter:label1\" content=\"Escrito por\" \/>\n\t<meta name=\"twitter:data1\" content=\"Jeanette\" \/>\n\t<meta name=\"twitter:label2\" content=\"Tiempo de lectura\" \/>\n\t<meta name=\"twitter:data2\" content=\"4 minutos\" \/>\n<script type=\"application\/ld+json\" class=\"yoast-schema-graph\">{\"@context\":\"https:\\\/\\\/schema.org\",\"@graph\":[{\"@type\":\"Article\",\"@id\":\"https:\\\/\\\/www.eldiario.net\\\/portal\\\/2024\\\/05\\\/29\\\/ckocko\\\/#article\",\"isPartOf\":{\"@id\":\"https:\\\/\\\/www.eldiario.net\\\/portal\\\/2024\\\/05\\\/29\\\/ckocko\\\/\"},\"author\":{\"name\":\"Jeanette\",\"@id\":\"https:\\\/\\\/www.eldiario.net\\\/portal\\\/#\\\/schema\\\/person\\\/2c57cf2b7a7ae032e449e4c9b1019eac\"},\"headline\":\"CKOCKO\",\"datePublished\":\"2024-05-29T10:17:45+00:00\",\"mainEntityOfPage\":{\"@id\":\"https:\\\/\\\/www.eldiario.net\\\/portal\\\/2024\\\/05\\\/29\\\/ckocko\\\/\"},\"wordCount\":835,\"commentCount\":0,\"publisher\":{\"@id\":\"https:\\\/\\\/www.eldiario.net\\\/portal\\\/#organization\"},\"image\":{\"@id\":\"https:\\\/\\\/www.eldiario.net\\\/portal\\\/2024\\\/05\\\/29\\\/ckocko\\\/#primaryimage\"},\"thumbnailUrl\":\"https:\\\/\\\/www.eldiario.net\\\/portal\\\/wp-content\\\/uploads\\\/2024\\\/05\\\/NOTA-4-FOTO-1-3.jpg\",\"articleSection\":[\"Femenina\"],\"inLanguage\":\"es\",\"potentialAction\":[{\"@type\":\"CommentAction\",\"name\":\"Comment\",\"target\":[\"https:\\\/\\\/www.eldiario.net\\\/portal\\\/2024\\\/05\\\/29\\\/ckocko\\\/#respond\"]}]},{\"@type\":\"WebPage\",\"@id\":\"https:\\\/\\\/www.eldiario.net\\\/portal\\\/2024\\\/05\\\/29\\\/ckocko\\\/\",\"url\":\"https:\\\/\\\/www.eldiario.net\\\/portal\\\/2024\\\/05\\\/29\\\/ckocko\\\/\",\"name\":\"CKOCKO - El Diario - Bolivia\",\"isPartOf\":{\"@id\":\"https:\\\/\\\/www.eldiario.net\\\/portal\\\/#website\"},\"primaryImageOfPage\":{\"@id\":\"https:\\\/\\\/www.eldiario.net\\\/portal\\\/2024\\\/05\\\/29\\\/ckocko\\\/#primaryimage\"},\"image\":{\"@id\":\"https:\\\/\\\/www.eldiario.net\\\/portal\\\/2024\\\/05\\\/29\\\/ckocko\\\/#primaryimage\"},\"thumbnailUrl\":\"https:\\\/\\\/www.eldiario.net\\\/portal\\\/wp-content\\\/uploads\\\/2024\\\/05\\\/NOTA-4-FOTO-1-3.jpg\",\"datePublished\":\"2024-05-29T10:17:45+00:00\",\"breadcrumb\":{\"@id\":\"https:\\\/\\\/www.eldiario.net\\\/portal\\\/2024\\\/05\\\/29\\\/ckocko\\\/#breadcrumb\"},\"inLanguage\":\"es\",\"potentialAction\":[{\"@type\":\"ReadAction\",\"target\":[\"https:\\\/\\\/www.eldiario.net\\\/portal\\\/2024\\\/05\\\/29\\\/ckocko\\\/\"]}]},{\"@type\":\"ImageObject\",\"inLanguage\":\"es\",\"@id\":\"https:\\\/\\\/www.eldiario.net\\\/portal\\\/2024\\\/05\\\/29\\\/ckocko\\\/#primaryimage\",\"url\":\"https:\\\/\\\/www.eldiario.net\\\/portal\\\/wp-content\\\/uploads\\\/2024\\\/05\\\/NOTA-4-FOTO-1-3.jpg\",\"contentUrl\":\"https:\\\/\\\/www.eldiario.net\\\/portal\\\/wp-content\\\/uploads\\\/2024\\\/05\\\/NOTA-4-FOTO-1-3.jpg\",\"width\":786,\"height\":1048,\"caption\":\"CKOCKO\"},{\"@type\":\"BreadcrumbList\",\"@id\":\"https:\\\/\\\/www.eldiario.net\\\/portal\\\/2024\\\/05\\\/29\\\/ckocko\\\/#breadcrumb\",\"itemListElement\":[{\"@type\":\"ListItem\",\"position\":1,\"name\":\"Portada\",\"item\":\"https:\\\/\\\/www.eldiario.net\\\/portal\\\/\"},{\"@type\":\"ListItem\",\"position\":2,\"name\":\"CKOCKO\"}]},{\"@type\":\"WebSite\",\"@id\":\"https:\\\/\\\/www.eldiario.net\\\/portal\\\/#website\",\"url\":\"https:\\\/\\\/www.eldiario.net\\\/portal\\\/\",\"name\":\"El Diario - Decano de la prensa nacional\",\"description\":\"El Diario - Decano de la prensa nacional\",\"publisher\":{\"@id\":\"https:\\\/\\\/www.eldiario.net\\\/portal\\\/#organization\"},\"potentialAction\":[{\"@type\":\"SearchAction\",\"target\":{\"@type\":\"EntryPoint\",\"urlTemplate\":\"https:\\\/\\\/www.eldiario.net\\\/portal\\\/?s={search_term_string}\"},\"query-input\":{\"@type\":\"PropertyValueSpecification\",\"valueRequired\":true,\"valueName\":\"search_term_string\"}}],\"inLanguage\":\"es\"},{\"@type\":\"Organization\",\"@id\":\"https:\\\/\\\/www.eldiario.net\\\/portal\\\/#organization\",\"name\":\"El Diario - Decano de la prensa nacional\",\"url\":\"https:\\\/\\\/www.eldiario.net\\\/portal\\\/\",\"logo\":{\"@type\":\"ImageObject\",\"inLanguage\":\"es\",\"@id\":\"https:\\\/\\\/www.eldiario.net\\\/portal\\\/#\\\/schema\\\/logo\\\/image\\\/\",\"url\":\"https:\\\/\\\/www.eldiario.net\\\/portal\\\/wp-content\\\/uploads\\\/2023\\\/07\\\/logo_ED.jpg\",\"contentUrl\":\"https:\\\/\\\/www.eldiario.net\\\/portal\\\/wp-content\\\/uploads\\\/2023\\\/07\\\/logo_ED.jpg\",\"width\":272,\"height\":52,\"caption\":\"El Diario - Decano de la prensa nacional\"},\"image\":{\"@id\":\"https:\\\/\\\/www.eldiario.net\\\/portal\\\/#\\\/schema\\\/logo\\\/image\\\/\"},\"sameAs\":[\"https:\\\/\\\/www.facebook.com\\\/eldiario.bolivia\\\/\",\"https:\\\/\\\/x.com\\\/eldiario_net\"]},{\"@type\":\"Person\",\"@id\":\"https:\\\/\\\/www.eldiario.net\\\/portal\\\/#\\\/schema\\\/person\\\/2c57cf2b7a7ae032e449e4c9b1019eac\",\"name\":\"Jeanette\",\"image\":{\"@type\":\"ImageObject\",\"inLanguage\":\"es\",\"@id\":\"https:\\\/\\\/secure.gravatar.com\\\/avatar\\\/3ea2118a5f7dad2b7138b1187a6b7ee55f160b9968b66013c3a3ef39dd7e5798?s=96&d=mm&r=g\",\"url\":\"https:\\\/\\\/secure.gravatar.com\\\/avatar\\\/3ea2118a5f7dad2b7138b1187a6b7ee55f160b9968b66013c3a3ef39dd7e5798?s=96&d=mm&r=g\",\"contentUrl\":\"https:\\\/\\\/secure.gravatar.com\\\/avatar\\\/3ea2118a5f7dad2b7138b1187a6b7ee55f160b9968b66013c3a3ef39dd7e5798?s=96&d=mm&r=g\",\"caption\":\"Jeanette\"},\"sameAs\":[\"https:\\\/\\\/www.eldiario.net\\\/portal\"],\"url\":\"https:\\\/\\\/www.eldiario.net\\\/portal\\\/author\\\/jeanette\\\/\"}]}<\/script>\n<!-- \/ Yoast SEO plugin. -->","yoast_head_json":{"title":"CKOCKO - El Diario - Bolivia","robots":{"index":"index","follow":"follow","max-snippet":"max-snippet:-1","max-image-preview":"max-image-preview:large","max-video-preview":"max-video-preview:-1"},"canonical":"https:\/\/www.eldiario.net\/portal\/2024\/05\/29\/ckocko\/","og_locale":"es_ES","og_type":"article","og_title":"CKOCKO - El Diario - Bolivia","og_description":"Queridos lectores, la gastronom\u00eda Chuquisaque\u00f1a, oriunda del departamento de Chuquisaca, es un testimonio vibrante de la rica herencia cultural y las tradiciones culinarias de esta regi\u00f3n. Su epicentro, la ciudad de Sucre, conocida antiguamente como La Plata y Charcas, ha sido el crisol donde se han fundido influencias ind\u00edgenas y europeas para dar lugar a [&hellip;]","og_url":"https:\/\/www.eldiario.net\/portal\/2024\/05\/29\/ckocko\/","og_site_name":"El Diario - Bolivia","article_publisher":"https:\/\/www.facebook.com\/eldiario.bolivia\/","article_published_time":"2024-05-29T10:17:45+00:00","og_image":[{"width":786,"height":1048,"url":"https:\/\/www.eldiario.net\/portal\/wp-content\/uploads\/2024\/05\/NOTA-4-FOTO-1-3.jpg","type":"image\/jpeg"}],"author":"Jeanette","twitter_card":"summary_large_image","twitter_creator":"@eldiario_net","twitter_site":"@eldiario_net","twitter_misc":{"Escrito por":"Jeanette","Tiempo de lectura":"4 minutos"},"schema":{"@context":"https:\/\/schema.org","@graph":[{"@type":"Article","@id":"https:\/\/www.eldiario.net\/portal\/2024\/05\/29\/ckocko\/#article","isPartOf":{"@id":"https:\/\/www.eldiario.net\/portal\/2024\/05\/29\/ckocko\/"},"author":{"name":"Jeanette","@id":"https:\/\/www.eldiario.net\/portal\/#\/schema\/person\/2c57cf2b7a7ae032e449e4c9b1019eac"},"headline":"CKOCKO","datePublished":"2024-05-29T10:17:45+00:00","mainEntityOfPage":{"@id":"https:\/\/www.eldiario.net\/portal\/2024\/05\/29\/ckocko\/"},"wordCount":835,"commentCount":0,"publisher":{"@id":"https:\/\/www.eldiario.net\/portal\/#organization"},"image":{"@id":"https:\/\/www.eldiario.net\/portal\/2024\/05\/29\/ckocko\/#primaryimage"},"thumbnailUrl":"https:\/\/www.eldiario.net\/portal\/wp-content\/uploads\/2024\/05\/NOTA-4-FOTO-1-3.jpg","articleSection":["Femenina"],"inLanguage":"es","potentialAction":[{"@type":"CommentAction","name":"Comment","target":["https:\/\/www.eldiario.net\/portal\/2024\/05\/29\/ckocko\/#respond"]}]},{"@type":"WebPage","@id":"https:\/\/www.eldiario.net\/portal\/2024\/05\/29\/ckocko\/","url":"https:\/\/www.eldiario.net\/portal\/2024\/05\/29\/ckocko\/","name":"CKOCKO - El Diario - Bolivia","isPartOf":{"@id":"https:\/\/www.eldiario.net\/portal\/#website"},"primaryImageOfPage":{"@id":"https:\/\/www.eldiario.net\/portal\/2024\/05\/29\/ckocko\/#primaryimage"},"image":{"@id":"https:\/\/www.eldiario.net\/portal\/2024\/05\/29\/ckocko\/#primaryimage"},"thumbnailUrl":"https:\/\/www.eldiario.net\/portal\/wp-content\/uploads\/2024\/05\/NOTA-4-FOTO-1-3.jpg","datePublished":"2024-05-29T10:17:45+00:00","breadcrumb":{"@id":"https:\/\/www.eldiario.net\/portal\/2024\/05\/29\/ckocko\/#breadcrumb"},"inLanguage":"es","potentialAction":[{"@type":"ReadAction","target":["https:\/\/www.eldiario.net\/portal\/2024\/05\/29\/ckocko\/"]}]},{"@type":"ImageObject","inLanguage":"es","@id":"https:\/\/www.eldiario.net\/portal\/2024\/05\/29\/ckocko\/#primaryimage","url":"https:\/\/www.eldiario.net\/portal\/wp-content\/uploads\/2024\/05\/NOTA-4-FOTO-1-3.jpg","contentUrl":"https:\/\/www.eldiario.net\/portal\/wp-content\/uploads\/2024\/05\/NOTA-4-FOTO-1-3.jpg","width":786,"height":1048,"caption":"CKOCKO"},{"@type":"BreadcrumbList","@id":"https:\/\/www.eldiario.net\/portal\/2024\/05\/29\/ckocko\/#breadcrumb","itemListElement":[{"@type":"ListItem","position":1,"name":"Portada","item":"https:\/\/www.eldiario.net\/portal\/"},{"@type":"ListItem","position":2,"name":"CKOCKO"}]},{"@type":"WebSite","@id":"https:\/\/www.eldiario.net\/portal\/#website","url":"https:\/\/www.eldiario.net\/portal\/","name":"El Diario - Decano de la prensa nacional","description":"El Diario - Decano de la prensa nacional","publisher":{"@id":"https:\/\/www.eldiario.net\/portal\/#organization"},"potentialAction":[{"@type":"SearchAction","target":{"@type":"EntryPoint","urlTemplate":"https:\/\/www.eldiario.net\/portal\/?s={search_term_string}"},"query-input":{"@type":"PropertyValueSpecification","valueRequired":true,"valueName":"search_term_string"}}],"inLanguage":"es"},{"@type":"Organization","@id":"https:\/\/www.eldiario.net\/portal\/#organization","name":"El Diario - Decano de la prensa nacional","url":"https:\/\/www.eldiario.net\/portal\/","logo":{"@type":"ImageObject","inLanguage":"es","@id":"https:\/\/www.eldiario.net\/portal\/#\/schema\/logo\/image\/","url":"https:\/\/www.eldiario.net\/portal\/wp-content\/uploads\/2023\/07\/logo_ED.jpg","contentUrl":"https:\/\/www.eldiario.net\/portal\/wp-content\/uploads\/2023\/07\/logo_ED.jpg","width":272,"height":52,"caption":"El Diario - Decano de la prensa nacional"},"image":{"@id":"https:\/\/www.eldiario.net\/portal\/#\/schema\/logo\/image\/"},"sameAs":["https:\/\/www.facebook.com\/eldiario.bolivia\/","https:\/\/x.com\/eldiario_net"]},{"@type":"Person","@id":"https:\/\/www.eldiario.net\/portal\/#\/schema\/person\/2c57cf2b7a7ae032e449e4c9b1019eac","name":"Jeanette","image":{"@type":"ImageObject","inLanguage":"es","@id":"https:\/\/secure.gravatar.com\/avatar\/3ea2118a5f7dad2b7138b1187a6b7ee55f160b9968b66013c3a3ef39dd7e5798?s=96&d=mm&r=g","url":"https:\/\/secure.gravatar.com\/avatar\/3ea2118a5f7dad2b7138b1187a6b7ee55f160b9968b66013c3a3ef39dd7e5798?s=96&d=mm&r=g","contentUrl":"https:\/\/secure.gravatar.com\/avatar\/3ea2118a5f7dad2b7138b1187a6b7ee55f160b9968b66013c3a3ef39dd7e5798?s=96&d=mm&r=g","caption":"Jeanette"},"sameAs":["https:\/\/www.eldiario.net\/portal"],"url":"https:\/\/www.eldiario.net\/portal\/author\/jeanette\/"}]}},"_links":{"self":[{"href":"https:\/\/www.eldiario.net\/portal\/wp-json\/wp\/v2\/posts\/223759","targetHints":{"allow":["GET"]}}],"collection":[{"href":"https:\/\/www.eldiario.net\/portal\/wp-json\/wp\/v2\/posts"}],"about":[{"href":"https:\/\/www.eldiario.net\/portal\/wp-json\/wp\/v2\/types\/post"}],"author":[{"embeddable":true,"href":"https:\/\/www.eldiario.net\/portal\/wp-json\/wp\/v2\/users\/1"}],"replies":[{"embeddable":true,"href":"https:\/\/www.eldiario.net\/portal\/wp-json\/wp\/v2\/comments?post=223759"}],"version-history":[{"count":1,"href":"https:\/\/www.eldiario.net\/portal\/wp-json\/wp\/v2\/posts\/223759\/revisions"}],"predecessor-version":[{"id":223762,"href":"https:\/\/www.eldiario.net\/portal\/wp-json\/wp\/v2\/posts\/223759\/revisions\/223762"}],"wp:featuredmedia":[{"embeddable":true,"href":"https:\/\/www.eldiario.net\/portal\/wp-json\/wp\/v2\/media\/223760"}],"wp:attachment":[{"href":"https:\/\/www.eldiario.net\/portal\/wp-json\/wp\/v2\/media?parent=223759"}],"wp:term":[{"taxonomy":"category","embeddable":true,"href":"https:\/\/www.eldiario.net\/portal\/wp-json\/wp\/v2\/categories?post=223759"},{"taxonomy":"post_tag","embeddable":true,"href":"https:\/\/www.eldiario.net\/portal\/wp-json\/wp\/v2\/tags?post=223759"}],"curies":[{"name":"wp","href":"https:\/\/api.w.org\/{rel}","templated":true}]}}