{"id":223754,"date":"2024-05-29T06:14:14","date_gmt":"2024-05-29T10:14:14","guid":{"rendered":"https:\/\/www.eldiario.net\/portal\/?p=223754"},"modified":"2024-05-29T06:14:14","modified_gmt":"2024-05-29T10:14:14","slug":"marset-y-narco-paraguayo-coordinan-envio-de-droga-hacia-europa","status":"publish","type":"post","link":"https:\/\/www.eldiario.net\/portal\/2024\/05\/29\/marset-y-narco-paraguayo-coordinan-envio-de-droga-hacia-europa\/","title":{"rendered":"Marset y narco paraguayo coordinan  env\u00edo de droga hacia Europa"},"content":{"rendered":"<p>Al narcotraficante uruguayo, Sebasti\u00e1n Marset, le faltaban unos datos para completar un cargamento de m\u00e1s de 4.500 kilos de coca\u00edna. Necesitaba confirmar los \u201cpuntos\u201d de Uruguay para cerrar el env\u00edo a un contacto que, junto a su colega paraguayo Miguel Insfr\u00e1n Galeano (conocido como T\u00edo Rico) llamaban Singapur.<\/p>\n<p>\u201cHoy tengo que dar una respuesta. Ma\u00f1ana se van a meter las cosas a la noche. Iban a ir el Colo y el Gordo, pero mejor enviar al Colo y a una persona de tu confianza creo. Vos qu\u00e9 opinas, vos pones entonces una persona, mi bro\u201d, le escribi\u00f3 Marset.<\/p>\n<p>El mensaje fue enviado a trav\u00e9s de la aplicaci\u00f3n Sky ECC y se incorporaron a la carpeta de investigaci\u00f3n judicial contra T\u00edo Rico en Paraguay. Los detalles del chat se desprenden de un an\u00e1lisis que hizo la Fiscal\u00eda del pa\u00eds para acusar al narco paraguayo por narcotr\u00e1fico, lavado de activos y asociaci\u00f3n criminal en el caso A Ultranza Py. Como pruebas, el fiscal analiz\u00f3 el testimonio de 90 personas, adem\u00e1s de 1.600 documentos, entre los que aparecen los chats con Marset, el narcotraficante uruguayo pr\u00f3fugo de la Justicia.<\/p>\n<p>Ese mensaje, de finales de agosto de 2020, muestra c\u00f3mo Marset coordin\u00f3 con Insfr\u00e1n el env\u00edo de avionetas cargadas con coca\u00edna que aterrizaron en el litoral de Uruguay, seg\u00fan los documentos judiciales informados por La Diaria.<\/p>\n<p>La misma comunicaci\u00f3n muestra que Marset quer\u00eda \u201ccerrar el a\u00f1o\u201d de forma exitosa y le propuso a T\u00edo Rico hacer dos trabajos de 5.000 kilos. Fueron tres env\u00edos los concretados en los \u00faltimos cuatro meses de 2020 (un total de 14.597 kilos), que le permitieron a la organizaci\u00f3n tener ganancias por USD 365 millones, si se consideran los valores del mercado europeo (USD 25.000 el kilo), que es lo que toma como referencia la Secretar\u00eda Nacional Antidrogas paraguaya.<\/p>\n<p>Pero esa cantidad de dinero es solo una muestra. A finales de agosto, otros mensajes de Marset detallan otros env\u00edos que ten\u00edan previstos para esa fecha. \u201cLuego 2400 para un trabajo m\u00e1s con presidente. 2000 m\u00e1s para el trabajo que vamos a hacer nosotros con Singapur y 1800 para completar 4000 con coflas y resiliencia. Y ese trabajo con 2000 de corso\u201d, escribi\u00f3.<\/p>\n<p>Singapur, Presidente, Resiliencia y Coflas son todos apodos para personas vinculadas a la organizaci\u00f3n. Corso, en tanto, es una de las marcas distintivas que se colocaban en los paquetes de coca\u00edna para identificarlas cuando llegaban al puerto europeo, consign\u00f3 el medio uruguayo.<\/p>\n<p>El ritmo de la actividad se mantuvo en el inicio de 2021. \u201cVamos a cargar 2400. Pero esperemos para preparar. Ya est\u00e1 en manos de sobri 5M azul para vos\u201d, escribi\u00f3 Marset el 7 de enero de ese a\u00f1o. Tres d\u00edas despu\u00e9s, el uruguayo volvi\u00f3 a escribirle a su \u201cbro\u201d. \u201c8M te dej\u00f3 el sobre all\u00e1. Yo ma\u00f1ana le paso m\u00e1s. Me dijo que dej\u00f3 2 de 450, mi bro\u201d, envi\u00f3.<\/p>\n<p>\u201c\u00bfYa mandaste? Tengo dos cargas para meter a uy (Uruguay)\u201d, escribi\u00f3 Marset un mes despu\u00e9s. Al d\u00eda siguiente, le inform\u00f3 que ten\u00eda otras dos cargas para \u201clos curepa (argentinos)\u201d.<\/p>\n<p>As\u00ed como la organizaci\u00f3n tuvo ganancias millonarias, tambi\u00e9n impacta el n\u00famero de las p\u00e9rdidas por las incautaciones que hubo en dos a\u00f1os. En total, fueron 17.340 kilos de coca\u00edna los que retuvo la polic\u00eda, por los que la organizaci\u00f3n perdi\u00f3 de ganar casi USD 434 millones.<\/p>\n<p>El narcotraficante uruguayo est\u00e1 pr\u00f3fugo desde fines de julio de 2023, cuando fue encontrado en Santa Cruz de la Sierra escondido en su faceta de futbolista. El delincuente logr\u00f3 entonces escapar de un allanamiento y su paradero sigue siendo desconocido. (Infobae)<\/p>\n","protected":false},"excerpt":{"rendered":"<p>Al narcotraficante uruguayo, Sebasti\u00e1n Marset, le faltaban unos datos para completar un cargamento de m\u00e1s de 4.500 kilos de coca\u00edna. Necesitaba confirmar los \u201cpuntos\u201d de Uruguay para cerrar el env\u00edo a un contacto que, junto a su colega paraguayo Miguel Insfr\u00e1n Galeano (conocido como T\u00edo Rico) llamaban Singapur. \u201cHoy tengo que dar una respuesta. Ma\u00f1ana [&hellip;]<\/p>\n","protected":false},"author":1,"featured_media":223755,"comment_status":"open","ping_status":"open","sticky":false,"template":"","format":"standard","meta":{"_acf_changed":false,"footnotes":""},"categories":[3],"tags":[],"class_list":["post-223754","post","type-post","status-publish","format-standard","has-post-thumbnail","category-internacional"],"acf":{"antetitulo":"Narcotraficante uruguayo pr\u00f3fugo de la Justicia"},"yoast_head":"<!-- This site is optimized with the Yoast SEO plugin v28.4 - https:\/\/yoast.com\/product\/yoast-seo-wordpress\/ -->\n<title>Marset y narco paraguayo coordinan env\u00edo de droga hacia Europa - El Diario - Bolivia<\/title>\n<meta name=\"robots\" content=\"index, follow, max-snippet:-1, max-image-preview:large, max-video-preview:-1\" \/>\n<link rel=\"canonical\" href=\"https:\/\/www.eldiario.net\/portal\/2024\/05\/29\/marset-y-narco-paraguayo-coordinan-envio-de-droga-hacia-europa\/\" \/>\n<meta property=\"og:locale\" content=\"es_ES\" \/>\n<meta property=\"og:type\" content=\"article\" \/>\n<meta property=\"og:title\" content=\"Marset y narco paraguayo coordinan env\u00edo de droga hacia Europa - El Diario - Bolivia\" \/>\n<meta property=\"og:description\" content=\"Al narcotraficante uruguayo, Sebasti\u00e1n Marset, le faltaban unos datos para completar un cargamento de m\u00e1s de 4.500 kilos de coca\u00edna. Necesitaba confirmar los \u201cpuntos\u201d de Uruguay para cerrar el env\u00edo a un contacto que, junto a su colega paraguayo Miguel Insfr\u00e1n Galeano (conocido como T\u00edo Rico) llamaban Singapur. \u201cHoy tengo que dar una respuesta. Ma\u00f1ana [&hellip;]\" \/>\n<meta property=\"og:url\" content=\"https:\/\/www.eldiario.net\/portal\/2024\/05\/29\/marset-y-narco-paraguayo-coordinan-envio-de-droga-hacia-europa\/\" \/>\n<meta property=\"og:site_name\" content=\"El Diario - Bolivia\" \/>\n<meta property=\"article:publisher\" content=\"https:\/\/www.facebook.com\/eldiario.bolivia\/\" \/>\n<meta property=\"article:published_time\" content=\"2024-05-29T10:14:14+00:00\" \/>\n<meta property=\"og:image\" content=\"https:\/\/www.eldiario.net\/portal\/wp-content\/uploads\/2024\/05\/MARSET.jpg\" \/>\n\t<meta property=\"og:image:width\" content=\"1200\" \/>\n\t<meta property=\"og:image:height\" content=\"720\" \/>\n\t<meta property=\"og:image:type\" content=\"image\/jpeg\" \/>\n<meta name=\"author\" content=\"Jeanette\" \/>\n<meta name=\"twitter:card\" content=\"summary_large_image\" \/>\n<meta name=\"twitter:creator\" content=\"@eldiario_net\" \/>\n<meta name=\"twitter:site\" content=\"@eldiario_net\" \/>\n<meta name=\"twitter:label1\" content=\"Escrito por\" \/>\n\t<meta name=\"twitter:data1\" content=\"Jeanette\" \/>\n\t<meta name=\"twitter:label2\" content=\"Tiempo de lectura\" \/>\n\t<meta name=\"twitter:data2\" content=\"3 minutos\" \/>\n<script type=\"application\/ld+json\" class=\"yoast-schema-graph\">{\"@context\":\"https:\\\/\\\/schema.org\",\"@graph\":[{\"@type\":\"Article\",\"@id\":\"https:\\\/\\\/www.eldiario.net\\\/portal\\\/2024\\\/05\\\/29\\\/marset-y-narco-paraguayo-coordinan-envio-de-droga-hacia-europa\\\/#article\",\"isPartOf\":{\"@id\":\"https:\\\/\\\/www.eldiario.net\\\/portal\\\/2024\\\/05\\\/29\\\/marset-y-narco-paraguayo-coordinan-envio-de-droga-hacia-europa\\\/\"},\"author\":{\"name\":\"Jeanette\",\"@id\":\"https:\\\/\\\/www.eldiario.net\\\/portal\\\/#\\\/schema\\\/person\\\/f46445640444750d7d753ccd04ae01b7\"},\"headline\":\"Marset y narco paraguayo coordinan env\u00edo de droga hacia Europa\",\"datePublished\":\"2024-05-29T10:14:14+00:00\",\"mainEntityOfPage\":{\"@id\":\"https:\\\/\\\/www.eldiario.net\\\/portal\\\/2024\\\/05\\\/29\\\/marset-y-narco-paraguayo-coordinan-envio-de-droga-hacia-europa\\\/\"},\"wordCount\":634,\"commentCount\":0,\"publisher\":{\"@id\":\"https:\\\/\\\/www.eldiario.net\\\/portal\\\/#organization\"},\"image\":{\"@id\":\"https:\\\/\\\/www.eldiario.net\\\/portal\\\/2024\\\/05\\\/29\\\/marset-y-narco-paraguayo-coordinan-envio-de-droga-hacia-europa\\\/#primaryimage\"},\"thumbnailUrl\":\"https:\\\/\\\/www.eldiario.net\\\/portal\\\/wp-content\\\/uploads\\\/2024\\\/05\\\/MARSET.jpg\",\"articleSection\":[\"Internacional\"],\"inLanguage\":\"es\",\"potentialAction\":[{\"@type\":\"CommentAction\",\"name\":\"Comment\",\"target\":[\"https:\\\/\\\/www.eldiario.net\\\/portal\\\/2024\\\/05\\\/29\\\/marset-y-narco-paraguayo-coordinan-envio-de-droga-hacia-europa\\\/#respond\"]}]},{\"@type\":\"WebPage\",\"@id\":\"https:\\\/\\\/www.eldiario.net\\\/portal\\\/2024\\\/05\\\/29\\\/marset-y-narco-paraguayo-coordinan-envio-de-droga-hacia-europa\\\/\",\"url\":\"https:\\\/\\\/www.eldiario.net\\\/portal\\\/2024\\\/05\\\/29\\\/marset-y-narco-paraguayo-coordinan-envio-de-droga-hacia-europa\\\/\",\"name\":\"Marset y narco paraguayo coordinan env\u00edo de droga hacia Europa - El Diario - Bolivia\",\"isPartOf\":{\"@id\":\"https:\\\/\\\/www.eldiario.net\\\/portal\\\/#website\"},\"primaryImageOfPage\":{\"@id\":\"https:\\\/\\\/www.eldiario.net\\\/portal\\\/2024\\\/05\\\/29\\\/marset-y-narco-paraguayo-coordinan-envio-de-droga-hacia-europa\\\/#primaryimage\"},\"image\":{\"@id\":\"https:\\\/\\\/www.eldiario.net\\\/portal\\\/2024\\\/05\\\/29\\\/marset-y-narco-paraguayo-coordinan-envio-de-droga-hacia-europa\\\/#primaryimage\"},\"thumbnailUrl\":\"https:\\\/\\\/www.eldiario.net\\\/portal\\\/wp-content\\\/uploads\\\/2024\\\/05\\\/MARSET.jpg\",\"datePublished\":\"2024-05-29T10:14:14+00:00\",\"breadcrumb\":{\"@id\":\"https:\\\/\\\/www.eldiario.net\\\/portal\\\/2024\\\/05\\\/29\\\/marset-y-narco-paraguayo-coordinan-envio-de-droga-hacia-europa\\\/#breadcrumb\"},\"inLanguage\":\"es\",\"potentialAction\":[{\"@type\":\"ReadAction\",\"target\":[\"https:\\\/\\\/www.eldiario.net\\\/portal\\\/2024\\\/05\\\/29\\\/marset-y-narco-paraguayo-coordinan-envio-de-droga-hacia-europa\\\/\"]}]},{\"@type\":\"ImageObject\",\"inLanguage\":\"es\",\"@id\":\"https:\\\/\\\/www.eldiario.net\\\/portal\\\/2024\\\/05\\\/29\\\/marset-y-narco-paraguayo-coordinan-envio-de-droga-hacia-europa\\\/#primaryimage\",\"url\":\"https:\\\/\\\/www.eldiario.net\\\/portal\\\/wp-content\\\/uploads\\\/2024\\\/05\\\/MARSET.jpg\",\"contentUrl\":\"https:\\\/\\\/www.eldiario.net\\\/portal\\\/wp-content\\\/uploads\\\/2024\\\/05\\\/MARSET.jpg\",\"width\":1200,\"height\":720,\"caption\":\"MENSAJES ERAN A TRAVEZ DE APLICACI\u00d3N SKY ECC Y SE ENCUENTRAN EN CARPETA DE INVESTIGACI\u00d3N JUDICIAL. FOTO: Infobae\"},{\"@type\":\"BreadcrumbList\",\"@id\":\"https:\\\/\\\/www.eldiario.net\\\/portal\\\/2024\\\/05\\\/29\\\/marset-y-narco-paraguayo-coordinan-envio-de-droga-hacia-europa\\\/#breadcrumb\",\"itemListElement\":[{\"@type\":\"ListItem\",\"position\":1,\"name\":\"Portada\",\"item\":\"https:\\\/\\\/www.eldiario.net\\\/portal\\\/\"},{\"@type\":\"ListItem\",\"position\":2,\"name\":\"Marset y narco paraguayo coordinan env\u00edo de droga hacia Europa\"}]},{\"@type\":\"WebSite\",\"@id\":\"https:\\\/\\\/www.eldiario.net\\\/portal\\\/#website\",\"url\":\"https:\\\/\\\/www.eldiario.net\\\/portal\\\/\",\"name\":\"El Diario - Decano de la prensa nacional\",\"description\":\"El Diario - Decano de la prensa nacional\",\"publisher\":{\"@id\":\"https:\\\/\\\/www.eldiario.net\\\/portal\\\/#organization\"},\"potentialAction\":[{\"@type\":\"SearchAction\",\"target\":{\"@type\":\"EntryPoint\",\"urlTemplate\":\"https:\\\/\\\/www.eldiario.net\\\/portal\\\/?s={search_term_string}\"},\"query-input\":{\"@type\":\"PropertyValueSpecification\",\"valueRequired\":true,\"valueName\":\"search_term_string\"}}],\"inLanguage\":\"es\"},{\"@type\":\"Organization\",\"@id\":\"https:\\\/\\\/www.eldiario.net\\\/portal\\\/#organization\",\"name\":\"El Diario - Decano de la prensa nacional\",\"url\":\"https:\\\/\\\/www.eldiario.net\\\/portal\\\/\",\"logo\":{\"@type\":\"ImageObject\",\"inLanguage\":\"es\",\"@id\":\"https:\\\/\\\/www.eldiario.net\\\/portal\\\/#\\\/schema\\\/logo\\\/image\\\/\",\"url\":\"https:\\\/\\\/www.eldiario.net\\\/portal\\\/wp-content\\\/uploads\\\/2023\\\/07\\\/logo_ED.jpg\",\"contentUrl\":\"https:\\\/\\\/www.eldiario.net\\\/portal\\\/wp-content\\\/uploads\\\/2023\\\/07\\\/logo_ED.jpg\",\"width\":272,\"height\":52,\"caption\":\"El Diario - Decano de la prensa nacional\"},\"image\":{\"@id\":\"https:\\\/\\\/www.eldiario.net\\\/portal\\\/#\\\/schema\\\/logo\\\/image\\\/\"},\"sameAs\":[\"https:\\\/\\\/www.facebook.com\\\/eldiario.bolivia\\\/\",\"https:\\\/\\\/x.com\\\/eldiario_net\"]},{\"@type\":\"Person\",\"@id\":\"https:\\\/\\\/www.eldiario.net\\\/portal\\\/#\\\/schema\\\/person\\\/f46445640444750d7d753ccd04ae01b7\",\"name\":\"Jeanette\",\"image\":{\"@type\":\"ImageObject\",\"inLanguage\":\"es\",\"@id\":\"https:\\\/\\\/secure.gravatar.com\\\/avatar\\\/3ea2118a5f7dad2b7138b1187a6b7ee55f160b9968b66013c3a3ef39dd7e5798?s=96&d=mm&r=g\",\"url\":\"https:\\\/\\\/secure.gravatar.com\\\/avatar\\\/3ea2118a5f7dad2b7138b1187a6b7ee55f160b9968b66013c3a3ef39dd7e5798?s=96&d=mm&r=g\",\"contentUrl\":\"https:\\\/\\\/secure.gravatar.com\\\/avatar\\\/3ea2118a5f7dad2b7138b1187a6b7ee55f160b9968b66013c3a3ef39dd7e5798?s=96&d=mm&r=g\",\"caption\":\"Jeanette\"},\"sameAs\":[\"https:\\\/\\\/www.eldiario.net\\\/portal\"],\"url\":\"https:\\\/\\\/www.eldiario.net\\\/portal\\\/author\\\/jeanette\\\/\"}]}<\/script>\n<!-- \/ Yoast SEO plugin. -->","yoast_head_json":{"title":"Marset y narco paraguayo coordinan env\u00edo de droga hacia Europa - El Diario - Bolivia","robots":{"index":"index","follow":"follow","max-snippet":"max-snippet:-1","max-image-preview":"max-image-preview:large","max-video-preview":"max-video-preview:-1"},"canonical":"https:\/\/www.eldiario.net\/portal\/2024\/05\/29\/marset-y-narco-paraguayo-coordinan-envio-de-droga-hacia-europa\/","og_locale":"es_ES","og_type":"article","og_title":"Marset y narco paraguayo coordinan env\u00edo de droga hacia Europa - El Diario - Bolivia","og_description":"Al narcotraficante uruguayo, Sebasti\u00e1n Marset, le faltaban unos datos para completar un cargamento de m\u00e1s de 4.500 kilos de coca\u00edna. Necesitaba confirmar los \u201cpuntos\u201d de Uruguay para cerrar el env\u00edo a un contacto que, junto a su colega paraguayo Miguel Insfr\u00e1n Galeano (conocido como T\u00edo Rico) llamaban Singapur. \u201cHoy tengo que dar una respuesta. Ma\u00f1ana [&hellip;]","og_url":"https:\/\/www.eldiario.net\/portal\/2024\/05\/29\/marset-y-narco-paraguayo-coordinan-envio-de-droga-hacia-europa\/","og_site_name":"El Diario - Bolivia","article_publisher":"https:\/\/www.facebook.com\/eldiario.bolivia\/","article_published_time":"2024-05-29T10:14:14+00:00","og_image":[{"width":1200,"height":720,"url":"https:\/\/www.eldiario.net\/portal\/wp-content\/uploads\/2024\/05\/MARSET.jpg","type":"image\/jpeg"}],"author":"Jeanette","twitter_card":"summary_large_image","twitter_creator":"@eldiario_net","twitter_site":"@eldiario_net","twitter_misc":{"Escrito por":"Jeanette","Tiempo de lectura":"3 minutos"},"schema":{"@context":"https:\/\/schema.org","@graph":[{"@type":"Article","@id":"https:\/\/www.eldiario.net\/portal\/2024\/05\/29\/marset-y-narco-paraguayo-coordinan-envio-de-droga-hacia-europa\/#article","isPartOf":{"@id":"https:\/\/www.eldiario.net\/portal\/2024\/05\/29\/marset-y-narco-paraguayo-coordinan-envio-de-droga-hacia-europa\/"},"author":{"name":"Jeanette","@id":"https:\/\/www.eldiario.net\/portal\/#\/schema\/person\/f46445640444750d7d753ccd04ae01b7"},"headline":"Marset y narco paraguayo coordinan env\u00edo de droga hacia Europa","datePublished":"2024-05-29T10:14:14+00:00","mainEntityOfPage":{"@id":"https:\/\/www.eldiario.net\/portal\/2024\/05\/29\/marset-y-narco-paraguayo-coordinan-envio-de-droga-hacia-europa\/"},"wordCount":634,"commentCount":0,"publisher":{"@id":"https:\/\/www.eldiario.net\/portal\/#organization"},"image":{"@id":"https:\/\/www.eldiario.net\/portal\/2024\/05\/29\/marset-y-narco-paraguayo-coordinan-envio-de-droga-hacia-europa\/#primaryimage"},"thumbnailUrl":"https:\/\/www.eldiario.net\/portal\/wp-content\/uploads\/2024\/05\/MARSET.jpg","articleSection":["Internacional"],"inLanguage":"es","potentialAction":[{"@type":"CommentAction","name":"Comment","target":["https:\/\/www.eldiario.net\/portal\/2024\/05\/29\/marset-y-narco-paraguayo-coordinan-envio-de-droga-hacia-europa\/#respond"]}]},{"@type":"WebPage","@id":"https:\/\/www.eldiario.net\/portal\/2024\/05\/29\/marset-y-narco-paraguayo-coordinan-envio-de-droga-hacia-europa\/","url":"https:\/\/www.eldiario.net\/portal\/2024\/05\/29\/marset-y-narco-paraguayo-coordinan-envio-de-droga-hacia-europa\/","name":"Marset y narco paraguayo coordinan env\u00edo de droga hacia Europa - El Diario - Bolivia","isPartOf":{"@id":"https:\/\/www.eldiario.net\/portal\/#website"},"primaryImageOfPage":{"@id":"https:\/\/www.eldiario.net\/portal\/2024\/05\/29\/marset-y-narco-paraguayo-coordinan-envio-de-droga-hacia-europa\/#primaryimage"},"image":{"@id":"https:\/\/www.eldiario.net\/portal\/2024\/05\/29\/marset-y-narco-paraguayo-coordinan-envio-de-droga-hacia-europa\/#primaryimage"},"thumbnailUrl":"https:\/\/www.eldiario.net\/portal\/wp-content\/uploads\/2024\/05\/MARSET.jpg","datePublished":"2024-05-29T10:14:14+00:00","breadcrumb":{"@id":"https:\/\/www.eldiario.net\/portal\/2024\/05\/29\/marset-y-narco-paraguayo-coordinan-envio-de-droga-hacia-europa\/#breadcrumb"},"inLanguage":"es","potentialAction":[{"@type":"ReadAction","target":["https:\/\/www.eldiario.net\/portal\/2024\/05\/29\/marset-y-narco-paraguayo-coordinan-envio-de-droga-hacia-europa\/"]}]},{"@type":"ImageObject","inLanguage":"es","@id":"https:\/\/www.eldiario.net\/portal\/2024\/05\/29\/marset-y-narco-paraguayo-coordinan-envio-de-droga-hacia-europa\/#primaryimage","url":"https:\/\/www.eldiario.net\/portal\/wp-content\/uploads\/2024\/05\/MARSET.jpg","contentUrl":"https:\/\/www.eldiario.net\/portal\/wp-content\/uploads\/2024\/05\/MARSET.jpg","width":1200,"height":720,"caption":"MENSAJES ERAN A TRAVEZ DE APLICACI\u00d3N SKY ECC Y SE ENCUENTRAN EN CARPETA DE INVESTIGACI\u00d3N JUDICIAL. FOTO: Infobae"},{"@type":"BreadcrumbList","@id":"https:\/\/www.eldiario.net\/portal\/2024\/05\/29\/marset-y-narco-paraguayo-coordinan-envio-de-droga-hacia-europa\/#breadcrumb","itemListElement":[{"@type":"ListItem","position":1,"name":"Portada","item":"https:\/\/www.eldiario.net\/portal\/"},{"@type":"ListItem","position":2,"name":"Marset y narco paraguayo coordinan env\u00edo de droga hacia Europa"}]},{"@type":"WebSite","@id":"https:\/\/www.eldiario.net\/portal\/#website","url":"https:\/\/www.eldiario.net\/portal\/","name":"El Diario - Decano de la prensa nacional","description":"El Diario - Decano de la prensa nacional","publisher":{"@id":"https:\/\/www.eldiario.net\/portal\/#organization"},"potentialAction":[{"@type":"SearchAction","target":{"@type":"EntryPoint","urlTemplate":"https:\/\/www.eldiario.net\/portal\/?s={search_term_string}"},"query-input":{"@type":"PropertyValueSpecification","valueRequired":true,"valueName":"search_term_string"}}],"inLanguage":"es"},{"@type":"Organization","@id":"https:\/\/www.eldiario.net\/portal\/#organization","name":"El Diario - Decano de la prensa nacional","url":"https:\/\/www.eldiario.net\/portal\/","logo":{"@type":"ImageObject","inLanguage":"es","@id":"https:\/\/www.eldiario.net\/portal\/#\/schema\/logo\/image\/","url":"https:\/\/www.eldiario.net\/portal\/wp-content\/uploads\/2023\/07\/logo_ED.jpg","contentUrl":"https:\/\/www.eldiario.net\/portal\/wp-content\/uploads\/2023\/07\/logo_ED.jpg","width":272,"height":52,"caption":"El Diario - Decano de la prensa nacional"},"image":{"@id":"https:\/\/www.eldiario.net\/portal\/#\/schema\/logo\/image\/"},"sameAs":["https:\/\/www.facebook.com\/eldiario.bolivia\/","https:\/\/x.com\/eldiario_net"]},{"@type":"Person","@id":"https:\/\/www.eldiario.net\/portal\/#\/schema\/person\/f46445640444750d7d753ccd04ae01b7","name":"Jeanette","image":{"@type":"ImageObject","inLanguage":"es","@id":"https:\/\/secure.gravatar.com\/avatar\/3ea2118a5f7dad2b7138b1187a6b7ee55f160b9968b66013c3a3ef39dd7e5798?s=96&d=mm&r=g","url":"https:\/\/secure.gravatar.com\/avatar\/3ea2118a5f7dad2b7138b1187a6b7ee55f160b9968b66013c3a3ef39dd7e5798?s=96&d=mm&r=g","contentUrl":"https:\/\/secure.gravatar.com\/avatar\/3ea2118a5f7dad2b7138b1187a6b7ee55f160b9968b66013c3a3ef39dd7e5798?s=96&d=mm&r=g","caption":"Jeanette"},"sameAs":["https:\/\/www.eldiario.net\/portal"],"url":"https:\/\/www.eldiario.net\/portal\/author\/jeanette\/"}]}},"_links":{"self":[{"href":"https:\/\/www.eldiario.net\/portal\/wp-json\/wp\/v2\/posts\/223754","targetHints":{"allow":["GET"]}}],"collection":[{"href":"https:\/\/www.eldiario.net\/portal\/wp-json\/wp\/v2\/posts"}],"about":[{"href":"https:\/\/www.eldiario.net\/portal\/wp-json\/wp\/v2\/types\/post"}],"author":[{"embeddable":true,"href":"https:\/\/www.eldiario.net\/portal\/wp-json\/wp\/v2\/users\/1"}],"replies":[{"embeddable":true,"href":"https:\/\/www.eldiario.net\/portal\/wp-json\/wp\/v2\/comments?post=223754"}],"version-history":[{"count":1,"href":"https:\/\/www.eldiario.net\/portal\/wp-json\/wp\/v2\/posts\/223754\/revisions"}],"predecessor-version":[{"id":223756,"href":"https:\/\/www.eldiario.net\/portal\/wp-json\/wp\/v2\/posts\/223754\/revisions\/223756"}],"wp:featuredmedia":[{"embeddable":true,"href":"https:\/\/www.eldiario.net\/portal\/wp-json\/wp\/v2\/media\/223755"}],"wp:attachment":[{"href":"https:\/\/www.eldiario.net\/portal\/wp-json\/wp\/v2\/media?parent=223754"}],"wp:term":[{"taxonomy":"category","embeddable":true,"href":"https:\/\/www.eldiario.net\/portal\/wp-json\/wp\/v2\/categories?post=223754"},{"taxonomy":"post_tag","embeddable":true,"href":"https:\/\/www.eldiario.net\/portal\/wp-json\/wp\/v2\/tags?post=223754"}],"curies":[{"name":"wp","href":"https:\/\/api.w.org\/{rel}","templated":true}]}}