{"id":223751,"date":"2024-05-29T06:13:04","date_gmt":"2024-05-29T10:13:04","guid":{"rendered":"https:\/\/www.eldiario.net\/portal\/?p=223751"},"modified":"2024-05-29T06:13:04","modified_gmt":"2024-05-29T10:13:04","slug":"vladimir-putin-lanza-otra-amenaza-hacia-occidente","status":"publish","type":"post","link":"https:\/\/www.eldiario.net\/portal\/2024\/05\/29\/vladimir-putin-lanza-otra-amenaza-hacia-occidente\/","title":{"rendered":"Vladimir Putin lanza otra  amenaza hacia Occidente"},"content":{"rendered":"<p>El presidente ruso, Vlad\u00edmir Putin, amenaz\u00f3 ayer a Europa con graves consecuencias en caso de que los pa\u00edses de la OTAN permitan a Ucrania el uso de armamento occidental contra objetivos en territorio ruso.<\/p>\n<p>\u201cEstos representantes de los pa\u00edses de la OTAN, especialmente en Europa, especialmente en pa\u00edses peque\u00f1os, deben ser conscientes de con qu\u00e9 est\u00e1n jugando. Deben recordar que, por regla general, se trata de Estados con territorios peque\u00f1os, pero densamente poblados\u201d, dijo Putin en rueda de prensa al t\u00e9rmino de su visita a Uzbekist\u00e1n.<\/p>\n<p>Putin subray\u00f3 que ese factor es el que deben tener en cuenta antes de hablar sobre el lanzamiento de ataques contra el interior de territorio ruso.<\/p>\n<p>\u201cEsta constante escalada puede tener graves consecuencias y si esas graves consecuencias se hacen notar en Europa, \u00bfc\u00f3mo reaccionar\u00e1 Estados Unidos?\u201d, dijo Putin, quien aludi\u00f3 a la paridad nuclear entre ambas superpotencias.<\/p>\n<p>\u00bfAcaso desean un conflicto global?.<\/p>\n<p>En alusi\u00f3n a las declaraciones del secretario general de la OTAN, Jens Stoltenberg, sobre la necesidad de permitir a Kiev atacar Rusia con armamento occidental, Putin asegur\u00f3 que \u00e9ste no puede no saber que las armas de alta precisi\u00f3n de largo alcance no pueden ser lanzadas sin el empleo de sat\u00e9lites esp\u00edas occidentales.<\/p>\n<p>\u201c\u00c9l fue primer ministro de Noruega. Nos reunimos y solucionamos asuntos complicados sobre el mar de Barents y otros. En general pudimos llegar a acuerdos. Entonces, estaba seguro de que no sufr\u00eda de demencia\u201d, afirm\u00f3.<\/p>\n<p>Putin subray\u00f3 que la elecci\u00f3n de los objetivos s\u00f3lo puede ser realizada por especialistas altamente cualificados\u201d y destac\u00f3 que misiles de crucero Storm Shadow pueden recibir las instrucciones de vuelo \u201csin presencia alguna de soldados ucranianos.<\/p>\n<p>Tambi\u00e9n subray\u00f3 que los objetivos se pueden introducir autom\u00e1ticamente en el caso de los ATACMS estadounidenses sobre la base de datos satelitales.<\/p>\n<p>\u201c\u00bfQui\u00e9n hace esto? Lo hacen aquellos que producen y aquellos que supuestamente suministran a Ucrania esos sistemas ofensivos. Esto puede ocurrir y ocurre sin la participaci\u00f3n de los soldados ucranianos\u201d, se\u00f1al\u00f3.<\/p>\n<p>Subray\u00f3 que esas misiones no las preparan los soldados ucranianos, sino los representantes de los pa\u00edses de la OTAN.<\/p>\n<p>Putin tambi\u00e9n se pregunt\u00f3 si EEUU realmente desea llegar a un acuerdo en materia de armamento estrat\u00e9gico, ya que, a\u00f1adi\u00f3, Mosc\u00fa no ve ahora grandes deseos.<\/p>\n<p>En declaraciones al semanario \u2018The Economist\u2019, Stoltenberg asegur\u00f3 el fin de semana que la posibilidad de que Ucrania pueda atacar dentro de territorio de Rusia es legal, siempre y cuando se traten de objetivos militares y leg\u00edtimos, por lo que llam\u00f3 a levantar el veto al uso de armas occidentales.<\/p>\n<p>Al respecto, el alto representante de la Uni\u00f3n Europea (UE) para Asuntos Exteriores y Seguridad, Josep Borrell, pidi\u00f3 este martes un \u201cequilibrio\u201d entre la necesidad de Ucrania de atacar objetivos en territorio ruso y el riesgo de escalada en el conflicto.<\/p>\n<p>Por su parte, el primer ministro belga, Alexander De Croo, dijo hoy que los aviones de combate F-16 que entregar\u00e1 a Ucrania, seg\u00fan el acuerdo que firm\u00f3 hoy con el presidente ucraniano, Volod\u00edmir Zelenski, s\u00f3lo se podr\u00e1n utilizar en territorio ucraniano y no para atacar directamente a Rusia.<\/p>\n<p>El presidente ucraniano, en cambio, insisti\u00f3 en la necesidad de obtener el visto bueno de sus aliados para usar el armamento occidental contra territorio ruso.<\/p>\n<p>El Reino Unido dio el primer paso y autoriz\u00f3 recientemente a Ucrania a golpear territorio enemigo con su armamento, pero Estados Unidos, Alemania, Francia y la mayor parte de los aliados de Kiev se lo prohibieron. (Infobae\/Efe)<\/p>\n","protected":false},"excerpt":{"rendered":"<p>El presidente ruso, Vlad\u00edmir Putin, amenaz\u00f3 ayer a Europa con graves consecuencias en caso de que los pa\u00edses de la OTAN permitan a Ucrania el uso de armamento occidental contra objetivos en territorio ruso. \u201cEstos representantes de los pa\u00edses de la OTAN, especialmente en Europa, especialmente en pa\u00edses peque\u00f1os, deben ser conscientes de con qu\u00e9 [&hellip;]<\/p>\n","protected":false},"author":1,"featured_media":223752,"comment_status":"open","ping_status":"open","sticky":false,"template":"","format":"standard","meta":{"_acf_changed":false,"footnotes":""},"categories":[3],"tags":[],"class_list":["post-223751","post","type-post","status-publish","format-standard","has-post-thumbnail","category-internacional"],"acf":{"antetitulo":"Ante posible uso de armas de la OTAN"},"yoast_head":"<!-- This site is optimized with the Yoast SEO plugin v28.4 - https:\/\/yoast.com\/product\/yoast-seo-wordpress\/ -->\n<title>Vladimir Putin lanza otra amenaza hacia Occidente - El Diario - Bolivia<\/title>\n<meta name=\"robots\" content=\"index, follow, max-snippet:-1, max-image-preview:large, max-video-preview:-1\" \/>\n<link rel=\"canonical\" href=\"https:\/\/www.eldiario.net\/portal\/2024\/05\/29\/vladimir-putin-lanza-otra-amenaza-hacia-occidente\/\" \/>\n<meta property=\"og:locale\" content=\"es_ES\" \/>\n<meta property=\"og:type\" content=\"article\" \/>\n<meta property=\"og:title\" content=\"Vladimir Putin lanza otra amenaza hacia Occidente - El Diario - Bolivia\" \/>\n<meta property=\"og:description\" content=\"El presidente ruso, Vlad\u00edmir Putin, amenaz\u00f3 ayer a Europa con graves consecuencias en caso de que los pa\u00edses de la OTAN permitan a Ucrania el uso de armamento occidental contra objetivos en territorio ruso. \u201cEstos representantes de los pa\u00edses de la OTAN, especialmente en Europa, especialmente en pa\u00edses peque\u00f1os, deben ser conscientes de con qu\u00e9 [&hellip;]\" \/>\n<meta property=\"og:url\" content=\"https:\/\/www.eldiario.net\/portal\/2024\/05\/29\/vladimir-putin-lanza-otra-amenaza-hacia-occidente\/\" \/>\n<meta property=\"og:site_name\" content=\"El Diario - Bolivia\" \/>\n<meta property=\"article:publisher\" content=\"https:\/\/www.facebook.com\/eldiario.bolivia\/\" \/>\n<meta property=\"article:published_time\" content=\"2024-05-29T10:13:04+00:00\" \/>\n<meta property=\"og:image\" content=\"https:\/\/www.eldiario.net\/portal\/wp-content\/uploads\/2024\/05\/PUTIN.jpeg\" \/>\n\t<meta property=\"og:image:width\" content=\"1200\" \/>\n\t<meta property=\"og:image:height\" content=\"600\" \/>\n\t<meta property=\"og:image:type\" content=\"image\/jpeg\" \/>\n<meta name=\"author\" content=\"Jeanette\" \/>\n<meta name=\"twitter:card\" content=\"summary_large_image\" \/>\n<meta name=\"twitter:creator\" content=\"@eldiario_net\" \/>\n<meta name=\"twitter:site\" content=\"@eldiario_net\" \/>\n<meta name=\"twitter:label1\" content=\"Escrito por\" \/>\n\t<meta name=\"twitter:data1\" content=\"Jeanette\" \/>\n\t<meta name=\"twitter:label2\" content=\"Tiempo de lectura\" \/>\n\t<meta name=\"twitter:data2\" content=\"3 minutos\" \/>\n<script type=\"application\/ld+json\" class=\"yoast-schema-graph\">{\"@context\":\"https:\\\/\\\/schema.org\",\"@graph\":[{\"@type\":\"Article\",\"@id\":\"https:\\\/\\\/www.eldiario.net\\\/portal\\\/2024\\\/05\\\/29\\\/vladimir-putin-lanza-otra-amenaza-hacia-occidente\\\/#article\",\"isPartOf\":{\"@id\":\"https:\\\/\\\/www.eldiario.net\\\/portal\\\/2024\\\/05\\\/29\\\/vladimir-putin-lanza-otra-amenaza-hacia-occidente\\\/\"},\"author\":{\"name\":\"Jeanette\",\"@id\":\"https:\\\/\\\/www.eldiario.net\\\/portal\\\/#\\\/schema\\\/person\\\/f46445640444750d7d753ccd04ae01b7\"},\"headline\":\"Vladimir Putin lanza otra amenaza hacia Occidente\",\"datePublished\":\"2024-05-29T10:13:04+00:00\",\"mainEntityOfPage\":{\"@id\":\"https:\\\/\\\/www.eldiario.net\\\/portal\\\/2024\\\/05\\\/29\\\/vladimir-putin-lanza-otra-amenaza-hacia-occidente\\\/\"},\"wordCount\":612,\"commentCount\":0,\"publisher\":{\"@id\":\"https:\\\/\\\/www.eldiario.net\\\/portal\\\/#organization\"},\"image\":{\"@id\":\"https:\\\/\\\/www.eldiario.net\\\/portal\\\/2024\\\/05\\\/29\\\/vladimir-putin-lanza-otra-amenaza-hacia-occidente\\\/#primaryimage\"},\"thumbnailUrl\":\"https:\\\/\\\/www.eldiario.net\\\/portal\\\/wp-content\\\/uploads\\\/2024\\\/05\\\/PUTIN.jpeg\",\"articleSection\":[\"Internacional\"],\"inLanguage\":\"es\",\"potentialAction\":[{\"@type\":\"CommentAction\",\"name\":\"Comment\",\"target\":[\"https:\\\/\\\/www.eldiario.net\\\/portal\\\/2024\\\/05\\\/29\\\/vladimir-putin-lanza-otra-amenaza-hacia-occidente\\\/#respond\"]}]},{\"@type\":\"WebPage\",\"@id\":\"https:\\\/\\\/www.eldiario.net\\\/portal\\\/2024\\\/05\\\/29\\\/vladimir-putin-lanza-otra-amenaza-hacia-occidente\\\/\",\"url\":\"https:\\\/\\\/www.eldiario.net\\\/portal\\\/2024\\\/05\\\/29\\\/vladimir-putin-lanza-otra-amenaza-hacia-occidente\\\/\",\"name\":\"Vladimir Putin lanza otra amenaza hacia Occidente - El Diario - Bolivia\",\"isPartOf\":{\"@id\":\"https:\\\/\\\/www.eldiario.net\\\/portal\\\/#website\"},\"primaryImageOfPage\":{\"@id\":\"https:\\\/\\\/www.eldiario.net\\\/portal\\\/2024\\\/05\\\/29\\\/vladimir-putin-lanza-otra-amenaza-hacia-occidente\\\/#primaryimage\"},\"image\":{\"@id\":\"https:\\\/\\\/www.eldiario.net\\\/portal\\\/2024\\\/05\\\/29\\\/vladimir-putin-lanza-otra-amenaza-hacia-occidente\\\/#primaryimage\"},\"thumbnailUrl\":\"https:\\\/\\\/www.eldiario.net\\\/portal\\\/wp-content\\\/uploads\\\/2024\\\/05\\\/PUTIN.jpeg\",\"datePublished\":\"2024-05-29T10:13:04+00:00\",\"breadcrumb\":{\"@id\":\"https:\\\/\\\/www.eldiario.net\\\/portal\\\/2024\\\/05\\\/29\\\/vladimir-putin-lanza-otra-amenaza-hacia-occidente\\\/#breadcrumb\"},\"inLanguage\":\"es\",\"potentialAction\":[{\"@type\":\"ReadAction\",\"target\":[\"https:\\\/\\\/www.eldiario.net\\\/portal\\\/2024\\\/05\\\/29\\\/vladimir-putin-lanza-otra-amenaza-hacia-occidente\\\/\"]}]},{\"@type\":\"ImageObject\",\"inLanguage\":\"es\",\"@id\":\"https:\\\/\\\/www.eldiario.net\\\/portal\\\/2024\\\/05\\\/29\\\/vladimir-putin-lanza-otra-amenaza-hacia-occidente\\\/#primaryimage\",\"url\":\"https:\\\/\\\/www.eldiario.net\\\/portal\\\/wp-content\\\/uploads\\\/2024\\\/05\\\/PUTIN.jpeg\",\"contentUrl\":\"https:\\\/\\\/www.eldiario.net\\\/portal\\\/wp-content\\\/uploads\\\/2024\\\/05\\\/PUTIN.jpeg\",\"width\":1200,\"height\":600,\"caption\":\"VLADIMIR PUTIN ADVIRTI\u00d3 QUE SI DESEAN EL CONFLICTO PODRIA SER GLOBAL. FOTO: Infobae\"},{\"@type\":\"BreadcrumbList\",\"@id\":\"https:\\\/\\\/www.eldiario.net\\\/portal\\\/2024\\\/05\\\/29\\\/vladimir-putin-lanza-otra-amenaza-hacia-occidente\\\/#breadcrumb\",\"itemListElement\":[{\"@type\":\"ListItem\",\"position\":1,\"name\":\"Portada\",\"item\":\"https:\\\/\\\/www.eldiario.net\\\/portal\\\/\"},{\"@type\":\"ListItem\",\"position\":2,\"name\":\"Vladimir Putin lanza otra amenaza hacia Occidente\"}]},{\"@type\":\"WebSite\",\"@id\":\"https:\\\/\\\/www.eldiario.net\\\/portal\\\/#website\",\"url\":\"https:\\\/\\\/www.eldiario.net\\\/portal\\\/\",\"name\":\"El Diario - Decano de la prensa nacional\",\"description\":\"El Diario - Decano de la prensa nacional\",\"publisher\":{\"@id\":\"https:\\\/\\\/www.eldiario.net\\\/portal\\\/#organization\"},\"potentialAction\":[{\"@type\":\"SearchAction\",\"target\":{\"@type\":\"EntryPoint\",\"urlTemplate\":\"https:\\\/\\\/www.eldiario.net\\\/portal\\\/?s={search_term_string}\"},\"query-input\":{\"@type\":\"PropertyValueSpecification\",\"valueRequired\":true,\"valueName\":\"search_term_string\"}}],\"inLanguage\":\"es\"},{\"@type\":\"Organization\",\"@id\":\"https:\\\/\\\/www.eldiario.net\\\/portal\\\/#organization\",\"name\":\"El Diario - Decano de la prensa nacional\",\"url\":\"https:\\\/\\\/www.eldiario.net\\\/portal\\\/\",\"logo\":{\"@type\":\"ImageObject\",\"inLanguage\":\"es\",\"@id\":\"https:\\\/\\\/www.eldiario.net\\\/portal\\\/#\\\/schema\\\/logo\\\/image\\\/\",\"url\":\"https:\\\/\\\/www.eldiario.net\\\/portal\\\/wp-content\\\/uploads\\\/2023\\\/07\\\/logo_ED.jpg\",\"contentUrl\":\"https:\\\/\\\/www.eldiario.net\\\/portal\\\/wp-content\\\/uploads\\\/2023\\\/07\\\/logo_ED.jpg\",\"width\":272,\"height\":52,\"caption\":\"El Diario - Decano de la prensa nacional\"},\"image\":{\"@id\":\"https:\\\/\\\/www.eldiario.net\\\/portal\\\/#\\\/schema\\\/logo\\\/image\\\/\"},\"sameAs\":[\"https:\\\/\\\/www.facebook.com\\\/eldiario.bolivia\\\/\",\"https:\\\/\\\/x.com\\\/eldiario_net\"]},{\"@type\":\"Person\",\"@id\":\"https:\\\/\\\/www.eldiario.net\\\/portal\\\/#\\\/schema\\\/person\\\/f46445640444750d7d753ccd04ae01b7\",\"name\":\"Jeanette\",\"image\":{\"@type\":\"ImageObject\",\"inLanguage\":\"es\",\"@id\":\"https:\\\/\\\/secure.gravatar.com\\\/avatar\\\/3ea2118a5f7dad2b7138b1187a6b7ee55f160b9968b66013c3a3ef39dd7e5798?s=96&d=mm&r=g\",\"url\":\"https:\\\/\\\/secure.gravatar.com\\\/avatar\\\/3ea2118a5f7dad2b7138b1187a6b7ee55f160b9968b66013c3a3ef39dd7e5798?s=96&d=mm&r=g\",\"contentUrl\":\"https:\\\/\\\/secure.gravatar.com\\\/avatar\\\/3ea2118a5f7dad2b7138b1187a6b7ee55f160b9968b66013c3a3ef39dd7e5798?s=96&d=mm&r=g\",\"caption\":\"Jeanette\"},\"sameAs\":[\"https:\\\/\\\/www.eldiario.net\\\/portal\"],\"url\":\"https:\\\/\\\/www.eldiario.net\\\/portal\\\/author\\\/jeanette\\\/\"}]}<\/script>\n<!-- \/ Yoast SEO plugin. -->","yoast_head_json":{"title":"Vladimir Putin lanza otra amenaza hacia Occidente - El Diario - Bolivia","robots":{"index":"index","follow":"follow","max-snippet":"max-snippet:-1","max-image-preview":"max-image-preview:large","max-video-preview":"max-video-preview:-1"},"canonical":"https:\/\/www.eldiario.net\/portal\/2024\/05\/29\/vladimir-putin-lanza-otra-amenaza-hacia-occidente\/","og_locale":"es_ES","og_type":"article","og_title":"Vladimir Putin lanza otra amenaza hacia Occidente - El Diario - Bolivia","og_description":"El presidente ruso, Vlad\u00edmir Putin, amenaz\u00f3 ayer a Europa con graves consecuencias en caso de que los pa\u00edses de la OTAN permitan a Ucrania el uso de armamento occidental contra objetivos en territorio ruso. \u201cEstos representantes de los pa\u00edses de la OTAN, especialmente en Europa, especialmente en pa\u00edses peque\u00f1os, deben ser conscientes de con qu\u00e9 [&hellip;]","og_url":"https:\/\/www.eldiario.net\/portal\/2024\/05\/29\/vladimir-putin-lanza-otra-amenaza-hacia-occidente\/","og_site_name":"El Diario - Bolivia","article_publisher":"https:\/\/www.facebook.com\/eldiario.bolivia\/","article_published_time":"2024-05-29T10:13:04+00:00","og_image":[{"width":1200,"height":600,"url":"https:\/\/www.eldiario.net\/portal\/wp-content\/uploads\/2024\/05\/PUTIN.jpeg","type":"image\/jpeg"}],"author":"Jeanette","twitter_card":"summary_large_image","twitter_creator":"@eldiario_net","twitter_site":"@eldiario_net","twitter_misc":{"Escrito por":"Jeanette","Tiempo de lectura":"3 minutos"},"schema":{"@context":"https:\/\/schema.org","@graph":[{"@type":"Article","@id":"https:\/\/www.eldiario.net\/portal\/2024\/05\/29\/vladimir-putin-lanza-otra-amenaza-hacia-occidente\/#article","isPartOf":{"@id":"https:\/\/www.eldiario.net\/portal\/2024\/05\/29\/vladimir-putin-lanza-otra-amenaza-hacia-occidente\/"},"author":{"name":"Jeanette","@id":"https:\/\/www.eldiario.net\/portal\/#\/schema\/person\/f46445640444750d7d753ccd04ae01b7"},"headline":"Vladimir Putin lanza otra amenaza hacia Occidente","datePublished":"2024-05-29T10:13:04+00:00","mainEntityOfPage":{"@id":"https:\/\/www.eldiario.net\/portal\/2024\/05\/29\/vladimir-putin-lanza-otra-amenaza-hacia-occidente\/"},"wordCount":612,"commentCount":0,"publisher":{"@id":"https:\/\/www.eldiario.net\/portal\/#organization"},"image":{"@id":"https:\/\/www.eldiario.net\/portal\/2024\/05\/29\/vladimir-putin-lanza-otra-amenaza-hacia-occidente\/#primaryimage"},"thumbnailUrl":"https:\/\/www.eldiario.net\/portal\/wp-content\/uploads\/2024\/05\/PUTIN.jpeg","articleSection":["Internacional"],"inLanguage":"es","potentialAction":[{"@type":"CommentAction","name":"Comment","target":["https:\/\/www.eldiario.net\/portal\/2024\/05\/29\/vladimir-putin-lanza-otra-amenaza-hacia-occidente\/#respond"]}]},{"@type":"WebPage","@id":"https:\/\/www.eldiario.net\/portal\/2024\/05\/29\/vladimir-putin-lanza-otra-amenaza-hacia-occidente\/","url":"https:\/\/www.eldiario.net\/portal\/2024\/05\/29\/vladimir-putin-lanza-otra-amenaza-hacia-occidente\/","name":"Vladimir Putin lanza otra amenaza hacia Occidente - El Diario - Bolivia","isPartOf":{"@id":"https:\/\/www.eldiario.net\/portal\/#website"},"primaryImageOfPage":{"@id":"https:\/\/www.eldiario.net\/portal\/2024\/05\/29\/vladimir-putin-lanza-otra-amenaza-hacia-occidente\/#primaryimage"},"image":{"@id":"https:\/\/www.eldiario.net\/portal\/2024\/05\/29\/vladimir-putin-lanza-otra-amenaza-hacia-occidente\/#primaryimage"},"thumbnailUrl":"https:\/\/www.eldiario.net\/portal\/wp-content\/uploads\/2024\/05\/PUTIN.jpeg","datePublished":"2024-05-29T10:13:04+00:00","breadcrumb":{"@id":"https:\/\/www.eldiario.net\/portal\/2024\/05\/29\/vladimir-putin-lanza-otra-amenaza-hacia-occidente\/#breadcrumb"},"inLanguage":"es","potentialAction":[{"@type":"ReadAction","target":["https:\/\/www.eldiario.net\/portal\/2024\/05\/29\/vladimir-putin-lanza-otra-amenaza-hacia-occidente\/"]}]},{"@type":"ImageObject","inLanguage":"es","@id":"https:\/\/www.eldiario.net\/portal\/2024\/05\/29\/vladimir-putin-lanza-otra-amenaza-hacia-occidente\/#primaryimage","url":"https:\/\/www.eldiario.net\/portal\/wp-content\/uploads\/2024\/05\/PUTIN.jpeg","contentUrl":"https:\/\/www.eldiario.net\/portal\/wp-content\/uploads\/2024\/05\/PUTIN.jpeg","width":1200,"height":600,"caption":"VLADIMIR PUTIN ADVIRTI\u00d3 QUE SI DESEAN EL CONFLICTO PODRIA SER GLOBAL. FOTO: Infobae"},{"@type":"BreadcrumbList","@id":"https:\/\/www.eldiario.net\/portal\/2024\/05\/29\/vladimir-putin-lanza-otra-amenaza-hacia-occidente\/#breadcrumb","itemListElement":[{"@type":"ListItem","position":1,"name":"Portada","item":"https:\/\/www.eldiario.net\/portal\/"},{"@type":"ListItem","position":2,"name":"Vladimir Putin lanza otra amenaza hacia Occidente"}]},{"@type":"WebSite","@id":"https:\/\/www.eldiario.net\/portal\/#website","url":"https:\/\/www.eldiario.net\/portal\/","name":"El Diario - Decano de la prensa nacional","description":"El Diario - Decano de la prensa nacional","publisher":{"@id":"https:\/\/www.eldiario.net\/portal\/#organization"},"potentialAction":[{"@type":"SearchAction","target":{"@type":"EntryPoint","urlTemplate":"https:\/\/www.eldiario.net\/portal\/?s={search_term_string}"},"query-input":{"@type":"PropertyValueSpecification","valueRequired":true,"valueName":"search_term_string"}}],"inLanguage":"es"},{"@type":"Organization","@id":"https:\/\/www.eldiario.net\/portal\/#organization","name":"El Diario - Decano de la prensa nacional","url":"https:\/\/www.eldiario.net\/portal\/","logo":{"@type":"ImageObject","inLanguage":"es","@id":"https:\/\/www.eldiario.net\/portal\/#\/schema\/logo\/image\/","url":"https:\/\/www.eldiario.net\/portal\/wp-content\/uploads\/2023\/07\/logo_ED.jpg","contentUrl":"https:\/\/www.eldiario.net\/portal\/wp-content\/uploads\/2023\/07\/logo_ED.jpg","width":272,"height":52,"caption":"El Diario - Decano de la prensa nacional"},"image":{"@id":"https:\/\/www.eldiario.net\/portal\/#\/schema\/logo\/image\/"},"sameAs":["https:\/\/www.facebook.com\/eldiario.bolivia\/","https:\/\/x.com\/eldiario_net"]},{"@type":"Person","@id":"https:\/\/www.eldiario.net\/portal\/#\/schema\/person\/f46445640444750d7d753ccd04ae01b7","name":"Jeanette","image":{"@type":"ImageObject","inLanguage":"es","@id":"https:\/\/secure.gravatar.com\/avatar\/3ea2118a5f7dad2b7138b1187a6b7ee55f160b9968b66013c3a3ef39dd7e5798?s=96&d=mm&r=g","url":"https:\/\/secure.gravatar.com\/avatar\/3ea2118a5f7dad2b7138b1187a6b7ee55f160b9968b66013c3a3ef39dd7e5798?s=96&d=mm&r=g","contentUrl":"https:\/\/secure.gravatar.com\/avatar\/3ea2118a5f7dad2b7138b1187a6b7ee55f160b9968b66013c3a3ef39dd7e5798?s=96&d=mm&r=g","caption":"Jeanette"},"sameAs":["https:\/\/www.eldiario.net\/portal"],"url":"https:\/\/www.eldiario.net\/portal\/author\/jeanette\/"}]}},"_links":{"self":[{"href":"https:\/\/www.eldiario.net\/portal\/wp-json\/wp\/v2\/posts\/223751","targetHints":{"allow":["GET"]}}],"collection":[{"href":"https:\/\/www.eldiario.net\/portal\/wp-json\/wp\/v2\/posts"}],"about":[{"href":"https:\/\/www.eldiario.net\/portal\/wp-json\/wp\/v2\/types\/post"}],"author":[{"embeddable":true,"href":"https:\/\/www.eldiario.net\/portal\/wp-json\/wp\/v2\/users\/1"}],"replies":[{"embeddable":true,"href":"https:\/\/www.eldiario.net\/portal\/wp-json\/wp\/v2\/comments?post=223751"}],"version-history":[{"count":1,"href":"https:\/\/www.eldiario.net\/portal\/wp-json\/wp\/v2\/posts\/223751\/revisions"}],"predecessor-version":[{"id":223753,"href":"https:\/\/www.eldiario.net\/portal\/wp-json\/wp\/v2\/posts\/223751\/revisions\/223753"}],"wp:featuredmedia":[{"embeddable":true,"href":"https:\/\/www.eldiario.net\/portal\/wp-json\/wp\/v2\/media\/223752"}],"wp:attachment":[{"href":"https:\/\/www.eldiario.net\/portal\/wp-json\/wp\/v2\/media?parent=223751"}],"wp:term":[{"taxonomy":"category","embeddable":true,"href":"https:\/\/www.eldiario.net\/portal\/wp-json\/wp\/v2\/categories?post=223751"},{"taxonomy":"post_tag","embeddable":true,"href":"https:\/\/www.eldiario.net\/portal\/wp-json\/wp\/v2\/tags?post=223751"}],"curies":[{"name":"wp","href":"https:\/\/api.w.org\/{rel}","templated":true}]}}