{"id":223739,"date":"2024-05-29T06:09:59","date_gmt":"2024-05-29T10:09:59","guid":{"rendered":"https:\/\/www.eldiario.net\/portal\/?p=223739"},"modified":"2024-05-29T06:10:36","modified_gmt":"2024-05-29T10:10:36","slug":"223739","status":"publish","type":"post","link":"https:\/\/www.eldiario.net\/portal\/2024\/05\/29\/223739\/","title":{"rendered":"BRITCHAM, nuevo puente comercial  entre Bolivia y el Reino Unido"},"content":{"rendered":"<p>La Embajada Brit\u00e1nica y la C\u00e1mara de Industria, Comercio, Servicios y Turismo de Santa Cruz (Cainco) presentaron oficialmente la C\u00e1mara de Comercio Brit\u00e1nico-Boliviana (BRITCHAM Bolivia), en acto efectuado en la residencia del Reino Unido en La Paz.<br \/>\nEl evento cont\u00f3 con la presencia del embajador Richard Porter, y el presidente de Cainco, Jean Pierre Antelo, como tambi\u00e9n empresarios de diversos sectores, demostrando el gran inter\u00e9s y la relevancia de esta nueva c\u00e1mara en el \u00e1mbito empresarial boliviano.<br \/>\nEn su discurso de bienvenida, Jean Pierre Antelo subray\u00f3 la importancia de esta iniciativa conjunta entre la Embajada Brit\u00e1nica y Cainco, y destac\u00f3 la relaci\u00f3n diplom\u00e1tica de 185 a\u00f1os entre el Reino Unido y Bolivia, la cual ha sido fundamental para el desarrollo de ambos pa\u00edses, promoviendo intercambios culturales y comerciales significativos. La reciente aprobaci\u00f3n del Acuerdo Unilateral \u00abDeveloping Countries Trading Scheme\u00bb marca un avance crucial en esta relaci\u00f3n, abriendo oportunidades para la exportaci\u00f3n de productos bolivianos al mercado brit\u00e1nico.<br \/>\n\u00abLa creaci\u00f3n de BRITCHAM Bolivia se posiciona como un interme-diario esencial para facilitar negocios e inversiones entre ambos pa\u00edses, promoviendo una colaboraci\u00f3n fruct\u00edfera para el beneficio mutuo\u201d, expres\u00f3 Antelo.<br \/>\nLa principal misi\u00f3n es fomentar las relaciones comerciales entre Bolivia y el Reino Unido, creando oportunidades de negocio y facilitando el intercambio de tecnolog\u00eda, experiencias y conocimientos en beneficio de la comunidad empresarial de ambos pa\u00edses.<br \/>\nPara lograr este objetivo, BRITCHAM Bolivia se enfocar\u00e1 en generar oportunidades comerciales, promover la sostenibilidad empresarial, difundir la cultura brit\u00e1nica en Bolivia y establecer programas de intercambio de conocimientos a trav\u00e9s de la creaci\u00f3n de BRITCHAM Academy.<br \/>\nEste lanzamiento es el inicio de una colaboraci\u00f3n mutuamente beneficiosa entre Bolivia y el Reino Unido, proyectando un futuro prometedor. Con este importante paso, se fortalecen los lazos comerciales y culturales entre ambas naciones, manifest\u00f3 el Embajador Porter.<\/p>\n\r\n                <style type=\"text\/css\">\r\n                    \r\n                    #tdi_1  .td-doubleSlider-2 .td-item1 {\r\n                        background: url(https:\/\/www.eldiario.net\/portal\/wp-content\/uploads\/2024\/05\/Embajador-Richard-Porter-80x60.jpg) 0 0 no-repeat;\r\n                    }\r\n                    #tdi_1  .td-doubleSlider-2 .td-item2 {\r\n                        background: url(https:\/\/www.eldiario.net\/portal\/wp-content\/uploads\/2024\/05\/Guardia-Real-80x60.jpg) 0 0 no-repeat;\r\n                    }\r\n                    #tdi_1  .td-doubleSlider-2 .td-item3 {\r\n                        background: url(https:\/\/www.eldiario.net\/portal\/wp-content\/uploads\/2024\/05\/IMG_2944-80x60.jpg) 0 0 no-repeat;\r\n                    }\r\n                    #tdi_1  .td-doubleSlider-2 .td-item4 {\r\n                        background: url(https:\/\/www.eldiario.net\/portal\/wp-content\/uploads\/2024\/05\/Jean-Pierre-Presidente-de-Cainco-80x60.jpg) 0 0 no-repeat;\r\n                    }\r\n                    #tdi_1  .td-doubleSlider-2 .td-item5 {\r\n                        background: url(https:\/\/www.eldiario.net\/portal\/wp-content\/uploads\/2024\/05\/Martin-Teran-Fernando-Orellana-Luis-Fernando-Strauss-Laura-Bohorquez-Richard-Porter-Sergi-80x60.jpg) 0 0 no-repeat;\r\n                    }\r\n                    #tdi_1  .td-doubleSlider-2 .td-item6 {\r\n                        background: url(https:\/\/www.eldiario.net\/portal\/wp-content\/uploads\/2024\/05\/Martin-Teran-Sergio-Angulo-Luis-Fernando-Strauss-Jean-Pierre-Antelo-Richard-Porter-Fernan-80x60.jpg) 0 0 no-repeat;\r\n                    }\r\n                <\/style>\r\n\r\n                <div id=\"tdi_1\" class=\"td-gallery td-slide-on-2-columns\">\r\n                    <div class=\"post_td_gallery\">\r\n                        <div class=\"td-gallery-slide-top\">\r\n                           <div class=\"td-gallery-title\"><\/div>\r\n\r\n                            <div class=\"td-gallery-controls-wrapper\">\r\n                                <div class=\"td-gallery-slide-count\"><span class=\"td-gallery-slide-item-focus\">1<\/span> de 6<\/div>\r\n                                <div class=\"td-gallery-slide-prev-next-but\">\r\n                                    <i class = \"td-icon-left doubleSliderPrevButton\"><\/i>\r\n                                    <i class = \"td-icon-right doubleSliderNextButton\"><\/i>\r\n                                <\/div>\r\n                            <\/div>\r\n                        <\/div>\r\n\r\n                        <div class = \"td-doubleSlider-1 \">\r\n                            <div class = \"td-slider\">\r\n                                \r\n                    <div class = \"td-slide-item td-item1\">\r\n                        <figure class=\"td-slide-galery-figure td-slide-popup-gallery\">\r\n                            <a class=\"slide-gallery-image-link\" href=\"https:\/\/www.eldiario.net\/portal\/wp-content\/uploads\/2024\/05\/Embajador-Richard-Porter-scaled.jpg\" title=\"Embajador-Richard-Porter\"  data-caption=\"EL  EMBAJADOR BRIT\u00c1NICO, RICHARD  PORTER.\"  data-description=\"\">\r\n                                <img decoding=\"async\" src=\"https:\/\/www.eldiario.net\/portal\/wp-content\/uploads\/2024\/05\/Embajador-Richard-Porter-749x420.jpg\" srcset=\"https:\/\/www.eldiario.net\/portal\/wp-content\/uploads\/2024\/05\/Embajador-Richard-Porter-749x420.jpg 749w, https:\/\/www.eldiario.net\/portal\/wp-content\/uploads\/2024\/05\/Embajador-Richard-Porter-300x168.jpg 300w, https:\/\/www.eldiario.net\/portal\/wp-content\/uploads\/2024\/05\/Embajador-Richard-Porter-1024x574.jpg 1024w, https:\/\/www.eldiario.net\/portal\/wp-content\/uploads\/2024\/05\/Embajador-Richard-Porter-768x431.jpg 768w, https:\/\/www.eldiario.net\/portal\/wp-content\/uploads\/2024\/05\/Embajador-Richard-Porter-1536x862.jpg 1536w, https:\/\/www.eldiario.net\/portal\/wp-content\/uploads\/2024\/05\/Embajador-Richard-Porter-2048x1149.jpg 2048w, https:\/\/www.eldiario.net\/portal\/wp-content\/uploads\/2024\/05\/Embajador-Richard-Porter-696x390.jpg 696w, https:\/\/www.eldiario.net\/portal\/wp-content\/uploads\/2024\/05\/Embajador-Richard-Porter-1068x599.jpg 1068w, https:\/\/www.eldiario.net\/portal\/wp-content\/uploads\/2024\/05\/Embajador-Richard-Porter-1920x1077.jpg 1920w\" sizes=\"(max-width: 749px) 100vw, 749px\" alt=\"\">\r\n                            <\/a>\r\n                            <figcaption class = \"td-slide-caption td-gallery-slide-content\"><div class = \"td-gallery-slide-copywrite\">EL  EMBAJADOR BRIT\u00c1NICO, RICHARD  PORTER.<\/div><\/figcaption>\r\n                        <\/figure>\r\n                    <\/div>\r\n                    <div class = \"td-slide-item td-item2\">\r\n                        <figure class=\"td-slide-galery-figure td-slide-popup-gallery\">\r\n                            <a class=\"slide-gallery-image-link\" href=\"https:\/\/www.eldiario.net\/portal\/wp-content\/uploads\/2024\/05\/Guardia-Real.jpg\" title=\"Guardia-Real\"  data-caption=\"EL GUARDIA REAL.\"  data-description=\"\">\r\n                                <img decoding=\"async\" src=\"https:\/\/www.eldiario.net\/portal\/wp-content\/uploads\/2024\/05\/Guardia-Real-749x420.jpg\" srcset=\"https:\/\/www.eldiario.net\/portal\/wp-content\/uploads\/2024\/05\/Guardia-Real-749x420.jpg 749w, https:\/\/www.eldiario.net\/portal\/wp-content\/uploads\/2024\/05\/Guardia-Real-300x168.jpg 300w, https:\/\/www.eldiario.net\/portal\/wp-content\/uploads\/2024\/05\/Guardia-Real-1024x574.jpg 1024w, https:\/\/www.eldiario.net\/portal\/wp-content\/uploads\/2024\/05\/Guardia-Real-768x431.jpg 768w, https:\/\/www.eldiario.net\/portal\/wp-content\/uploads\/2024\/05\/Guardia-Real-696x390.jpg 696w, https:\/\/www.eldiario.net\/portal\/wp-content\/uploads\/2024\/05\/Guardia-Real-1068x599.jpg 1068w, https:\/\/www.eldiario.net\/portal\/wp-content\/uploads\/2024\/05\/Guardia-Real.jpg 1200w\" sizes=\"(max-width: 749px) 100vw, 749px\" alt=\"\">\r\n                            <\/a>\r\n                            <figcaption class = \"td-slide-caption td-gallery-slide-content\"><div class = \"td-gallery-slide-copywrite\">EL GUARDIA REAL.<\/div><\/figcaption>\r\n                        <\/figure>\r\n                    <\/div>\r\n                    <div class = \"td-slide-item td-item3\">\r\n                        <figure class=\"td-slide-galery-figure td-slide-popup-gallery\">\r\n                            <a class=\"slide-gallery-image-link\" href=\"https:\/\/www.eldiario.net\/portal\/wp-content\/uploads\/2024\/05\/IMG_2944.jpg\" title=\"IMG_2944\"  data-caption=\"PARTE DE LA NUTRIDA CONCURRENCIA QUE ASISTI\u00d3 AL C\u00d3CTEL, OFRECIDO EN LA  RESIDENCIA BRIT\u00c1NICA.\"  data-description=\"\">\r\n                                <img decoding=\"async\" src=\"https:\/\/www.eldiario.net\/portal\/wp-content\/uploads\/2024\/05\/IMG_2944-749x420.jpg\" srcset=\"https:\/\/www.eldiario.net\/portal\/wp-content\/uploads\/2024\/05\/IMG_2944-749x420.jpg 749w, https:\/\/www.eldiario.net\/portal\/wp-content\/uploads\/2024\/05\/IMG_2944-300x168.jpg 300w, https:\/\/www.eldiario.net\/portal\/wp-content\/uploads\/2024\/05\/IMG_2944-1024x574.jpg 1024w, https:\/\/www.eldiario.net\/portal\/wp-content\/uploads\/2024\/05\/IMG_2944-768x431.jpg 768w, https:\/\/www.eldiario.net\/portal\/wp-content\/uploads\/2024\/05\/IMG_2944-696x390.jpg 696w, https:\/\/www.eldiario.net\/portal\/wp-content\/uploads\/2024\/05\/IMG_2944-1068x599.jpg 1068w, https:\/\/www.eldiario.net\/portal\/wp-content\/uploads\/2024\/05\/IMG_2944.jpg 1200w\" sizes=\"(max-width: 749px) 100vw, 749px\" alt=\"\">\r\n                            <\/a>\r\n                            <figcaption class = \"td-slide-caption td-gallery-slide-content\"><div class = \"td-gallery-slide-copywrite\">PARTE DE LA NUTRIDA CONCURRENCIA QUE ASISTI\u00d3 AL C\u00d3CTEL, OFRECIDO EN LA  RESIDENCIA BRIT\u00c1NICA.<\/div><\/figcaption>\r\n                        <\/figure>\r\n                    <\/div>\r\n                    <div class = \"td-slide-item td-item4\">\r\n                        <figure class=\"td-slide-galery-figure td-slide-popup-gallery\">\r\n                            <a class=\"slide-gallery-image-link\" href=\"https:\/\/www.eldiario.net\/portal\/wp-content\/uploads\/2024\/05\/Jean-Pierre-Presidente-de-Cainco.jpg\" title=\"Jean-Pierre-Presidente-de-Cainco\"  data-caption=\"  JEAN PIERRE  ANTELO,  PRESIDENTE DE CAINCO.\"  data-description=\"\">\r\n                                <img decoding=\"async\" src=\"https:\/\/www.eldiario.net\/portal\/wp-content\/uploads\/2024\/05\/Jean-Pierre-Presidente-de-Cainco-749x420.jpg\" srcset=\"https:\/\/www.eldiario.net\/portal\/wp-content\/uploads\/2024\/05\/Jean-Pierre-Presidente-de-Cainco-749x420.jpg 749w, https:\/\/www.eldiario.net\/portal\/wp-content\/uploads\/2024\/05\/Jean-Pierre-Presidente-de-Cainco-300x168.jpg 300w, https:\/\/www.eldiario.net\/portal\/wp-content\/uploads\/2024\/05\/Jean-Pierre-Presidente-de-Cainco-1024x574.jpg 1024w, https:\/\/www.eldiario.net\/portal\/wp-content\/uploads\/2024\/05\/Jean-Pierre-Presidente-de-Cainco-768x431.jpg 768w, https:\/\/www.eldiario.net\/portal\/wp-content\/uploads\/2024\/05\/Jean-Pierre-Presidente-de-Cainco-696x390.jpg 696w, https:\/\/www.eldiario.net\/portal\/wp-content\/uploads\/2024\/05\/Jean-Pierre-Presidente-de-Cainco-1068x599.jpg 1068w, https:\/\/www.eldiario.net\/portal\/wp-content\/uploads\/2024\/05\/Jean-Pierre-Presidente-de-Cainco.jpg 1200w\" sizes=\"(max-width: 749px) 100vw, 749px\" alt=\"\">\r\n                            <\/a>\r\n                            <figcaption class = \"td-slide-caption td-gallery-slide-content\"><div class = \"td-gallery-slide-copywrite\">  JEAN PIERRE  ANTELO,  PRESIDENTE DE CAINCO.<\/div><\/figcaption>\r\n                        <\/figure>\r\n                    <\/div>\r\n                    <div class = \"td-slide-item td-item5\">\r\n                        <figure class=\"td-slide-galery-figure td-slide-popup-gallery\">\r\n                            <a class=\"slide-gallery-image-link\" href=\"https:\/\/www.eldiario.net\/portal\/wp-content\/uploads\/2024\/05\/Martin-Teran-Fernando-Orellana-Luis-Fernando-Strauss-Laura-Bohorquez-Richard-Porter-Sergi.jpg\" title=\"Martin-Ter\u00e1n,-Fernando-Orellana,-Luis-Fernando-Strauss,-Laura-Bohorquez,-Richard-Porter,-Sergi\"  data-caption=\"MARTIN TER\u00c1N, FERNANDO ORELLANA, LUIS FERNANDO STRAUSS, LAURA BOHORQUEZ, RICHARD PORTER, SERGIO ANGULO, EL GUARDIA REAL Y EMMA STEPHENS.\"  data-description=\"\">\r\n                                <img decoding=\"async\" src=\"https:\/\/www.eldiario.net\/portal\/wp-content\/uploads\/2024\/05\/Martin-Teran-Fernando-Orellana-Luis-Fernando-Strauss-Laura-Bohorquez-Richard-Porter-Sergi-749x420.jpg\" srcset=\"https:\/\/www.eldiario.net\/portal\/wp-content\/uploads\/2024\/05\/Martin-Teran-Fernando-Orellana-Luis-Fernando-Strauss-Laura-Bohorquez-Richard-Porter-Sergi-749x420.jpg 749w, https:\/\/www.eldiario.net\/portal\/wp-content\/uploads\/2024\/05\/Martin-Teran-Fernando-Orellana-Luis-Fernando-Strauss-Laura-Bohorquez-Richard-Porter-Sergi-300x168.jpg 300w, https:\/\/www.eldiario.net\/portal\/wp-content\/uploads\/2024\/05\/Martin-Teran-Fernando-Orellana-Luis-Fernando-Strauss-Laura-Bohorquez-Richard-Porter-Sergi-1024x574.jpg 1024w, https:\/\/www.eldiario.net\/portal\/wp-content\/uploads\/2024\/05\/Martin-Teran-Fernando-Orellana-Luis-Fernando-Strauss-Laura-Bohorquez-Richard-Porter-Sergi-768x431.jpg 768w, https:\/\/www.eldiario.net\/portal\/wp-content\/uploads\/2024\/05\/Martin-Teran-Fernando-Orellana-Luis-Fernando-Strauss-Laura-Bohorquez-Richard-Porter-Sergi-696x390.jpg 696w, https:\/\/www.eldiario.net\/portal\/wp-content\/uploads\/2024\/05\/Martin-Teran-Fernando-Orellana-Luis-Fernando-Strauss-Laura-Bohorquez-Richard-Porter-Sergi-1068x599.jpg 1068w, https:\/\/www.eldiario.net\/portal\/wp-content\/uploads\/2024\/05\/Martin-Teran-Fernando-Orellana-Luis-Fernando-Strauss-Laura-Bohorquez-Richard-Porter-Sergi.jpg 1200w\" sizes=\"(max-width: 749px) 100vw, 749px\" alt=\"\">\r\n                            <\/a>\r\n                            <figcaption class = \"td-slide-caption td-gallery-slide-content\"><div class = \"td-gallery-slide-copywrite\">MARTIN TER\u00c1N, FERNANDO ORELLANA, LUIS FERNANDO STRAUSS, LAURA BOHORQUEZ, RICHARD PORTER, SERGIO ANGULO, EL GUARDIA REAL Y EMMA STEPHENS.<\/div><\/figcaption>\r\n                        <\/figure>\r\n                    <\/div>\r\n                    <div class = \"td-slide-item td-item6\">\r\n                        <figure class=\"td-slide-galery-figure td-slide-popup-gallery\">\r\n                            <a class=\"slide-gallery-image-link\" href=\"https:\/\/www.eldiario.net\/portal\/wp-content\/uploads\/2024\/05\/Martin-Teran-Sergio-Angulo-Luis-Fernando-Strauss-Jean-Pierre-Antelo-Richard-Porter-Fernan.jpg\" title=\"Mart\u00edn-Ter\u00e1n,-Sergio-Angulo,-Luis-Fernando-Strauss,-Jean-Pierre-Antelo,-Richard-Porter,-Fernan\"  data-caption=\"MART\u00cdN TER\u00c1N, SERGIO ANGULO, LUIS FERNANDO STRAUSS, JEAN PIERRE ANTELO, RICHARD PORTER, FERNANDO ORELLANA.\"  data-description=\"\">\r\n                                <img decoding=\"async\" src=\"https:\/\/www.eldiario.net\/portal\/wp-content\/uploads\/2024\/05\/Martin-Teran-Sergio-Angulo-Luis-Fernando-Strauss-Jean-Pierre-Antelo-Richard-Porter-Fernan-749x420.jpg\" srcset=\"https:\/\/www.eldiario.net\/portal\/wp-content\/uploads\/2024\/05\/Martin-Teran-Sergio-Angulo-Luis-Fernando-Strauss-Jean-Pierre-Antelo-Richard-Porter-Fernan-749x420.jpg 749w, https:\/\/www.eldiario.net\/portal\/wp-content\/uploads\/2024\/05\/Martin-Teran-Sergio-Angulo-Luis-Fernando-Strauss-Jean-Pierre-Antelo-Richard-Porter-Fernan-300x168.jpg 300w, https:\/\/www.eldiario.net\/portal\/wp-content\/uploads\/2024\/05\/Martin-Teran-Sergio-Angulo-Luis-Fernando-Strauss-Jean-Pierre-Antelo-Richard-Porter-Fernan-1024x574.jpg 1024w, https:\/\/www.eldiario.net\/portal\/wp-content\/uploads\/2024\/05\/Martin-Teran-Sergio-Angulo-Luis-Fernando-Strauss-Jean-Pierre-Antelo-Richard-Porter-Fernan-768x431.jpg 768w, https:\/\/www.eldiario.net\/portal\/wp-content\/uploads\/2024\/05\/Martin-Teran-Sergio-Angulo-Luis-Fernando-Strauss-Jean-Pierre-Antelo-Richard-Porter-Fernan-696x390.jpg 696w, https:\/\/www.eldiario.net\/portal\/wp-content\/uploads\/2024\/05\/Martin-Teran-Sergio-Angulo-Luis-Fernando-Strauss-Jean-Pierre-Antelo-Richard-Porter-Fernan-1068x599.jpg 1068w, https:\/\/www.eldiario.net\/portal\/wp-content\/uploads\/2024\/05\/Martin-Teran-Sergio-Angulo-Luis-Fernando-Strauss-Jean-Pierre-Antelo-Richard-Porter-Fernan.jpg 1200w\" sizes=\"(max-width: 749px) 100vw, 749px\" alt=\"\">\r\n                            <\/a>\r\n                            <figcaption class = \"td-slide-caption td-gallery-slide-content\"><div class = \"td-gallery-slide-copywrite\">MART\u00cdN TER\u00c1N, SERGIO ANGULO, LUIS FERNANDO STRAUSS, JEAN PIERRE ANTELO, RICHARD PORTER, FERNANDO ORELLANA.<\/div><\/figcaption>\r\n                        <\/figure>\r\n                    <\/div>\r\n                            <\/div>\r\n                        <\/div>\r\n\r\n                        <div class = \"td-doubleSlider-2\">\r\n                            <div class = \"td-slider\">\r\n                                \r\n                    <div class = \"td-button td-item1\">\r\n                        <div class = \"td-border\"><\/div>\r\n                    <\/div>\r\n                    <div class = \"td-button td-item2\">\r\n                        <div class = \"td-border\"><\/div>\r\n                    <\/div>\r\n                    <div class = \"td-button td-item3\">\r\n                        <div class = \"td-border\"><\/div>\r\n                    <\/div>\r\n                    <div class = \"td-button td-item4\">\r\n                        <div class = \"td-border\"><\/div>\r\n                    <\/div>\r\n                    <div class = \"td-button td-item5\">\r\n                        <div class = \"td-border\"><\/div>\r\n                    <\/div>\r\n                    <div class = \"td-button td-item6\">\r\n                        <div class = \"td-border\"><\/div>\r\n                    <\/div>\r\n                            <\/div>\r\n                        <\/div>\r\n\r\n                    <\/div>\r\n\r\n                <\/div>\r\n                \n","protected":false},"excerpt":{"rendered":"<p>La Embajada Brit\u00e1nica y la C\u00e1mara de Industria, Comercio, Servicios y Turismo de Santa Cruz (Cainco) presentaron oficialmente la C\u00e1mara de Comercio Brit\u00e1nico-Boliviana (BRITCHAM Bolivia), en acto efectuado en la residencia del Reino Unido en La Paz. El evento cont\u00f3 con la presencia del embajador Richard Porter, y el presidente de Cainco, Jean Pierre Antelo, [&hellip;]<\/p>\n","protected":false},"author":1,"featured_media":223745,"comment_status":"open","ping_status":"open","sticky":false,"template":"","format":"standard","meta":{"_acf_changed":false,"footnotes":""},"categories":[40],"tags":[],"class_list":["post-223739","post","type-post","status-publish","format-standard","has-post-thumbnail","category-sociales"],"acf":{"antetitulo":""},"yoast_head":"<!-- This site is optimized with the Yoast SEO plugin v28.4 - https:\/\/yoast.com\/product\/yoast-seo-wordpress\/ -->\n<title>BRITCHAM, nuevo puente comercial entre Bolivia y el Reino Unido - El Diario - Bolivia<\/title>\n<meta name=\"robots\" content=\"index, follow, max-snippet:-1, max-image-preview:large, max-video-preview:-1\" \/>\n<link rel=\"canonical\" href=\"https:\/\/www.eldiario.net\/portal\/2024\/05\/29\/223739\/\" \/>\n<meta property=\"og:locale\" content=\"es_ES\" \/>\n<meta property=\"og:type\" content=\"article\" \/>\n<meta property=\"og:title\" content=\"BRITCHAM, nuevo puente comercial entre Bolivia y el Reino Unido - El Diario - Bolivia\" \/>\n<meta property=\"og:description\" content=\"La Embajada Brit\u00e1nica y la C\u00e1mara de Industria, Comercio, Servicios y Turismo de Santa Cruz (Cainco) presentaron oficialmente la C\u00e1mara de Comercio Brit\u00e1nico-Boliviana (BRITCHAM Bolivia), en acto efectuado en la residencia del Reino Unido en La Paz. El evento cont\u00f3 con la presencia del embajador Richard Porter, y el presidente de Cainco, Jean Pierre Antelo, [&hellip;]\" \/>\n<meta property=\"og:url\" content=\"https:\/\/www.eldiario.net\/portal\/2024\/05\/29\/223739\/\" \/>\n<meta property=\"og:site_name\" content=\"El Diario - Bolivia\" \/>\n<meta property=\"article:publisher\" content=\"https:\/\/www.facebook.com\/eldiario.bolivia\/\" \/>\n<meta property=\"article:published_time\" content=\"2024-05-29T10:09:59+00:00\" \/>\n<meta property=\"article:modified_time\" content=\"2024-05-29T10:10:36+00:00\" \/>\n<meta property=\"og:image\" content=\"https:\/\/www.eldiario.net\/portal\/wp-content\/uploads\/2024\/05\/Martin-Teran-Sergio-Angulo-Luis-Fernando-Strauss-Jean-Pierre-Antelo-Richard-Porter-Fernan.jpg\" \/>\n\t<meta property=\"og:image:width\" content=\"1200\" \/>\n\t<meta property=\"og:image:height\" content=\"673\" \/>\n\t<meta property=\"og:image:type\" content=\"image\/jpeg\" \/>\n<meta name=\"author\" content=\"Jeanette\" \/>\n<meta name=\"twitter:card\" content=\"summary_large_image\" \/>\n<meta name=\"twitter:creator\" content=\"@eldiario_net\" \/>\n<meta name=\"twitter:site\" content=\"@eldiario_net\" \/>\n<meta name=\"twitter:label1\" content=\"Escrito por\" \/>\n\t<meta name=\"twitter:data1\" content=\"Jeanette\" \/>\n\t<meta name=\"twitter:label2\" content=\"Tiempo de lectura\" \/>\n\t<meta name=\"twitter:data2\" content=\"2 minutos\" \/>\n<script type=\"application\/ld+json\" class=\"yoast-schema-graph\">{\"@context\":\"https:\\\/\\\/schema.org\",\"@graph\":[{\"@type\":\"Article\",\"@id\":\"https:\\\/\\\/www.eldiario.net\\\/portal\\\/2024\\\/05\\\/29\\\/223739\\\/#article\",\"isPartOf\":{\"@id\":\"https:\\\/\\\/www.eldiario.net\\\/portal\\\/2024\\\/05\\\/29\\\/223739\\\/\"},\"author\":{\"name\":\"Jeanette\",\"@id\":\"https:\\\/\\\/www.eldiario.net\\\/portal\\\/#\\\/schema\\\/person\\\/f46445640444750d7d753ccd04ae01b7\"},\"headline\":\"BRITCHAM, nuevo puente comercial entre Bolivia y el Reino Unido\",\"datePublished\":\"2024-05-29T10:09:59+00:00\",\"dateModified\":\"2024-05-29T10:10:36+00:00\",\"mainEntityOfPage\":{\"@id\":\"https:\\\/\\\/www.eldiario.net\\\/portal\\\/2024\\\/05\\\/29\\\/223739\\\/\"},\"wordCount\":342,\"commentCount\":0,\"publisher\":{\"@id\":\"https:\\\/\\\/www.eldiario.net\\\/portal\\\/#organization\"},\"image\":{\"@id\":\"https:\\\/\\\/www.eldiario.net\\\/portal\\\/2024\\\/05\\\/29\\\/223739\\\/#primaryimage\"},\"thumbnailUrl\":\"https:\\\/\\\/www.eldiario.net\\\/portal\\\/wp-content\\\/uploads\\\/2024\\\/05\\\/Martin-Teran-Sergio-Angulo-Luis-Fernando-Strauss-Jean-Pierre-Antelo-Richard-Porter-Fernan.jpg\",\"articleSection\":[\"Sociales\"],\"inLanguage\":\"es\",\"potentialAction\":[{\"@type\":\"CommentAction\",\"name\":\"Comment\",\"target\":[\"https:\\\/\\\/www.eldiario.net\\\/portal\\\/2024\\\/05\\\/29\\\/223739\\\/#respond\"]}]},{\"@type\":\"WebPage\",\"@id\":\"https:\\\/\\\/www.eldiario.net\\\/portal\\\/2024\\\/05\\\/29\\\/223739\\\/\",\"url\":\"https:\\\/\\\/www.eldiario.net\\\/portal\\\/2024\\\/05\\\/29\\\/223739\\\/\",\"name\":\"BRITCHAM, nuevo puente comercial entre Bolivia y el Reino Unido - El Diario - Bolivia\",\"isPartOf\":{\"@id\":\"https:\\\/\\\/www.eldiario.net\\\/portal\\\/#website\"},\"primaryImageOfPage\":{\"@id\":\"https:\\\/\\\/www.eldiario.net\\\/portal\\\/2024\\\/05\\\/29\\\/223739\\\/#primaryimage\"},\"image\":{\"@id\":\"https:\\\/\\\/www.eldiario.net\\\/portal\\\/2024\\\/05\\\/29\\\/223739\\\/#primaryimage\"},\"thumbnailUrl\":\"https:\\\/\\\/www.eldiario.net\\\/portal\\\/wp-content\\\/uploads\\\/2024\\\/05\\\/Martin-Teran-Sergio-Angulo-Luis-Fernando-Strauss-Jean-Pierre-Antelo-Richard-Porter-Fernan.jpg\",\"datePublished\":\"2024-05-29T10:09:59+00:00\",\"dateModified\":\"2024-05-29T10:10:36+00:00\",\"breadcrumb\":{\"@id\":\"https:\\\/\\\/www.eldiario.net\\\/portal\\\/2024\\\/05\\\/29\\\/223739\\\/#breadcrumb\"},\"inLanguage\":\"es\",\"potentialAction\":[{\"@type\":\"ReadAction\",\"target\":[\"https:\\\/\\\/www.eldiario.net\\\/portal\\\/2024\\\/05\\\/29\\\/223739\\\/\"]}]},{\"@type\":\"ImageObject\",\"inLanguage\":\"es\",\"@id\":\"https:\\\/\\\/www.eldiario.net\\\/portal\\\/2024\\\/05\\\/29\\\/223739\\\/#primaryimage\",\"url\":\"https:\\\/\\\/www.eldiario.net\\\/portal\\\/wp-content\\\/uploads\\\/2024\\\/05\\\/Martin-Teran-Sergio-Angulo-Luis-Fernando-Strauss-Jean-Pierre-Antelo-Richard-Porter-Fernan.jpg\",\"contentUrl\":\"https:\\\/\\\/www.eldiario.net\\\/portal\\\/wp-content\\\/uploads\\\/2024\\\/05\\\/Martin-Teran-Sergio-Angulo-Luis-Fernando-Strauss-Jean-Pierre-Antelo-Richard-Porter-Fernan.jpg\",\"width\":1200,\"height\":673,\"caption\":\"MART\u00cdN TER\u00c1N, SERGIO ANGULO, LUIS FERNANDO STRAUSS, JEAN PIERRE ANTELO, RICHARD PORTER, FERNANDO ORELLANA.\"},{\"@type\":\"BreadcrumbList\",\"@id\":\"https:\\\/\\\/www.eldiario.net\\\/portal\\\/2024\\\/05\\\/29\\\/223739\\\/#breadcrumb\",\"itemListElement\":[{\"@type\":\"ListItem\",\"position\":1,\"name\":\"Portada\",\"item\":\"https:\\\/\\\/www.eldiario.net\\\/portal\\\/\"},{\"@type\":\"ListItem\",\"position\":2,\"name\":\"BRITCHAM, nuevo puente comercial entre Bolivia y el Reino Unido\"}]},{\"@type\":\"WebSite\",\"@id\":\"https:\\\/\\\/www.eldiario.net\\\/portal\\\/#website\",\"url\":\"https:\\\/\\\/www.eldiario.net\\\/portal\\\/\",\"name\":\"El Diario - Decano de la prensa nacional\",\"description\":\"El Diario - Decano de la prensa nacional\",\"publisher\":{\"@id\":\"https:\\\/\\\/www.eldiario.net\\\/portal\\\/#organization\"},\"potentialAction\":[{\"@type\":\"SearchAction\",\"target\":{\"@type\":\"EntryPoint\",\"urlTemplate\":\"https:\\\/\\\/www.eldiario.net\\\/portal\\\/?s={search_term_string}\"},\"query-input\":{\"@type\":\"PropertyValueSpecification\",\"valueRequired\":true,\"valueName\":\"search_term_string\"}}],\"inLanguage\":\"es\"},{\"@type\":\"Organization\",\"@id\":\"https:\\\/\\\/www.eldiario.net\\\/portal\\\/#organization\",\"name\":\"El Diario - Decano de la prensa nacional\",\"url\":\"https:\\\/\\\/www.eldiario.net\\\/portal\\\/\",\"logo\":{\"@type\":\"ImageObject\",\"inLanguage\":\"es\",\"@id\":\"https:\\\/\\\/www.eldiario.net\\\/portal\\\/#\\\/schema\\\/logo\\\/image\\\/\",\"url\":\"https:\\\/\\\/www.eldiario.net\\\/portal\\\/wp-content\\\/uploads\\\/2023\\\/07\\\/logo_ED.jpg\",\"contentUrl\":\"https:\\\/\\\/www.eldiario.net\\\/portal\\\/wp-content\\\/uploads\\\/2023\\\/07\\\/logo_ED.jpg\",\"width\":272,\"height\":52,\"caption\":\"El Diario - Decano de la prensa nacional\"},\"image\":{\"@id\":\"https:\\\/\\\/www.eldiario.net\\\/portal\\\/#\\\/schema\\\/logo\\\/image\\\/\"},\"sameAs\":[\"https:\\\/\\\/www.facebook.com\\\/eldiario.bolivia\\\/\",\"https:\\\/\\\/x.com\\\/eldiario_net\"]},{\"@type\":\"Person\",\"@id\":\"https:\\\/\\\/www.eldiario.net\\\/portal\\\/#\\\/schema\\\/person\\\/f46445640444750d7d753ccd04ae01b7\",\"name\":\"Jeanette\",\"image\":{\"@type\":\"ImageObject\",\"inLanguage\":\"es\",\"@id\":\"https:\\\/\\\/secure.gravatar.com\\\/avatar\\\/3ea2118a5f7dad2b7138b1187a6b7ee55f160b9968b66013c3a3ef39dd7e5798?s=96&d=mm&r=g\",\"url\":\"https:\\\/\\\/secure.gravatar.com\\\/avatar\\\/3ea2118a5f7dad2b7138b1187a6b7ee55f160b9968b66013c3a3ef39dd7e5798?s=96&d=mm&r=g\",\"contentUrl\":\"https:\\\/\\\/secure.gravatar.com\\\/avatar\\\/3ea2118a5f7dad2b7138b1187a6b7ee55f160b9968b66013c3a3ef39dd7e5798?s=96&d=mm&r=g\",\"caption\":\"Jeanette\"},\"sameAs\":[\"https:\\\/\\\/www.eldiario.net\\\/portal\"],\"url\":\"https:\\\/\\\/www.eldiario.net\\\/portal\\\/author\\\/jeanette\\\/\"}]}<\/script>\n<!-- \/ Yoast SEO plugin. -->","yoast_head_json":{"title":"BRITCHAM, nuevo puente comercial entre Bolivia y el Reino Unido - El Diario - Bolivia","robots":{"index":"index","follow":"follow","max-snippet":"max-snippet:-1","max-image-preview":"max-image-preview:large","max-video-preview":"max-video-preview:-1"},"canonical":"https:\/\/www.eldiario.net\/portal\/2024\/05\/29\/223739\/","og_locale":"es_ES","og_type":"article","og_title":"BRITCHAM, nuevo puente comercial entre Bolivia y el Reino Unido - El Diario - Bolivia","og_description":"La Embajada Brit\u00e1nica y la C\u00e1mara de Industria, Comercio, Servicios y Turismo de Santa Cruz (Cainco) presentaron oficialmente la C\u00e1mara de Comercio Brit\u00e1nico-Boliviana (BRITCHAM Bolivia), en acto efectuado en la residencia del Reino Unido en La Paz. El evento cont\u00f3 con la presencia del embajador Richard Porter, y el presidente de Cainco, Jean Pierre Antelo, [&hellip;]","og_url":"https:\/\/www.eldiario.net\/portal\/2024\/05\/29\/223739\/","og_site_name":"El Diario - Bolivia","article_publisher":"https:\/\/www.facebook.com\/eldiario.bolivia\/","article_published_time":"2024-05-29T10:09:59+00:00","article_modified_time":"2024-05-29T10:10:36+00:00","og_image":[{"width":1200,"height":673,"url":"https:\/\/www.eldiario.net\/portal\/wp-content\/uploads\/2024\/05\/Martin-Teran-Sergio-Angulo-Luis-Fernando-Strauss-Jean-Pierre-Antelo-Richard-Porter-Fernan.jpg","type":"image\/jpeg"}],"author":"Jeanette","twitter_card":"summary_large_image","twitter_creator":"@eldiario_net","twitter_site":"@eldiario_net","twitter_misc":{"Escrito por":"Jeanette","Tiempo de lectura":"2 minutos"},"schema":{"@context":"https:\/\/schema.org","@graph":[{"@type":"Article","@id":"https:\/\/www.eldiario.net\/portal\/2024\/05\/29\/223739\/#article","isPartOf":{"@id":"https:\/\/www.eldiario.net\/portal\/2024\/05\/29\/223739\/"},"author":{"name":"Jeanette","@id":"https:\/\/www.eldiario.net\/portal\/#\/schema\/person\/f46445640444750d7d753ccd04ae01b7"},"headline":"BRITCHAM, nuevo puente comercial entre Bolivia y el Reino Unido","datePublished":"2024-05-29T10:09:59+00:00","dateModified":"2024-05-29T10:10:36+00:00","mainEntityOfPage":{"@id":"https:\/\/www.eldiario.net\/portal\/2024\/05\/29\/223739\/"},"wordCount":342,"commentCount":0,"publisher":{"@id":"https:\/\/www.eldiario.net\/portal\/#organization"},"image":{"@id":"https:\/\/www.eldiario.net\/portal\/2024\/05\/29\/223739\/#primaryimage"},"thumbnailUrl":"https:\/\/www.eldiario.net\/portal\/wp-content\/uploads\/2024\/05\/Martin-Teran-Sergio-Angulo-Luis-Fernando-Strauss-Jean-Pierre-Antelo-Richard-Porter-Fernan.jpg","articleSection":["Sociales"],"inLanguage":"es","potentialAction":[{"@type":"CommentAction","name":"Comment","target":["https:\/\/www.eldiario.net\/portal\/2024\/05\/29\/223739\/#respond"]}]},{"@type":"WebPage","@id":"https:\/\/www.eldiario.net\/portal\/2024\/05\/29\/223739\/","url":"https:\/\/www.eldiario.net\/portal\/2024\/05\/29\/223739\/","name":"BRITCHAM, nuevo puente comercial entre Bolivia y el Reino Unido - El Diario - Bolivia","isPartOf":{"@id":"https:\/\/www.eldiario.net\/portal\/#website"},"primaryImageOfPage":{"@id":"https:\/\/www.eldiario.net\/portal\/2024\/05\/29\/223739\/#primaryimage"},"image":{"@id":"https:\/\/www.eldiario.net\/portal\/2024\/05\/29\/223739\/#primaryimage"},"thumbnailUrl":"https:\/\/www.eldiario.net\/portal\/wp-content\/uploads\/2024\/05\/Martin-Teran-Sergio-Angulo-Luis-Fernando-Strauss-Jean-Pierre-Antelo-Richard-Porter-Fernan.jpg","datePublished":"2024-05-29T10:09:59+00:00","dateModified":"2024-05-29T10:10:36+00:00","breadcrumb":{"@id":"https:\/\/www.eldiario.net\/portal\/2024\/05\/29\/223739\/#breadcrumb"},"inLanguage":"es","potentialAction":[{"@type":"ReadAction","target":["https:\/\/www.eldiario.net\/portal\/2024\/05\/29\/223739\/"]}]},{"@type":"ImageObject","inLanguage":"es","@id":"https:\/\/www.eldiario.net\/portal\/2024\/05\/29\/223739\/#primaryimage","url":"https:\/\/www.eldiario.net\/portal\/wp-content\/uploads\/2024\/05\/Martin-Teran-Sergio-Angulo-Luis-Fernando-Strauss-Jean-Pierre-Antelo-Richard-Porter-Fernan.jpg","contentUrl":"https:\/\/www.eldiario.net\/portal\/wp-content\/uploads\/2024\/05\/Martin-Teran-Sergio-Angulo-Luis-Fernando-Strauss-Jean-Pierre-Antelo-Richard-Porter-Fernan.jpg","width":1200,"height":673,"caption":"MART\u00cdN TER\u00c1N, SERGIO ANGULO, LUIS FERNANDO STRAUSS, JEAN PIERRE ANTELO, RICHARD PORTER, FERNANDO ORELLANA."},{"@type":"BreadcrumbList","@id":"https:\/\/www.eldiario.net\/portal\/2024\/05\/29\/223739\/#breadcrumb","itemListElement":[{"@type":"ListItem","position":1,"name":"Portada","item":"https:\/\/www.eldiario.net\/portal\/"},{"@type":"ListItem","position":2,"name":"BRITCHAM, nuevo puente comercial entre Bolivia y el Reino Unido"}]},{"@type":"WebSite","@id":"https:\/\/www.eldiario.net\/portal\/#website","url":"https:\/\/www.eldiario.net\/portal\/","name":"El Diario - Decano de la prensa nacional","description":"El Diario - Decano de la prensa nacional","publisher":{"@id":"https:\/\/www.eldiario.net\/portal\/#organization"},"potentialAction":[{"@type":"SearchAction","target":{"@type":"EntryPoint","urlTemplate":"https:\/\/www.eldiario.net\/portal\/?s={search_term_string}"},"query-input":{"@type":"PropertyValueSpecification","valueRequired":true,"valueName":"search_term_string"}}],"inLanguage":"es"},{"@type":"Organization","@id":"https:\/\/www.eldiario.net\/portal\/#organization","name":"El Diario - Decano de la prensa nacional","url":"https:\/\/www.eldiario.net\/portal\/","logo":{"@type":"ImageObject","inLanguage":"es","@id":"https:\/\/www.eldiario.net\/portal\/#\/schema\/logo\/image\/","url":"https:\/\/www.eldiario.net\/portal\/wp-content\/uploads\/2023\/07\/logo_ED.jpg","contentUrl":"https:\/\/www.eldiario.net\/portal\/wp-content\/uploads\/2023\/07\/logo_ED.jpg","width":272,"height":52,"caption":"El Diario - Decano de la prensa nacional"},"image":{"@id":"https:\/\/www.eldiario.net\/portal\/#\/schema\/logo\/image\/"},"sameAs":["https:\/\/www.facebook.com\/eldiario.bolivia\/","https:\/\/x.com\/eldiario_net"]},{"@type":"Person","@id":"https:\/\/www.eldiario.net\/portal\/#\/schema\/person\/f46445640444750d7d753ccd04ae01b7","name":"Jeanette","image":{"@type":"ImageObject","inLanguage":"es","@id":"https:\/\/secure.gravatar.com\/avatar\/3ea2118a5f7dad2b7138b1187a6b7ee55f160b9968b66013c3a3ef39dd7e5798?s=96&d=mm&r=g","url":"https:\/\/secure.gravatar.com\/avatar\/3ea2118a5f7dad2b7138b1187a6b7ee55f160b9968b66013c3a3ef39dd7e5798?s=96&d=mm&r=g","contentUrl":"https:\/\/secure.gravatar.com\/avatar\/3ea2118a5f7dad2b7138b1187a6b7ee55f160b9968b66013c3a3ef39dd7e5798?s=96&d=mm&r=g","caption":"Jeanette"},"sameAs":["https:\/\/www.eldiario.net\/portal"],"url":"https:\/\/www.eldiario.net\/portal\/author\/jeanette\/"}]}},"_links":{"self":[{"href":"https:\/\/www.eldiario.net\/portal\/wp-json\/wp\/v2\/posts\/223739","targetHints":{"allow":["GET"]}}],"collection":[{"href":"https:\/\/www.eldiario.net\/portal\/wp-json\/wp\/v2\/posts"}],"about":[{"href":"https:\/\/www.eldiario.net\/portal\/wp-json\/wp\/v2\/types\/post"}],"author":[{"embeddable":true,"href":"https:\/\/www.eldiario.net\/portal\/wp-json\/wp\/v2\/users\/1"}],"replies":[{"embeddable":true,"href":"https:\/\/www.eldiario.net\/portal\/wp-json\/wp\/v2\/comments?post=223739"}],"version-history":[{"count":2,"href":"https:\/\/www.eldiario.net\/portal\/wp-json\/wp\/v2\/posts\/223739\/revisions"}],"predecessor-version":[{"id":223747,"href":"https:\/\/www.eldiario.net\/portal\/wp-json\/wp\/v2\/posts\/223739\/revisions\/223747"}],"wp:featuredmedia":[{"embeddable":true,"href":"https:\/\/www.eldiario.net\/portal\/wp-json\/wp\/v2\/media\/223745"}],"wp:attachment":[{"href":"https:\/\/www.eldiario.net\/portal\/wp-json\/wp\/v2\/media?parent=223739"}],"wp:term":[{"taxonomy":"category","embeddable":true,"href":"https:\/\/www.eldiario.net\/portal\/wp-json\/wp\/v2\/categories?post=223739"},{"taxonomy":"post_tag","embeddable":true,"href":"https:\/\/www.eldiario.net\/portal\/wp-json\/wp\/v2\/tags?post=223739"}],"curies":[{"name":"wp","href":"https:\/\/api.w.org\/{rel}","templated":true}]}}