{"id":223721,"date":"2024-05-29T06:02:21","date_gmt":"2024-05-29T10:02:21","guid":{"rendered":"https:\/\/www.eldiario.net\/portal\/?p=223721"},"modified":"2024-05-29T06:02:21","modified_gmt":"2024-05-29T10:02:21","slug":"juan-carlos-monrroy-ya-quisiera-abrazar-a-mi-hijo-o-hija","status":"publish","type":"post","link":"https:\/\/www.eldiario.net\/portal\/2024\/05\/29\/juan-carlos-monrroy-ya-quisiera-abrazar-a-mi-hijo-o-hija\/","title":{"rendered":"JUAN CARLOS MONRROY \u201cYa quisiera abrazar a mi hijo o hija\u201d"},"content":{"rendered":"<p><strong>Nombre:<\/strong> Juan Carlos Monrroy Villegas.<\/p>\n<p><strong>Fecha y lugar de nacimiento:<\/strong> 11 de junio en La Paz.<\/p>\n<p><strong>Estudios:<\/strong> Comunicaci\u00f3n.<\/p>\n<p><strong>Estado civil:<\/strong> Casado.<\/p>\n<p><strong>\u00bfA qu\u00e9 te dedicas hoy?:<\/strong> Al periodismo, soy conductor del Que No Me Pierda y Notivisi\u00f3n (en la Red Uno).<\/p>\n<p>&nbsp;<\/p>\n<p><strong>LG: \u00bfQu\u00e9 es lo que el p\u00fablico no sabe de ti?<\/strong><\/p>\n<p>JC: Creo que muchas cosas. B\u00e1sicamente se sorprende la gente cuando en alguna entrevista, como \u00e9sta, cuento que antes de entrar a los medios y empezar a hacer periodismo, yo hac\u00eda m\u00fasica, y lo he hecho durante muchos a\u00f1os. Incluso hemos tenido la oportunidad de grabar algunos discos, hacer m\u00fasica, estar en escenario, en conciertos, en tocadas y pensar que ese iba a ser mi futuro, pero no (sonr\u00ede).<\/p>\n<p><strong>LG: \u00bfY d\u00f3nde qued\u00f3 la m\u00fasica?<\/strong><\/p>\n<p>JC: Ah\u00ed en el recuerdo, en las a\u00f1oranzas.<\/p>\n<p><strong>LG: \u00bfCu\u00e1l es tu mayor virtud?<\/strong><\/p>\n<p>JC: Yo creo que la paciencia.<\/p>\n<p><strong>LG: Y \u00bftu peor defecto?<\/strong><\/p>\n<p>JC: Hay muchos\u2026 pero creo que si algo no logro mejorar si quieres del todo, es la impuntualidad.<\/p>\n<p><strong>LG: Si volvieras a nacer, \u00bfqu\u00e9 cambiar\u00edas de tu vida?<\/strong><\/p>\n<p>JC: Nada, porque pese a todo, circunstancias, buenas, malas y todo aquello, creo que he sido muy bendecido en todo sentido (\u2026).<\/p>\n<p><strong>LG: \u00bfQu\u00e9 es lo mejor que han dicho de Juan Carlos Monroy?<\/strong><\/p>\n<p>JC: En lo profesional me alegra mucho haber escuchado que digan que hago bien mi trabajo period\u00edstico\u2026 me fortalece, me da un aliento y un espaldarazo para seguir adelante. Y en lo personal, no lo escucho muy seguido, pero muchos consideran que soy muy sincero, cero hipocres\u00edas y que est\u00e1 sobre todo la honestidad y la sensibilidad de por medio.<\/p>\n<p><strong>LG: \u00bfY qu\u00e9 lo peor?<\/strong><\/p>\n<p>JC: Tal vez que reniego mucho. Soy muy reneg\u00f3n.<\/p>\n<p><strong>LG: Y \u00bfqu\u00e9 haces cuando reniegas?<\/strong><\/p>\n<p>JC: No soy un reneg\u00f3n explosivo, trato de no explotar, pero s\u00ed se me debe notar al ver mi cara, en los gestos.<\/p>\n<p><strong>LG: \u00bfQu\u00e9 haces en tu tiempo libre?<\/strong><\/p>\n<p>JC: Hasta hace poco y regularmente iba al gimnasio, pero \u00faltimamente me encanta ver pel\u00edculas, estar en casa. Soy muy hogare\u00f1o, no salgo mucho, casi nada y eso compartimos con la Denisse (Quiroga). Disfrutamos de estar en casa un fin de semana entero, nos podemos encerrar en la casa cocinando, viendo pel\u00edculas y esas cosas.<\/p>\n<p><strong>LG: \u00bfCu\u00e1l fue la etapa m\u00e1s dif\u00edcil de tu vida?<\/strong><\/p>\n<p>JC: La etapa de la pandemia, creo que ha marcado a muchas personas y a m\u00ed tambi\u00e9n por todo lo que hemos atravesado (\u2026).<\/p>\n<p><strong>LG: Y \u00bfcu\u00e1l el mejor momento?<\/strong><\/p>\n<p>JC: Ahora es el mejor momento, es lo que estamos viviendo con la paternidad, con la maternidad, es inigualable a todo lo que me ha podido pasar hasta ahora.<\/p>\n<p><strong>LG: \u00bfC\u00f3mo te gustar\u00eda que te recuerden?<\/strong><\/p>\n<p>JC: Como un buen chango, como una buena persona, no pido m\u00e1s, como un buen ser humano b\u00e1sicamente, que ha tratado de hacer las cosas bien, lo correcto y que no ha sido una mala persona.<\/p>\n<p><strong>LG: \u00bfCu\u00e1ntos a\u00f1os ya est\u00e1s en la comunicaci\u00f3n? <\/strong><\/p>\n<p>JC: Voy a cumplir 25 a\u00f1os.<\/p>\n<p><strong>LG: \u00bfQu\u00e9 te dio tu trabajo en los medios de comunicaci\u00f3n?<\/strong><\/p>\n<p>JC: Me ha dado mucho, o sea aprendizaje, amistades, a mi esposa, porque nos hemos conocido gracias a esto, gracias al trabajo. \u00bfQu\u00e9 m\u00e1s?, crecimiento, aprendizaje, madurez, responsabilidad\u2026 me ha ense\u00f1ado much\u00edsimas cosas y me las sigue ense\u00f1ando.<\/p>\n<p><strong>LG: \u00bfQu\u00e9 destacas del Que No Me Pierda?<\/strong><\/p>\n<p>JC: Es un programa que para m\u00ed ha significado y sigue significando un reto todos los d\u00edas, todas las noches, porque es un programa importante dentro de la televisi\u00f3n boliviana, consolidado y muy visto. Cuando llegu\u00e9 al programa, ha sido adecuarme, no solo adecuarme sino adecuarlo al programa a m\u00ed, a mi forma de hacer periodismo y, gracias a Dios, creo que se ha ido dando en este tiempo. Entonces trato siempre de consolidarlo, de seguir consolid\u00e1ndolo, seguir avanzando y que mucha m\u00e1s gente lo vea.<\/p>\n<p><strong>LG: \u00bfQu\u00e9 sentiste cuando te enteraste que ser\u00e1s pap\u00e1?<\/strong><\/p>\n<p>JC: Fue un proceso muy largo, no ha sido la cl\u00e1sica noticia de la sorpresa, han sido muchos a\u00f1os desde el momento en el que lo hemos decidido (con Denisse)\u2026 por eso lo estamos celebrando y disfrutando tanto (\u2026). Cuando ya se dio (lo del embarazo), pues fue una enorme e indescriptible alegr\u00eda para los dos.<\/p>\n<p><strong>LG: \u00bfQu\u00e9 significa Denisse Quiroga en tu vida?<\/strong><\/p>\n<p>JC: Es mi compa\u00f1era de vida\u2026 somos s\u00faper cuates, nos tratamos como si fu\u00e9ramos dos grandes amigos, nos olvidamos incluso a veces que somos matrimonio. Ha llegado a complementar tanto mi vida y todo aquello, a ense\u00f1arme tambi\u00e9n muchas cosas, a ordenar muchas cosas. Es un complemento b\u00e1rbaro\u2026 estamos 15 a\u00f1os juntos, 11 a\u00f1os de matrimonio, pero lo lindo de nosotros, por lo menos, es que no hemos perdido ese toque entre los dos y nos sentimos muy bendecidos por esa complicidad, ese cari\u00f1o, ese amor profundo.<\/p>\n<p><strong>LG: \u00bfQui\u00e9n es hoy Juan Carlos Monroy?<\/strong><\/p>\n<p>JC: Soy un ser humano muy feliz, bendecido y agradecido. En lo profesional siempre con ambiciones porque las cosas cambian muy r\u00e1pido en lo que hacemos en la comunicaci\u00f3n (\u2026) y en lo personal soy una persona muy feliz y bendecida, que ha comenzado a construir las cosas desde cero. Y me siento orgulloso de haberlo hecho con Denisse, obviamente. Lo que estamos construyendo es gracias al sacrificio neto de ambos y eso me hace muy feliz\u2026<\/p>\n<p><strong>LG: \u00bfQu\u00e9 representa para ti tu familia?<\/strong><\/p>\n<p>JC: La familia es todo, es tu abrigo y afortunadamente no solamente la hemos formado y estamos formando con Denisse, sino toda mi familia, mis pap\u00e1s, que tengo la fortuna de tenerlos todav\u00eda a los dos conmigo. Lo propio Denisse, tiene a sus papis, hermanos, sobrinos, es decir, creo que es nom\u00e1s tu sustento, tu complemento. Son las personas que nunca te van a fallar, que siempre van a estar ah\u00ed para vos y hay que cuidar eso.<\/p>\n<p><strong>LG: \u00bfA qui\u00e9nes desear\u00edas abrazar en este momento?<\/strong><\/p>\n<p>JC: Siempre tengo ganas de abrazar a mi esposa y ahorita ya quisiera abrazar a mi hijo o hija. Te llega como esa desesperaci\u00f3n de tenerla ya o tenerlo.<\/p>\n<p><strong>LG: \u00bfQu\u00e9 quisieras que sea, var\u00f3n o mujer?<\/strong><\/p>\n<p>JC: Lo que venga, como dicen, pero que est\u00e9 bien, que sea sano o sana, pero no te voy a mentir, siempre hemos pensado y creo que la Denisse comparte el criterio, de que podr\u00eda ser varoncito, es m\u00e1s, ya tenemos el nombre. Pero \u00faltimamente y me lo han dicho muchos que ya son pap\u00e1s, que conforme se va acercando el d\u00eda, te cambia la perspectiva y dices, pero, caramba, si fuera una mujercita igual te ilusionar\u00e1 y emocionar\u00e1. Entonces, estamos en eso.<\/p>\n\r\n                <style type=\"text\/css\">\r\n                    \r\n                    #tdi_1  .td-doubleSlider-2 .td-item1 {\r\n                        background: url(https:\/\/www.eldiario.net\/portal\/wp-content\/uploads\/2024\/05\/1PRINCIPAL-3-80x60.jpg) 0 0 no-repeat;\r\n                    }\r\n                    #tdi_1  .td-doubleSlider-2 .td-item2 {\r\n                        background: url(https:\/\/www.eldiario.net\/portal\/wp-content\/uploads\/2024\/05\/2-12-80x60.jpg) 0 0 no-repeat;\r\n                    }\r\n                    #tdi_1  .td-doubleSlider-2 .td-item3 {\r\n                        background: url(https:\/\/www.eldiario.net\/portal\/wp-content\/uploads\/2024\/05\/3-10-80x60.jpg) 0 0 no-repeat;\r\n                    }\r\n                    #tdi_1  .td-doubleSlider-2 .td-item4 {\r\n                        background: url(https:\/\/www.eldiario.net\/portal\/wp-content\/uploads\/2024\/05\/4-10-80x60.jpg) 0 0 no-repeat;\r\n                    }\r\n                    #tdi_1  .td-doubleSlider-2 .td-item5 {\r\n                        background: url(https:\/\/www.eldiario.net\/portal\/wp-content\/uploads\/2024\/05\/5-6-80x60.jpg) 0 0 no-repeat;\r\n                    }\r\n                    #tdi_1  .td-doubleSlider-2 .td-item6 {\r\n                        background: url(https:\/\/www.eldiario.net\/portal\/wp-content\/uploads\/2024\/05\/6-1-80x60.jpg) 0 0 no-repeat;\r\n                    }\r\n                <\/style>\r\n\r\n                <div id=\"tdi_1\" class=\"td-gallery td-slide-on-2-columns\">\r\n                    <div class=\"post_td_gallery\">\r\n                        <div class=\"td-gallery-slide-top\">\r\n                           <div class=\"td-gallery-title\"><\/div>\r\n\r\n                            <div class=\"td-gallery-controls-wrapper\">\r\n                                <div class=\"td-gallery-slide-count\"><span class=\"td-gallery-slide-item-focus\">1<\/span> de 6<\/div>\r\n                                <div class=\"td-gallery-slide-prev-next-but\">\r\n                                    <i class = \"td-icon-left doubleSliderPrevButton\"><\/i>\r\n                                    <i class = \"td-icon-right doubleSliderNextButton\"><\/i>\r\n                                <\/div>\r\n                            <\/div>\r\n                        <\/div>\r\n\r\n                        <div class = \"td-doubleSlider-1 \">\r\n                            <div class = \"td-slider\">\r\n                                \r\n                    <div class = \"td-slide-item td-item1\">\r\n                        <figure class=\"td-slide-galery-figure td-slide-popup-gallery\">\r\n                            <a class=\"slide-gallery-image-link\" href=\"https:\/\/www.eldiario.net\/portal\/wp-content\/uploads\/2024\/05\/1PRINCIPAL-3.jpg\" title=\"1PRINCIPAL\"  data-caption=\"\"  data-description=\"\">\r\n                                <img decoding=\"async\" src=\"https:\/\/www.eldiario.net\/portal\/wp-content\/uploads\/2024\/05\/1PRINCIPAL-3-840x420.jpg\" srcset=\"https:\/\/www.eldiario.net\/portal\/wp-content\/uploads\/2024\/05\/1PRINCIPAL-3-840x420.jpg 840w, https:\/\/www.eldiario.net\/portal\/wp-content\/uploads\/2024\/05\/1PRINCIPAL-3-300x150.jpg 300w, https:\/\/www.eldiario.net\/portal\/wp-content\/uploads\/2024\/05\/1PRINCIPAL-3-1024x512.jpg 1024w, https:\/\/www.eldiario.net\/portal\/wp-content\/uploads\/2024\/05\/1PRINCIPAL-3-768x384.jpg 768w, https:\/\/www.eldiario.net\/portal\/wp-content\/uploads\/2024\/05\/1PRINCIPAL-3-696x348.jpg 696w, https:\/\/www.eldiario.net\/portal\/wp-content\/uploads\/2024\/05\/1PRINCIPAL-3-1068x534.jpg 1068w, https:\/\/www.eldiario.net\/portal\/wp-content\/uploads\/2024\/05\/1PRINCIPAL-3.jpg 1200w\" sizes=\"(max-width: 840px) 100vw, 840px\" alt=\"\">\r\n                            <\/a>\r\n                            \r\n                        <\/figure>\r\n                    <\/div>\r\n                    <div class = \"td-slide-item td-item2\">\r\n                        <figure class=\"td-slide-galery-figure td-slide-popup-gallery\">\r\n                            <a class=\"slide-gallery-image-link\" href=\"https:\/\/www.eldiario.net\/portal\/wp-content\/uploads\/2024\/05\/2-12.jpg\" title=\"2\"  data-caption=\"\"  data-description=\"\">\r\n                                <img decoding=\"async\" src=\"https:\/\/www.eldiario.net\/portal\/wp-content\/uploads\/2024\/05\/2-12-315x420.jpg\" srcset=\"https:\/\/www.eldiario.net\/portal\/wp-content\/uploads\/2024\/05\/2-12-315x420.jpg 315w, https:\/\/www.eldiario.net\/portal\/wp-content\/uploads\/2024\/05\/2-12-225x300.jpg 225w, https:\/\/www.eldiario.net\/portal\/wp-content\/uploads\/2024\/05\/2-12-768x1024.jpg 768w, https:\/\/www.eldiario.net\/portal\/wp-content\/uploads\/2024\/05\/2-12-696x928.jpg 696w, https:\/\/www.eldiario.net\/portal\/wp-content\/uploads\/2024\/05\/2-12.jpg 960w\" sizes=\"(max-width: 315px) 100vw, 315px\" alt=\"\">\r\n                            <\/a>\r\n                            \r\n                        <\/figure>\r\n                    <\/div>\r\n                    <div class = \"td-slide-item td-item3\">\r\n                        <figure class=\"td-slide-galery-figure td-slide-popup-gallery\">\r\n                            <a class=\"slide-gallery-image-link\" href=\"https:\/\/www.eldiario.net\/portal\/wp-content\/uploads\/2024\/05\/3-10.jpg\" title=\"3\"  data-caption=\"\"  data-description=\"\">\r\n                                <img decoding=\"async\" src=\"https:\/\/www.eldiario.net\/portal\/wp-content\/uploads\/2024\/05\/3-10-560x420.jpg\" srcset=\"https:\/\/www.eldiario.net\/portal\/wp-content\/uploads\/2024\/05\/3-10-560x420.jpg 560w, https:\/\/www.eldiario.net\/portal\/wp-content\/uploads\/2024\/05\/3-10-300x225.jpg 300w, https:\/\/www.eldiario.net\/portal\/wp-content\/uploads\/2024\/05\/3-10-1024x768.jpg 1024w, https:\/\/www.eldiario.net\/portal\/wp-content\/uploads\/2024\/05\/3-10-768x576.jpg 768w, https:\/\/www.eldiario.net\/portal\/wp-content\/uploads\/2024\/05\/3-10-80x60.jpg 80w, https:\/\/www.eldiario.net\/portal\/wp-content\/uploads\/2024\/05\/3-10-696x522.jpg 696w, https:\/\/www.eldiario.net\/portal\/wp-content\/uploads\/2024\/05\/3-10-1068x801.jpg 1068w, https:\/\/www.eldiario.net\/portal\/wp-content\/uploads\/2024\/05\/3-10.jpg 1200w\" sizes=\"(max-width: 560px) 100vw, 560px\" alt=\"\">\r\n                            <\/a>\r\n                            \r\n                        <\/figure>\r\n                    <\/div>\r\n                    <div class = \"td-slide-item td-item4\">\r\n                        <figure class=\"td-slide-galery-figure td-slide-popup-gallery\">\r\n                            <a class=\"slide-gallery-image-link\" href=\"https:\/\/www.eldiario.net\/portal\/wp-content\/uploads\/2024\/05\/4-10.jpg\" title=\"4\"  data-caption=\"\"  data-description=\"\">\r\n                                <img decoding=\"async\" src=\"https:\/\/www.eldiario.net\/portal\/wp-content\/uploads\/2024\/05\/4-10-315x420.jpg\" srcset=\"https:\/\/www.eldiario.net\/portal\/wp-content\/uploads\/2024\/05\/4-10-315x420.jpg 315w, https:\/\/www.eldiario.net\/portal\/wp-content\/uploads\/2024\/05\/4-10-225x300.jpg 225w, https:\/\/www.eldiario.net\/portal\/wp-content\/uploads\/2024\/05\/4-10-768x1024.jpg 768w, https:\/\/www.eldiario.net\/portal\/wp-content\/uploads\/2024\/05\/4-10-696x928.jpg 696w, https:\/\/www.eldiario.net\/portal\/wp-content\/uploads\/2024\/05\/4-10.jpg 960w\" sizes=\"(max-width: 315px) 100vw, 315px\" alt=\"\">\r\n                            <\/a>\r\n                            \r\n                        <\/figure>\r\n                    <\/div>\r\n                    <div class = \"td-slide-item td-item5\">\r\n                        <figure class=\"td-slide-galery-figure td-slide-popup-gallery\">\r\n                            <a class=\"slide-gallery-image-link\" href=\"https:\/\/www.eldiario.net\/portal\/wp-content\/uploads\/2024\/05\/5-6.jpg\" title=\"5\"  data-caption=\"\"  data-description=\"\">\r\n                                <img decoding=\"async\" src=\"https:\/\/www.eldiario.net\/portal\/wp-content\/uploads\/2024\/05\/5-6-559x420.jpg\" srcset=\"https:\/\/www.eldiario.net\/portal\/wp-content\/uploads\/2024\/05\/5-6-559x420.jpg 559w, https:\/\/www.eldiario.net\/portal\/wp-content\/uploads\/2024\/05\/5-6-300x226.jpg 300w, https:\/\/www.eldiario.net\/portal\/wp-content\/uploads\/2024\/05\/5-6-1024x770.jpg 1024w, https:\/\/www.eldiario.net\/portal\/wp-content\/uploads\/2024\/05\/5-6-768x577.jpg 768w, https:\/\/www.eldiario.net\/portal\/wp-content\/uploads\/2024\/05\/5-6-80x60.jpg 80w, https:\/\/www.eldiario.net\/portal\/wp-content\/uploads\/2024\/05\/5-6-696x523.jpg 696w, https:\/\/www.eldiario.net\/portal\/wp-content\/uploads\/2024\/05\/5-6-1068x803.jpg 1068w, https:\/\/www.eldiario.net\/portal\/wp-content\/uploads\/2024\/05\/5-6.jpg 1200w\" sizes=\"(max-width: 559px) 100vw, 559px\" alt=\"\">\r\n                            <\/a>\r\n                            \r\n                        <\/figure>\r\n                    <\/div>\r\n                    <div class = \"td-slide-item td-item6\">\r\n                        <figure class=\"td-slide-galery-figure td-slide-popup-gallery\">\r\n                            <a class=\"slide-gallery-image-link\" href=\"https:\/\/www.eldiario.net\/portal\/wp-content\/uploads\/2024\/05\/6-1.jpg\" title=\"6\"  data-caption=\"\"  data-description=\"\">\r\n                                <img decoding=\"async\" src=\"https:\/\/www.eldiario.net\/portal\/wp-content\/uploads\/2024\/05\/6-1-320x420.jpg\" srcset=\"https:\/\/www.eldiario.net\/portal\/wp-content\/uploads\/2024\/05\/6-1-320x420.jpg 320w, https:\/\/www.eldiario.net\/portal\/wp-content\/uploads\/2024\/05\/6-1-229x300.jpg 229w, https:\/\/www.eldiario.net\/portal\/wp-content\/uploads\/2024\/05\/6-1.jpg 585w\" sizes=\"(max-width: 320px) 100vw, 320px\" alt=\"\">\r\n                            <\/a>\r\n                            \r\n                        <\/figure>\r\n                    <\/div>\r\n                            <\/div>\r\n                        <\/div>\r\n\r\n                        <div class = \"td-doubleSlider-2\">\r\n                            <div class = \"td-slider\">\r\n                                \r\n                    <div class = \"td-button td-item1\">\r\n                        <div class = \"td-border\"><\/div>\r\n                    <\/div>\r\n                    <div class = \"td-button td-item2\">\r\n                        <div class = \"td-border\"><\/div>\r\n                    <\/div>\r\n                    <div class = \"td-button td-item3\">\r\n                        <div class = \"td-border\"><\/div>\r\n                    <\/div>\r\n                    <div class = \"td-button td-item4\">\r\n                        <div class = \"td-border\"><\/div>\r\n                    <\/div>\r\n                    <div class = \"td-button td-item5\">\r\n                        <div class = \"td-border\"><\/div>\r\n                    <\/div>\r\n                    <div class = \"td-button td-item6\">\r\n                        <div class = \"td-border\"><\/div>\r\n                    <\/div>\r\n                            <\/div>\r\n                        <\/div>\r\n\r\n                    <\/div>\r\n\r\n                <\/div>\r\n                \n","protected":false},"excerpt":{"rendered":"<p>Nombre: Juan Carlos Monrroy Villegas. Fecha y lugar de nacimiento: 11 de junio en La Paz. Estudios: Comunicaci\u00f3n. Estado civil: Casado. \u00bfA qu\u00e9 te dedicas hoy?: Al periodismo, soy conductor del Que No Me Pierda y Notivisi\u00f3n (en la Red Uno). &nbsp; LG: \u00bfQu\u00e9 es lo que el p\u00fablico no sabe de ti? JC: Creo [&hellip;]<\/p>\n","protected":false},"author":1,"featured_media":223722,"comment_status":"open","ping_status":"open","sticky":false,"template":"","format":"standard","meta":{"_acf_changed":false,"footnotes":""},"categories":[41],"tags":[],"class_list":["post-223721","post","type-post","status-publish","format-standard","has-post-thumbnail","category-la-guia"],"acf":{"antetitulo":""},"yoast_head":"<!-- This site is optimized with the Yoast SEO plugin v28.4 - https:\/\/yoast.com\/product\/yoast-seo-wordpress\/ -->\n<title>JUAN CARLOS MONRROY \u201cYa quisiera abrazar a mi hijo o hija\u201d - El Diario - Bolivia<\/title>\n<meta name=\"robots\" content=\"index, follow, max-snippet:-1, max-image-preview:large, max-video-preview:-1\" \/>\n<link rel=\"canonical\" href=\"https:\/\/www.eldiario.net\/portal\/2024\/05\/29\/juan-carlos-monrroy-ya-quisiera-abrazar-a-mi-hijo-o-hija\/\" \/>\n<meta property=\"og:locale\" content=\"es_ES\" \/>\n<meta property=\"og:type\" content=\"article\" \/>\n<meta property=\"og:title\" content=\"JUAN CARLOS MONRROY \u201cYa quisiera abrazar a mi hijo o hija\u201d - El Diario - Bolivia\" \/>\n<meta property=\"og:description\" content=\"Nombre: Juan Carlos Monrroy Villegas. Fecha y lugar de nacimiento: 11 de junio en La Paz. Estudios: Comunicaci\u00f3n. Estado civil: Casado. \u00bfA qu\u00e9 te dedicas hoy?: Al periodismo, soy conductor del Que No Me Pierda y Notivisi\u00f3n (en la Red Uno). &nbsp; LG: \u00bfQu\u00e9 es lo que el p\u00fablico no sabe de ti? JC: Creo [&hellip;]\" \/>\n<meta property=\"og:url\" content=\"https:\/\/www.eldiario.net\/portal\/2024\/05\/29\/juan-carlos-monrroy-ya-quisiera-abrazar-a-mi-hijo-o-hija\/\" \/>\n<meta property=\"og:site_name\" content=\"El Diario - Bolivia\" \/>\n<meta property=\"article:publisher\" content=\"https:\/\/www.facebook.com\/eldiario.bolivia\/\" \/>\n<meta property=\"article:published_time\" content=\"2024-05-29T10:02:21+00:00\" \/>\n<meta property=\"og:image\" content=\"https:\/\/www.eldiario.net\/portal\/wp-content\/uploads\/2024\/05\/1PRINCIPAL-3.jpg\" \/>\n\t<meta property=\"og:image:width\" content=\"1200\" \/>\n\t<meta property=\"og:image:height\" content=\"600\" \/>\n\t<meta property=\"og:image:type\" content=\"image\/jpeg\" \/>\n<meta name=\"author\" content=\"Jeanette\" \/>\n<meta name=\"twitter:card\" content=\"summary_large_image\" \/>\n<meta name=\"twitter:creator\" content=\"@eldiario_net\" \/>\n<meta name=\"twitter:site\" content=\"@eldiario_net\" \/>\n<meta name=\"twitter:label1\" content=\"Escrito por\" \/>\n\t<meta name=\"twitter:data1\" content=\"Jeanette\" \/>\n\t<meta name=\"twitter:label2\" content=\"Tiempo de lectura\" \/>\n\t<meta name=\"twitter:data2\" content=\"6 minutos\" \/>\n<script type=\"application\/ld+json\" class=\"yoast-schema-graph\">{\"@context\":\"https:\\\/\\\/schema.org\",\"@graph\":[{\"@type\":\"Article\",\"@id\":\"https:\\\/\\\/www.eldiario.net\\\/portal\\\/2024\\\/05\\\/29\\\/juan-carlos-monrroy-ya-quisiera-abrazar-a-mi-hijo-o-hija\\\/#article\",\"isPartOf\":{\"@id\":\"https:\\\/\\\/www.eldiario.net\\\/portal\\\/2024\\\/05\\\/29\\\/juan-carlos-monrroy-ya-quisiera-abrazar-a-mi-hijo-o-hija\\\/\"},\"author\":{\"name\":\"Jeanette\",\"@id\":\"https:\\\/\\\/www.eldiario.net\\\/portal\\\/#\\\/schema\\\/person\\\/f46445640444750d7d753ccd04ae01b7\"},\"headline\":\"JUAN CARLOS MONRROY \u201cYa quisiera abrazar a mi hijo o hija\u201d\",\"datePublished\":\"2024-05-29T10:02:21+00:00\",\"mainEntityOfPage\":{\"@id\":\"https:\\\/\\\/www.eldiario.net\\\/portal\\\/2024\\\/05\\\/29\\\/juan-carlos-monrroy-ya-quisiera-abrazar-a-mi-hijo-o-hija\\\/\"},\"wordCount\":1189,\"commentCount\":0,\"publisher\":{\"@id\":\"https:\\\/\\\/www.eldiario.net\\\/portal\\\/#organization\"},\"image\":{\"@id\":\"https:\\\/\\\/www.eldiario.net\\\/portal\\\/2024\\\/05\\\/29\\\/juan-carlos-monrroy-ya-quisiera-abrazar-a-mi-hijo-o-hija\\\/#primaryimage\"},\"thumbnailUrl\":\"https:\\\/\\\/www.eldiario.net\\\/portal\\\/wp-content\\\/uploads\\\/2024\\\/05\\\/1PRINCIPAL-3.jpg\",\"articleSection\":[\"La Gu\u00eda\"],\"inLanguage\":\"es\",\"potentialAction\":[{\"@type\":\"CommentAction\",\"name\":\"Comment\",\"target\":[\"https:\\\/\\\/www.eldiario.net\\\/portal\\\/2024\\\/05\\\/29\\\/juan-carlos-monrroy-ya-quisiera-abrazar-a-mi-hijo-o-hija\\\/#respond\"]}]},{\"@type\":\"WebPage\",\"@id\":\"https:\\\/\\\/www.eldiario.net\\\/portal\\\/2024\\\/05\\\/29\\\/juan-carlos-monrroy-ya-quisiera-abrazar-a-mi-hijo-o-hija\\\/\",\"url\":\"https:\\\/\\\/www.eldiario.net\\\/portal\\\/2024\\\/05\\\/29\\\/juan-carlos-monrroy-ya-quisiera-abrazar-a-mi-hijo-o-hija\\\/\",\"name\":\"JUAN CARLOS MONRROY \u201cYa quisiera abrazar a mi hijo o hija\u201d - El Diario - Bolivia\",\"isPartOf\":{\"@id\":\"https:\\\/\\\/www.eldiario.net\\\/portal\\\/#website\"},\"primaryImageOfPage\":{\"@id\":\"https:\\\/\\\/www.eldiario.net\\\/portal\\\/2024\\\/05\\\/29\\\/juan-carlos-monrroy-ya-quisiera-abrazar-a-mi-hijo-o-hija\\\/#primaryimage\"},\"image\":{\"@id\":\"https:\\\/\\\/www.eldiario.net\\\/portal\\\/2024\\\/05\\\/29\\\/juan-carlos-monrroy-ya-quisiera-abrazar-a-mi-hijo-o-hija\\\/#primaryimage\"},\"thumbnailUrl\":\"https:\\\/\\\/www.eldiario.net\\\/portal\\\/wp-content\\\/uploads\\\/2024\\\/05\\\/1PRINCIPAL-3.jpg\",\"datePublished\":\"2024-05-29T10:02:21+00:00\",\"breadcrumb\":{\"@id\":\"https:\\\/\\\/www.eldiario.net\\\/portal\\\/2024\\\/05\\\/29\\\/juan-carlos-monrroy-ya-quisiera-abrazar-a-mi-hijo-o-hija\\\/#breadcrumb\"},\"inLanguage\":\"es\",\"potentialAction\":[{\"@type\":\"ReadAction\",\"target\":[\"https:\\\/\\\/www.eldiario.net\\\/portal\\\/2024\\\/05\\\/29\\\/juan-carlos-monrroy-ya-quisiera-abrazar-a-mi-hijo-o-hija\\\/\"]}]},{\"@type\":\"ImageObject\",\"inLanguage\":\"es\",\"@id\":\"https:\\\/\\\/www.eldiario.net\\\/portal\\\/2024\\\/05\\\/29\\\/juan-carlos-monrroy-ya-quisiera-abrazar-a-mi-hijo-o-hija\\\/#primaryimage\",\"url\":\"https:\\\/\\\/www.eldiario.net\\\/portal\\\/wp-content\\\/uploads\\\/2024\\\/05\\\/1PRINCIPAL-3.jpg\",\"contentUrl\":\"https:\\\/\\\/www.eldiario.net\\\/portal\\\/wp-content\\\/uploads\\\/2024\\\/05\\\/1PRINCIPAL-3.jpg\",\"width\":1200,\"height\":600},{\"@type\":\"BreadcrumbList\",\"@id\":\"https:\\\/\\\/www.eldiario.net\\\/portal\\\/2024\\\/05\\\/29\\\/juan-carlos-monrroy-ya-quisiera-abrazar-a-mi-hijo-o-hija\\\/#breadcrumb\",\"itemListElement\":[{\"@type\":\"ListItem\",\"position\":1,\"name\":\"Portada\",\"item\":\"https:\\\/\\\/www.eldiario.net\\\/portal\\\/\"},{\"@type\":\"ListItem\",\"position\":2,\"name\":\"JUAN CARLOS MONRROY \u201cYa quisiera abrazar a mi hijo o hija\u201d\"}]},{\"@type\":\"WebSite\",\"@id\":\"https:\\\/\\\/www.eldiario.net\\\/portal\\\/#website\",\"url\":\"https:\\\/\\\/www.eldiario.net\\\/portal\\\/\",\"name\":\"El Diario - Decano de la prensa nacional\",\"description\":\"El Diario - Decano de la prensa nacional\",\"publisher\":{\"@id\":\"https:\\\/\\\/www.eldiario.net\\\/portal\\\/#organization\"},\"potentialAction\":[{\"@type\":\"SearchAction\",\"target\":{\"@type\":\"EntryPoint\",\"urlTemplate\":\"https:\\\/\\\/www.eldiario.net\\\/portal\\\/?s={search_term_string}\"},\"query-input\":{\"@type\":\"PropertyValueSpecification\",\"valueRequired\":true,\"valueName\":\"search_term_string\"}}],\"inLanguage\":\"es\"},{\"@type\":\"Organization\",\"@id\":\"https:\\\/\\\/www.eldiario.net\\\/portal\\\/#organization\",\"name\":\"El Diario - Decano de la prensa nacional\",\"url\":\"https:\\\/\\\/www.eldiario.net\\\/portal\\\/\",\"logo\":{\"@type\":\"ImageObject\",\"inLanguage\":\"es\",\"@id\":\"https:\\\/\\\/www.eldiario.net\\\/portal\\\/#\\\/schema\\\/logo\\\/image\\\/\",\"url\":\"https:\\\/\\\/www.eldiario.net\\\/portal\\\/wp-content\\\/uploads\\\/2023\\\/07\\\/logo_ED.jpg\",\"contentUrl\":\"https:\\\/\\\/www.eldiario.net\\\/portal\\\/wp-content\\\/uploads\\\/2023\\\/07\\\/logo_ED.jpg\",\"width\":272,\"height\":52,\"caption\":\"El Diario - Decano de la prensa nacional\"},\"image\":{\"@id\":\"https:\\\/\\\/www.eldiario.net\\\/portal\\\/#\\\/schema\\\/logo\\\/image\\\/\"},\"sameAs\":[\"https:\\\/\\\/www.facebook.com\\\/eldiario.bolivia\\\/\",\"https:\\\/\\\/x.com\\\/eldiario_net\"]},{\"@type\":\"Person\",\"@id\":\"https:\\\/\\\/www.eldiario.net\\\/portal\\\/#\\\/schema\\\/person\\\/f46445640444750d7d753ccd04ae01b7\",\"name\":\"Jeanette\",\"image\":{\"@type\":\"ImageObject\",\"inLanguage\":\"es\",\"@id\":\"https:\\\/\\\/secure.gravatar.com\\\/avatar\\\/3ea2118a5f7dad2b7138b1187a6b7ee55f160b9968b66013c3a3ef39dd7e5798?s=96&d=mm&r=g\",\"url\":\"https:\\\/\\\/secure.gravatar.com\\\/avatar\\\/3ea2118a5f7dad2b7138b1187a6b7ee55f160b9968b66013c3a3ef39dd7e5798?s=96&d=mm&r=g\",\"contentUrl\":\"https:\\\/\\\/secure.gravatar.com\\\/avatar\\\/3ea2118a5f7dad2b7138b1187a6b7ee55f160b9968b66013c3a3ef39dd7e5798?s=96&d=mm&r=g\",\"caption\":\"Jeanette\"},\"sameAs\":[\"https:\\\/\\\/www.eldiario.net\\\/portal\"],\"url\":\"https:\\\/\\\/www.eldiario.net\\\/portal\\\/author\\\/jeanette\\\/\"}]}<\/script>\n<!-- \/ Yoast SEO plugin. -->","yoast_head_json":{"title":"JUAN CARLOS MONRROY \u201cYa quisiera abrazar a mi hijo o hija\u201d - El Diario - Bolivia","robots":{"index":"index","follow":"follow","max-snippet":"max-snippet:-1","max-image-preview":"max-image-preview:large","max-video-preview":"max-video-preview:-1"},"canonical":"https:\/\/www.eldiario.net\/portal\/2024\/05\/29\/juan-carlos-monrroy-ya-quisiera-abrazar-a-mi-hijo-o-hija\/","og_locale":"es_ES","og_type":"article","og_title":"JUAN CARLOS MONRROY \u201cYa quisiera abrazar a mi hijo o hija\u201d - El Diario - Bolivia","og_description":"Nombre: Juan Carlos Monrroy Villegas. Fecha y lugar de nacimiento: 11 de junio en La Paz. Estudios: Comunicaci\u00f3n. Estado civil: Casado. \u00bfA qu\u00e9 te dedicas hoy?: Al periodismo, soy conductor del Que No Me Pierda y Notivisi\u00f3n (en la Red Uno). &nbsp; LG: \u00bfQu\u00e9 es lo que el p\u00fablico no sabe de ti? JC: Creo [&hellip;]","og_url":"https:\/\/www.eldiario.net\/portal\/2024\/05\/29\/juan-carlos-monrroy-ya-quisiera-abrazar-a-mi-hijo-o-hija\/","og_site_name":"El Diario - Bolivia","article_publisher":"https:\/\/www.facebook.com\/eldiario.bolivia\/","article_published_time":"2024-05-29T10:02:21+00:00","og_image":[{"width":1200,"height":600,"url":"https:\/\/www.eldiario.net\/portal\/wp-content\/uploads\/2024\/05\/1PRINCIPAL-3.jpg","type":"image\/jpeg"}],"author":"Jeanette","twitter_card":"summary_large_image","twitter_creator":"@eldiario_net","twitter_site":"@eldiario_net","twitter_misc":{"Escrito por":"Jeanette","Tiempo de lectura":"6 minutos"},"schema":{"@context":"https:\/\/schema.org","@graph":[{"@type":"Article","@id":"https:\/\/www.eldiario.net\/portal\/2024\/05\/29\/juan-carlos-monrroy-ya-quisiera-abrazar-a-mi-hijo-o-hija\/#article","isPartOf":{"@id":"https:\/\/www.eldiario.net\/portal\/2024\/05\/29\/juan-carlos-monrroy-ya-quisiera-abrazar-a-mi-hijo-o-hija\/"},"author":{"name":"Jeanette","@id":"https:\/\/www.eldiario.net\/portal\/#\/schema\/person\/f46445640444750d7d753ccd04ae01b7"},"headline":"JUAN CARLOS MONRROY \u201cYa quisiera abrazar a mi hijo o hija\u201d","datePublished":"2024-05-29T10:02:21+00:00","mainEntityOfPage":{"@id":"https:\/\/www.eldiario.net\/portal\/2024\/05\/29\/juan-carlos-monrroy-ya-quisiera-abrazar-a-mi-hijo-o-hija\/"},"wordCount":1189,"commentCount":0,"publisher":{"@id":"https:\/\/www.eldiario.net\/portal\/#organization"},"image":{"@id":"https:\/\/www.eldiario.net\/portal\/2024\/05\/29\/juan-carlos-monrroy-ya-quisiera-abrazar-a-mi-hijo-o-hija\/#primaryimage"},"thumbnailUrl":"https:\/\/www.eldiario.net\/portal\/wp-content\/uploads\/2024\/05\/1PRINCIPAL-3.jpg","articleSection":["La Gu\u00eda"],"inLanguage":"es","potentialAction":[{"@type":"CommentAction","name":"Comment","target":["https:\/\/www.eldiario.net\/portal\/2024\/05\/29\/juan-carlos-monrroy-ya-quisiera-abrazar-a-mi-hijo-o-hija\/#respond"]}]},{"@type":"WebPage","@id":"https:\/\/www.eldiario.net\/portal\/2024\/05\/29\/juan-carlos-monrroy-ya-quisiera-abrazar-a-mi-hijo-o-hija\/","url":"https:\/\/www.eldiario.net\/portal\/2024\/05\/29\/juan-carlos-monrroy-ya-quisiera-abrazar-a-mi-hijo-o-hija\/","name":"JUAN CARLOS MONRROY \u201cYa quisiera abrazar a mi hijo o hija\u201d - El Diario - Bolivia","isPartOf":{"@id":"https:\/\/www.eldiario.net\/portal\/#website"},"primaryImageOfPage":{"@id":"https:\/\/www.eldiario.net\/portal\/2024\/05\/29\/juan-carlos-monrroy-ya-quisiera-abrazar-a-mi-hijo-o-hija\/#primaryimage"},"image":{"@id":"https:\/\/www.eldiario.net\/portal\/2024\/05\/29\/juan-carlos-monrroy-ya-quisiera-abrazar-a-mi-hijo-o-hija\/#primaryimage"},"thumbnailUrl":"https:\/\/www.eldiario.net\/portal\/wp-content\/uploads\/2024\/05\/1PRINCIPAL-3.jpg","datePublished":"2024-05-29T10:02:21+00:00","breadcrumb":{"@id":"https:\/\/www.eldiario.net\/portal\/2024\/05\/29\/juan-carlos-monrroy-ya-quisiera-abrazar-a-mi-hijo-o-hija\/#breadcrumb"},"inLanguage":"es","potentialAction":[{"@type":"ReadAction","target":["https:\/\/www.eldiario.net\/portal\/2024\/05\/29\/juan-carlos-monrroy-ya-quisiera-abrazar-a-mi-hijo-o-hija\/"]}]},{"@type":"ImageObject","inLanguage":"es","@id":"https:\/\/www.eldiario.net\/portal\/2024\/05\/29\/juan-carlos-monrroy-ya-quisiera-abrazar-a-mi-hijo-o-hija\/#primaryimage","url":"https:\/\/www.eldiario.net\/portal\/wp-content\/uploads\/2024\/05\/1PRINCIPAL-3.jpg","contentUrl":"https:\/\/www.eldiario.net\/portal\/wp-content\/uploads\/2024\/05\/1PRINCIPAL-3.jpg","width":1200,"height":600},{"@type":"BreadcrumbList","@id":"https:\/\/www.eldiario.net\/portal\/2024\/05\/29\/juan-carlos-monrroy-ya-quisiera-abrazar-a-mi-hijo-o-hija\/#breadcrumb","itemListElement":[{"@type":"ListItem","position":1,"name":"Portada","item":"https:\/\/www.eldiario.net\/portal\/"},{"@type":"ListItem","position":2,"name":"JUAN CARLOS MONRROY \u201cYa quisiera abrazar a mi hijo o hija\u201d"}]},{"@type":"WebSite","@id":"https:\/\/www.eldiario.net\/portal\/#website","url":"https:\/\/www.eldiario.net\/portal\/","name":"El Diario - Decano de la prensa nacional","description":"El Diario - Decano de la prensa nacional","publisher":{"@id":"https:\/\/www.eldiario.net\/portal\/#organization"},"potentialAction":[{"@type":"SearchAction","target":{"@type":"EntryPoint","urlTemplate":"https:\/\/www.eldiario.net\/portal\/?s={search_term_string}"},"query-input":{"@type":"PropertyValueSpecification","valueRequired":true,"valueName":"search_term_string"}}],"inLanguage":"es"},{"@type":"Organization","@id":"https:\/\/www.eldiario.net\/portal\/#organization","name":"El Diario - Decano de la prensa nacional","url":"https:\/\/www.eldiario.net\/portal\/","logo":{"@type":"ImageObject","inLanguage":"es","@id":"https:\/\/www.eldiario.net\/portal\/#\/schema\/logo\/image\/","url":"https:\/\/www.eldiario.net\/portal\/wp-content\/uploads\/2023\/07\/logo_ED.jpg","contentUrl":"https:\/\/www.eldiario.net\/portal\/wp-content\/uploads\/2023\/07\/logo_ED.jpg","width":272,"height":52,"caption":"El Diario - Decano de la prensa nacional"},"image":{"@id":"https:\/\/www.eldiario.net\/portal\/#\/schema\/logo\/image\/"},"sameAs":["https:\/\/www.facebook.com\/eldiario.bolivia\/","https:\/\/x.com\/eldiario_net"]},{"@type":"Person","@id":"https:\/\/www.eldiario.net\/portal\/#\/schema\/person\/f46445640444750d7d753ccd04ae01b7","name":"Jeanette","image":{"@type":"ImageObject","inLanguage":"es","@id":"https:\/\/secure.gravatar.com\/avatar\/3ea2118a5f7dad2b7138b1187a6b7ee55f160b9968b66013c3a3ef39dd7e5798?s=96&d=mm&r=g","url":"https:\/\/secure.gravatar.com\/avatar\/3ea2118a5f7dad2b7138b1187a6b7ee55f160b9968b66013c3a3ef39dd7e5798?s=96&d=mm&r=g","contentUrl":"https:\/\/secure.gravatar.com\/avatar\/3ea2118a5f7dad2b7138b1187a6b7ee55f160b9968b66013c3a3ef39dd7e5798?s=96&d=mm&r=g","caption":"Jeanette"},"sameAs":["https:\/\/www.eldiario.net\/portal"],"url":"https:\/\/www.eldiario.net\/portal\/author\/jeanette\/"}]}},"_links":{"self":[{"href":"https:\/\/www.eldiario.net\/portal\/wp-json\/wp\/v2\/posts\/223721","targetHints":{"allow":["GET"]}}],"collection":[{"href":"https:\/\/www.eldiario.net\/portal\/wp-json\/wp\/v2\/posts"}],"about":[{"href":"https:\/\/www.eldiario.net\/portal\/wp-json\/wp\/v2\/types\/post"}],"author":[{"embeddable":true,"href":"https:\/\/www.eldiario.net\/portal\/wp-json\/wp\/v2\/users\/1"}],"replies":[{"embeddable":true,"href":"https:\/\/www.eldiario.net\/portal\/wp-json\/wp\/v2\/comments?post=223721"}],"version-history":[{"count":1,"href":"https:\/\/www.eldiario.net\/portal\/wp-json\/wp\/v2\/posts\/223721\/revisions"}],"predecessor-version":[{"id":223728,"href":"https:\/\/www.eldiario.net\/portal\/wp-json\/wp\/v2\/posts\/223721\/revisions\/223728"}],"wp:featuredmedia":[{"embeddable":true,"href":"https:\/\/www.eldiario.net\/portal\/wp-json\/wp\/v2\/media\/223722"}],"wp:attachment":[{"href":"https:\/\/www.eldiario.net\/portal\/wp-json\/wp\/v2\/media?parent=223721"}],"wp:term":[{"taxonomy":"category","embeddable":true,"href":"https:\/\/www.eldiario.net\/portal\/wp-json\/wp\/v2\/categories?post=223721"},{"taxonomy":"post_tag","embeddable":true,"href":"https:\/\/www.eldiario.net\/portal\/wp-json\/wp\/v2\/tags?post=223721"}],"curies":[{"name":"wp","href":"https:\/\/api.w.org\/{rel}","templated":true}]}}