{"id":223717,"date":"2024-05-29T05:58:44","date_gmt":"2024-05-29T09:58:44","guid":{"rendered":"https:\/\/www.eldiario.net\/portal\/?p=223717"},"modified":"2024-05-29T05:58:44","modified_gmt":"2024-05-29T09:58:44","slug":"bolivar-imparable","status":"publish","type":"post","link":"https:\/\/www.eldiario.net\/portal\/2024\/05\/29\/bolivar-imparable\/","title":{"rendered":"Bol\u00edvar, imparable"},"content":{"rendered":"<p>Punteros. Bol\u00edvar logr\u00f3 su objetivo de terminar puntero de su grupo al vencer a Palestino por 3 a 1, en el estadio Hernando Siles. Fue una campa\u00f1a de ensue\u00f1o para los dirigidos por Flavio Robatto.<br \/>\nEl primer tiempo comenz\u00f3 parejo para ambos equipos. Palestino se vino con todo para proponer sus ataques y Bol\u00edvar tard\u00f3 en acomodarse para contener los mismos.<br \/>\nEl primer momento de susto para los celestes fue a los 8 minutos cuando un tiro libre de Misael D\u00e1vila fue atajado por Carlos Lampe.<br \/>\nPese a este momento, Bol\u00edvar comenz\u00f3 a mostrar lo suyo Carmelo Algara\u00f1az remat\u00f3 con potencia y la pelota peg\u00f3 en el travesa\u00f1o; luego otro disparo de Francisco Da Costa fue atajado por el arquero C\u00e9sar Rigamonti.<br \/>\nPese al ataque de D\u00e1vila con un remate, que fue salvado por Renzo Orihuela con el cuerpo, Henry Vaca tuvo lo suyo con un disparo de peligro.<br \/>\nA los 36\u2019, no obstante, lleg\u00f3 el primer gol de Bol\u00edvar. Fernando Saucedo atac\u00f3 por la izquierda, sac\u00f3 un centro, pero el defensor Jos\u00e9 Bizama cabece\u00f3 en su propio arco anotando autogol, 1-0.<br \/>\nTras el primer tanto, Bol\u00edvar se mostr\u00f3 con m\u00e1s confianza, a tal punto que Ramiro Vaca hizo un golazo desde lejos; empero, una mano de Algara\u00f1az en el trayecto (por proteger su rostro) fue anulado.<br \/>\nAntes de terminar el primer tiempo, Leonel Justiniano dispar\u00f3 en tiro libre y el arquero sac\u00f3 el peligro.<img loading=\"lazy\" decoding=\"async\" class=\"aligncenter size-full wp-image-223719\" src=\"https:\/\/www.eldiario.net\/portal\/wp-content\/uploads\/2024\/05\/apuntes.jpg\" alt=\"\" width=\"1200\" height=\"781\" srcset=\"https:\/\/www.eldiario.net\/portal\/wp-content\/uploads\/2024\/05\/apuntes.jpg 1200w, https:\/\/www.eldiario.net\/portal\/wp-content\/uploads\/2024\/05\/apuntes-300x195.jpg 300w, https:\/\/www.eldiario.net\/portal\/wp-content\/uploads\/2024\/05\/apuntes-1024x666.jpg 1024w, https:\/\/www.eldiario.net\/portal\/wp-content\/uploads\/2024\/05\/apuntes-768x500.jpg 768w, https:\/\/www.eldiario.net\/portal\/wp-content\/uploads\/2024\/05\/apuntes-645x420.jpg 645w, https:\/\/www.eldiario.net\/portal\/wp-content\/uploads\/2024\/05\/apuntes-696x453.jpg 696w, https:\/\/www.eldiario.net\/portal\/wp-content\/uploads\/2024\/05\/apuntes-1068x695.jpg 1068w\" sizes=\"auto, (max-width: 1200px) 100vw, 1200px\" \/>Apenas arranc\u00f3 la segunda parte, Bol\u00edvar marc\u00f3 el segundo gol. Tras varios rebotes, Da Costa remat\u00f3 con potencia y pese a algunas piernas de por medio de los chilenos, el bal\u00f3n entr\u00f3 al arco, 2-0, a los 47\u2019.<br \/>\nJustiniano remat\u00f3 y la pelota y la misma peg\u00f3 en el palo; en otra jugada Da Costa tuvo otra chance y el bal\u00f3n peg\u00f3 en el marco. As\u00ed Bol\u00edvar estuvo cerca del tercer gol.<br \/>\nSin embargo, Palestino logr\u00f3 anotar el descuento. Fue tras un rebote de Lampe por un disparo; el jugador Fernando Cornejo tuvo la pelota y pas\u00f3 a Felipe Chamorro, quien s\u00f3lo tuvo que empujar. 2-1, a los 67\u2019.<br \/>\n87\u2019 Da Costa anot\u00f3 de cabeza el 3-1. As\u00ed se cerr\u00f3 el partido y Bol\u00edvar goza como l\u00edder en octavos.<\/p>\n<p><strong>APUNTES<\/strong><\/p>\n<p>LA GENTE RESPONDI\u00d3<br \/>\nPese al fr\u00edo, la hinchada de Bol\u00edvarse hizo presente en el estadio Hernando Siles. No fue un escenario repleto, pero fue el 80 por ciento, una cantidad positiva.<\/p>\n<p>SILENCIO<br \/>\nAntes de disputar el lance entre Bol\u00edvar y Palestino, se dio la orden de dar homenaje con un minuto de silencio en memoria de los fallecidos por los desastres naturales en Brasil.<\/p>\n<p>PALESTINOS<br \/>\nFue particular el apoyo de hinchas palestinos en el partido de ayer. Ellos se sentaron en la curva sur. Fue un peque\u00f1o grupo.<\/p>\n<p>BARRA DEL LIBERTADOR<br \/>\nLa barra brava denominada \u00abLa Barra Del Libertador\u00bb tuvo su estreno en la Copa Libertadores. Se sitiaron en la curva sur en gran n\u00famero.<\/p>\n<p><em><strong>ERWIN QUISPE PERCA<\/strong><\/em><\/p>\n","protected":false},"excerpt":{"rendered":"<p>Punteros. Bol\u00edvar logr\u00f3 su objetivo de terminar puntero de su grupo al vencer a Palestino por 3 a 1, en el estadio Hernando Siles. Fue una campa\u00f1a de ensue\u00f1o para los dirigidos por Flavio Robatto. El primer tiempo comenz\u00f3 parejo para ambos equipos. Palestino se vino con todo para proponer sus ataques y Bol\u00edvar tard\u00f3 [&hellip;]<\/p>\n","protected":false},"author":1,"featured_media":223718,"comment_status":"open","ping_status":"open","sticky":false,"template":"","format":"standard","meta":{"_acf_changed":false,"footnotes":""},"categories":[6],"tags":[],"class_list":["post-223717","post","type-post","status-publish","format-standard","has-post-thumbnail","category-deportes"],"acf":{"antetitulo":""},"yoast_head":"<!-- This site is optimized with the Yoast SEO plugin v28.4 - https:\/\/yoast.com\/product\/yoast-seo-wordpress\/ -->\n<title>Bol\u00edvar, imparable - El Diario - Bolivia<\/title>\n<meta name=\"robots\" content=\"index, follow, max-snippet:-1, max-image-preview:large, max-video-preview:-1\" \/>\n<link rel=\"canonical\" href=\"https:\/\/www.eldiario.net\/portal\/2024\/05\/29\/bolivar-imparable\/\" \/>\n<meta property=\"og:locale\" content=\"es_ES\" \/>\n<meta property=\"og:type\" content=\"article\" \/>\n<meta property=\"og:title\" content=\"Bol\u00edvar, imparable - El Diario - Bolivia\" \/>\n<meta property=\"og:description\" content=\"Punteros. Bol\u00edvar logr\u00f3 su objetivo de terminar puntero de su grupo al vencer a Palestino por 3 a 1, en el estadio Hernando Siles. Fue una campa\u00f1a de ensue\u00f1o para los dirigidos por Flavio Robatto. El primer tiempo comenz\u00f3 parejo para ambos equipos. Palestino se vino con todo para proponer sus ataques y Bol\u00edvar tard\u00f3 [&hellip;]\" \/>\n<meta property=\"og:url\" content=\"https:\/\/www.eldiario.net\/portal\/2024\/05\/29\/bolivar-imparable\/\" \/>\n<meta property=\"og:site_name\" content=\"El Diario - Bolivia\" \/>\n<meta property=\"article:publisher\" content=\"https:\/\/www.facebook.com\/eldiario.bolivia\/\" \/>\n<meta property=\"article:published_time\" content=\"2024-05-29T09:58:44+00:00\" \/>\n<meta property=\"og:image\" content=\"https:\/\/www.eldiario.net\/portal\/wp-content\/uploads\/2024\/05\/WhatsApp-Image-2024-05-28-at-22.jpg\" \/>\n\t<meta property=\"og:image:width\" content=\"1200\" \/>\n\t<meta property=\"og:image:height\" content=\"798\" \/>\n\t<meta property=\"og:image:type\" content=\"image\/jpeg\" \/>\n<meta name=\"author\" content=\"Jeanette\" \/>\n<meta name=\"twitter:card\" content=\"summary_large_image\" \/>\n<meta name=\"twitter:creator\" content=\"@eldiario_net\" \/>\n<meta name=\"twitter:site\" content=\"@eldiario_net\" \/>\n<meta name=\"twitter:label1\" content=\"Escrito por\" \/>\n\t<meta name=\"twitter:data1\" content=\"Jeanette\" \/>\n\t<meta name=\"twitter:label2\" content=\"Tiempo de lectura\" \/>\n\t<meta name=\"twitter:data2\" content=\"3 minutos\" \/>\n<script type=\"application\/ld+json\" class=\"yoast-schema-graph\">{\"@context\":\"https:\\\/\\\/schema.org\",\"@graph\":[{\"@type\":\"Article\",\"@id\":\"https:\\\/\\\/www.eldiario.net\\\/portal\\\/2024\\\/05\\\/29\\\/bolivar-imparable\\\/#article\",\"isPartOf\":{\"@id\":\"https:\\\/\\\/www.eldiario.net\\\/portal\\\/2024\\\/05\\\/29\\\/bolivar-imparable\\\/\"},\"author\":{\"name\":\"Jeanette\",\"@id\":\"https:\\\/\\\/www.eldiario.net\\\/portal\\\/#\\\/schema\\\/person\\\/f46445640444750d7d753ccd04ae01b7\"},\"headline\":\"Bol\u00edvar, imparable\",\"datePublished\":\"2024-05-29T09:58:44+00:00\",\"mainEntityOfPage\":{\"@id\":\"https:\\\/\\\/www.eldiario.net\\\/portal\\\/2024\\\/05\\\/29\\\/bolivar-imparable\\\/\"},\"wordCount\":504,\"commentCount\":0,\"publisher\":{\"@id\":\"https:\\\/\\\/www.eldiario.net\\\/portal\\\/#organization\"},\"image\":{\"@id\":\"https:\\\/\\\/www.eldiario.net\\\/portal\\\/2024\\\/05\\\/29\\\/bolivar-imparable\\\/#primaryimage\"},\"thumbnailUrl\":\"https:\\\/\\\/www.eldiario.net\\\/portal\\\/wp-content\\\/uploads\\\/2024\\\/05\\\/WhatsApp-Image-2024-05-28-at-22.jpg\",\"articleSection\":[\"Deportes\"],\"inLanguage\":\"es\",\"potentialAction\":[{\"@type\":\"CommentAction\",\"name\":\"Comment\",\"target\":[\"https:\\\/\\\/www.eldiario.net\\\/portal\\\/2024\\\/05\\\/29\\\/bolivar-imparable\\\/#respond\"]}]},{\"@type\":\"WebPage\",\"@id\":\"https:\\\/\\\/www.eldiario.net\\\/portal\\\/2024\\\/05\\\/29\\\/bolivar-imparable\\\/\",\"url\":\"https:\\\/\\\/www.eldiario.net\\\/portal\\\/2024\\\/05\\\/29\\\/bolivar-imparable\\\/\",\"name\":\"Bol\u00edvar, imparable - El Diario - Bolivia\",\"isPartOf\":{\"@id\":\"https:\\\/\\\/www.eldiario.net\\\/portal\\\/#website\"},\"primaryImageOfPage\":{\"@id\":\"https:\\\/\\\/www.eldiario.net\\\/portal\\\/2024\\\/05\\\/29\\\/bolivar-imparable\\\/#primaryimage\"},\"image\":{\"@id\":\"https:\\\/\\\/www.eldiario.net\\\/portal\\\/2024\\\/05\\\/29\\\/bolivar-imparable\\\/#primaryimage\"},\"thumbnailUrl\":\"https:\\\/\\\/www.eldiario.net\\\/portal\\\/wp-content\\\/uploads\\\/2024\\\/05\\\/WhatsApp-Image-2024-05-28-at-22.jpg\",\"datePublished\":\"2024-05-29T09:58:44+00:00\",\"breadcrumb\":{\"@id\":\"https:\\\/\\\/www.eldiario.net\\\/portal\\\/2024\\\/05\\\/29\\\/bolivar-imparable\\\/#breadcrumb\"},\"inLanguage\":\"es\",\"potentialAction\":[{\"@type\":\"ReadAction\",\"target\":[\"https:\\\/\\\/www.eldiario.net\\\/portal\\\/2024\\\/05\\\/29\\\/bolivar-imparable\\\/\"]}]},{\"@type\":\"ImageObject\",\"inLanguage\":\"es\",\"@id\":\"https:\\\/\\\/www.eldiario.net\\\/portal\\\/2024\\\/05\\\/29\\\/bolivar-imparable\\\/#primaryimage\",\"url\":\"https:\\\/\\\/www.eldiario.net\\\/portal\\\/wp-content\\\/uploads\\\/2024\\\/05\\\/WhatsApp-Image-2024-05-28-at-22.jpg\",\"contentUrl\":\"https:\\\/\\\/www.eldiario.net\\\/portal\\\/wp-content\\\/uploads\\\/2024\\\/05\\\/WhatsApp-Image-2024-05-28-at-22.jpg\",\"width\":1200,\"height\":798},{\"@type\":\"BreadcrumbList\",\"@id\":\"https:\\\/\\\/www.eldiario.net\\\/portal\\\/2024\\\/05\\\/29\\\/bolivar-imparable\\\/#breadcrumb\",\"itemListElement\":[{\"@type\":\"ListItem\",\"position\":1,\"name\":\"Portada\",\"item\":\"https:\\\/\\\/www.eldiario.net\\\/portal\\\/\"},{\"@type\":\"ListItem\",\"position\":2,\"name\":\"Bol\u00edvar, imparable\"}]},{\"@type\":\"WebSite\",\"@id\":\"https:\\\/\\\/www.eldiario.net\\\/portal\\\/#website\",\"url\":\"https:\\\/\\\/www.eldiario.net\\\/portal\\\/\",\"name\":\"El Diario - Decano de la prensa nacional\",\"description\":\"El Diario - Decano de la prensa nacional\",\"publisher\":{\"@id\":\"https:\\\/\\\/www.eldiario.net\\\/portal\\\/#organization\"},\"potentialAction\":[{\"@type\":\"SearchAction\",\"target\":{\"@type\":\"EntryPoint\",\"urlTemplate\":\"https:\\\/\\\/www.eldiario.net\\\/portal\\\/?s={search_term_string}\"},\"query-input\":{\"@type\":\"PropertyValueSpecification\",\"valueRequired\":true,\"valueName\":\"search_term_string\"}}],\"inLanguage\":\"es\"},{\"@type\":\"Organization\",\"@id\":\"https:\\\/\\\/www.eldiario.net\\\/portal\\\/#organization\",\"name\":\"El Diario - Decano de la prensa nacional\",\"url\":\"https:\\\/\\\/www.eldiario.net\\\/portal\\\/\",\"logo\":{\"@type\":\"ImageObject\",\"inLanguage\":\"es\",\"@id\":\"https:\\\/\\\/www.eldiario.net\\\/portal\\\/#\\\/schema\\\/logo\\\/image\\\/\",\"url\":\"https:\\\/\\\/www.eldiario.net\\\/portal\\\/wp-content\\\/uploads\\\/2023\\\/07\\\/logo_ED.jpg\",\"contentUrl\":\"https:\\\/\\\/www.eldiario.net\\\/portal\\\/wp-content\\\/uploads\\\/2023\\\/07\\\/logo_ED.jpg\",\"width\":272,\"height\":52,\"caption\":\"El Diario - Decano de la prensa nacional\"},\"image\":{\"@id\":\"https:\\\/\\\/www.eldiario.net\\\/portal\\\/#\\\/schema\\\/logo\\\/image\\\/\"},\"sameAs\":[\"https:\\\/\\\/www.facebook.com\\\/eldiario.bolivia\\\/\",\"https:\\\/\\\/x.com\\\/eldiario_net\"]},{\"@type\":\"Person\",\"@id\":\"https:\\\/\\\/www.eldiario.net\\\/portal\\\/#\\\/schema\\\/person\\\/f46445640444750d7d753ccd04ae01b7\",\"name\":\"Jeanette\",\"image\":{\"@type\":\"ImageObject\",\"inLanguage\":\"es\",\"@id\":\"https:\\\/\\\/secure.gravatar.com\\\/avatar\\\/3ea2118a5f7dad2b7138b1187a6b7ee55f160b9968b66013c3a3ef39dd7e5798?s=96&d=mm&r=g\",\"url\":\"https:\\\/\\\/secure.gravatar.com\\\/avatar\\\/3ea2118a5f7dad2b7138b1187a6b7ee55f160b9968b66013c3a3ef39dd7e5798?s=96&d=mm&r=g\",\"contentUrl\":\"https:\\\/\\\/secure.gravatar.com\\\/avatar\\\/3ea2118a5f7dad2b7138b1187a6b7ee55f160b9968b66013c3a3ef39dd7e5798?s=96&d=mm&r=g\",\"caption\":\"Jeanette\"},\"sameAs\":[\"https:\\\/\\\/www.eldiario.net\\\/portal\"],\"url\":\"https:\\\/\\\/www.eldiario.net\\\/portal\\\/author\\\/jeanette\\\/\"}]}<\/script>\n<!-- \/ Yoast SEO plugin. -->","yoast_head_json":{"title":"Bol\u00edvar, imparable - El Diario - Bolivia","robots":{"index":"index","follow":"follow","max-snippet":"max-snippet:-1","max-image-preview":"max-image-preview:large","max-video-preview":"max-video-preview:-1"},"canonical":"https:\/\/www.eldiario.net\/portal\/2024\/05\/29\/bolivar-imparable\/","og_locale":"es_ES","og_type":"article","og_title":"Bol\u00edvar, imparable - El Diario - Bolivia","og_description":"Punteros. Bol\u00edvar logr\u00f3 su objetivo de terminar puntero de su grupo al vencer a Palestino por 3 a 1, en el estadio Hernando Siles. Fue una campa\u00f1a de ensue\u00f1o para los dirigidos por Flavio Robatto. El primer tiempo comenz\u00f3 parejo para ambos equipos. Palestino se vino con todo para proponer sus ataques y Bol\u00edvar tard\u00f3 [&hellip;]","og_url":"https:\/\/www.eldiario.net\/portal\/2024\/05\/29\/bolivar-imparable\/","og_site_name":"El Diario - Bolivia","article_publisher":"https:\/\/www.facebook.com\/eldiario.bolivia\/","article_published_time":"2024-05-29T09:58:44+00:00","og_image":[{"width":1200,"height":798,"url":"https:\/\/www.eldiario.net\/portal\/wp-content\/uploads\/2024\/05\/WhatsApp-Image-2024-05-28-at-22.jpg","type":"image\/jpeg"}],"author":"Jeanette","twitter_card":"summary_large_image","twitter_creator":"@eldiario_net","twitter_site":"@eldiario_net","twitter_misc":{"Escrito por":"Jeanette","Tiempo de lectura":"3 minutos"},"schema":{"@context":"https:\/\/schema.org","@graph":[{"@type":"Article","@id":"https:\/\/www.eldiario.net\/portal\/2024\/05\/29\/bolivar-imparable\/#article","isPartOf":{"@id":"https:\/\/www.eldiario.net\/portal\/2024\/05\/29\/bolivar-imparable\/"},"author":{"name":"Jeanette","@id":"https:\/\/www.eldiario.net\/portal\/#\/schema\/person\/f46445640444750d7d753ccd04ae01b7"},"headline":"Bol\u00edvar, imparable","datePublished":"2024-05-29T09:58:44+00:00","mainEntityOfPage":{"@id":"https:\/\/www.eldiario.net\/portal\/2024\/05\/29\/bolivar-imparable\/"},"wordCount":504,"commentCount":0,"publisher":{"@id":"https:\/\/www.eldiario.net\/portal\/#organization"},"image":{"@id":"https:\/\/www.eldiario.net\/portal\/2024\/05\/29\/bolivar-imparable\/#primaryimage"},"thumbnailUrl":"https:\/\/www.eldiario.net\/portal\/wp-content\/uploads\/2024\/05\/WhatsApp-Image-2024-05-28-at-22.jpg","articleSection":["Deportes"],"inLanguage":"es","potentialAction":[{"@type":"CommentAction","name":"Comment","target":["https:\/\/www.eldiario.net\/portal\/2024\/05\/29\/bolivar-imparable\/#respond"]}]},{"@type":"WebPage","@id":"https:\/\/www.eldiario.net\/portal\/2024\/05\/29\/bolivar-imparable\/","url":"https:\/\/www.eldiario.net\/portal\/2024\/05\/29\/bolivar-imparable\/","name":"Bol\u00edvar, imparable - El Diario - Bolivia","isPartOf":{"@id":"https:\/\/www.eldiario.net\/portal\/#website"},"primaryImageOfPage":{"@id":"https:\/\/www.eldiario.net\/portal\/2024\/05\/29\/bolivar-imparable\/#primaryimage"},"image":{"@id":"https:\/\/www.eldiario.net\/portal\/2024\/05\/29\/bolivar-imparable\/#primaryimage"},"thumbnailUrl":"https:\/\/www.eldiario.net\/portal\/wp-content\/uploads\/2024\/05\/WhatsApp-Image-2024-05-28-at-22.jpg","datePublished":"2024-05-29T09:58:44+00:00","breadcrumb":{"@id":"https:\/\/www.eldiario.net\/portal\/2024\/05\/29\/bolivar-imparable\/#breadcrumb"},"inLanguage":"es","potentialAction":[{"@type":"ReadAction","target":["https:\/\/www.eldiario.net\/portal\/2024\/05\/29\/bolivar-imparable\/"]}]},{"@type":"ImageObject","inLanguage":"es","@id":"https:\/\/www.eldiario.net\/portal\/2024\/05\/29\/bolivar-imparable\/#primaryimage","url":"https:\/\/www.eldiario.net\/portal\/wp-content\/uploads\/2024\/05\/WhatsApp-Image-2024-05-28-at-22.jpg","contentUrl":"https:\/\/www.eldiario.net\/portal\/wp-content\/uploads\/2024\/05\/WhatsApp-Image-2024-05-28-at-22.jpg","width":1200,"height":798},{"@type":"BreadcrumbList","@id":"https:\/\/www.eldiario.net\/portal\/2024\/05\/29\/bolivar-imparable\/#breadcrumb","itemListElement":[{"@type":"ListItem","position":1,"name":"Portada","item":"https:\/\/www.eldiario.net\/portal\/"},{"@type":"ListItem","position":2,"name":"Bol\u00edvar, imparable"}]},{"@type":"WebSite","@id":"https:\/\/www.eldiario.net\/portal\/#website","url":"https:\/\/www.eldiario.net\/portal\/","name":"El Diario - Decano de la prensa nacional","description":"El Diario - Decano de la prensa nacional","publisher":{"@id":"https:\/\/www.eldiario.net\/portal\/#organization"},"potentialAction":[{"@type":"SearchAction","target":{"@type":"EntryPoint","urlTemplate":"https:\/\/www.eldiario.net\/portal\/?s={search_term_string}"},"query-input":{"@type":"PropertyValueSpecification","valueRequired":true,"valueName":"search_term_string"}}],"inLanguage":"es"},{"@type":"Organization","@id":"https:\/\/www.eldiario.net\/portal\/#organization","name":"El Diario - Decano de la prensa nacional","url":"https:\/\/www.eldiario.net\/portal\/","logo":{"@type":"ImageObject","inLanguage":"es","@id":"https:\/\/www.eldiario.net\/portal\/#\/schema\/logo\/image\/","url":"https:\/\/www.eldiario.net\/portal\/wp-content\/uploads\/2023\/07\/logo_ED.jpg","contentUrl":"https:\/\/www.eldiario.net\/portal\/wp-content\/uploads\/2023\/07\/logo_ED.jpg","width":272,"height":52,"caption":"El Diario - Decano de la prensa nacional"},"image":{"@id":"https:\/\/www.eldiario.net\/portal\/#\/schema\/logo\/image\/"},"sameAs":["https:\/\/www.facebook.com\/eldiario.bolivia\/","https:\/\/x.com\/eldiario_net"]},{"@type":"Person","@id":"https:\/\/www.eldiario.net\/portal\/#\/schema\/person\/f46445640444750d7d753ccd04ae01b7","name":"Jeanette","image":{"@type":"ImageObject","inLanguage":"es","@id":"https:\/\/secure.gravatar.com\/avatar\/3ea2118a5f7dad2b7138b1187a6b7ee55f160b9968b66013c3a3ef39dd7e5798?s=96&d=mm&r=g","url":"https:\/\/secure.gravatar.com\/avatar\/3ea2118a5f7dad2b7138b1187a6b7ee55f160b9968b66013c3a3ef39dd7e5798?s=96&d=mm&r=g","contentUrl":"https:\/\/secure.gravatar.com\/avatar\/3ea2118a5f7dad2b7138b1187a6b7ee55f160b9968b66013c3a3ef39dd7e5798?s=96&d=mm&r=g","caption":"Jeanette"},"sameAs":["https:\/\/www.eldiario.net\/portal"],"url":"https:\/\/www.eldiario.net\/portal\/author\/jeanette\/"}]}},"_links":{"self":[{"href":"https:\/\/www.eldiario.net\/portal\/wp-json\/wp\/v2\/posts\/223717","targetHints":{"allow":["GET"]}}],"collection":[{"href":"https:\/\/www.eldiario.net\/portal\/wp-json\/wp\/v2\/posts"}],"about":[{"href":"https:\/\/www.eldiario.net\/portal\/wp-json\/wp\/v2\/types\/post"}],"author":[{"embeddable":true,"href":"https:\/\/www.eldiario.net\/portal\/wp-json\/wp\/v2\/users\/1"}],"replies":[{"embeddable":true,"href":"https:\/\/www.eldiario.net\/portal\/wp-json\/wp\/v2\/comments?post=223717"}],"version-history":[{"count":1,"href":"https:\/\/www.eldiario.net\/portal\/wp-json\/wp\/v2\/posts\/223717\/revisions"}],"predecessor-version":[{"id":223720,"href":"https:\/\/www.eldiario.net\/portal\/wp-json\/wp\/v2\/posts\/223717\/revisions\/223720"}],"wp:featuredmedia":[{"embeddable":true,"href":"https:\/\/www.eldiario.net\/portal\/wp-json\/wp\/v2\/media\/223718"}],"wp:attachment":[{"href":"https:\/\/www.eldiario.net\/portal\/wp-json\/wp\/v2\/media?parent=223717"}],"wp:term":[{"taxonomy":"category","embeddable":true,"href":"https:\/\/www.eldiario.net\/portal\/wp-json\/wp\/v2\/categories?post=223717"},{"taxonomy":"post_tag","embeddable":true,"href":"https:\/\/www.eldiario.net\/portal\/wp-json\/wp\/v2\/tags?post=223717"}],"curies":[{"name":"wp","href":"https:\/\/api.w.org\/{rel}","templated":true}]}}