{"id":223700,"date":"2024-05-29T05:52:00","date_gmt":"2024-05-29T09:52:00","guid":{"rendered":"https:\/\/www.eldiario.net\/portal\/?p=223700"},"modified":"2024-05-29T05:52:00","modified_gmt":"2024-05-29T09:52:00","slug":"productores-reclaman-ordenes-de-aprehension-y-desapoderamiento","status":"publish","type":"post","link":"https:\/\/www.eldiario.net\/portal\/2024\/05\/29\/productores-reclaman-ordenes-de-aprehension-y-desapoderamiento\/","title":{"rendered":"Productores reclaman \u00f3rdenes de  aprehensi\u00f3n y desapoderamiento"},"content":{"rendered":"<p>La situaci\u00f3n es insostenible ante una falta de seguridad jur\u00eddica, reclama la Asociaci\u00f3n de Productores de Oleaginosas y Trigo (Anapo) ante el avasallamiento de predios en San Pedro, provincia Obispo Santistevan, en el Norte cruce\u00f1o.<br \/>\nSon cinco las propiedades amenazadas en donde, incluso los \u201ctoma tierras\u201d se atrevieron a sembrar y cosechar granos, denunci\u00f3 Jaime Hern\u00e1ndez, gerente de Anapo, en una entrevista con una red televisiva nacional.<br \/>\nSobre este predio ya se ha emitido una orden de desapoderamiento y se conoce que \u201cest\u00e1n pendientes de ejecuci\u00f3n las \u00f3rdenes de aprehensi\u00f3n en contra de los cabecillas de este grupo irregular, pero hasta ahora no se hace la ejecuci\u00f3n de las mismas\u201d, cuestion\u00f3 Hern\u00e1ndez.<br \/>\n\u201cLos productores siguieron el curso legal, han conseguido las \u00f3rdenes de desapoderamiento, de aprehensi\u00f3n, en el marco de la justicia y corresponde ahora a la Polic\u00eda que act\u00fae de forma contundente para evitar que esta situaci\u00f3n pase a mayores\u201d, dijo.<br \/>\n\u201cHemos enviado cartas al Comando Departamental, tambi\u00e9n solicitando que se haga una acci\u00f3n lo m\u00e1s antes posible, porque esta gente ya ingres\u00f3 en la campa\u00f1a de verano anterior, ya sembr\u00f3, ya ha producido, ya ha cosechado y actualmente est\u00e1 volviendo a sembrar en la campa\u00f1a de invierno y es m\u00e1s, no les dejan a los otros productores propietarios accionar con su maquinaria para poder sembrar\u201d, denunci\u00f3 Hern\u00e1ndez.<br \/>\nLa orden de desapoderamiento \u201cest\u00e1 hace m\u00e1s de tres meses\u201d, sostuvo el gerente de Anapo, que dice que estos grupos irregulares se ausentan de la zona \u201ccuando tienen conocimiento de que va a llegar la Polic\u00eda\u201d, pero que despu\u00e9s \u201cesta gente aparece a los pocos d\u00edas\u201d.<br \/>\n\u201cEs fundamental que lo antes posible, haya un accionar contundente, como lo hubo hace unas semanas cuando se apres\u00f3 en la zona de Guarayos a uno de los supuestos cabecillas\u201d, indic\u00f3.<br \/>\n\u201cEsas son las se\u00f1ales que nosotros estamos esperando tambi\u00e9n en este caso, porque es lo que va a brindar seguridad jur\u00eddica a los productores\u201d, asever\u00f3 al indicar que son 75.000 hect\u00e1reas en el Norte cruce\u00f1o las que est\u00e1n en riesgo de ser tomadas por estos grupos de avasalladores. (Santa Cruz, agencias)<br \/>\nPIE DE FOTO:FOTO: RRSS<\/p>\n","protected":false},"excerpt":{"rendered":"<p>La situaci\u00f3n es insostenible ante una falta de seguridad jur\u00eddica, reclama la Asociaci\u00f3n de Productores de Oleaginosas y Trigo (Anapo) ante el avasallamiento de predios en San Pedro, provincia Obispo Santistevan, en el Norte cruce\u00f1o. Son cinco las propiedades amenazadas en donde, incluso los \u201ctoma tierras\u201d se atrevieron a sembrar y cosechar granos, denunci\u00f3 Jaime [&hellip;]<\/p>\n","protected":false},"author":1,"featured_media":223701,"comment_status":"open","ping_status":"open","sticky":false,"template":"","format":"standard","meta":{"_acf_changed":false,"footnotes":""},"categories":[12],"tags":[],"class_list":["post-223700","post","type-post","status-publish","format-standard","has-post-thumbnail","category-nacional"],"acf":{"antetitulo":"Avasallamientos"},"yoast_head":"<!-- This site is optimized with the Yoast SEO plugin v28.4 - https:\/\/yoast.com\/product\/yoast-seo-wordpress\/ -->\n<title>Productores reclaman \u00f3rdenes de aprehensi\u00f3n y desapoderamiento - El Diario - Bolivia<\/title>\n<meta name=\"robots\" content=\"index, follow, max-snippet:-1, max-image-preview:large, max-video-preview:-1\" \/>\n<link rel=\"canonical\" href=\"https:\/\/www.eldiario.net\/portal\/2024\/05\/29\/productores-reclaman-ordenes-de-aprehension-y-desapoderamiento\/\" \/>\n<meta property=\"og:locale\" content=\"es_ES\" \/>\n<meta property=\"og:type\" content=\"article\" \/>\n<meta property=\"og:title\" content=\"Productores reclaman \u00f3rdenes de aprehensi\u00f3n y desapoderamiento - El Diario - Bolivia\" \/>\n<meta property=\"og:description\" content=\"La situaci\u00f3n es insostenible ante una falta de seguridad jur\u00eddica, reclama la Asociaci\u00f3n de Productores de Oleaginosas y Trigo (Anapo) ante el avasallamiento de predios en San Pedro, provincia Obispo Santistevan, en el Norte cruce\u00f1o. Son cinco las propiedades amenazadas en donde, incluso los \u201ctoma tierras\u201d se atrevieron a sembrar y cosechar granos, denunci\u00f3 Jaime [&hellip;]\" \/>\n<meta property=\"og:url\" content=\"https:\/\/www.eldiario.net\/portal\/2024\/05\/29\/productores-reclaman-ordenes-de-aprehension-y-desapoderamiento\/\" \/>\n<meta property=\"og:site_name\" content=\"El Diario - Bolivia\" \/>\n<meta property=\"article:publisher\" content=\"https:\/\/www.facebook.com\/eldiario.bolivia\/\" \/>\n<meta property=\"article:published_time\" content=\"2024-05-29T09:52:00+00:00\" \/>\n<meta property=\"og:image\" content=\"https:\/\/www.eldiario.net\/portal\/wp-content\/uploads\/2024\/05\/10-NAL-COLOR-.jpg\" \/>\n\t<meta property=\"og:image:width\" content=\"1200\" \/>\n\t<meta property=\"og:image:height\" content=\"511\" \/>\n\t<meta property=\"og:image:type\" content=\"image\/jpeg\" \/>\n<meta name=\"author\" content=\"Jeanette\" \/>\n<meta name=\"twitter:card\" content=\"summary_large_image\" \/>\n<meta name=\"twitter:creator\" content=\"@eldiario_net\" \/>\n<meta name=\"twitter:site\" content=\"@eldiario_net\" \/>\n<meta name=\"twitter:label1\" content=\"Escrito por\" \/>\n\t<meta name=\"twitter:data1\" content=\"Jeanette\" \/>\n\t<meta name=\"twitter:label2\" content=\"Tiempo de lectura\" \/>\n\t<meta name=\"twitter:data2\" content=\"2 minutos\" \/>\n<script type=\"application\/ld+json\" class=\"yoast-schema-graph\">{\"@context\":\"https:\\\/\\\/schema.org\",\"@graph\":[{\"@type\":\"Article\",\"@id\":\"https:\\\/\\\/www.eldiario.net\\\/portal\\\/2024\\\/05\\\/29\\\/productores-reclaman-ordenes-de-aprehension-y-desapoderamiento\\\/#article\",\"isPartOf\":{\"@id\":\"https:\\\/\\\/www.eldiario.net\\\/portal\\\/2024\\\/05\\\/29\\\/productores-reclaman-ordenes-de-aprehension-y-desapoderamiento\\\/\"},\"author\":{\"name\":\"Jeanette\",\"@id\":\"https:\\\/\\\/www.eldiario.net\\\/portal\\\/#\\\/schema\\\/person\\\/f46445640444750d7d753ccd04ae01b7\"},\"headline\":\"Productores reclaman \u00f3rdenes de aprehensi\u00f3n y desapoderamiento\",\"datePublished\":\"2024-05-29T09:52:00+00:00\",\"mainEntityOfPage\":{\"@id\":\"https:\\\/\\\/www.eldiario.net\\\/portal\\\/2024\\\/05\\\/29\\\/productores-reclaman-ordenes-de-aprehension-y-desapoderamiento\\\/\"},\"wordCount\":390,\"commentCount\":0,\"publisher\":{\"@id\":\"https:\\\/\\\/www.eldiario.net\\\/portal\\\/#organization\"},\"image\":{\"@id\":\"https:\\\/\\\/www.eldiario.net\\\/portal\\\/2024\\\/05\\\/29\\\/productores-reclaman-ordenes-de-aprehension-y-desapoderamiento\\\/#primaryimage\"},\"thumbnailUrl\":\"https:\\\/\\\/www.eldiario.net\\\/portal\\\/wp-content\\\/uploads\\\/2024\\\/05\\\/10-NAL-COLOR-.jpg\",\"articleSection\":[\"Nacional\"],\"inLanguage\":\"es\",\"potentialAction\":[{\"@type\":\"CommentAction\",\"name\":\"Comment\",\"target\":[\"https:\\\/\\\/www.eldiario.net\\\/portal\\\/2024\\\/05\\\/29\\\/productores-reclaman-ordenes-de-aprehension-y-desapoderamiento\\\/#respond\"]}]},{\"@type\":\"WebPage\",\"@id\":\"https:\\\/\\\/www.eldiario.net\\\/portal\\\/2024\\\/05\\\/29\\\/productores-reclaman-ordenes-de-aprehension-y-desapoderamiento\\\/\",\"url\":\"https:\\\/\\\/www.eldiario.net\\\/portal\\\/2024\\\/05\\\/29\\\/productores-reclaman-ordenes-de-aprehension-y-desapoderamiento\\\/\",\"name\":\"Productores reclaman \u00f3rdenes de aprehensi\u00f3n y desapoderamiento - El Diario - Bolivia\",\"isPartOf\":{\"@id\":\"https:\\\/\\\/www.eldiario.net\\\/portal\\\/#website\"},\"primaryImageOfPage\":{\"@id\":\"https:\\\/\\\/www.eldiario.net\\\/portal\\\/2024\\\/05\\\/29\\\/productores-reclaman-ordenes-de-aprehension-y-desapoderamiento\\\/#primaryimage\"},\"image\":{\"@id\":\"https:\\\/\\\/www.eldiario.net\\\/portal\\\/2024\\\/05\\\/29\\\/productores-reclaman-ordenes-de-aprehension-y-desapoderamiento\\\/#primaryimage\"},\"thumbnailUrl\":\"https:\\\/\\\/www.eldiario.net\\\/portal\\\/wp-content\\\/uploads\\\/2024\\\/05\\\/10-NAL-COLOR-.jpg\",\"datePublished\":\"2024-05-29T09:52:00+00:00\",\"breadcrumb\":{\"@id\":\"https:\\\/\\\/www.eldiario.net\\\/portal\\\/2024\\\/05\\\/29\\\/productores-reclaman-ordenes-de-aprehension-y-desapoderamiento\\\/#breadcrumb\"},\"inLanguage\":\"es\",\"potentialAction\":[{\"@type\":\"ReadAction\",\"target\":[\"https:\\\/\\\/www.eldiario.net\\\/portal\\\/2024\\\/05\\\/29\\\/productores-reclaman-ordenes-de-aprehension-y-desapoderamiento\\\/\"]}]},{\"@type\":\"ImageObject\",\"inLanguage\":\"es\",\"@id\":\"https:\\\/\\\/www.eldiario.net\\\/portal\\\/2024\\\/05\\\/29\\\/productores-reclaman-ordenes-de-aprehension-y-desapoderamiento\\\/#primaryimage\",\"url\":\"https:\\\/\\\/www.eldiario.net\\\/portal\\\/wp-content\\\/uploads\\\/2024\\\/05\\\/10-NAL-COLOR-.jpg\",\"contentUrl\":\"https:\\\/\\\/www.eldiario.net\\\/portal\\\/wp-content\\\/uploads\\\/2024\\\/05\\\/10-NAL-COLOR-.jpg\",\"width\":1200,\"height\":511,\"caption\":\"IMAGEN REFERENCIAL DE LOS AVASALLAMIENTOS QUE SE REGISTRAN EN SANTA CRUZ.\"},{\"@type\":\"BreadcrumbList\",\"@id\":\"https:\\\/\\\/www.eldiario.net\\\/portal\\\/2024\\\/05\\\/29\\\/productores-reclaman-ordenes-de-aprehension-y-desapoderamiento\\\/#breadcrumb\",\"itemListElement\":[{\"@type\":\"ListItem\",\"position\":1,\"name\":\"Portada\",\"item\":\"https:\\\/\\\/www.eldiario.net\\\/portal\\\/\"},{\"@type\":\"ListItem\",\"position\":2,\"name\":\"Productores reclaman \u00f3rdenes de aprehensi\u00f3n y desapoderamiento\"}]},{\"@type\":\"WebSite\",\"@id\":\"https:\\\/\\\/www.eldiario.net\\\/portal\\\/#website\",\"url\":\"https:\\\/\\\/www.eldiario.net\\\/portal\\\/\",\"name\":\"El Diario - Decano de la prensa nacional\",\"description\":\"El Diario - Decano de la prensa nacional\",\"publisher\":{\"@id\":\"https:\\\/\\\/www.eldiario.net\\\/portal\\\/#organization\"},\"potentialAction\":[{\"@type\":\"SearchAction\",\"target\":{\"@type\":\"EntryPoint\",\"urlTemplate\":\"https:\\\/\\\/www.eldiario.net\\\/portal\\\/?s={search_term_string}\"},\"query-input\":{\"@type\":\"PropertyValueSpecification\",\"valueRequired\":true,\"valueName\":\"search_term_string\"}}],\"inLanguage\":\"es\"},{\"@type\":\"Organization\",\"@id\":\"https:\\\/\\\/www.eldiario.net\\\/portal\\\/#organization\",\"name\":\"El Diario - Decano de la prensa nacional\",\"url\":\"https:\\\/\\\/www.eldiario.net\\\/portal\\\/\",\"logo\":{\"@type\":\"ImageObject\",\"inLanguage\":\"es\",\"@id\":\"https:\\\/\\\/www.eldiario.net\\\/portal\\\/#\\\/schema\\\/logo\\\/image\\\/\",\"url\":\"https:\\\/\\\/www.eldiario.net\\\/portal\\\/wp-content\\\/uploads\\\/2023\\\/07\\\/logo_ED.jpg\",\"contentUrl\":\"https:\\\/\\\/www.eldiario.net\\\/portal\\\/wp-content\\\/uploads\\\/2023\\\/07\\\/logo_ED.jpg\",\"width\":272,\"height\":52,\"caption\":\"El Diario - Decano de la prensa nacional\"},\"image\":{\"@id\":\"https:\\\/\\\/www.eldiario.net\\\/portal\\\/#\\\/schema\\\/logo\\\/image\\\/\"},\"sameAs\":[\"https:\\\/\\\/www.facebook.com\\\/eldiario.bolivia\\\/\",\"https:\\\/\\\/x.com\\\/eldiario_net\"]},{\"@type\":\"Person\",\"@id\":\"https:\\\/\\\/www.eldiario.net\\\/portal\\\/#\\\/schema\\\/person\\\/f46445640444750d7d753ccd04ae01b7\",\"name\":\"Jeanette\",\"image\":{\"@type\":\"ImageObject\",\"inLanguage\":\"es\",\"@id\":\"https:\\\/\\\/secure.gravatar.com\\\/avatar\\\/3ea2118a5f7dad2b7138b1187a6b7ee55f160b9968b66013c3a3ef39dd7e5798?s=96&d=mm&r=g\",\"url\":\"https:\\\/\\\/secure.gravatar.com\\\/avatar\\\/3ea2118a5f7dad2b7138b1187a6b7ee55f160b9968b66013c3a3ef39dd7e5798?s=96&d=mm&r=g\",\"contentUrl\":\"https:\\\/\\\/secure.gravatar.com\\\/avatar\\\/3ea2118a5f7dad2b7138b1187a6b7ee55f160b9968b66013c3a3ef39dd7e5798?s=96&d=mm&r=g\",\"caption\":\"Jeanette\"},\"sameAs\":[\"https:\\\/\\\/www.eldiario.net\\\/portal\"],\"url\":\"https:\\\/\\\/www.eldiario.net\\\/portal\\\/author\\\/jeanette\\\/\"}]}<\/script>\n<!-- \/ Yoast SEO plugin. -->","yoast_head_json":{"title":"Productores reclaman \u00f3rdenes de aprehensi\u00f3n y desapoderamiento - El Diario - Bolivia","robots":{"index":"index","follow":"follow","max-snippet":"max-snippet:-1","max-image-preview":"max-image-preview:large","max-video-preview":"max-video-preview:-1"},"canonical":"https:\/\/www.eldiario.net\/portal\/2024\/05\/29\/productores-reclaman-ordenes-de-aprehension-y-desapoderamiento\/","og_locale":"es_ES","og_type":"article","og_title":"Productores reclaman \u00f3rdenes de aprehensi\u00f3n y desapoderamiento - El Diario - Bolivia","og_description":"La situaci\u00f3n es insostenible ante una falta de seguridad jur\u00eddica, reclama la Asociaci\u00f3n de Productores de Oleaginosas y Trigo (Anapo) ante el avasallamiento de predios en San Pedro, provincia Obispo Santistevan, en el Norte cruce\u00f1o. Son cinco las propiedades amenazadas en donde, incluso los \u201ctoma tierras\u201d se atrevieron a sembrar y cosechar granos, denunci\u00f3 Jaime [&hellip;]","og_url":"https:\/\/www.eldiario.net\/portal\/2024\/05\/29\/productores-reclaman-ordenes-de-aprehension-y-desapoderamiento\/","og_site_name":"El Diario - Bolivia","article_publisher":"https:\/\/www.facebook.com\/eldiario.bolivia\/","article_published_time":"2024-05-29T09:52:00+00:00","og_image":[{"width":1200,"height":511,"url":"https:\/\/www.eldiario.net\/portal\/wp-content\/uploads\/2024\/05\/10-NAL-COLOR-.jpg","type":"image\/jpeg"}],"author":"Jeanette","twitter_card":"summary_large_image","twitter_creator":"@eldiario_net","twitter_site":"@eldiario_net","twitter_misc":{"Escrito por":"Jeanette","Tiempo de lectura":"2 minutos"},"schema":{"@context":"https:\/\/schema.org","@graph":[{"@type":"Article","@id":"https:\/\/www.eldiario.net\/portal\/2024\/05\/29\/productores-reclaman-ordenes-de-aprehension-y-desapoderamiento\/#article","isPartOf":{"@id":"https:\/\/www.eldiario.net\/portal\/2024\/05\/29\/productores-reclaman-ordenes-de-aprehension-y-desapoderamiento\/"},"author":{"name":"Jeanette","@id":"https:\/\/www.eldiario.net\/portal\/#\/schema\/person\/f46445640444750d7d753ccd04ae01b7"},"headline":"Productores reclaman \u00f3rdenes de aprehensi\u00f3n y desapoderamiento","datePublished":"2024-05-29T09:52:00+00:00","mainEntityOfPage":{"@id":"https:\/\/www.eldiario.net\/portal\/2024\/05\/29\/productores-reclaman-ordenes-de-aprehension-y-desapoderamiento\/"},"wordCount":390,"commentCount":0,"publisher":{"@id":"https:\/\/www.eldiario.net\/portal\/#organization"},"image":{"@id":"https:\/\/www.eldiario.net\/portal\/2024\/05\/29\/productores-reclaman-ordenes-de-aprehension-y-desapoderamiento\/#primaryimage"},"thumbnailUrl":"https:\/\/www.eldiario.net\/portal\/wp-content\/uploads\/2024\/05\/10-NAL-COLOR-.jpg","articleSection":["Nacional"],"inLanguage":"es","potentialAction":[{"@type":"CommentAction","name":"Comment","target":["https:\/\/www.eldiario.net\/portal\/2024\/05\/29\/productores-reclaman-ordenes-de-aprehension-y-desapoderamiento\/#respond"]}]},{"@type":"WebPage","@id":"https:\/\/www.eldiario.net\/portal\/2024\/05\/29\/productores-reclaman-ordenes-de-aprehension-y-desapoderamiento\/","url":"https:\/\/www.eldiario.net\/portal\/2024\/05\/29\/productores-reclaman-ordenes-de-aprehension-y-desapoderamiento\/","name":"Productores reclaman \u00f3rdenes de aprehensi\u00f3n y desapoderamiento - El Diario - Bolivia","isPartOf":{"@id":"https:\/\/www.eldiario.net\/portal\/#website"},"primaryImageOfPage":{"@id":"https:\/\/www.eldiario.net\/portal\/2024\/05\/29\/productores-reclaman-ordenes-de-aprehension-y-desapoderamiento\/#primaryimage"},"image":{"@id":"https:\/\/www.eldiario.net\/portal\/2024\/05\/29\/productores-reclaman-ordenes-de-aprehension-y-desapoderamiento\/#primaryimage"},"thumbnailUrl":"https:\/\/www.eldiario.net\/portal\/wp-content\/uploads\/2024\/05\/10-NAL-COLOR-.jpg","datePublished":"2024-05-29T09:52:00+00:00","breadcrumb":{"@id":"https:\/\/www.eldiario.net\/portal\/2024\/05\/29\/productores-reclaman-ordenes-de-aprehension-y-desapoderamiento\/#breadcrumb"},"inLanguage":"es","potentialAction":[{"@type":"ReadAction","target":["https:\/\/www.eldiario.net\/portal\/2024\/05\/29\/productores-reclaman-ordenes-de-aprehension-y-desapoderamiento\/"]}]},{"@type":"ImageObject","inLanguage":"es","@id":"https:\/\/www.eldiario.net\/portal\/2024\/05\/29\/productores-reclaman-ordenes-de-aprehension-y-desapoderamiento\/#primaryimage","url":"https:\/\/www.eldiario.net\/portal\/wp-content\/uploads\/2024\/05\/10-NAL-COLOR-.jpg","contentUrl":"https:\/\/www.eldiario.net\/portal\/wp-content\/uploads\/2024\/05\/10-NAL-COLOR-.jpg","width":1200,"height":511,"caption":"IMAGEN REFERENCIAL DE LOS AVASALLAMIENTOS QUE SE REGISTRAN EN SANTA CRUZ."},{"@type":"BreadcrumbList","@id":"https:\/\/www.eldiario.net\/portal\/2024\/05\/29\/productores-reclaman-ordenes-de-aprehension-y-desapoderamiento\/#breadcrumb","itemListElement":[{"@type":"ListItem","position":1,"name":"Portada","item":"https:\/\/www.eldiario.net\/portal\/"},{"@type":"ListItem","position":2,"name":"Productores reclaman \u00f3rdenes de aprehensi\u00f3n y desapoderamiento"}]},{"@type":"WebSite","@id":"https:\/\/www.eldiario.net\/portal\/#website","url":"https:\/\/www.eldiario.net\/portal\/","name":"El Diario - Decano de la prensa nacional","description":"El Diario - Decano de la prensa nacional","publisher":{"@id":"https:\/\/www.eldiario.net\/portal\/#organization"},"potentialAction":[{"@type":"SearchAction","target":{"@type":"EntryPoint","urlTemplate":"https:\/\/www.eldiario.net\/portal\/?s={search_term_string}"},"query-input":{"@type":"PropertyValueSpecification","valueRequired":true,"valueName":"search_term_string"}}],"inLanguage":"es"},{"@type":"Organization","@id":"https:\/\/www.eldiario.net\/portal\/#organization","name":"El Diario - Decano de la prensa nacional","url":"https:\/\/www.eldiario.net\/portal\/","logo":{"@type":"ImageObject","inLanguage":"es","@id":"https:\/\/www.eldiario.net\/portal\/#\/schema\/logo\/image\/","url":"https:\/\/www.eldiario.net\/portal\/wp-content\/uploads\/2023\/07\/logo_ED.jpg","contentUrl":"https:\/\/www.eldiario.net\/portal\/wp-content\/uploads\/2023\/07\/logo_ED.jpg","width":272,"height":52,"caption":"El Diario - Decano de la prensa nacional"},"image":{"@id":"https:\/\/www.eldiario.net\/portal\/#\/schema\/logo\/image\/"},"sameAs":["https:\/\/www.facebook.com\/eldiario.bolivia\/","https:\/\/x.com\/eldiario_net"]},{"@type":"Person","@id":"https:\/\/www.eldiario.net\/portal\/#\/schema\/person\/f46445640444750d7d753ccd04ae01b7","name":"Jeanette","image":{"@type":"ImageObject","inLanguage":"es","@id":"https:\/\/secure.gravatar.com\/avatar\/3ea2118a5f7dad2b7138b1187a6b7ee55f160b9968b66013c3a3ef39dd7e5798?s=96&d=mm&r=g","url":"https:\/\/secure.gravatar.com\/avatar\/3ea2118a5f7dad2b7138b1187a6b7ee55f160b9968b66013c3a3ef39dd7e5798?s=96&d=mm&r=g","contentUrl":"https:\/\/secure.gravatar.com\/avatar\/3ea2118a5f7dad2b7138b1187a6b7ee55f160b9968b66013c3a3ef39dd7e5798?s=96&d=mm&r=g","caption":"Jeanette"},"sameAs":["https:\/\/www.eldiario.net\/portal"],"url":"https:\/\/www.eldiario.net\/portal\/author\/jeanette\/"}]}},"_links":{"self":[{"href":"https:\/\/www.eldiario.net\/portal\/wp-json\/wp\/v2\/posts\/223700","targetHints":{"allow":["GET"]}}],"collection":[{"href":"https:\/\/www.eldiario.net\/portal\/wp-json\/wp\/v2\/posts"}],"about":[{"href":"https:\/\/www.eldiario.net\/portal\/wp-json\/wp\/v2\/types\/post"}],"author":[{"embeddable":true,"href":"https:\/\/www.eldiario.net\/portal\/wp-json\/wp\/v2\/users\/1"}],"replies":[{"embeddable":true,"href":"https:\/\/www.eldiario.net\/portal\/wp-json\/wp\/v2\/comments?post=223700"}],"version-history":[{"count":1,"href":"https:\/\/www.eldiario.net\/portal\/wp-json\/wp\/v2\/posts\/223700\/revisions"}],"predecessor-version":[{"id":223702,"href":"https:\/\/www.eldiario.net\/portal\/wp-json\/wp\/v2\/posts\/223700\/revisions\/223702"}],"wp:featuredmedia":[{"embeddable":true,"href":"https:\/\/www.eldiario.net\/portal\/wp-json\/wp\/v2\/media\/223701"}],"wp:attachment":[{"href":"https:\/\/www.eldiario.net\/portal\/wp-json\/wp\/v2\/media?parent=223700"}],"wp:term":[{"taxonomy":"category","embeddable":true,"href":"https:\/\/www.eldiario.net\/portal\/wp-json\/wp\/v2\/categories?post=223700"},{"taxonomy":"post_tag","embeddable":true,"href":"https:\/\/www.eldiario.net\/portal\/wp-json\/wp\/v2\/tags?post=223700"}],"curies":[{"name":"wp","href":"https:\/\/api.w.org\/{rel}","templated":true}]}}