{"id":223691,"date":"2024-05-29T05:49:00","date_gmt":"2024-05-29T09:49:00","guid":{"rendered":"https:\/\/www.eldiario.net\/portal\/?p=223691"},"modified":"2024-05-29T05:49:00","modified_gmt":"2024-05-29T09:49:00","slug":"el-pais-que-anhelamos","status":"publish","type":"post","link":"https:\/\/www.eldiario.net\/portal\/2024\/05\/29\/el-pais-que-anhelamos\/","title":{"rendered":"El pa\u00eds que anhelamos"},"content":{"rendered":"<p>En medio de un panorama pol\u00edtico y social lleno de desaf\u00edos y aspiraciones, surge la urgencia de imaginar y construir el pa\u00eds que verdaderamente anhelamos los bolivianos.<br \/>\nHay que reconocer que el pa\u00eds que queremos los bolivianos es uno fundamentado en principios \u00e9ticos s\u00f3lidos, y la integridad y la honestidad deben ser los pilares sobre los cuales se construye cualquier sociedad digna y justa. En un contexto donde la corrupci\u00f3n y la falta de transparencia han minado la confianza en las instituciones, es imperativo promover una cultura de \u00e9tica p\u00fablica y responsabilidad ciudadana.<br \/>\nAsimismo, el pa\u00eds que anhelamos debe ser inclusivo y equitativo, una sociedad donde todas las personas, sin importar su origen \u00e9tnico, g\u00e9nero, orientaci\u00f3n sexual o condici\u00f3n socioecon\u00f3mica, tengan igualdad de oportunidades y acceso a los recursos y servicios b\u00e1sicos. Esto implica no solo pol\u00edticas p\u00fablicas que reduzcan las brechas de desigualdad, sino tambi\u00e9n una transformaci\u00f3n cultural que promueva el respeto y la valoraci\u00f3n de la diversidad.<br \/>\nEl pa\u00eds que deseamos debe ser tambi\u00e9n sostenible y respetuoso con el medio ambiente. En un mundo cada vez m\u00e1s amenazado por el cambio clim\u00e1tico y la degradaci\u00f3n ambiental, es fundamental adoptar pol\u00edticas y pr\u00e1cticas que protejan nuestros recursos naturales y promuevan un desarrollo econ\u00f3mico compatible con la conservaci\u00f3n del entorno.<br \/>\nAdem\u00e1s, el pa\u00eds que buscamos debe ser democr\u00e1tico y participativo, es importante fortalecer las instituciones democr\u00e1ticas y garantizar la participaci\u00f3n ciudadana en la toma de decisiones. Esto implica no solo elecciones libres y justas, sino tambi\u00e9n mecanismos efectivos de rendici\u00f3n de cuentas y control social sobre el ejercicio del poder.<br \/>\nEl pa\u00eds que anhelamos debe ser pr\u00f3spero y solidario, se debe construir una econom\u00eda inclusiva y din\u00e1mica que genere empleo, distribuya la riqueza de manera equitativa y promueva el bienestar de todos los ciudadanos. Tambi\u00e9n es necesario fomentar una cultura de solidaridad y cooperaci\u00f3n, donde la empat\u00eda y el apoyo mutuo sean los valores que gu\u00eden nuestras relaciones sociales.<br \/>\nA prop\u00f3sito, varios pa\u00edses que se han desarrollado y son considerados ejemplos a seguir han implementado una combinaci\u00f3n de pol\u00edticas y pr\u00e1cticas exitosas en diferentes \u00e1reas:<br \/>\nEstabilidad pol\u00edtica e institucional: establecer instituciones s\u00f3lidas y un marco pol\u00edtico estable es fundamental para el desarrollo sostenible. Canad\u00e1, Australia y los pa\u00edses n\u00f3rdicos han mantenido sistemas pol\u00edticos estables y democr\u00e1ticos a lo largo del tiempo, lo que ha contribuido a crear un ambiente propicio para la inversi\u00f3n y el crecimiento econ\u00f3mico.<br \/>\nEducaci\u00f3n de calidad: invertir en educaci\u00f3n de calidad para el desarrollo humano y econ\u00f3mico. Finlandia y Singapur han priorizado la educaci\u00f3n y han implementado pol\u00edticas que promueven la equidad y la excelencia educativa, lo que les ha permitido desarrollar una fuerza laboral altamente calificada y adaptable.<br \/>\nInnovaci\u00f3n y tecnolog\u00eda: fomentar la innovaci\u00f3n y la adopci\u00f3n de tecnolog\u00eda puede impulsar el crecimiento econ\u00f3mico y mejorar la competitividad global. Estados Unidos, Corea del Sur y Alemania han invertido en investigaci\u00f3n y desarrollo, as\u00ed como en infraestructura tecnol\u00f3gica, lo que les ha permitido liderar en sectores como la tecnolog\u00eda, la ingenier\u00eda y la ciencia.<br \/>\nPol\u00edticas de salud p\u00fablica: garantizar el acceso a servicios de salud de calidad y promover la prevenci\u00f3n de enfermedades es esencial para el bienestar de la poblaci\u00f3n y el desarrollo econ\u00f3mico. Canad\u00e1, Suecia y Jap\u00f3n han implementado sistemas de salud p\u00fablica eficientes y universalmente accesibles, lo que les ha permitido mejorar la calidad de vida de sus ciudadanos y reducir las disparidades en salud.<br \/>\nDesarrollo de infraestructura: invertir en infraestructura f\u00edsica y digital puede estimular el crecimiento econ\u00f3mico y mejorar la calidad de vida de la poblaci\u00f3n. Singapur, Emiratos \u00c1rabes Unidos y China han realizado inversiones significativas en infraestructura de transporte, energ\u00eda, comunicaciones y tecnolog\u00eda, lo que les ha permitido mantenerse a la vanguardia en t\u00e9rminos de desarrollo econ\u00f3mico y competitividad global.<br \/>\nAl adaptar estas lecciones a la realidad boliviana y desarrollar pol\u00edticas y estrategias adecuadas a nuestras necesidades, podemos avanzar hacia el desarrollo econ\u00f3mico y social sostenible. Para ello, es fundamental un compromiso continuo con la implementaci\u00f3n efectiva de pol\u00edticas y programas que promuevan el crecimiento inclusivo, la equidad y el desarrollo sostenible.<\/p>\n<p>El autor es polit\u00f3logo-abogado y docente universitario.<br \/>\nrcoteja100@gmail.com<\/p>\n","protected":false},"excerpt":{"rendered":"<p>En medio de un panorama pol\u00edtico y social lleno de desaf\u00edos y aspiraciones, surge la urgencia de imaginar y construir el pa\u00eds que verdaderamente anhelamos los bolivianos. Hay que reconocer que el pa\u00eds que queremos los bolivianos es uno fundamentado en principios \u00e9ticos s\u00f3lidos, y la integridad y la honestidad deben ser los pilares sobre [&hellip;]<\/p>\n","protected":false},"author":1,"featured_media":163307,"comment_status":"open","ping_status":"open","sticky":false,"template":"","format":"standard","meta":{"_acf_changed":false,"footnotes":""},"categories":[9],"tags":[],"class_list":["post-223691","post","type-post","status-publish","format-standard","has-post-thumbnail","category-opinion"],"acf":{"antetitulo":""},"yoast_head":"<!-- This site is optimized with the Yoast SEO plugin v28.4 - https:\/\/yoast.com\/product\/yoast-seo-wordpress\/ -->\n<title>El pa\u00eds que anhelamos - El Diario - Bolivia<\/title>\n<meta name=\"robots\" content=\"index, follow, max-snippet:-1, max-image-preview:large, max-video-preview:-1\" \/>\n<link rel=\"canonical\" href=\"https:\/\/www.eldiario.net\/portal\/2024\/05\/29\/el-pais-que-anhelamos\/\" \/>\n<meta property=\"og:locale\" content=\"es_ES\" \/>\n<meta property=\"og:type\" content=\"article\" \/>\n<meta property=\"og:title\" content=\"El pa\u00eds que anhelamos - El Diario - Bolivia\" \/>\n<meta property=\"og:description\" content=\"En medio de un panorama pol\u00edtico y social lleno de desaf\u00edos y aspiraciones, surge la urgencia de imaginar y construir el pa\u00eds que verdaderamente anhelamos los bolivianos. Hay que reconocer que el pa\u00eds que queremos los bolivianos es uno fundamentado en principios \u00e9ticos s\u00f3lidos, y la integridad y la honestidad deben ser los pilares sobre [&hellip;]\" \/>\n<meta property=\"og:url\" content=\"https:\/\/www.eldiario.net\/portal\/2024\/05\/29\/el-pais-que-anhelamos\/\" \/>\n<meta property=\"og:site_name\" content=\"El Diario - Bolivia\" \/>\n<meta property=\"article:publisher\" content=\"https:\/\/www.facebook.com\/eldiario.bolivia\/\" \/>\n<meta property=\"article:published_time\" content=\"2024-05-29T09:49:00+00:00\" \/>\n<meta property=\"og:image\" content=\"https:\/\/www.eldiario.net\/portal\/wp-content\/uploads\/2023\/07\/Rolando-Coteja-Mollo2.jpg\" \/>\n\t<meta property=\"og:image:width\" content=\"1200\" \/>\n\t<meta property=\"og:image:height\" content=\"628\" \/>\n\t<meta property=\"og:image:type\" content=\"image\/jpeg\" \/>\n<meta name=\"author\" content=\"Jeanette\" \/>\n<meta name=\"twitter:card\" content=\"summary_large_image\" \/>\n<meta name=\"twitter:creator\" content=\"@eldiario_net\" \/>\n<meta name=\"twitter:site\" content=\"@eldiario_net\" \/>\n<meta name=\"twitter:label1\" content=\"Escrito por\" \/>\n\t<meta name=\"twitter:data1\" content=\"Jeanette\" \/>\n\t<meta name=\"twitter:label2\" content=\"Tiempo de lectura\" \/>\n\t<meta name=\"twitter:data2\" content=\"4 minutos\" \/>\n<script type=\"application\/ld+json\" class=\"yoast-schema-graph\">{\"@context\":\"https:\\\/\\\/schema.org\",\"@graph\":[{\"@type\":\"Article\",\"@id\":\"https:\\\/\\\/www.eldiario.net\\\/portal\\\/2024\\\/05\\\/29\\\/el-pais-que-anhelamos\\\/#article\",\"isPartOf\":{\"@id\":\"https:\\\/\\\/www.eldiario.net\\\/portal\\\/2024\\\/05\\\/29\\\/el-pais-que-anhelamos\\\/\"},\"author\":{\"name\":\"Jeanette\",\"@id\":\"https:\\\/\\\/www.eldiario.net\\\/portal\\\/#\\\/schema\\\/person\\\/f46445640444750d7d753ccd04ae01b7\"},\"headline\":\"El pa\u00eds que anhelamos\",\"datePublished\":\"2024-05-29T09:49:00+00:00\",\"mainEntityOfPage\":{\"@id\":\"https:\\\/\\\/www.eldiario.net\\\/portal\\\/2024\\\/05\\\/29\\\/el-pais-que-anhelamos\\\/\"},\"wordCount\":777,\"commentCount\":0,\"publisher\":{\"@id\":\"https:\\\/\\\/www.eldiario.net\\\/portal\\\/#organization\"},\"image\":{\"@id\":\"https:\\\/\\\/www.eldiario.net\\\/portal\\\/2024\\\/05\\\/29\\\/el-pais-que-anhelamos\\\/#primaryimage\"},\"thumbnailUrl\":\"https:\\\/\\\/www.eldiario.net\\\/portal\\\/wp-content\\\/uploads\\\/2023\\\/07\\\/Rolando-Coteja-Mollo2.jpg\",\"articleSection\":[\"Opini\u00f3n\"],\"inLanguage\":\"es\",\"potentialAction\":[{\"@type\":\"CommentAction\",\"name\":\"Comment\",\"target\":[\"https:\\\/\\\/www.eldiario.net\\\/portal\\\/2024\\\/05\\\/29\\\/el-pais-que-anhelamos\\\/#respond\"]}]},{\"@type\":\"WebPage\",\"@id\":\"https:\\\/\\\/www.eldiario.net\\\/portal\\\/2024\\\/05\\\/29\\\/el-pais-que-anhelamos\\\/\",\"url\":\"https:\\\/\\\/www.eldiario.net\\\/portal\\\/2024\\\/05\\\/29\\\/el-pais-que-anhelamos\\\/\",\"name\":\"El pa\u00eds que anhelamos - El Diario - Bolivia\",\"isPartOf\":{\"@id\":\"https:\\\/\\\/www.eldiario.net\\\/portal\\\/#website\"},\"primaryImageOfPage\":{\"@id\":\"https:\\\/\\\/www.eldiario.net\\\/portal\\\/2024\\\/05\\\/29\\\/el-pais-que-anhelamos\\\/#primaryimage\"},\"image\":{\"@id\":\"https:\\\/\\\/www.eldiario.net\\\/portal\\\/2024\\\/05\\\/29\\\/el-pais-que-anhelamos\\\/#primaryimage\"},\"thumbnailUrl\":\"https:\\\/\\\/www.eldiario.net\\\/portal\\\/wp-content\\\/uploads\\\/2023\\\/07\\\/Rolando-Coteja-Mollo2.jpg\",\"datePublished\":\"2024-05-29T09:49:00+00:00\",\"breadcrumb\":{\"@id\":\"https:\\\/\\\/www.eldiario.net\\\/portal\\\/2024\\\/05\\\/29\\\/el-pais-que-anhelamos\\\/#breadcrumb\"},\"inLanguage\":\"es\",\"potentialAction\":[{\"@type\":\"ReadAction\",\"target\":[\"https:\\\/\\\/www.eldiario.net\\\/portal\\\/2024\\\/05\\\/29\\\/el-pais-que-anhelamos\\\/\"]}]},{\"@type\":\"ImageObject\",\"inLanguage\":\"es\",\"@id\":\"https:\\\/\\\/www.eldiario.net\\\/portal\\\/2024\\\/05\\\/29\\\/el-pais-que-anhelamos\\\/#primaryimage\",\"url\":\"https:\\\/\\\/www.eldiario.net\\\/portal\\\/wp-content\\\/uploads\\\/2023\\\/07\\\/Rolando-Coteja-Mollo2.jpg\",\"contentUrl\":\"https:\\\/\\\/www.eldiario.net\\\/portal\\\/wp-content\\\/uploads\\\/2023\\\/07\\\/Rolando-Coteja-Mollo2.jpg\",\"width\":1200,\"height\":628,\"caption\":\"Rolando Coteja Mollo\"},{\"@type\":\"BreadcrumbList\",\"@id\":\"https:\\\/\\\/www.eldiario.net\\\/portal\\\/2024\\\/05\\\/29\\\/el-pais-que-anhelamos\\\/#breadcrumb\",\"itemListElement\":[{\"@type\":\"ListItem\",\"position\":1,\"name\":\"Portada\",\"item\":\"https:\\\/\\\/www.eldiario.net\\\/portal\\\/\"},{\"@type\":\"ListItem\",\"position\":2,\"name\":\"El pa\u00eds que anhelamos\"}]},{\"@type\":\"WebSite\",\"@id\":\"https:\\\/\\\/www.eldiario.net\\\/portal\\\/#website\",\"url\":\"https:\\\/\\\/www.eldiario.net\\\/portal\\\/\",\"name\":\"El Diario - Decano de la prensa nacional\",\"description\":\"El Diario - Decano de la prensa nacional\",\"publisher\":{\"@id\":\"https:\\\/\\\/www.eldiario.net\\\/portal\\\/#organization\"},\"potentialAction\":[{\"@type\":\"SearchAction\",\"target\":{\"@type\":\"EntryPoint\",\"urlTemplate\":\"https:\\\/\\\/www.eldiario.net\\\/portal\\\/?s={search_term_string}\"},\"query-input\":{\"@type\":\"PropertyValueSpecification\",\"valueRequired\":true,\"valueName\":\"search_term_string\"}}],\"inLanguage\":\"es\"},{\"@type\":\"Organization\",\"@id\":\"https:\\\/\\\/www.eldiario.net\\\/portal\\\/#organization\",\"name\":\"El Diario - Decano de la prensa nacional\",\"url\":\"https:\\\/\\\/www.eldiario.net\\\/portal\\\/\",\"logo\":{\"@type\":\"ImageObject\",\"inLanguage\":\"es\",\"@id\":\"https:\\\/\\\/www.eldiario.net\\\/portal\\\/#\\\/schema\\\/logo\\\/image\\\/\",\"url\":\"https:\\\/\\\/www.eldiario.net\\\/portal\\\/wp-content\\\/uploads\\\/2023\\\/07\\\/logo_ED.jpg\",\"contentUrl\":\"https:\\\/\\\/www.eldiario.net\\\/portal\\\/wp-content\\\/uploads\\\/2023\\\/07\\\/logo_ED.jpg\",\"width\":272,\"height\":52,\"caption\":\"El Diario - Decano de la prensa nacional\"},\"image\":{\"@id\":\"https:\\\/\\\/www.eldiario.net\\\/portal\\\/#\\\/schema\\\/logo\\\/image\\\/\"},\"sameAs\":[\"https:\\\/\\\/www.facebook.com\\\/eldiario.bolivia\\\/\",\"https:\\\/\\\/x.com\\\/eldiario_net\"]},{\"@type\":\"Person\",\"@id\":\"https:\\\/\\\/www.eldiario.net\\\/portal\\\/#\\\/schema\\\/person\\\/f46445640444750d7d753ccd04ae01b7\",\"name\":\"Jeanette\",\"image\":{\"@type\":\"ImageObject\",\"inLanguage\":\"es\",\"@id\":\"https:\\\/\\\/secure.gravatar.com\\\/avatar\\\/3ea2118a5f7dad2b7138b1187a6b7ee55f160b9968b66013c3a3ef39dd7e5798?s=96&d=mm&r=g\",\"url\":\"https:\\\/\\\/secure.gravatar.com\\\/avatar\\\/3ea2118a5f7dad2b7138b1187a6b7ee55f160b9968b66013c3a3ef39dd7e5798?s=96&d=mm&r=g\",\"contentUrl\":\"https:\\\/\\\/secure.gravatar.com\\\/avatar\\\/3ea2118a5f7dad2b7138b1187a6b7ee55f160b9968b66013c3a3ef39dd7e5798?s=96&d=mm&r=g\",\"caption\":\"Jeanette\"},\"sameAs\":[\"https:\\\/\\\/www.eldiario.net\\\/portal\"],\"url\":\"https:\\\/\\\/www.eldiario.net\\\/portal\\\/author\\\/jeanette\\\/\"}]}<\/script>\n<!-- \/ Yoast SEO plugin. -->","yoast_head_json":{"title":"El pa\u00eds que anhelamos - El Diario - Bolivia","robots":{"index":"index","follow":"follow","max-snippet":"max-snippet:-1","max-image-preview":"max-image-preview:large","max-video-preview":"max-video-preview:-1"},"canonical":"https:\/\/www.eldiario.net\/portal\/2024\/05\/29\/el-pais-que-anhelamos\/","og_locale":"es_ES","og_type":"article","og_title":"El pa\u00eds que anhelamos - El Diario - Bolivia","og_description":"En medio de un panorama pol\u00edtico y social lleno de desaf\u00edos y aspiraciones, surge la urgencia de imaginar y construir el pa\u00eds que verdaderamente anhelamos los bolivianos. Hay que reconocer que el pa\u00eds que queremos los bolivianos es uno fundamentado en principios \u00e9ticos s\u00f3lidos, y la integridad y la honestidad deben ser los pilares sobre [&hellip;]","og_url":"https:\/\/www.eldiario.net\/portal\/2024\/05\/29\/el-pais-que-anhelamos\/","og_site_name":"El Diario - Bolivia","article_publisher":"https:\/\/www.facebook.com\/eldiario.bolivia\/","article_published_time":"2024-05-29T09:49:00+00:00","og_image":[{"width":1200,"height":628,"url":"https:\/\/www.eldiario.net\/portal\/wp-content\/uploads\/2023\/07\/Rolando-Coteja-Mollo2.jpg","type":"image\/jpeg"}],"author":"Jeanette","twitter_card":"summary_large_image","twitter_creator":"@eldiario_net","twitter_site":"@eldiario_net","twitter_misc":{"Escrito por":"Jeanette","Tiempo de lectura":"4 minutos"},"schema":{"@context":"https:\/\/schema.org","@graph":[{"@type":"Article","@id":"https:\/\/www.eldiario.net\/portal\/2024\/05\/29\/el-pais-que-anhelamos\/#article","isPartOf":{"@id":"https:\/\/www.eldiario.net\/portal\/2024\/05\/29\/el-pais-que-anhelamos\/"},"author":{"name":"Jeanette","@id":"https:\/\/www.eldiario.net\/portal\/#\/schema\/person\/f46445640444750d7d753ccd04ae01b7"},"headline":"El pa\u00eds que anhelamos","datePublished":"2024-05-29T09:49:00+00:00","mainEntityOfPage":{"@id":"https:\/\/www.eldiario.net\/portal\/2024\/05\/29\/el-pais-que-anhelamos\/"},"wordCount":777,"commentCount":0,"publisher":{"@id":"https:\/\/www.eldiario.net\/portal\/#organization"},"image":{"@id":"https:\/\/www.eldiario.net\/portal\/2024\/05\/29\/el-pais-que-anhelamos\/#primaryimage"},"thumbnailUrl":"https:\/\/www.eldiario.net\/portal\/wp-content\/uploads\/2023\/07\/Rolando-Coteja-Mollo2.jpg","articleSection":["Opini\u00f3n"],"inLanguage":"es","potentialAction":[{"@type":"CommentAction","name":"Comment","target":["https:\/\/www.eldiario.net\/portal\/2024\/05\/29\/el-pais-que-anhelamos\/#respond"]}]},{"@type":"WebPage","@id":"https:\/\/www.eldiario.net\/portal\/2024\/05\/29\/el-pais-que-anhelamos\/","url":"https:\/\/www.eldiario.net\/portal\/2024\/05\/29\/el-pais-que-anhelamos\/","name":"El pa\u00eds que anhelamos - El Diario - Bolivia","isPartOf":{"@id":"https:\/\/www.eldiario.net\/portal\/#website"},"primaryImageOfPage":{"@id":"https:\/\/www.eldiario.net\/portal\/2024\/05\/29\/el-pais-que-anhelamos\/#primaryimage"},"image":{"@id":"https:\/\/www.eldiario.net\/portal\/2024\/05\/29\/el-pais-que-anhelamos\/#primaryimage"},"thumbnailUrl":"https:\/\/www.eldiario.net\/portal\/wp-content\/uploads\/2023\/07\/Rolando-Coteja-Mollo2.jpg","datePublished":"2024-05-29T09:49:00+00:00","breadcrumb":{"@id":"https:\/\/www.eldiario.net\/portal\/2024\/05\/29\/el-pais-que-anhelamos\/#breadcrumb"},"inLanguage":"es","potentialAction":[{"@type":"ReadAction","target":["https:\/\/www.eldiario.net\/portal\/2024\/05\/29\/el-pais-que-anhelamos\/"]}]},{"@type":"ImageObject","inLanguage":"es","@id":"https:\/\/www.eldiario.net\/portal\/2024\/05\/29\/el-pais-que-anhelamos\/#primaryimage","url":"https:\/\/www.eldiario.net\/portal\/wp-content\/uploads\/2023\/07\/Rolando-Coteja-Mollo2.jpg","contentUrl":"https:\/\/www.eldiario.net\/portal\/wp-content\/uploads\/2023\/07\/Rolando-Coteja-Mollo2.jpg","width":1200,"height":628,"caption":"Rolando Coteja Mollo"},{"@type":"BreadcrumbList","@id":"https:\/\/www.eldiario.net\/portal\/2024\/05\/29\/el-pais-que-anhelamos\/#breadcrumb","itemListElement":[{"@type":"ListItem","position":1,"name":"Portada","item":"https:\/\/www.eldiario.net\/portal\/"},{"@type":"ListItem","position":2,"name":"El pa\u00eds que anhelamos"}]},{"@type":"WebSite","@id":"https:\/\/www.eldiario.net\/portal\/#website","url":"https:\/\/www.eldiario.net\/portal\/","name":"El Diario - Decano de la prensa nacional","description":"El Diario - Decano de la prensa nacional","publisher":{"@id":"https:\/\/www.eldiario.net\/portal\/#organization"},"potentialAction":[{"@type":"SearchAction","target":{"@type":"EntryPoint","urlTemplate":"https:\/\/www.eldiario.net\/portal\/?s={search_term_string}"},"query-input":{"@type":"PropertyValueSpecification","valueRequired":true,"valueName":"search_term_string"}}],"inLanguage":"es"},{"@type":"Organization","@id":"https:\/\/www.eldiario.net\/portal\/#organization","name":"El Diario - Decano de la prensa nacional","url":"https:\/\/www.eldiario.net\/portal\/","logo":{"@type":"ImageObject","inLanguage":"es","@id":"https:\/\/www.eldiario.net\/portal\/#\/schema\/logo\/image\/","url":"https:\/\/www.eldiario.net\/portal\/wp-content\/uploads\/2023\/07\/logo_ED.jpg","contentUrl":"https:\/\/www.eldiario.net\/portal\/wp-content\/uploads\/2023\/07\/logo_ED.jpg","width":272,"height":52,"caption":"El Diario - Decano de la prensa nacional"},"image":{"@id":"https:\/\/www.eldiario.net\/portal\/#\/schema\/logo\/image\/"},"sameAs":["https:\/\/www.facebook.com\/eldiario.bolivia\/","https:\/\/x.com\/eldiario_net"]},{"@type":"Person","@id":"https:\/\/www.eldiario.net\/portal\/#\/schema\/person\/f46445640444750d7d753ccd04ae01b7","name":"Jeanette","image":{"@type":"ImageObject","inLanguage":"es","@id":"https:\/\/secure.gravatar.com\/avatar\/3ea2118a5f7dad2b7138b1187a6b7ee55f160b9968b66013c3a3ef39dd7e5798?s=96&d=mm&r=g","url":"https:\/\/secure.gravatar.com\/avatar\/3ea2118a5f7dad2b7138b1187a6b7ee55f160b9968b66013c3a3ef39dd7e5798?s=96&d=mm&r=g","contentUrl":"https:\/\/secure.gravatar.com\/avatar\/3ea2118a5f7dad2b7138b1187a6b7ee55f160b9968b66013c3a3ef39dd7e5798?s=96&d=mm&r=g","caption":"Jeanette"},"sameAs":["https:\/\/www.eldiario.net\/portal"],"url":"https:\/\/www.eldiario.net\/portal\/author\/jeanette\/"}]}},"_links":{"self":[{"href":"https:\/\/www.eldiario.net\/portal\/wp-json\/wp\/v2\/posts\/223691","targetHints":{"allow":["GET"]}}],"collection":[{"href":"https:\/\/www.eldiario.net\/portal\/wp-json\/wp\/v2\/posts"}],"about":[{"href":"https:\/\/www.eldiario.net\/portal\/wp-json\/wp\/v2\/types\/post"}],"author":[{"embeddable":true,"href":"https:\/\/www.eldiario.net\/portal\/wp-json\/wp\/v2\/users\/1"}],"replies":[{"embeddable":true,"href":"https:\/\/www.eldiario.net\/portal\/wp-json\/wp\/v2\/comments?post=223691"}],"version-history":[{"count":1,"href":"https:\/\/www.eldiario.net\/portal\/wp-json\/wp\/v2\/posts\/223691\/revisions"}],"predecessor-version":[{"id":223692,"href":"https:\/\/www.eldiario.net\/portal\/wp-json\/wp\/v2\/posts\/223691\/revisions\/223692"}],"wp:featuredmedia":[{"embeddable":true,"href":"https:\/\/www.eldiario.net\/portal\/wp-json\/wp\/v2\/media\/163307"}],"wp:attachment":[{"href":"https:\/\/www.eldiario.net\/portal\/wp-json\/wp\/v2\/media?parent=223691"}],"wp:term":[{"taxonomy":"category","embeddable":true,"href":"https:\/\/www.eldiario.net\/portal\/wp-json\/wp\/v2\/categories?post=223691"},{"taxonomy":"post_tag","embeddable":true,"href":"https:\/\/www.eldiario.net\/portal\/wp-json\/wp\/v2\/tags?post=223691"}],"curies":[{"name":"wp","href":"https:\/\/api.w.org\/{rel}","templated":true}]}}