{"id":223689,"date":"2024-05-29T05:48:38","date_gmt":"2024-05-29T09:48:38","guid":{"rendered":"https:\/\/www.eldiario.net\/portal\/?p=223689"},"modified":"2024-05-29T05:48:38","modified_gmt":"2024-05-29T09:48:38","slug":"quien-no-se-rie-de-comunidad-ciudadana","status":"publish","type":"post","link":"https:\/\/www.eldiario.net\/portal\/2024\/05\/29\/quien-no-se-rie-de-comunidad-ciudadana\/","title":{"rendered":"Qui\u00e9n no se r\u00ede de Comunidad Ciudadana"},"content":{"rendered":"<p>Muchas veces lo dije y lo vuelvo a afirmar, Comunidad Ciudadana es el mejor aliado del MAS, su ineptitud pol\u00edtica los hace los perfectos opositores; sumado a esto, la principal corriente defendida dentro de esta alianza es la social-democracia, en otras palabras, el \u201csocialismo europeo\u201d, algo que no tiene cabida en el pa\u00eds.<br \/>\nRecientemente escrib\u00ed un art\u00edculo sobre estos \u201csocialistas europeos\u201d y como es evidente su desentendimiento con las necesidades de Bolivia y su gente. Adem\u00e1s de apoyar al nefasto progresismo, estos social-dem\u00f3cratas no ofrecen propuestas coherentes y satisfactorias para responder a los problemas estructurales de nuestro pa\u00eds.<br \/>\nParte del declive de la pol\u00edtica en Bolivia es por culpa de la oposici\u00f3n, la que con Comunidad Ciudadana es inexistente o pr\u00e1cticamente sin\u00f3nimo de bochorno.<br \/>\nSi bien CC tiene algunos legisladores a los cuales podemos \u201cdestacar\u201d, muchos de \u00e9stos nada aportan y solo son funcionales al masismo. No por nada el MAS realiza con m\u00e1s regularidad acciones descaradas que dejan en constante caos al pa\u00eds (sin ir lejos, los auto prorrogados). La gran pregunta que debemos hacernos es cu\u00e1ntas veces le han visto la cara a Comunidad Ciudadana a lo largo de la actual gesti\u00f3n del MAS; para m\u00ed esta pregunta se responde con \u201cuna infinidad de veces\u201d.<br \/>\nLo m\u00e1s pat\u00e9tico fue lo ocurrido con la aprobaci\u00f3n de pr\u00e9stamos y las elecciones judiciales; CC pact\u00f3 elecciones judiciales a cambio de aprobar pr\u00e9stamos, algo que de por si nos muestra su poca vocaci\u00f3n para evitar el endeudamiento, despilfarro y bienestar econ\u00f3mico de los bolivianos. No es que CC se opuso a los cr\u00e9ditos \u201cpor amor a Bolivia\u201d, si no que \u00e9stos iban a aprobar m\u00faltiples cr\u00e9ditos a cambio de elecciones judiciales, algo muy oscuro, deuda a cambio de justicia, en ambas situaciones los bolivianos salen perdiendo.<br \/>\nQue no haya elecciones judiciales es por la ineptitud y falta de acci\u00f3n de CC, toda su gesti\u00f3n no hizo m\u00e1s que ser c\u00f3mplice de las artima\u00f1as del masismo. Empero, la gente de CC peca de mucha ingenuidad, era evidente que el MAS no iba a cumplir con las elecciones judiciales, pero s\u00ed lograr la obtenci\u00f3n de cr\u00e9ditos, pese a que las formas terminaron siendo bruscas. La conclusi\u00f3n es que le vieron la cara a Comunidad Ciudadana una vez m\u00e1s.<br \/>\nLos bolivianos deben preguntarse por qu\u00e9 el MAS en las \u00faltimas dos gestiones ha hecho \u201clo que le ha dado la gana\u201d. Pr\u00e1cticamente es por la ineptitud de las principales fuerzas opositoras.<br \/>\nEn la \u00faltima gesti\u00f3n de Evo Morales, se sinti\u00f3 la debilidad de los \u201cdem\u00f3cratas\u201d, mucho no se pod\u00eda hacer por el hecho de que 2\/3 del legislativo eran del MAS, pero nadie quita la falta de iniciativa y de estrategia pol\u00edtica por parte de los dem\u00f3cratas, lo que se tradujo en el fracaso estrepitoso de \u00e9stos en 2019.<br \/>\nCon Comunidad Ciudadana hay un panorama pol\u00edtico m\u00e1s favorable, el MAS ya no cuenta con los 2\/3 necesarios y adem\u00e1s hay una fuerte divisi\u00f3n entre evistas y arcistas; con todo esto, la oposici\u00f3n tiene escenario perfecto para evitar las \u201coscuras jugadas\u201d del masismo. Pese a esto, CC es la oposici\u00f3n m\u00e1s funcional que puede existir.<br \/>\nComo dije antes, todo el mundo le ve la cara a Comunidad Ciudadana y durante toda su gesti\u00f3n, no han tenido alg\u00fan logro notable. Si el MAS est\u00e1 destruyendo el pa\u00eds, es por culpa de la oposici\u00f3n, ni siquiera s\u00e9 si es \u201csensato\u201d denominarla oposici\u00f3n.<br \/>\nLos bolivianos quieren opciones coherentes y tambi\u00e9n ideas pol\u00edticas que respondan a los problemas estructurales que vivimos, se debe crear un programa de gobierno que se enfoque en responder a los pilares econ\u00f3mico, pol\u00edtico y social de manera satisfactoria. Bolivia necesita opciones patriotas que le den en el mundo el lugar que merece, ya fue suficiente con la mediocridad.<br \/>\nPor amor a la naci\u00f3n, Comunidad Ciudadana y su gente nunca m\u00e1s deben ser considerados alternativa pol\u00edtica y deben dar un paso al costado en las pr\u00f3ximas elecciones.<\/p>\n","protected":false},"excerpt":{"rendered":"<p>Muchas veces lo dije y lo vuelvo a afirmar, Comunidad Ciudadana es el mejor aliado del MAS, su ineptitud pol\u00edtica los hace los perfectos opositores; sumado a esto, la principal corriente defendida dentro de esta alianza es la social-democracia, en otras palabras, el \u201csocialismo europeo\u201d, algo que no tiene cabida en el pa\u00eds. Recientemente escrib\u00ed [&hellip;]<\/p>\n","protected":false},"author":1,"featured_media":161834,"comment_status":"open","ping_status":"open","sticky":false,"template":"","format":"standard","meta":{"_acf_changed":false,"footnotes":""},"categories":[9],"tags":[],"class_list":["post-223689","post","type-post","status-publish","format-standard","has-post-thumbnail","category-opinion"],"acf":{"antetitulo":""},"yoast_head":"<!-- This site is optimized with the Yoast SEO plugin v28.4 - https:\/\/yoast.com\/product\/yoast-seo-wordpress\/ -->\n<title>Qui\u00e9n no se r\u00ede de Comunidad Ciudadana - El Diario - Bolivia<\/title>\n<meta name=\"robots\" content=\"index, follow, max-snippet:-1, max-image-preview:large, max-video-preview:-1\" \/>\n<link rel=\"canonical\" href=\"https:\/\/www.eldiario.net\/portal\/2024\/05\/29\/quien-no-se-rie-de-comunidad-ciudadana\/\" \/>\n<meta property=\"og:locale\" content=\"es_ES\" \/>\n<meta property=\"og:type\" content=\"article\" \/>\n<meta property=\"og:title\" content=\"Qui\u00e9n no se r\u00ede de Comunidad Ciudadana - El Diario - Bolivia\" \/>\n<meta property=\"og:description\" content=\"Muchas veces lo dije y lo vuelvo a afirmar, Comunidad Ciudadana es el mejor aliado del MAS, su ineptitud pol\u00edtica los hace los perfectos opositores; sumado a esto, la principal corriente defendida dentro de esta alianza es la social-democracia, en otras palabras, el \u201csocialismo europeo\u201d, algo que no tiene cabida en el pa\u00eds. Recientemente escrib\u00ed [&hellip;]\" \/>\n<meta property=\"og:url\" content=\"https:\/\/www.eldiario.net\/portal\/2024\/05\/29\/quien-no-se-rie-de-comunidad-ciudadana\/\" \/>\n<meta property=\"og:site_name\" content=\"El Diario - Bolivia\" \/>\n<meta property=\"article:publisher\" content=\"https:\/\/www.facebook.com\/eldiario.bolivia\/\" \/>\n<meta property=\"article:published_time\" content=\"2024-05-29T09:48:38+00:00\" \/>\n<meta property=\"og:image\" content=\"https:\/\/www.eldiario.net\/portal\/wp-content\/uploads\/2023\/06\/Fabian-Freire.jpg\" \/>\n\t<meta property=\"og:image:width\" content=\"1200\" \/>\n\t<meta property=\"og:image:height\" content=\"628\" \/>\n\t<meta property=\"og:image:type\" content=\"image\/jpeg\" \/>\n<meta name=\"author\" content=\"Jeanette\" \/>\n<meta name=\"twitter:card\" content=\"summary_large_image\" \/>\n<meta name=\"twitter:creator\" content=\"@eldiario_net\" \/>\n<meta name=\"twitter:site\" content=\"@eldiario_net\" \/>\n<meta name=\"twitter:label1\" content=\"Escrito por\" \/>\n\t<meta name=\"twitter:data1\" content=\"Jeanette\" \/>\n\t<meta name=\"twitter:label2\" content=\"Tiempo de lectura\" \/>\n\t<meta name=\"twitter:data2\" content=\"4 minutos\" \/>\n<script type=\"application\/ld+json\" class=\"yoast-schema-graph\">{\"@context\":\"https:\\\/\\\/schema.org\",\"@graph\":[{\"@type\":\"Article\",\"@id\":\"https:\\\/\\\/www.eldiario.net\\\/portal\\\/2024\\\/05\\\/29\\\/quien-no-se-rie-de-comunidad-ciudadana\\\/#article\",\"isPartOf\":{\"@id\":\"https:\\\/\\\/www.eldiario.net\\\/portal\\\/2024\\\/05\\\/29\\\/quien-no-se-rie-de-comunidad-ciudadana\\\/\"},\"author\":{\"name\":\"Jeanette\",\"@id\":\"https:\\\/\\\/www.eldiario.net\\\/portal\\\/#\\\/schema\\\/person\\\/f46445640444750d7d753ccd04ae01b7\"},\"headline\":\"Qui\u00e9n no se r\u00ede de Comunidad Ciudadana\",\"datePublished\":\"2024-05-29T09:48:38+00:00\",\"mainEntityOfPage\":{\"@id\":\"https:\\\/\\\/www.eldiario.net\\\/portal\\\/2024\\\/05\\\/29\\\/quien-no-se-rie-de-comunidad-ciudadana\\\/\"},\"wordCount\":716,\"commentCount\":0,\"publisher\":{\"@id\":\"https:\\\/\\\/www.eldiario.net\\\/portal\\\/#organization\"},\"image\":{\"@id\":\"https:\\\/\\\/www.eldiario.net\\\/portal\\\/2024\\\/05\\\/29\\\/quien-no-se-rie-de-comunidad-ciudadana\\\/#primaryimage\"},\"thumbnailUrl\":\"https:\\\/\\\/www.eldiario.net\\\/portal\\\/wp-content\\\/uploads\\\/2023\\\/06\\\/Fabian-Freire.jpg\",\"articleSection\":[\"Opini\u00f3n\"],\"inLanguage\":\"es\",\"potentialAction\":[{\"@type\":\"CommentAction\",\"name\":\"Comment\",\"target\":[\"https:\\\/\\\/www.eldiario.net\\\/portal\\\/2024\\\/05\\\/29\\\/quien-no-se-rie-de-comunidad-ciudadana\\\/#respond\"]}]},{\"@type\":\"WebPage\",\"@id\":\"https:\\\/\\\/www.eldiario.net\\\/portal\\\/2024\\\/05\\\/29\\\/quien-no-se-rie-de-comunidad-ciudadana\\\/\",\"url\":\"https:\\\/\\\/www.eldiario.net\\\/portal\\\/2024\\\/05\\\/29\\\/quien-no-se-rie-de-comunidad-ciudadana\\\/\",\"name\":\"Qui\u00e9n no se r\u00ede de Comunidad Ciudadana - El Diario - Bolivia\",\"isPartOf\":{\"@id\":\"https:\\\/\\\/www.eldiario.net\\\/portal\\\/#website\"},\"primaryImageOfPage\":{\"@id\":\"https:\\\/\\\/www.eldiario.net\\\/portal\\\/2024\\\/05\\\/29\\\/quien-no-se-rie-de-comunidad-ciudadana\\\/#primaryimage\"},\"image\":{\"@id\":\"https:\\\/\\\/www.eldiario.net\\\/portal\\\/2024\\\/05\\\/29\\\/quien-no-se-rie-de-comunidad-ciudadana\\\/#primaryimage\"},\"thumbnailUrl\":\"https:\\\/\\\/www.eldiario.net\\\/portal\\\/wp-content\\\/uploads\\\/2023\\\/06\\\/Fabian-Freire.jpg\",\"datePublished\":\"2024-05-29T09:48:38+00:00\",\"breadcrumb\":{\"@id\":\"https:\\\/\\\/www.eldiario.net\\\/portal\\\/2024\\\/05\\\/29\\\/quien-no-se-rie-de-comunidad-ciudadana\\\/#breadcrumb\"},\"inLanguage\":\"es\",\"potentialAction\":[{\"@type\":\"ReadAction\",\"target\":[\"https:\\\/\\\/www.eldiario.net\\\/portal\\\/2024\\\/05\\\/29\\\/quien-no-se-rie-de-comunidad-ciudadana\\\/\"]}]},{\"@type\":\"ImageObject\",\"inLanguage\":\"es\",\"@id\":\"https:\\\/\\\/www.eldiario.net\\\/portal\\\/2024\\\/05\\\/29\\\/quien-no-se-rie-de-comunidad-ciudadana\\\/#primaryimage\",\"url\":\"https:\\\/\\\/www.eldiario.net\\\/portal\\\/wp-content\\\/uploads\\\/2023\\\/06\\\/Fabian-Freire.jpg\",\"contentUrl\":\"https:\\\/\\\/www.eldiario.net\\\/portal\\\/wp-content\\\/uploads\\\/2023\\\/06\\\/Fabian-Freire.jpg\",\"width\":1200,\"height\":628,\"caption\":\"Fabian Freire\"},{\"@type\":\"BreadcrumbList\",\"@id\":\"https:\\\/\\\/www.eldiario.net\\\/portal\\\/2024\\\/05\\\/29\\\/quien-no-se-rie-de-comunidad-ciudadana\\\/#breadcrumb\",\"itemListElement\":[{\"@type\":\"ListItem\",\"position\":1,\"name\":\"Portada\",\"item\":\"https:\\\/\\\/www.eldiario.net\\\/portal\\\/\"},{\"@type\":\"ListItem\",\"position\":2,\"name\":\"Qui\u00e9n no se r\u00ede de Comunidad Ciudadana\"}]},{\"@type\":\"WebSite\",\"@id\":\"https:\\\/\\\/www.eldiario.net\\\/portal\\\/#website\",\"url\":\"https:\\\/\\\/www.eldiario.net\\\/portal\\\/\",\"name\":\"El Diario - Decano de la prensa nacional\",\"description\":\"El Diario - Decano de la prensa nacional\",\"publisher\":{\"@id\":\"https:\\\/\\\/www.eldiario.net\\\/portal\\\/#organization\"},\"potentialAction\":[{\"@type\":\"SearchAction\",\"target\":{\"@type\":\"EntryPoint\",\"urlTemplate\":\"https:\\\/\\\/www.eldiario.net\\\/portal\\\/?s={search_term_string}\"},\"query-input\":{\"@type\":\"PropertyValueSpecification\",\"valueRequired\":true,\"valueName\":\"search_term_string\"}}],\"inLanguage\":\"es\"},{\"@type\":\"Organization\",\"@id\":\"https:\\\/\\\/www.eldiario.net\\\/portal\\\/#organization\",\"name\":\"El Diario - Decano de la prensa nacional\",\"url\":\"https:\\\/\\\/www.eldiario.net\\\/portal\\\/\",\"logo\":{\"@type\":\"ImageObject\",\"inLanguage\":\"es\",\"@id\":\"https:\\\/\\\/www.eldiario.net\\\/portal\\\/#\\\/schema\\\/logo\\\/image\\\/\",\"url\":\"https:\\\/\\\/www.eldiario.net\\\/portal\\\/wp-content\\\/uploads\\\/2023\\\/07\\\/logo_ED.jpg\",\"contentUrl\":\"https:\\\/\\\/www.eldiario.net\\\/portal\\\/wp-content\\\/uploads\\\/2023\\\/07\\\/logo_ED.jpg\",\"width\":272,\"height\":52,\"caption\":\"El Diario - Decano de la prensa nacional\"},\"image\":{\"@id\":\"https:\\\/\\\/www.eldiario.net\\\/portal\\\/#\\\/schema\\\/logo\\\/image\\\/\"},\"sameAs\":[\"https:\\\/\\\/www.facebook.com\\\/eldiario.bolivia\\\/\",\"https:\\\/\\\/x.com\\\/eldiario_net\"]},{\"@type\":\"Person\",\"@id\":\"https:\\\/\\\/www.eldiario.net\\\/portal\\\/#\\\/schema\\\/person\\\/f46445640444750d7d753ccd04ae01b7\",\"name\":\"Jeanette\",\"image\":{\"@type\":\"ImageObject\",\"inLanguage\":\"es\",\"@id\":\"https:\\\/\\\/secure.gravatar.com\\\/avatar\\\/3ea2118a5f7dad2b7138b1187a6b7ee55f160b9968b66013c3a3ef39dd7e5798?s=96&d=mm&r=g\",\"url\":\"https:\\\/\\\/secure.gravatar.com\\\/avatar\\\/3ea2118a5f7dad2b7138b1187a6b7ee55f160b9968b66013c3a3ef39dd7e5798?s=96&d=mm&r=g\",\"contentUrl\":\"https:\\\/\\\/secure.gravatar.com\\\/avatar\\\/3ea2118a5f7dad2b7138b1187a6b7ee55f160b9968b66013c3a3ef39dd7e5798?s=96&d=mm&r=g\",\"caption\":\"Jeanette\"},\"sameAs\":[\"https:\\\/\\\/www.eldiario.net\\\/portal\"],\"url\":\"https:\\\/\\\/www.eldiario.net\\\/portal\\\/author\\\/jeanette\\\/\"}]}<\/script>\n<!-- \/ Yoast SEO plugin. -->","yoast_head_json":{"title":"Qui\u00e9n no se r\u00ede de Comunidad Ciudadana - El Diario - Bolivia","robots":{"index":"index","follow":"follow","max-snippet":"max-snippet:-1","max-image-preview":"max-image-preview:large","max-video-preview":"max-video-preview:-1"},"canonical":"https:\/\/www.eldiario.net\/portal\/2024\/05\/29\/quien-no-se-rie-de-comunidad-ciudadana\/","og_locale":"es_ES","og_type":"article","og_title":"Qui\u00e9n no se r\u00ede de Comunidad Ciudadana - El Diario - Bolivia","og_description":"Muchas veces lo dije y lo vuelvo a afirmar, Comunidad Ciudadana es el mejor aliado del MAS, su ineptitud pol\u00edtica los hace los perfectos opositores; sumado a esto, la principal corriente defendida dentro de esta alianza es la social-democracia, en otras palabras, el \u201csocialismo europeo\u201d, algo que no tiene cabida en el pa\u00eds. Recientemente escrib\u00ed [&hellip;]","og_url":"https:\/\/www.eldiario.net\/portal\/2024\/05\/29\/quien-no-se-rie-de-comunidad-ciudadana\/","og_site_name":"El Diario - Bolivia","article_publisher":"https:\/\/www.facebook.com\/eldiario.bolivia\/","article_published_time":"2024-05-29T09:48:38+00:00","og_image":[{"width":1200,"height":628,"url":"https:\/\/www.eldiario.net\/portal\/wp-content\/uploads\/2023\/06\/Fabian-Freire.jpg","type":"image\/jpeg"}],"author":"Jeanette","twitter_card":"summary_large_image","twitter_creator":"@eldiario_net","twitter_site":"@eldiario_net","twitter_misc":{"Escrito por":"Jeanette","Tiempo de lectura":"4 minutos"},"schema":{"@context":"https:\/\/schema.org","@graph":[{"@type":"Article","@id":"https:\/\/www.eldiario.net\/portal\/2024\/05\/29\/quien-no-se-rie-de-comunidad-ciudadana\/#article","isPartOf":{"@id":"https:\/\/www.eldiario.net\/portal\/2024\/05\/29\/quien-no-se-rie-de-comunidad-ciudadana\/"},"author":{"name":"Jeanette","@id":"https:\/\/www.eldiario.net\/portal\/#\/schema\/person\/f46445640444750d7d753ccd04ae01b7"},"headline":"Qui\u00e9n no se r\u00ede de Comunidad Ciudadana","datePublished":"2024-05-29T09:48:38+00:00","mainEntityOfPage":{"@id":"https:\/\/www.eldiario.net\/portal\/2024\/05\/29\/quien-no-se-rie-de-comunidad-ciudadana\/"},"wordCount":716,"commentCount":0,"publisher":{"@id":"https:\/\/www.eldiario.net\/portal\/#organization"},"image":{"@id":"https:\/\/www.eldiario.net\/portal\/2024\/05\/29\/quien-no-se-rie-de-comunidad-ciudadana\/#primaryimage"},"thumbnailUrl":"https:\/\/www.eldiario.net\/portal\/wp-content\/uploads\/2023\/06\/Fabian-Freire.jpg","articleSection":["Opini\u00f3n"],"inLanguage":"es","potentialAction":[{"@type":"CommentAction","name":"Comment","target":["https:\/\/www.eldiario.net\/portal\/2024\/05\/29\/quien-no-se-rie-de-comunidad-ciudadana\/#respond"]}]},{"@type":"WebPage","@id":"https:\/\/www.eldiario.net\/portal\/2024\/05\/29\/quien-no-se-rie-de-comunidad-ciudadana\/","url":"https:\/\/www.eldiario.net\/portal\/2024\/05\/29\/quien-no-se-rie-de-comunidad-ciudadana\/","name":"Qui\u00e9n no se r\u00ede de Comunidad Ciudadana - El Diario - Bolivia","isPartOf":{"@id":"https:\/\/www.eldiario.net\/portal\/#website"},"primaryImageOfPage":{"@id":"https:\/\/www.eldiario.net\/portal\/2024\/05\/29\/quien-no-se-rie-de-comunidad-ciudadana\/#primaryimage"},"image":{"@id":"https:\/\/www.eldiario.net\/portal\/2024\/05\/29\/quien-no-se-rie-de-comunidad-ciudadana\/#primaryimage"},"thumbnailUrl":"https:\/\/www.eldiario.net\/portal\/wp-content\/uploads\/2023\/06\/Fabian-Freire.jpg","datePublished":"2024-05-29T09:48:38+00:00","breadcrumb":{"@id":"https:\/\/www.eldiario.net\/portal\/2024\/05\/29\/quien-no-se-rie-de-comunidad-ciudadana\/#breadcrumb"},"inLanguage":"es","potentialAction":[{"@type":"ReadAction","target":["https:\/\/www.eldiario.net\/portal\/2024\/05\/29\/quien-no-se-rie-de-comunidad-ciudadana\/"]}]},{"@type":"ImageObject","inLanguage":"es","@id":"https:\/\/www.eldiario.net\/portal\/2024\/05\/29\/quien-no-se-rie-de-comunidad-ciudadana\/#primaryimage","url":"https:\/\/www.eldiario.net\/portal\/wp-content\/uploads\/2023\/06\/Fabian-Freire.jpg","contentUrl":"https:\/\/www.eldiario.net\/portal\/wp-content\/uploads\/2023\/06\/Fabian-Freire.jpg","width":1200,"height":628,"caption":"Fabian Freire"},{"@type":"BreadcrumbList","@id":"https:\/\/www.eldiario.net\/portal\/2024\/05\/29\/quien-no-se-rie-de-comunidad-ciudadana\/#breadcrumb","itemListElement":[{"@type":"ListItem","position":1,"name":"Portada","item":"https:\/\/www.eldiario.net\/portal\/"},{"@type":"ListItem","position":2,"name":"Qui\u00e9n no se r\u00ede de Comunidad Ciudadana"}]},{"@type":"WebSite","@id":"https:\/\/www.eldiario.net\/portal\/#website","url":"https:\/\/www.eldiario.net\/portal\/","name":"El Diario - Decano de la prensa nacional","description":"El Diario - Decano de la prensa nacional","publisher":{"@id":"https:\/\/www.eldiario.net\/portal\/#organization"},"potentialAction":[{"@type":"SearchAction","target":{"@type":"EntryPoint","urlTemplate":"https:\/\/www.eldiario.net\/portal\/?s={search_term_string}"},"query-input":{"@type":"PropertyValueSpecification","valueRequired":true,"valueName":"search_term_string"}}],"inLanguage":"es"},{"@type":"Organization","@id":"https:\/\/www.eldiario.net\/portal\/#organization","name":"El Diario - Decano de la prensa nacional","url":"https:\/\/www.eldiario.net\/portal\/","logo":{"@type":"ImageObject","inLanguage":"es","@id":"https:\/\/www.eldiario.net\/portal\/#\/schema\/logo\/image\/","url":"https:\/\/www.eldiario.net\/portal\/wp-content\/uploads\/2023\/07\/logo_ED.jpg","contentUrl":"https:\/\/www.eldiario.net\/portal\/wp-content\/uploads\/2023\/07\/logo_ED.jpg","width":272,"height":52,"caption":"El Diario - Decano de la prensa nacional"},"image":{"@id":"https:\/\/www.eldiario.net\/portal\/#\/schema\/logo\/image\/"},"sameAs":["https:\/\/www.facebook.com\/eldiario.bolivia\/","https:\/\/x.com\/eldiario_net"]},{"@type":"Person","@id":"https:\/\/www.eldiario.net\/portal\/#\/schema\/person\/f46445640444750d7d753ccd04ae01b7","name":"Jeanette","image":{"@type":"ImageObject","inLanguage":"es","@id":"https:\/\/secure.gravatar.com\/avatar\/3ea2118a5f7dad2b7138b1187a6b7ee55f160b9968b66013c3a3ef39dd7e5798?s=96&d=mm&r=g","url":"https:\/\/secure.gravatar.com\/avatar\/3ea2118a5f7dad2b7138b1187a6b7ee55f160b9968b66013c3a3ef39dd7e5798?s=96&d=mm&r=g","contentUrl":"https:\/\/secure.gravatar.com\/avatar\/3ea2118a5f7dad2b7138b1187a6b7ee55f160b9968b66013c3a3ef39dd7e5798?s=96&d=mm&r=g","caption":"Jeanette"},"sameAs":["https:\/\/www.eldiario.net\/portal"],"url":"https:\/\/www.eldiario.net\/portal\/author\/jeanette\/"}]}},"_links":{"self":[{"href":"https:\/\/www.eldiario.net\/portal\/wp-json\/wp\/v2\/posts\/223689","targetHints":{"allow":["GET"]}}],"collection":[{"href":"https:\/\/www.eldiario.net\/portal\/wp-json\/wp\/v2\/posts"}],"about":[{"href":"https:\/\/www.eldiario.net\/portal\/wp-json\/wp\/v2\/types\/post"}],"author":[{"embeddable":true,"href":"https:\/\/www.eldiario.net\/portal\/wp-json\/wp\/v2\/users\/1"}],"replies":[{"embeddable":true,"href":"https:\/\/www.eldiario.net\/portal\/wp-json\/wp\/v2\/comments?post=223689"}],"version-history":[{"count":1,"href":"https:\/\/www.eldiario.net\/portal\/wp-json\/wp\/v2\/posts\/223689\/revisions"}],"predecessor-version":[{"id":223690,"href":"https:\/\/www.eldiario.net\/portal\/wp-json\/wp\/v2\/posts\/223689\/revisions\/223690"}],"wp:featuredmedia":[{"embeddable":true,"href":"https:\/\/www.eldiario.net\/portal\/wp-json\/wp\/v2\/media\/161834"}],"wp:attachment":[{"href":"https:\/\/www.eldiario.net\/portal\/wp-json\/wp\/v2\/media?parent=223689"}],"wp:term":[{"taxonomy":"category","embeddable":true,"href":"https:\/\/www.eldiario.net\/portal\/wp-json\/wp\/v2\/categories?post=223689"},{"taxonomy":"post_tag","embeddable":true,"href":"https:\/\/www.eldiario.net\/portal\/wp-json\/wp\/v2\/tags?post=223689"}],"curies":[{"name":"wp","href":"https:\/\/api.w.org\/{rel}","templated":true}]}}