{"id":223681,"date":"2024-05-29T05:47:10","date_gmt":"2024-05-29T09:47:10","guid":{"rendered":"https:\/\/www.eldiario.net\/portal\/?p=223681"},"modified":"2024-05-29T05:47:10","modified_gmt":"2024-05-29T09:47:10","slug":"4-factores-causan-bajas-regalias-por-el-oro-y-casi-nula-inversion","status":"publish","type":"post","link":"https:\/\/www.eldiario.net\/portal\/2024\/05\/29\/4-factores-causan-bajas-regalias-por-el-oro-y-casi-nula-inversion\/","title":{"rendered":"4 factores causan bajas regal\u00edas por el oro y casi nula inversi\u00f3n"},"content":{"rendered":"<p>La falta de reacci\u00f3n oportuna ante los cambios en precios internacionales, falta de incentivo para las inversiones privadas y consecuente falta de exploraci\u00f3n minera, y la ausencia de reformas estructurales a la Ley Minera, son los factores claves para que, a pesar de haber ascendido en exportaciones de oro, el valor total de las exportaciones de minerales de 2023 haya ca\u00eddo, en comparaci\u00f3n con lo alcanzado en 2022.<br \/>\nBolivia tiene reducida al m\u00ednimo su exploraci\u00f3n minera tras la reducci\u00f3n de la miner\u00eda mediana, que se presenta hace a\u00f1os. La necesidad de reformas estructurales se hace urgente para evitar que Bolivia pierda su potencial minero.<br \/>\nAunque el oro alcanza precios hist\u00f3ricos, el valor de lo exportado sigue disminuyendo. En 2023, el valor de las exportaciones mineras (5.700,4 millones de d\u00f3lares) cay\u00f3 en 988,5 millones en comparaci\u00f3n con la gesti\u00f3n anterior (6.688,9 millones de d\u00f3lares). As\u00ed lo revela el Anuario Estad\u00edstico 2023, publicado por el Ministerio de Miner\u00eda y Metalurgia.<br \/>\nAnte ese panorama, la necesidad de reformas estructurales se hace evidente, como tambi\u00e9n la urgencia de pol\u00edticas que fomenten la inversi\u00f3n extranjera y la exploraci\u00f3n minera. Lo sostiene el experto Pablo Villegas, quien hace d\u00e9cadas se especializa en recopilar, analizar, comparar y comprender datos sobre la evoluci\u00f3n de la miner\u00eda, tambi\u00e9n destaca lo que se hace en Chile para describir el porqu\u00e9 de una industria minera d\u00e9bil en Bolivia.<br \/>\n\u201c(Chile) Est\u00e1 a la orilla del mar, pr\u00f3ximo a los puertos de exportaci\u00f3n y (tiene) un Estado m\u00e1s eficiente en comparaci\u00f3n con Bolivia, que es un pa\u00eds complicado, con nacionalizaciones, bloqueos e interminables movilizaciones\u201d, explic\u00f3 en una entrevista reciente con el medio de comunicaci\u00f3n Cabildeo. Lament\u00f3 la falta de reacci\u00f3n a tiempo, ante cambios en los precios internacionales y la retirada de empresas del sector mediano.<\/p>\n<p>Falta inversi\u00f3n en exploraci\u00f3n<br \/>\nAdem\u00e1s, la ineficiencia estatal y la falta de incentivos para la inversi\u00f3n extranjera forman parte de los desaf\u00edos significativos para el desarrollo del sector. \u201cEl 2023, en el Plan de Inversiones del Estado y Miner\u00eda, contando todas las exploraciones m\u00ednimas que hay, solo el 3,6% del presupuesto de inversiones va a exploraci\u00f3n. Y en promedio, entre 2015 y 2022, hubo s\u00f3lo 47% de ejecuci\u00f3n; aunque en 2022 solo se lleg\u00f3 al 27%\u201d, enfatiza Villegas.<br \/>\nPor otra parte, la posible reducci\u00f3n en la producci\u00f3n de zinc por parte de San Crist\u00f3bal de aqu\u00ed a 5 o 7 a\u00f1os, plantea inquietudes sobre la recaudaci\u00f3n impositiva y proyectos de infraestructura asociados como el de las refiner\u00edas de zinc en Oruro y Potos\u00ed. Por tanto, surge el urgente cuestionamiento sobre si el Gobierno deber\u00eda invertir m\u00e1s en exploraci\u00f3n minera.<br \/>\nLos barones de la miner\u00eda<br \/>\nEn la actualidad, la miner\u00eda en Bolivia est\u00e1 bajo el dominio de cooperativistas. \u201cLo que pasa con el cooperativismo es complejo, ya que ha habido un cambio estructural en la miner\u00eda, porque las cooperativas se est\u00e1n convirtiendo en las primeras productoras de muchos minerales o est\u00e1n rumbo a eso. Se debe en parte a la salida de grandes empresas del sector mediano. Hubo un cambio radical en la estructura, mientras la producci\u00f3n estatal sigue manteni\u00e9ndose al borde del barranco\u201d, indica Villegas.<br \/>\nSeg\u00fan c\u00e1culos del experto, si los cooperativistas tuvieran que pagar lo que pagan las empresas privadas, se podr\u00eda compensar la p\u00e9rdida de ingresos que est\u00e1 dejando el gas. \u201cM\u00e1s o menos, podemos decir que por cada 100 d\u00f3lares que exportamos de mineral quedan solo unos 7 d\u00f3lares para el pa\u00eds\u201d, afirma.<br \/>\nLas preferencias que favorecen a las cooperativas dejan, incluso, a la miner\u00eda estatal en desventaja. La \u201cinjusticia fiscal\u201d afecta a las empresas estatales como Huanuni. \u201cSi a \u00e9sta empresa le favorecieran con el mismo r\u00e9gimen de cero impuestos y regal\u00edas del 2.5%, que pagan las cooperativas, casi duplicar\u00eda sus ingresos\u201d. Entonces \u2014concluye\u2014, el mismo Estado saquea a las empresas estatales, las convierte en irrentables para favorecer al sector cooperativista.<br \/>\nPero a eso se suma la burocracia que existe en el Gobierno con la aprobaci\u00f3n de nuevos proyectos mineros, que est\u00e1n en el ejecutivo para su an\u00e1lisis y hasta ahora no pasan a la Asamblea para ser aprobados.<br \/>\nLos avasallamientos e inseguridad jur\u00eddica son temas sin resolver, lo que aleja a la inversi\u00f3n privada en el pa\u00eds.<\/p>\n<p>&nbsp;<\/p>\n","protected":false},"excerpt":{"rendered":"<p>La falta de reacci\u00f3n oportuna ante los cambios en precios internacionales, falta de incentivo para las inversiones privadas y consecuente falta de exploraci\u00f3n minera, y la ausencia de reformas estructurales a la Ley Minera, son los factores claves para que, a pesar de haber ascendido en exportaciones de oro, el valor total de las exportaciones [&hellip;]<\/p>\n","protected":false},"author":1,"featured_media":223682,"comment_status":"open","ping_status":"open","sticky":false,"template":"","format":"standard","meta":{"_acf_changed":false,"footnotes":""},"categories":[7],"tags":[],"class_list":["post-223681","post","type-post","status-publish","format-standard","has-post-thumbnail","category-economia"],"acf":{"antetitulo":""},"yoast_head":"<!-- This site is optimized with the Yoast SEO plugin v28.4 - https:\/\/yoast.com\/product\/yoast-seo-wordpress\/ -->\n<title>4 factores causan bajas regal\u00edas por el oro y casi nula inversi\u00f3n - El Diario - Bolivia<\/title>\n<meta name=\"robots\" content=\"index, follow, max-snippet:-1, max-image-preview:large, max-video-preview:-1\" \/>\n<link rel=\"canonical\" href=\"https:\/\/www.eldiario.net\/portal\/2024\/05\/29\/4-factores-causan-bajas-regalias-por-el-oro-y-casi-nula-inversion\/\" \/>\n<meta property=\"og:locale\" content=\"es_ES\" \/>\n<meta property=\"og:type\" content=\"article\" \/>\n<meta property=\"og:title\" content=\"4 factores causan bajas regal\u00edas por el oro y casi nula inversi\u00f3n - El Diario - Bolivia\" \/>\n<meta property=\"og:description\" content=\"La falta de reacci\u00f3n oportuna ante los cambios en precios internacionales, falta de incentivo para las inversiones privadas y consecuente falta de exploraci\u00f3n minera, y la ausencia de reformas estructurales a la Ley Minera, son los factores claves para que, a pesar de haber ascendido en exportaciones de oro, el valor total de las exportaciones [&hellip;]\" \/>\n<meta property=\"og:url\" content=\"https:\/\/www.eldiario.net\/portal\/2024\/05\/29\/4-factores-causan-bajas-regalias-por-el-oro-y-casi-nula-inversion\/\" \/>\n<meta property=\"og:site_name\" content=\"El Diario - Bolivia\" \/>\n<meta property=\"article:publisher\" content=\"https:\/\/www.facebook.com\/eldiario.bolivia\/\" \/>\n<meta property=\"article:published_time\" content=\"2024-05-29T09:47:10+00:00\" \/>\n<meta property=\"og:image\" content=\"https:\/\/www.eldiario.net\/portal\/wp-content\/uploads\/2024\/05\/oro-5.jpg\" \/>\n\t<meta property=\"og:image:width\" content=\"600\" \/>\n\t<meta property=\"og:image:height\" content=\"400\" \/>\n\t<meta property=\"og:image:type\" content=\"image\/jpeg\" \/>\n<meta name=\"author\" content=\"Jeanette\" \/>\n<meta name=\"twitter:card\" content=\"summary_large_image\" \/>\n<meta name=\"twitter:creator\" content=\"@eldiario_net\" \/>\n<meta name=\"twitter:site\" content=\"@eldiario_net\" \/>\n<meta name=\"twitter:label1\" content=\"Escrito por\" \/>\n\t<meta name=\"twitter:data1\" content=\"Jeanette\" \/>\n\t<meta name=\"twitter:label2\" content=\"Tiempo de lectura\" \/>\n\t<meta name=\"twitter:data2\" content=\"4 minutos\" \/>\n<script type=\"application\/ld+json\" class=\"yoast-schema-graph\">{\"@context\":\"https:\\\/\\\/schema.org\",\"@graph\":[{\"@type\":\"Article\",\"@id\":\"https:\\\/\\\/www.eldiario.net\\\/portal\\\/2024\\\/05\\\/29\\\/4-factores-causan-bajas-regalias-por-el-oro-y-casi-nula-inversion\\\/#article\",\"isPartOf\":{\"@id\":\"https:\\\/\\\/www.eldiario.net\\\/portal\\\/2024\\\/05\\\/29\\\/4-factores-causan-bajas-regalias-por-el-oro-y-casi-nula-inversion\\\/\"},\"author\":{\"name\":\"Jeanette\",\"@id\":\"https:\\\/\\\/www.eldiario.net\\\/portal\\\/#\\\/schema\\\/person\\\/f46445640444750d7d753ccd04ae01b7\"},\"headline\":\"4 factores causan bajas regal\u00edas por el oro y casi nula inversi\u00f3n\",\"datePublished\":\"2024-05-29T09:47:10+00:00\",\"mainEntityOfPage\":{\"@id\":\"https:\\\/\\\/www.eldiario.net\\\/portal\\\/2024\\\/05\\\/29\\\/4-factores-causan-bajas-regalias-por-el-oro-y-casi-nula-inversion\\\/\"},\"wordCount\":766,\"commentCount\":0,\"publisher\":{\"@id\":\"https:\\\/\\\/www.eldiario.net\\\/portal\\\/#organization\"},\"image\":{\"@id\":\"https:\\\/\\\/www.eldiario.net\\\/portal\\\/2024\\\/05\\\/29\\\/4-factores-causan-bajas-regalias-por-el-oro-y-casi-nula-inversion\\\/#primaryimage\"},\"thumbnailUrl\":\"https:\\\/\\\/www.eldiario.net\\\/portal\\\/wp-content\\\/uploads\\\/2024\\\/05\\\/oro-5.jpg\",\"articleSection\":[\"Econom\u00eda\"],\"inLanguage\":\"es\",\"potentialAction\":[{\"@type\":\"CommentAction\",\"name\":\"Comment\",\"target\":[\"https:\\\/\\\/www.eldiario.net\\\/portal\\\/2024\\\/05\\\/29\\\/4-factores-causan-bajas-regalias-por-el-oro-y-casi-nula-inversion\\\/#respond\"]}]},{\"@type\":\"WebPage\",\"@id\":\"https:\\\/\\\/www.eldiario.net\\\/portal\\\/2024\\\/05\\\/29\\\/4-factores-causan-bajas-regalias-por-el-oro-y-casi-nula-inversion\\\/\",\"url\":\"https:\\\/\\\/www.eldiario.net\\\/portal\\\/2024\\\/05\\\/29\\\/4-factores-causan-bajas-regalias-por-el-oro-y-casi-nula-inversion\\\/\",\"name\":\"4 factores causan bajas regal\u00edas por el oro y casi nula inversi\u00f3n - El Diario - Bolivia\",\"isPartOf\":{\"@id\":\"https:\\\/\\\/www.eldiario.net\\\/portal\\\/#website\"},\"primaryImageOfPage\":{\"@id\":\"https:\\\/\\\/www.eldiario.net\\\/portal\\\/2024\\\/05\\\/29\\\/4-factores-causan-bajas-regalias-por-el-oro-y-casi-nula-inversion\\\/#primaryimage\"},\"image\":{\"@id\":\"https:\\\/\\\/www.eldiario.net\\\/portal\\\/2024\\\/05\\\/29\\\/4-factores-causan-bajas-regalias-por-el-oro-y-casi-nula-inversion\\\/#primaryimage\"},\"thumbnailUrl\":\"https:\\\/\\\/www.eldiario.net\\\/portal\\\/wp-content\\\/uploads\\\/2024\\\/05\\\/oro-5.jpg\",\"datePublished\":\"2024-05-29T09:47:10+00:00\",\"breadcrumb\":{\"@id\":\"https:\\\/\\\/www.eldiario.net\\\/portal\\\/2024\\\/05\\\/29\\\/4-factores-causan-bajas-regalias-por-el-oro-y-casi-nula-inversion\\\/#breadcrumb\"},\"inLanguage\":\"es\",\"potentialAction\":[{\"@type\":\"ReadAction\",\"target\":[\"https:\\\/\\\/www.eldiario.net\\\/portal\\\/2024\\\/05\\\/29\\\/4-factores-causan-bajas-regalias-por-el-oro-y-casi-nula-inversion\\\/\"]}]},{\"@type\":\"ImageObject\",\"inLanguage\":\"es\",\"@id\":\"https:\\\/\\\/www.eldiario.net\\\/portal\\\/2024\\\/05\\\/29\\\/4-factores-causan-bajas-regalias-por-el-oro-y-casi-nula-inversion\\\/#primaryimage\",\"url\":\"https:\\\/\\\/www.eldiario.net\\\/portal\\\/wp-content\\\/uploads\\\/2024\\\/05\\\/oro-5.jpg\",\"contentUrl\":\"https:\\\/\\\/www.eldiario.net\\\/portal\\\/wp-content\\\/uploads\\\/2024\\\/05\\\/oro-5.jpg\",\"width\":600,\"height\":400,\"caption\":\"El oro registra precios importantes en el mercado internacional.\"},{\"@type\":\"BreadcrumbList\",\"@id\":\"https:\\\/\\\/www.eldiario.net\\\/portal\\\/2024\\\/05\\\/29\\\/4-factores-causan-bajas-regalias-por-el-oro-y-casi-nula-inversion\\\/#breadcrumb\",\"itemListElement\":[{\"@type\":\"ListItem\",\"position\":1,\"name\":\"Portada\",\"item\":\"https:\\\/\\\/www.eldiario.net\\\/portal\\\/\"},{\"@type\":\"ListItem\",\"position\":2,\"name\":\"4 factores causan bajas regal\u00edas por el oro y casi nula inversi\u00f3n\"}]},{\"@type\":\"WebSite\",\"@id\":\"https:\\\/\\\/www.eldiario.net\\\/portal\\\/#website\",\"url\":\"https:\\\/\\\/www.eldiario.net\\\/portal\\\/\",\"name\":\"El Diario - Decano de la prensa nacional\",\"description\":\"El Diario - Decano de la prensa nacional\",\"publisher\":{\"@id\":\"https:\\\/\\\/www.eldiario.net\\\/portal\\\/#organization\"},\"potentialAction\":[{\"@type\":\"SearchAction\",\"target\":{\"@type\":\"EntryPoint\",\"urlTemplate\":\"https:\\\/\\\/www.eldiario.net\\\/portal\\\/?s={search_term_string}\"},\"query-input\":{\"@type\":\"PropertyValueSpecification\",\"valueRequired\":true,\"valueName\":\"search_term_string\"}}],\"inLanguage\":\"es\"},{\"@type\":\"Organization\",\"@id\":\"https:\\\/\\\/www.eldiario.net\\\/portal\\\/#organization\",\"name\":\"El Diario - Decano de la prensa nacional\",\"url\":\"https:\\\/\\\/www.eldiario.net\\\/portal\\\/\",\"logo\":{\"@type\":\"ImageObject\",\"inLanguage\":\"es\",\"@id\":\"https:\\\/\\\/www.eldiario.net\\\/portal\\\/#\\\/schema\\\/logo\\\/image\\\/\",\"url\":\"https:\\\/\\\/www.eldiario.net\\\/portal\\\/wp-content\\\/uploads\\\/2023\\\/07\\\/logo_ED.jpg\",\"contentUrl\":\"https:\\\/\\\/www.eldiario.net\\\/portal\\\/wp-content\\\/uploads\\\/2023\\\/07\\\/logo_ED.jpg\",\"width\":272,\"height\":52,\"caption\":\"El Diario - Decano de la prensa nacional\"},\"image\":{\"@id\":\"https:\\\/\\\/www.eldiario.net\\\/portal\\\/#\\\/schema\\\/logo\\\/image\\\/\"},\"sameAs\":[\"https:\\\/\\\/www.facebook.com\\\/eldiario.bolivia\\\/\",\"https:\\\/\\\/x.com\\\/eldiario_net\"]},{\"@type\":\"Person\",\"@id\":\"https:\\\/\\\/www.eldiario.net\\\/portal\\\/#\\\/schema\\\/person\\\/f46445640444750d7d753ccd04ae01b7\",\"name\":\"Jeanette\",\"image\":{\"@type\":\"ImageObject\",\"inLanguage\":\"es\",\"@id\":\"https:\\\/\\\/secure.gravatar.com\\\/avatar\\\/3ea2118a5f7dad2b7138b1187a6b7ee55f160b9968b66013c3a3ef39dd7e5798?s=96&d=mm&r=g\",\"url\":\"https:\\\/\\\/secure.gravatar.com\\\/avatar\\\/3ea2118a5f7dad2b7138b1187a6b7ee55f160b9968b66013c3a3ef39dd7e5798?s=96&d=mm&r=g\",\"contentUrl\":\"https:\\\/\\\/secure.gravatar.com\\\/avatar\\\/3ea2118a5f7dad2b7138b1187a6b7ee55f160b9968b66013c3a3ef39dd7e5798?s=96&d=mm&r=g\",\"caption\":\"Jeanette\"},\"sameAs\":[\"https:\\\/\\\/www.eldiario.net\\\/portal\"],\"url\":\"https:\\\/\\\/www.eldiario.net\\\/portal\\\/author\\\/jeanette\\\/\"}]}<\/script>\n<!-- \/ Yoast SEO plugin. -->","yoast_head_json":{"title":"4 factores causan bajas regal\u00edas por el oro y casi nula inversi\u00f3n - El Diario - Bolivia","robots":{"index":"index","follow":"follow","max-snippet":"max-snippet:-1","max-image-preview":"max-image-preview:large","max-video-preview":"max-video-preview:-1"},"canonical":"https:\/\/www.eldiario.net\/portal\/2024\/05\/29\/4-factores-causan-bajas-regalias-por-el-oro-y-casi-nula-inversion\/","og_locale":"es_ES","og_type":"article","og_title":"4 factores causan bajas regal\u00edas por el oro y casi nula inversi\u00f3n - El Diario - Bolivia","og_description":"La falta de reacci\u00f3n oportuna ante los cambios en precios internacionales, falta de incentivo para las inversiones privadas y consecuente falta de exploraci\u00f3n minera, y la ausencia de reformas estructurales a la Ley Minera, son los factores claves para que, a pesar de haber ascendido en exportaciones de oro, el valor total de las exportaciones [&hellip;]","og_url":"https:\/\/www.eldiario.net\/portal\/2024\/05\/29\/4-factores-causan-bajas-regalias-por-el-oro-y-casi-nula-inversion\/","og_site_name":"El Diario - Bolivia","article_publisher":"https:\/\/www.facebook.com\/eldiario.bolivia\/","article_published_time":"2024-05-29T09:47:10+00:00","og_image":[{"width":600,"height":400,"url":"https:\/\/www.eldiario.net\/portal\/wp-content\/uploads\/2024\/05\/oro-5.jpg","type":"image\/jpeg"}],"author":"Jeanette","twitter_card":"summary_large_image","twitter_creator":"@eldiario_net","twitter_site":"@eldiario_net","twitter_misc":{"Escrito por":"Jeanette","Tiempo de lectura":"4 minutos"},"schema":{"@context":"https:\/\/schema.org","@graph":[{"@type":"Article","@id":"https:\/\/www.eldiario.net\/portal\/2024\/05\/29\/4-factores-causan-bajas-regalias-por-el-oro-y-casi-nula-inversion\/#article","isPartOf":{"@id":"https:\/\/www.eldiario.net\/portal\/2024\/05\/29\/4-factores-causan-bajas-regalias-por-el-oro-y-casi-nula-inversion\/"},"author":{"name":"Jeanette","@id":"https:\/\/www.eldiario.net\/portal\/#\/schema\/person\/f46445640444750d7d753ccd04ae01b7"},"headline":"4 factores causan bajas regal\u00edas por el oro y casi nula inversi\u00f3n","datePublished":"2024-05-29T09:47:10+00:00","mainEntityOfPage":{"@id":"https:\/\/www.eldiario.net\/portal\/2024\/05\/29\/4-factores-causan-bajas-regalias-por-el-oro-y-casi-nula-inversion\/"},"wordCount":766,"commentCount":0,"publisher":{"@id":"https:\/\/www.eldiario.net\/portal\/#organization"},"image":{"@id":"https:\/\/www.eldiario.net\/portal\/2024\/05\/29\/4-factores-causan-bajas-regalias-por-el-oro-y-casi-nula-inversion\/#primaryimage"},"thumbnailUrl":"https:\/\/www.eldiario.net\/portal\/wp-content\/uploads\/2024\/05\/oro-5.jpg","articleSection":["Econom\u00eda"],"inLanguage":"es","potentialAction":[{"@type":"CommentAction","name":"Comment","target":["https:\/\/www.eldiario.net\/portal\/2024\/05\/29\/4-factores-causan-bajas-regalias-por-el-oro-y-casi-nula-inversion\/#respond"]}]},{"@type":"WebPage","@id":"https:\/\/www.eldiario.net\/portal\/2024\/05\/29\/4-factores-causan-bajas-regalias-por-el-oro-y-casi-nula-inversion\/","url":"https:\/\/www.eldiario.net\/portal\/2024\/05\/29\/4-factores-causan-bajas-regalias-por-el-oro-y-casi-nula-inversion\/","name":"4 factores causan bajas regal\u00edas por el oro y casi nula inversi\u00f3n - El Diario - Bolivia","isPartOf":{"@id":"https:\/\/www.eldiario.net\/portal\/#website"},"primaryImageOfPage":{"@id":"https:\/\/www.eldiario.net\/portal\/2024\/05\/29\/4-factores-causan-bajas-regalias-por-el-oro-y-casi-nula-inversion\/#primaryimage"},"image":{"@id":"https:\/\/www.eldiario.net\/portal\/2024\/05\/29\/4-factores-causan-bajas-regalias-por-el-oro-y-casi-nula-inversion\/#primaryimage"},"thumbnailUrl":"https:\/\/www.eldiario.net\/portal\/wp-content\/uploads\/2024\/05\/oro-5.jpg","datePublished":"2024-05-29T09:47:10+00:00","breadcrumb":{"@id":"https:\/\/www.eldiario.net\/portal\/2024\/05\/29\/4-factores-causan-bajas-regalias-por-el-oro-y-casi-nula-inversion\/#breadcrumb"},"inLanguage":"es","potentialAction":[{"@type":"ReadAction","target":["https:\/\/www.eldiario.net\/portal\/2024\/05\/29\/4-factores-causan-bajas-regalias-por-el-oro-y-casi-nula-inversion\/"]}]},{"@type":"ImageObject","inLanguage":"es","@id":"https:\/\/www.eldiario.net\/portal\/2024\/05\/29\/4-factores-causan-bajas-regalias-por-el-oro-y-casi-nula-inversion\/#primaryimage","url":"https:\/\/www.eldiario.net\/portal\/wp-content\/uploads\/2024\/05\/oro-5.jpg","contentUrl":"https:\/\/www.eldiario.net\/portal\/wp-content\/uploads\/2024\/05\/oro-5.jpg","width":600,"height":400,"caption":"El oro registra precios importantes en el mercado internacional."},{"@type":"BreadcrumbList","@id":"https:\/\/www.eldiario.net\/portal\/2024\/05\/29\/4-factores-causan-bajas-regalias-por-el-oro-y-casi-nula-inversion\/#breadcrumb","itemListElement":[{"@type":"ListItem","position":1,"name":"Portada","item":"https:\/\/www.eldiario.net\/portal\/"},{"@type":"ListItem","position":2,"name":"4 factores causan bajas regal\u00edas por el oro y casi nula inversi\u00f3n"}]},{"@type":"WebSite","@id":"https:\/\/www.eldiario.net\/portal\/#website","url":"https:\/\/www.eldiario.net\/portal\/","name":"El Diario - Decano de la prensa nacional","description":"El Diario - Decano de la prensa nacional","publisher":{"@id":"https:\/\/www.eldiario.net\/portal\/#organization"},"potentialAction":[{"@type":"SearchAction","target":{"@type":"EntryPoint","urlTemplate":"https:\/\/www.eldiario.net\/portal\/?s={search_term_string}"},"query-input":{"@type":"PropertyValueSpecification","valueRequired":true,"valueName":"search_term_string"}}],"inLanguage":"es"},{"@type":"Organization","@id":"https:\/\/www.eldiario.net\/portal\/#organization","name":"El Diario - Decano de la prensa nacional","url":"https:\/\/www.eldiario.net\/portal\/","logo":{"@type":"ImageObject","inLanguage":"es","@id":"https:\/\/www.eldiario.net\/portal\/#\/schema\/logo\/image\/","url":"https:\/\/www.eldiario.net\/portal\/wp-content\/uploads\/2023\/07\/logo_ED.jpg","contentUrl":"https:\/\/www.eldiario.net\/portal\/wp-content\/uploads\/2023\/07\/logo_ED.jpg","width":272,"height":52,"caption":"El Diario - Decano de la prensa nacional"},"image":{"@id":"https:\/\/www.eldiario.net\/portal\/#\/schema\/logo\/image\/"},"sameAs":["https:\/\/www.facebook.com\/eldiario.bolivia\/","https:\/\/x.com\/eldiario_net"]},{"@type":"Person","@id":"https:\/\/www.eldiario.net\/portal\/#\/schema\/person\/f46445640444750d7d753ccd04ae01b7","name":"Jeanette","image":{"@type":"ImageObject","inLanguage":"es","@id":"https:\/\/secure.gravatar.com\/avatar\/3ea2118a5f7dad2b7138b1187a6b7ee55f160b9968b66013c3a3ef39dd7e5798?s=96&d=mm&r=g","url":"https:\/\/secure.gravatar.com\/avatar\/3ea2118a5f7dad2b7138b1187a6b7ee55f160b9968b66013c3a3ef39dd7e5798?s=96&d=mm&r=g","contentUrl":"https:\/\/secure.gravatar.com\/avatar\/3ea2118a5f7dad2b7138b1187a6b7ee55f160b9968b66013c3a3ef39dd7e5798?s=96&d=mm&r=g","caption":"Jeanette"},"sameAs":["https:\/\/www.eldiario.net\/portal"],"url":"https:\/\/www.eldiario.net\/portal\/author\/jeanette\/"}]}},"_links":{"self":[{"href":"https:\/\/www.eldiario.net\/portal\/wp-json\/wp\/v2\/posts\/223681","targetHints":{"allow":["GET"]}}],"collection":[{"href":"https:\/\/www.eldiario.net\/portal\/wp-json\/wp\/v2\/posts"}],"about":[{"href":"https:\/\/www.eldiario.net\/portal\/wp-json\/wp\/v2\/types\/post"}],"author":[{"embeddable":true,"href":"https:\/\/www.eldiario.net\/portal\/wp-json\/wp\/v2\/users\/1"}],"replies":[{"embeddable":true,"href":"https:\/\/www.eldiario.net\/portal\/wp-json\/wp\/v2\/comments?post=223681"}],"version-history":[{"count":1,"href":"https:\/\/www.eldiario.net\/portal\/wp-json\/wp\/v2\/posts\/223681\/revisions"}],"predecessor-version":[{"id":223683,"href":"https:\/\/www.eldiario.net\/portal\/wp-json\/wp\/v2\/posts\/223681\/revisions\/223683"}],"wp:featuredmedia":[{"embeddable":true,"href":"https:\/\/www.eldiario.net\/portal\/wp-json\/wp\/v2\/media\/223682"}],"wp:attachment":[{"href":"https:\/\/www.eldiario.net\/portal\/wp-json\/wp\/v2\/media?parent=223681"}],"wp:term":[{"taxonomy":"category","embeddable":true,"href":"https:\/\/www.eldiario.net\/portal\/wp-json\/wp\/v2\/categories?post=223681"},{"taxonomy":"post_tag","embeddable":true,"href":"https:\/\/www.eldiario.net\/portal\/wp-json\/wp\/v2\/tags?post=223681"}],"curies":[{"name":"wp","href":"https:\/\/api.w.org\/{rel}","templated":true}]}}