{"id":22353,"date":"2021-08-09T06:25:45","date_gmt":"2021-08-09T10:25:45","guid":{"rendered":"https:\/\/www.eldiario.net\/portal\/?p=22353"},"modified":"2021-08-09T06:25:45","modified_gmt":"2021-08-09T10:25:45","slug":"anuncio-del-presidente-de-diputados-colisiona-con-la-libertad-de-expresion","status":"publish","type":"post","link":"https:\/\/www.eldiario.net\/portal\/2021\/08\/09\/anuncio-del-presidente-de-diputados-colisiona-con-la-libertad-de-expresion\/","title":{"rendered":"Anuncio del Presidente de Diputados colisiona con la libertad de expresi\u00f3n"},"content":{"rendered":"<p>La Paz (ANP) &#8211; El presidente de la C\u00e1mara de Diputados, Freddy Mamani, anunci\u00f3 que impedir\u00e1 el uso de la palabra a los legisladores que no saluden en un idioma originario y la medida, seg\u00fan observadores de derechos humanos, colisiona con la libertad de expresi\u00f3n y la Carta Magna.<br \/>\nLa advertencia realizada el pasado 3 de agosto, fue dirigida a 130 representantes que integran la C\u00e1mara Baja, de los cuales 75 pertenecen al partido gobernante el Movimiento al Socialismo (MAS) y 55 a los opositores Comunidad Ciudadana (39) y Creemos (16).<br \/>\nEl par\u00e1grafo cuarto del art\u00edculo de la Constituci\u00f3n Pol\u00edtica del Estado (CPE) \u201ctiene el mandato de que en el ejercicio de los derechos (en este caso pedir la palabra) nadie puede ser obligado a hacer lo que la Constituci\u00f3n y las leyes no manden\u201d, explic\u00f3 a la Unidad de Monitoreo de la ANP el abogado independiente Gonzalo Rodr\u00edguez.<br \/>\nEn consecuencia, \u201cestamos frente a un exceso, frente a un atropello a un mandato constitucional porque la opini\u00f3n, deseo, voluntad o capricho del Presidente de la C\u00e1mara de Diputados no es ley. Pero adem\u00e1s estamos frente a una mentalidad feudal, pre-moderna, donde la autoridad cree que es la ley\u201d, agreg\u00f3.<br \/>\nDurante la conferencia magistral \u201cReflexiones sobre la contribuci\u00f3n de los pueblos ind\u00edgena originario campesinos en la consolidaci\u00f3n del Estado Plurinacional\u201d, Mamani tambi\u00e9n habl\u00f3 de \u201cretirar\u201d a funcionarios p\u00fablicos que no cumplan con el requisito de saludar en idioma originario.<br \/>\n\u201cEstoy pensando, inclusive, para los actuales parlamentarios, vamos a sacar un instructivo, para poder usar la palabra y que al menos salude en un idioma originario. Si no saluda, no tiene la palabra, compa\u00f1eros\u201d, dijo el parlamentario elegido en las listas del MAS.<br \/>\nMamani justific\u00f3 su propuesta que ser\u00eda incluida en la reglamentaci\u00f3n de una ley para la protecci\u00f3n de las lenguas originarias que comenzar\u00e1 a ser discutida en la C\u00e1mara de Diputados pr\u00f3ximamente.<br \/>\nLa obligaci\u00f3n que desea crear tambi\u00e9n se funda en la certificaci\u00f3n que presentaron los legisladores en el que declaran sus aptitudes para hablar uno de los 36 idiomas oficiales de Bolivia, adem\u00e1s del castellano. Los servidores p\u00fablicos tambi\u00e9n acreditan este conocimiento para ser contratados.<br \/>\n\u201cTenemos que ir a verificar en nuestros espacios p\u00fablicos de que, si evidentemente hablan un idioma originario. Ac\u00e1, en la C\u00e1mara de Diputados, muy sencillo, estamos con algunos funcionarios, viene uno y dice que es tacana, perfecto, haremos evaluar si habla, si no habla, vamos a tener que retirarlo, as\u00ed fortaleceremos nuestra lengua, porque, de lo contrario, pareciera un saludo a la bandera\u201d, afirm\u00f3 seg\u00fan el reporte del diario cruce\u00f1o El Deber.<br \/>\nLa Ley 269 General de Derechos y Pol\u00edticas Ling\u00fc\u00edsticas, vigente desde agosto de 2012, establece en su art\u00edculo 21 que las entidades de servicio p\u00fablico, \u201cen la contrataci\u00f3n de su personal, deber\u00e1n ponderar el conocimiento de los idiomas oficiales de acuerdo al principio de territorialidad\u201d.<br \/>\nPara el periodista Ram\u00f3n Grimalt, \u201cun idioma es una expresi\u00f3n fundamental de la cultura de un pueblo. Pero cuando este se impone por obligaci\u00f3n es una forma m\u00e1s de intolerancia\u201d, seg\u00fan escribi\u00f3 en su cuenta de Twitter.<br \/>\nEl abogado Henry Pinto, docente de la Facultad de Derecho de la Universidad Mayor de San Sim\u00f3n (UMSS) de Cochabamba, dijo que la obligatoriedad de saludar en un idioma originario no est\u00e1 contenida en ninguna norma vigente, por tanto, va en contra del derecho a la libre expresi\u00f3n y al libre desarrollo de la personalidad, protegidos por la Constituci\u00f3n.<br \/>\n\u201cSi bien la Constituci\u00f3n dice que para acceder a un cargo p\u00fablico se tiene que hablar al menos dos idiomas (un originario adem\u00e1s del castellano), no obliga a hablarlos y mientras no est\u00e9 legislado bajo par\u00e1metros constitucionales, resulta ser abusivo\u201d, dijo.<br \/>\nEl anuncio de Mamani fue cuestionado y rechazado por algunos legisladores de la oposici\u00f3n. \u201cLo que se est\u00e1 haciendo es demagogia, si queremos transformar el pa\u00eds socioculturalmente tenemos que poner sobre todo nuestras culturas y tradiciones (\u2026) No es lo que corresponde (quitar la palabra a los asamble\u00edstas), as\u00ed no colaboramos, nos distanciamos m\u00e1s con este tipo de pol\u00edticas\u201d, opin\u00f3 la senadora del partido opositor Comunidad Ciudadana (CC), Andrea Barrientos.<br \/>\n\u201cLa libertad de expresi\u00f3n, en todas sus formas y manifestaciones, es un derecho fundamental e inalienable, inherente a todas las personas. Es, adem\u00e1s, un requisito indispensable para la existencia misma de una sociedad democr\u00e1tica\u201d, se\u00f1ala la Declaraci\u00f3n de Principios sobre la Libre Expresi\u00f3n adoptada por la Comisi\u00f3n Interamericana de Derechos Humanos (CIDH) emitida en octubre de 2000.<\/p>\n","protected":false},"excerpt":{"rendered":"<p>La Paz (ANP) &#8211; El presidente de la C\u00e1mara de Diputados, Freddy Mamani, anunci\u00f3 que impedir\u00e1 el uso de la palabra a los legisladores que no saluden en un idioma originario y la medida, seg\u00fan observadores de derechos humanos, colisiona con la libertad de expresi\u00f3n y la Carta Magna. La advertencia realizada el pasado 3 [&hellip;]<\/p>\n","protected":false},"author":1,"featured_media":22354,"comment_status":"closed","ping_status":"closed","sticky":false,"template":"","format":"standard","meta":{"_acf_changed":false,"footnotes":""},"categories":[14],"tags":[],"class_list":["post-22353","post","type-post","status-publish","format-standard","has-post-thumbnail","category-politica"],"acf":{"antetitulo":""},"yoast_head":"<!-- This site is optimized with the Yoast SEO plugin v28.4 - https:\/\/yoast.com\/product\/yoast-seo-wordpress\/ -->\n<title>Anuncio del Presidente de Diputados colisiona con la libertad de expresi\u00f3n - El Diario - Bolivia<\/title>\n<meta name=\"robots\" content=\"index, follow, max-snippet:-1, max-image-preview:large, max-video-preview:-1\" \/>\n<link rel=\"canonical\" href=\"https:\/\/www.eldiario.net\/portal\/2021\/08\/09\/anuncio-del-presidente-de-diputados-colisiona-con-la-libertad-de-expresion\/\" \/>\n<meta property=\"og:locale\" content=\"es_ES\" \/>\n<meta property=\"og:type\" content=\"article\" \/>\n<meta property=\"og:title\" content=\"Anuncio del Presidente de Diputados colisiona con la libertad de expresi\u00f3n - El Diario - Bolivia\" \/>\n<meta property=\"og:description\" content=\"La Paz (ANP) &#8211; El presidente de la C\u00e1mara de Diputados, Freddy Mamani, anunci\u00f3 que impedir\u00e1 el uso de la palabra a los legisladores que no saluden en un idioma originario y la medida, seg\u00fan observadores de derechos humanos, colisiona con la libertad de expresi\u00f3n y la Carta Magna. La advertencia realizada el pasado 3 [&hellip;]\" \/>\n<meta property=\"og:url\" content=\"https:\/\/www.eldiario.net\/portal\/2021\/08\/09\/anuncio-del-presidente-de-diputados-colisiona-con-la-libertad-de-expresion\/\" \/>\n<meta property=\"og:site_name\" content=\"El Diario - Bolivia\" \/>\n<meta property=\"article:publisher\" content=\"https:\/\/www.facebook.com\/eldiario.bolivia\/\" \/>\n<meta property=\"article:published_time\" content=\"2021-08-09T10:25:45+00:00\" \/>\n<meta name=\"author\" content=\"Jeanette\" \/>\n<meta name=\"twitter:card\" content=\"summary_large_image\" \/>\n<meta name=\"twitter:creator\" content=\"@eldiario_net\" \/>\n<meta name=\"twitter:site\" content=\"@eldiario_net\" \/>\n<meta name=\"twitter:label1\" content=\"Escrito por\" \/>\n\t<meta name=\"twitter:data1\" content=\"Jeanette\" \/>\n\t<meta name=\"twitter:label2\" content=\"Tiempo de lectura\" \/>\n\t<meta name=\"twitter:data2\" content=\"4 minutos\" \/>\n<script type=\"application\/ld+json\" class=\"yoast-schema-graph\">{\"@context\":\"https:\\\/\\\/schema.org\",\"@graph\":[{\"@type\":\"Article\",\"@id\":\"https:\\\/\\\/www.eldiario.net\\\/portal\\\/2021\\\/08\\\/09\\\/anuncio-del-presidente-de-diputados-colisiona-con-la-libertad-de-expresion\\\/#article\",\"isPartOf\":{\"@id\":\"https:\\\/\\\/www.eldiario.net\\\/portal\\\/2021\\\/08\\\/09\\\/anuncio-del-presidente-de-diputados-colisiona-con-la-libertad-de-expresion\\\/\"},\"author\":{\"name\":\"Jeanette\",\"@id\":\"https:\\\/\\\/www.eldiario.net\\\/portal\\\/#\\\/schema\\\/person\\\/f46445640444750d7d753ccd04ae01b7\"},\"headline\":\"Anuncio del Presidente de Diputados colisiona con la libertad de expresi\u00f3n\",\"datePublished\":\"2021-08-09T10:25:45+00:00\",\"mainEntityOfPage\":{\"@id\":\"https:\\\/\\\/www.eldiario.net\\\/portal\\\/2021\\\/08\\\/09\\\/anuncio-del-presidente-de-diputados-colisiona-con-la-libertad-de-expresion\\\/\"},\"wordCount\":801,\"publisher\":{\"@id\":\"https:\\\/\\\/www.eldiario.net\\\/portal\\\/#organization\"},\"image\":{\"@id\":\"https:\\\/\\\/www.eldiario.net\\\/portal\\\/2021\\\/08\\\/09\\\/anuncio-del-presidente-de-diputados-colisiona-con-la-libertad-de-expresion\\\/#primaryimage\"},\"thumbnailUrl\":\"\",\"articleSection\":[\"Pol\u00edtica\"],\"inLanguage\":\"es\"},{\"@type\":\"WebPage\",\"@id\":\"https:\\\/\\\/www.eldiario.net\\\/portal\\\/2021\\\/08\\\/09\\\/anuncio-del-presidente-de-diputados-colisiona-con-la-libertad-de-expresion\\\/\",\"url\":\"https:\\\/\\\/www.eldiario.net\\\/portal\\\/2021\\\/08\\\/09\\\/anuncio-del-presidente-de-diputados-colisiona-con-la-libertad-de-expresion\\\/\",\"name\":\"Anuncio del Presidente de Diputados colisiona con la libertad de expresi\u00f3n - El Diario - Bolivia\",\"isPartOf\":{\"@id\":\"https:\\\/\\\/www.eldiario.net\\\/portal\\\/#website\"},\"primaryImageOfPage\":{\"@id\":\"https:\\\/\\\/www.eldiario.net\\\/portal\\\/2021\\\/08\\\/09\\\/anuncio-del-presidente-de-diputados-colisiona-con-la-libertad-de-expresion\\\/#primaryimage\"},\"image\":{\"@id\":\"https:\\\/\\\/www.eldiario.net\\\/portal\\\/2021\\\/08\\\/09\\\/anuncio-del-presidente-de-diputados-colisiona-con-la-libertad-de-expresion\\\/#primaryimage\"},\"thumbnailUrl\":\"\",\"datePublished\":\"2021-08-09T10:25:45+00:00\",\"breadcrumb\":{\"@id\":\"https:\\\/\\\/www.eldiario.net\\\/portal\\\/2021\\\/08\\\/09\\\/anuncio-del-presidente-de-diputados-colisiona-con-la-libertad-de-expresion\\\/#breadcrumb\"},\"inLanguage\":\"es\",\"potentialAction\":[{\"@type\":\"ReadAction\",\"target\":[\"https:\\\/\\\/www.eldiario.net\\\/portal\\\/2021\\\/08\\\/09\\\/anuncio-del-presidente-de-diputados-colisiona-con-la-libertad-de-expresion\\\/\"]}]},{\"@type\":\"ImageObject\",\"inLanguage\":\"es\",\"@id\":\"https:\\\/\\\/www.eldiario.net\\\/portal\\\/2021\\\/08\\\/09\\\/anuncio-del-presidente-de-diputados-colisiona-con-la-libertad-de-expresion\\\/#primaryimage\",\"url\":\"\",\"contentUrl\":\"\"},{\"@type\":\"BreadcrumbList\",\"@id\":\"https:\\\/\\\/www.eldiario.net\\\/portal\\\/2021\\\/08\\\/09\\\/anuncio-del-presidente-de-diputados-colisiona-con-la-libertad-de-expresion\\\/#breadcrumb\",\"itemListElement\":[{\"@type\":\"ListItem\",\"position\":1,\"name\":\"Portada\",\"item\":\"https:\\\/\\\/www.eldiario.net\\\/portal\\\/\"},{\"@type\":\"ListItem\",\"position\":2,\"name\":\"Anuncio del Presidente de Diputados colisiona con la libertad de expresi\u00f3n\"}]},{\"@type\":\"WebSite\",\"@id\":\"https:\\\/\\\/www.eldiario.net\\\/portal\\\/#website\",\"url\":\"https:\\\/\\\/www.eldiario.net\\\/portal\\\/\",\"name\":\"El Diario - Decano de la prensa nacional\",\"description\":\"El Diario - Decano de la prensa nacional\",\"publisher\":{\"@id\":\"https:\\\/\\\/www.eldiario.net\\\/portal\\\/#organization\"},\"potentialAction\":[{\"@type\":\"SearchAction\",\"target\":{\"@type\":\"EntryPoint\",\"urlTemplate\":\"https:\\\/\\\/www.eldiario.net\\\/portal\\\/?s={search_term_string}\"},\"query-input\":{\"@type\":\"PropertyValueSpecification\",\"valueRequired\":true,\"valueName\":\"search_term_string\"}}],\"inLanguage\":\"es\"},{\"@type\":\"Organization\",\"@id\":\"https:\\\/\\\/www.eldiario.net\\\/portal\\\/#organization\",\"name\":\"El Diario - Decano de la prensa nacional\",\"url\":\"https:\\\/\\\/www.eldiario.net\\\/portal\\\/\",\"logo\":{\"@type\":\"ImageObject\",\"inLanguage\":\"es\",\"@id\":\"https:\\\/\\\/www.eldiario.net\\\/portal\\\/#\\\/schema\\\/logo\\\/image\\\/\",\"url\":\"https:\\\/\\\/www.eldiario.net\\\/portal\\\/wp-content\\\/uploads\\\/2023\\\/07\\\/logo_ED.jpg\",\"contentUrl\":\"https:\\\/\\\/www.eldiario.net\\\/portal\\\/wp-content\\\/uploads\\\/2023\\\/07\\\/logo_ED.jpg\",\"width\":272,\"height\":52,\"caption\":\"El Diario - Decano de la prensa nacional\"},\"image\":{\"@id\":\"https:\\\/\\\/www.eldiario.net\\\/portal\\\/#\\\/schema\\\/logo\\\/image\\\/\"},\"sameAs\":[\"https:\\\/\\\/www.facebook.com\\\/eldiario.bolivia\\\/\",\"https:\\\/\\\/x.com\\\/eldiario_net\"]},{\"@type\":\"Person\",\"@id\":\"https:\\\/\\\/www.eldiario.net\\\/portal\\\/#\\\/schema\\\/person\\\/f46445640444750d7d753ccd04ae01b7\",\"name\":\"Jeanette\",\"image\":{\"@type\":\"ImageObject\",\"inLanguage\":\"es\",\"@id\":\"https:\\\/\\\/secure.gravatar.com\\\/avatar\\\/3ea2118a5f7dad2b7138b1187a6b7ee55f160b9968b66013c3a3ef39dd7e5798?s=96&d=mm&r=g\",\"url\":\"https:\\\/\\\/secure.gravatar.com\\\/avatar\\\/3ea2118a5f7dad2b7138b1187a6b7ee55f160b9968b66013c3a3ef39dd7e5798?s=96&d=mm&r=g\",\"contentUrl\":\"https:\\\/\\\/secure.gravatar.com\\\/avatar\\\/3ea2118a5f7dad2b7138b1187a6b7ee55f160b9968b66013c3a3ef39dd7e5798?s=96&d=mm&r=g\",\"caption\":\"Jeanette\"},\"sameAs\":[\"https:\\\/\\\/www.eldiario.net\\\/portal\"],\"url\":\"https:\\\/\\\/www.eldiario.net\\\/portal\\\/author\\\/jeanette\\\/\"}]}<\/script>\n<!-- \/ Yoast SEO plugin. -->","yoast_head_json":{"title":"Anuncio del Presidente de Diputados colisiona con la libertad de expresi\u00f3n - El Diario - Bolivia","robots":{"index":"index","follow":"follow","max-snippet":"max-snippet:-1","max-image-preview":"max-image-preview:large","max-video-preview":"max-video-preview:-1"},"canonical":"https:\/\/www.eldiario.net\/portal\/2021\/08\/09\/anuncio-del-presidente-de-diputados-colisiona-con-la-libertad-de-expresion\/","og_locale":"es_ES","og_type":"article","og_title":"Anuncio del Presidente de Diputados colisiona con la libertad de expresi\u00f3n - El Diario - Bolivia","og_description":"La Paz (ANP) &#8211; El presidente de la C\u00e1mara de Diputados, Freddy Mamani, anunci\u00f3 que impedir\u00e1 el uso de la palabra a los legisladores que no saluden en un idioma originario y la medida, seg\u00fan observadores de derechos humanos, colisiona con la libertad de expresi\u00f3n y la Carta Magna. La advertencia realizada el pasado 3 [&hellip;]","og_url":"https:\/\/www.eldiario.net\/portal\/2021\/08\/09\/anuncio-del-presidente-de-diputados-colisiona-con-la-libertad-de-expresion\/","og_site_name":"El Diario - Bolivia","article_publisher":"https:\/\/www.facebook.com\/eldiario.bolivia\/","article_published_time":"2021-08-09T10:25:45+00:00","author":"Jeanette","twitter_card":"summary_large_image","twitter_creator":"@eldiario_net","twitter_site":"@eldiario_net","twitter_misc":{"Escrito por":"Jeanette","Tiempo de lectura":"4 minutos"},"schema":{"@context":"https:\/\/schema.org","@graph":[{"@type":"Article","@id":"https:\/\/www.eldiario.net\/portal\/2021\/08\/09\/anuncio-del-presidente-de-diputados-colisiona-con-la-libertad-de-expresion\/#article","isPartOf":{"@id":"https:\/\/www.eldiario.net\/portal\/2021\/08\/09\/anuncio-del-presidente-de-diputados-colisiona-con-la-libertad-de-expresion\/"},"author":{"name":"Jeanette","@id":"https:\/\/www.eldiario.net\/portal\/#\/schema\/person\/f46445640444750d7d753ccd04ae01b7"},"headline":"Anuncio del Presidente de Diputados colisiona con la libertad de expresi\u00f3n","datePublished":"2021-08-09T10:25:45+00:00","mainEntityOfPage":{"@id":"https:\/\/www.eldiario.net\/portal\/2021\/08\/09\/anuncio-del-presidente-de-diputados-colisiona-con-la-libertad-de-expresion\/"},"wordCount":801,"publisher":{"@id":"https:\/\/www.eldiario.net\/portal\/#organization"},"image":{"@id":"https:\/\/www.eldiario.net\/portal\/2021\/08\/09\/anuncio-del-presidente-de-diputados-colisiona-con-la-libertad-de-expresion\/#primaryimage"},"thumbnailUrl":"","articleSection":["Pol\u00edtica"],"inLanguage":"es"},{"@type":"WebPage","@id":"https:\/\/www.eldiario.net\/portal\/2021\/08\/09\/anuncio-del-presidente-de-diputados-colisiona-con-la-libertad-de-expresion\/","url":"https:\/\/www.eldiario.net\/portal\/2021\/08\/09\/anuncio-del-presidente-de-diputados-colisiona-con-la-libertad-de-expresion\/","name":"Anuncio del Presidente de Diputados colisiona con la libertad de expresi\u00f3n - El Diario - Bolivia","isPartOf":{"@id":"https:\/\/www.eldiario.net\/portal\/#website"},"primaryImageOfPage":{"@id":"https:\/\/www.eldiario.net\/portal\/2021\/08\/09\/anuncio-del-presidente-de-diputados-colisiona-con-la-libertad-de-expresion\/#primaryimage"},"image":{"@id":"https:\/\/www.eldiario.net\/portal\/2021\/08\/09\/anuncio-del-presidente-de-diputados-colisiona-con-la-libertad-de-expresion\/#primaryimage"},"thumbnailUrl":"","datePublished":"2021-08-09T10:25:45+00:00","breadcrumb":{"@id":"https:\/\/www.eldiario.net\/portal\/2021\/08\/09\/anuncio-del-presidente-de-diputados-colisiona-con-la-libertad-de-expresion\/#breadcrumb"},"inLanguage":"es","potentialAction":[{"@type":"ReadAction","target":["https:\/\/www.eldiario.net\/portal\/2021\/08\/09\/anuncio-del-presidente-de-diputados-colisiona-con-la-libertad-de-expresion\/"]}]},{"@type":"ImageObject","inLanguage":"es","@id":"https:\/\/www.eldiario.net\/portal\/2021\/08\/09\/anuncio-del-presidente-de-diputados-colisiona-con-la-libertad-de-expresion\/#primaryimage","url":"","contentUrl":""},{"@type":"BreadcrumbList","@id":"https:\/\/www.eldiario.net\/portal\/2021\/08\/09\/anuncio-del-presidente-de-diputados-colisiona-con-la-libertad-de-expresion\/#breadcrumb","itemListElement":[{"@type":"ListItem","position":1,"name":"Portada","item":"https:\/\/www.eldiario.net\/portal\/"},{"@type":"ListItem","position":2,"name":"Anuncio del Presidente de Diputados colisiona con la libertad de expresi\u00f3n"}]},{"@type":"WebSite","@id":"https:\/\/www.eldiario.net\/portal\/#website","url":"https:\/\/www.eldiario.net\/portal\/","name":"El Diario - Decano de la prensa nacional","description":"El Diario - Decano de la prensa nacional","publisher":{"@id":"https:\/\/www.eldiario.net\/portal\/#organization"},"potentialAction":[{"@type":"SearchAction","target":{"@type":"EntryPoint","urlTemplate":"https:\/\/www.eldiario.net\/portal\/?s={search_term_string}"},"query-input":{"@type":"PropertyValueSpecification","valueRequired":true,"valueName":"search_term_string"}}],"inLanguage":"es"},{"@type":"Organization","@id":"https:\/\/www.eldiario.net\/portal\/#organization","name":"El Diario - Decano de la prensa nacional","url":"https:\/\/www.eldiario.net\/portal\/","logo":{"@type":"ImageObject","inLanguage":"es","@id":"https:\/\/www.eldiario.net\/portal\/#\/schema\/logo\/image\/","url":"https:\/\/www.eldiario.net\/portal\/wp-content\/uploads\/2023\/07\/logo_ED.jpg","contentUrl":"https:\/\/www.eldiario.net\/portal\/wp-content\/uploads\/2023\/07\/logo_ED.jpg","width":272,"height":52,"caption":"El Diario - Decano de la prensa nacional"},"image":{"@id":"https:\/\/www.eldiario.net\/portal\/#\/schema\/logo\/image\/"},"sameAs":["https:\/\/www.facebook.com\/eldiario.bolivia\/","https:\/\/x.com\/eldiario_net"]},{"@type":"Person","@id":"https:\/\/www.eldiario.net\/portal\/#\/schema\/person\/f46445640444750d7d753ccd04ae01b7","name":"Jeanette","image":{"@type":"ImageObject","inLanguage":"es","@id":"https:\/\/secure.gravatar.com\/avatar\/3ea2118a5f7dad2b7138b1187a6b7ee55f160b9968b66013c3a3ef39dd7e5798?s=96&d=mm&r=g","url":"https:\/\/secure.gravatar.com\/avatar\/3ea2118a5f7dad2b7138b1187a6b7ee55f160b9968b66013c3a3ef39dd7e5798?s=96&d=mm&r=g","contentUrl":"https:\/\/secure.gravatar.com\/avatar\/3ea2118a5f7dad2b7138b1187a6b7ee55f160b9968b66013c3a3ef39dd7e5798?s=96&d=mm&r=g","caption":"Jeanette"},"sameAs":["https:\/\/www.eldiario.net\/portal"],"url":"https:\/\/www.eldiario.net\/portal\/author\/jeanette\/"}]}},"_links":{"self":[{"href":"https:\/\/www.eldiario.net\/portal\/wp-json\/wp\/v2\/posts\/22353","targetHints":{"allow":["GET"]}}],"collection":[{"href":"https:\/\/www.eldiario.net\/portal\/wp-json\/wp\/v2\/posts"}],"about":[{"href":"https:\/\/www.eldiario.net\/portal\/wp-json\/wp\/v2\/types\/post"}],"author":[{"embeddable":true,"href":"https:\/\/www.eldiario.net\/portal\/wp-json\/wp\/v2\/users\/1"}],"replies":[{"embeddable":true,"href":"https:\/\/www.eldiario.net\/portal\/wp-json\/wp\/v2\/comments?post=22353"}],"version-history":[{"count":0,"href":"https:\/\/www.eldiario.net\/portal\/wp-json\/wp\/v2\/posts\/22353\/revisions"}],"wp:attachment":[{"href":"https:\/\/www.eldiario.net\/portal\/wp-json\/wp\/v2\/media?parent=22353"}],"wp:term":[{"taxonomy":"category","embeddable":true,"href":"https:\/\/www.eldiario.net\/portal\/wp-json\/wp\/v2\/categories?post=22353"},{"taxonomy":"post_tag","embeddable":true,"href":"https:\/\/www.eldiario.net\/portal\/wp-json\/wp\/v2\/tags?post=22353"}],"curies":[{"name":"wp","href":"https:\/\/api.w.org\/{rel}","templated":true}]}}