{"id":22350,"date":"2021-08-09T06:24:02","date_gmt":"2021-08-09T10:24:02","guid":{"rendered":"https:\/\/www.eldiario.net\/portal\/?p=22350"},"modified":"2021-08-09T06:24:02","modified_gmt":"2021-08-09T10:24:02","slug":"aplicaran-segundas-dosis-de-sputnik-v-a-partir-de-manana","status":"publish","type":"post","link":"https:\/\/www.eldiario.net\/portal\/2021\/08\/09\/aplicaran-segundas-dosis-de-sputnik-v-a-partir-de-manana\/","title":{"rendered":"Aplicar\u00e1n segundas dosis de Sputnik-V a partir de ma\u00f1ana"},"content":{"rendered":"<p>El presidente Luis Arce Catacora anunci\u00f3 que el Fondo Ruso de Inversi\u00f3n Directa entreg\u00f3 las segundas dosis de la vacuna Sputnik-V al Gobierno boliviano, por lo que la inmunizaci\u00f3n a personas que recibieron este f\u00e1rmaco se reanudar\u00e1 durante de esta semana.<br \/>\nMediante su cuenta de Twitter, el primer mandatario inform\u00f3 que el compromiso asumido por representantes del gobierno ruso a trav\u00e9s del Fondo Ruso de Inversi\u00f3n Directa fue cumplido y se entreg\u00f3 al estado boliviano la cantidad de segundas dosis requeridas para completar la inmunizaci\u00f3n de la poblaci\u00f3n que fue vacunada con la primera fase de este f\u00e1rmaco.<br \/>\n\u201cComo hab\u00eda comprometido, el Fondo Ruso de Inversi\u00f3n Directa ha entregado a Bolivia las segundas dosis necesarias de la vacuna Sputnik V\u201d anunci\u00f3 Arce.<br \/>\nPuntualiz\u00f3, adem\u00e1s, que de esta forma se est\u00e1 trabajando en el transporte hasta territorio nacional del material entregado, por lo que se espera que la vacunaci\u00f3n para personas que recibieron la primera dosis del inmunizante se reinicie en esta semana.<br \/>\n\u201cLas vacunas llegan en lotes y comenzar\u00e1n a aplicarse en esta semana. Dosis de esperanza. Estamos saliendo adelante\u201d expres\u00f3 el primer mandatario.<br \/>\nAl respecto, la viceministra de Promoci\u00f3n, Vigilancia Epidemiol\u00f3gica y Medicina Tradicional, Mar\u00eda Ren\u00e9 Castro, inform\u00f3 que las vacunas rusas ya est\u00e1n llegando al pa\u00eds en distintos lotes, por lo que su distribuci\u00f3n est\u00e1 planificada para el d\u00eda lunes y se espera el reinicio de la vacunaci\u00f3n para el d\u00eda martes en todo el territorio nacional.<br \/>\n\u201cLas segundas dosis de la vacuna Sputnik V, que es el segundo componente, ya est\u00e1n arribando a nuestro pa\u00eds en diferentes lotes. El d\u00eda lunes (por hoy) empezamos la distribuci\u00f3n y desde el martes se podr\u00e1 comenzar la aplicaci\u00f3n en los diferentes departamentos\u201d refiri\u00f3 la autoridad al canal estatal.<br \/>\nAgreg\u00f3 que existe prioridad para las personas que hayan cumplido m\u00e1s de 90 d\u00edas a partir de la administraci\u00f3n de la primera dosis y que la poblaci\u00f3n debe acudir a los centros donde recibi\u00f3 la primera dosis.<\/p>\n","protected":false},"excerpt":{"rendered":"<p>El presidente Luis Arce Catacora anunci\u00f3 que el Fondo Ruso de Inversi\u00f3n Directa entreg\u00f3 las segundas dosis de la vacuna Sputnik-V al Gobierno boliviano, por lo que la inmunizaci\u00f3n a personas que recibieron este f\u00e1rmaco se reanudar\u00e1 durante de esta semana. Mediante su cuenta de Twitter, el primer mandatario inform\u00f3 que el compromiso asumido por [&hellip;]<\/p>\n","protected":false},"author":1,"featured_media":22351,"comment_status":"closed","ping_status":"closed","sticky":false,"template":"","format":"standard","meta":{"_acf_changed":false,"footnotes":""},"categories":[14],"tags":[],"class_list":["post-22350","post","type-post","status-publish","format-standard","has-post-thumbnail","category-politica"],"acf":{"antetitulo":""},"yoast_head":"<!-- This site is optimized with the Yoast SEO plugin v28.4 - https:\/\/yoast.com\/product\/yoast-seo-wordpress\/ -->\n<title>Aplicar\u00e1n segundas dosis de Sputnik-V a partir de ma\u00f1ana - El Diario - Bolivia<\/title>\n<meta name=\"robots\" content=\"index, follow, max-snippet:-1, max-image-preview:large, max-video-preview:-1\" \/>\n<link rel=\"canonical\" href=\"https:\/\/www.eldiario.net\/portal\/2021\/08\/09\/aplicaran-segundas-dosis-de-sputnik-v-a-partir-de-manana\/\" \/>\n<meta property=\"og:locale\" content=\"es_ES\" \/>\n<meta property=\"og:type\" content=\"article\" \/>\n<meta property=\"og:title\" content=\"Aplicar\u00e1n segundas dosis de Sputnik-V a partir de ma\u00f1ana - El Diario - Bolivia\" \/>\n<meta property=\"og:description\" content=\"El presidente Luis Arce Catacora anunci\u00f3 que el Fondo Ruso de Inversi\u00f3n Directa entreg\u00f3 las segundas dosis de la vacuna Sputnik-V al Gobierno boliviano, por lo que la inmunizaci\u00f3n a personas que recibieron este f\u00e1rmaco se reanudar\u00e1 durante de esta semana. Mediante su cuenta de Twitter, el primer mandatario inform\u00f3 que el compromiso asumido por [&hellip;]\" \/>\n<meta property=\"og:url\" content=\"https:\/\/www.eldiario.net\/portal\/2021\/08\/09\/aplicaran-segundas-dosis-de-sputnik-v-a-partir-de-manana\/\" \/>\n<meta property=\"og:site_name\" content=\"El Diario - Bolivia\" \/>\n<meta property=\"article:publisher\" content=\"https:\/\/www.facebook.com\/eldiario.bolivia\/\" \/>\n<meta property=\"article:published_time\" content=\"2021-08-09T10:24:02+00:00\" \/>\n<meta name=\"author\" content=\"Jeanette\" \/>\n<meta name=\"twitter:card\" content=\"summary_large_image\" \/>\n<meta name=\"twitter:creator\" content=\"@eldiario_net\" \/>\n<meta name=\"twitter:site\" content=\"@eldiario_net\" \/>\n<meta name=\"twitter:label1\" content=\"Escrito por\" \/>\n\t<meta name=\"twitter:data1\" content=\"Jeanette\" \/>\n\t<meta name=\"twitter:label2\" content=\"Tiempo de lectura\" \/>\n\t<meta name=\"twitter:data2\" content=\"2 minutos\" \/>\n<script type=\"application\/ld+json\" class=\"yoast-schema-graph\">{\"@context\":\"https:\\\/\\\/schema.org\",\"@graph\":[{\"@type\":\"Article\",\"@id\":\"https:\\\/\\\/www.eldiario.net\\\/portal\\\/2021\\\/08\\\/09\\\/aplicaran-segundas-dosis-de-sputnik-v-a-partir-de-manana\\\/#article\",\"isPartOf\":{\"@id\":\"https:\\\/\\\/www.eldiario.net\\\/portal\\\/2021\\\/08\\\/09\\\/aplicaran-segundas-dosis-de-sputnik-v-a-partir-de-manana\\\/\"},\"author\":{\"name\":\"Jeanette\",\"@id\":\"https:\\\/\\\/www.eldiario.net\\\/portal\\\/#\\\/schema\\\/person\\\/f46445640444750d7d753ccd04ae01b7\"},\"headline\":\"Aplicar\u00e1n segundas dosis de Sputnik-V a partir de ma\u00f1ana\",\"datePublished\":\"2021-08-09T10:24:02+00:00\",\"mainEntityOfPage\":{\"@id\":\"https:\\\/\\\/www.eldiario.net\\\/portal\\\/2021\\\/08\\\/09\\\/aplicaran-segundas-dosis-de-sputnik-v-a-partir-de-manana\\\/\"},\"wordCount\":366,\"publisher\":{\"@id\":\"https:\\\/\\\/www.eldiario.net\\\/portal\\\/#organization\"},\"image\":{\"@id\":\"https:\\\/\\\/www.eldiario.net\\\/portal\\\/2021\\\/08\\\/09\\\/aplicaran-segundas-dosis-de-sputnik-v-a-partir-de-manana\\\/#primaryimage\"},\"thumbnailUrl\":\"\",\"articleSection\":[\"Pol\u00edtica\"],\"inLanguage\":\"es\"},{\"@type\":\"WebPage\",\"@id\":\"https:\\\/\\\/www.eldiario.net\\\/portal\\\/2021\\\/08\\\/09\\\/aplicaran-segundas-dosis-de-sputnik-v-a-partir-de-manana\\\/\",\"url\":\"https:\\\/\\\/www.eldiario.net\\\/portal\\\/2021\\\/08\\\/09\\\/aplicaran-segundas-dosis-de-sputnik-v-a-partir-de-manana\\\/\",\"name\":\"Aplicar\u00e1n segundas dosis de Sputnik-V a partir de ma\u00f1ana - El Diario - Bolivia\",\"isPartOf\":{\"@id\":\"https:\\\/\\\/www.eldiario.net\\\/portal\\\/#website\"},\"primaryImageOfPage\":{\"@id\":\"https:\\\/\\\/www.eldiario.net\\\/portal\\\/2021\\\/08\\\/09\\\/aplicaran-segundas-dosis-de-sputnik-v-a-partir-de-manana\\\/#primaryimage\"},\"image\":{\"@id\":\"https:\\\/\\\/www.eldiario.net\\\/portal\\\/2021\\\/08\\\/09\\\/aplicaran-segundas-dosis-de-sputnik-v-a-partir-de-manana\\\/#primaryimage\"},\"thumbnailUrl\":\"\",\"datePublished\":\"2021-08-09T10:24:02+00:00\",\"breadcrumb\":{\"@id\":\"https:\\\/\\\/www.eldiario.net\\\/portal\\\/2021\\\/08\\\/09\\\/aplicaran-segundas-dosis-de-sputnik-v-a-partir-de-manana\\\/#breadcrumb\"},\"inLanguage\":\"es\",\"potentialAction\":[{\"@type\":\"ReadAction\",\"target\":[\"https:\\\/\\\/www.eldiario.net\\\/portal\\\/2021\\\/08\\\/09\\\/aplicaran-segundas-dosis-de-sputnik-v-a-partir-de-manana\\\/\"]}]},{\"@type\":\"ImageObject\",\"inLanguage\":\"es\",\"@id\":\"https:\\\/\\\/www.eldiario.net\\\/portal\\\/2021\\\/08\\\/09\\\/aplicaran-segundas-dosis-de-sputnik-v-a-partir-de-manana\\\/#primaryimage\",\"url\":\"\",\"contentUrl\":\"\"},{\"@type\":\"BreadcrumbList\",\"@id\":\"https:\\\/\\\/www.eldiario.net\\\/portal\\\/2021\\\/08\\\/09\\\/aplicaran-segundas-dosis-de-sputnik-v-a-partir-de-manana\\\/#breadcrumb\",\"itemListElement\":[{\"@type\":\"ListItem\",\"position\":1,\"name\":\"Portada\",\"item\":\"https:\\\/\\\/www.eldiario.net\\\/portal\\\/\"},{\"@type\":\"ListItem\",\"position\":2,\"name\":\"Aplicar\u00e1n segundas dosis de Sputnik-V a partir de ma\u00f1ana\"}]},{\"@type\":\"WebSite\",\"@id\":\"https:\\\/\\\/www.eldiario.net\\\/portal\\\/#website\",\"url\":\"https:\\\/\\\/www.eldiario.net\\\/portal\\\/\",\"name\":\"El Diario - Decano de la prensa nacional\",\"description\":\"El Diario - Decano de la prensa nacional\",\"publisher\":{\"@id\":\"https:\\\/\\\/www.eldiario.net\\\/portal\\\/#organization\"},\"potentialAction\":[{\"@type\":\"SearchAction\",\"target\":{\"@type\":\"EntryPoint\",\"urlTemplate\":\"https:\\\/\\\/www.eldiario.net\\\/portal\\\/?s={search_term_string}\"},\"query-input\":{\"@type\":\"PropertyValueSpecification\",\"valueRequired\":true,\"valueName\":\"search_term_string\"}}],\"inLanguage\":\"es\"},{\"@type\":\"Organization\",\"@id\":\"https:\\\/\\\/www.eldiario.net\\\/portal\\\/#organization\",\"name\":\"El Diario - Decano de la prensa nacional\",\"url\":\"https:\\\/\\\/www.eldiario.net\\\/portal\\\/\",\"logo\":{\"@type\":\"ImageObject\",\"inLanguage\":\"es\",\"@id\":\"https:\\\/\\\/www.eldiario.net\\\/portal\\\/#\\\/schema\\\/logo\\\/image\\\/\",\"url\":\"https:\\\/\\\/www.eldiario.net\\\/portal\\\/wp-content\\\/uploads\\\/2023\\\/07\\\/logo_ED.jpg\",\"contentUrl\":\"https:\\\/\\\/www.eldiario.net\\\/portal\\\/wp-content\\\/uploads\\\/2023\\\/07\\\/logo_ED.jpg\",\"width\":272,\"height\":52,\"caption\":\"El Diario - Decano de la prensa nacional\"},\"image\":{\"@id\":\"https:\\\/\\\/www.eldiario.net\\\/portal\\\/#\\\/schema\\\/logo\\\/image\\\/\"},\"sameAs\":[\"https:\\\/\\\/www.facebook.com\\\/eldiario.bolivia\\\/\",\"https:\\\/\\\/x.com\\\/eldiario_net\"]},{\"@type\":\"Person\",\"@id\":\"https:\\\/\\\/www.eldiario.net\\\/portal\\\/#\\\/schema\\\/person\\\/f46445640444750d7d753ccd04ae01b7\",\"name\":\"Jeanette\",\"image\":{\"@type\":\"ImageObject\",\"inLanguage\":\"es\",\"@id\":\"https:\\\/\\\/secure.gravatar.com\\\/avatar\\\/3ea2118a5f7dad2b7138b1187a6b7ee55f160b9968b66013c3a3ef39dd7e5798?s=96&d=mm&r=g\",\"url\":\"https:\\\/\\\/secure.gravatar.com\\\/avatar\\\/3ea2118a5f7dad2b7138b1187a6b7ee55f160b9968b66013c3a3ef39dd7e5798?s=96&d=mm&r=g\",\"contentUrl\":\"https:\\\/\\\/secure.gravatar.com\\\/avatar\\\/3ea2118a5f7dad2b7138b1187a6b7ee55f160b9968b66013c3a3ef39dd7e5798?s=96&d=mm&r=g\",\"caption\":\"Jeanette\"},\"sameAs\":[\"https:\\\/\\\/www.eldiario.net\\\/portal\"],\"url\":\"https:\\\/\\\/www.eldiario.net\\\/portal\\\/author\\\/jeanette\\\/\"}]}<\/script>\n<!-- \/ Yoast SEO plugin. -->","yoast_head_json":{"title":"Aplicar\u00e1n segundas dosis de Sputnik-V a partir de ma\u00f1ana - El Diario - Bolivia","robots":{"index":"index","follow":"follow","max-snippet":"max-snippet:-1","max-image-preview":"max-image-preview:large","max-video-preview":"max-video-preview:-1"},"canonical":"https:\/\/www.eldiario.net\/portal\/2021\/08\/09\/aplicaran-segundas-dosis-de-sputnik-v-a-partir-de-manana\/","og_locale":"es_ES","og_type":"article","og_title":"Aplicar\u00e1n segundas dosis de Sputnik-V a partir de ma\u00f1ana - El Diario - Bolivia","og_description":"El presidente Luis Arce Catacora anunci\u00f3 que el Fondo Ruso de Inversi\u00f3n Directa entreg\u00f3 las segundas dosis de la vacuna Sputnik-V al Gobierno boliviano, por lo que la inmunizaci\u00f3n a personas que recibieron este f\u00e1rmaco se reanudar\u00e1 durante de esta semana. Mediante su cuenta de Twitter, el primer mandatario inform\u00f3 que el compromiso asumido por [&hellip;]","og_url":"https:\/\/www.eldiario.net\/portal\/2021\/08\/09\/aplicaran-segundas-dosis-de-sputnik-v-a-partir-de-manana\/","og_site_name":"El Diario - Bolivia","article_publisher":"https:\/\/www.facebook.com\/eldiario.bolivia\/","article_published_time":"2021-08-09T10:24:02+00:00","author":"Jeanette","twitter_card":"summary_large_image","twitter_creator":"@eldiario_net","twitter_site":"@eldiario_net","twitter_misc":{"Escrito por":"Jeanette","Tiempo de lectura":"2 minutos"},"schema":{"@context":"https:\/\/schema.org","@graph":[{"@type":"Article","@id":"https:\/\/www.eldiario.net\/portal\/2021\/08\/09\/aplicaran-segundas-dosis-de-sputnik-v-a-partir-de-manana\/#article","isPartOf":{"@id":"https:\/\/www.eldiario.net\/portal\/2021\/08\/09\/aplicaran-segundas-dosis-de-sputnik-v-a-partir-de-manana\/"},"author":{"name":"Jeanette","@id":"https:\/\/www.eldiario.net\/portal\/#\/schema\/person\/f46445640444750d7d753ccd04ae01b7"},"headline":"Aplicar\u00e1n segundas dosis de Sputnik-V a partir de ma\u00f1ana","datePublished":"2021-08-09T10:24:02+00:00","mainEntityOfPage":{"@id":"https:\/\/www.eldiario.net\/portal\/2021\/08\/09\/aplicaran-segundas-dosis-de-sputnik-v-a-partir-de-manana\/"},"wordCount":366,"publisher":{"@id":"https:\/\/www.eldiario.net\/portal\/#organization"},"image":{"@id":"https:\/\/www.eldiario.net\/portal\/2021\/08\/09\/aplicaran-segundas-dosis-de-sputnik-v-a-partir-de-manana\/#primaryimage"},"thumbnailUrl":"","articleSection":["Pol\u00edtica"],"inLanguage":"es"},{"@type":"WebPage","@id":"https:\/\/www.eldiario.net\/portal\/2021\/08\/09\/aplicaran-segundas-dosis-de-sputnik-v-a-partir-de-manana\/","url":"https:\/\/www.eldiario.net\/portal\/2021\/08\/09\/aplicaran-segundas-dosis-de-sputnik-v-a-partir-de-manana\/","name":"Aplicar\u00e1n segundas dosis de Sputnik-V a partir de ma\u00f1ana - El Diario - Bolivia","isPartOf":{"@id":"https:\/\/www.eldiario.net\/portal\/#website"},"primaryImageOfPage":{"@id":"https:\/\/www.eldiario.net\/portal\/2021\/08\/09\/aplicaran-segundas-dosis-de-sputnik-v-a-partir-de-manana\/#primaryimage"},"image":{"@id":"https:\/\/www.eldiario.net\/portal\/2021\/08\/09\/aplicaran-segundas-dosis-de-sputnik-v-a-partir-de-manana\/#primaryimage"},"thumbnailUrl":"","datePublished":"2021-08-09T10:24:02+00:00","breadcrumb":{"@id":"https:\/\/www.eldiario.net\/portal\/2021\/08\/09\/aplicaran-segundas-dosis-de-sputnik-v-a-partir-de-manana\/#breadcrumb"},"inLanguage":"es","potentialAction":[{"@type":"ReadAction","target":["https:\/\/www.eldiario.net\/portal\/2021\/08\/09\/aplicaran-segundas-dosis-de-sputnik-v-a-partir-de-manana\/"]}]},{"@type":"ImageObject","inLanguage":"es","@id":"https:\/\/www.eldiario.net\/portal\/2021\/08\/09\/aplicaran-segundas-dosis-de-sputnik-v-a-partir-de-manana\/#primaryimage","url":"","contentUrl":""},{"@type":"BreadcrumbList","@id":"https:\/\/www.eldiario.net\/portal\/2021\/08\/09\/aplicaran-segundas-dosis-de-sputnik-v-a-partir-de-manana\/#breadcrumb","itemListElement":[{"@type":"ListItem","position":1,"name":"Portada","item":"https:\/\/www.eldiario.net\/portal\/"},{"@type":"ListItem","position":2,"name":"Aplicar\u00e1n segundas dosis de Sputnik-V a partir de ma\u00f1ana"}]},{"@type":"WebSite","@id":"https:\/\/www.eldiario.net\/portal\/#website","url":"https:\/\/www.eldiario.net\/portal\/","name":"El Diario - Decano de la prensa nacional","description":"El Diario - Decano de la prensa nacional","publisher":{"@id":"https:\/\/www.eldiario.net\/portal\/#organization"},"potentialAction":[{"@type":"SearchAction","target":{"@type":"EntryPoint","urlTemplate":"https:\/\/www.eldiario.net\/portal\/?s={search_term_string}"},"query-input":{"@type":"PropertyValueSpecification","valueRequired":true,"valueName":"search_term_string"}}],"inLanguage":"es"},{"@type":"Organization","@id":"https:\/\/www.eldiario.net\/portal\/#organization","name":"El Diario - Decano de la prensa nacional","url":"https:\/\/www.eldiario.net\/portal\/","logo":{"@type":"ImageObject","inLanguage":"es","@id":"https:\/\/www.eldiario.net\/portal\/#\/schema\/logo\/image\/","url":"https:\/\/www.eldiario.net\/portal\/wp-content\/uploads\/2023\/07\/logo_ED.jpg","contentUrl":"https:\/\/www.eldiario.net\/portal\/wp-content\/uploads\/2023\/07\/logo_ED.jpg","width":272,"height":52,"caption":"El Diario - Decano de la prensa nacional"},"image":{"@id":"https:\/\/www.eldiario.net\/portal\/#\/schema\/logo\/image\/"},"sameAs":["https:\/\/www.facebook.com\/eldiario.bolivia\/","https:\/\/x.com\/eldiario_net"]},{"@type":"Person","@id":"https:\/\/www.eldiario.net\/portal\/#\/schema\/person\/f46445640444750d7d753ccd04ae01b7","name":"Jeanette","image":{"@type":"ImageObject","inLanguage":"es","@id":"https:\/\/secure.gravatar.com\/avatar\/3ea2118a5f7dad2b7138b1187a6b7ee55f160b9968b66013c3a3ef39dd7e5798?s=96&d=mm&r=g","url":"https:\/\/secure.gravatar.com\/avatar\/3ea2118a5f7dad2b7138b1187a6b7ee55f160b9968b66013c3a3ef39dd7e5798?s=96&d=mm&r=g","contentUrl":"https:\/\/secure.gravatar.com\/avatar\/3ea2118a5f7dad2b7138b1187a6b7ee55f160b9968b66013c3a3ef39dd7e5798?s=96&d=mm&r=g","caption":"Jeanette"},"sameAs":["https:\/\/www.eldiario.net\/portal"],"url":"https:\/\/www.eldiario.net\/portal\/author\/jeanette\/"}]}},"_links":{"self":[{"href":"https:\/\/www.eldiario.net\/portal\/wp-json\/wp\/v2\/posts\/22350","targetHints":{"allow":["GET"]}}],"collection":[{"href":"https:\/\/www.eldiario.net\/portal\/wp-json\/wp\/v2\/posts"}],"about":[{"href":"https:\/\/www.eldiario.net\/portal\/wp-json\/wp\/v2\/types\/post"}],"author":[{"embeddable":true,"href":"https:\/\/www.eldiario.net\/portal\/wp-json\/wp\/v2\/users\/1"}],"replies":[{"embeddable":true,"href":"https:\/\/www.eldiario.net\/portal\/wp-json\/wp\/v2\/comments?post=22350"}],"version-history":[{"count":0,"href":"https:\/\/www.eldiario.net\/portal\/wp-json\/wp\/v2\/posts\/22350\/revisions"}],"wp:attachment":[{"href":"https:\/\/www.eldiario.net\/portal\/wp-json\/wp\/v2\/media?parent=22350"}],"wp:term":[{"taxonomy":"category","embeddable":true,"href":"https:\/\/www.eldiario.net\/portal\/wp-json\/wp\/v2\/categories?post=22350"},{"taxonomy":"post_tag","embeddable":true,"href":"https:\/\/www.eldiario.net\/portal\/wp-json\/wp\/v2\/tags?post=22350"}],"curies":[{"name":"wp","href":"https:\/\/api.w.org\/{rel}","templated":true}]}}