{"id":22347,"date":"2021-08-09T06:22:54","date_gmt":"2021-08-09T10:22:54","guid":{"rendered":"https:\/\/www.eldiario.net\/portal\/?p=22347"},"modified":"2021-08-09T06:22:54","modified_gmt":"2021-08-09T10:22:54","slug":"diputada-lero-asegura-que-clases-virtuales-en-area-rural-son-costosas","status":"publish","type":"post","link":"https:\/\/www.eldiario.net\/portal\/2021\/08\/09\/diputada-lero-asegura-que-clases-virtuales-en-area-rural-son-costosas\/","title":{"rendered":"Diputada Lero asegura que clases virtuales en \u00e1rea rural son costosas"},"content":{"rendered":"<p>Ante el debate por la continuidad de las labores escolares en la modalidad virtual, la diputada por Comunidad Ciudadana (CC) Toribia Lero se\u00f1al\u00f3 que las clases virtuales se han convertido en una gran inversi\u00f3n de recursos sobre todo para estudiantes y padres en el \u00e1rea rural, por lo que es necesario estudiar la aplicaci\u00f3n de otras modalidades de estudio en estas zonas.<br \/>\nLa parlamentaria sostuvo que mediante denuncias de padres de familia, se manifestaron las dificultades que atraviesan estudiantes, maestros y padres para continuar con las labores escolares en la modalidad virtual, esto debido a los altos costos y la falta de cobertura en localidades distantes.<br \/>\nLament\u00f3 que estudiantes de distintas edades y grados tengan que recorrer grandes distancias para llegar a lugares con buena se\u00f1al de internet y de esta forma poder descargar y entregar tareas encomendadas por sus educadores.<br \/>\n\u201cA m\u00ed los pap\u00e1s me han informado que hasta dos celulares se han arruinado, las se\u00f1ales de internet han colapsado, los ni\u00f1os y las ni\u00f1as tienen que recorrer kil\u00f3metros para captar se\u00f1al y bajar sus tareas\u201d, expres\u00f3 la diputada.<br \/>\nIndic\u00f3 que por estas caracter\u00edsticas, la educaci\u00f3n a distancia en el \u00e1rea rural representa un gasto elevado para los padres de familia, cualidad que no es considerada por autoridades educativas al momento de emitir instructivos relacionados a modalidades de estudio a causa de la pandemia.<br \/>\n\u201cCuando pasa eso, el costo es mayor porque los paquetes de megas que recargan se gastan r\u00e1pido, una tarea equivale a diez bolivianos, cada tarea tiene un costo as\u00ed y cada pap\u00e1 tiene hasta tres y cuatro ni\u00f1os en las comunidades por lo que al d\u00eda est\u00e1n gastando entre treinta y cuarenta bolivianos, esos costos no son considerados por el Gobierno\u201d dijo.<br \/>\nReiter\u00f3 que desde Comunidad Ciudadana ya se han presentado ocho peticiones de informe escrito y oral al Ministerio de Educaci\u00f3n, adem\u00e1s de haber solicitado que se estudie la posibilidad de aplicar otras modalidades de educaci\u00f3n en estas zonas.<\/p>\n","protected":false},"excerpt":{"rendered":"<p>Ante el debate por la continuidad de las labores escolares en la modalidad virtual, la diputada por Comunidad Ciudadana (CC) Toribia Lero se\u00f1al\u00f3 que las clases virtuales se han convertido en una gran inversi\u00f3n de recursos sobre todo para estudiantes y padres en el \u00e1rea rural, por lo que es necesario estudiar la aplicaci\u00f3n de [&hellip;]<\/p>\n","protected":false},"author":1,"featured_media":22348,"comment_status":"closed","ping_status":"closed","sticky":false,"template":"","format":"standard","meta":{"_acf_changed":false,"footnotes":""},"categories":[14],"tags":[],"class_list":["post-22347","post","type-post","status-publish","format-standard","has-post-thumbnail","category-politica"],"acf":{"antetitulo":""},"yoast_head":"<!-- This site is optimized with the Yoast SEO plugin v28.4 - https:\/\/yoast.com\/product\/yoast-seo-wordpress\/ -->\n<title>Diputada Lero asegura que clases virtuales en \u00e1rea rural son costosas - El Diario - Bolivia<\/title>\n<meta name=\"robots\" content=\"index, follow, max-snippet:-1, max-image-preview:large, max-video-preview:-1\" \/>\n<link rel=\"canonical\" href=\"https:\/\/www.eldiario.net\/portal\/2021\/08\/09\/diputada-lero-asegura-que-clases-virtuales-en-area-rural-son-costosas\/\" \/>\n<meta property=\"og:locale\" content=\"es_ES\" \/>\n<meta property=\"og:type\" content=\"article\" \/>\n<meta property=\"og:title\" content=\"Diputada Lero asegura que clases virtuales en \u00e1rea rural son costosas - El Diario - Bolivia\" \/>\n<meta property=\"og:description\" content=\"Ante el debate por la continuidad de las labores escolares en la modalidad virtual, la diputada por Comunidad Ciudadana (CC) Toribia Lero se\u00f1al\u00f3 que las clases virtuales se han convertido en una gran inversi\u00f3n de recursos sobre todo para estudiantes y padres en el \u00e1rea rural, por lo que es necesario estudiar la aplicaci\u00f3n de [&hellip;]\" \/>\n<meta property=\"og:url\" content=\"https:\/\/www.eldiario.net\/portal\/2021\/08\/09\/diputada-lero-asegura-que-clases-virtuales-en-area-rural-son-costosas\/\" \/>\n<meta property=\"og:site_name\" content=\"El Diario - Bolivia\" \/>\n<meta property=\"article:publisher\" content=\"https:\/\/www.facebook.com\/eldiario.bolivia\/\" \/>\n<meta property=\"article:published_time\" content=\"2021-08-09T10:22:54+00:00\" \/>\n<meta name=\"author\" content=\"Jeanette\" \/>\n<meta name=\"twitter:card\" content=\"summary_large_image\" \/>\n<meta name=\"twitter:creator\" content=\"@eldiario_net\" \/>\n<meta name=\"twitter:site\" content=\"@eldiario_net\" \/>\n<meta name=\"twitter:label1\" content=\"Escrito por\" \/>\n\t<meta name=\"twitter:data1\" content=\"Jeanette\" \/>\n\t<meta name=\"twitter:label2\" content=\"Tiempo de lectura\" \/>\n\t<meta name=\"twitter:data2\" content=\"2 minutos\" \/>\n<script type=\"application\/ld+json\" class=\"yoast-schema-graph\">{\"@context\":\"https:\\\/\\\/schema.org\",\"@graph\":[{\"@type\":\"Article\",\"@id\":\"https:\\\/\\\/www.eldiario.net\\\/portal\\\/2021\\\/08\\\/09\\\/diputada-lero-asegura-que-clases-virtuales-en-area-rural-son-costosas\\\/#article\",\"isPartOf\":{\"@id\":\"https:\\\/\\\/www.eldiario.net\\\/portal\\\/2021\\\/08\\\/09\\\/diputada-lero-asegura-que-clases-virtuales-en-area-rural-son-costosas\\\/\"},\"author\":{\"name\":\"Jeanette\",\"@id\":\"https:\\\/\\\/www.eldiario.net\\\/portal\\\/#\\\/schema\\\/person\\\/f46445640444750d7d753ccd04ae01b7\"},\"headline\":\"Diputada Lero asegura que clases virtuales en \u00e1rea rural son costosas\",\"datePublished\":\"2021-08-09T10:22:54+00:00\",\"mainEntityOfPage\":{\"@id\":\"https:\\\/\\\/www.eldiario.net\\\/portal\\\/2021\\\/08\\\/09\\\/diputada-lero-asegura-que-clases-virtuales-en-area-rural-son-costosas\\\/\"},\"wordCount\":355,\"publisher\":{\"@id\":\"https:\\\/\\\/www.eldiario.net\\\/portal\\\/#organization\"},\"image\":{\"@id\":\"https:\\\/\\\/www.eldiario.net\\\/portal\\\/2021\\\/08\\\/09\\\/diputada-lero-asegura-que-clases-virtuales-en-area-rural-son-costosas\\\/#primaryimage\"},\"thumbnailUrl\":\"\",\"articleSection\":[\"Pol\u00edtica\"],\"inLanguage\":\"es\"},{\"@type\":\"WebPage\",\"@id\":\"https:\\\/\\\/www.eldiario.net\\\/portal\\\/2021\\\/08\\\/09\\\/diputada-lero-asegura-que-clases-virtuales-en-area-rural-son-costosas\\\/\",\"url\":\"https:\\\/\\\/www.eldiario.net\\\/portal\\\/2021\\\/08\\\/09\\\/diputada-lero-asegura-que-clases-virtuales-en-area-rural-son-costosas\\\/\",\"name\":\"Diputada Lero asegura que clases virtuales en \u00e1rea rural son costosas - El Diario - Bolivia\",\"isPartOf\":{\"@id\":\"https:\\\/\\\/www.eldiario.net\\\/portal\\\/#website\"},\"primaryImageOfPage\":{\"@id\":\"https:\\\/\\\/www.eldiario.net\\\/portal\\\/2021\\\/08\\\/09\\\/diputada-lero-asegura-que-clases-virtuales-en-area-rural-son-costosas\\\/#primaryimage\"},\"image\":{\"@id\":\"https:\\\/\\\/www.eldiario.net\\\/portal\\\/2021\\\/08\\\/09\\\/diputada-lero-asegura-que-clases-virtuales-en-area-rural-son-costosas\\\/#primaryimage\"},\"thumbnailUrl\":\"\",\"datePublished\":\"2021-08-09T10:22:54+00:00\",\"breadcrumb\":{\"@id\":\"https:\\\/\\\/www.eldiario.net\\\/portal\\\/2021\\\/08\\\/09\\\/diputada-lero-asegura-que-clases-virtuales-en-area-rural-son-costosas\\\/#breadcrumb\"},\"inLanguage\":\"es\",\"potentialAction\":[{\"@type\":\"ReadAction\",\"target\":[\"https:\\\/\\\/www.eldiario.net\\\/portal\\\/2021\\\/08\\\/09\\\/diputada-lero-asegura-que-clases-virtuales-en-area-rural-son-costosas\\\/\"]}]},{\"@type\":\"ImageObject\",\"inLanguage\":\"es\",\"@id\":\"https:\\\/\\\/www.eldiario.net\\\/portal\\\/2021\\\/08\\\/09\\\/diputada-lero-asegura-que-clases-virtuales-en-area-rural-son-costosas\\\/#primaryimage\",\"url\":\"\",\"contentUrl\":\"\"},{\"@type\":\"BreadcrumbList\",\"@id\":\"https:\\\/\\\/www.eldiario.net\\\/portal\\\/2021\\\/08\\\/09\\\/diputada-lero-asegura-que-clases-virtuales-en-area-rural-son-costosas\\\/#breadcrumb\",\"itemListElement\":[{\"@type\":\"ListItem\",\"position\":1,\"name\":\"Portada\",\"item\":\"https:\\\/\\\/www.eldiario.net\\\/portal\\\/\"},{\"@type\":\"ListItem\",\"position\":2,\"name\":\"Diputada Lero asegura que clases virtuales en \u00e1rea rural son costosas\"}]},{\"@type\":\"WebSite\",\"@id\":\"https:\\\/\\\/www.eldiario.net\\\/portal\\\/#website\",\"url\":\"https:\\\/\\\/www.eldiario.net\\\/portal\\\/\",\"name\":\"El Diario - Decano de la prensa nacional\",\"description\":\"El Diario - Decano de la prensa nacional\",\"publisher\":{\"@id\":\"https:\\\/\\\/www.eldiario.net\\\/portal\\\/#organization\"},\"potentialAction\":[{\"@type\":\"SearchAction\",\"target\":{\"@type\":\"EntryPoint\",\"urlTemplate\":\"https:\\\/\\\/www.eldiario.net\\\/portal\\\/?s={search_term_string}\"},\"query-input\":{\"@type\":\"PropertyValueSpecification\",\"valueRequired\":true,\"valueName\":\"search_term_string\"}}],\"inLanguage\":\"es\"},{\"@type\":\"Organization\",\"@id\":\"https:\\\/\\\/www.eldiario.net\\\/portal\\\/#organization\",\"name\":\"El Diario - Decano de la prensa nacional\",\"url\":\"https:\\\/\\\/www.eldiario.net\\\/portal\\\/\",\"logo\":{\"@type\":\"ImageObject\",\"inLanguage\":\"es\",\"@id\":\"https:\\\/\\\/www.eldiario.net\\\/portal\\\/#\\\/schema\\\/logo\\\/image\\\/\",\"url\":\"https:\\\/\\\/www.eldiario.net\\\/portal\\\/wp-content\\\/uploads\\\/2023\\\/07\\\/logo_ED.jpg\",\"contentUrl\":\"https:\\\/\\\/www.eldiario.net\\\/portal\\\/wp-content\\\/uploads\\\/2023\\\/07\\\/logo_ED.jpg\",\"width\":272,\"height\":52,\"caption\":\"El Diario - Decano de la prensa nacional\"},\"image\":{\"@id\":\"https:\\\/\\\/www.eldiario.net\\\/portal\\\/#\\\/schema\\\/logo\\\/image\\\/\"},\"sameAs\":[\"https:\\\/\\\/www.facebook.com\\\/eldiario.bolivia\\\/\",\"https:\\\/\\\/x.com\\\/eldiario_net\"]},{\"@type\":\"Person\",\"@id\":\"https:\\\/\\\/www.eldiario.net\\\/portal\\\/#\\\/schema\\\/person\\\/f46445640444750d7d753ccd04ae01b7\",\"name\":\"Jeanette\",\"image\":{\"@type\":\"ImageObject\",\"inLanguage\":\"es\",\"@id\":\"https:\\\/\\\/secure.gravatar.com\\\/avatar\\\/3ea2118a5f7dad2b7138b1187a6b7ee55f160b9968b66013c3a3ef39dd7e5798?s=96&d=mm&r=g\",\"url\":\"https:\\\/\\\/secure.gravatar.com\\\/avatar\\\/3ea2118a5f7dad2b7138b1187a6b7ee55f160b9968b66013c3a3ef39dd7e5798?s=96&d=mm&r=g\",\"contentUrl\":\"https:\\\/\\\/secure.gravatar.com\\\/avatar\\\/3ea2118a5f7dad2b7138b1187a6b7ee55f160b9968b66013c3a3ef39dd7e5798?s=96&d=mm&r=g\",\"caption\":\"Jeanette\"},\"sameAs\":[\"https:\\\/\\\/www.eldiario.net\\\/portal\"],\"url\":\"https:\\\/\\\/www.eldiario.net\\\/portal\\\/author\\\/jeanette\\\/\"}]}<\/script>\n<!-- \/ Yoast SEO plugin. -->","yoast_head_json":{"title":"Diputada Lero asegura que clases virtuales en \u00e1rea rural son costosas - El Diario - Bolivia","robots":{"index":"index","follow":"follow","max-snippet":"max-snippet:-1","max-image-preview":"max-image-preview:large","max-video-preview":"max-video-preview:-1"},"canonical":"https:\/\/www.eldiario.net\/portal\/2021\/08\/09\/diputada-lero-asegura-que-clases-virtuales-en-area-rural-son-costosas\/","og_locale":"es_ES","og_type":"article","og_title":"Diputada Lero asegura que clases virtuales en \u00e1rea rural son costosas - El Diario - Bolivia","og_description":"Ante el debate por la continuidad de las labores escolares en la modalidad virtual, la diputada por Comunidad Ciudadana (CC) Toribia Lero se\u00f1al\u00f3 que las clases virtuales se han convertido en una gran inversi\u00f3n de recursos sobre todo para estudiantes y padres en el \u00e1rea rural, por lo que es necesario estudiar la aplicaci\u00f3n de [&hellip;]","og_url":"https:\/\/www.eldiario.net\/portal\/2021\/08\/09\/diputada-lero-asegura-que-clases-virtuales-en-area-rural-son-costosas\/","og_site_name":"El Diario - Bolivia","article_publisher":"https:\/\/www.facebook.com\/eldiario.bolivia\/","article_published_time":"2021-08-09T10:22:54+00:00","author":"Jeanette","twitter_card":"summary_large_image","twitter_creator":"@eldiario_net","twitter_site":"@eldiario_net","twitter_misc":{"Escrito por":"Jeanette","Tiempo de lectura":"2 minutos"},"schema":{"@context":"https:\/\/schema.org","@graph":[{"@type":"Article","@id":"https:\/\/www.eldiario.net\/portal\/2021\/08\/09\/diputada-lero-asegura-que-clases-virtuales-en-area-rural-son-costosas\/#article","isPartOf":{"@id":"https:\/\/www.eldiario.net\/portal\/2021\/08\/09\/diputada-lero-asegura-que-clases-virtuales-en-area-rural-son-costosas\/"},"author":{"name":"Jeanette","@id":"https:\/\/www.eldiario.net\/portal\/#\/schema\/person\/f46445640444750d7d753ccd04ae01b7"},"headline":"Diputada Lero asegura que clases virtuales en \u00e1rea rural son costosas","datePublished":"2021-08-09T10:22:54+00:00","mainEntityOfPage":{"@id":"https:\/\/www.eldiario.net\/portal\/2021\/08\/09\/diputada-lero-asegura-que-clases-virtuales-en-area-rural-son-costosas\/"},"wordCount":355,"publisher":{"@id":"https:\/\/www.eldiario.net\/portal\/#organization"},"image":{"@id":"https:\/\/www.eldiario.net\/portal\/2021\/08\/09\/diputada-lero-asegura-que-clases-virtuales-en-area-rural-son-costosas\/#primaryimage"},"thumbnailUrl":"","articleSection":["Pol\u00edtica"],"inLanguage":"es"},{"@type":"WebPage","@id":"https:\/\/www.eldiario.net\/portal\/2021\/08\/09\/diputada-lero-asegura-que-clases-virtuales-en-area-rural-son-costosas\/","url":"https:\/\/www.eldiario.net\/portal\/2021\/08\/09\/diputada-lero-asegura-que-clases-virtuales-en-area-rural-son-costosas\/","name":"Diputada Lero asegura que clases virtuales en \u00e1rea rural son costosas - El Diario - Bolivia","isPartOf":{"@id":"https:\/\/www.eldiario.net\/portal\/#website"},"primaryImageOfPage":{"@id":"https:\/\/www.eldiario.net\/portal\/2021\/08\/09\/diputada-lero-asegura-que-clases-virtuales-en-area-rural-son-costosas\/#primaryimage"},"image":{"@id":"https:\/\/www.eldiario.net\/portal\/2021\/08\/09\/diputada-lero-asegura-que-clases-virtuales-en-area-rural-son-costosas\/#primaryimage"},"thumbnailUrl":"","datePublished":"2021-08-09T10:22:54+00:00","breadcrumb":{"@id":"https:\/\/www.eldiario.net\/portal\/2021\/08\/09\/diputada-lero-asegura-que-clases-virtuales-en-area-rural-son-costosas\/#breadcrumb"},"inLanguage":"es","potentialAction":[{"@type":"ReadAction","target":["https:\/\/www.eldiario.net\/portal\/2021\/08\/09\/diputada-lero-asegura-que-clases-virtuales-en-area-rural-son-costosas\/"]}]},{"@type":"ImageObject","inLanguage":"es","@id":"https:\/\/www.eldiario.net\/portal\/2021\/08\/09\/diputada-lero-asegura-que-clases-virtuales-en-area-rural-son-costosas\/#primaryimage","url":"","contentUrl":""},{"@type":"BreadcrumbList","@id":"https:\/\/www.eldiario.net\/portal\/2021\/08\/09\/diputada-lero-asegura-que-clases-virtuales-en-area-rural-son-costosas\/#breadcrumb","itemListElement":[{"@type":"ListItem","position":1,"name":"Portada","item":"https:\/\/www.eldiario.net\/portal\/"},{"@type":"ListItem","position":2,"name":"Diputada Lero asegura que clases virtuales en \u00e1rea rural son costosas"}]},{"@type":"WebSite","@id":"https:\/\/www.eldiario.net\/portal\/#website","url":"https:\/\/www.eldiario.net\/portal\/","name":"El Diario - Decano de la prensa nacional","description":"El Diario - Decano de la prensa nacional","publisher":{"@id":"https:\/\/www.eldiario.net\/portal\/#organization"},"potentialAction":[{"@type":"SearchAction","target":{"@type":"EntryPoint","urlTemplate":"https:\/\/www.eldiario.net\/portal\/?s={search_term_string}"},"query-input":{"@type":"PropertyValueSpecification","valueRequired":true,"valueName":"search_term_string"}}],"inLanguage":"es"},{"@type":"Organization","@id":"https:\/\/www.eldiario.net\/portal\/#organization","name":"El Diario - Decano de la prensa nacional","url":"https:\/\/www.eldiario.net\/portal\/","logo":{"@type":"ImageObject","inLanguage":"es","@id":"https:\/\/www.eldiario.net\/portal\/#\/schema\/logo\/image\/","url":"https:\/\/www.eldiario.net\/portal\/wp-content\/uploads\/2023\/07\/logo_ED.jpg","contentUrl":"https:\/\/www.eldiario.net\/portal\/wp-content\/uploads\/2023\/07\/logo_ED.jpg","width":272,"height":52,"caption":"El Diario - Decano de la prensa nacional"},"image":{"@id":"https:\/\/www.eldiario.net\/portal\/#\/schema\/logo\/image\/"},"sameAs":["https:\/\/www.facebook.com\/eldiario.bolivia\/","https:\/\/x.com\/eldiario_net"]},{"@type":"Person","@id":"https:\/\/www.eldiario.net\/portal\/#\/schema\/person\/f46445640444750d7d753ccd04ae01b7","name":"Jeanette","image":{"@type":"ImageObject","inLanguage":"es","@id":"https:\/\/secure.gravatar.com\/avatar\/3ea2118a5f7dad2b7138b1187a6b7ee55f160b9968b66013c3a3ef39dd7e5798?s=96&d=mm&r=g","url":"https:\/\/secure.gravatar.com\/avatar\/3ea2118a5f7dad2b7138b1187a6b7ee55f160b9968b66013c3a3ef39dd7e5798?s=96&d=mm&r=g","contentUrl":"https:\/\/secure.gravatar.com\/avatar\/3ea2118a5f7dad2b7138b1187a6b7ee55f160b9968b66013c3a3ef39dd7e5798?s=96&d=mm&r=g","caption":"Jeanette"},"sameAs":["https:\/\/www.eldiario.net\/portal"],"url":"https:\/\/www.eldiario.net\/portal\/author\/jeanette\/"}]}},"_links":{"self":[{"href":"https:\/\/www.eldiario.net\/portal\/wp-json\/wp\/v2\/posts\/22347","targetHints":{"allow":["GET"]}}],"collection":[{"href":"https:\/\/www.eldiario.net\/portal\/wp-json\/wp\/v2\/posts"}],"about":[{"href":"https:\/\/www.eldiario.net\/portal\/wp-json\/wp\/v2\/types\/post"}],"author":[{"embeddable":true,"href":"https:\/\/www.eldiario.net\/portal\/wp-json\/wp\/v2\/users\/1"}],"replies":[{"embeddable":true,"href":"https:\/\/www.eldiario.net\/portal\/wp-json\/wp\/v2\/comments?post=22347"}],"version-history":[{"count":0,"href":"https:\/\/www.eldiario.net\/portal\/wp-json\/wp\/v2\/posts\/22347\/revisions"}],"wp:attachment":[{"href":"https:\/\/www.eldiario.net\/portal\/wp-json\/wp\/v2\/media?parent=22347"}],"wp:term":[{"taxonomy":"category","embeddable":true,"href":"https:\/\/www.eldiario.net\/portal\/wp-json\/wp\/v2\/categories?post=22347"},{"taxonomy":"post_tag","embeddable":true,"href":"https:\/\/www.eldiario.net\/portal\/wp-json\/wp\/v2\/tags?post=22347"}],"curies":[{"name":"wp","href":"https:\/\/api.w.org\/{rel}","templated":true}]}}