{"id":223460,"date":"2024-05-28T07:34:38","date_gmt":"2024-05-28T11:34:38","guid":{"rendered":"https:\/\/www.eldiario.net\/portal\/?p=223460"},"modified":"2024-05-28T07:34:38","modified_gmt":"2024-05-28T11:34:38","slug":"regresaran-a-su-habitat-a-condor-hembra-curada-y-rehabilitada","status":"publish","type":"post","link":"https:\/\/www.eldiario.net\/portal\/2024\/05\/28\/regresaran-a-su-habitat-a-condor-hembra-curada-y-rehabilitada\/","title":{"rendered":"Regresar\u00e1n a su h\u00e1bitat a c\u00f3ndor hembra curada y rehabilitada"},"content":{"rendered":"<p>Un sexto c\u00f3ndor andino hembra de plumas marrones y collar\u00edn, que tiene cerca de cuatro a\u00f1os de edad y que lleg\u00f3 hace dos meses al Bioparque Vesty Pakos, ser\u00e1 liberado hoy despu\u00e9s de haber sanado heridas y superar un proceso de rehabilitaci\u00f3n.<\/p>\n<p>Este ejemplar fue encontrado el 24 de marzo deshidratada y desnutrida por un comunario en el municipio de Malla de La Paz tras colisionar con un cerro. Tras ser acogida en el centro municipal, se inici\u00f3 con un tratamiento a base de antiinflamatorios, complejos multivitam\u00ednicos y fluidoterapia. La ma\u00f1ana del pasado 16 de mayo, en el ambiente denominado \u201cDomo de C\u00f3ndores\u201d, se observ\u00f3 al ave extender ambas alas, saltar entre rocas y emprender vuelo sin presentar alguna anomal\u00eda.<\/p>\n<p>\u201cSe le ha dado la atenci\u00f3n adecuada a subido de peso, se han hecho pruebas de vuelo para su liberaci\u00f3n correspondiente y est\u00e1 en muy buenas condiciones para ser restituido a su h\u00e1bitat natural\u201d, inform\u00f3 el administrador del Bioparque Municipal, Omar Rocha.<\/p>\n<p>Tras la mejor\u00eda de sus condiciones f\u00edsicas y biol\u00f3gicas que logro el equipo especializado de veterinarios del Bioparque Municipal, Pacha ser\u00e1 reinsertada al municipio de Malla a su h\u00e1bitat natural.<\/p>\n<p>Rocha detall\u00f3 que el c\u00f3ndor andino, al igual que otros seis, llevar\u00e1 un dispositivo y un n\u00famero para su seguimiento en el censo de c\u00f3ndores que se realizar\u00e1 pr\u00f3ximamente en el pa\u00eds.<\/p>\n<p>\u201cAlrededor de seis c\u00f3ndores andinos desde el 2019 llegaron al Bioparque Vesty Pakos para ser rehabilitados, a algunos de ellos se los ha puesto transmisores satelitales para que podamos hacer el seguimiento de sus desplazamientos, movimientos y ahora nuestro c\u00f3ndor ser\u00e1 liberado el d\u00eda martes (por hoy)\u201d, apunt\u00f3 el administrador.<\/p>\n","protected":false},"excerpt":{"rendered":"<p>Un sexto c\u00f3ndor andino hembra de plumas marrones y collar\u00edn, que tiene cerca de cuatro a\u00f1os de edad y que lleg\u00f3 hace dos meses al Bioparque Vesty Pakos, ser\u00e1 liberado hoy despu\u00e9s de haber sanado heridas y superar un proceso de rehabilitaci\u00f3n. Este ejemplar fue encontrado el 24 de marzo deshidratada y desnutrida por un [&hellip;]<\/p>\n","protected":false},"author":1,"featured_media":223461,"comment_status":"open","ping_status":"open","sticky":false,"template":"","format":"standard","meta":{"_acf_changed":false,"footnotes":""},"categories":[12],"tags":[],"class_list":["post-223460","post","type-post","status-publish","format-standard","has-post-thumbnail","category-nacional"],"acf":{"antetitulo":""},"yoast_head":"<!-- This site is optimized with the Yoast SEO plugin v28.4 - https:\/\/yoast.com\/product\/yoast-seo-wordpress\/ -->\n<title>Regresar\u00e1n a su h\u00e1bitat a c\u00f3ndor hembra curada y rehabilitada - El Diario - Bolivia<\/title>\n<meta name=\"robots\" content=\"index, follow, max-snippet:-1, max-image-preview:large, max-video-preview:-1\" \/>\n<link rel=\"canonical\" href=\"https:\/\/www.eldiario.net\/portal\/2024\/05\/28\/regresaran-a-su-habitat-a-condor-hembra-curada-y-rehabilitada\/\" \/>\n<meta property=\"og:locale\" content=\"es_ES\" \/>\n<meta property=\"og:type\" content=\"article\" \/>\n<meta property=\"og:title\" content=\"Regresar\u00e1n a su h\u00e1bitat a c\u00f3ndor hembra curada y rehabilitada - El Diario - Bolivia\" \/>\n<meta property=\"og:description\" content=\"Un sexto c\u00f3ndor andino hembra de plumas marrones y collar\u00edn, que tiene cerca de cuatro a\u00f1os de edad y que lleg\u00f3 hace dos meses al Bioparque Vesty Pakos, ser\u00e1 liberado hoy despu\u00e9s de haber sanado heridas y superar un proceso de rehabilitaci\u00f3n. Este ejemplar fue encontrado el 24 de marzo deshidratada y desnutrida por un [&hellip;]\" \/>\n<meta property=\"og:url\" content=\"https:\/\/www.eldiario.net\/portal\/2024\/05\/28\/regresaran-a-su-habitat-a-condor-hembra-curada-y-rehabilitada\/\" \/>\n<meta property=\"og:site_name\" content=\"El Diario - Bolivia\" \/>\n<meta property=\"article:publisher\" content=\"https:\/\/www.facebook.com\/eldiario.bolivia\/\" \/>\n<meta property=\"article:published_time\" content=\"2024-05-28T11:34:38+00:00\" \/>\n<meta property=\"og:image\" content=\"https:\/\/www.eldiario.net\/portal\/wp-content\/uploads\/2024\/05\/AVE-FOTO.jpeg\" \/>\n\t<meta property=\"og:image:width\" content=\"1024\" \/>\n\t<meta property=\"og:image:height\" content=\"768\" \/>\n\t<meta property=\"og:image:type\" content=\"image\/jpeg\" \/>\n<meta name=\"author\" content=\"Jeanette\" \/>\n<meta name=\"twitter:card\" content=\"summary_large_image\" \/>\n<meta name=\"twitter:creator\" content=\"@eldiario_net\" \/>\n<meta name=\"twitter:site\" content=\"@eldiario_net\" \/>\n<meta name=\"twitter:label1\" content=\"Escrito por\" \/>\n\t<meta name=\"twitter:data1\" content=\"Jeanette\" \/>\n\t<meta name=\"twitter:label2\" content=\"Tiempo de lectura\" \/>\n\t<meta name=\"twitter:data2\" content=\"2 minutos\" \/>\n<script type=\"application\/ld+json\" class=\"yoast-schema-graph\">{\"@context\":\"https:\\\/\\\/schema.org\",\"@graph\":[{\"@type\":\"Article\",\"@id\":\"https:\\\/\\\/www.eldiario.net\\\/portal\\\/2024\\\/05\\\/28\\\/regresaran-a-su-habitat-a-condor-hembra-curada-y-rehabilitada\\\/#article\",\"isPartOf\":{\"@id\":\"https:\\\/\\\/www.eldiario.net\\\/portal\\\/2024\\\/05\\\/28\\\/regresaran-a-su-habitat-a-condor-hembra-curada-y-rehabilitada\\\/\"},\"author\":{\"name\":\"Jeanette\",\"@id\":\"https:\\\/\\\/www.eldiario.net\\\/portal\\\/#\\\/schema\\\/person\\\/f46445640444750d7d753ccd04ae01b7\"},\"headline\":\"Regresar\u00e1n a su h\u00e1bitat a c\u00f3ndor hembra curada y rehabilitada\",\"datePublished\":\"2024-05-28T11:34:38+00:00\",\"mainEntityOfPage\":{\"@id\":\"https:\\\/\\\/www.eldiario.net\\\/portal\\\/2024\\\/05\\\/28\\\/regresaran-a-su-habitat-a-condor-hembra-curada-y-rehabilitada\\\/\"},\"wordCount\":308,\"commentCount\":0,\"publisher\":{\"@id\":\"https:\\\/\\\/www.eldiario.net\\\/portal\\\/#organization\"},\"image\":{\"@id\":\"https:\\\/\\\/www.eldiario.net\\\/portal\\\/2024\\\/05\\\/28\\\/regresaran-a-su-habitat-a-condor-hembra-curada-y-rehabilitada\\\/#primaryimage\"},\"thumbnailUrl\":\"https:\\\/\\\/www.eldiario.net\\\/portal\\\/wp-content\\\/uploads\\\/2024\\\/05\\\/AVE-FOTO.jpeg\",\"articleSection\":[\"Nacional\"],\"inLanguage\":\"es\",\"potentialAction\":[{\"@type\":\"CommentAction\",\"name\":\"Comment\",\"target\":[\"https:\\\/\\\/www.eldiario.net\\\/portal\\\/2024\\\/05\\\/28\\\/regresaran-a-su-habitat-a-condor-hembra-curada-y-rehabilitada\\\/#respond\"]}]},{\"@type\":\"WebPage\",\"@id\":\"https:\\\/\\\/www.eldiario.net\\\/portal\\\/2024\\\/05\\\/28\\\/regresaran-a-su-habitat-a-condor-hembra-curada-y-rehabilitada\\\/\",\"url\":\"https:\\\/\\\/www.eldiario.net\\\/portal\\\/2024\\\/05\\\/28\\\/regresaran-a-su-habitat-a-condor-hembra-curada-y-rehabilitada\\\/\",\"name\":\"Regresar\u00e1n a su h\u00e1bitat a c\u00f3ndor hembra curada y rehabilitada - El Diario - Bolivia\",\"isPartOf\":{\"@id\":\"https:\\\/\\\/www.eldiario.net\\\/portal\\\/#website\"},\"primaryImageOfPage\":{\"@id\":\"https:\\\/\\\/www.eldiario.net\\\/portal\\\/2024\\\/05\\\/28\\\/regresaran-a-su-habitat-a-condor-hembra-curada-y-rehabilitada\\\/#primaryimage\"},\"image\":{\"@id\":\"https:\\\/\\\/www.eldiario.net\\\/portal\\\/2024\\\/05\\\/28\\\/regresaran-a-su-habitat-a-condor-hembra-curada-y-rehabilitada\\\/#primaryimage\"},\"thumbnailUrl\":\"https:\\\/\\\/www.eldiario.net\\\/portal\\\/wp-content\\\/uploads\\\/2024\\\/05\\\/AVE-FOTO.jpeg\",\"datePublished\":\"2024-05-28T11:34:38+00:00\",\"breadcrumb\":{\"@id\":\"https:\\\/\\\/www.eldiario.net\\\/portal\\\/2024\\\/05\\\/28\\\/regresaran-a-su-habitat-a-condor-hembra-curada-y-rehabilitada\\\/#breadcrumb\"},\"inLanguage\":\"es\",\"potentialAction\":[{\"@type\":\"ReadAction\",\"target\":[\"https:\\\/\\\/www.eldiario.net\\\/portal\\\/2024\\\/05\\\/28\\\/regresaran-a-su-habitat-a-condor-hembra-curada-y-rehabilitada\\\/\"]}]},{\"@type\":\"ImageObject\",\"inLanguage\":\"es\",\"@id\":\"https:\\\/\\\/www.eldiario.net\\\/portal\\\/2024\\\/05\\\/28\\\/regresaran-a-su-habitat-a-condor-hembra-curada-y-rehabilitada\\\/#primaryimage\",\"url\":\"https:\\\/\\\/www.eldiario.net\\\/portal\\\/wp-content\\\/uploads\\\/2024\\\/05\\\/AVE-FOTO.jpeg\",\"contentUrl\":\"https:\\\/\\\/www.eldiario.net\\\/portal\\\/wp-content\\\/uploads\\\/2024\\\/05\\\/AVE-FOTO.jpeg\",\"width\":1024,\"height\":768,\"caption\":\"Pacha ser\u00e1 liberada y llevar\u00e1 un dispositivo de seguimiento. Cr\u00e9dito: Gamlp\"},{\"@type\":\"BreadcrumbList\",\"@id\":\"https:\\\/\\\/www.eldiario.net\\\/portal\\\/2024\\\/05\\\/28\\\/regresaran-a-su-habitat-a-condor-hembra-curada-y-rehabilitada\\\/#breadcrumb\",\"itemListElement\":[{\"@type\":\"ListItem\",\"position\":1,\"name\":\"Portada\",\"item\":\"https:\\\/\\\/www.eldiario.net\\\/portal\\\/\"},{\"@type\":\"ListItem\",\"position\":2,\"name\":\"Regresar\u00e1n a su h\u00e1bitat a c\u00f3ndor hembra curada y rehabilitada\"}]},{\"@type\":\"WebSite\",\"@id\":\"https:\\\/\\\/www.eldiario.net\\\/portal\\\/#website\",\"url\":\"https:\\\/\\\/www.eldiario.net\\\/portal\\\/\",\"name\":\"El Diario - Decano de la prensa nacional\",\"description\":\"El Diario - Decano de la prensa nacional\",\"publisher\":{\"@id\":\"https:\\\/\\\/www.eldiario.net\\\/portal\\\/#organization\"},\"potentialAction\":[{\"@type\":\"SearchAction\",\"target\":{\"@type\":\"EntryPoint\",\"urlTemplate\":\"https:\\\/\\\/www.eldiario.net\\\/portal\\\/?s={search_term_string}\"},\"query-input\":{\"@type\":\"PropertyValueSpecification\",\"valueRequired\":true,\"valueName\":\"search_term_string\"}}],\"inLanguage\":\"es\"},{\"@type\":\"Organization\",\"@id\":\"https:\\\/\\\/www.eldiario.net\\\/portal\\\/#organization\",\"name\":\"El Diario - Decano de la prensa nacional\",\"url\":\"https:\\\/\\\/www.eldiario.net\\\/portal\\\/\",\"logo\":{\"@type\":\"ImageObject\",\"inLanguage\":\"es\",\"@id\":\"https:\\\/\\\/www.eldiario.net\\\/portal\\\/#\\\/schema\\\/logo\\\/image\\\/\",\"url\":\"https:\\\/\\\/www.eldiario.net\\\/portal\\\/wp-content\\\/uploads\\\/2023\\\/07\\\/logo_ED.jpg\",\"contentUrl\":\"https:\\\/\\\/www.eldiario.net\\\/portal\\\/wp-content\\\/uploads\\\/2023\\\/07\\\/logo_ED.jpg\",\"width\":272,\"height\":52,\"caption\":\"El Diario - Decano de la prensa nacional\"},\"image\":{\"@id\":\"https:\\\/\\\/www.eldiario.net\\\/portal\\\/#\\\/schema\\\/logo\\\/image\\\/\"},\"sameAs\":[\"https:\\\/\\\/www.facebook.com\\\/eldiario.bolivia\\\/\",\"https:\\\/\\\/x.com\\\/eldiario_net\"]},{\"@type\":\"Person\",\"@id\":\"https:\\\/\\\/www.eldiario.net\\\/portal\\\/#\\\/schema\\\/person\\\/f46445640444750d7d753ccd04ae01b7\",\"name\":\"Jeanette\",\"image\":{\"@type\":\"ImageObject\",\"inLanguage\":\"es\",\"@id\":\"https:\\\/\\\/secure.gravatar.com\\\/avatar\\\/3ea2118a5f7dad2b7138b1187a6b7ee55f160b9968b66013c3a3ef39dd7e5798?s=96&d=mm&r=g\",\"url\":\"https:\\\/\\\/secure.gravatar.com\\\/avatar\\\/3ea2118a5f7dad2b7138b1187a6b7ee55f160b9968b66013c3a3ef39dd7e5798?s=96&d=mm&r=g\",\"contentUrl\":\"https:\\\/\\\/secure.gravatar.com\\\/avatar\\\/3ea2118a5f7dad2b7138b1187a6b7ee55f160b9968b66013c3a3ef39dd7e5798?s=96&d=mm&r=g\",\"caption\":\"Jeanette\"},\"sameAs\":[\"https:\\\/\\\/www.eldiario.net\\\/portal\"],\"url\":\"https:\\\/\\\/www.eldiario.net\\\/portal\\\/author\\\/jeanette\\\/\"}]}<\/script>\n<!-- \/ Yoast SEO plugin. -->","yoast_head_json":{"title":"Regresar\u00e1n a su h\u00e1bitat a c\u00f3ndor hembra curada y rehabilitada - El Diario - Bolivia","robots":{"index":"index","follow":"follow","max-snippet":"max-snippet:-1","max-image-preview":"max-image-preview:large","max-video-preview":"max-video-preview:-1"},"canonical":"https:\/\/www.eldiario.net\/portal\/2024\/05\/28\/regresaran-a-su-habitat-a-condor-hembra-curada-y-rehabilitada\/","og_locale":"es_ES","og_type":"article","og_title":"Regresar\u00e1n a su h\u00e1bitat a c\u00f3ndor hembra curada y rehabilitada - El Diario - Bolivia","og_description":"Un sexto c\u00f3ndor andino hembra de plumas marrones y collar\u00edn, que tiene cerca de cuatro a\u00f1os de edad y que lleg\u00f3 hace dos meses al Bioparque Vesty Pakos, ser\u00e1 liberado hoy despu\u00e9s de haber sanado heridas y superar un proceso de rehabilitaci\u00f3n. Este ejemplar fue encontrado el 24 de marzo deshidratada y desnutrida por un [&hellip;]","og_url":"https:\/\/www.eldiario.net\/portal\/2024\/05\/28\/regresaran-a-su-habitat-a-condor-hembra-curada-y-rehabilitada\/","og_site_name":"El Diario - Bolivia","article_publisher":"https:\/\/www.facebook.com\/eldiario.bolivia\/","article_published_time":"2024-05-28T11:34:38+00:00","og_image":[{"width":1024,"height":768,"url":"https:\/\/www.eldiario.net\/portal\/wp-content\/uploads\/2024\/05\/AVE-FOTO.jpeg","type":"image\/jpeg"}],"author":"Jeanette","twitter_card":"summary_large_image","twitter_creator":"@eldiario_net","twitter_site":"@eldiario_net","twitter_misc":{"Escrito por":"Jeanette","Tiempo de lectura":"2 minutos"},"schema":{"@context":"https:\/\/schema.org","@graph":[{"@type":"Article","@id":"https:\/\/www.eldiario.net\/portal\/2024\/05\/28\/regresaran-a-su-habitat-a-condor-hembra-curada-y-rehabilitada\/#article","isPartOf":{"@id":"https:\/\/www.eldiario.net\/portal\/2024\/05\/28\/regresaran-a-su-habitat-a-condor-hembra-curada-y-rehabilitada\/"},"author":{"name":"Jeanette","@id":"https:\/\/www.eldiario.net\/portal\/#\/schema\/person\/f46445640444750d7d753ccd04ae01b7"},"headline":"Regresar\u00e1n a su h\u00e1bitat a c\u00f3ndor hembra curada y rehabilitada","datePublished":"2024-05-28T11:34:38+00:00","mainEntityOfPage":{"@id":"https:\/\/www.eldiario.net\/portal\/2024\/05\/28\/regresaran-a-su-habitat-a-condor-hembra-curada-y-rehabilitada\/"},"wordCount":308,"commentCount":0,"publisher":{"@id":"https:\/\/www.eldiario.net\/portal\/#organization"},"image":{"@id":"https:\/\/www.eldiario.net\/portal\/2024\/05\/28\/regresaran-a-su-habitat-a-condor-hembra-curada-y-rehabilitada\/#primaryimage"},"thumbnailUrl":"https:\/\/www.eldiario.net\/portal\/wp-content\/uploads\/2024\/05\/AVE-FOTO.jpeg","articleSection":["Nacional"],"inLanguage":"es","potentialAction":[{"@type":"CommentAction","name":"Comment","target":["https:\/\/www.eldiario.net\/portal\/2024\/05\/28\/regresaran-a-su-habitat-a-condor-hembra-curada-y-rehabilitada\/#respond"]}]},{"@type":"WebPage","@id":"https:\/\/www.eldiario.net\/portal\/2024\/05\/28\/regresaran-a-su-habitat-a-condor-hembra-curada-y-rehabilitada\/","url":"https:\/\/www.eldiario.net\/portal\/2024\/05\/28\/regresaran-a-su-habitat-a-condor-hembra-curada-y-rehabilitada\/","name":"Regresar\u00e1n a su h\u00e1bitat a c\u00f3ndor hembra curada y rehabilitada - El Diario - Bolivia","isPartOf":{"@id":"https:\/\/www.eldiario.net\/portal\/#website"},"primaryImageOfPage":{"@id":"https:\/\/www.eldiario.net\/portal\/2024\/05\/28\/regresaran-a-su-habitat-a-condor-hembra-curada-y-rehabilitada\/#primaryimage"},"image":{"@id":"https:\/\/www.eldiario.net\/portal\/2024\/05\/28\/regresaran-a-su-habitat-a-condor-hembra-curada-y-rehabilitada\/#primaryimage"},"thumbnailUrl":"https:\/\/www.eldiario.net\/portal\/wp-content\/uploads\/2024\/05\/AVE-FOTO.jpeg","datePublished":"2024-05-28T11:34:38+00:00","breadcrumb":{"@id":"https:\/\/www.eldiario.net\/portal\/2024\/05\/28\/regresaran-a-su-habitat-a-condor-hembra-curada-y-rehabilitada\/#breadcrumb"},"inLanguage":"es","potentialAction":[{"@type":"ReadAction","target":["https:\/\/www.eldiario.net\/portal\/2024\/05\/28\/regresaran-a-su-habitat-a-condor-hembra-curada-y-rehabilitada\/"]}]},{"@type":"ImageObject","inLanguage":"es","@id":"https:\/\/www.eldiario.net\/portal\/2024\/05\/28\/regresaran-a-su-habitat-a-condor-hembra-curada-y-rehabilitada\/#primaryimage","url":"https:\/\/www.eldiario.net\/portal\/wp-content\/uploads\/2024\/05\/AVE-FOTO.jpeg","contentUrl":"https:\/\/www.eldiario.net\/portal\/wp-content\/uploads\/2024\/05\/AVE-FOTO.jpeg","width":1024,"height":768,"caption":"Pacha ser\u00e1 liberada y llevar\u00e1 un dispositivo de seguimiento. Cr\u00e9dito: Gamlp"},{"@type":"BreadcrumbList","@id":"https:\/\/www.eldiario.net\/portal\/2024\/05\/28\/regresaran-a-su-habitat-a-condor-hembra-curada-y-rehabilitada\/#breadcrumb","itemListElement":[{"@type":"ListItem","position":1,"name":"Portada","item":"https:\/\/www.eldiario.net\/portal\/"},{"@type":"ListItem","position":2,"name":"Regresar\u00e1n a su h\u00e1bitat a c\u00f3ndor hembra curada y rehabilitada"}]},{"@type":"WebSite","@id":"https:\/\/www.eldiario.net\/portal\/#website","url":"https:\/\/www.eldiario.net\/portal\/","name":"El Diario - Decano de la prensa nacional","description":"El Diario - Decano de la prensa nacional","publisher":{"@id":"https:\/\/www.eldiario.net\/portal\/#organization"},"potentialAction":[{"@type":"SearchAction","target":{"@type":"EntryPoint","urlTemplate":"https:\/\/www.eldiario.net\/portal\/?s={search_term_string}"},"query-input":{"@type":"PropertyValueSpecification","valueRequired":true,"valueName":"search_term_string"}}],"inLanguage":"es"},{"@type":"Organization","@id":"https:\/\/www.eldiario.net\/portal\/#organization","name":"El Diario - Decano de la prensa nacional","url":"https:\/\/www.eldiario.net\/portal\/","logo":{"@type":"ImageObject","inLanguage":"es","@id":"https:\/\/www.eldiario.net\/portal\/#\/schema\/logo\/image\/","url":"https:\/\/www.eldiario.net\/portal\/wp-content\/uploads\/2023\/07\/logo_ED.jpg","contentUrl":"https:\/\/www.eldiario.net\/portal\/wp-content\/uploads\/2023\/07\/logo_ED.jpg","width":272,"height":52,"caption":"El Diario - Decano de la prensa nacional"},"image":{"@id":"https:\/\/www.eldiario.net\/portal\/#\/schema\/logo\/image\/"},"sameAs":["https:\/\/www.facebook.com\/eldiario.bolivia\/","https:\/\/x.com\/eldiario_net"]},{"@type":"Person","@id":"https:\/\/www.eldiario.net\/portal\/#\/schema\/person\/f46445640444750d7d753ccd04ae01b7","name":"Jeanette","image":{"@type":"ImageObject","inLanguage":"es","@id":"https:\/\/secure.gravatar.com\/avatar\/3ea2118a5f7dad2b7138b1187a6b7ee55f160b9968b66013c3a3ef39dd7e5798?s=96&d=mm&r=g","url":"https:\/\/secure.gravatar.com\/avatar\/3ea2118a5f7dad2b7138b1187a6b7ee55f160b9968b66013c3a3ef39dd7e5798?s=96&d=mm&r=g","contentUrl":"https:\/\/secure.gravatar.com\/avatar\/3ea2118a5f7dad2b7138b1187a6b7ee55f160b9968b66013c3a3ef39dd7e5798?s=96&d=mm&r=g","caption":"Jeanette"},"sameAs":["https:\/\/www.eldiario.net\/portal"],"url":"https:\/\/www.eldiario.net\/portal\/author\/jeanette\/"}]}},"_links":{"self":[{"href":"https:\/\/www.eldiario.net\/portal\/wp-json\/wp\/v2\/posts\/223460","targetHints":{"allow":["GET"]}}],"collection":[{"href":"https:\/\/www.eldiario.net\/portal\/wp-json\/wp\/v2\/posts"}],"about":[{"href":"https:\/\/www.eldiario.net\/portal\/wp-json\/wp\/v2\/types\/post"}],"author":[{"embeddable":true,"href":"https:\/\/www.eldiario.net\/portal\/wp-json\/wp\/v2\/users\/1"}],"replies":[{"embeddable":true,"href":"https:\/\/www.eldiario.net\/portal\/wp-json\/wp\/v2\/comments?post=223460"}],"version-history":[{"count":1,"href":"https:\/\/www.eldiario.net\/portal\/wp-json\/wp\/v2\/posts\/223460\/revisions"}],"predecessor-version":[{"id":223462,"href":"https:\/\/www.eldiario.net\/portal\/wp-json\/wp\/v2\/posts\/223460\/revisions\/223462"}],"wp:featuredmedia":[{"embeddable":true,"href":"https:\/\/www.eldiario.net\/portal\/wp-json\/wp\/v2\/media\/223461"}],"wp:attachment":[{"href":"https:\/\/www.eldiario.net\/portal\/wp-json\/wp\/v2\/media?parent=223460"}],"wp:term":[{"taxonomy":"category","embeddable":true,"href":"https:\/\/www.eldiario.net\/portal\/wp-json\/wp\/v2\/categories?post=223460"},{"taxonomy":"post_tag","embeddable":true,"href":"https:\/\/www.eldiario.net\/portal\/wp-json\/wp\/v2\/tags?post=223460"}],"curies":[{"name":"wp","href":"https:\/\/api.w.org\/{rel}","templated":true}]}}