{"id":223451,"date":"2024-05-28T07:32:04","date_gmt":"2024-05-28T11:32:04","guid":{"rendered":"https:\/\/www.eldiario.net\/portal\/?p=223451"},"modified":"2024-05-28T07:32:04","modified_gmt":"2024-05-28T11:32:04","slug":"aduccion-de-agua-potable-beneficia-a-3-mil-personas","status":"publish","type":"post","link":"https:\/\/www.eldiario.net\/portal\/2024\/05\/28\/aduccion-de-agua-potable-beneficia-a-3-mil-personas\/","title":{"rendered":"Aducci\u00f3n de agua potable beneficia a 3 mil personas"},"content":{"rendered":"<p>M\u00e1s de 3.000 habitantes de la zona Sur, ser\u00e1n beneficiados con la construcci\u00f3n de una aducci\u00f3n para agua potable en la OTB Santa Vera Cruz del Distrito 8.<\/p>\n<p>El ejecutivo de la fundaci\u00f3n Aguatuya, Renato Montoya, explic\u00f3 que para esta aducci\u00f3n se construir\u00e1 una interconexi\u00f3n desde el sector de Tackoloma hasta Santa Veracruz, con una longitud de m\u00e1s de 1.600 metros lineales de Tuber\u00eda de Polietileno de Alta Densidad (HDPE).<\/p>\n<p>La provisi\u00f3n de la tuber\u00eda HDPE la realizar\u00e1 en calidad de donaci\u00f3n la fundaci\u00f3n Aguatuya. Tuber\u00eda de 110 mil\u00edmetros, sostuvo.<\/p>\n<p>El costo total del proyecto supera los 1.140,417.20 millones de bolivianos.<\/p>\n<p>SEMAPA aportar\u00e1 con m\u00e1s de 85 por ciento (Bs 969.736), en tanto la fundaci\u00f3n Aguatuya el 14.9% (Bs. 170.681).<\/p>\n<p>El principal objetivo de la actual gesti\u00f3n es concluir esta obra hasta septiembre de este a\u00f1o y beneficiar a m\u00e1s de 3 mil habitantes de Santa Veracruz y Nueva Santa Vera Cruz que por primera vez contar\u00e1n con el servicio de agua potable en sus hogares.<\/p>\n<p>En la actualidad existe un crecimiento demogr\u00e1fico de la poblaci\u00f3n en Cochabamba y en especial en el Distrito 8 que se encuentra dentro el \u00c1rea de Concesi\u00f3n de Semapa, donde se puede observar que la OTB Santa Vera Cruz no cuenta con una fuente de agua potable para su posterior distribuci\u00f3n a los vecinos.<\/p>\n<p>Esta obra fue inaugurada con la presencia del alcalde de Cochabamba, Manfred Reyes Villa, dirigentes distritales, de Mancomunidades y OTB&#8217;s que se beneficiar\u00e1n con el agua potable de Semapa.<\/p>\n<p>\u00abEs importante que los vecinos cuenten con agua para ducharse y para su consumo. Es un proyecto que mejorar\u00e1 la calidad de vida de los cochabambinos\u00bb, dijo el alcalde, Manfred Reyes Villa.<\/p>\n<p>Finalmente, el dirigente de los vecinos, Jorge Olgu\u00edn, agradeci\u00f3 el trabajo de la actual gesti\u00f3n, \u00abDesde hace m\u00e1s de 14 a\u00f1os la zona sur se encontraba totalmente olvidada, pero ahora podemos tener obras en beneficio de los vecinos de esta zona\u00bb, sostuvo. (Cochabamba, agencias)<\/p>\n","protected":false},"excerpt":{"rendered":"<p>M\u00e1s de 3.000 habitantes de la zona Sur, ser\u00e1n beneficiados con la construcci\u00f3n de una aducci\u00f3n para agua potable en la OTB Santa Vera Cruz del Distrito 8. El ejecutivo de la fundaci\u00f3n Aguatuya, Renato Montoya, explic\u00f3 que para esta aducci\u00f3n se construir\u00e1 una interconexi\u00f3n desde el sector de Tackoloma hasta Santa Veracruz, con una [&hellip;]<\/p>\n","protected":false},"author":1,"featured_media":223452,"comment_status":"open","ping_status":"open","sticky":false,"template":"","format":"standard","meta":{"_acf_changed":false,"footnotes":""},"categories":[12],"tags":[],"class_list":["post-223451","post","type-post","status-publish","format-standard","has-post-thumbnail","category-nacional"],"acf":{"antetitulo":"Cochabamba"},"yoast_head":"<!-- This site is optimized with the Yoast SEO plugin v28.3 - https:\/\/yoast.com\/product\/yoast-seo-wordpress\/ -->\n<title>Aducci\u00f3n de agua potable beneficia a 3 mil personas - El Diario - Bolivia<\/title>\n<meta name=\"robots\" content=\"index, follow, max-snippet:-1, max-image-preview:large, max-video-preview:-1\" \/>\n<link rel=\"canonical\" href=\"https:\/\/www.eldiario.net\/portal\/2024\/05\/28\/aduccion-de-agua-potable-beneficia-a-3-mil-personas\/\" \/>\n<meta property=\"og:locale\" content=\"es_ES\" \/>\n<meta property=\"og:type\" content=\"article\" \/>\n<meta property=\"og:title\" content=\"Aducci\u00f3n de agua potable beneficia a 3 mil personas - El Diario - Bolivia\" \/>\n<meta property=\"og:description\" content=\"M\u00e1s de 3.000 habitantes de la zona Sur, ser\u00e1n beneficiados con la construcci\u00f3n de una aducci\u00f3n para agua potable en la OTB Santa Vera Cruz del Distrito 8. El ejecutivo de la fundaci\u00f3n Aguatuya, Renato Montoya, explic\u00f3 que para esta aducci\u00f3n se construir\u00e1 una interconexi\u00f3n desde el sector de Tackoloma hasta Santa Veracruz, con una [&hellip;]\" \/>\n<meta property=\"og:url\" content=\"https:\/\/www.eldiario.net\/portal\/2024\/05\/28\/aduccion-de-agua-potable-beneficia-a-3-mil-personas\/\" \/>\n<meta property=\"og:site_name\" content=\"El Diario - Bolivia\" \/>\n<meta property=\"article:publisher\" content=\"https:\/\/www.facebook.com\/eldiario.bolivia\/\" \/>\n<meta property=\"article:published_time\" content=\"2024-05-28T11:32:04+00:00\" \/>\n<meta property=\"og:image\" content=\"https:\/\/www.eldiario.net\/portal\/wp-content\/uploads\/2024\/05\/AGUA-FOTO-1.jpg\" \/>\n\t<meta property=\"og:image:width\" content=\"1200\" \/>\n\t<meta property=\"og:image:height\" content=\"966\" \/>\n\t<meta property=\"og:image:type\" content=\"image\/jpeg\" \/>\n<meta name=\"author\" content=\"Jeanette\" \/>\n<meta name=\"twitter:card\" content=\"summary_large_image\" \/>\n<meta name=\"twitter:creator\" content=\"@eldiario_net\" \/>\n<meta name=\"twitter:site\" content=\"@eldiario_net\" \/>\n<meta name=\"twitter:label1\" content=\"Escrito por\" \/>\n\t<meta name=\"twitter:data1\" content=\"Jeanette\" \/>\n\t<meta name=\"twitter:label2\" content=\"Tiempo de lectura\" \/>\n\t<meta name=\"twitter:data2\" content=\"2 minutos\" \/>\n<script type=\"application\/ld+json\" class=\"yoast-schema-graph\">{\"@context\":\"https:\\\/\\\/schema.org\",\"@graph\":[{\"@type\":\"Article\",\"@id\":\"https:\\\/\\\/www.eldiario.net\\\/portal\\\/2024\\\/05\\\/28\\\/aduccion-de-agua-potable-beneficia-a-3-mil-personas\\\/#article\",\"isPartOf\":{\"@id\":\"https:\\\/\\\/www.eldiario.net\\\/portal\\\/2024\\\/05\\\/28\\\/aduccion-de-agua-potable-beneficia-a-3-mil-personas\\\/\"},\"author\":{\"name\":\"Jeanette\",\"@id\":\"https:\\\/\\\/www.eldiario.net\\\/portal\\\/#\\\/schema\\\/person\\\/f46445640444750d7d753ccd04ae01b7\"},\"headline\":\"Aducci\u00f3n de agua potable beneficia a 3 mil personas\",\"datePublished\":\"2024-05-28T11:32:04+00:00\",\"mainEntityOfPage\":{\"@id\":\"https:\\\/\\\/www.eldiario.net\\\/portal\\\/2024\\\/05\\\/28\\\/aduccion-de-agua-potable-beneficia-a-3-mil-personas\\\/\"},\"wordCount\":353,\"commentCount\":0,\"publisher\":{\"@id\":\"https:\\\/\\\/www.eldiario.net\\\/portal\\\/#organization\"},\"image\":{\"@id\":\"https:\\\/\\\/www.eldiario.net\\\/portal\\\/2024\\\/05\\\/28\\\/aduccion-de-agua-potable-beneficia-a-3-mil-personas\\\/#primaryimage\"},\"thumbnailUrl\":\"https:\\\/\\\/www.eldiario.net\\\/portal\\\/wp-content\\\/uploads\\\/2024\\\/05\\\/AGUA-FOTO-1.jpg\",\"articleSection\":[\"Nacional\"],\"inLanguage\":\"es\",\"potentialAction\":[{\"@type\":\"CommentAction\",\"name\":\"Comment\",\"target\":[\"https:\\\/\\\/www.eldiario.net\\\/portal\\\/2024\\\/05\\\/28\\\/aduccion-de-agua-potable-beneficia-a-3-mil-personas\\\/#respond\"]}]},{\"@type\":\"WebPage\",\"@id\":\"https:\\\/\\\/www.eldiario.net\\\/portal\\\/2024\\\/05\\\/28\\\/aduccion-de-agua-potable-beneficia-a-3-mil-personas\\\/\",\"url\":\"https:\\\/\\\/www.eldiario.net\\\/portal\\\/2024\\\/05\\\/28\\\/aduccion-de-agua-potable-beneficia-a-3-mil-personas\\\/\",\"name\":\"Aducci\u00f3n de agua potable beneficia a 3 mil personas - El Diario - Bolivia\",\"isPartOf\":{\"@id\":\"https:\\\/\\\/www.eldiario.net\\\/portal\\\/#website\"},\"primaryImageOfPage\":{\"@id\":\"https:\\\/\\\/www.eldiario.net\\\/portal\\\/2024\\\/05\\\/28\\\/aduccion-de-agua-potable-beneficia-a-3-mil-personas\\\/#primaryimage\"},\"image\":{\"@id\":\"https:\\\/\\\/www.eldiario.net\\\/portal\\\/2024\\\/05\\\/28\\\/aduccion-de-agua-potable-beneficia-a-3-mil-personas\\\/#primaryimage\"},\"thumbnailUrl\":\"https:\\\/\\\/www.eldiario.net\\\/portal\\\/wp-content\\\/uploads\\\/2024\\\/05\\\/AGUA-FOTO-1.jpg\",\"datePublished\":\"2024-05-28T11:32:04+00:00\",\"breadcrumb\":{\"@id\":\"https:\\\/\\\/www.eldiario.net\\\/portal\\\/2024\\\/05\\\/28\\\/aduccion-de-agua-potable-beneficia-a-3-mil-personas\\\/#breadcrumb\"},\"inLanguage\":\"es\",\"potentialAction\":[{\"@type\":\"ReadAction\",\"target\":[\"https:\\\/\\\/www.eldiario.net\\\/portal\\\/2024\\\/05\\\/28\\\/aduccion-de-agua-potable-beneficia-a-3-mil-personas\\\/\"]}]},{\"@type\":\"ImageObject\",\"inLanguage\":\"es\",\"@id\":\"https:\\\/\\\/www.eldiario.net\\\/portal\\\/2024\\\/05\\\/28\\\/aduccion-de-agua-potable-beneficia-a-3-mil-personas\\\/#primaryimage\",\"url\":\"https:\\\/\\\/www.eldiario.net\\\/portal\\\/wp-content\\\/uploads\\\/2024\\\/05\\\/AGUA-FOTO-1.jpg\",\"contentUrl\":\"https:\\\/\\\/www.eldiario.net\\\/portal\\\/wp-content\\\/uploads\\\/2024\\\/05\\\/AGUA-FOTO-1.jpg\",\"width\":1200,\"height\":966,\"caption\":\"INICIO DE CONSTRUCCI\u00d3N DE LA ADUCCI\u00d3N PARA AGUA POTABLE. FOTO: GMC\"},{\"@type\":\"BreadcrumbList\",\"@id\":\"https:\\\/\\\/www.eldiario.net\\\/portal\\\/2024\\\/05\\\/28\\\/aduccion-de-agua-potable-beneficia-a-3-mil-personas\\\/#breadcrumb\",\"itemListElement\":[{\"@type\":\"ListItem\",\"position\":1,\"name\":\"Portada\",\"item\":\"https:\\\/\\\/www.eldiario.net\\\/portal\\\/\"},{\"@type\":\"ListItem\",\"position\":2,\"name\":\"Aducci\u00f3n de agua potable beneficia a 3 mil personas\"}]},{\"@type\":\"WebSite\",\"@id\":\"https:\\\/\\\/www.eldiario.net\\\/portal\\\/#website\",\"url\":\"https:\\\/\\\/www.eldiario.net\\\/portal\\\/\",\"name\":\"El Diario - Decano de la prensa nacional\",\"description\":\"El Diario - Decano de la prensa nacional\",\"publisher\":{\"@id\":\"https:\\\/\\\/www.eldiario.net\\\/portal\\\/#organization\"},\"potentialAction\":[{\"@type\":\"SearchAction\",\"target\":{\"@type\":\"EntryPoint\",\"urlTemplate\":\"https:\\\/\\\/www.eldiario.net\\\/portal\\\/?s={search_term_string}\"},\"query-input\":{\"@type\":\"PropertyValueSpecification\",\"valueRequired\":true,\"valueName\":\"search_term_string\"}}],\"inLanguage\":\"es\"},{\"@type\":\"Organization\",\"@id\":\"https:\\\/\\\/www.eldiario.net\\\/portal\\\/#organization\",\"name\":\"El Diario - Decano de la prensa nacional\",\"url\":\"https:\\\/\\\/www.eldiario.net\\\/portal\\\/\",\"logo\":{\"@type\":\"ImageObject\",\"inLanguage\":\"es\",\"@id\":\"https:\\\/\\\/www.eldiario.net\\\/portal\\\/#\\\/schema\\\/logo\\\/image\\\/\",\"url\":\"https:\\\/\\\/www.eldiario.net\\\/portal\\\/wp-content\\\/uploads\\\/2023\\\/07\\\/logo_ED.jpg\",\"contentUrl\":\"https:\\\/\\\/www.eldiario.net\\\/portal\\\/wp-content\\\/uploads\\\/2023\\\/07\\\/logo_ED.jpg\",\"width\":272,\"height\":52,\"caption\":\"El Diario - Decano de la prensa nacional\"},\"image\":{\"@id\":\"https:\\\/\\\/www.eldiario.net\\\/portal\\\/#\\\/schema\\\/logo\\\/image\\\/\"},\"sameAs\":[\"https:\\\/\\\/www.facebook.com\\\/eldiario.bolivia\\\/\",\"https:\\\/\\\/x.com\\\/eldiario_net\"]},{\"@type\":\"Person\",\"@id\":\"https:\\\/\\\/www.eldiario.net\\\/portal\\\/#\\\/schema\\\/person\\\/f46445640444750d7d753ccd04ae01b7\",\"name\":\"Jeanette\",\"image\":{\"@type\":\"ImageObject\",\"inLanguage\":\"es\",\"@id\":\"https:\\\/\\\/secure.gravatar.com\\\/avatar\\\/3ea2118a5f7dad2b7138b1187a6b7ee55f160b9968b66013c3a3ef39dd7e5798?s=96&d=mm&r=g\",\"url\":\"https:\\\/\\\/secure.gravatar.com\\\/avatar\\\/3ea2118a5f7dad2b7138b1187a6b7ee55f160b9968b66013c3a3ef39dd7e5798?s=96&d=mm&r=g\",\"contentUrl\":\"https:\\\/\\\/secure.gravatar.com\\\/avatar\\\/3ea2118a5f7dad2b7138b1187a6b7ee55f160b9968b66013c3a3ef39dd7e5798?s=96&d=mm&r=g\",\"caption\":\"Jeanette\"},\"sameAs\":[\"https:\\\/\\\/www.eldiario.net\\\/portal\"],\"url\":\"https:\\\/\\\/www.eldiario.net\\\/portal\\\/author\\\/jeanette\\\/\"}]}<\/script>\n<!-- \/ Yoast SEO plugin. -->","yoast_head_json":{"title":"Aducci\u00f3n de agua potable beneficia a 3 mil personas - El Diario - Bolivia","robots":{"index":"index","follow":"follow","max-snippet":"max-snippet:-1","max-image-preview":"max-image-preview:large","max-video-preview":"max-video-preview:-1"},"canonical":"https:\/\/www.eldiario.net\/portal\/2024\/05\/28\/aduccion-de-agua-potable-beneficia-a-3-mil-personas\/","og_locale":"es_ES","og_type":"article","og_title":"Aducci\u00f3n de agua potable beneficia a 3 mil personas - El Diario - Bolivia","og_description":"M\u00e1s de 3.000 habitantes de la zona Sur, ser\u00e1n beneficiados con la construcci\u00f3n de una aducci\u00f3n para agua potable en la OTB Santa Vera Cruz del Distrito 8. El ejecutivo de la fundaci\u00f3n Aguatuya, Renato Montoya, explic\u00f3 que para esta aducci\u00f3n se construir\u00e1 una interconexi\u00f3n desde el sector de Tackoloma hasta Santa Veracruz, con una [&hellip;]","og_url":"https:\/\/www.eldiario.net\/portal\/2024\/05\/28\/aduccion-de-agua-potable-beneficia-a-3-mil-personas\/","og_site_name":"El Diario - Bolivia","article_publisher":"https:\/\/www.facebook.com\/eldiario.bolivia\/","article_published_time":"2024-05-28T11:32:04+00:00","og_image":[{"width":1200,"height":966,"url":"https:\/\/www.eldiario.net\/portal\/wp-content\/uploads\/2024\/05\/AGUA-FOTO-1.jpg","type":"image\/jpeg"}],"author":"Jeanette","twitter_card":"summary_large_image","twitter_creator":"@eldiario_net","twitter_site":"@eldiario_net","twitter_misc":{"Escrito por":"Jeanette","Tiempo de lectura":"2 minutos"},"schema":{"@context":"https:\/\/schema.org","@graph":[{"@type":"Article","@id":"https:\/\/www.eldiario.net\/portal\/2024\/05\/28\/aduccion-de-agua-potable-beneficia-a-3-mil-personas\/#article","isPartOf":{"@id":"https:\/\/www.eldiario.net\/portal\/2024\/05\/28\/aduccion-de-agua-potable-beneficia-a-3-mil-personas\/"},"author":{"name":"Jeanette","@id":"https:\/\/www.eldiario.net\/portal\/#\/schema\/person\/f46445640444750d7d753ccd04ae01b7"},"headline":"Aducci\u00f3n de agua potable beneficia a 3 mil personas","datePublished":"2024-05-28T11:32:04+00:00","mainEntityOfPage":{"@id":"https:\/\/www.eldiario.net\/portal\/2024\/05\/28\/aduccion-de-agua-potable-beneficia-a-3-mil-personas\/"},"wordCount":353,"commentCount":0,"publisher":{"@id":"https:\/\/www.eldiario.net\/portal\/#organization"},"image":{"@id":"https:\/\/www.eldiario.net\/portal\/2024\/05\/28\/aduccion-de-agua-potable-beneficia-a-3-mil-personas\/#primaryimage"},"thumbnailUrl":"https:\/\/www.eldiario.net\/portal\/wp-content\/uploads\/2024\/05\/AGUA-FOTO-1.jpg","articleSection":["Nacional"],"inLanguage":"es","potentialAction":[{"@type":"CommentAction","name":"Comment","target":["https:\/\/www.eldiario.net\/portal\/2024\/05\/28\/aduccion-de-agua-potable-beneficia-a-3-mil-personas\/#respond"]}]},{"@type":"WebPage","@id":"https:\/\/www.eldiario.net\/portal\/2024\/05\/28\/aduccion-de-agua-potable-beneficia-a-3-mil-personas\/","url":"https:\/\/www.eldiario.net\/portal\/2024\/05\/28\/aduccion-de-agua-potable-beneficia-a-3-mil-personas\/","name":"Aducci\u00f3n de agua potable beneficia a 3 mil personas - El Diario - Bolivia","isPartOf":{"@id":"https:\/\/www.eldiario.net\/portal\/#website"},"primaryImageOfPage":{"@id":"https:\/\/www.eldiario.net\/portal\/2024\/05\/28\/aduccion-de-agua-potable-beneficia-a-3-mil-personas\/#primaryimage"},"image":{"@id":"https:\/\/www.eldiario.net\/portal\/2024\/05\/28\/aduccion-de-agua-potable-beneficia-a-3-mil-personas\/#primaryimage"},"thumbnailUrl":"https:\/\/www.eldiario.net\/portal\/wp-content\/uploads\/2024\/05\/AGUA-FOTO-1.jpg","datePublished":"2024-05-28T11:32:04+00:00","breadcrumb":{"@id":"https:\/\/www.eldiario.net\/portal\/2024\/05\/28\/aduccion-de-agua-potable-beneficia-a-3-mil-personas\/#breadcrumb"},"inLanguage":"es","potentialAction":[{"@type":"ReadAction","target":["https:\/\/www.eldiario.net\/portal\/2024\/05\/28\/aduccion-de-agua-potable-beneficia-a-3-mil-personas\/"]}]},{"@type":"ImageObject","inLanguage":"es","@id":"https:\/\/www.eldiario.net\/portal\/2024\/05\/28\/aduccion-de-agua-potable-beneficia-a-3-mil-personas\/#primaryimage","url":"https:\/\/www.eldiario.net\/portal\/wp-content\/uploads\/2024\/05\/AGUA-FOTO-1.jpg","contentUrl":"https:\/\/www.eldiario.net\/portal\/wp-content\/uploads\/2024\/05\/AGUA-FOTO-1.jpg","width":1200,"height":966,"caption":"INICIO DE CONSTRUCCI\u00d3N DE LA ADUCCI\u00d3N PARA AGUA POTABLE. FOTO: GMC"},{"@type":"BreadcrumbList","@id":"https:\/\/www.eldiario.net\/portal\/2024\/05\/28\/aduccion-de-agua-potable-beneficia-a-3-mil-personas\/#breadcrumb","itemListElement":[{"@type":"ListItem","position":1,"name":"Portada","item":"https:\/\/www.eldiario.net\/portal\/"},{"@type":"ListItem","position":2,"name":"Aducci\u00f3n de agua potable beneficia a 3 mil personas"}]},{"@type":"WebSite","@id":"https:\/\/www.eldiario.net\/portal\/#website","url":"https:\/\/www.eldiario.net\/portal\/","name":"El Diario - Decano de la prensa nacional","description":"El Diario - Decano de la prensa nacional","publisher":{"@id":"https:\/\/www.eldiario.net\/portal\/#organization"},"potentialAction":[{"@type":"SearchAction","target":{"@type":"EntryPoint","urlTemplate":"https:\/\/www.eldiario.net\/portal\/?s={search_term_string}"},"query-input":{"@type":"PropertyValueSpecification","valueRequired":true,"valueName":"search_term_string"}}],"inLanguage":"es"},{"@type":"Organization","@id":"https:\/\/www.eldiario.net\/portal\/#organization","name":"El Diario - Decano de la prensa nacional","url":"https:\/\/www.eldiario.net\/portal\/","logo":{"@type":"ImageObject","inLanguage":"es","@id":"https:\/\/www.eldiario.net\/portal\/#\/schema\/logo\/image\/","url":"https:\/\/www.eldiario.net\/portal\/wp-content\/uploads\/2023\/07\/logo_ED.jpg","contentUrl":"https:\/\/www.eldiario.net\/portal\/wp-content\/uploads\/2023\/07\/logo_ED.jpg","width":272,"height":52,"caption":"El Diario - Decano de la prensa nacional"},"image":{"@id":"https:\/\/www.eldiario.net\/portal\/#\/schema\/logo\/image\/"},"sameAs":["https:\/\/www.facebook.com\/eldiario.bolivia\/","https:\/\/x.com\/eldiario_net"]},{"@type":"Person","@id":"https:\/\/www.eldiario.net\/portal\/#\/schema\/person\/f46445640444750d7d753ccd04ae01b7","name":"Jeanette","image":{"@type":"ImageObject","inLanguage":"es","@id":"https:\/\/secure.gravatar.com\/avatar\/3ea2118a5f7dad2b7138b1187a6b7ee55f160b9968b66013c3a3ef39dd7e5798?s=96&d=mm&r=g","url":"https:\/\/secure.gravatar.com\/avatar\/3ea2118a5f7dad2b7138b1187a6b7ee55f160b9968b66013c3a3ef39dd7e5798?s=96&d=mm&r=g","contentUrl":"https:\/\/secure.gravatar.com\/avatar\/3ea2118a5f7dad2b7138b1187a6b7ee55f160b9968b66013c3a3ef39dd7e5798?s=96&d=mm&r=g","caption":"Jeanette"},"sameAs":["https:\/\/www.eldiario.net\/portal"],"url":"https:\/\/www.eldiario.net\/portal\/author\/jeanette\/"}]}},"_links":{"self":[{"href":"https:\/\/www.eldiario.net\/portal\/wp-json\/wp\/v2\/posts\/223451","targetHints":{"allow":["GET"]}}],"collection":[{"href":"https:\/\/www.eldiario.net\/portal\/wp-json\/wp\/v2\/posts"}],"about":[{"href":"https:\/\/www.eldiario.net\/portal\/wp-json\/wp\/v2\/types\/post"}],"author":[{"embeddable":true,"href":"https:\/\/www.eldiario.net\/portal\/wp-json\/wp\/v2\/users\/1"}],"replies":[{"embeddable":true,"href":"https:\/\/www.eldiario.net\/portal\/wp-json\/wp\/v2\/comments?post=223451"}],"version-history":[{"count":1,"href":"https:\/\/www.eldiario.net\/portal\/wp-json\/wp\/v2\/posts\/223451\/revisions"}],"predecessor-version":[{"id":223453,"href":"https:\/\/www.eldiario.net\/portal\/wp-json\/wp\/v2\/posts\/223451\/revisions\/223453"}],"wp:featuredmedia":[{"embeddable":true,"href":"https:\/\/www.eldiario.net\/portal\/wp-json\/wp\/v2\/media\/223452"}],"wp:attachment":[{"href":"https:\/\/www.eldiario.net\/portal\/wp-json\/wp\/v2\/media?parent=223451"}],"wp:term":[{"taxonomy":"category","embeddable":true,"href":"https:\/\/www.eldiario.net\/portal\/wp-json\/wp\/v2\/categories?post=223451"},{"taxonomy":"post_tag","embeddable":true,"href":"https:\/\/www.eldiario.net\/portal\/wp-json\/wp\/v2\/tags?post=223451"}],"curies":[{"name":"wp","href":"https:\/\/api.w.org\/{rel}","templated":true}]}}