{"id":223448,"date":"2024-05-28T07:30:53","date_gmt":"2024-05-28T11:30:53","guid":{"rendered":"https:\/\/www.eldiario.net\/portal\/?p=223448"},"modified":"2024-05-28T07:30:53","modified_gmt":"2024-05-28T11:30:53","slug":"pasan-la-noche-haciendo-fila-para-tramitar-el-b-sisa","status":"publish","type":"post","link":"https:\/\/www.eldiario.net\/portal\/2024\/05\/28\/pasan-la-noche-haciendo-fila-para-tramitar-el-b-sisa\/","title":{"rendered":"Pasan la noche haciendo  fila para tramitar el B-Sisa"},"content":{"rendered":"<p>Debido a las largas filas que se registra todos los d\u00edas en el punto de tr\u00e1mite del B-Sisa en Cochabamba, las personas optaron por ir en domingo a estas oficinas y permanecer hasta ayer para recibir la roseta.<\/p>\n<p>Los que permanecen en las filas aseguran que deben esperar durante varias horas porque no pueden cargar combustible, por lo que no les qued\u00f3 m\u00e1s que pasar la noche en el lugar.<\/p>\n<p>\u201cNos exigen en los surtidores, por estamos medio obligados a venir as\u00ed a hacer fila\u201d, manifest\u00f3 un ciudadano.<\/p>\n<p>Pese a las dificultades, los usuarios se dan modos para realizar el tr\u00e1mite del B-Sisa para no tener inconvenientes a la hora de cargar combustibles, sin embargo, las bajas temperaturas no favorecen a las largas esperas.<\/p>\n<p>Muchos ciudadanos llevaron carpas, frazadas y dem\u00e1s indumentaria que les permita soportar el fr\u00edo, m\u00e1s que todo durante la noche y la madrugada, mientras que otros dorm\u00edan dentro de sus veh\u00edculos mientras guardaban su puesto en la fila.<\/p>\n<p>Hasta la semana pasada, era solo un punto el habilitado para realizar este tr\u00e1mite, sin embargo, la Agencia Nacional de Hidrocarburos (ANH) ha logrado adherir m\u00e1s puntos los cuales se encuentran en: el parque Mariscal, Cruce Taqui\u00f1a, Valle Hermoso y la avenida Petrolera. (Cochabamba, agencias)<\/p>\n","protected":false},"excerpt":{"rendered":"<p>Debido a las largas filas que se registra todos los d\u00edas en el punto de tr\u00e1mite del B-Sisa en Cochabamba, las personas optaron por ir en domingo a estas oficinas y permanecer hasta ayer para recibir la roseta. Los que permanecen en las filas aseguran que deben esperar durante varias horas porque no pueden cargar [&hellip;]<\/p>\n","protected":false},"author":1,"featured_media":223449,"comment_status":"open","ping_status":"open","sticky":false,"template":"","format":"standard","meta":{"_acf_changed":false,"footnotes":""},"categories":[12],"tags":[],"class_list":["post-223448","post","type-post","status-publish","format-standard","has-post-thumbnail","category-nacional"],"acf":{"antetitulo":"Cochabamba"},"yoast_head":"<!-- This site is optimized with the Yoast SEO plugin v28.3 - https:\/\/yoast.com\/product\/yoast-seo-wordpress\/ -->\n<title>Pasan la noche haciendo fila para tramitar el B-Sisa - El Diario - Bolivia<\/title>\n<meta name=\"robots\" content=\"index, follow, max-snippet:-1, max-image-preview:large, max-video-preview:-1\" \/>\n<link rel=\"canonical\" href=\"https:\/\/www.eldiario.net\/portal\/2024\/05\/28\/pasan-la-noche-haciendo-fila-para-tramitar-el-b-sisa\/\" \/>\n<meta property=\"og:locale\" content=\"es_ES\" \/>\n<meta property=\"og:type\" content=\"article\" \/>\n<meta property=\"og:title\" content=\"Pasan la noche haciendo fila para tramitar el B-Sisa - El Diario - Bolivia\" \/>\n<meta property=\"og:description\" content=\"Debido a las largas filas que se registra todos los d\u00edas en el punto de tr\u00e1mite del B-Sisa en Cochabamba, las personas optaron por ir en domingo a estas oficinas y permanecer hasta ayer para recibir la roseta. Los que permanecen en las filas aseguran que deben esperar durante varias horas porque no pueden cargar [&hellip;]\" \/>\n<meta property=\"og:url\" content=\"https:\/\/www.eldiario.net\/portal\/2024\/05\/28\/pasan-la-noche-haciendo-fila-para-tramitar-el-b-sisa\/\" \/>\n<meta property=\"og:site_name\" content=\"El Diario - Bolivia\" \/>\n<meta property=\"article:publisher\" content=\"https:\/\/www.facebook.com\/eldiario.bolivia\/\" \/>\n<meta property=\"article:published_time\" content=\"2024-05-28T11:30:53+00:00\" \/>\n<meta property=\"og:image\" content=\"https:\/\/www.eldiario.net\/portal\/wp-content\/uploads\/2024\/05\/BISA-FOTO.jpg\" \/>\n\t<meta property=\"og:image:width\" content=\"800\" \/>\n\t<meta property=\"og:image:height\" content=\"450\" \/>\n\t<meta property=\"og:image:type\" content=\"image\/jpeg\" \/>\n<meta name=\"author\" content=\"Jeanette\" \/>\n<meta name=\"twitter:card\" content=\"summary_large_image\" \/>\n<meta name=\"twitter:creator\" content=\"@eldiario_net\" \/>\n<meta name=\"twitter:site\" content=\"@eldiario_net\" \/>\n<meta name=\"twitter:label1\" content=\"Escrito por\" \/>\n\t<meta name=\"twitter:data1\" content=\"Jeanette\" \/>\n\t<meta name=\"twitter:label2\" content=\"Tiempo de lectura\" \/>\n\t<meta name=\"twitter:data2\" content=\"1 minuto\" \/>\n<script type=\"application\/ld+json\" class=\"yoast-schema-graph\">{\"@context\":\"https:\\\/\\\/schema.org\",\"@graph\":[{\"@type\":\"Article\",\"@id\":\"https:\\\/\\\/www.eldiario.net\\\/portal\\\/2024\\\/05\\\/28\\\/pasan-la-noche-haciendo-fila-para-tramitar-el-b-sisa\\\/#article\",\"isPartOf\":{\"@id\":\"https:\\\/\\\/www.eldiario.net\\\/portal\\\/2024\\\/05\\\/28\\\/pasan-la-noche-haciendo-fila-para-tramitar-el-b-sisa\\\/\"},\"author\":{\"name\":\"Jeanette\",\"@id\":\"https:\\\/\\\/www.eldiario.net\\\/portal\\\/#\\\/schema\\\/person\\\/f46445640444750d7d753ccd04ae01b7\"},\"headline\":\"Pasan la noche haciendo fila para tramitar el B-Sisa\",\"datePublished\":\"2024-05-28T11:30:53+00:00\",\"mainEntityOfPage\":{\"@id\":\"https:\\\/\\\/www.eldiario.net\\\/portal\\\/2024\\\/05\\\/28\\\/pasan-la-noche-haciendo-fila-para-tramitar-el-b-sisa\\\/\"},\"wordCount\":228,\"commentCount\":0,\"publisher\":{\"@id\":\"https:\\\/\\\/www.eldiario.net\\\/portal\\\/#organization\"},\"image\":{\"@id\":\"https:\\\/\\\/www.eldiario.net\\\/portal\\\/2024\\\/05\\\/28\\\/pasan-la-noche-haciendo-fila-para-tramitar-el-b-sisa\\\/#primaryimage\"},\"thumbnailUrl\":\"https:\\\/\\\/www.eldiario.net\\\/portal\\\/wp-content\\\/uploads\\\/2024\\\/05\\\/BISA-FOTO.jpg\",\"articleSection\":[\"Nacional\"],\"inLanguage\":\"es\",\"potentialAction\":[{\"@type\":\"CommentAction\",\"name\":\"Comment\",\"target\":[\"https:\\\/\\\/www.eldiario.net\\\/portal\\\/2024\\\/05\\\/28\\\/pasan-la-noche-haciendo-fila-para-tramitar-el-b-sisa\\\/#respond\"]}]},{\"@type\":\"WebPage\",\"@id\":\"https:\\\/\\\/www.eldiario.net\\\/portal\\\/2024\\\/05\\\/28\\\/pasan-la-noche-haciendo-fila-para-tramitar-el-b-sisa\\\/\",\"url\":\"https:\\\/\\\/www.eldiario.net\\\/portal\\\/2024\\\/05\\\/28\\\/pasan-la-noche-haciendo-fila-para-tramitar-el-b-sisa\\\/\",\"name\":\"Pasan la noche haciendo fila para tramitar el B-Sisa - El Diario - Bolivia\",\"isPartOf\":{\"@id\":\"https:\\\/\\\/www.eldiario.net\\\/portal\\\/#website\"},\"primaryImageOfPage\":{\"@id\":\"https:\\\/\\\/www.eldiario.net\\\/portal\\\/2024\\\/05\\\/28\\\/pasan-la-noche-haciendo-fila-para-tramitar-el-b-sisa\\\/#primaryimage\"},\"image\":{\"@id\":\"https:\\\/\\\/www.eldiario.net\\\/portal\\\/2024\\\/05\\\/28\\\/pasan-la-noche-haciendo-fila-para-tramitar-el-b-sisa\\\/#primaryimage\"},\"thumbnailUrl\":\"https:\\\/\\\/www.eldiario.net\\\/portal\\\/wp-content\\\/uploads\\\/2024\\\/05\\\/BISA-FOTO.jpg\",\"datePublished\":\"2024-05-28T11:30:53+00:00\",\"breadcrumb\":{\"@id\":\"https:\\\/\\\/www.eldiario.net\\\/portal\\\/2024\\\/05\\\/28\\\/pasan-la-noche-haciendo-fila-para-tramitar-el-b-sisa\\\/#breadcrumb\"},\"inLanguage\":\"es\",\"potentialAction\":[{\"@type\":\"ReadAction\",\"target\":[\"https:\\\/\\\/www.eldiario.net\\\/portal\\\/2024\\\/05\\\/28\\\/pasan-la-noche-haciendo-fila-para-tramitar-el-b-sisa\\\/\"]}]},{\"@type\":\"ImageObject\",\"inLanguage\":\"es\",\"@id\":\"https:\\\/\\\/www.eldiario.net\\\/portal\\\/2024\\\/05\\\/28\\\/pasan-la-noche-haciendo-fila-para-tramitar-el-b-sisa\\\/#primaryimage\",\"url\":\"https:\\\/\\\/www.eldiario.net\\\/portal\\\/wp-content\\\/uploads\\\/2024\\\/05\\\/BISA-FOTO.jpg\",\"contentUrl\":\"https:\\\/\\\/www.eldiario.net\\\/portal\\\/wp-content\\\/uploads\\\/2024\\\/05\\\/BISA-FOTO.jpg\",\"width\":800,\"height\":450,\"caption\":\"CON CARPAS, FRAZADAS PASARON LA NOCHE CIENTOS DE PERSONAS EN PROCURA DE ADQUIRIR SU AUTORIZACI\u00d3N PARA CARGAR COMBUSTIBLE. FOTO: UNITEL\"},{\"@type\":\"BreadcrumbList\",\"@id\":\"https:\\\/\\\/www.eldiario.net\\\/portal\\\/2024\\\/05\\\/28\\\/pasan-la-noche-haciendo-fila-para-tramitar-el-b-sisa\\\/#breadcrumb\",\"itemListElement\":[{\"@type\":\"ListItem\",\"position\":1,\"name\":\"Portada\",\"item\":\"https:\\\/\\\/www.eldiario.net\\\/portal\\\/\"},{\"@type\":\"ListItem\",\"position\":2,\"name\":\"Pasan la noche haciendo fila para tramitar el B-Sisa\"}]},{\"@type\":\"WebSite\",\"@id\":\"https:\\\/\\\/www.eldiario.net\\\/portal\\\/#website\",\"url\":\"https:\\\/\\\/www.eldiario.net\\\/portal\\\/\",\"name\":\"El Diario - Decano de la prensa nacional\",\"description\":\"El Diario - Decano de la prensa nacional\",\"publisher\":{\"@id\":\"https:\\\/\\\/www.eldiario.net\\\/portal\\\/#organization\"},\"potentialAction\":[{\"@type\":\"SearchAction\",\"target\":{\"@type\":\"EntryPoint\",\"urlTemplate\":\"https:\\\/\\\/www.eldiario.net\\\/portal\\\/?s={search_term_string}\"},\"query-input\":{\"@type\":\"PropertyValueSpecification\",\"valueRequired\":true,\"valueName\":\"search_term_string\"}}],\"inLanguage\":\"es\"},{\"@type\":\"Organization\",\"@id\":\"https:\\\/\\\/www.eldiario.net\\\/portal\\\/#organization\",\"name\":\"El Diario - Decano de la prensa nacional\",\"url\":\"https:\\\/\\\/www.eldiario.net\\\/portal\\\/\",\"logo\":{\"@type\":\"ImageObject\",\"inLanguage\":\"es\",\"@id\":\"https:\\\/\\\/www.eldiario.net\\\/portal\\\/#\\\/schema\\\/logo\\\/image\\\/\",\"url\":\"https:\\\/\\\/www.eldiario.net\\\/portal\\\/wp-content\\\/uploads\\\/2023\\\/07\\\/logo_ED.jpg\",\"contentUrl\":\"https:\\\/\\\/www.eldiario.net\\\/portal\\\/wp-content\\\/uploads\\\/2023\\\/07\\\/logo_ED.jpg\",\"width\":272,\"height\":52,\"caption\":\"El Diario - Decano de la prensa nacional\"},\"image\":{\"@id\":\"https:\\\/\\\/www.eldiario.net\\\/portal\\\/#\\\/schema\\\/logo\\\/image\\\/\"},\"sameAs\":[\"https:\\\/\\\/www.facebook.com\\\/eldiario.bolivia\\\/\",\"https:\\\/\\\/x.com\\\/eldiario_net\"]},{\"@type\":\"Person\",\"@id\":\"https:\\\/\\\/www.eldiario.net\\\/portal\\\/#\\\/schema\\\/person\\\/f46445640444750d7d753ccd04ae01b7\",\"name\":\"Jeanette\",\"image\":{\"@type\":\"ImageObject\",\"inLanguage\":\"es\",\"@id\":\"https:\\\/\\\/secure.gravatar.com\\\/avatar\\\/3ea2118a5f7dad2b7138b1187a6b7ee55f160b9968b66013c3a3ef39dd7e5798?s=96&d=mm&r=g\",\"url\":\"https:\\\/\\\/secure.gravatar.com\\\/avatar\\\/3ea2118a5f7dad2b7138b1187a6b7ee55f160b9968b66013c3a3ef39dd7e5798?s=96&d=mm&r=g\",\"contentUrl\":\"https:\\\/\\\/secure.gravatar.com\\\/avatar\\\/3ea2118a5f7dad2b7138b1187a6b7ee55f160b9968b66013c3a3ef39dd7e5798?s=96&d=mm&r=g\",\"caption\":\"Jeanette\"},\"sameAs\":[\"https:\\\/\\\/www.eldiario.net\\\/portal\"],\"url\":\"https:\\\/\\\/www.eldiario.net\\\/portal\\\/author\\\/jeanette\\\/\"}]}<\/script>\n<!-- \/ Yoast SEO plugin. -->","yoast_head_json":{"title":"Pasan la noche haciendo fila para tramitar el B-Sisa - El Diario - Bolivia","robots":{"index":"index","follow":"follow","max-snippet":"max-snippet:-1","max-image-preview":"max-image-preview:large","max-video-preview":"max-video-preview:-1"},"canonical":"https:\/\/www.eldiario.net\/portal\/2024\/05\/28\/pasan-la-noche-haciendo-fila-para-tramitar-el-b-sisa\/","og_locale":"es_ES","og_type":"article","og_title":"Pasan la noche haciendo fila para tramitar el B-Sisa - El Diario - Bolivia","og_description":"Debido a las largas filas que se registra todos los d\u00edas en el punto de tr\u00e1mite del B-Sisa en Cochabamba, las personas optaron por ir en domingo a estas oficinas y permanecer hasta ayer para recibir la roseta. Los que permanecen en las filas aseguran que deben esperar durante varias horas porque no pueden cargar [&hellip;]","og_url":"https:\/\/www.eldiario.net\/portal\/2024\/05\/28\/pasan-la-noche-haciendo-fila-para-tramitar-el-b-sisa\/","og_site_name":"El Diario - Bolivia","article_publisher":"https:\/\/www.facebook.com\/eldiario.bolivia\/","article_published_time":"2024-05-28T11:30:53+00:00","og_image":[{"width":800,"height":450,"url":"https:\/\/www.eldiario.net\/portal\/wp-content\/uploads\/2024\/05\/BISA-FOTO.jpg","type":"image\/jpeg"}],"author":"Jeanette","twitter_card":"summary_large_image","twitter_creator":"@eldiario_net","twitter_site":"@eldiario_net","twitter_misc":{"Escrito por":"Jeanette","Tiempo de lectura":"1 minuto"},"schema":{"@context":"https:\/\/schema.org","@graph":[{"@type":"Article","@id":"https:\/\/www.eldiario.net\/portal\/2024\/05\/28\/pasan-la-noche-haciendo-fila-para-tramitar-el-b-sisa\/#article","isPartOf":{"@id":"https:\/\/www.eldiario.net\/portal\/2024\/05\/28\/pasan-la-noche-haciendo-fila-para-tramitar-el-b-sisa\/"},"author":{"name":"Jeanette","@id":"https:\/\/www.eldiario.net\/portal\/#\/schema\/person\/f46445640444750d7d753ccd04ae01b7"},"headline":"Pasan la noche haciendo fila para tramitar el B-Sisa","datePublished":"2024-05-28T11:30:53+00:00","mainEntityOfPage":{"@id":"https:\/\/www.eldiario.net\/portal\/2024\/05\/28\/pasan-la-noche-haciendo-fila-para-tramitar-el-b-sisa\/"},"wordCount":228,"commentCount":0,"publisher":{"@id":"https:\/\/www.eldiario.net\/portal\/#organization"},"image":{"@id":"https:\/\/www.eldiario.net\/portal\/2024\/05\/28\/pasan-la-noche-haciendo-fila-para-tramitar-el-b-sisa\/#primaryimage"},"thumbnailUrl":"https:\/\/www.eldiario.net\/portal\/wp-content\/uploads\/2024\/05\/BISA-FOTO.jpg","articleSection":["Nacional"],"inLanguage":"es","potentialAction":[{"@type":"CommentAction","name":"Comment","target":["https:\/\/www.eldiario.net\/portal\/2024\/05\/28\/pasan-la-noche-haciendo-fila-para-tramitar-el-b-sisa\/#respond"]}]},{"@type":"WebPage","@id":"https:\/\/www.eldiario.net\/portal\/2024\/05\/28\/pasan-la-noche-haciendo-fila-para-tramitar-el-b-sisa\/","url":"https:\/\/www.eldiario.net\/portal\/2024\/05\/28\/pasan-la-noche-haciendo-fila-para-tramitar-el-b-sisa\/","name":"Pasan la noche haciendo fila para tramitar el B-Sisa - El Diario - Bolivia","isPartOf":{"@id":"https:\/\/www.eldiario.net\/portal\/#website"},"primaryImageOfPage":{"@id":"https:\/\/www.eldiario.net\/portal\/2024\/05\/28\/pasan-la-noche-haciendo-fila-para-tramitar-el-b-sisa\/#primaryimage"},"image":{"@id":"https:\/\/www.eldiario.net\/portal\/2024\/05\/28\/pasan-la-noche-haciendo-fila-para-tramitar-el-b-sisa\/#primaryimage"},"thumbnailUrl":"https:\/\/www.eldiario.net\/portal\/wp-content\/uploads\/2024\/05\/BISA-FOTO.jpg","datePublished":"2024-05-28T11:30:53+00:00","breadcrumb":{"@id":"https:\/\/www.eldiario.net\/portal\/2024\/05\/28\/pasan-la-noche-haciendo-fila-para-tramitar-el-b-sisa\/#breadcrumb"},"inLanguage":"es","potentialAction":[{"@type":"ReadAction","target":["https:\/\/www.eldiario.net\/portal\/2024\/05\/28\/pasan-la-noche-haciendo-fila-para-tramitar-el-b-sisa\/"]}]},{"@type":"ImageObject","inLanguage":"es","@id":"https:\/\/www.eldiario.net\/portal\/2024\/05\/28\/pasan-la-noche-haciendo-fila-para-tramitar-el-b-sisa\/#primaryimage","url":"https:\/\/www.eldiario.net\/portal\/wp-content\/uploads\/2024\/05\/BISA-FOTO.jpg","contentUrl":"https:\/\/www.eldiario.net\/portal\/wp-content\/uploads\/2024\/05\/BISA-FOTO.jpg","width":800,"height":450,"caption":"CON CARPAS, FRAZADAS PASARON LA NOCHE CIENTOS DE PERSONAS EN PROCURA DE ADQUIRIR SU AUTORIZACI\u00d3N PARA CARGAR COMBUSTIBLE. FOTO: UNITEL"},{"@type":"BreadcrumbList","@id":"https:\/\/www.eldiario.net\/portal\/2024\/05\/28\/pasan-la-noche-haciendo-fila-para-tramitar-el-b-sisa\/#breadcrumb","itemListElement":[{"@type":"ListItem","position":1,"name":"Portada","item":"https:\/\/www.eldiario.net\/portal\/"},{"@type":"ListItem","position":2,"name":"Pasan la noche haciendo fila para tramitar el B-Sisa"}]},{"@type":"WebSite","@id":"https:\/\/www.eldiario.net\/portal\/#website","url":"https:\/\/www.eldiario.net\/portal\/","name":"El Diario - Decano de la prensa nacional","description":"El Diario - Decano de la prensa nacional","publisher":{"@id":"https:\/\/www.eldiario.net\/portal\/#organization"},"potentialAction":[{"@type":"SearchAction","target":{"@type":"EntryPoint","urlTemplate":"https:\/\/www.eldiario.net\/portal\/?s={search_term_string}"},"query-input":{"@type":"PropertyValueSpecification","valueRequired":true,"valueName":"search_term_string"}}],"inLanguage":"es"},{"@type":"Organization","@id":"https:\/\/www.eldiario.net\/portal\/#organization","name":"El Diario - Decano de la prensa nacional","url":"https:\/\/www.eldiario.net\/portal\/","logo":{"@type":"ImageObject","inLanguage":"es","@id":"https:\/\/www.eldiario.net\/portal\/#\/schema\/logo\/image\/","url":"https:\/\/www.eldiario.net\/portal\/wp-content\/uploads\/2023\/07\/logo_ED.jpg","contentUrl":"https:\/\/www.eldiario.net\/portal\/wp-content\/uploads\/2023\/07\/logo_ED.jpg","width":272,"height":52,"caption":"El Diario - Decano de la prensa nacional"},"image":{"@id":"https:\/\/www.eldiario.net\/portal\/#\/schema\/logo\/image\/"},"sameAs":["https:\/\/www.facebook.com\/eldiario.bolivia\/","https:\/\/x.com\/eldiario_net"]},{"@type":"Person","@id":"https:\/\/www.eldiario.net\/portal\/#\/schema\/person\/f46445640444750d7d753ccd04ae01b7","name":"Jeanette","image":{"@type":"ImageObject","inLanguage":"es","@id":"https:\/\/secure.gravatar.com\/avatar\/3ea2118a5f7dad2b7138b1187a6b7ee55f160b9968b66013c3a3ef39dd7e5798?s=96&d=mm&r=g","url":"https:\/\/secure.gravatar.com\/avatar\/3ea2118a5f7dad2b7138b1187a6b7ee55f160b9968b66013c3a3ef39dd7e5798?s=96&d=mm&r=g","contentUrl":"https:\/\/secure.gravatar.com\/avatar\/3ea2118a5f7dad2b7138b1187a6b7ee55f160b9968b66013c3a3ef39dd7e5798?s=96&d=mm&r=g","caption":"Jeanette"},"sameAs":["https:\/\/www.eldiario.net\/portal"],"url":"https:\/\/www.eldiario.net\/portal\/author\/jeanette\/"}]}},"_links":{"self":[{"href":"https:\/\/www.eldiario.net\/portal\/wp-json\/wp\/v2\/posts\/223448","targetHints":{"allow":["GET"]}}],"collection":[{"href":"https:\/\/www.eldiario.net\/portal\/wp-json\/wp\/v2\/posts"}],"about":[{"href":"https:\/\/www.eldiario.net\/portal\/wp-json\/wp\/v2\/types\/post"}],"author":[{"embeddable":true,"href":"https:\/\/www.eldiario.net\/portal\/wp-json\/wp\/v2\/users\/1"}],"replies":[{"embeddable":true,"href":"https:\/\/www.eldiario.net\/portal\/wp-json\/wp\/v2\/comments?post=223448"}],"version-history":[{"count":1,"href":"https:\/\/www.eldiario.net\/portal\/wp-json\/wp\/v2\/posts\/223448\/revisions"}],"predecessor-version":[{"id":223450,"href":"https:\/\/www.eldiario.net\/portal\/wp-json\/wp\/v2\/posts\/223448\/revisions\/223450"}],"wp:featuredmedia":[{"embeddable":true,"href":"https:\/\/www.eldiario.net\/portal\/wp-json\/wp\/v2\/media\/223449"}],"wp:attachment":[{"href":"https:\/\/www.eldiario.net\/portal\/wp-json\/wp\/v2\/media?parent=223448"}],"wp:term":[{"taxonomy":"category","embeddable":true,"href":"https:\/\/www.eldiario.net\/portal\/wp-json\/wp\/v2\/categories?post=223448"},{"taxonomy":"post_tag","embeddable":true,"href":"https:\/\/www.eldiario.net\/portal\/wp-json\/wp\/v2\/tags?post=223448"}],"curies":[{"name":"wp","href":"https:\/\/api.w.org\/{rel}","templated":true}]}}