{"id":223442,"date":"2024-05-28T07:29:43","date_gmt":"2024-05-28T11:29:43","guid":{"rendered":"https:\/\/www.eldiario.net\/portal\/?p=223442"},"modified":"2024-05-28T07:29:43","modified_gmt":"2024-05-28T11:29:43","slug":"sequia-afecta-a-comunidades-indigenas-de-villa-montes","status":"publish","type":"post","link":"https:\/\/www.eldiario.net\/portal\/2024\/05\/28\/sequia-afecta-a-comunidades-indigenas-de-villa-montes\/","title":{"rendered":"Sequ\u00eda afecta a comunidades  ind\u00edgenas de Villa Montes"},"content":{"rendered":"<p>Carmelo Acosta, T\u00e9cnico de la Unidad de Gesti\u00f3n de Riesgo del Gobierno Municipal de Villa Montes, habl\u00f3 sobre la situaci\u00f3n actual de sequ\u00eda que se est\u00e1 viviendo en la llanura chaque\u00f1a, espec\u00edficamente en el Distrito 8 de Villa Montes, especialmente ind\u00edgenas que habitan el lugar.<\/p>\n<p>Acosta inform\u00f3 que durante un recorrido realizado la semana pasada pudieron evidenciar los efectos de la sequ\u00eda, como la falta de agua para el ganado, pasturas secas que afectan a los animales. Tambi\u00e9n mencion\u00f3 que han visitado comunidades como La Victoria, donde se han evacuado personas hacia zonas con acceso a agua potable.<\/p>\n<p>Expres\u00f3 su preocupaci\u00f3n por la sequ\u00eda, ya que considera que este a\u00f1o ser\u00e1 especialmente seco y largo. El Gobierno Municipal est\u00e1 trabajando en la provisi\u00f3n de agua para consumo humano en las zonas afectadas y se han realizado entregas de agua en cisternas a comunidades como La Victoria y Taringuiti, Palo Marcado. Tambi\u00e9n se est\u00e1n realizando evaluaciones t\u00e9cnicas en otras comunidades como Esmeralda para determinar las necesidades de agua.<\/p>\n<p>El T\u00e9cnico de la Unidad de Gesti\u00f3n de Riesgo destac\u00f3 a Radio ACLO Chaco la importancia de anticipar medidas para hacer frente a la sequ\u00eda y asegurar el abastecimiento de agua en las \u00e1reas afectadas. Se han programado reuniones con autoridades locales y presidentes de comunidades para coordinar esfuerzos y garantizar una respuesta efectiva a la crisis, adem\u00e1s, reiter\u00f3 el compromiso del Gobierno Municipal de Villa Montes en brindar apoyo y soluciones a las comunidades afectadas por la sequ\u00eda. (Br\u00fajula Digital\/Sumando Voces)<\/p>\n","protected":false},"excerpt":{"rendered":"<p>Carmelo Acosta, T\u00e9cnico de la Unidad de Gesti\u00f3n de Riesgo del Gobierno Municipal de Villa Montes, habl\u00f3 sobre la situaci\u00f3n actual de sequ\u00eda que se est\u00e1 viviendo en la llanura chaque\u00f1a, espec\u00edficamente en el Distrito 8 de Villa Montes, especialmente ind\u00edgenas que habitan el lugar. Acosta inform\u00f3 que durante un recorrido realizado la semana pasada [&hellip;]<\/p>\n","protected":false},"author":1,"featured_media":223443,"comment_status":"open","ping_status":"open","sticky":false,"template":"","format":"standard","meta":{"_acf_changed":false,"footnotes":""},"categories":[12],"tags":[],"class_list":["post-223442","post","type-post","status-publish","format-standard","has-post-thumbnail","category-nacional"],"acf":{"antetitulo":""},"yoast_head":"<!-- This site is optimized with the Yoast SEO plugin v28.3 - https:\/\/yoast.com\/product\/yoast-seo-wordpress\/ -->\n<title>Sequ\u00eda afecta a comunidades ind\u00edgenas de Villa Montes - El Diario - Bolivia<\/title>\n<meta name=\"robots\" content=\"index, follow, max-snippet:-1, max-image-preview:large, max-video-preview:-1\" \/>\n<link rel=\"canonical\" href=\"https:\/\/www.eldiario.net\/portal\/2024\/05\/28\/sequia-afecta-a-comunidades-indigenas-de-villa-montes\/\" \/>\n<meta property=\"og:locale\" content=\"es_ES\" \/>\n<meta property=\"og:type\" content=\"article\" \/>\n<meta property=\"og:title\" content=\"Sequ\u00eda afecta a comunidades ind\u00edgenas de Villa Montes - El Diario - Bolivia\" \/>\n<meta property=\"og:description\" content=\"Carmelo Acosta, T\u00e9cnico de la Unidad de Gesti\u00f3n de Riesgo del Gobierno Municipal de Villa Montes, habl\u00f3 sobre la situaci\u00f3n actual de sequ\u00eda que se est\u00e1 viviendo en la llanura chaque\u00f1a, espec\u00edficamente en el Distrito 8 de Villa Montes, especialmente ind\u00edgenas que habitan el lugar. Acosta inform\u00f3 que durante un recorrido realizado la semana pasada [&hellip;]\" \/>\n<meta property=\"og:url\" content=\"https:\/\/www.eldiario.net\/portal\/2024\/05\/28\/sequia-afecta-a-comunidades-indigenas-de-villa-montes\/\" \/>\n<meta property=\"og:site_name\" content=\"El Diario - Bolivia\" \/>\n<meta property=\"article:publisher\" content=\"https:\/\/www.facebook.com\/eldiario.bolivia\/\" \/>\n<meta property=\"article:published_time\" content=\"2024-05-28T11:29:43+00:00\" \/>\n<meta property=\"og:image\" content=\"https:\/\/www.eldiario.net\/portal\/wp-content\/uploads\/2024\/05\/INDI-FOTO.jpeg\" \/>\n\t<meta property=\"og:image:width\" content=\"720\" \/>\n\t<meta property=\"og:image:height\" content=\"399\" \/>\n\t<meta property=\"og:image:type\" content=\"image\/jpeg\" \/>\n<meta name=\"author\" content=\"Jeanette\" \/>\n<meta name=\"twitter:card\" content=\"summary_large_image\" \/>\n<meta name=\"twitter:creator\" content=\"@eldiario_net\" \/>\n<meta name=\"twitter:site\" content=\"@eldiario_net\" \/>\n<meta name=\"twitter:label1\" content=\"Escrito por\" \/>\n\t<meta name=\"twitter:data1\" content=\"Jeanette\" \/>\n\t<meta name=\"twitter:label2\" content=\"Tiempo de lectura\" \/>\n\t<meta name=\"twitter:data2\" content=\"2 minutos\" \/>\n<script type=\"application\/ld+json\" class=\"yoast-schema-graph\">{\"@context\":\"https:\\\/\\\/schema.org\",\"@graph\":[{\"@type\":\"Article\",\"@id\":\"https:\\\/\\\/www.eldiario.net\\\/portal\\\/2024\\\/05\\\/28\\\/sequia-afecta-a-comunidades-indigenas-de-villa-montes\\\/#article\",\"isPartOf\":{\"@id\":\"https:\\\/\\\/www.eldiario.net\\\/portal\\\/2024\\\/05\\\/28\\\/sequia-afecta-a-comunidades-indigenas-de-villa-montes\\\/\"},\"author\":{\"name\":\"Jeanette\",\"@id\":\"https:\\\/\\\/www.eldiario.net\\\/portal\\\/#\\\/schema\\\/person\\\/f46445640444750d7d753ccd04ae01b7\"},\"headline\":\"Sequ\u00eda afecta a comunidades ind\u00edgenas de Villa Montes\",\"datePublished\":\"2024-05-28T11:29:43+00:00\",\"mainEntityOfPage\":{\"@id\":\"https:\\\/\\\/www.eldiario.net\\\/portal\\\/2024\\\/05\\\/28\\\/sequia-afecta-a-comunidades-indigenas-de-villa-montes\\\/\"},\"wordCount\":281,\"commentCount\":0,\"publisher\":{\"@id\":\"https:\\\/\\\/www.eldiario.net\\\/portal\\\/#organization\"},\"image\":{\"@id\":\"https:\\\/\\\/www.eldiario.net\\\/portal\\\/2024\\\/05\\\/28\\\/sequia-afecta-a-comunidades-indigenas-de-villa-montes\\\/#primaryimage\"},\"thumbnailUrl\":\"https:\\\/\\\/www.eldiario.net\\\/portal\\\/wp-content\\\/uploads\\\/2024\\\/05\\\/INDI-FOTO.jpeg\",\"articleSection\":[\"Nacional\"],\"inLanguage\":\"es\",\"potentialAction\":[{\"@type\":\"CommentAction\",\"name\":\"Comment\",\"target\":[\"https:\\\/\\\/www.eldiario.net\\\/portal\\\/2024\\\/05\\\/28\\\/sequia-afecta-a-comunidades-indigenas-de-villa-montes\\\/#respond\"]}]},{\"@type\":\"WebPage\",\"@id\":\"https:\\\/\\\/www.eldiario.net\\\/portal\\\/2024\\\/05\\\/28\\\/sequia-afecta-a-comunidades-indigenas-de-villa-montes\\\/\",\"url\":\"https:\\\/\\\/www.eldiario.net\\\/portal\\\/2024\\\/05\\\/28\\\/sequia-afecta-a-comunidades-indigenas-de-villa-montes\\\/\",\"name\":\"Sequ\u00eda afecta a comunidades ind\u00edgenas de Villa Montes - El Diario - Bolivia\",\"isPartOf\":{\"@id\":\"https:\\\/\\\/www.eldiario.net\\\/portal\\\/#website\"},\"primaryImageOfPage\":{\"@id\":\"https:\\\/\\\/www.eldiario.net\\\/portal\\\/2024\\\/05\\\/28\\\/sequia-afecta-a-comunidades-indigenas-de-villa-montes\\\/#primaryimage\"},\"image\":{\"@id\":\"https:\\\/\\\/www.eldiario.net\\\/portal\\\/2024\\\/05\\\/28\\\/sequia-afecta-a-comunidades-indigenas-de-villa-montes\\\/#primaryimage\"},\"thumbnailUrl\":\"https:\\\/\\\/www.eldiario.net\\\/portal\\\/wp-content\\\/uploads\\\/2024\\\/05\\\/INDI-FOTO.jpeg\",\"datePublished\":\"2024-05-28T11:29:43+00:00\",\"breadcrumb\":{\"@id\":\"https:\\\/\\\/www.eldiario.net\\\/portal\\\/2024\\\/05\\\/28\\\/sequia-afecta-a-comunidades-indigenas-de-villa-montes\\\/#breadcrumb\"},\"inLanguage\":\"es\",\"potentialAction\":[{\"@type\":\"ReadAction\",\"target\":[\"https:\\\/\\\/www.eldiario.net\\\/portal\\\/2024\\\/05\\\/28\\\/sequia-afecta-a-comunidades-indigenas-de-villa-montes\\\/\"]}]},{\"@type\":\"ImageObject\",\"inLanguage\":\"es\",\"@id\":\"https:\\\/\\\/www.eldiario.net\\\/portal\\\/2024\\\/05\\\/28\\\/sequia-afecta-a-comunidades-indigenas-de-villa-montes\\\/#primaryimage\",\"url\":\"https:\\\/\\\/www.eldiario.net\\\/portal\\\/wp-content\\\/uploads\\\/2024\\\/05\\\/INDI-FOTO.jpeg\",\"contentUrl\":\"https:\\\/\\\/www.eldiario.net\\\/portal\\\/wp-content\\\/uploads\\\/2024\\\/05\\\/INDI-FOTO.jpeg\",\"width\":720,\"height\":399,\"caption\":\"La sequ\u00eda en el Gran Chaco. FOT: ACLO\"},{\"@type\":\"BreadcrumbList\",\"@id\":\"https:\\\/\\\/www.eldiario.net\\\/portal\\\/2024\\\/05\\\/28\\\/sequia-afecta-a-comunidades-indigenas-de-villa-montes\\\/#breadcrumb\",\"itemListElement\":[{\"@type\":\"ListItem\",\"position\":1,\"name\":\"Portada\",\"item\":\"https:\\\/\\\/www.eldiario.net\\\/portal\\\/\"},{\"@type\":\"ListItem\",\"position\":2,\"name\":\"Sequ\u00eda afecta a comunidades ind\u00edgenas de Villa Montes\"}]},{\"@type\":\"WebSite\",\"@id\":\"https:\\\/\\\/www.eldiario.net\\\/portal\\\/#website\",\"url\":\"https:\\\/\\\/www.eldiario.net\\\/portal\\\/\",\"name\":\"El Diario - Decano de la prensa nacional\",\"description\":\"El Diario - Decano de la prensa nacional\",\"publisher\":{\"@id\":\"https:\\\/\\\/www.eldiario.net\\\/portal\\\/#organization\"},\"potentialAction\":[{\"@type\":\"SearchAction\",\"target\":{\"@type\":\"EntryPoint\",\"urlTemplate\":\"https:\\\/\\\/www.eldiario.net\\\/portal\\\/?s={search_term_string}\"},\"query-input\":{\"@type\":\"PropertyValueSpecification\",\"valueRequired\":true,\"valueName\":\"search_term_string\"}}],\"inLanguage\":\"es\"},{\"@type\":\"Organization\",\"@id\":\"https:\\\/\\\/www.eldiario.net\\\/portal\\\/#organization\",\"name\":\"El Diario - Decano de la prensa nacional\",\"url\":\"https:\\\/\\\/www.eldiario.net\\\/portal\\\/\",\"logo\":{\"@type\":\"ImageObject\",\"inLanguage\":\"es\",\"@id\":\"https:\\\/\\\/www.eldiario.net\\\/portal\\\/#\\\/schema\\\/logo\\\/image\\\/\",\"url\":\"https:\\\/\\\/www.eldiario.net\\\/portal\\\/wp-content\\\/uploads\\\/2023\\\/07\\\/logo_ED.jpg\",\"contentUrl\":\"https:\\\/\\\/www.eldiario.net\\\/portal\\\/wp-content\\\/uploads\\\/2023\\\/07\\\/logo_ED.jpg\",\"width\":272,\"height\":52,\"caption\":\"El Diario - Decano de la prensa nacional\"},\"image\":{\"@id\":\"https:\\\/\\\/www.eldiario.net\\\/portal\\\/#\\\/schema\\\/logo\\\/image\\\/\"},\"sameAs\":[\"https:\\\/\\\/www.facebook.com\\\/eldiario.bolivia\\\/\",\"https:\\\/\\\/x.com\\\/eldiario_net\"]},{\"@type\":\"Person\",\"@id\":\"https:\\\/\\\/www.eldiario.net\\\/portal\\\/#\\\/schema\\\/person\\\/f46445640444750d7d753ccd04ae01b7\",\"name\":\"Jeanette\",\"image\":{\"@type\":\"ImageObject\",\"inLanguage\":\"es\",\"@id\":\"https:\\\/\\\/secure.gravatar.com\\\/avatar\\\/3ea2118a5f7dad2b7138b1187a6b7ee55f160b9968b66013c3a3ef39dd7e5798?s=96&d=mm&r=g\",\"url\":\"https:\\\/\\\/secure.gravatar.com\\\/avatar\\\/3ea2118a5f7dad2b7138b1187a6b7ee55f160b9968b66013c3a3ef39dd7e5798?s=96&d=mm&r=g\",\"contentUrl\":\"https:\\\/\\\/secure.gravatar.com\\\/avatar\\\/3ea2118a5f7dad2b7138b1187a6b7ee55f160b9968b66013c3a3ef39dd7e5798?s=96&d=mm&r=g\",\"caption\":\"Jeanette\"},\"sameAs\":[\"https:\\\/\\\/www.eldiario.net\\\/portal\"],\"url\":\"https:\\\/\\\/www.eldiario.net\\\/portal\\\/author\\\/jeanette\\\/\"}]}<\/script>\n<!-- \/ Yoast SEO plugin. -->","yoast_head_json":{"title":"Sequ\u00eda afecta a comunidades ind\u00edgenas de Villa Montes - El Diario - Bolivia","robots":{"index":"index","follow":"follow","max-snippet":"max-snippet:-1","max-image-preview":"max-image-preview:large","max-video-preview":"max-video-preview:-1"},"canonical":"https:\/\/www.eldiario.net\/portal\/2024\/05\/28\/sequia-afecta-a-comunidades-indigenas-de-villa-montes\/","og_locale":"es_ES","og_type":"article","og_title":"Sequ\u00eda afecta a comunidades ind\u00edgenas de Villa Montes - El Diario - Bolivia","og_description":"Carmelo Acosta, T\u00e9cnico de la Unidad de Gesti\u00f3n de Riesgo del Gobierno Municipal de Villa Montes, habl\u00f3 sobre la situaci\u00f3n actual de sequ\u00eda que se est\u00e1 viviendo en la llanura chaque\u00f1a, espec\u00edficamente en el Distrito 8 de Villa Montes, especialmente ind\u00edgenas que habitan el lugar. Acosta inform\u00f3 que durante un recorrido realizado la semana pasada [&hellip;]","og_url":"https:\/\/www.eldiario.net\/portal\/2024\/05\/28\/sequia-afecta-a-comunidades-indigenas-de-villa-montes\/","og_site_name":"El Diario - Bolivia","article_publisher":"https:\/\/www.facebook.com\/eldiario.bolivia\/","article_published_time":"2024-05-28T11:29:43+00:00","og_image":[{"width":720,"height":399,"url":"https:\/\/www.eldiario.net\/portal\/wp-content\/uploads\/2024\/05\/INDI-FOTO.jpeg","type":"image\/jpeg"}],"author":"Jeanette","twitter_card":"summary_large_image","twitter_creator":"@eldiario_net","twitter_site":"@eldiario_net","twitter_misc":{"Escrito por":"Jeanette","Tiempo de lectura":"2 minutos"},"schema":{"@context":"https:\/\/schema.org","@graph":[{"@type":"Article","@id":"https:\/\/www.eldiario.net\/portal\/2024\/05\/28\/sequia-afecta-a-comunidades-indigenas-de-villa-montes\/#article","isPartOf":{"@id":"https:\/\/www.eldiario.net\/portal\/2024\/05\/28\/sequia-afecta-a-comunidades-indigenas-de-villa-montes\/"},"author":{"name":"Jeanette","@id":"https:\/\/www.eldiario.net\/portal\/#\/schema\/person\/f46445640444750d7d753ccd04ae01b7"},"headline":"Sequ\u00eda afecta a comunidades ind\u00edgenas de Villa Montes","datePublished":"2024-05-28T11:29:43+00:00","mainEntityOfPage":{"@id":"https:\/\/www.eldiario.net\/portal\/2024\/05\/28\/sequia-afecta-a-comunidades-indigenas-de-villa-montes\/"},"wordCount":281,"commentCount":0,"publisher":{"@id":"https:\/\/www.eldiario.net\/portal\/#organization"},"image":{"@id":"https:\/\/www.eldiario.net\/portal\/2024\/05\/28\/sequia-afecta-a-comunidades-indigenas-de-villa-montes\/#primaryimage"},"thumbnailUrl":"https:\/\/www.eldiario.net\/portal\/wp-content\/uploads\/2024\/05\/INDI-FOTO.jpeg","articleSection":["Nacional"],"inLanguage":"es","potentialAction":[{"@type":"CommentAction","name":"Comment","target":["https:\/\/www.eldiario.net\/portal\/2024\/05\/28\/sequia-afecta-a-comunidades-indigenas-de-villa-montes\/#respond"]}]},{"@type":"WebPage","@id":"https:\/\/www.eldiario.net\/portal\/2024\/05\/28\/sequia-afecta-a-comunidades-indigenas-de-villa-montes\/","url":"https:\/\/www.eldiario.net\/portal\/2024\/05\/28\/sequia-afecta-a-comunidades-indigenas-de-villa-montes\/","name":"Sequ\u00eda afecta a comunidades ind\u00edgenas de Villa Montes - El Diario - Bolivia","isPartOf":{"@id":"https:\/\/www.eldiario.net\/portal\/#website"},"primaryImageOfPage":{"@id":"https:\/\/www.eldiario.net\/portal\/2024\/05\/28\/sequia-afecta-a-comunidades-indigenas-de-villa-montes\/#primaryimage"},"image":{"@id":"https:\/\/www.eldiario.net\/portal\/2024\/05\/28\/sequia-afecta-a-comunidades-indigenas-de-villa-montes\/#primaryimage"},"thumbnailUrl":"https:\/\/www.eldiario.net\/portal\/wp-content\/uploads\/2024\/05\/INDI-FOTO.jpeg","datePublished":"2024-05-28T11:29:43+00:00","breadcrumb":{"@id":"https:\/\/www.eldiario.net\/portal\/2024\/05\/28\/sequia-afecta-a-comunidades-indigenas-de-villa-montes\/#breadcrumb"},"inLanguage":"es","potentialAction":[{"@type":"ReadAction","target":["https:\/\/www.eldiario.net\/portal\/2024\/05\/28\/sequia-afecta-a-comunidades-indigenas-de-villa-montes\/"]}]},{"@type":"ImageObject","inLanguage":"es","@id":"https:\/\/www.eldiario.net\/portal\/2024\/05\/28\/sequia-afecta-a-comunidades-indigenas-de-villa-montes\/#primaryimage","url":"https:\/\/www.eldiario.net\/portal\/wp-content\/uploads\/2024\/05\/INDI-FOTO.jpeg","contentUrl":"https:\/\/www.eldiario.net\/portal\/wp-content\/uploads\/2024\/05\/INDI-FOTO.jpeg","width":720,"height":399,"caption":"La sequ\u00eda en el Gran Chaco. FOT: ACLO"},{"@type":"BreadcrumbList","@id":"https:\/\/www.eldiario.net\/portal\/2024\/05\/28\/sequia-afecta-a-comunidades-indigenas-de-villa-montes\/#breadcrumb","itemListElement":[{"@type":"ListItem","position":1,"name":"Portada","item":"https:\/\/www.eldiario.net\/portal\/"},{"@type":"ListItem","position":2,"name":"Sequ\u00eda afecta a comunidades ind\u00edgenas de Villa Montes"}]},{"@type":"WebSite","@id":"https:\/\/www.eldiario.net\/portal\/#website","url":"https:\/\/www.eldiario.net\/portal\/","name":"El Diario - Decano de la prensa nacional","description":"El Diario - Decano de la prensa nacional","publisher":{"@id":"https:\/\/www.eldiario.net\/portal\/#organization"},"potentialAction":[{"@type":"SearchAction","target":{"@type":"EntryPoint","urlTemplate":"https:\/\/www.eldiario.net\/portal\/?s={search_term_string}"},"query-input":{"@type":"PropertyValueSpecification","valueRequired":true,"valueName":"search_term_string"}}],"inLanguage":"es"},{"@type":"Organization","@id":"https:\/\/www.eldiario.net\/portal\/#organization","name":"El Diario - Decano de la prensa nacional","url":"https:\/\/www.eldiario.net\/portal\/","logo":{"@type":"ImageObject","inLanguage":"es","@id":"https:\/\/www.eldiario.net\/portal\/#\/schema\/logo\/image\/","url":"https:\/\/www.eldiario.net\/portal\/wp-content\/uploads\/2023\/07\/logo_ED.jpg","contentUrl":"https:\/\/www.eldiario.net\/portal\/wp-content\/uploads\/2023\/07\/logo_ED.jpg","width":272,"height":52,"caption":"El Diario - Decano de la prensa nacional"},"image":{"@id":"https:\/\/www.eldiario.net\/portal\/#\/schema\/logo\/image\/"},"sameAs":["https:\/\/www.facebook.com\/eldiario.bolivia\/","https:\/\/x.com\/eldiario_net"]},{"@type":"Person","@id":"https:\/\/www.eldiario.net\/portal\/#\/schema\/person\/f46445640444750d7d753ccd04ae01b7","name":"Jeanette","image":{"@type":"ImageObject","inLanguage":"es","@id":"https:\/\/secure.gravatar.com\/avatar\/3ea2118a5f7dad2b7138b1187a6b7ee55f160b9968b66013c3a3ef39dd7e5798?s=96&d=mm&r=g","url":"https:\/\/secure.gravatar.com\/avatar\/3ea2118a5f7dad2b7138b1187a6b7ee55f160b9968b66013c3a3ef39dd7e5798?s=96&d=mm&r=g","contentUrl":"https:\/\/secure.gravatar.com\/avatar\/3ea2118a5f7dad2b7138b1187a6b7ee55f160b9968b66013c3a3ef39dd7e5798?s=96&d=mm&r=g","caption":"Jeanette"},"sameAs":["https:\/\/www.eldiario.net\/portal"],"url":"https:\/\/www.eldiario.net\/portal\/author\/jeanette\/"}]}},"_links":{"self":[{"href":"https:\/\/www.eldiario.net\/portal\/wp-json\/wp\/v2\/posts\/223442","targetHints":{"allow":["GET"]}}],"collection":[{"href":"https:\/\/www.eldiario.net\/portal\/wp-json\/wp\/v2\/posts"}],"about":[{"href":"https:\/\/www.eldiario.net\/portal\/wp-json\/wp\/v2\/types\/post"}],"author":[{"embeddable":true,"href":"https:\/\/www.eldiario.net\/portal\/wp-json\/wp\/v2\/users\/1"}],"replies":[{"embeddable":true,"href":"https:\/\/www.eldiario.net\/portal\/wp-json\/wp\/v2\/comments?post=223442"}],"version-history":[{"count":1,"href":"https:\/\/www.eldiario.net\/portal\/wp-json\/wp\/v2\/posts\/223442\/revisions"}],"predecessor-version":[{"id":223444,"href":"https:\/\/www.eldiario.net\/portal\/wp-json\/wp\/v2\/posts\/223442\/revisions\/223444"}],"wp:featuredmedia":[{"embeddable":true,"href":"https:\/\/www.eldiario.net\/portal\/wp-json\/wp\/v2\/media\/223443"}],"wp:attachment":[{"href":"https:\/\/www.eldiario.net\/portal\/wp-json\/wp\/v2\/media?parent=223442"}],"wp:term":[{"taxonomy":"category","embeddable":true,"href":"https:\/\/www.eldiario.net\/portal\/wp-json\/wp\/v2\/categories?post=223442"},{"taxonomy":"post_tag","embeddable":true,"href":"https:\/\/www.eldiario.net\/portal\/wp-json\/wp\/v2\/tags?post=223442"}],"curies":[{"name":"wp","href":"https:\/\/api.w.org\/{rel}","templated":true}]}}