{"id":22344,"date":"2021-08-09T06:19:48","date_gmt":"2021-08-09T10:19:48","guid":{"rendered":"https:\/\/www.eldiario.net\/portal\/?p=22344"},"modified":"2021-08-09T06:19:48","modified_gmt":"2021-08-09T10:19:48","slug":"discursos-de-confrontacion-son-estrategias-del-mas-para-dividir","status":"publish","type":"post","link":"https:\/\/www.eldiario.net\/portal\/2021\/08\/09\/discursos-de-confrontacion-son-estrategias-del-mas-para-dividir\/","title":{"rendered":"Discursos de confrontaci\u00f3n son estrategias del MAS para dividir"},"content":{"rendered":"<p>El diputado por Comunidad Ciudadana (CC), Alejandro Reyes, se\u00f1al\u00f3 que los discursos de venganza y confrontaci\u00f3n por parte de autoridades nacionales como el Presidente del Estado y legisladores son una estrategia del Movimiento al Socialismo (MAS) para dividir a la poblaci\u00f3n boliviana y poder obtener ventaja pol\u00edtica.<br \/>\nReyes manifest\u00f3 que la verdadera intenci\u00f3n detr\u00e1s de los discursos y posturas radicales por parte del oficialismo es generar mayor divisi\u00f3n en la poblaci\u00f3n y de esta forma evitar que se formen frentes fuertes que se opongan al r\u00e9gimen del partido azul.<br \/>\nSostuvo, adem\u00e1s, que el mandato de los \u00faltimos procesos electorales fue claro, en este se superen los resentimientos y se avance en la b\u00fasqueda de paz y reconciliaci\u00f3n en la sociedad boliviana.<br \/>\n\u201cEs un riesgo y estamos pr\u00e1cticamente yendo hacia la divisi\u00f3n total y completa, eso es lo que quiere el MAS, dividir para reinar, cuando en realidad el mandato era la pacificaci\u00f3n, era que podamos reunirnos una vez m\u00e1s como bolivianos y poder salir adelante\u201d, se\u00f1al\u00f3 el legislador.<br \/>\nAgreg\u00f3 que uno de los mayores desaf\u00edos de aqu\u00ed en adelante es lograr que en el bicentenario de la fundaci\u00f3n de Bolivia, el pa\u00eds se encuentre en paz y habiendo superado toda la divisi\u00f3n y polarizaci\u00f3n generada a causa de estos conflictos de car\u00e1cter pol\u00edtico, aunque todo indica que esta conflictividad se mantendr\u00e1 hasta 2025.<br \/>\n\u201cSe debe llegar al bicentenario de una buena forma. Vamos a llegar de la peor forma al bicentenario, sabiendo que estamos divididos\u201d refiri\u00f3 Reyes.<br \/>\nD\u00edas atr\u00e1s, durante la realizaci\u00f3n del tedeum por las Fiestas Patrias, desde la capital del Estado, monse\u00f1or Ricardo Centellas se refiri\u00f3 al clima de confrontaci\u00f3n vivido horas antes del 6 de agosto y pidi\u00f3 a la poblaci\u00f3n ver las se\u00f1ales de esperanza que a\u00fan quedan en el pa\u00eds por encima de los actos de confrontaci\u00f3n.<br \/>\n\u201cEsta realidad puede desanimarnos, pero podemos ver tambi\u00e9n signos de esperanza, de solidaridad, de fraternidad, no solamente hay protesta y violencia, enfrentamiento como el d\u00eda de ayer (jueves), hay mucho m\u00e1s que eso, hay signos de unidad, de solidaridad, hay signos que nos hacen ver que Bolivia puede ir adelante\u201d, manifest\u00f3 durante su homil\u00eda.<\/p>\n","protected":false},"excerpt":{"rendered":"<p>El diputado por Comunidad Ciudadana (CC), Alejandro Reyes, se\u00f1al\u00f3 que los discursos de venganza y confrontaci\u00f3n por parte de autoridades nacionales como el Presidente del Estado y legisladores son una estrategia del Movimiento al Socialismo (MAS) para dividir a la poblaci\u00f3n boliviana y poder obtener ventaja pol\u00edtica. Reyes manifest\u00f3 que la verdadera intenci\u00f3n detr\u00e1s de [&hellip;]<\/p>\n","protected":false},"author":1,"featured_media":22345,"comment_status":"closed","ping_status":"closed","sticky":false,"template":"","format":"standard","meta":{"_acf_changed":false,"footnotes":""},"categories":[14],"tags":[],"class_list":["post-22344","post","type-post","status-publish","format-standard","has-post-thumbnail","category-politica"],"acf":{"antetitulo":""},"yoast_head":"<!-- This site is optimized with the Yoast SEO plugin v28.4 - https:\/\/yoast.com\/product\/yoast-seo-wordpress\/ -->\n<title>Discursos de confrontaci\u00f3n son estrategias del MAS para dividir - El Diario - Bolivia<\/title>\n<meta name=\"robots\" content=\"index, follow, max-snippet:-1, max-image-preview:large, max-video-preview:-1\" \/>\n<link rel=\"canonical\" href=\"https:\/\/www.eldiario.net\/portal\/2021\/08\/09\/discursos-de-confrontacion-son-estrategias-del-mas-para-dividir\/\" \/>\n<meta property=\"og:locale\" content=\"es_ES\" \/>\n<meta property=\"og:type\" content=\"article\" \/>\n<meta property=\"og:title\" content=\"Discursos de confrontaci\u00f3n son estrategias del MAS para dividir - El Diario - Bolivia\" \/>\n<meta property=\"og:description\" content=\"El diputado por Comunidad Ciudadana (CC), Alejandro Reyes, se\u00f1al\u00f3 que los discursos de venganza y confrontaci\u00f3n por parte de autoridades nacionales como el Presidente del Estado y legisladores son una estrategia del Movimiento al Socialismo (MAS) para dividir a la poblaci\u00f3n boliviana y poder obtener ventaja pol\u00edtica. Reyes manifest\u00f3 que la verdadera intenci\u00f3n detr\u00e1s de [&hellip;]\" \/>\n<meta property=\"og:url\" content=\"https:\/\/www.eldiario.net\/portal\/2021\/08\/09\/discursos-de-confrontacion-son-estrategias-del-mas-para-dividir\/\" \/>\n<meta property=\"og:site_name\" content=\"El Diario - Bolivia\" \/>\n<meta property=\"article:publisher\" content=\"https:\/\/www.facebook.com\/eldiario.bolivia\/\" \/>\n<meta property=\"article:published_time\" content=\"2021-08-09T10:19:48+00:00\" \/>\n<meta name=\"author\" content=\"Jeanette\" \/>\n<meta name=\"twitter:card\" content=\"summary_large_image\" \/>\n<meta name=\"twitter:creator\" content=\"@eldiario_net\" \/>\n<meta name=\"twitter:site\" content=\"@eldiario_net\" \/>\n<meta name=\"twitter:label1\" content=\"Escrito por\" \/>\n\t<meta name=\"twitter:data1\" content=\"Jeanette\" \/>\n\t<meta name=\"twitter:label2\" content=\"Tiempo de lectura\" \/>\n\t<meta name=\"twitter:data2\" content=\"2 minutos\" \/>\n<script type=\"application\/ld+json\" class=\"yoast-schema-graph\">{\"@context\":\"https:\\\/\\\/schema.org\",\"@graph\":[{\"@type\":\"Article\",\"@id\":\"https:\\\/\\\/www.eldiario.net\\\/portal\\\/2021\\\/08\\\/09\\\/discursos-de-confrontacion-son-estrategias-del-mas-para-dividir\\\/#article\",\"isPartOf\":{\"@id\":\"https:\\\/\\\/www.eldiario.net\\\/portal\\\/2021\\\/08\\\/09\\\/discursos-de-confrontacion-son-estrategias-del-mas-para-dividir\\\/\"},\"author\":{\"name\":\"Jeanette\",\"@id\":\"https:\\\/\\\/www.eldiario.net\\\/portal\\\/#\\\/schema\\\/person\\\/f46445640444750d7d753ccd04ae01b7\"},\"headline\":\"Discursos de confrontaci\u00f3n son estrategias del MAS para dividir\",\"datePublished\":\"2021-08-09T10:19:48+00:00\",\"mainEntityOfPage\":{\"@id\":\"https:\\\/\\\/www.eldiario.net\\\/portal\\\/2021\\\/08\\\/09\\\/discursos-de-confrontacion-son-estrategias-del-mas-para-dividir\\\/\"},\"wordCount\":402,\"publisher\":{\"@id\":\"https:\\\/\\\/www.eldiario.net\\\/portal\\\/#organization\"},\"image\":{\"@id\":\"https:\\\/\\\/www.eldiario.net\\\/portal\\\/2021\\\/08\\\/09\\\/discursos-de-confrontacion-son-estrategias-del-mas-para-dividir\\\/#primaryimage\"},\"thumbnailUrl\":\"\",\"articleSection\":[\"Pol\u00edtica\"],\"inLanguage\":\"es\"},{\"@type\":\"WebPage\",\"@id\":\"https:\\\/\\\/www.eldiario.net\\\/portal\\\/2021\\\/08\\\/09\\\/discursos-de-confrontacion-son-estrategias-del-mas-para-dividir\\\/\",\"url\":\"https:\\\/\\\/www.eldiario.net\\\/portal\\\/2021\\\/08\\\/09\\\/discursos-de-confrontacion-son-estrategias-del-mas-para-dividir\\\/\",\"name\":\"Discursos de confrontaci\u00f3n son estrategias del MAS para dividir - El Diario - Bolivia\",\"isPartOf\":{\"@id\":\"https:\\\/\\\/www.eldiario.net\\\/portal\\\/#website\"},\"primaryImageOfPage\":{\"@id\":\"https:\\\/\\\/www.eldiario.net\\\/portal\\\/2021\\\/08\\\/09\\\/discursos-de-confrontacion-son-estrategias-del-mas-para-dividir\\\/#primaryimage\"},\"image\":{\"@id\":\"https:\\\/\\\/www.eldiario.net\\\/portal\\\/2021\\\/08\\\/09\\\/discursos-de-confrontacion-son-estrategias-del-mas-para-dividir\\\/#primaryimage\"},\"thumbnailUrl\":\"\",\"datePublished\":\"2021-08-09T10:19:48+00:00\",\"breadcrumb\":{\"@id\":\"https:\\\/\\\/www.eldiario.net\\\/portal\\\/2021\\\/08\\\/09\\\/discursos-de-confrontacion-son-estrategias-del-mas-para-dividir\\\/#breadcrumb\"},\"inLanguage\":\"es\",\"potentialAction\":[{\"@type\":\"ReadAction\",\"target\":[\"https:\\\/\\\/www.eldiario.net\\\/portal\\\/2021\\\/08\\\/09\\\/discursos-de-confrontacion-son-estrategias-del-mas-para-dividir\\\/\"]}]},{\"@type\":\"ImageObject\",\"inLanguage\":\"es\",\"@id\":\"https:\\\/\\\/www.eldiario.net\\\/portal\\\/2021\\\/08\\\/09\\\/discursos-de-confrontacion-son-estrategias-del-mas-para-dividir\\\/#primaryimage\",\"url\":\"\",\"contentUrl\":\"\"},{\"@type\":\"BreadcrumbList\",\"@id\":\"https:\\\/\\\/www.eldiario.net\\\/portal\\\/2021\\\/08\\\/09\\\/discursos-de-confrontacion-son-estrategias-del-mas-para-dividir\\\/#breadcrumb\",\"itemListElement\":[{\"@type\":\"ListItem\",\"position\":1,\"name\":\"Portada\",\"item\":\"https:\\\/\\\/www.eldiario.net\\\/portal\\\/\"},{\"@type\":\"ListItem\",\"position\":2,\"name\":\"Discursos de confrontaci\u00f3n son estrategias del MAS para dividir\"}]},{\"@type\":\"WebSite\",\"@id\":\"https:\\\/\\\/www.eldiario.net\\\/portal\\\/#website\",\"url\":\"https:\\\/\\\/www.eldiario.net\\\/portal\\\/\",\"name\":\"El Diario - Decano de la prensa nacional\",\"description\":\"El Diario - Decano de la prensa nacional\",\"publisher\":{\"@id\":\"https:\\\/\\\/www.eldiario.net\\\/portal\\\/#organization\"},\"potentialAction\":[{\"@type\":\"SearchAction\",\"target\":{\"@type\":\"EntryPoint\",\"urlTemplate\":\"https:\\\/\\\/www.eldiario.net\\\/portal\\\/?s={search_term_string}\"},\"query-input\":{\"@type\":\"PropertyValueSpecification\",\"valueRequired\":true,\"valueName\":\"search_term_string\"}}],\"inLanguage\":\"es\"},{\"@type\":\"Organization\",\"@id\":\"https:\\\/\\\/www.eldiario.net\\\/portal\\\/#organization\",\"name\":\"El Diario - Decano de la prensa nacional\",\"url\":\"https:\\\/\\\/www.eldiario.net\\\/portal\\\/\",\"logo\":{\"@type\":\"ImageObject\",\"inLanguage\":\"es\",\"@id\":\"https:\\\/\\\/www.eldiario.net\\\/portal\\\/#\\\/schema\\\/logo\\\/image\\\/\",\"url\":\"https:\\\/\\\/www.eldiario.net\\\/portal\\\/wp-content\\\/uploads\\\/2023\\\/07\\\/logo_ED.jpg\",\"contentUrl\":\"https:\\\/\\\/www.eldiario.net\\\/portal\\\/wp-content\\\/uploads\\\/2023\\\/07\\\/logo_ED.jpg\",\"width\":272,\"height\":52,\"caption\":\"El Diario - Decano de la prensa nacional\"},\"image\":{\"@id\":\"https:\\\/\\\/www.eldiario.net\\\/portal\\\/#\\\/schema\\\/logo\\\/image\\\/\"},\"sameAs\":[\"https:\\\/\\\/www.facebook.com\\\/eldiario.bolivia\\\/\",\"https:\\\/\\\/x.com\\\/eldiario_net\"]},{\"@type\":\"Person\",\"@id\":\"https:\\\/\\\/www.eldiario.net\\\/portal\\\/#\\\/schema\\\/person\\\/f46445640444750d7d753ccd04ae01b7\",\"name\":\"Jeanette\",\"image\":{\"@type\":\"ImageObject\",\"inLanguage\":\"es\",\"@id\":\"https:\\\/\\\/secure.gravatar.com\\\/avatar\\\/3ea2118a5f7dad2b7138b1187a6b7ee55f160b9968b66013c3a3ef39dd7e5798?s=96&d=mm&r=g\",\"url\":\"https:\\\/\\\/secure.gravatar.com\\\/avatar\\\/3ea2118a5f7dad2b7138b1187a6b7ee55f160b9968b66013c3a3ef39dd7e5798?s=96&d=mm&r=g\",\"contentUrl\":\"https:\\\/\\\/secure.gravatar.com\\\/avatar\\\/3ea2118a5f7dad2b7138b1187a6b7ee55f160b9968b66013c3a3ef39dd7e5798?s=96&d=mm&r=g\",\"caption\":\"Jeanette\"},\"sameAs\":[\"https:\\\/\\\/www.eldiario.net\\\/portal\"],\"url\":\"https:\\\/\\\/www.eldiario.net\\\/portal\\\/author\\\/jeanette\\\/\"}]}<\/script>\n<!-- \/ Yoast SEO plugin. -->","yoast_head_json":{"title":"Discursos de confrontaci\u00f3n son estrategias del MAS para dividir - El Diario - Bolivia","robots":{"index":"index","follow":"follow","max-snippet":"max-snippet:-1","max-image-preview":"max-image-preview:large","max-video-preview":"max-video-preview:-1"},"canonical":"https:\/\/www.eldiario.net\/portal\/2021\/08\/09\/discursos-de-confrontacion-son-estrategias-del-mas-para-dividir\/","og_locale":"es_ES","og_type":"article","og_title":"Discursos de confrontaci\u00f3n son estrategias del MAS para dividir - El Diario - Bolivia","og_description":"El diputado por Comunidad Ciudadana (CC), Alejandro Reyes, se\u00f1al\u00f3 que los discursos de venganza y confrontaci\u00f3n por parte de autoridades nacionales como el Presidente del Estado y legisladores son una estrategia del Movimiento al Socialismo (MAS) para dividir a la poblaci\u00f3n boliviana y poder obtener ventaja pol\u00edtica. Reyes manifest\u00f3 que la verdadera intenci\u00f3n detr\u00e1s de [&hellip;]","og_url":"https:\/\/www.eldiario.net\/portal\/2021\/08\/09\/discursos-de-confrontacion-son-estrategias-del-mas-para-dividir\/","og_site_name":"El Diario - Bolivia","article_publisher":"https:\/\/www.facebook.com\/eldiario.bolivia\/","article_published_time":"2021-08-09T10:19:48+00:00","author":"Jeanette","twitter_card":"summary_large_image","twitter_creator":"@eldiario_net","twitter_site":"@eldiario_net","twitter_misc":{"Escrito por":"Jeanette","Tiempo de lectura":"2 minutos"},"schema":{"@context":"https:\/\/schema.org","@graph":[{"@type":"Article","@id":"https:\/\/www.eldiario.net\/portal\/2021\/08\/09\/discursos-de-confrontacion-son-estrategias-del-mas-para-dividir\/#article","isPartOf":{"@id":"https:\/\/www.eldiario.net\/portal\/2021\/08\/09\/discursos-de-confrontacion-son-estrategias-del-mas-para-dividir\/"},"author":{"name":"Jeanette","@id":"https:\/\/www.eldiario.net\/portal\/#\/schema\/person\/f46445640444750d7d753ccd04ae01b7"},"headline":"Discursos de confrontaci\u00f3n son estrategias del MAS para dividir","datePublished":"2021-08-09T10:19:48+00:00","mainEntityOfPage":{"@id":"https:\/\/www.eldiario.net\/portal\/2021\/08\/09\/discursos-de-confrontacion-son-estrategias-del-mas-para-dividir\/"},"wordCount":402,"publisher":{"@id":"https:\/\/www.eldiario.net\/portal\/#organization"},"image":{"@id":"https:\/\/www.eldiario.net\/portal\/2021\/08\/09\/discursos-de-confrontacion-son-estrategias-del-mas-para-dividir\/#primaryimage"},"thumbnailUrl":"","articleSection":["Pol\u00edtica"],"inLanguage":"es"},{"@type":"WebPage","@id":"https:\/\/www.eldiario.net\/portal\/2021\/08\/09\/discursos-de-confrontacion-son-estrategias-del-mas-para-dividir\/","url":"https:\/\/www.eldiario.net\/portal\/2021\/08\/09\/discursos-de-confrontacion-son-estrategias-del-mas-para-dividir\/","name":"Discursos de confrontaci\u00f3n son estrategias del MAS para dividir - El Diario - Bolivia","isPartOf":{"@id":"https:\/\/www.eldiario.net\/portal\/#website"},"primaryImageOfPage":{"@id":"https:\/\/www.eldiario.net\/portal\/2021\/08\/09\/discursos-de-confrontacion-son-estrategias-del-mas-para-dividir\/#primaryimage"},"image":{"@id":"https:\/\/www.eldiario.net\/portal\/2021\/08\/09\/discursos-de-confrontacion-son-estrategias-del-mas-para-dividir\/#primaryimage"},"thumbnailUrl":"","datePublished":"2021-08-09T10:19:48+00:00","breadcrumb":{"@id":"https:\/\/www.eldiario.net\/portal\/2021\/08\/09\/discursos-de-confrontacion-son-estrategias-del-mas-para-dividir\/#breadcrumb"},"inLanguage":"es","potentialAction":[{"@type":"ReadAction","target":["https:\/\/www.eldiario.net\/portal\/2021\/08\/09\/discursos-de-confrontacion-son-estrategias-del-mas-para-dividir\/"]}]},{"@type":"ImageObject","inLanguage":"es","@id":"https:\/\/www.eldiario.net\/portal\/2021\/08\/09\/discursos-de-confrontacion-son-estrategias-del-mas-para-dividir\/#primaryimage","url":"","contentUrl":""},{"@type":"BreadcrumbList","@id":"https:\/\/www.eldiario.net\/portal\/2021\/08\/09\/discursos-de-confrontacion-son-estrategias-del-mas-para-dividir\/#breadcrumb","itemListElement":[{"@type":"ListItem","position":1,"name":"Portada","item":"https:\/\/www.eldiario.net\/portal\/"},{"@type":"ListItem","position":2,"name":"Discursos de confrontaci\u00f3n son estrategias del MAS para dividir"}]},{"@type":"WebSite","@id":"https:\/\/www.eldiario.net\/portal\/#website","url":"https:\/\/www.eldiario.net\/portal\/","name":"El Diario - Decano de la prensa nacional","description":"El Diario - Decano de la prensa nacional","publisher":{"@id":"https:\/\/www.eldiario.net\/portal\/#organization"},"potentialAction":[{"@type":"SearchAction","target":{"@type":"EntryPoint","urlTemplate":"https:\/\/www.eldiario.net\/portal\/?s={search_term_string}"},"query-input":{"@type":"PropertyValueSpecification","valueRequired":true,"valueName":"search_term_string"}}],"inLanguage":"es"},{"@type":"Organization","@id":"https:\/\/www.eldiario.net\/portal\/#organization","name":"El Diario - Decano de la prensa nacional","url":"https:\/\/www.eldiario.net\/portal\/","logo":{"@type":"ImageObject","inLanguage":"es","@id":"https:\/\/www.eldiario.net\/portal\/#\/schema\/logo\/image\/","url":"https:\/\/www.eldiario.net\/portal\/wp-content\/uploads\/2023\/07\/logo_ED.jpg","contentUrl":"https:\/\/www.eldiario.net\/portal\/wp-content\/uploads\/2023\/07\/logo_ED.jpg","width":272,"height":52,"caption":"El Diario - Decano de la prensa nacional"},"image":{"@id":"https:\/\/www.eldiario.net\/portal\/#\/schema\/logo\/image\/"},"sameAs":["https:\/\/www.facebook.com\/eldiario.bolivia\/","https:\/\/x.com\/eldiario_net"]},{"@type":"Person","@id":"https:\/\/www.eldiario.net\/portal\/#\/schema\/person\/f46445640444750d7d753ccd04ae01b7","name":"Jeanette","image":{"@type":"ImageObject","inLanguage":"es","@id":"https:\/\/secure.gravatar.com\/avatar\/3ea2118a5f7dad2b7138b1187a6b7ee55f160b9968b66013c3a3ef39dd7e5798?s=96&d=mm&r=g","url":"https:\/\/secure.gravatar.com\/avatar\/3ea2118a5f7dad2b7138b1187a6b7ee55f160b9968b66013c3a3ef39dd7e5798?s=96&d=mm&r=g","contentUrl":"https:\/\/secure.gravatar.com\/avatar\/3ea2118a5f7dad2b7138b1187a6b7ee55f160b9968b66013c3a3ef39dd7e5798?s=96&d=mm&r=g","caption":"Jeanette"},"sameAs":["https:\/\/www.eldiario.net\/portal"],"url":"https:\/\/www.eldiario.net\/portal\/author\/jeanette\/"}]}},"_links":{"self":[{"href":"https:\/\/www.eldiario.net\/portal\/wp-json\/wp\/v2\/posts\/22344","targetHints":{"allow":["GET"]}}],"collection":[{"href":"https:\/\/www.eldiario.net\/portal\/wp-json\/wp\/v2\/posts"}],"about":[{"href":"https:\/\/www.eldiario.net\/portal\/wp-json\/wp\/v2\/types\/post"}],"author":[{"embeddable":true,"href":"https:\/\/www.eldiario.net\/portal\/wp-json\/wp\/v2\/users\/1"}],"replies":[{"embeddable":true,"href":"https:\/\/www.eldiario.net\/portal\/wp-json\/wp\/v2\/comments?post=22344"}],"version-history":[{"count":0,"href":"https:\/\/www.eldiario.net\/portal\/wp-json\/wp\/v2\/posts\/22344\/revisions"}],"wp:attachment":[{"href":"https:\/\/www.eldiario.net\/portal\/wp-json\/wp\/v2\/media?parent=22344"}],"wp:term":[{"taxonomy":"category","embeddable":true,"href":"https:\/\/www.eldiario.net\/portal\/wp-json\/wp\/v2\/categories?post=22344"},{"taxonomy":"post_tag","embeddable":true,"href":"https:\/\/www.eldiario.net\/portal\/wp-json\/wp\/v2\/tags?post=22344"}],"curies":[{"name":"wp","href":"https:\/\/api.w.org\/{rel}","templated":true}]}}