{"id":223436,"date":"2024-05-28T07:28:27","date_gmt":"2024-05-28T11:28:27","guid":{"rendered":"https:\/\/www.eldiario.net\/portal\/?p=223436"},"modified":"2024-05-28T07:28:27","modified_gmt":"2024-05-28T11:28:27","slug":"misa-y-condecoraciones-marcaron-el-dia-de-la-madre-en-cochabamba","status":"publish","type":"post","link":"https:\/\/www.eldiario.net\/portal\/2024\/05\/28\/misa-y-condecoraciones-marcaron-el-dia-de-la-madre-en-cochabamba\/","title":{"rendered":"Misa y condecoraciones marcaron el D\u00eda de la Madre en Cochabamba"},"content":{"rendered":"<p>\u00abLa mujer cochabambina, es una mujer valerosa, inteligente, valiente y son el n\u00facleo fundamental de las familias\u00bb, con estas palabras el alcalde, Manfred Reyes Villa, particip\u00f3 de las actividades protocolares que se realizaron por \u00abEl D\u00eda de la Madre\u00bb en la colina San Sebasti\u00e1n, lugar donde tuvo lugar una misa y la entrega de condecoraciones a mujeres destacadas.<\/p>\n<p>La ceremonia inici\u00f3 con una romer\u00eda de la Virgen de la Merced que parti\u00f3 de la Catedral Metropolitana hacia la Colina San Sebasti\u00e1n. La procesi\u00f3n fue encabezada por el alcalde Manfred Reyes Villa acompa\u00f1ado de su esposa, concejales y autoridades municipales.<\/p>\n<p>Los arreglos florales fueron colocados a los pies del monumento de las Hero\u00ednas de la Coronilla, conmemorando la batalla del 27 de mayo de 1812, donde mujeres y ancianos se levantaron para luchar contra el ej\u00e9rcito espa\u00f1ol comandado por Jos\u00e9 Manuel Goyeneche.<\/p>\n<p>Posteriormente, se desarroll\u00f3 la misa presidida por monse\u00f1or \u00d3scar Aparicio, quien, en la homil\u00eda, se\u00f1al\u00f3 que los actos por el d\u00eda de la Madre, son actos patri\u00f3ticos, de amor y de liberad.<\/p>\n<p>\u00abTenemos la figura de la virgen de la Merced-Virgen Mar\u00eda que es la mayor expresi\u00f3n del amor de Dios hacia este pueblo, es tambi\u00e9n decir que es un acto profundo de amor el que estamos celebrando, (\u2026) debemos reconocer la labor de la mujer, esposa o madre, aquellas que est\u00e1n en el cielo y para aquellas que todav\u00eda nos acompa\u00f1an, todos somos hijas e hijos del Se\u00f1or\u00bb, manifest\u00f3 monse\u00f1or Aparicio.<\/p>\n<p>CONDECORACI\u00d3N A MADRES<\/p>\n<p>&nbsp;<\/p>\n<p>Al finalizar la homil\u00eda, Reyes Villa reconoci\u00f3 a seis madres, bajo la distinci\u00f3n \u201cHero\u00ednas de la Coronilla\u201d, Orden \u201cMadre Meritoria Cochabambina\u201d en tres categor\u00edas.<\/p>\n<p>En la categor\u00eda \u201cDomitila Chungara\u201d a la madre biol\u00f3gica, fueron reconocidas las se\u00f1oras Mar\u00eda Janet Molina viuda de Mu\u00f1oz y Daria Mamani Parra; en la categor\u00eda \u201cLidia Gueiler Tejada\u201d a la madre Adoptiva, la se\u00f1ora Antonieta Gonzales Torrico y Bertha Mariscal Camacho.<\/p>\n<p>En la categor\u00eda \u201cAna Mar\u00eda Romero de Campero\u201d a la Madre de Crianza, se reconoci\u00f3 a la se\u00f1ora Julieta Villca Guzm\u00e1n y Angelica Maisman Ayala que con 38 a\u00f1os de trabajo en el servicio de acogimiento en familias SOS, crio 30 hijos y tiene 29 nietos. Siendo joven asumi\u00f3 el reto de ser madre de crianza y actualmente vive con un grupo de 3 adolescentes de 15, 16 y 17 a\u00f1os a quienes brinda amor, dedicaci\u00f3n y educaci\u00f3n, priorizando la ense\u00f1anza de valores y desarrollo de habilidades para la vida.<\/p>\n<p>Al finalizar las actividades en conmemoraci\u00f3n al \u00abDia de la Madre\u00bb y a las \u00abHero\u00ednas de la Coronilla\u00bb, el alcalde Manfred Reyes Villa destac\u00f3 la fecha del 27 de Mayo porque es hist\u00f3rica, \u00abLas Hero\u00ednas de la Coronilla defendieron con mucho valor la libertad el a\u00f1o 1812\u00bb, dijo.<\/p>\n<p>Enfatiz\u00f3 que la mujer cochabambina es una mujer valerosa, trabajadora e inteligente, \u00abLa madre es \u00fanica y es insustituible, significa ternura, valor y unidad. Felicitamos a todas las mam\u00e1s bolivianas desde el coraz\u00f3n de Bolivia, les mandamos un fuerte abrazo, las queremos muchos y las respetamos porque ustedes son el n\u00facleo fundamental de la familia\u00bb, manifest\u00f3. (Cochabamba, agencias)<\/p>\n","protected":false},"excerpt":{"rendered":"<p>\u00abLa mujer cochabambina, es una mujer valerosa, inteligente, valiente y son el n\u00facleo fundamental de las familias\u00bb, con estas palabras el alcalde, Manfred Reyes Villa, particip\u00f3 de las actividades protocolares que se realizaron por \u00abEl D\u00eda de la Madre\u00bb en la colina San Sebasti\u00e1n, lugar donde tuvo lugar una misa y la entrega de condecoraciones [&hellip;]<\/p>\n","protected":false},"author":1,"featured_media":223437,"comment_status":"open","ping_status":"open","sticky":false,"template":"","format":"standard","meta":{"_acf_changed":false,"footnotes":""},"categories":[12],"tags":[],"class_list":["post-223436","post","type-post","status-publish","format-standard","has-post-thumbnail","category-nacional"],"acf":{"antetitulo":""},"yoast_head":"<!-- This site is optimized with the Yoast SEO plugin v28.3 - https:\/\/yoast.com\/product\/yoast-seo-wordpress\/ -->\n<title>Misa y condecoraciones marcaron el D\u00eda de la Madre en Cochabamba - El Diario - Bolivia<\/title>\n<meta name=\"robots\" content=\"index, follow, max-snippet:-1, max-image-preview:large, max-video-preview:-1\" \/>\n<link rel=\"canonical\" href=\"https:\/\/www.eldiario.net\/portal\/2024\/05\/28\/misa-y-condecoraciones-marcaron-el-dia-de-la-madre-en-cochabamba\/\" \/>\n<meta property=\"og:locale\" content=\"es_ES\" \/>\n<meta property=\"og:type\" content=\"article\" \/>\n<meta property=\"og:title\" content=\"Misa y condecoraciones marcaron el D\u00eda de la Madre en Cochabamba - El Diario - Bolivia\" \/>\n<meta property=\"og:description\" content=\"\u00abLa mujer cochabambina, es una mujer valerosa, inteligente, valiente y son el n\u00facleo fundamental de las familias\u00bb, con estas palabras el alcalde, Manfred Reyes Villa, particip\u00f3 de las actividades protocolares que se realizaron por \u00abEl D\u00eda de la Madre\u00bb en la colina San Sebasti\u00e1n, lugar donde tuvo lugar una misa y la entrega de condecoraciones [&hellip;]\" \/>\n<meta property=\"og:url\" content=\"https:\/\/www.eldiario.net\/portal\/2024\/05\/28\/misa-y-condecoraciones-marcaron-el-dia-de-la-madre-en-cochabamba\/\" \/>\n<meta property=\"og:site_name\" content=\"El Diario - Bolivia\" \/>\n<meta property=\"article:publisher\" content=\"https:\/\/www.facebook.com\/eldiario.bolivia\/\" \/>\n<meta property=\"article:published_time\" content=\"2024-05-28T11:28:27+00:00\" \/>\n<meta property=\"og:image\" content=\"https:\/\/www.eldiario.net\/portal\/wp-content\/uploads\/2024\/05\/MADRE-FOTO.jpg\" \/>\n\t<meta property=\"og:image:width\" content=\"1200\" \/>\n\t<meta property=\"og:image:height\" content=\"1116\" \/>\n\t<meta property=\"og:image:type\" content=\"image\/jpeg\" \/>\n<meta name=\"author\" content=\"Jeanette\" \/>\n<meta name=\"twitter:card\" content=\"summary_large_image\" \/>\n<meta name=\"twitter:creator\" content=\"@eldiario_net\" \/>\n<meta name=\"twitter:site\" content=\"@eldiario_net\" \/>\n<meta name=\"twitter:label1\" content=\"Escrito por\" \/>\n\t<meta name=\"twitter:data1\" content=\"Jeanette\" \/>\n\t<meta name=\"twitter:label2\" content=\"Tiempo de lectura\" \/>\n\t<meta name=\"twitter:data2\" content=\"3 minutos\" \/>\n<script type=\"application\/ld+json\" class=\"yoast-schema-graph\">{\"@context\":\"https:\\\/\\\/schema.org\",\"@graph\":[{\"@type\":\"Article\",\"@id\":\"https:\\\/\\\/www.eldiario.net\\\/portal\\\/2024\\\/05\\\/28\\\/misa-y-condecoraciones-marcaron-el-dia-de-la-madre-en-cochabamba\\\/#article\",\"isPartOf\":{\"@id\":\"https:\\\/\\\/www.eldiario.net\\\/portal\\\/2024\\\/05\\\/28\\\/misa-y-condecoraciones-marcaron-el-dia-de-la-madre-en-cochabamba\\\/\"},\"author\":{\"name\":\"Jeanette\",\"@id\":\"https:\\\/\\\/www.eldiario.net\\\/portal\\\/#\\\/schema\\\/person\\\/f46445640444750d7d753ccd04ae01b7\"},\"headline\":\"Misa y condecoraciones marcaron el D\u00eda de la Madre en Cochabamba\",\"datePublished\":\"2024-05-28T11:28:27+00:00\",\"mainEntityOfPage\":{\"@id\":\"https:\\\/\\\/www.eldiario.net\\\/portal\\\/2024\\\/05\\\/28\\\/misa-y-condecoraciones-marcaron-el-dia-de-la-madre-en-cochabamba\\\/\"},\"wordCount\":561,\"commentCount\":0,\"publisher\":{\"@id\":\"https:\\\/\\\/www.eldiario.net\\\/portal\\\/#organization\"},\"image\":{\"@id\":\"https:\\\/\\\/www.eldiario.net\\\/portal\\\/2024\\\/05\\\/28\\\/misa-y-condecoraciones-marcaron-el-dia-de-la-madre-en-cochabamba\\\/#primaryimage\"},\"thumbnailUrl\":\"https:\\\/\\\/www.eldiario.net\\\/portal\\\/wp-content\\\/uploads\\\/2024\\\/05\\\/MADRE-FOTO.jpg\",\"articleSection\":[\"Nacional\"],\"inLanguage\":\"es\",\"potentialAction\":[{\"@type\":\"CommentAction\",\"name\":\"Comment\",\"target\":[\"https:\\\/\\\/www.eldiario.net\\\/portal\\\/2024\\\/05\\\/28\\\/misa-y-condecoraciones-marcaron-el-dia-de-la-madre-en-cochabamba\\\/#respond\"]}]},{\"@type\":\"WebPage\",\"@id\":\"https:\\\/\\\/www.eldiario.net\\\/portal\\\/2024\\\/05\\\/28\\\/misa-y-condecoraciones-marcaron-el-dia-de-la-madre-en-cochabamba\\\/\",\"url\":\"https:\\\/\\\/www.eldiario.net\\\/portal\\\/2024\\\/05\\\/28\\\/misa-y-condecoraciones-marcaron-el-dia-de-la-madre-en-cochabamba\\\/\",\"name\":\"Misa y condecoraciones marcaron el D\u00eda de la Madre en Cochabamba - El Diario - Bolivia\",\"isPartOf\":{\"@id\":\"https:\\\/\\\/www.eldiario.net\\\/portal\\\/#website\"},\"primaryImageOfPage\":{\"@id\":\"https:\\\/\\\/www.eldiario.net\\\/portal\\\/2024\\\/05\\\/28\\\/misa-y-condecoraciones-marcaron-el-dia-de-la-madre-en-cochabamba\\\/#primaryimage\"},\"image\":{\"@id\":\"https:\\\/\\\/www.eldiario.net\\\/portal\\\/2024\\\/05\\\/28\\\/misa-y-condecoraciones-marcaron-el-dia-de-la-madre-en-cochabamba\\\/#primaryimage\"},\"thumbnailUrl\":\"https:\\\/\\\/www.eldiario.net\\\/portal\\\/wp-content\\\/uploads\\\/2024\\\/05\\\/MADRE-FOTO.jpg\",\"datePublished\":\"2024-05-28T11:28:27+00:00\",\"breadcrumb\":{\"@id\":\"https:\\\/\\\/www.eldiario.net\\\/portal\\\/2024\\\/05\\\/28\\\/misa-y-condecoraciones-marcaron-el-dia-de-la-madre-en-cochabamba\\\/#breadcrumb\"},\"inLanguage\":\"es\",\"potentialAction\":[{\"@type\":\"ReadAction\",\"target\":[\"https:\\\/\\\/www.eldiario.net\\\/portal\\\/2024\\\/05\\\/28\\\/misa-y-condecoraciones-marcaron-el-dia-de-la-madre-en-cochabamba\\\/\"]}]},{\"@type\":\"ImageObject\",\"inLanguage\":\"es\",\"@id\":\"https:\\\/\\\/www.eldiario.net\\\/portal\\\/2024\\\/05\\\/28\\\/misa-y-condecoraciones-marcaron-el-dia-de-la-madre-en-cochabamba\\\/#primaryimage\",\"url\":\"https:\\\/\\\/www.eldiario.net\\\/portal\\\/wp-content\\\/uploads\\\/2024\\\/05\\\/MADRE-FOTO.jpg\",\"contentUrl\":\"https:\\\/\\\/www.eldiario.net\\\/portal\\\/wp-content\\\/uploads\\\/2024\\\/05\\\/MADRE-FOTO.jpg\",\"width\":1200,\"height\":1116,\"caption\":\"ESCENARIO DONDE SE EFECTU\u00d3 EL HOMENAJE AL D\u00cdA DE LA MADRE BOLIVIANA. FOTO: GMC\"},{\"@type\":\"BreadcrumbList\",\"@id\":\"https:\\\/\\\/www.eldiario.net\\\/portal\\\/2024\\\/05\\\/28\\\/misa-y-condecoraciones-marcaron-el-dia-de-la-madre-en-cochabamba\\\/#breadcrumb\",\"itemListElement\":[{\"@type\":\"ListItem\",\"position\":1,\"name\":\"Portada\",\"item\":\"https:\\\/\\\/www.eldiario.net\\\/portal\\\/\"},{\"@type\":\"ListItem\",\"position\":2,\"name\":\"Misa y condecoraciones marcaron el D\u00eda de la Madre en Cochabamba\"}]},{\"@type\":\"WebSite\",\"@id\":\"https:\\\/\\\/www.eldiario.net\\\/portal\\\/#website\",\"url\":\"https:\\\/\\\/www.eldiario.net\\\/portal\\\/\",\"name\":\"El Diario - Decano de la prensa nacional\",\"description\":\"El Diario - Decano de la prensa nacional\",\"publisher\":{\"@id\":\"https:\\\/\\\/www.eldiario.net\\\/portal\\\/#organization\"},\"potentialAction\":[{\"@type\":\"SearchAction\",\"target\":{\"@type\":\"EntryPoint\",\"urlTemplate\":\"https:\\\/\\\/www.eldiario.net\\\/portal\\\/?s={search_term_string}\"},\"query-input\":{\"@type\":\"PropertyValueSpecification\",\"valueRequired\":true,\"valueName\":\"search_term_string\"}}],\"inLanguage\":\"es\"},{\"@type\":\"Organization\",\"@id\":\"https:\\\/\\\/www.eldiario.net\\\/portal\\\/#organization\",\"name\":\"El Diario - Decano de la prensa nacional\",\"url\":\"https:\\\/\\\/www.eldiario.net\\\/portal\\\/\",\"logo\":{\"@type\":\"ImageObject\",\"inLanguage\":\"es\",\"@id\":\"https:\\\/\\\/www.eldiario.net\\\/portal\\\/#\\\/schema\\\/logo\\\/image\\\/\",\"url\":\"https:\\\/\\\/www.eldiario.net\\\/portal\\\/wp-content\\\/uploads\\\/2023\\\/07\\\/logo_ED.jpg\",\"contentUrl\":\"https:\\\/\\\/www.eldiario.net\\\/portal\\\/wp-content\\\/uploads\\\/2023\\\/07\\\/logo_ED.jpg\",\"width\":272,\"height\":52,\"caption\":\"El Diario - Decano de la prensa nacional\"},\"image\":{\"@id\":\"https:\\\/\\\/www.eldiario.net\\\/portal\\\/#\\\/schema\\\/logo\\\/image\\\/\"},\"sameAs\":[\"https:\\\/\\\/www.facebook.com\\\/eldiario.bolivia\\\/\",\"https:\\\/\\\/x.com\\\/eldiario_net\"]},{\"@type\":\"Person\",\"@id\":\"https:\\\/\\\/www.eldiario.net\\\/portal\\\/#\\\/schema\\\/person\\\/f46445640444750d7d753ccd04ae01b7\",\"name\":\"Jeanette\",\"image\":{\"@type\":\"ImageObject\",\"inLanguage\":\"es\",\"@id\":\"https:\\\/\\\/secure.gravatar.com\\\/avatar\\\/3ea2118a5f7dad2b7138b1187a6b7ee55f160b9968b66013c3a3ef39dd7e5798?s=96&d=mm&r=g\",\"url\":\"https:\\\/\\\/secure.gravatar.com\\\/avatar\\\/3ea2118a5f7dad2b7138b1187a6b7ee55f160b9968b66013c3a3ef39dd7e5798?s=96&d=mm&r=g\",\"contentUrl\":\"https:\\\/\\\/secure.gravatar.com\\\/avatar\\\/3ea2118a5f7dad2b7138b1187a6b7ee55f160b9968b66013c3a3ef39dd7e5798?s=96&d=mm&r=g\",\"caption\":\"Jeanette\"},\"sameAs\":[\"https:\\\/\\\/www.eldiario.net\\\/portal\"],\"url\":\"https:\\\/\\\/www.eldiario.net\\\/portal\\\/author\\\/jeanette\\\/\"}]}<\/script>\n<!-- \/ Yoast SEO plugin. -->","yoast_head_json":{"title":"Misa y condecoraciones marcaron el D\u00eda de la Madre en Cochabamba - El Diario - Bolivia","robots":{"index":"index","follow":"follow","max-snippet":"max-snippet:-1","max-image-preview":"max-image-preview:large","max-video-preview":"max-video-preview:-1"},"canonical":"https:\/\/www.eldiario.net\/portal\/2024\/05\/28\/misa-y-condecoraciones-marcaron-el-dia-de-la-madre-en-cochabamba\/","og_locale":"es_ES","og_type":"article","og_title":"Misa y condecoraciones marcaron el D\u00eda de la Madre en Cochabamba - El Diario - Bolivia","og_description":"\u00abLa mujer cochabambina, es una mujer valerosa, inteligente, valiente y son el n\u00facleo fundamental de las familias\u00bb, con estas palabras el alcalde, Manfred Reyes Villa, particip\u00f3 de las actividades protocolares que se realizaron por \u00abEl D\u00eda de la Madre\u00bb en la colina San Sebasti\u00e1n, lugar donde tuvo lugar una misa y la entrega de condecoraciones [&hellip;]","og_url":"https:\/\/www.eldiario.net\/portal\/2024\/05\/28\/misa-y-condecoraciones-marcaron-el-dia-de-la-madre-en-cochabamba\/","og_site_name":"El Diario - Bolivia","article_publisher":"https:\/\/www.facebook.com\/eldiario.bolivia\/","article_published_time":"2024-05-28T11:28:27+00:00","og_image":[{"width":1200,"height":1116,"url":"https:\/\/www.eldiario.net\/portal\/wp-content\/uploads\/2024\/05\/MADRE-FOTO.jpg","type":"image\/jpeg"}],"author":"Jeanette","twitter_card":"summary_large_image","twitter_creator":"@eldiario_net","twitter_site":"@eldiario_net","twitter_misc":{"Escrito por":"Jeanette","Tiempo de lectura":"3 minutos"},"schema":{"@context":"https:\/\/schema.org","@graph":[{"@type":"Article","@id":"https:\/\/www.eldiario.net\/portal\/2024\/05\/28\/misa-y-condecoraciones-marcaron-el-dia-de-la-madre-en-cochabamba\/#article","isPartOf":{"@id":"https:\/\/www.eldiario.net\/portal\/2024\/05\/28\/misa-y-condecoraciones-marcaron-el-dia-de-la-madre-en-cochabamba\/"},"author":{"name":"Jeanette","@id":"https:\/\/www.eldiario.net\/portal\/#\/schema\/person\/f46445640444750d7d753ccd04ae01b7"},"headline":"Misa y condecoraciones marcaron el D\u00eda de la Madre en Cochabamba","datePublished":"2024-05-28T11:28:27+00:00","mainEntityOfPage":{"@id":"https:\/\/www.eldiario.net\/portal\/2024\/05\/28\/misa-y-condecoraciones-marcaron-el-dia-de-la-madre-en-cochabamba\/"},"wordCount":561,"commentCount":0,"publisher":{"@id":"https:\/\/www.eldiario.net\/portal\/#organization"},"image":{"@id":"https:\/\/www.eldiario.net\/portal\/2024\/05\/28\/misa-y-condecoraciones-marcaron-el-dia-de-la-madre-en-cochabamba\/#primaryimage"},"thumbnailUrl":"https:\/\/www.eldiario.net\/portal\/wp-content\/uploads\/2024\/05\/MADRE-FOTO.jpg","articleSection":["Nacional"],"inLanguage":"es","potentialAction":[{"@type":"CommentAction","name":"Comment","target":["https:\/\/www.eldiario.net\/portal\/2024\/05\/28\/misa-y-condecoraciones-marcaron-el-dia-de-la-madre-en-cochabamba\/#respond"]}]},{"@type":"WebPage","@id":"https:\/\/www.eldiario.net\/portal\/2024\/05\/28\/misa-y-condecoraciones-marcaron-el-dia-de-la-madre-en-cochabamba\/","url":"https:\/\/www.eldiario.net\/portal\/2024\/05\/28\/misa-y-condecoraciones-marcaron-el-dia-de-la-madre-en-cochabamba\/","name":"Misa y condecoraciones marcaron el D\u00eda de la Madre en Cochabamba - El Diario - Bolivia","isPartOf":{"@id":"https:\/\/www.eldiario.net\/portal\/#website"},"primaryImageOfPage":{"@id":"https:\/\/www.eldiario.net\/portal\/2024\/05\/28\/misa-y-condecoraciones-marcaron-el-dia-de-la-madre-en-cochabamba\/#primaryimage"},"image":{"@id":"https:\/\/www.eldiario.net\/portal\/2024\/05\/28\/misa-y-condecoraciones-marcaron-el-dia-de-la-madre-en-cochabamba\/#primaryimage"},"thumbnailUrl":"https:\/\/www.eldiario.net\/portal\/wp-content\/uploads\/2024\/05\/MADRE-FOTO.jpg","datePublished":"2024-05-28T11:28:27+00:00","breadcrumb":{"@id":"https:\/\/www.eldiario.net\/portal\/2024\/05\/28\/misa-y-condecoraciones-marcaron-el-dia-de-la-madre-en-cochabamba\/#breadcrumb"},"inLanguage":"es","potentialAction":[{"@type":"ReadAction","target":["https:\/\/www.eldiario.net\/portal\/2024\/05\/28\/misa-y-condecoraciones-marcaron-el-dia-de-la-madre-en-cochabamba\/"]}]},{"@type":"ImageObject","inLanguage":"es","@id":"https:\/\/www.eldiario.net\/portal\/2024\/05\/28\/misa-y-condecoraciones-marcaron-el-dia-de-la-madre-en-cochabamba\/#primaryimage","url":"https:\/\/www.eldiario.net\/portal\/wp-content\/uploads\/2024\/05\/MADRE-FOTO.jpg","contentUrl":"https:\/\/www.eldiario.net\/portal\/wp-content\/uploads\/2024\/05\/MADRE-FOTO.jpg","width":1200,"height":1116,"caption":"ESCENARIO DONDE SE EFECTU\u00d3 EL HOMENAJE AL D\u00cdA DE LA MADRE BOLIVIANA. FOTO: GMC"},{"@type":"BreadcrumbList","@id":"https:\/\/www.eldiario.net\/portal\/2024\/05\/28\/misa-y-condecoraciones-marcaron-el-dia-de-la-madre-en-cochabamba\/#breadcrumb","itemListElement":[{"@type":"ListItem","position":1,"name":"Portada","item":"https:\/\/www.eldiario.net\/portal\/"},{"@type":"ListItem","position":2,"name":"Misa y condecoraciones marcaron el D\u00eda de la Madre en Cochabamba"}]},{"@type":"WebSite","@id":"https:\/\/www.eldiario.net\/portal\/#website","url":"https:\/\/www.eldiario.net\/portal\/","name":"El Diario - Decano de la prensa nacional","description":"El Diario - Decano de la prensa nacional","publisher":{"@id":"https:\/\/www.eldiario.net\/portal\/#organization"},"potentialAction":[{"@type":"SearchAction","target":{"@type":"EntryPoint","urlTemplate":"https:\/\/www.eldiario.net\/portal\/?s={search_term_string}"},"query-input":{"@type":"PropertyValueSpecification","valueRequired":true,"valueName":"search_term_string"}}],"inLanguage":"es"},{"@type":"Organization","@id":"https:\/\/www.eldiario.net\/portal\/#organization","name":"El Diario - Decano de la prensa nacional","url":"https:\/\/www.eldiario.net\/portal\/","logo":{"@type":"ImageObject","inLanguage":"es","@id":"https:\/\/www.eldiario.net\/portal\/#\/schema\/logo\/image\/","url":"https:\/\/www.eldiario.net\/portal\/wp-content\/uploads\/2023\/07\/logo_ED.jpg","contentUrl":"https:\/\/www.eldiario.net\/portal\/wp-content\/uploads\/2023\/07\/logo_ED.jpg","width":272,"height":52,"caption":"El Diario - Decano de la prensa nacional"},"image":{"@id":"https:\/\/www.eldiario.net\/portal\/#\/schema\/logo\/image\/"},"sameAs":["https:\/\/www.facebook.com\/eldiario.bolivia\/","https:\/\/x.com\/eldiario_net"]},{"@type":"Person","@id":"https:\/\/www.eldiario.net\/portal\/#\/schema\/person\/f46445640444750d7d753ccd04ae01b7","name":"Jeanette","image":{"@type":"ImageObject","inLanguage":"es","@id":"https:\/\/secure.gravatar.com\/avatar\/3ea2118a5f7dad2b7138b1187a6b7ee55f160b9968b66013c3a3ef39dd7e5798?s=96&d=mm&r=g","url":"https:\/\/secure.gravatar.com\/avatar\/3ea2118a5f7dad2b7138b1187a6b7ee55f160b9968b66013c3a3ef39dd7e5798?s=96&d=mm&r=g","contentUrl":"https:\/\/secure.gravatar.com\/avatar\/3ea2118a5f7dad2b7138b1187a6b7ee55f160b9968b66013c3a3ef39dd7e5798?s=96&d=mm&r=g","caption":"Jeanette"},"sameAs":["https:\/\/www.eldiario.net\/portal"],"url":"https:\/\/www.eldiario.net\/portal\/author\/jeanette\/"}]}},"_links":{"self":[{"href":"https:\/\/www.eldiario.net\/portal\/wp-json\/wp\/v2\/posts\/223436","targetHints":{"allow":["GET"]}}],"collection":[{"href":"https:\/\/www.eldiario.net\/portal\/wp-json\/wp\/v2\/posts"}],"about":[{"href":"https:\/\/www.eldiario.net\/portal\/wp-json\/wp\/v2\/types\/post"}],"author":[{"embeddable":true,"href":"https:\/\/www.eldiario.net\/portal\/wp-json\/wp\/v2\/users\/1"}],"replies":[{"embeddable":true,"href":"https:\/\/www.eldiario.net\/portal\/wp-json\/wp\/v2\/comments?post=223436"}],"version-history":[{"count":1,"href":"https:\/\/www.eldiario.net\/portal\/wp-json\/wp\/v2\/posts\/223436\/revisions"}],"predecessor-version":[{"id":223438,"href":"https:\/\/www.eldiario.net\/portal\/wp-json\/wp\/v2\/posts\/223436\/revisions\/223438"}],"wp:featuredmedia":[{"embeddable":true,"href":"https:\/\/www.eldiario.net\/portal\/wp-json\/wp\/v2\/media\/223437"}],"wp:attachment":[{"href":"https:\/\/www.eldiario.net\/portal\/wp-json\/wp\/v2\/media?parent=223436"}],"wp:term":[{"taxonomy":"category","embeddable":true,"href":"https:\/\/www.eldiario.net\/portal\/wp-json\/wp\/v2\/categories?post=223436"},{"taxonomy":"post_tag","embeddable":true,"href":"https:\/\/www.eldiario.net\/portal\/wp-json\/wp\/v2\/tags?post=223436"}],"curies":[{"name":"wp","href":"https:\/\/api.w.org\/{rel}","templated":true}]}}