{"id":223430,"date":"2024-05-28T07:25:54","date_gmt":"2024-05-28T11:25:54","guid":{"rendered":"https:\/\/www.eldiario.net\/portal\/?p=223430"},"modified":"2024-05-28T07:25:54","modified_gmt":"2024-05-28T11:25:54","slug":"habilitaran-albergue-de-invierno-en-multifuncional-para-50-personas","status":"publish","type":"post","link":"https:\/\/www.eldiario.net\/portal\/2024\/05\/28\/habilitaran-albergue-de-invierno-en-multifuncional-para-50-personas\/","title":{"rendered":"Habilitar\u00e1n albergue de invierno  en Multifuncional para 50 personas"},"content":{"rendered":"<p>Ante las bajas temperaturas que ya se sienten en la ciudad de El Alto, la Alcald\u00eda de esa urbe habilitar\u00e1 el Multifuncional de la Ceja para albergar a personas en situaci\u00f3n de calle. Se prev\u00e9 atender a unas 50 personas, inform\u00f3 la alcaldesa alte\u00f1a, Eva Copa.<\/p>\n<p>\u201cVamos a abrir un lugar transitorio para esta \u00e9poca de invierno que va a ser el Multifuncional. Esperamos hacerlo en una semana, que podr\u00e1 albergar aproximadamente a 50 personas, no es muy amplio, pero vamos a tener para varones y mujeres\u201d, adelant\u00f3 la autoridad municipal.<\/p>\n<p>Para ello, el municipio ya toma sus previsiones para habilitar el Multifuncional. Los horarios y otros detalles se har\u00e1n conocer a trav\u00e9s de la Secretar\u00eda Municipal de Desarrollo Humano y Social Integral.<\/p>\n<p>Por otro lado, debido a las bajas temperaturas, Copa confirm\u00f3 que se reforz\u00f3 la atenci\u00f3n a los adultos mayores en el albergue que posee el municipio. \u201cEste centro del Adulto Mayor ya funciona las 24 horas y acoge a personas en situaci\u00f3n de calle, ya tenemos unos 15 adultos mayores en nuestro refugio\u201d, puntualiz\u00f3.<\/p>\n<p>De acuerdo con el Servicio Nacional de Hidrolog\u00eda y Meteorolog\u00eda se proyectan temperaturas bajas en la ciudad de El Alto y ante el intenso fr\u00edo, las primeras v\u00edctimas son las personas en situaci\u00f3n de calle, algunos de ellos adultos mayores.<\/p>\n<p>La Alcaldesa dijo que esperar\u00e1n los instructivos del Ministerio de Educaci\u00f3n para comenzar la vacaci\u00f3n invernal para los escolares, prevista a inicio de julio.<\/p>\n<p>&nbsp;<\/p>\n","protected":false},"excerpt":{"rendered":"<p>Ante las bajas temperaturas que ya se sienten en la ciudad de El Alto, la Alcald\u00eda de esa urbe habilitar\u00e1 el Multifuncional de la Ceja para albergar a personas en situaci\u00f3n de calle. Se prev\u00e9 atender a unas 50 personas, inform\u00f3 la alcaldesa alte\u00f1a, Eva Copa. \u201cVamos a abrir un lugar transitorio para esta \u00e9poca [&hellip;]<\/p>\n","protected":false},"author":1,"featured_media":223431,"comment_status":"open","ping_status":"open","sticky":false,"template":"","format":"standard","meta":{"_acf_changed":false,"footnotes":""},"categories":[12],"tags":[],"class_list":["post-223430","post","type-post","status-publish","format-standard","has-post-thumbnail","category-nacional"],"acf":{"antetitulo":""},"yoast_head":"<!-- This site is optimized with the Yoast SEO plugin v28.3 - https:\/\/yoast.com\/product\/yoast-seo-wordpress\/ -->\n<title>Habilitar\u00e1n albergue de invierno en Multifuncional para 50 personas - El Diario - Bolivia<\/title>\n<meta name=\"robots\" content=\"index, follow, max-snippet:-1, max-image-preview:large, max-video-preview:-1\" \/>\n<link rel=\"canonical\" href=\"https:\/\/www.eldiario.net\/portal\/2024\/05\/28\/habilitaran-albergue-de-invierno-en-multifuncional-para-50-personas\/\" \/>\n<meta property=\"og:locale\" content=\"es_ES\" \/>\n<meta property=\"og:type\" content=\"article\" \/>\n<meta property=\"og:title\" content=\"Habilitar\u00e1n albergue de invierno en Multifuncional para 50 personas - El Diario - Bolivia\" \/>\n<meta property=\"og:description\" content=\"Ante las bajas temperaturas que ya se sienten en la ciudad de El Alto, la Alcald\u00eda de esa urbe habilitar\u00e1 el Multifuncional de la Ceja para albergar a personas en situaci\u00f3n de calle. Se prev\u00e9 atender a unas 50 personas, inform\u00f3 la alcaldesa alte\u00f1a, Eva Copa. \u201cVamos a abrir un lugar transitorio para esta \u00e9poca [&hellip;]\" \/>\n<meta property=\"og:url\" content=\"https:\/\/www.eldiario.net\/portal\/2024\/05\/28\/habilitaran-albergue-de-invierno-en-multifuncional-para-50-personas\/\" \/>\n<meta property=\"og:site_name\" content=\"El Diario - Bolivia\" \/>\n<meta property=\"article:publisher\" content=\"https:\/\/www.facebook.com\/eldiario.bolivia\/\" \/>\n<meta property=\"article:published_time\" content=\"2024-05-28T11:25:54+00:00\" \/>\n<meta property=\"og:image\" content=\"https:\/\/www.eldiario.net\/portal\/wp-content\/uploads\/2024\/05\/ALBERGUE-FOTO.jpeg\" \/>\n\t<meta property=\"og:image:width\" content=\"1600\" \/>\n\t<meta property=\"og:image:height\" content=\"1200\" \/>\n\t<meta property=\"og:image:type\" content=\"image\/jpeg\" \/>\n<meta name=\"author\" content=\"Jeanette\" \/>\n<meta name=\"twitter:card\" content=\"summary_large_image\" \/>\n<meta name=\"twitter:creator\" content=\"@eldiario_net\" \/>\n<meta name=\"twitter:site\" content=\"@eldiario_net\" \/>\n<meta name=\"twitter:label1\" content=\"Escrito por\" \/>\n\t<meta name=\"twitter:data1\" content=\"Jeanette\" \/>\n\t<meta name=\"twitter:label2\" content=\"Tiempo de lectura\" \/>\n\t<meta name=\"twitter:data2\" content=\"2 minutos\" \/>\n<script type=\"application\/ld+json\" class=\"yoast-schema-graph\">{\"@context\":\"https:\\\/\\\/schema.org\",\"@graph\":[{\"@type\":\"Article\",\"@id\":\"https:\\\/\\\/www.eldiario.net\\\/portal\\\/2024\\\/05\\\/28\\\/habilitaran-albergue-de-invierno-en-multifuncional-para-50-personas\\\/#article\",\"isPartOf\":{\"@id\":\"https:\\\/\\\/www.eldiario.net\\\/portal\\\/2024\\\/05\\\/28\\\/habilitaran-albergue-de-invierno-en-multifuncional-para-50-personas\\\/\"},\"author\":{\"name\":\"Jeanette\",\"@id\":\"https:\\\/\\\/www.eldiario.net\\\/portal\\\/#\\\/schema\\\/person\\\/f46445640444750d7d753ccd04ae01b7\"},\"headline\":\"Habilitar\u00e1n albergue de invierno en Multifuncional para 50 personas\",\"datePublished\":\"2024-05-28T11:25:54+00:00\",\"mainEntityOfPage\":{\"@id\":\"https:\\\/\\\/www.eldiario.net\\\/portal\\\/2024\\\/05\\\/28\\\/habilitaran-albergue-de-invierno-en-multifuncional-para-50-personas\\\/\"},\"wordCount\":263,\"commentCount\":0,\"publisher\":{\"@id\":\"https:\\\/\\\/www.eldiario.net\\\/portal\\\/#organization\"},\"image\":{\"@id\":\"https:\\\/\\\/www.eldiario.net\\\/portal\\\/2024\\\/05\\\/28\\\/habilitaran-albergue-de-invierno-en-multifuncional-para-50-personas\\\/#primaryimage\"},\"thumbnailUrl\":\"https:\\\/\\\/www.eldiario.net\\\/portal\\\/wp-content\\\/uploads\\\/2024\\\/05\\\/ALBERGUE-FOTO.jpeg\",\"articleSection\":[\"Nacional\"],\"inLanguage\":\"es\",\"potentialAction\":[{\"@type\":\"CommentAction\",\"name\":\"Comment\",\"target\":[\"https:\\\/\\\/www.eldiario.net\\\/portal\\\/2024\\\/05\\\/28\\\/habilitaran-albergue-de-invierno-en-multifuncional-para-50-personas\\\/#respond\"]}]},{\"@type\":\"WebPage\",\"@id\":\"https:\\\/\\\/www.eldiario.net\\\/portal\\\/2024\\\/05\\\/28\\\/habilitaran-albergue-de-invierno-en-multifuncional-para-50-personas\\\/\",\"url\":\"https:\\\/\\\/www.eldiario.net\\\/portal\\\/2024\\\/05\\\/28\\\/habilitaran-albergue-de-invierno-en-multifuncional-para-50-personas\\\/\",\"name\":\"Habilitar\u00e1n albergue de invierno en Multifuncional para 50 personas - El Diario - Bolivia\",\"isPartOf\":{\"@id\":\"https:\\\/\\\/www.eldiario.net\\\/portal\\\/#website\"},\"primaryImageOfPage\":{\"@id\":\"https:\\\/\\\/www.eldiario.net\\\/portal\\\/2024\\\/05\\\/28\\\/habilitaran-albergue-de-invierno-en-multifuncional-para-50-personas\\\/#primaryimage\"},\"image\":{\"@id\":\"https:\\\/\\\/www.eldiario.net\\\/portal\\\/2024\\\/05\\\/28\\\/habilitaran-albergue-de-invierno-en-multifuncional-para-50-personas\\\/#primaryimage\"},\"thumbnailUrl\":\"https:\\\/\\\/www.eldiario.net\\\/portal\\\/wp-content\\\/uploads\\\/2024\\\/05\\\/ALBERGUE-FOTO.jpeg\",\"datePublished\":\"2024-05-28T11:25:54+00:00\",\"breadcrumb\":{\"@id\":\"https:\\\/\\\/www.eldiario.net\\\/portal\\\/2024\\\/05\\\/28\\\/habilitaran-albergue-de-invierno-en-multifuncional-para-50-personas\\\/#breadcrumb\"},\"inLanguage\":\"es\",\"potentialAction\":[{\"@type\":\"ReadAction\",\"target\":[\"https:\\\/\\\/www.eldiario.net\\\/portal\\\/2024\\\/05\\\/28\\\/habilitaran-albergue-de-invierno-en-multifuncional-para-50-personas\\\/\"]}]},{\"@type\":\"ImageObject\",\"inLanguage\":\"es\",\"@id\":\"https:\\\/\\\/www.eldiario.net\\\/portal\\\/2024\\\/05\\\/28\\\/habilitaran-albergue-de-invierno-en-multifuncional-para-50-personas\\\/#primaryimage\",\"url\":\"https:\\\/\\\/www.eldiario.net\\\/portal\\\/wp-content\\\/uploads\\\/2024\\\/05\\\/ALBERGUE-FOTO.jpeg\",\"contentUrl\":\"https:\\\/\\\/www.eldiario.net\\\/portal\\\/wp-content\\\/uploads\\\/2024\\\/05\\\/ALBERGUE-FOTO.jpeg\",\"width\":1600,\"height\":1200,\"caption\":\"Realizan los preparativos para recibir a personas vulnerables. Cr\u00e9dito: Gamea\"},{\"@type\":\"BreadcrumbList\",\"@id\":\"https:\\\/\\\/www.eldiario.net\\\/portal\\\/2024\\\/05\\\/28\\\/habilitaran-albergue-de-invierno-en-multifuncional-para-50-personas\\\/#breadcrumb\",\"itemListElement\":[{\"@type\":\"ListItem\",\"position\":1,\"name\":\"Portada\",\"item\":\"https:\\\/\\\/www.eldiario.net\\\/portal\\\/\"},{\"@type\":\"ListItem\",\"position\":2,\"name\":\"Habilitar\u00e1n albergue de invierno en Multifuncional para 50 personas\"}]},{\"@type\":\"WebSite\",\"@id\":\"https:\\\/\\\/www.eldiario.net\\\/portal\\\/#website\",\"url\":\"https:\\\/\\\/www.eldiario.net\\\/portal\\\/\",\"name\":\"El Diario - Decano de la prensa nacional\",\"description\":\"El Diario - Decano de la prensa nacional\",\"publisher\":{\"@id\":\"https:\\\/\\\/www.eldiario.net\\\/portal\\\/#organization\"},\"potentialAction\":[{\"@type\":\"SearchAction\",\"target\":{\"@type\":\"EntryPoint\",\"urlTemplate\":\"https:\\\/\\\/www.eldiario.net\\\/portal\\\/?s={search_term_string}\"},\"query-input\":{\"@type\":\"PropertyValueSpecification\",\"valueRequired\":true,\"valueName\":\"search_term_string\"}}],\"inLanguage\":\"es\"},{\"@type\":\"Organization\",\"@id\":\"https:\\\/\\\/www.eldiario.net\\\/portal\\\/#organization\",\"name\":\"El Diario - Decano de la prensa nacional\",\"url\":\"https:\\\/\\\/www.eldiario.net\\\/portal\\\/\",\"logo\":{\"@type\":\"ImageObject\",\"inLanguage\":\"es\",\"@id\":\"https:\\\/\\\/www.eldiario.net\\\/portal\\\/#\\\/schema\\\/logo\\\/image\\\/\",\"url\":\"https:\\\/\\\/www.eldiario.net\\\/portal\\\/wp-content\\\/uploads\\\/2023\\\/07\\\/logo_ED.jpg\",\"contentUrl\":\"https:\\\/\\\/www.eldiario.net\\\/portal\\\/wp-content\\\/uploads\\\/2023\\\/07\\\/logo_ED.jpg\",\"width\":272,\"height\":52,\"caption\":\"El Diario - Decano de la prensa nacional\"},\"image\":{\"@id\":\"https:\\\/\\\/www.eldiario.net\\\/portal\\\/#\\\/schema\\\/logo\\\/image\\\/\"},\"sameAs\":[\"https:\\\/\\\/www.facebook.com\\\/eldiario.bolivia\\\/\",\"https:\\\/\\\/x.com\\\/eldiario_net\"]},{\"@type\":\"Person\",\"@id\":\"https:\\\/\\\/www.eldiario.net\\\/portal\\\/#\\\/schema\\\/person\\\/f46445640444750d7d753ccd04ae01b7\",\"name\":\"Jeanette\",\"image\":{\"@type\":\"ImageObject\",\"inLanguage\":\"es\",\"@id\":\"https:\\\/\\\/secure.gravatar.com\\\/avatar\\\/3ea2118a5f7dad2b7138b1187a6b7ee55f160b9968b66013c3a3ef39dd7e5798?s=96&d=mm&r=g\",\"url\":\"https:\\\/\\\/secure.gravatar.com\\\/avatar\\\/3ea2118a5f7dad2b7138b1187a6b7ee55f160b9968b66013c3a3ef39dd7e5798?s=96&d=mm&r=g\",\"contentUrl\":\"https:\\\/\\\/secure.gravatar.com\\\/avatar\\\/3ea2118a5f7dad2b7138b1187a6b7ee55f160b9968b66013c3a3ef39dd7e5798?s=96&d=mm&r=g\",\"caption\":\"Jeanette\"},\"sameAs\":[\"https:\\\/\\\/www.eldiario.net\\\/portal\"],\"url\":\"https:\\\/\\\/www.eldiario.net\\\/portal\\\/author\\\/jeanette\\\/\"}]}<\/script>\n<!-- \/ Yoast SEO plugin. -->","yoast_head_json":{"title":"Habilitar\u00e1n albergue de invierno en Multifuncional para 50 personas - El Diario - Bolivia","robots":{"index":"index","follow":"follow","max-snippet":"max-snippet:-1","max-image-preview":"max-image-preview:large","max-video-preview":"max-video-preview:-1"},"canonical":"https:\/\/www.eldiario.net\/portal\/2024\/05\/28\/habilitaran-albergue-de-invierno-en-multifuncional-para-50-personas\/","og_locale":"es_ES","og_type":"article","og_title":"Habilitar\u00e1n albergue de invierno en Multifuncional para 50 personas - El Diario - Bolivia","og_description":"Ante las bajas temperaturas que ya se sienten en la ciudad de El Alto, la Alcald\u00eda de esa urbe habilitar\u00e1 el Multifuncional de la Ceja para albergar a personas en situaci\u00f3n de calle. Se prev\u00e9 atender a unas 50 personas, inform\u00f3 la alcaldesa alte\u00f1a, Eva Copa. \u201cVamos a abrir un lugar transitorio para esta \u00e9poca [&hellip;]","og_url":"https:\/\/www.eldiario.net\/portal\/2024\/05\/28\/habilitaran-albergue-de-invierno-en-multifuncional-para-50-personas\/","og_site_name":"El Diario - Bolivia","article_publisher":"https:\/\/www.facebook.com\/eldiario.bolivia\/","article_published_time":"2024-05-28T11:25:54+00:00","og_image":[{"width":1600,"height":1200,"url":"https:\/\/www.eldiario.net\/portal\/wp-content\/uploads\/2024\/05\/ALBERGUE-FOTO.jpeg","type":"image\/jpeg"}],"author":"Jeanette","twitter_card":"summary_large_image","twitter_creator":"@eldiario_net","twitter_site":"@eldiario_net","twitter_misc":{"Escrito por":"Jeanette","Tiempo de lectura":"2 minutos"},"schema":{"@context":"https:\/\/schema.org","@graph":[{"@type":"Article","@id":"https:\/\/www.eldiario.net\/portal\/2024\/05\/28\/habilitaran-albergue-de-invierno-en-multifuncional-para-50-personas\/#article","isPartOf":{"@id":"https:\/\/www.eldiario.net\/portal\/2024\/05\/28\/habilitaran-albergue-de-invierno-en-multifuncional-para-50-personas\/"},"author":{"name":"Jeanette","@id":"https:\/\/www.eldiario.net\/portal\/#\/schema\/person\/f46445640444750d7d753ccd04ae01b7"},"headline":"Habilitar\u00e1n albergue de invierno en Multifuncional para 50 personas","datePublished":"2024-05-28T11:25:54+00:00","mainEntityOfPage":{"@id":"https:\/\/www.eldiario.net\/portal\/2024\/05\/28\/habilitaran-albergue-de-invierno-en-multifuncional-para-50-personas\/"},"wordCount":263,"commentCount":0,"publisher":{"@id":"https:\/\/www.eldiario.net\/portal\/#organization"},"image":{"@id":"https:\/\/www.eldiario.net\/portal\/2024\/05\/28\/habilitaran-albergue-de-invierno-en-multifuncional-para-50-personas\/#primaryimage"},"thumbnailUrl":"https:\/\/www.eldiario.net\/portal\/wp-content\/uploads\/2024\/05\/ALBERGUE-FOTO.jpeg","articleSection":["Nacional"],"inLanguage":"es","potentialAction":[{"@type":"CommentAction","name":"Comment","target":["https:\/\/www.eldiario.net\/portal\/2024\/05\/28\/habilitaran-albergue-de-invierno-en-multifuncional-para-50-personas\/#respond"]}]},{"@type":"WebPage","@id":"https:\/\/www.eldiario.net\/portal\/2024\/05\/28\/habilitaran-albergue-de-invierno-en-multifuncional-para-50-personas\/","url":"https:\/\/www.eldiario.net\/portal\/2024\/05\/28\/habilitaran-albergue-de-invierno-en-multifuncional-para-50-personas\/","name":"Habilitar\u00e1n albergue de invierno en Multifuncional para 50 personas - El Diario - Bolivia","isPartOf":{"@id":"https:\/\/www.eldiario.net\/portal\/#website"},"primaryImageOfPage":{"@id":"https:\/\/www.eldiario.net\/portal\/2024\/05\/28\/habilitaran-albergue-de-invierno-en-multifuncional-para-50-personas\/#primaryimage"},"image":{"@id":"https:\/\/www.eldiario.net\/portal\/2024\/05\/28\/habilitaran-albergue-de-invierno-en-multifuncional-para-50-personas\/#primaryimage"},"thumbnailUrl":"https:\/\/www.eldiario.net\/portal\/wp-content\/uploads\/2024\/05\/ALBERGUE-FOTO.jpeg","datePublished":"2024-05-28T11:25:54+00:00","breadcrumb":{"@id":"https:\/\/www.eldiario.net\/portal\/2024\/05\/28\/habilitaran-albergue-de-invierno-en-multifuncional-para-50-personas\/#breadcrumb"},"inLanguage":"es","potentialAction":[{"@type":"ReadAction","target":["https:\/\/www.eldiario.net\/portal\/2024\/05\/28\/habilitaran-albergue-de-invierno-en-multifuncional-para-50-personas\/"]}]},{"@type":"ImageObject","inLanguage":"es","@id":"https:\/\/www.eldiario.net\/portal\/2024\/05\/28\/habilitaran-albergue-de-invierno-en-multifuncional-para-50-personas\/#primaryimage","url":"https:\/\/www.eldiario.net\/portal\/wp-content\/uploads\/2024\/05\/ALBERGUE-FOTO.jpeg","contentUrl":"https:\/\/www.eldiario.net\/portal\/wp-content\/uploads\/2024\/05\/ALBERGUE-FOTO.jpeg","width":1600,"height":1200,"caption":"Realizan los preparativos para recibir a personas vulnerables. Cr\u00e9dito: Gamea"},{"@type":"BreadcrumbList","@id":"https:\/\/www.eldiario.net\/portal\/2024\/05\/28\/habilitaran-albergue-de-invierno-en-multifuncional-para-50-personas\/#breadcrumb","itemListElement":[{"@type":"ListItem","position":1,"name":"Portada","item":"https:\/\/www.eldiario.net\/portal\/"},{"@type":"ListItem","position":2,"name":"Habilitar\u00e1n albergue de invierno en Multifuncional para 50 personas"}]},{"@type":"WebSite","@id":"https:\/\/www.eldiario.net\/portal\/#website","url":"https:\/\/www.eldiario.net\/portal\/","name":"El Diario - Decano de la prensa nacional","description":"El Diario - Decano de la prensa nacional","publisher":{"@id":"https:\/\/www.eldiario.net\/portal\/#organization"},"potentialAction":[{"@type":"SearchAction","target":{"@type":"EntryPoint","urlTemplate":"https:\/\/www.eldiario.net\/portal\/?s={search_term_string}"},"query-input":{"@type":"PropertyValueSpecification","valueRequired":true,"valueName":"search_term_string"}}],"inLanguage":"es"},{"@type":"Organization","@id":"https:\/\/www.eldiario.net\/portal\/#organization","name":"El Diario - Decano de la prensa nacional","url":"https:\/\/www.eldiario.net\/portal\/","logo":{"@type":"ImageObject","inLanguage":"es","@id":"https:\/\/www.eldiario.net\/portal\/#\/schema\/logo\/image\/","url":"https:\/\/www.eldiario.net\/portal\/wp-content\/uploads\/2023\/07\/logo_ED.jpg","contentUrl":"https:\/\/www.eldiario.net\/portal\/wp-content\/uploads\/2023\/07\/logo_ED.jpg","width":272,"height":52,"caption":"El Diario - Decano de la prensa nacional"},"image":{"@id":"https:\/\/www.eldiario.net\/portal\/#\/schema\/logo\/image\/"},"sameAs":["https:\/\/www.facebook.com\/eldiario.bolivia\/","https:\/\/x.com\/eldiario_net"]},{"@type":"Person","@id":"https:\/\/www.eldiario.net\/portal\/#\/schema\/person\/f46445640444750d7d753ccd04ae01b7","name":"Jeanette","image":{"@type":"ImageObject","inLanguage":"es","@id":"https:\/\/secure.gravatar.com\/avatar\/3ea2118a5f7dad2b7138b1187a6b7ee55f160b9968b66013c3a3ef39dd7e5798?s=96&d=mm&r=g","url":"https:\/\/secure.gravatar.com\/avatar\/3ea2118a5f7dad2b7138b1187a6b7ee55f160b9968b66013c3a3ef39dd7e5798?s=96&d=mm&r=g","contentUrl":"https:\/\/secure.gravatar.com\/avatar\/3ea2118a5f7dad2b7138b1187a6b7ee55f160b9968b66013c3a3ef39dd7e5798?s=96&d=mm&r=g","caption":"Jeanette"},"sameAs":["https:\/\/www.eldiario.net\/portal"],"url":"https:\/\/www.eldiario.net\/portal\/author\/jeanette\/"}]}},"_links":{"self":[{"href":"https:\/\/www.eldiario.net\/portal\/wp-json\/wp\/v2\/posts\/223430","targetHints":{"allow":["GET"]}}],"collection":[{"href":"https:\/\/www.eldiario.net\/portal\/wp-json\/wp\/v2\/posts"}],"about":[{"href":"https:\/\/www.eldiario.net\/portal\/wp-json\/wp\/v2\/types\/post"}],"author":[{"embeddable":true,"href":"https:\/\/www.eldiario.net\/portal\/wp-json\/wp\/v2\/users\/1"}],"replies":[{"embeddable":true,"href":"https:\/\/www.eldiario.net\/portal\/wp-json\/wp\/v2\/comments?post=223430"}],"version-history":[{"count":1,"href":"https:\/\/www.eldiario.net\/portal\/wp-json\/wp\/v2\/posts\/223430\/revisions"}],"predecessor-version":[{"id":223432,"href":"https:\/\/www.eldiario.net\/portal\/wp-json\/wp\/v2\/posts\/223430\/revisions\/223432"}],"wp:featuredmedia":[{"embeddable":true,"href":"https:\/\/www.eldiario.net\/portal\/wp-json\/wp\/v2\/media\/223431"}],"wp:attachment":[{"href":"https:\/\/www.eldiario.net\/portal\/wp-json\/wp\/v2\/media?parent=223430"}],"wp:term":[{"taxonomy":"category","embeddable":true,"href":"https:\/\/www.eldiario.net\/portal\/wp-json\/wp\/v2\/categories?post=223430"},{"taxonomy":"post_tag","embeddable":true,"href":"https:\/\/www.eldiario.net\/portal\/wp-json\/wp\/v2\/tags?post=223430"}],"curies":[{"name":"wp","href":"https:\/\/api.w.org\/{rel}","templated":true}]}}