{"id":223419,"date":"2024-05-28T06:26:58","date_gmt":"2024-05-28T10:26:58","guid":{"rendered":"https:\/\/www.eldiario.net\/portal\/?p=223419"},"modified":"2024-05-28T06:26:58","modified_gmt":"2024-05-28T10:26:58","slug":"la-equidad-en-un-meme","status":"publish","type":"post","link":"https:\/\/www.eldiario.net\/portal\/2024\/05\/28\/la-equidad-en-un-meme\/","title":{"rendered":"La equidad en un meme"},"content":{"rendered":"<p>Hay un dibujito o, como se dice ahora, un meme, que trata de explicar la diferencia entre igualdad, equidad y justicia. El dibujito consiste en tres personas detr\u00e1s de una cerca tratando de ver un partido de f\u00fatbol. La ilustraci\u00f3n est\u00e1 dividida en tres cuadros.<\/p>\n<p>En el primer cuadro se ilustra la igualdad. En \u00e9l, cada una de las personas est\u00e1 subido sobre una caja de madera para poder asomarse y ver mejor sobre la cerca. La primera persona es muy alta y probablemente no hubiera necesitado de la caja de madera para poder ver el partido, la segunda es de mediana estatura y sin la caja de madera no podr\u00eda ver nada, la tercera es bastante baja de estatura y aun subida sobre la caja de madera no llega a ver por encima de la cerca. Este primer cuadro trata de ilustrar la igualdad porque cada una de las personas tiene exactamente lo mismo para tratar de cumplir su objetivo: una caja de madera.<\/p>\n<p>En el siguiente cuadro se ilustra la equidad. En \u00e9l, la primera persona no tiene ya una caja de madera, pero, como es alta, puede ver el partido sin mayor problema. El de estatura mediana no cambia su situaci\u00f3n, sigue subido sobre su caja de madera y puede ver el partido. La tercera persona, la de menor estatura, est\u00e1 ahora encaramada sobre dos cajas de madera (la suya y la que pertenec\u00eda a la persona alta) y ahora s\u00ed puede ver por encima de la cerca.<\/p>\n<p>El tercer y \u00faltimo cuadro es el m\u00e1s surrealista de todos y trata de ilustrar la justicia. En \u00e9l las tres personas pueden ver el partido sin necesidad de cajas de madera porque la cerca que se los imped\u00eda ha desaparecido. La leyenda a pie de p\u00e1gina de este \u00faltimo cuadro dice que se resolvi\u00f3 el problema de ra\u00edz porque la \u201cbarrera sistem\u00e1tica\u201d a la equidad (la cerca) fue removida.<\/p>\n<p>El meme que acabo de describir es viral en muchos pa\u00edses y a primera vista parece muy did\u00e1ctico sobre todo para los m\u00e1s j\u00f3venes. La verdad, sin embargo, es que esconde muchas falacias.<\/p>\n<p>La primera falacia es que la idea de equidad ignora por completo las causas del proceso productivo que crea riqueza. \u00bfNo nos deber\u00edamos preguntar de d\u00f3nde salen las cajas de madera que aparecen en el dibujito? Una vez lo hice con mis alumnos de primer a\u00f1o de la universidad. La respuesta que obtuve fue \u201cno s\u00e9, pero ya est\u00e1n ah\u00ed y el objetivo es tratar de usarlas de tal forma que todos vean el partido\u201d. En la cruda realidad, sin embargo, las cajas de madera no est\u00e1n simplemente ah\u00ed o aparecen espont\u00e1neamente por arte de magia. Las cajas de madera son una met\u00e1fora que representa la generaci\u00f3n de riqueza individual que te permite lograr tus objetivos. A mayor riqueza mayores opciones de ver partidos de f\u00fatbol, mayor posibilidad de comprar bienes y servicios, y mayor chance de dejarles una mejor educaci\u00f3n a nuestros hijos. Pero la generaci\u00f3n de riqueza individual es posible solamente a trav\u00e9s de mucho esfuerzo y aceptaci\u00f3n de riesgos. Los empresarios hacen esto motivados, precisamente, por los incentivos a disfrutar de esa riqueza si esta se materializa. \u00bfQu\u00e9 pasar\u00eda, sin embargo, si les decimos a estos empresarios que, en nombre de la igualdad o la equidad, les vamos a quitar muchas de las cajas de madera que hubieran podido acumular para d\u00e1rselas a otros que no las tienen? Pues pasar\u00eda que remover\u00edamos los incentivos a producirlas y las cajas de madera desaparecer\u00edan del mercado. En poco tiempo, el grupo de tres amigos que quiere ver el partido sobre la cerca (la sociedad) no tendr\u00eda m\u00e1s cajas de madera sobre las que encaramarse y todos ser\u00edan pobres. En otras palabras, una de las falacias del concepto de equidad es pretender separar el proceso distributivo del productivo. Pero es vital entender que estos no son procesos independientes. Si afectamos la distribuci\u00f3n de la riqueza, estaremos afectando tambi\u00e9n su producci\u00f3n al modificar los incentivos. Esta es la principal causa del estrepitoso fracaso del socialismo.<\/p>\n<p>La segunda falacia es el supuesto impl\u00edcito de que las cajas de madera deben ser redistribuidas porque no es justo que solo una de las personas las acumule. Este argumento plantea que es justo quit\u00e1rselas a los ricos (o a la persona alta en el dibujito) porque ya tienen lo necesario, y d\u00e1rselas a los pobres (o los bajitos) porque \u00e9stos tienen muy poco. Este es el concepto (errado) de \u201cjusticia social.\u201d \u00bfPor qu\u00e9 es justo quitarle la ganancia leg\u00edtimamente adquirida al rico? Si la consigui\u00f3 ileg\u00edtimamente no solo que hay que quit\u00e1rsela, sino que adem\u00e1s se lo debe meter a la c\u00e1rcel, pero si la consigui\u00f3 leg\u00edtimamente, \u00bfqu\u00e9 concepto inhumano de justicia es ese que valida quit\u00e1rsela a la fuerza (los impuestos son eso, una imposici\u00f3n)? El concepto de justicia social es un concepto que pervierte, entonces, el verdadero concepto de justicia. Bajo el concepto de justicia social, los que se esfuerzan y aceptan riesgos son despojados de los frutos de ese esfuerzo porque alguien cree que es justo redistribuir. \u00bfCu\u00e1l es, por otra parte, la virtud de un pobre que lo hace merecedor de cajas de madera que les quitamos a otros? Esta falacia est\u00e1 apuntada incluso en la Biblia: Lev\u00edtico 19:15 \u201cNo har\u00e1s injusticia en el juicio; no favorecer\u00e1s al pobre ni complacer\u00e1s al rico; con justicia juzgar\u00e1s a tu pr\u00f3jimo\u201d.<\/p>\n<p>Esto nos lleva al tercer cuadro del dibujito. \u00bfPor qu\u00e9 deberemos pensar que remover la cerca remueve la injusticia que lleva a la inequidad? \u00bfNo deber\u00edamos preguntarnos por el constructor del estadio o los due\u00f1os de los equipos de f\u00fatbol que producen el espect\u00e1culo? \u00bfNo hicieron estos empresarios el esfuerzo de construir un espacio deportivo o contratar jugadores con el fin de generar ganancias individuales? \u00bfQu\u00e9 pasar\u00eda con esas ganancias si removemos la cerca y todos pueden ver el partido? \u00bfNo se esfumar\u00edan acaso? Y si eso pasa, \u00bfveremos a m\u00e1s gente construyendo estadios y produciendo espect\u00e1culos deportivos en el futuro? Por supuesto que no. Otra vez, no se puede disociar el proceso distributivo del productivo. El resultado ser\u00e1 que no habr\u00e1 cerca, pero tampoco nada que ver del otro lado.<\/p>\n<p>Equidad, justicia social o inclusi\u00f3n son todos conceptos atractivos en la superficie, pero, en el fondo, esconden enormes falacias. Son un meme. Manteng\u00e1monos alertas.<\/p>\n<p>&nbsp;<\/p>\n<p><em>Antonio Saravia es PhD en econom\u00eda.<\/em><\/p>\n<p>Twitter: @tufisaravia<\/p>\n","protected":false},"excerpt":{"rendered":"<p>Hay un dibujito o, como se dice ahora, un meme, que trata de explicar la diferencia entre igualdad, equidad y justicia. El dibujito consiste en tres personas detr\u00e1s de una cerca tratando de ver un partido de f\u00fatbol. La ilustraci\u00f3n est\u00e1 dividida en tres cuadros. En el primer cuadro se ilustra la igualdad. En \u00e9l, [&hellip;]<\/p>\n","protected":false},"author":1,"featured_media":164912,"comment_status":"open","ping_status":"open","sticky":false,"template":"","format":"standard","meta":{"_acf_changed":false,"footnotes":""},"categories":[9],"tags":[],"class_list":["post-223419","post","type-post","status-publish","format-standard","has-post-thumbnail","category-opinion"],"acf":{"antetitulo":""},"yoast_head":"<!-- This site is optimized with the Yoast SEO plugin v28.3 - https:\/\/yoast.com\/product\/yoast-seo-wordpress\/ -->\n<title>La equidad en un meme - El Diario - Bolivia<\/title>\n<meta name=\"robots\" content=\"index, follow, max-snippet:-1, max-image-preview:large, max-video-preview:-1\" \/>\n<link rel=\"canonical\" href=\"https:\/\/www.eldiario.net\/portal\/2024\/05\/28\/la-equidad-en-un-meme\/\" \/>\n<meta property=\"og:locale\" content=\"es_ES\" \/>\n<meta property=\"og:type\" content=\"article\" \/>\n<meta property=\"og:title\" content=\"La equidad en un meme - El Diario - Bolivia\" \/>\n<meta property=\"og:description\" content=\"Hay un dibujito o, como se dice ahora, un meme, que trata de explicar la diferencia entre igualdad, equidad y justicia. El dibujito consiste en tres personas detr\u00e1s de una cerca tratando de ver un partido de f\u00fatbol. La ilustraci\u00f3n est\u00e1 dividida en tres cuadros. En el primer cuadro se ilustra la igualdad. En \u00e9l, [&hellip;]\" \/>\n<meta property=\"og:url\" content=\"https:\/\/www.eldiario.net\/portal\/2024\/05\/28\/la-equidad-en-un-meme\/\" \/>\n<meta property=\"og:site_name\" content=\"El Diario - Bolivia\" \/>\n<meta property=\"article:publisher\" content=\"https:\/\/www.facebook.com\/eldiario.bolivia\/\" \/>\n<meta property=\"article:published_time\" content=\"2024-05-28T10:26:58+00:00\" \/>\n<meta property=\"og:image\" content=\"https:\/\/www.eldiario.net\/portal\/wp-content\/uploads\/2023\/07\/Antonio-Saravia.jpg\" \/>\n\t<meta property=\"og:image:width\" content=\"1200\" \/>\n\t<meta property=\"og:image:height\" content=\"628\" \/>\n\t<meta property=\"og:image:type\" content=\"image\/jpeg\" \/>\n<meta name=\"author\" content=\"Jeanette\" \/>\n<meta name=\"twitter:card\" content=\"summary_large_image\" \/>\n<meta name=\"twitter:creator\" content=\"@eldiario_net\" \/>\n<meta name=\"twitter:site\" content=\"@eldiario_net\" \/>\n<meta name=\"twitter:label1\" content=\"Escrito por\" \/>\n\t<meta name=\"twitter:data1\" content=\"Jeanette\" \/>\n\t<meta name=\"twitter:label2\" content=\"Tiempo de lectura\" \/>\n\t<meta name=\"twitter:data2\" content=\"6 minutos\" \/>\n<script type=\"application\/ld+json\" class=\"yoast-schema-graph\">{\"@context\":\"https:\\\/\\\/schema.org\",\"@graph\":[{\"@type\":\"Article\",\"@id\":\"https:\\\/\\\/www.eldiario.net\\\/portal\\\/2024\\\/05\\\/28\\\/la-equidad-en-un-meme\\\/#article\",\"isPartOf\":{\"@id\":\"https:\\\/\\\/www.eldiario.net\\\/portal\\\/2024\\\/05\\\/28\\\/la-equidad-en-un-meme\\\/\"},\"author\":{\"name\":\"Jeanette\",\"@id\":\"https:\\\/\\\/www.eldiario.net\\\/portal\\\/#\\\/schema\\\/person\\\/f46445640444750d7d753ccd04ae01b7\"},\"headline\":\"La equidad en un meme\",\"datePublished\":\"2024-05-28T10:26:58+00:00\",\"mainEntityOfPage\":{\"@id\":\"https:\\\/\\\/www.eldiario.net\\\/portal\\\/2024\\\/05\\\/28\\\/la-equidad-en-un-meme\\\/\"},\"wordCount\":1138,\"commentCount\":0,\"publisher\":{\"@id\":\"https:\\\/\\\/www.eldiario.net\\\/portal\\\/#organization\"},\"image\":{\"@id\":\"https:\\\/\\\/www.eldiario.net\\\/portal\\\/2024\\\/05\\\/28\\\/la-equidad-en-un-meme\\\/#primaryimage\"},\"thumbnailUrl\":\"https:\\\/\\\/www.eldiario.net\\\/portal\\\/wp-content\\\/uploads\\\/2023\\\/07\\\/Antonio-Saravia.jpg\",\"articleSection\":[\"Opini\u00f3n\"],\"inLanguage\":\"es\",\"potentialAction\":[{\"@type\":\"CommentAction\",\"name\":\"Comment\",\"target\":[\"https:\\\/\\\/www.eldiario.net\\\/portal\\\/2024\\\/05\\\/28\\\/la-equidad-en-un-meme\\\/#respond\"]}]},{\"@type\":\"WebPage\",\"@id\":\"https:\\\/\\\/www.eldiario.net\\\/portal\\\/2024\\\/05\\\/28\\\/la-equidad-en-un-meme\\\/\",\"url\":\"https:\\\/\\\/www.eldiario.net\\\/portal\\\/2024\\\/05\\\/28\\\/la-equidad-en-un-meme\\\/\",\"name\":\"La equidad en un meme - El Diario - Bolivia\",\"isPartOf\":{\"@id\":\"https:\\\/\\\/www.eldiario.net\\\/portal\\\/#website\"},\"primaryImageOfPage\":{\"@id\":\"https:\\\/\\\/www.eldiario.net\\\/portal\\\/2024\\\/05\\\/28\\\/la-equidad-en-un-meme\\\/#primaryimage\"},\"image\":{\"@id\":\"https:\\\/\\\/www.eldiario.net\\\/portal\\\/2024\\\/05\\\/28\\\/la-equidad-en-un-meme\\\/#primaryimage\"},\"thumbnailUrl\":\"https:\\\/\\\/www.eldiario.net\\\/portal\\\/wp-content\\\/uploads\\\/2023\\\/07\\\/Antonio-Saravia.jpg\",\"datePublished\":\"2024-05-28T10:26:58+00:00\",\"breadcrumb\":{\"@id\":\"https:\\\/\\\/www.eldiario.net\\\/portal\\\/2024\\\/05\\\/28\\\/la-equidad-en-un-meme\\\/#breadcrumb\"},\"inLanguage\":\"es\",\"potentialAction\":[{\"@type\":\"ReadAction\",\"target\":[\"https:\\\/\\\/www.eldiario.net\\\/portal\\\/2024\\\/05\\\/28\\\/la-equidad-en-un-meme\\\/\"]}]},{\"@type\":\"ImageObject\",\"inLanguage\":\"es\",\"@id\":\"https:\\\/\\\/www.eldiario.net\\\/portal\\\/2024\\\/05\\\/28\\\/la-equidad-en-un-meme\\\/#primaryimage\",\"url\":\"https:\\\/\\\/www.eldiario.net\\\/portal\\\/wp-content\\\/uploads\\\/2023\\\/07\\\/Antonio-Saravia.jpg\",\"contentUrl\":\"https:\\\/\\\/www.eldiario.net\\\/portal\\\/wp-content\\\/uploads\\\/2023\\\/07\\\/Antonio-Saravia.jpg\",\"width\":1200,\"height\":628},{\"@type\":\"BreadcrumbList\",\"@id\":\"https:\\\/\\\/www.eldiario.net\\\/portal\\\/2024\\\/05\\\/28\\\/la-equidad-en-un-meme\\\/#breadcrumb\",\"itemListElement\":[{\"@type\":\"ListItem\",\"position\":1,\"name\":\"Portada\",\"item\":\"https:\\\/\\\/www.eldiario.net\\\/portal\\\/\"},{\"@type\":\"ListItem\",\"position\":2,\"name\":\"La equidad en un meme\"}]},{\"@type\":\"WebSite\",\"@id\":\"https:\\\/\\\/www.eldiario.net\\\/portal\\\/#website\",\"url\":\"https:\\\/\\\/www.eldiario.net\\\/portal\\\/\",\"name\":\"El Diario - Decano de la prensa nacional\",\"description\":\"El Diario - Decano de la prensa nacional\",\"publisher\":{\"@id\":\"https:\\\/\\\/www.eldiario.net\\\/portal\\\/#organization\"},\"potentialAction\":[{\"@type\":\"SearchAction\",\"target\":{\"@type\":\"EntryPoint\",\"urlTemplate\":\"https:\\\/\\\/www.eldiario.net\\\/portal\\\/?s={search_term_string}\"},\"query-input\":{\"@type\":\"PropertyValueSpecification\",\"valueRequired\":true,\"valueName\":\"search_term_string\"}}],\"inLanguage\":\"es\"},{\"@type\":\"Organization\",\"@id\":\"https:\\\/\\\/www.eldiario.net\\\/portal\\\/#organization\",\"name\":\"El Diario - Decano de la prensa nacional\",\"url\":\"https:\\\/\\\/www.eldiario.net\\\/portal\\\/\",\"logo\":{\"@type\":\"ImageObject\",\"inLanguage\":\"es\",\"@id\":\"https:\\\/\\\/www.eldiario.net\\\/portal\\\/#\\\/schema\\\/logo\\\/image\\\/\",\"url\":\"https:\\\/\\\/www.eldiario.net\\\/portal\\\/wp-content\\\/uploads\\\/2023\\\/07\\\/logo_ED.jpg\",\"contentUrl\":\"https:\\\/\\\/www.eldiario.net\\\/portal\\\/wp-content\\\/uploads\\\/2023\\\/07\\\/logo_ED.jpg\",\"width\":272,\"height\":52,\"caption\":\"El Diario - Decano de la prensa nacional\"},\"image\":{\"@id\":\"https:\\\/\\\/www.eldiario.net\\\/portal\\\/#\\\/schema\\\/logo\\\/image\\\/\"},\"sameAs\":[\"https:\\\/\\\/www.facebook.com\\\/eldiario.bolivia\\\/\",\"https:\\\/\\\/x.com\\\/eldiario_net\"]},{\"@type\":\"Person\",\"@id\":\"https:\\\/\\\/www.eldiario.net\\\/portal\\\/#\\\/schema\\\/person\\\/f46445640444750d7d753ccd04ae01b7\",\"name\":\"Jeanette\",\"image\":{\"@type\":\"ImageObject\",\"inLanguage\":\"es\",\"@id\":\"https:\\\/\\\/secure.gravatar.com\\\/avatar\\\/3ea2118a5f7dad2b7138b1187a6b7ee55f160b9968b66013c3a3ef39dd7e5798?s=96&d=mm&r=g\",\"url\":\"https:\\\/\\\/secure.gravatar.com\\\/avatar\\\/3ea2118a5f7dad2b7138b1187a6b7ee55f160b9968b66013c3a3ef39dd7e5798?s=96&d=mm&r=g\",\"contentUrl\":\"https:\\\/\\\/secure.gravatar.com\\\/avatar\\\/3ea2118a5f7dad2b7138b1187a6b7ee55f160b9968b66013c3a3ef39dd7e5798?s=96&d=mm&r=g\",\"caption\":\"Jeanette\"},\"sameAs\":[\"https:\\\/\\\/www.eldiario.net\\\/portal\"],\"url\":\"https:\\\/\\\/www.eldiario.net\\\/portal\\\/author\\\/jeanette\\\/\"}]}<\/script>\n<!-- \/ Yoast SEO plugin. -->","yoast_head_json":{"title":"La equidad en un meme - El Diario - Bolivia","robots":{"index":"index","follow":"follow","max-snippet":"max-snippet:-1","max-image-preview":"max-image-preview:large","max-video-preview":"max-video-preview:-1"},"canonical":"https:\/\/www.eldiario.net\/portal\/2024\/05\/28\/la-equidad-en-un-meme\/","og_locale":"es_ES","og_type":"article","og_title":"La equidad en un meme - El Diario - Bolivia","og_description":"Hay un dibujito o, como se dice ahora, un meme, que trata de explicar la diferencia entre igualdad, equidad y justicia. El dibujito consiste en tres personas detr\u00e1s de una cerca tratando de ver un partido de f\u00fatbol. La ilustraci\u00f3n est\u00e1 dividida en tres cuadros. En el primer cuadro se ilustra la igualdad. En \u00e9l, [&hellip;]","og_url":"https:\/\/www.eldiario.net\/portal\/2024\/05\/28\/la-equidad-en-un-meme\/","og_site_name":"El Diario - Bolivia","article_publisher":"https:\/\/www.facebook.com\/eldiario.bolivia\/","article_published_time":"2024-05-28T10:26:58+00:00","og_image":[{"width":1200,"height":628,"url":"https:\/\/www.eldiario.net\/portal\/wp-content\/uploads\/2023\/07\/Antonio-Saravia.jpg","type":"image\/jpeg"}],"author":"Jeanette","twitter_card":"summary_large_image","twitter_creator":"@eldiario_net","twitter_site":"@eldiario_net","twitter_misc":{"Escrito por":"Jeanette","Tiempo de lectura":"6 minutos"},"schema":{"@context":"https:\/\/schema.org","@graph":[{"@type":"Article","@id":"https:\/\/www.eldiario.net\/portal\/2024\/05\/28\/la-equidad-en-un-meme\/#article","isPartOf":{"@id":"https:\/\/www.eldiario.net\/portal\/2024\/05\/28\/la-equidad-en-un-meme\/"},"author":{"name":"Jeanette","@id":"https:\/\/www.eldiario.net\/portal\/#\/schema\/person\/f46445640444750d7d753ccd04ae01b7"},"headline":"La equidad en un meme","datePublished":"2024-05-28T10:26:58+00:00","mainEntityOfPage":{"@id":"https:\/\/www.eldiario.net\/portal\/2024\/05\/28\/la-equidad-en-un-meme\/"},"wordCount":1138,"commentCount":0,"publisher":{"@id":"https:\/\/www.eldiario.net\/portal\/#organization"},"image":{"@id":"https:\/\/www.eldiario.net\/portal\/2024\/05\/28\/la-equidad-en-un-meme\/#primaryimage"},"thumbnailUrl":"https:\/\/www.eldiario.net\/portal\/wp-content\/uploads\/2023\/07\/Antonio-Saravia.jpg","articleSection":["Opini\u00f3n"],"inLanguage":"es","potentialAction":[{"@type":"CommentAction","name":"Comment","target":["https:\/\/www.eldiario.net\/portal\/2024\/05\/28\/la-equidad-en-un-meme\/#respond"]}]},{"@type":"WebPage","@id":"https:\/\/www.eldiario.net\/portal\/2024\/05\/28\/la-equidad-en-un-meme\/","url":"https:\/\/www.eldiario.net\/portal\/2024\/05\/28\/la-equidad-en-un-meme\/","name":"La equidad en un meme - El Diario - Bolivia","isPartOf":{"@id":"https:\/\/www.eldiario.net\/portal\/#website"},"primaryImageOfPage":{"@id":"https:\/\/www.eldiario.net\/portal\/2024\/05\/28\/la-equidad-en-un-meme\/#primaryimage"},"image":{"@id":"https:\/\/www.eldiario.net\/portal\/2024\/05\/28\/la-equidad-en-un-meme\/#primaryimage"},"thumbnailUrl":"https:\/\/www.eldiario.net\/portal\/wp-content\/uploads\/2023\/07\/Antonio-Saravia.jpg","datePublished":"2024-05-28T10:26:58+00:00","breadcrumb":{"@id":"https:\/\/www.eldiario.net\/portal\/2024\/05\/28\/la-equidad-en-un-meme\/#breadcrumb"},"inLanguage":"es","potentialAction":[{"@type":"ReadAction","target":["https:\/\/www.eldiario.net\/portal\/2024\/05\/28\/la-equidad-en-un-meme\/"]}]},{"@type":"ImageObject","inLanguage":"es","@id":"https:\/\/www.eldiario.net\/portal\/2024\/05\/28\/la-equidad-en-un-meme\/#primaryimage","url":"https:\/\/www.eldiario.net\/portal\/wp-content\/uploads\/2023\/07\/Antonio-Saravia.jpg","contentUrl":"https:\/\/www.eldiario.net\/portal\/wp-content\/uploads\/2023\/07\/Antonio-Saravia.jpg","width":1200,"height":628},{"@type":"BreadcrumbList","@id":"https:\/\/www.eldiario.net\/portal\/2024\/05\/28\/la-equidad-en-un-meme\/#breadcrumb","itemListElement":[{"@type":"ListItem","position":1,"name":"Portada","item":"https:\/\/www.eldiario.net\/portal\/"},{"@type":"ListItem","position":2,"name":"La equidad en un meme"}]},{"@type":"WebSite","@id":"https:\/\/www.eldiario.net\/portal\/#website","url":"https:\/\/www.eldiario.net\/portal\/","name":"El Diario - Decano de la prensa nacional","description":"El Diario - Decano de la prensa nacional","publisher":{"@id":"https:\/\/www.eldiario.net\/portal\/#organization"},"potentialAction":[{"@type":"SearchAction","target":{"@type":"EntryPoint","urlTemplate":"https:\/\/www.eldiario.net\/portal\/?s={search_term_string}"},"query-input":{"@type":"PropertyValueSpecification","valueRequired":true,"valueName":"search_term_string"}}],"inLanguage":"es"},{"@type":"Organization","@id":"https:\/\/www.eldiario.net\/portal\/#organization","name":"El Diario - Decano de la prensa nacional","url":"https:\/\/www.eldiario.net\/portal\/","logo":{"@type":"ImageObject","inLanguage":"es","@id":"https:\/\/www.eldiario.net\/portal\/#\/schema\/logo\/image\/","url":"https:\/\/www.eldiario.net\/portal\/wp-content\/uploads\/2023\/07\/logo_ED.jpg","contentUrl":"https:\/\/www.eldiario.net\/portal\/wp-content\/uploads\/2023\/07\/logo_ED.jpg","width":272,"height":52,"caption":"El Diario - Decano de la prensa nacional"},"image":{"@id":"https:\/\/www.eldiario.net\/portal\/#\/schema\/logo\/image\/"},"sameAs":["https:\/\/www.facebook.com\/eldiario.bolivia\/","https:\/\/x.com\/eldiario_net"]},{"@type":"Person","@id":"https:\/\/www.eldiario.net\/portal\/#\/schema\/person\/f46445640444750d7d753ccd04ae01b7","name":"Jeanette","image":{"@type":"ImageObject","inLanguage":"es","@id":"https:\/\/secure.gravatar.com\/avatar\/3ea2118a5f7dad2b7138b1187a6b7ee55f160b9968b66013c3a3ef39dd7e5798?s=96&d=mm&r=g","url":"https:\/\/secure.gravatar.com\/avatar\/3ea2118a5f7dad2b7138b1187a6b7ee55f160b9968b66013c3a3ef39dd7e5798?s=96&d=mm&r=g","contentUrl":"https:\/\/secure.gravatar.com\/avatar\/3ea2118a5f7dad2b7138b1187a6b7ee55f160b9968b66013c3a3ef39dd7e5798?s=96&d=mm&r=g","caption":"Jeanette"},"sameAs":["https:\/\/www.eldiario.net\/portal"],"url":"https:\/\/www.eldiario.net\/portal\/author\/jeanette\/"}]}},"_links":{"self":[{"href":"https:\/\/www.eldiario.net\/portal\/wp-json\/wp\/v2\/posts\/223419","targetHints":{"allow":["GET"]}}],"collection":[{"href":"https:\/\/www.eldiario.net\/portal\/wp-json\/wp\/v2\/posts"}],"about":[{"href":"https:\/\/www.eldiario.net\/portal\/wp-json\/wp\/v2\/types\/post"}],"author":[{"embeddable":true,"href":"https:\/\/www.eldiario.net\/portal\/wp-json\/wp\/v2\/users\/1"}],"replies":[{"embeddable":true,"href":"https:\/\/www.eldiario.net\/portal\/wp-json\/wp\/v2\/comments?post=223419"}],"version-history":[{"count":1,"href":"https:\/\/www.eldiario.net\/portal\/wp-json\/wp\/v2\/posts\/223419\/revisions"}],"predecessor-version":[{"id":223420,"href":"https:\/\/www.eldiario.net\/portal\/wp-json\/wp\/v2\/posts\/223419\/revisions\/223420"}],"wp:featuredmedia":[{"embeddable":true,"href":"https:\/\/www.eldiario.net\/portal\/wp-json\/wp\/v2\/media\/164912"}],"wp:attachment":[{"href":"https:\/\/www.eldiario.net\/portal\/wp-json\/wp\/v2\/media?parent=223419"}],"wp:term":[{"taxonomy":"category","embeddable":true,"href":"https:\/\/www.eldiario.net\/portal\/wp-json\/wp\/v2\/categories?post=223419"},{"taxonomy":"post_tag","embeddable":true,"href":"https:\/\/www.eldiario.net\/portal\/wp-json\/wp\/v2\/tags?post=223419"}],"curies":[{"name":"wp","href":"https:\/\/api.w.org\/{rel}","templated":true}]}}