{"id":22341,"date":"2021-08-09T06:18:25","date_gmt":"2021-08-09T10:18:25","guid":{"rendered":"https:\/\/www.eldiario.net\/portal\/?p=22341"},"modified":"2021-08-09T06:18:25","modified_gmt":"2021-08-09T10:18:25","slug":"alcaldesa-pedira-10-mil-vacunas-anticovid-al-ministerio-de-salud","status":"publish","type":"post","link":"https:\/\/www.eldiario.net\/portal\/2021\/08\/09\/alcaldesa-pedira-10-mil-vacunas-anticovid-al-ministerio-de-salud\/","title":{"rendered":"Alcaldesa pedir\u00e1 10 mil vacunas  anticovid al Ministerio de Salud"},"content":{"rendered":"<p>La alcaldesa de la ciudad de El Alto, Eva Copa, anunci\u00f3 que este martes se reunir\u00e1 con autoridades del Ministerio de Salud para solicitar 10.000 dosis de vacuna contra el covid-19, para reforzar a diferentes sectores de la poblaci\u00f3n.<br \/>\nLa reuni\u00f3n de la primera autoridad de la urbe alte\u00f1a, anunciada para el d\u00eda de ma\u00f1ana, fue concertada con la finalidad de lograr esta cantidad de vacunas contra el coronavirus, que favorecer\u00e1n a varios sectores, y de esta forma lograr que este objetivo sea efectuado desde los centros de salud que cuentan con la cadena de fr\u00edo para garantizar el buen estado de las dosis tal como es uno de los principales requisitos.<br \/>\n\u201cTenemos una reuni\u00f3n el d\u00eda martes para ver cu\u00e1ntas vacunas van a llegar a nuestros puntos. Nosotros esperamos sobrepasar las 10 mil vacunas por lo menos, as\u00ed que estamos optimistas con este tema y vamos a poder llegar a toda nuestra poblaci\u00f3n, porque no queremos que ning\u00fan alte\u00f1o se quede sin esta vacuna que pueda garantizar su salud\u201d, remarc\u00f3 la autoridad edil.<br \/>\nCopa adelant\u00f3 que una vez que se cuente con esta cantidad, que ser\u00e1 importante para la ciudad de El Alto, se realizar\u00e1 un cronograma de dosificaci\u00f3n para algunos sectores que son prioridad y que est\u00e1n dentro de la primera l\u00ednea de riesgo, pero se espera brindar esta cobertura a la mayor\u00eda de la poblaci\u00f3n.<br \/>\nLa decisi\u00f3n de reunirse de forma directa con las autoridades del Ministerio de Salud, por parte de la Alcaldesa de la ciudad de El Alto, fue luego que no tuvo la posibilidad de coordinar el trabajo de vacuna en esta urbe con la Gobernaci\u00f3n de La Paz, debido a que la propia autoridad Santos Quispe orden\u00f3 a que Copa no participe de uno de los \u00faltimos encuentros del COED, para analizar precisamente estos temas de coordinaci\u00f3n de distribuci\u00f3n de vacunas y la prevenci\u00f3n de estos insumos.<br \/>\n\u201cNo vamos a insistir en esta reuni\u00f3n de coordinaci\u00f3n con las autoridades del COED, porque una actitud personal por parte del Gobernador de La Paz, ha dado lugar a que mi persona, junto a varios de los representantes de las organizaciones sociales de nuestra ciudad no puedan participar de la misma, por eso hemos tomado esta decisi\u00f3n de coordinar directamente con el Gobierno para este cometido, porque la poblaci\u00f3n alte\u00f1a no puede estar perjudicada con este tipo de actitudes personales de algunas autoridades\u201d, se\u00f1al\u00f3 la alcaldesa Copa.<br \/>\nEntretanto, la vacunaci\u00f3n a otros sectores de la poblaci\u00f3n contin\u00faa, como el caso de las personas con capacidades diferentes, donde el pasado s\u00e1bado se lleg\u00f3 a vacunar a m\u00e1s de 100 personas, misma que continuar\u00e1 hasta abarcar a toda la ciudad de El Alto, para lo cual se seguir\u00e1 el cronograma de trabajo que se tiene y ser\u00e1 anunciado oportunamente con la finalidad de llegar a otros barrios, para estas personas.<br \/>\nDe la misma forma, se viene analizando la habilitaci\u00f3n de otros centros de salud en algunos distritos municipales, los cuales podr\u00e1n ser de gran utilidad una vez que se pueda lograr las 10.000 dosis de vacunan a que se solicitar\u00e1 al Ministerio de Salud.<\/p>\n","protected":false},"excerpt":{"rendered":"<p>La alcaldesa de la ciudad de El Alto, Eva Copa, anunci\u00f3 que este martes se reunir\u00e1 con autoridades del Ministerio de Salud para solicitar 10.000 dosis de vacuna contra el covid-19, para reforzar a diferentes sectores de la poblaci\u00f3n. La reuni\u00f3n de la primera autoridad de la urbe alte\u00f1a, anunciada para el d\u00eda de ma\u00f1ana, [&hellip;]<\/p>\n","protected":false},"author":1,"featured_media":22342,"comment_status":"closed","ping_status":"closed","sticky":false,"template":"","format":"standard","meta":{"_acf_changed":false,"footnotes":""},"categories":[12],"tags":[],"class_list":["post-22341","post","type-post","status-publish","format-standard","has-post-thumbnail","category-nacional"],"acf":{"antetitulo":""},"yoast_head":"<!-- This site is optimized with the Yoast SEO plugin v28.4 - https:\/\/yoast.com\/product\/yoast-seo-wordpress\/ -->\n<title>Alcaldesa pedir\u00e1 10 mil vacunas anticovid al Ministerio de Salud - El Diario - Bolivia<\/title>\n<meta name=\"robots\" content=\"index, follow, max-snippet:-1, max-image-preview:large, max-video-preview:-1\" \/>\n<link rel=\"canonical\" href=\"https:\/\/www.eldiario.net\/portal\/2021\/08\/09\/alcaldesa-pedira-10-mil-vacunas-anticovid-al-ministerio-de-salud\/\" \/>\n<meta property=\"og:locale\" content=\"es_ES\" \/>\n<meta property=\"og:type\" content=\"article\" \/>\n<meta property=\"og:title\" content=\"Alcaldesa pedir\u00e1 10 mil vacunas anticovid al Ministerio de Salud - El Diario - Bolivia\" \/>\n<meta property=\"og:description\" content=\"La alcaldesa de la ciudad de El Alto, Eva Copa, anunci\u00f3 que este martes se reunir\u00e1 con autoridades del Ministerio de Salud para solicitar 10.000 dosis de vacuna contra el covid-19, para reforzar a diferentes sectores de la poblaci\u00f3n. La reuni\u00f3n de la primera autoridad de la urbe alte\u00f1a, anunciada para el d\u00eda de ma\u00f1ana, [&hellip;]\" \/>\n<meta property=\"og:url\" content=\"https:\/\/www.eldiario.net\/portal\/2021\/08\/09\/alcaldesa-pedira-10-mil-vacunas-anticovid-al-ministerio-de-salud\/\" \/>\n<meta property=\"og:site_name\" content=\"El Diario - Bolivia\" \/>\n<meta property=\"article:publisher\" content=\"https:\/\/www.facebook.com\/eldiario.bolivia\/\" \/>\n<meta property=\"article:published_time\" content=\"2021-08-09T10:18:25+00:00\" \/>\n<meta property=\"og:image\" content=\"https:\/\/www.eldiario.net\/portal\/wp-content\/uploads\/2021\/08\/1AL-4-scaled-1.jpg\" \/>\n\t<meta property=\"og:image:width\" content=\"2560\" \/>\n\t<meta property=\"og:image:height\" content=\"1438\" \/>\n\t<meta property=\"og:image:type\" content=\"image\/jpeg\" \/>\n<meta name=\"author\" content=\"Jeanette\" \/>\n<meta name=\"twitter:card\" content=\"summary_large_image\" \/>\n<meta name=\"twitter:creator\" content=\"@eldiario_net\" \/>\n<meta name=\"twitter:site\" content=\"@eldiario_net\" \/>\n<meta name=\"twitter:label1\" content=\"Escrito por\" \/>\n\t<meta name=\"twitter:data1\" content=\"Jeanette\" \/>\n\t<meta name=\"twitter:label2\" content=\"Tiempo de lectura\" \/>\n\t<meta name=\"twitter:data2\" content=\"3 minutos\" \/>\n<script type=\"application\/ld+json\" class=\"yoast-schema-graph\">{\"@context\":\"https:\\\/\\\/schema.org\",\"@graph\":[{\"@type\":\"Article\",\"@id\":\"https:\\\/\\\/www.eldiario.net\\\/portal\\\/2021\\\/08\\\/09\\\/alcaldesa-pedira-10-mil-vacunas-anticovid-al-ministerio-de-salud\\\/#article\",\"isPartOf\":{\"@id\":\"https:\\\/\\\/www.eldiario.net\\\/portal\\\/2021\\\/08\\\/09\\\/alcaldesa-pedira-10-mil-vacunas-anticovid-al-ministerio-de-salud\\\/\"},\"author\":{\"name\":\"Jeanette\",\"@id\":\"https:\\\/\\\/www.eldiario.net\\\/portal\\\/#\\\/schema\\\/person\\\/f46445640444750d7d753ccd04ae01b7\"},\"headline\":\"Alcaldesa pedir\u00e1 10 mil vacunas anticovid al Ministerio de Salud\",\"datePublished\":\"2021-08-09T10:18:25+00:00\",\"mainEntityOfPage\":{\"@id\":\"https:\\\/\\\/www.eldiario.net\\\/portal\\\/2021\\\/08\\\/09\\\/alcaldesa-pedira-10-mil-vacunas-anticovid-al-ministerio-de-salud\\\/\"},\"wordCount\":557,\"publisher\":{\"@id\":\"https:\\\/\\\/www.eldiario.net\\\/portal\\\/#organization\"},\"image\":{\"@id\":\"https:\\\/\\\/www.eldiario.net\\\/portal\\\/2021\\\/08\\\/09\\\/alcaldesa-pedira-10-mil-vacunas-anticovid-al-ministerio-de-salud\\\/#primaryimage\"},\"thumbnailUrl\":\"https:\\\/\\\/www.eldiario.net\\\/portal\\\/wp-content\\\/uploads\\\/2021\\\/08\\\/1AL-4-scaled-1.jpg\",\"articleSection\":[\"Nacional\"],\"inLanguage\":\"es\"},{\"@type\":\"WebPage\",\"@id\":\"https:\\\/\\\/www.eldiario.net\\\/portal\\\/2021\\\/08\\\/09\\\/alcaldesa-pedira-10-mil-vacunas-anticovid-al-ministerio-de-salud\\\/\",\"url\":\"https:\\\/\\\/www.eldiario.net\\\/portal\\\/2021\\\/08\\\/09\\\/alcaldesa-pedira-10-mil-vacunas-anticovid-al-ministerio-de-salud\\\/\",\"name\":\"Alcaldesa pedir\u00e1 10 mil vacunas anticovid al Ministerio de Salud - El Diario - Bolivia\",\"isPartOf\":{\"@id\":\"https:\\\/\\\/www.eldiario.net\\\/portal\\\/#website\"},\"primaryImageOfPage\":{\"@id\":\"https:\\\/\\\/www.eldiario.net\\\/portal\\\/2021\\\/08\\\/09\\\/alcaldesa-pedira-10-mil-vacunas-anticovid-al-ministerio-de-salud\\\/#primaryimage\"},\"image\":{\"@id\":\"https:\\\/\\\/www.eldiario.net\\\/portal\\\/2021\\\/08\\\/09\\\/alcaldesa-pedira-10-mil-vacunas-anticovid-al-ministerio-de-salud\\\/#primaryimage\"},\"thumbnailUrl\":\"https:\\\/\\\/www.eldiario.net\\\/portal\\\/wp-content\\\/uploads\\\/2021\\\/08\\\/1AL-4-scaled-1.jpg\",\"datePublished\":\"2021-08-09T10:18:25+00:00\",\"breadcrumb\":{\"@id\":\"https:\\\/\\\/www.eldiario.net\\\/portal\\\/2021\\\/08\\\/09\\\/alcaldesa-pedira-10-mil-vacunas-anticovid-al-ministerio-de-salud\\\/#breadcrumb\"},\"inLanguage\":\"es\",\"potentialAction\":[{\"@type\":\"ReadAction\",\"target\":[\"https:\\\/\\\/www.eldiario.net\\\/portal\\\/2021\\\/08\\\/09\\\/alcaldesa-pedira-10-mil-vacunas-anticovid-al-ministerio-de-salud\\\/\"]}]},{\"@type\":\"ImageObject\",\"inLanguage\":\"es\",\"@id\":\"https:\\\/\\\/www.eldiario.net\\\/portal\\\/2021\\\/08\\\/09\\\/alcaldesa-pedira-10-mil-vacunas-anticovid-al-ministerio-de-salud\\\/#primaryimage\",\"url\":\"https:\\\/\\\/www.eldiario.net\\\/portal\\\/wp-content\\\/uploads\\\/2021\\\/08\\\/1AL-4-scaled-1.jpg\",\"contentUrl\":\"https:\\\/\\\/www.eldiario.net\\\/portal\\\/wp-content\\\/uploads\\\/2021\\\/08\\\/1AL-4-scaled-1.jpg\",\"width\":2560,\"height\":1438,\"caption\":\"Para buscar la normalizaci\u00f3n de actividades en la urbe alte\u00f1a, la mayor\u00eda de la poblaci\u00f3n debe estar vacunada, seg\u00fan expertos.\"},{\"@type\":\"BreadcrumbList\",\"@id\":\"https:\\\/\\\/www.eldiario.net\\\/portal\\\/2021\\\/08\\\/09\\\/alcaldesa-pedira-10-mil-vacunas-anticovid-al-ministerio-de-salud\\\/#breadcrumb\",\"itemListElement\":[{\"@type\":\"ListItem\",\"position\":1,\"name\":\"Portada\",\"item\":\"https:\\\/\\\/www.eldiario.net\\\/portal\\\/\"},{\"@type\":\"ListItem\",\"position\":2,\"name\":\"Alcaldesa pedir\u00e1 10 mil vacunas anticovid al Ministerio de Salud\"}]},{\"@type\":\"WebSite\",\"@id\":\"https:\\\/\\\/www.eldiario.net\\\/portal\\\/#website\",\"url\":\"https:\\\/\\\/www.eldiario.net\\\/portal\\\/\",\"name\":\"El Diario - Decano de la prensa nacional\",\"description\":\"El Diario - Decano de la prensa nacional\",\"publisher\":{\"@id\":\"https:\\\/\\\/www.eldiario.net\\\/portal\\\/#organization\"},\"potentialAction\":[{\"@type\":\"SearchAction\",\"target\":{\"@type\":\"EntryPoint\",\"urlTemplate\":\"https:\\\/\\\/www.eldiario.net\\\/portal\\\/?s={search_term_string}\"},\"query-input\":{\"@type\":\"PropertyValueSpecification\",\"valueRequired\":true,\"valueName\":\"search_term_string\"}}],\"inLanguage\":\"es\"},{\"@type\":\"Organization\",\"@id\":\"https:\\\/\\\/www.eldiario.net\\\/portal\\\/#organization\",\"name\":\"El Diario - Decano de la prensa nacional\",\"url\":\"https:\\\/\\\/www.eldiario.net\\\/portal\\\/\",\"logo\":{\"@type\":\"ImageObject\",\"inLanguage\":\"es\",\"@id\":\"https:\\\/\\\/www.eldiario.net\\\/portal\\\/#\\\/schema\\\/logo\\\/image\\\/\",\"url\":\"https:\\\/\\\/www.eldiario.net\\\/portal\\\/wp-content\\\/uploads\\\/2023\\\/07\\\/logo_ED.jpg\",\"contentUrl\":\"https:\\\/\\\/www.eldiario.net\\\/portal\\\/wp-content\\\/uploads\\\/2023\\\/07\\\/logo_ED.jpg\",\"width\":272,\"height\":52,\"caption\":\"El Diario - Decano de la prensa nacional\"},\"image\":{\"@id\":\"https:\\\/\\\/www.eldiario.net\\\/portal\\\/#\\\/schema\\\/logo\\\/image\\\/\"},\"sameAs\":[\"https:\\\/\\\/www.facebook.com\\\/eldiario.bolivia\\\/\",\"https:\\\/\\\/x.com\\\/eldiario_net\"]},{\"@type\":\"Person\",\"@id\":\"https:\\\/\\\/www.eldiario.net\\\/portal\\\/#\\\/schema\\\/person\\\/f46445640444750d7d753ccd04ae01b7\",\"name\":\"Jeanette\",\"image\":{\"@type\":\"ImageObject\",\"inLanguage\":\"es\",\"@id\":\"https:\\\/\\\/secure.gravatar.com\\\/avatar\\\/3ea2118a5f7dad2b7138b1187a6b7ee55f160b9968b66013c3a3ef39dd7e5798?s=96&d=mm&r=g\",\"url\":\"https:\\\/\\\/secure.gravatar.com\\\/avatar\\\/3ea2118a5f7dad2b7138b1187a6b7ee55f160b9968b66013c3a3ef39dd7e5798?s=96&d=mm&r=g\",\"contentUrl\":\"https:\\\/\\\/secure.gravatar.com\\\/avatar\\\/3ea2118a5f7dad2b7138b1187a6b7ee55f160b9968b66013c3a3ef39dd7e5798?s=96&d=mm&r=g\",\"caption\":\"Jeanette\"},\"sameAs\":[\"https:\\\/\\\/www.eldiario.net\\\/portal\"],\"url\":\"https:\\\/\\\/www.eldiario.net\\\/portal\\\/author\\\/jeanette\\\/\"}]}<\/script>\n<!-- \/ Yoast SEO plugin. -->","yoast_head_json":{"title":"Alcaldesa pedir\u00e1 10 mil vacunas anticovid al Ministerio de Salud - El Diario - Bolivia","robots":{"index":"index","follow":"follow","max-snippet":"max-snippet:-1","max-image-preview":"max-image-preview:large","max-video-preview":"max-video-preview:-1"},"canonical":"https:\/\/www.eldiario.net\/portal\/2021\/08\/09\/alcaldesa-pedira-10-mil-vacunas-anticovid-al-ministerio-de-salud\/","og_locale":"es_ES","og_type":"article","og_title":"Alcaldesa pedir\u00e1 10 mil vacunas anticovid al Ministerio de Salud - El Diario - Bolivia","og_description":"La alcaldesa de la ciudad de El Alto, Eva Copa, anunci\u00f3 que este martes se reunir\u00e1 con autoridades del Ministerio de Salud para solicitar 10.000 dosis de vacuna contra el covid-19, para reforzar a diferentes sectores de la poblaci\u00f3n. La reuni\u00f3n de la primera autoridad de la urbe alte\u00f1a, anunciada para el d\u00eda de ma\u00f1ana, [&hellip;]","og_url":"https:\/\/www.eldiario.net\/portal\/2021\/08\/09\/alcaldesa-pedira-10-mil-vacunas-anticovid-al-ministerio-de-salud\/","og_site_name":"El Diario - Bolivia","article_publisher":"https:\/\/www.facebook.com\/eldiario.bolivia\/","article_published_time":"2021-08-09T10:18:25+00:00","og_image":[{"width":2560,"height":1438,"url":"https:\/\/www.eldiario.net\/portal\/wp-content\/uploads\/2021\/08\/1AL-4-scaled-1.jpg","type":"image\/jpeg"}],"author":"Jeanette","twitter_card":"summary_large_image","twitter_creator":"@eldiario_net","twitter_site":"@eldiario_net","twitter_misc":{"Escrito por":"Jeanette","Tiempo de lectura":"3 minutos"},"schema":{"@context":"https:\/\/schema.org","@graph":[{"@type":"Article","@id":"https:\/\/www.eldiario.net\/portal\/2021\/08\/09\/alcaldesa-pedira-10-mil-vacunas-anticovid-al-ministerio-de-salud\/#article","isPartOf":{"@id":"https:\/\/www.eldiario.net\/portal\/2021\/08\/09\/alcaldesa-pedira-10-mil-vacunas-anticovid-al-ministerio-de-salud\/"},"author":{"name":"Jeanette","@id":"https:\/\/www.eldiario.net\/portal\/#\/schema\/person\/f46445640444750d7d753ccd04ae01b7"},"headline":"Alcaldesa pedir\u00e1 10 mil vacunas anticovid al Ministerio de Salud","datePublished":"2021-08-09T10:18:25+00:00","mainEntityOfPage":{"@id":"https:\/\/www.eldiario.net\/portal\/2021\/08\/09\/alcaldesa-pedira-10-mil-vacunas-anticovid-al-ministerio-de-salud\/"},"wordCount":557,"publisher":{"@id":"https:\/\/www.eldiario.net\/portal\/#organization"},"image":{"@id":"https:\/\/www.eldiario.net\/portal\/2021\/08\/09\/alcaldesa-pedira-10-mil-vacunas-anticovid-al-ministerio-de-salud\/#primaryimage"},"thumbnailUrl":"https:\/\/www.eldiario.net\/portal\/wp-content\/uploads\/2021\/08\/1AL-4-scaled-1.jpg","articleSection":["Nacional"],"inLanguage":"es"},{"@type":"WebPage","@id":"https:\/\/www.eldiario.net\/portal\/2021\/08\/09\/alcaldesa-pedira-10-mil-vacunas-anticovid-al-ministerio-de-salud\/","url":"https:\/\/www.eldiario.net\/portal\/2021\/08\/09\/alcaldesa-pedira-10-mil-vacunas-anticovid-al-ministerio-de-salud\/","name":"Alcaldesa pedir\u00e1 10 mil vacunas anticovid al Ministerio de Salud - El Diario - Bolivia","isPartOf":{"@id":"https:\/\/www.eldiario.net\/portal\/#website"},"primaryImageOfPage":{"@id":"https:\/\/www.eldiario.net\/portal\/2021\/08\/09\/alcaldesa-pedira-10-mil-vacunas-anticovid-al-ministerio-de-salud\/#primaryimage"},"image":{"@id":"https:\/\/www.eldiario.net\/portal\/2021\/08\/09\/alcaldesa-pedira-10-mil-vacunas-anticovid-al-ministerio-de-salud\/#primaryimage"},"thumbnailUrl":"https:\/\/www.eldiario.net\/portal\/wp-content\/uploads\/2021\/08\/1AL-4-scaled-1.jpg","datePublished":"2021-08-09T10:18:25+00:00","breadcrumb":{"@id":"https:\/\/www.eldiario.net\/portal\/2021\/08\/09\/alcaldesa-pedira-10-mil-vacunas-anticovid-al-ministerio-de-salud\/#breadcrumb"},"inLanguage":"es","potentialAction":[{"@type":"ReadAction","target":["https:\/\/www.eldiario.net\/portal\/2021\/08\/09\/alcaldesa-pedira-10-mil-vacunas-anticovid-al-ministerio-de-salud\/"]}]},{"@type":"ImageObject","inLanguage":"es","@id":"https:\/\/www.eldiario.net\/portal\/2021\/08\/09\/alcaldesa-pedira-10-mil-vacunas-anticovid-al-ministerio-de-salud\/#primaryimage","url":"https:\/\/www.eldiario.net\/portal\/wp-content\/uploads\/2021\/08\/1AL-4-scaled-1.jpg","contentUrl":"https:\/\/www.eldiario.net\/portal\/wp-content\/uploads\/2021\/08\/1AL-4-scaled-1.jpg","width":2560,"height":1438,"caption":"Para buscar la normalizaci\u00f3n de actividades en la urbe alte\u00f1a, la mayor\u00eda de la poblaci\u00f3n debe estar vacunada, seg\u00fan expertos."},{"@type":"BreadcrumbList","@id":"https:\/\/www.eldiario.net\/portal\/2021\/08\/09\/alcaldesa-pedira-10-mil-vacunas-anticovid-al-ministerio-de-salud\/#breadcrumb","itemListElement":[{"@type":"ListItem","position":1,"name":"Portada","item":"https:\/\/www.eldiario.net\/portal\/"},{"@type":"ListItem","position":2,"name":"Alcaldesa pedir\u00e1 10 mil vacunas anticovid al Ministerio de Salud"}]},{"@type":"WebSite","@id":"https:\/\/www.eldiario.net\/portal\/#website","url":"https:\/\/www.eldiario.net\/portal\/","name":"El Diario - Decano de la prensa nacional","description":"El Diario - Decano de la prensa nacional","publisher":{"@id":"https:\/\/www.eldiario.net\/portal\/#organization"},"potentialAction":[{"@type":"SearchAction","target":{"@type":"EntryPoint","urlTemplate":"https:\/\/www.eldiario.net\/portal\/?s={search_term_string}"},"query-input":{"@type":"PropertyValueSpecification","valueRequired":true,"valueName":"search_term_string"}}],"inLanguage":"es"},{"@type":"Organization","@id":"https:\/\/www.eldiario.net\/portal\/#organization","name":"El Diario - Decano de la prensa nacional","url":"https:\/\/www.eldiario.net\/portal\/","logo":{"@type":"ImageObject","inLanguage":"es","@id":"https:\/\/www.eldiario.net\/portal\/#\/schema\/logo\/image\/","url":"https:\/\/www.eldiario.net\/portal\/wp-content\/uploads\/2023\/07\/logo_ED.jpg","contentUrl":"https:\/\/www.eldiario.net\/portal\/wp-content\/uploads\/2023\/07\/logo_ED.jpg","width":272,"height":52,"caption":"El Diario - Decano de la prensa nacional"},"image":{"@id":"https:\/\/www.eldiario.net\/portal\/#\/schema\/logo\/image\/"},"sameAs":["https:\/\/www.facebook.com\/eldiario.bolivia\/","https:\/\/x.com\/eldiario_net"]},{"@type":"Person","@id":"https:\/\/www.eldiario.net\/portal\/#\/schema\/person\/f46445640444750d7d753ccd04ae01b7","name":"Jeanette","image":{"@type":"ImageObject","inLanguage":"es","@id":"https:\/\/secure.gravatar.com\/avatar\/3ea2118a5f7dad2b7138b1187a6b7ee55f160b9968b66013c3a3ef39dd7e5798?s=96&d=mm&r=g","url":"https:\/\/secure.gravatar.com\/avatar\/3ea2118a5f7dad2b7138b1187a6b7ee55f160b9968b66013c3a3ef39dd7e5798?s=96&d=mm&r=g","contentUrl":"https:\/\/secure.gravatar.com\/avatar\/3ea2118a5f7dad2b7138b1187a6b7ee55f160b9968b66013c3a3ef39dd7e5798?s=96&d=mm&r=g","caption":"Jeanette"},"sameAs":["https:\/\/www.eldiario.net\/portal"],"url":"https:\/\/www.eldiario.net\/portal\/author\/jeanette\/"}]}},"_links":{"self":[{"href":"https:\/\/www.eldiario.net\/portal\/wp-json\/wp\/v2\/posts\/22341","targetHints":{"allow":["GET"]}}],"collection":[{"href":"https:\/\/www.eldiario.net\/portal\/wp-json\/wp\/v2\/posts"}],"about":[{"href":"https:\/\/www.eldiario.net\/portal\/wp-json\/wp\/v2\/types\/post"}],"author":[{"embeddable":true,"href":"https:\/\/www.eldiario.net\/portal\/wp-json\/wp\/v2\/users\/1"}],"replies":[{"embeddable":true,"href":"https:\/\/www.eldiario.net\/portal\/wp-json\/wp\/v2\/comments?post=22341"}],"version-history":[{"count":0,"href":"https:\/\/www.eldiario.net\/portal\/wp-json\/wp\/v2\/posts\/22341\/revisions"}],"wp:featuredmedia":[{"embeddable":true,"href":"https:\/\/www.eldiario.net\/portal\/wp-json\/wp\/v2\/media\/22342"}],"wp:attachment":[{"href":"https:\/\/www.eldiario.net\/portal\/wp-json\/wp\/v2\/media?parent=22341"}],"wp:term":[{"taxonomy":"category","embeddable":true,"href":"https:\/\/www.eldiario.net\/portal\/wp-json\/wp\/v2\/categories?post=22341"},{"taxonomy":"post_tag","embeddable":true,"href":"https:\/\/www.eldiario.net\/portal\/wp-json\/wp\/v2\/tags?post=22341"}],"curies":[{"name":"wp","href":"https:\/\/api.w.org\/{rel}","templated":true}]}}