{"id":22338,"date":"2021-08-09T06:17:21","date_gmt":"2021-08-09T10:17:21","guid":{"rendered":"https:\/\/www.eldiario.net\/portal\/?p=22338"},"modified":"2021-08-09T06:17:21","modified_gmt":"2021-08-09T10:17:21","slug":"mayoria-de-violaciones-contra-menores-son-en-ambito-familiar","status":"publish","type":"post","link":"https:\/\/www.eldiario.net\/portal\/2021\/08\/09\/mayoria-de-violaciones-contra-menores-son-en-ambito-familiar\/","title":{"rendered":"Mayor\u00eda de violaciones contra  menores son en \u00e1mbito familiar"},"content":{"rendered":"<p>Las violaciones registradas a menores en la ciudad de El Alto, la mayor\u00eda son dentro del entorno familiar, siendo el principal motivo el consumo de bebidas alcoh\u00f3licas, seg\u00fan la Defensor\u00eda de la Ni\u00f1ez y la Adolescencia (DNA).<br \/>\nDe acuerdo con la instancia municipal de esta ciudad, a pesar de que no se conocen los datos exactos, pero que seg\u00fan las denuncias que reciben, en muchos casos los denunciados son parte de la familia de la v\u00edctima, las mismas corroboradas por las progenitoras, quienes hacen conocer a los sospechosos en algunos y confirmados en otros de su entorno familiar.<br \/>\nSeg\u00fan las investigaciones en coordinaci\u00f3n con la Fuerza Especial de Lucha Contra la Violencia (Felcv), estos abusos sexuales a menores de edad ocurren en su mayor\u00eda, luego de que los progenitores consumen bebidas alcoh\u00f3licas, con alg\u00fan motivo, donde los agresores aprovechan el estado de ebriedad de los padres de sus v\u00edctimas.<br \/>\nDe esta forma, los menores afrontan todos los riesgos que significan, cuando sus padres comienzan a consumir bebidas alcoh\u00f3licas, dentro de sus hogares, donde los invitados son el entorno familiar, lo cual es aprovechado por los agresores en un momento de descuido o la borrachera extrema en que quedan los padres de las v\u00edctimas.<br \/>\nOtro de los problemas por el cual sucede este tipo de abusos sexuales contra los menores es la desintegraci\u00f3n familiar, donde las v\u00edctimas quedan con la madre o el padre, y en muchos de los casos los menores sufren el abandono o descuido y la desprotecci\u00f3n.<br \/>\nEste tema tambi\u00e9n significa que muchos de los menores quedan al cuidado de terceras personas como los t\u00edos y es aprovechado por los mismos primos o amigos de estos.<br \/>\nGran parte de estos casos no son denunciados por sus propios padres, debido a que los agresores son del entorno familiar, quienes quedan sin sanci\u00f3n o en otros los autores transan con los progenitores de sus v\u00edctimas, a pesar de que esta actitud tambi\u00e9n se convierte en un delito de encubrimiento.<br \/>\nEn algunos casos tambi\u00e9n son encubiertos por sus propios progenitores, porque en otros sucesos las menores quedan embarazadas y por el qu\u00e9 va a decir la gente y su mismo entorno familiar son ocultados, tema que muchos de los mismos son descubiertos despu\u00e9s de mucho tiempo.<br \/>\nProducto de todos estos casos, aparecen ni\u00f1os sin padre y madres prematuras, v\u00edctimas de su propio entorno familiar, aunque las leyes en estos sucesos en caso de descubrirse son claras, pero uno de los problemas que todav\u00eda atraviesan este tipo de v\u00edctimas son las dificultades que todav\u00eda se presentan para solucionar ante las autoridades correspondientes.<\/p>\n","protected":false},"excerpt":{"rendered":"<p>Las violaciones registradas a menores en la ciudad de El Alto, la mayor\u00eda son dentro del entorno familiar, siendo el principal motivo el consumo de bebidas alcoh\u00f3licas, seg\u00fan la Defensor\u00eda de la Ni\u00f1ez y la Adolescencia (DNA). De acuerdo con la instancia municipal de esta ciudad, a pesar de que no se conocen los datos [&hellip;]<\/p>\n","protected":false},"author":1,"featured_media":22339,"comment_status":"closed","ping_status":"closed","sticky":false,"template":"","format":"standard","meta":{"_acf_changed":false,"footnotes":""},"categories":[12],"tags":[],"class_list":["post-22338","post","type-post","status-publish","format-standard","has-post-thumbnail","category-nacional"],"acf":{"antetitulo":""},"yoast_head":"<!-- This site is optimized with the Yoast SEO plugin v28.4 - https:\/\/yoast.com\/product\/yoast-seo-wordpress\/ -->\n<title>Mayor\u00eda de violaciones contra menores son en \u00e1mbito familiar - El Diario - Bolivia<\/title>\n<meta name=\"robots\" content=\"index, follow, max-snippet:-1, max-image-preview:large, max-video-preview:-1\" \/>\n<link rel=\"canonical\" href=\"https:\/\/www.eldiario.net\/portal\/2021\/08\/09\/mayoria-de-violaciones-contra-menores-son-en-ambito-familiar\/\" \/>\n<meta property=\"og:locale\" content=\"es_ES\" \/>\n<meta property=\"og:type\" content=\"article\" \/>\n<meta property=\"og:title\" content=\"Mayor\u00eda de violaciones contra menores son en \u00e1mbito familiar - El Diario - Bolivia\" \/>\n<meta property=\"og:description\" content=\"Las violaciones registradas a menores en la ciudad de El Alto, la mayor\u00eda son dentro del entorno familiar, siendo el principal motivo el consumo de bebidas alcoh\u00f3licas, seg\u00fan la Defensor\u00eda de la Ni\u00f1ez y la Adolescencia (DNA). De acuerdo con la instancia municipal de esta ciudad, a pesar de que no se conocen los datos [&hellip;]\" \/>\n<meta property=\"og:url\" content=\"https:\/\/www.eldiario.net\/portal\/2021\/08\/09\/mayoria-de-violaciones-contra-menores-son-en-ambito-familiar\/\" \/>\n<meta property=\"og:site_name\" content=\"El Diario - Bolivia\" \/>\n<meta property=\"article:publisher\" content=\"https:\/\/www.facebook.com\/eldiario.bolivia\/\" \/>\n<meta property=\"article:published_time\" content=\"2021-08-09T10:17:21+00:00\" \/>\n<meta property=\"og:image\" content=\"https:\/\/www.eldiario.net\/portal\/wp-content\/uploads\/2021\/08\/3AL-1.jpg\" \/>\n\t<meta property=\"og:image:width\" content=\"1\" \/>\n\t<meta property=\"og:image:height\" content=\"1\" \/>\n\t<meta property=\"og:image:type\" content=\"image\/jpeg\" \/>\n<meta name=\"author\" content=\"Jeanette\" \/>\n<meta name=\"twitter:card\" content=\"summary_large_image\" \/>\n<meta name=\"twitter:creator\" content=\"@eldiario_net\" \/>\n<meta name=\"twitter:site\" content=\"@eldiario_net\" \/>\n<meta name=\"twitter:label1\" content=\"Escrito por\" \/>\n\t<meta name=\"twitter:data1\" content=\"Jeanette\" \/>\n\t<meta name=\"twitter:label2\" content=\"Tiempo de lectura\" \/>\n\t<meta name=\"twitter:data2\" content=\"2 minutos\" \/>\n<script type=\"application\/ld+json\" class=\"yoast-schema-graph\">{\"@context\":\"https:\\\/\\\/schema.org\",\"@graph\":[{\"@type\":\"Article\",\"@id\":\"https:\\\/\\\/www.eldiario.net\\\/portal\\\/2021\\\/08\\\/09\\\/mayoria-de-violaciones-contra-menores-son-en-ambito-familiar\\\/#article\",\"isPartOf\":{\"@id\":\"https:\\\/\\\/www.eldiario.net\\\/portal\\\/2021\\\/08\\\/09\\\/mayoria-de-violaciones-contra-menores-son-en-ambito-familiar\\\/\"},\"author\":{\"name\":\"Jeanette\",\"@id\":\"https:\\\/\\\/www.eldiario.net\\\/portal\\\/#\\\/schema\\\/person\\\/f46445640444750d7d753ccd04ae01b7\"},\"headline\":\"Mayor\u00eda de violaciones contra menores son en \u00e1mbito familiar\",\"datePublished\":\"2021-08-09T10:17:21+00:00\",\"mainEntityOfPage\":{\"@id\":\"https:\\\/\\\/www.eldiario.net\\\/portal\\\/2021\\\/08\\\/09\\\/mayoria-de-violaciones-contra-menores-son-en-ambito-familiar\\\/\"},\"wordCount\":470,\"publisher\":{\"@id\":\"https:\\\/\\\/www.eldiario.net\\\/portal\\\/#organization\"},\"image\":{\"@id\":\"https:\\\/\\\/www.eldiario.net\\\/portal\\\/2021\\\/08\\\/09\\\/mayoria-de-violaciones-contra-menores-son-en-ambito-familiar\\\/#primaryimage\"},\"thumbnailUrl\":\"https:\\\/\\\/www.eldiario.net\\\/portal\\\/wp-content\\\/uploads\\\/2021\\\/08\\\/3AL-1.jpg\",\"articleSection\":[\"Nacional\"],\"inLanguage\":\"es\"},{\"@type\":\"WebPage\",\"@id\":\"https:\\\/\\\/www.eldiario.net\\\/portal\\\/2021\\\/08\\\/09\\\/mayoria-de-violaciones-contra-menores-son-en-ambito-familiar\\\/\",\"url\":\"https:\\\/\\\/www.eldiario.net\\\/portal\\\/2021\\\/08\\\/09\\\/mayoria-de-violaciones-contra-menores-son-en-ambito-familiar\\\/\",\"name\":\"Mayor\u00eda de violaciones contra menores son en \u00e1mbito familiar - El Diario - Bolivia\",\"isPartOf\":{\"@id\":\"https:\\\/\\\/www.eldiario.net\\\/portal\\\/#website\"},\"primaryImageOfPage\":{\"@id\":\"https:\\\/\\\/www.eldiario.net\\\/portal\\\/2021\\\/08\\\/09\\\/mayoria-de-violaciones-contra-menores-son-en-ambito-familiar\\\/#primaryimage\"},\"image\":{\"@id\":\"https:\\\/\\\/www.eldiario.net\\\/portal\\\/2021\\\/08\\\/09\\\/mayoria-de-violaciones-contra-menores-son-en-ambito-familiar\\\/#primaryimage\"},\"thumbnailUrl\":\"https:\\\/\\\/www.eldiario.net\\\/portal\\\/wp-content\\\/uploads\\\/2021\\\/08\\\/3AL-1.jpg\",\"datePublished\":\"2021-08-09T10:17:21+00:00\",\"breadcrumb\":{\"@id\":\"https:\\\/\\\/www.eldiario.net\\\/portal\\\/2021\\\/08\\\/09\\\/mayoria-de-violaciones-contra-menores-son-en-ambito-familiar\\\/#breadcrumb\"},\"inLanguage\":\"es\",\"potentialAction\":[{\"@type\":\"ReadAction\",\"target\":[\"https:\\\/\\\/www.eldiario.net\\\/portal\\\/2021\\\/08\\\/09\\\/mayoria-de-violaciones-contra-menores-son-en-ambito-familiar\\\/\"]}]},{\"@type\":\"ImageObject\",\"inLanguage\":\"es\",\"@id\":\"https:\\\/\\\/www.eldiario.net\\\/portal\\\/2021\\\/08\\\/09\\\/mayoria-de-violaciones-contra-menores-son-en-ambito-familiar\\\/#primaryimage\",\"url\":\"https:\\\/\\\/www.eldiario.net\\\/portal\\\/wp-content\\\/uploads\\\/2021\\\/08\\\/3AL-1.jpg\",\"contentUrl\":\"https:\\\/\\\/www.eldiario.net\\\/portal\\\/wp-content\\\/uploads\\\/2021\\\/08\\\/3AL-1.jpg\",\"caption\":\"Algunos casos de violaci\u00f3n no son denunciados porque el agresor es un familiar. Referencial\"},{\"@type\":\"BreadcrumbList\",\"@id\":\"https:\\\/\\\/www.eldiario.net\\\/portal\\\/2021\\\/08\\\/09\\\/mayoria-de-violaciones-contra-menores-son-en-ambito-familiar\\\/#breadcrumb\",\"itemListElement\":[{\"@type\":\"ListItem\",\"position\":1,\"name\":\"Portada\",\"item\":\"https:\\\/\\\/www.eldiario.net\\\/portal\\\/\"},{\"@type\":\"ListItem\",\"position\":2,\"name\":\"Mayor\u00eda de violaciones contra menores son en \u00e1mbito familiar\"}]},{\"@type\":\"WebSite\",\"@id\":\"https:\\\/\\\/www.eldiario.net\\\/portal\\\/#website\",\"url\":\"https:\\\/\\\/www.eldiario.net\\\/portal\\\/\",\"name\":\"El Diario - Decano de la prensa nacional\",\"description\":\"El Diario - Decano de la prensa nacional\",\"publisher\":{\"@id\":\"https:\\\/\\\/www.eldiario.net\\\/portal\\\/#organization\"},\"potentialAction\":[{\"@type\":\"SearchAction\",\"target\":{\"@type\":\"EntryPoint\",\"urlTemplate\":\"https:\\\/\\\/www.eldiario.net\\\/portal\\\/?s={search_term_string}\"},\"query-input\":{\"@type\":\"PropertyValueSpecification\",\"valueRequired\":true,\"valueName\":\"search_term_string\"}}],\"inLanguage\":\"es\"},{\"@type\":\"Organization\",\"@id\":\"https:\\\/\\\/www.eldiario.net\\\/portal\\\/#organization\",\"name\":\"El Diario - Decano de la prensa nacional\",\"url\":\"https:\\\/\\\/www.eldiario.net\\\/portal\\\/\",\"logo\":{\"@type\":\"ImageObject\",\"inLanguage\":\"es\",\"@id\":\"https:\\\/\\\/www.eldiario.net\\\/portal\\\/#\\\/schema\\\/logo\\\/image\\\/\",\"url\":\"https:\\\/\\\/www.eldiario.net\\\/portal\\\/wp-content\\\/uploads\\\/2023\\\/07\\\/logo_ED.jpg\",\"contentUrl\":\"https:\\\/\\\/www.eldiario.net\\\/portal\\\/wp-content\\\/uploads\\\/2023\\\/07\\\/logo_ED.jpg\",\"width\":272,\"height\":52,\"caption\":\"El Diario - Decano de la prensa nacional\"},\"image\":{\"@id\":\"https:\\\/\\\/www.eldiario.net\\\/portal\\\/#\\\/schema\\\/logo\\\/image\\\/\"},\"sameAs\":[\"https:\\\/\\\/www.facebook.com\\\/eldiario.bolivia\\\/\",\"https:\\\/\\\/x.com\\\/eldiario_net\"]},{\"@type\":\"Person\",\"@id\":\"https:\\\/\\\/www.eldiario.net\\\/portal\\\/#\\\/schema\\\/person\\\/f46445640444750d7d753ccd04ae01b7\",\"name\":\"Jeanette\",\"image\":{\"@type\":\"ImageObject\",\"inLanguage\":\"es\",\"@id\":\"https:\\\/\\\/secure.gravatar.com\\\/avatar\\\/3ea2118a5f7dad2b7138b1187a6b7ee55f160b9968b66013c3a3ef39dd7e5798?s=96&d=mm&r=g\",\"url\":\"https:\\\/\\\/secure.gravatar.com\\\/avatar\\\/3ea2118a5f7dad2b7138b1187a6b7ee55f160b9968b66013c3a3ef39dd7e5798?s=96&d=mm&r=g\",\"contentUrl\":\"https:\\\/\\\/secure.gravatar.com\\\/avatar\\\/3ea2118a5f7dad2b7138b1187a6b7ee55f160b9968b66013c3a3ef39dd7e5798?s=96&d=mm&r=g\",\"caption\":\"Jeanette\"},\"sameAs\":[\"https:\\\/\\\/www.eldiario.net\\\/portal\"],\"url\":\"https:\\\/\\\/www.eldiario.net\\\/portal\\\/author\\\/jeanette\\\/\"}]}<\/script>\n<!-- \/ Yoast SEO plugin. -->","yoast_head_json":{"title":"Mayor\u00eda de violaciones contra menores son en \u00e1mbito familiar - El Diario - Bolivia","robots":{"index":"index","follow":"follow","max-snippet":"max-snippet:-1","max-image-preview":"max-image-preview:large","max-video-preview":"max-video-preview:-1"},"canonical":"https:\/\/www.eldiario.net\/portal\/2021\/08\/09\/mayoria-de-violaciones-contra-menores-son-en-ambito-familiar\/","og_locale":"es_ES","og_type":"article","og_title":"Mayor\u00eda de violaciones contra menores son en \u00e1mbito familiar - El Diario - Bolivia","og_description":"Las violaciones registradas a menores en la ciudad de El Alto, la mayor\u00eda son dentro del entorno familiar, siendo el principal motivo el consumo de bebidas alcoh\u00f3licas, seg\u00fan la Defensor\u00eda de la Ni\u00f1ez y la Adolescencia (DNA). De acuerdo con la instancia municipal de esta ciudad, a pesar de que no se conocen los datos [&hellip;]","og_url":"https:\/\/www.eldiario.net\/portal\/2021\/08\/09\/mayoria-de-violaciones-contra-menores-son-en-ambito-familiar\/","og_site_name":"El Diario - Bolivia","article_publisher":"https:\/\/www.facebook.com\/eldiario.bolivia\/","article_published_time":"2021-08-09T10:17:21+00:00","og_image":[{"url":"https:\/\/www.eldiario.net\/portal\/wp-content\/uploads\/2021\/08\/3AL-1.jpg","width":1,"height":1,"type":"image\/jpeg"}],"author":"Jeanette","twitter_card":"summary_large_image","twitter_creator":"@eldiario_net","twitter_site":"@eldiario_net","twitter_misc":{"Escrito por":"Jeanette","Tiempo de lectura":"2 minutos"},"schema":{"@context":"https:\/\/schema.org","@graph":[{"@type":"Article","@id":"https:\/\/www.eldiario.net\/portal\/2021\/08\/09\/mayoria-de-violaciones-contra-menores-son-en-ambito-familiar\/#article","isPartOf":{"@id":"https:\/\/www.eldiario.net\/portal\/2021\/08\/09\/mayoria-de-violaciones-contra-menores-son-en-ambito-familiar\/"},"author":{"name":"Jeanette","@id":"https:\/\/www.eldiario.net\/portal\/#\/schema\/person\/f46445640444750d7d753ccd04ae01b7"},"headline":"Mayor\u00eda de violaciones contra menores son en \u00e1mbito familiar","datePublished":"2021-08-09T10:17:21+00:00","mainEntityOfPage":{"@id":"https:\/\/www.eldiario.net\/portal\/2021\/08\/09\/mayoria-de-violaciones-contra-menores-son-en-ambito-familiar\/"},"wordCount":470,"publisher":{"@id":"https:\/\/www.eldiario.net\/portal\/#organization"},"image":{"@id":"https:\/\/www.eldiario.net\/portal\/2021\/08\/09\/mayoria-de-violaciones-contra-menores-son-en-ambito-familiar\/#primaryimage"},"thumbnailUrl":"https:\/\/www.eldiario.net\/portal\/wp-content\/uploads\/2021\/08\/3AL-1.jpg","articleSection":["Nacional"],"inLanguage":"es"},{"@type":"WebPage","@id":"https:\/\/www.eldiario.net\/portal\/2021\/08\/09\/mayoria-de-violaciones-contra-menores-son-en-ambito-familiar\/","url":"https:\/\/www.eldiario.net\/portal\/2021\/08\/09\/mayoria-de-violaciones-contra-menores-son-en-ambito-familiar\/","name":"Mayor\u00eda de violaciones contra menores son en \u00e1mbito familiar - El Diario - Bolivia","isPartOf":{"@id":"https:\/\/www.eldiario.net\/portal\/#website"},"primaryImageOfPage":{"@id":"https:\/\/www.eldiario.net\/portal\/2021\/08\/09\/mayoria-de-violaciones-contra-menores-son-en-ambito-familiar\/#primaryimage"},"image":{"@id":"https:\/\/www.eldiario.net\/portal\/2021\/08\/09\/mayoria-de-violaciones-contra-menores-son-en-ambito-familiar\/#primaryimage"},"thumbnailUrl":"https:\/\/www.eldiario.net\/portal\/wp-content\/uploads\/2021\/08\/3AL-1.jpg","datePublished":"2021-08-09T10:17:21+00:00","breadcrumb":{"@id":"https:\/\/www.eldiario.net\/portal\/2021\/08\/09\/mayoria-de-violaciones-contra-menores-son-en-ambito-familiar\/#breadcrumb"},"inLanguage":"es","potentialAction":[{"@type":"ReadAction","target":["https:\/\/www.eldiario.net\/portal\/2021\/08\/09\/mayoria-de-violaciones-contra-menores-son-en-ambito-familiar\/"]}]},{"@type":"ImageObject","inLanguage":"es","@id":"https:\/\/www.eldiario.net\/portal\/2021\/08\/09\/mayoria-de-violaciones-contra-menores-son-en-ambito-familiar\/#primaryimage","url":"https:\/\/www.eldiario.net\/portal\/wp-content\/uploads\/2021\/08\/3AL-1.jpg","contentUrl":"https:\/\/www.eldiario.net\/portal\/wp-content\/uploads\/2021\/08\/3AL-1.jpg","caption":"Algunos casos de violaci\u00f3n no son denunciados porque el agresor es un familiar. Referencial"},{"@type":"BreadcrumbList","@id":"https:\/\/www.eldiario.net\/portal\/2021\/08\/09\/mayoria-de-violaciones-contra-menores-son-en-ambito-familiar\/#breadcrumb","itemListElement":[{"@type":"ListItem","position":1,"name":"Portada","item":"https:\/\/www.eldiario.net\/portal\/"},{"@type":"ListItem","position":2,"name":"Mayor\u00eda de violaciones contra menores son en \u00e1mbito familiar"}]},{"@type":"WebSite","@id":"https:\/\/www.eldiario.net\/portal\/#website","url":"https:\/\/www.eldiario.net\/portal\/","name":"El Diario - Decano de la prensa nacional","description":"El Diario - Decano de la prensa nacional","publisher":{"@id":"https:\/\/www.eldiario.net\/portal\/#organization"},"potentialAction":[{"@type":"SearchAction","target":{"@type":"EntryPoint","urlTemplate":"https:\/\/www.eldiario.net\/portal\/?s={search_term_string}"},"query-input":{"@type":"PropertyValueSpecification","valueRequired":true,"valueName":"search_term_string"}}],"inLanguage":"es"},{"@type":"Organization","@id":"https:\/\/www.eldiario.net\/portal\/#organization","name":"El Diario - Decano de la prensa nacional","url":"https:\/\/www.eldiario.net\/portal\/","logo":{"@type":"ImageObject","inLanguage":"es","@id":"https:\/\/www.eldiario.net\/portal\/#\/schema\/logo\/image\/","url":"https:\/\/www.eldiario.net\/portal\/wp-content\/uploads\/2023\/07\/logo_ED.jpg","contentUrl":"https:\/\/www.eldiario.net\/portal\/wp-content\/uploads\/2023\/07\/logo_ED.jpg","width":272,"height":52,"caption":"El Diario - Decano de la prensa nacional"},"image":{"@id":"https:\/\/www.eldiario.net\/portal\/#\/schema\/logo\/image\/"},"sameAs":["https:\/\/www.facebook.com\/eldiario.bolivia\/","https:\/\/x.com\/eldiario_net"]},{"@type":"Person","@id":"https:\/\/www.eldiario.net\/portal\/#\/schema\/person\/f46445640444750d7d753ccd04ae01b7","name":"Jeanette","image":{"@type":"ImageObject","inLanguage":"es","@id":"https:\/\/secure.gravatar.com\/avatar\/3ea2118a5f7dad2b7138b1187a6b7ee55f160b9968b66013c3a3ef39dd7e5798?s=96&d=mm&r=g","url":"https:\/\/secure.gravatar.com\/avatar\/3ea2118a5f7dad2b7138b1187a6b7ee55f160b9968b66013c3a3ef39dd7e5798?s=96&d=mm&r=g","contentUrl":"https:\/\/secure.gravatar.com\/avatar\/3ea2118a5f7dad2b7138b1187a6b7ee55f160b9968b66013c3a3ef39dd7e5798?s=96&d=mm&r=g","caption":"Jeanette"},"sameAs":["https:\/\/www.eldiario.net\/portal"],"url":"https:\/\/www.eldiario.net\/portal\/author\/jeanette\/"}]}},"_links":{"self":[{"href":"https:\/\/www.eldiario.net\/portal\/wp-json\/wp\/v2\/posts\/22338","targetHints":{"allow":["GET"]}}],"collection":[{"href":"https:\/\/www.eldiario.net\/portal\/wp-json\/wp\/v2\/posts"}],"about":[{"href":"https:\/\/www.eldiario.net\/portal\/wp-json\/wp\/v2\/types\/post"}],"author":[{"embeddable":true,"href":"https:\/\/www.eldiario.net\/portal\/wp-json\/wp\/v2\/users\/1"}],"replies":[{"embeddable":true,"href":"https:\/\/www.eldiario.net\/portal\/wp-json\/wp\/v2\/comments?post=22338"}],"version-history":[{"count":0,"href":"https:\/\/www.eldiario.net\/portal\/wp-json\/wp\/v2\/posts\/22338\/revisions"}],"wp:featuredmedia":[{"embeddable":true,"href":"https:\/\/www.eldiario.net\/portal\/wp-json\/wp\/v2\/media\/22339"}],"wp:attachment":[{"href":"https:\/\/www.eldiario.net\/portal\/wp-json\/wp\/v2\/media?parent=22338"}],"wp:term":[{"taxonomy":"category","embeddable":true,"href":"https:\/\/www.eldiario.net\/portal\/wp-json\/wp\/v2\/categories?post=22338"},{"taxonomy":"post_tag","embeddable":true,"href":"https:\/\/www.eldiario.net\/portal\/wp-json\/wp\/v2\/tags?post=22338"}],"curies":[{"name":"wp","href":"https:\/\/api.w.org\/{rel}","templated":true}]}}