{"id":223320,"date":"2024-05-27T07:41:07","date_gmt":"2024-05-27T11:41:07","guid":{"rendered":"https:\/\/www.eldiario.net\/portal\/?p=223320"},"modified":"2024-05-27T07:41:07","modified_gmt":"2024-05-27T11:41:07","slug":"recall-sera-una-de-las-funciones-mas-importantes-de-copilot-en-windows-11","status":"publish","type":"post","link":"https:\/\/www.eldiario.net\/portal\/2024\/05\/27\/recall-sera-una-de-las-funciones-mas-importantes-de-copilot-en-windows-11\/","title":{"rendered":"Recall ser\u00e1 una de las funciones m\u00e1s importantes de Copilot+ en Windows 11"},"content":{"rendered":"<p>Microsoft ha presentado su visi\u00f3n sobre el futuro de la inteligencia artificial, especialmente a trav\u00e9s de Copilot+, tambi\u00e9n conocido como Recuerdos. Esta funci\u00f3n, que act\u00faa como un asistente virtual proactivo, destaca por su capacidad para recordar acciones pasadas realizadas en el equipo.<\/p>\n<p>Recall es un nuevo asistente de IA de Microsoft que se integrar\u00e1 en Windows 11 y funcionar\u00e1 como una especie de \u00abmemoria fotogr\u00e1fica\u00bb, permitiendo acceder f\u00e1cilmente a contenido y tareas anteriores. Utiliza un \u00edndice sem\u00e1ntico que relaciona y indexa todo el contenido para futuras b\u00fasquedas, aprovechando hasta 40 modelos de IA diferentes e integr\u00e1ndose con aplicaciones como Microsoft 365 y Pinterest.<\/p>\n<p>Este asistente puede recordar b\u00fasquedas pasadas en Pinterest, facilitando el acceso al contenido deseado. Adem\u00e1s, indexa contenido de diversas fuentes, tanto locales como en la nube, incluyendo presentaciones, documentos de texto o tablas de c\u00e1lculo realizados en PowerPoint, Word o Excel.<\/p>\n<p>Recall estar\u00e1 disponible en los nuevos PCs Copilot+ de Microsoft, que cuentan con chips con unidades de proceso neuronal dedicadas. La compa\u00f1\u00eda asegura que los datos se almacenan de forma segura en el equipo y no se env\u00edan a los servidores de la empresa. Adem\u00e1s, desde la configuraci\u00f3n de Recall, los usuarios pueden decidir qu\u00e9 instant\u00e1neas se recopilan y almacenan en el dispositivo.<\/p>\n<p>Las instant\u00e1neas de Recall se guardan en el disco duro de las computadoras \u00a0con Copilot+ y se protegen mediante cifrado de datos en el dispositivo. Est\u00e1n vinculadas \u00fanicamente a un perfil de usuario y no se comparten con otros ni se utilizan para anuncios publicitarios dirigidos. Los usuarios tambi\u00e9n tienen la posibilidad de pausar, borrar o eliminar las instant\u00e1neas almacenadas desde las opciones de Recall.<\/p>\n<p>En resumen, Recall promete ser una herramienta \u00fatil para recordar y acceder a contenido pasado, pero plantea interrogantes sobre la privacidad de los usuarios, aunque Microsoft asegura medidas de seguridad y control sobre los datos recopilados.<\/p>\n<p>Microsoft Recall, tambi\u00e9n conocido como Recuerdos, tiene el potencial de revolucionar nuestra interacci\u00f3n con los dispositivos. Su capacidad para recordar b\u00fasquedas, documentos y tareas anteriores y presentarlas en el momento adecuado representa un avance significativo en la productividad personal y profesional. La idea de un asistente proactivo que facilite el acceso a informaci\u00f3n relevante basada en nuestro historial de uso es fascinante.<\/p>\n<p>A pesar de sus beneficios, surge la leg\u00edtima preocupaci\u00f3n por la privacidad. Aunque Microsoft asegura que los datos se almacenan de forma segura en el dispositivo y no se comparten ni se utilizan con fines publicitarios, la idea de un asistente que recopila y almacena gran parte de nuestra actividad debe tomarse en serio. En una era donde la informaci\u00f3n es poder, la recopilaci\u00f3n masiva de datos siempre genera dudas sobre posibles vulnerabilidades.<\/p>\n<p>La introducci\u00f3n de Microsoft Recall destaca la importancia de equilibrar la innovaci\u00f3n tecnol\u00f3gica con la protecci\u00f3n de la privacidad del usuario. Es crucial no ignorar los beneficios que esta herramienta puede ofrecer, pero tampoco pasar por alto los riesgos asociados. La transparencia y el control total por parte del usuario sobre qu\u00e9 datos se recopilan y c\u00f3mo se utilizan son fundamentales, especialmente en dispositivos que no cuentan con una unidad de procesamiento neuronal dedicada.<\/p>\n","protected":false},"excerpt":{"rendered":"<p>Microsoft ha presentado su visi\u00f3n sobre el futuro de la inteligencia artificial, especialmente a trav\u00e9s de Copilot+, tambi\u00e9n conocido como Recuerdos. Esta funci\u00f3n, que act\u00faa como un asistente virtual proactivo, destaca por su capacidad para recordar acciones pasadas realizadas en el equipo. Recall es un nuevo asistente de IA de Microsoft que se integrar\u00e1 en [&hellip;]<\/p>\n","protected":false},"author":1,"featured_media":223321,"comment_status":"open","ping_status":"open","sticky":false,"template":"","format":"standard","meta":{"_acf_changed":false,"footnotes":""},"categories":[46],"tags":[],"class_list":["post-223320","post","type-post","status-publish","format-standard","has-post-thumbnail","category-ciencia-computacion"],"acf":{"antetitulo":""},"yoast_head":"<!-- This site is optimized with the Yoast SEO plugin v28.3 - https:\/\/yoast.com\/product\/yoast-seo-wordpress\/ -->\n<title>Recall ser\u00e1 una de las funciones m\u00e1s importantes de Copilot+ en Windows 11 - El Diario - Bolivia<\/title>\n<meta name=\"robots\" content=\"index, follow, max-snippet:-1, max-image-preview:large, max-video-preview:-1\" \/>\n<link rel=\"canonical\" href=\"https:\/\/www.eldiario.net\/portal\/2024\/05\/27\/recall-sera-una-de-las-funciones-mas-importantes-de-copilot-en-windows-11\/\" \/>\n<meta property=\"og:locale\" content=\"es_ES\" \/>\n<meta property=\"og:type\" content=\"article\" \/>\n<meta property=\"og:title\" content=\"Recall ser\u00e1 una de las funciones m\u00e1s importantes de Copilot+ en Windows 11 - El Diario - Bolivia\" \/>\n<meta property=\"og:description\" content=\"Microsoft ha presentado su visi\u00f3n sobre el futuro de la inteligencia artificial, especialmente a trav\u00e9s de Copilot+, tambi\u00e9n conocido como Recuerdos. Esta funci\u00f3n, que act\u00faa como un asistente virtual proactivo, destaca por su capacidad para recordar acciones pasadas realizadas en el equipo. Recall es un nuevo asistente de IA de Microsoft que se integrar\u00e1 en [&hellip;]\" \/>\n<meta property=\"og:url\" content=\"https:\/\/www.eldiario.net\/portal\/2024\/05\/27\/recall-sera-una-de-las-funciones-mas-importantes-de-copilot-en-windows-11\/\" \/>\n<meta property=\"og:site_name\" content=\"El Diario - Bolivia\" \/>\n<meta property=\"article:publisher\" content=\"https:\/\/www.facebook.com\/eldiario.bolivia\/\" \/>\n<meta property=\"article:published_time\" content=\"2024-05-27T11:41:07+00:00\" \/>\n<meta property=\"og:image\" content=\"https:\/\/www.eldiario.net\/portal\/wp-content\/uploads\/2024\/05\/8-A-3.jpg\" \/>\n\t<meta property=\"og:image:width\" content=\"1044\" \/>\n\t<meta property=\"og:image:height\" content=\"588\" \/>\n\t<meta property=\"og:image:type\" content=\"image\/jpeg\" \/>\n<meta name=\"author\" content=\"Jeanette\" \/>\n<meta name=\"twitter:card\" content=\"summary_large_image\" \/>\n<meta name=\"twitter:creator\" content=\"@eldiario_net\" \/>\n<meta name=\"twitter:site\" content=\"@eldiario_net\" \/>\n<meta name=\"twitter:label1\" content=\"Escrito por\" \/>\n\t<meta name=\"twitter:data1\" content=\"Jeanette\" \/>\n\t<meta name=\"twitter:label2\" content=\"Tiempo de lectura\" \/>\n\t<meta name=\"twitter:data2\" content=\"3 minutos\" \/>\n<script type=\"application\/ld+json\" class=\"yoast-schema-graph\">{\"@context\":\"https:\\\/\\\/schema.org\",\"@graph\":[{\"@type\":\"Article\",\"@id\":\"https:\\\/\\\/www.eldiario.net\\\/portal\\\/2024\\\/05\\\/27\\\/recall-sera-una-de-las-funciones-mas-importantes-de-copilot-en-windows-11\\\/#article\",\"isPartOf\":{\"@id\":\"https:\\\/\\\/www.eldiario.net\\\/portal\\\/2024\\\/05\\\/27\\\/recall-sera-una-de-las-funciones-mas-importantes-de-copilot-en-windows-11\\\/\"},\"author\":{\"name\":\"Jeanette\",\"@id\":\"https:\\\/\\\/www.eldiario.net\\\/portal\\\/#\\\/schema\\\/person\\\/f46445640444750d7d753ccd04ae01b7\"},\"headline\":\"Recall ser\u00e1 una de las funciones m\u00e1s importantes de Copilot+ en Windows 11\",\"datePublished\":\"2024-05-27T11:41:07+00:00\",\"mainEntityOfPage\":{\"@id\":\"https:\\\/\\\/www.eldiario.net\\\/portal\\\/2024\\\/05\\\/27\\\/recall-sera-una-de-las-funciones-mas-importantes-de-copilot-en-windows-11\\\/\"},\"wordCount\":562,\"commentCount\":0,\"publisher\":{\"@id\":\"https:\\\/\\\/www.eldiario.net\\\/portal\\\/#organization\"},\"image\":{\"@id\":\"https:\\\/\\\/www.eldiario.net\\\/portal\\\/2024\\\/05\\\/27\\\/recall-sera-una-de-las-funciones-mas-importantes-de-copilot-en-windows-11\\\/#primaryimage\"},\"thumbnailUrl\":\"https:\\\/\\\/www.eldiario.net\\\/portal\\\/wp-content\\\/uploads\\\/2024\\\/05\\\/8-A-3.jpg\",\"articleSection\":[\"Ciencia y Computaci\u00f3n\"],\"inLanguage\":\"es\",\"potentialAction\":[{\"@type\":\"CommentAction\",\"name\":\"Comment\",\"target\":[\"https:\\\/\\\/www.eldiario.net\\\/portal\\\/2024\\\/05\\\/27\\\/recall-sera-una-de-las-funciones-mas-importantes-de-copilot-en-windows-11\\\/#respond\"]}]},{\"@type\":\"WebPage\",\"@id\":\"https:\\\/\\\/www.eldiario.net\\\/portal\\\/2024\\\/05\\\/27\\\/recall-sera-una-de-las-funciones-mas-importantes-de-copilot-en-windows-11\\\/\",\"url\":\"https:\\\/\\\/www.eldiario.net\\\/portal\\\/2024\\\/05\\\/27\\\/recall-sera-una-de-las-funciones-mas-importantes-de-copilot-en-windows-11\\\/\",\"name\":\"Recall ser\u00e1 una de las funciones m\u00e1s importantes de Copilot+ en Windows 11 - El Diario - Bolivia\",\"isPartOf\":{\"@id\":\"https:\\\/\\\/www.eldiario.net\\\/portal\\\/#website\"},\"primaryImageOfPage\":{\"@id\":\"https:\\\/\\\/www.eldiario.net\\\/portal\\\/2024\\\/05\\\/27\\\/recall-sera-una-de-las-funciones-mas-importantes-de-copilot-en-windows-11\\\/#primaryimage\"},\"image\":{\"@id\":\"https:\\\/\\\/www.eldiario.net\\\/portal\\\/2024\\\/05\\\/27\\\/recall-sera-una-de-las-funciones-mas-importantes-de-copilot-en-windows-11\\\/#primaryimage\"},\"thumbnailUrl\":\"https:\\\/\\\/www.eldiario.net\\\/portal\\\/wp-content\\\/uploads\\\/2024\\\/05\\\/8-A-3.jpg\",\"datePublished\":\"2024-05-27T11:41:07+00:00\",\"breadcrumb\":{\"@id\":\"https:\\\/\\\/www.eldiario.net\\\/portal\\\/2024\\\/05\\\/27\\\/recall-sera-una-de-las-funciones-mas-importantes-de-copilot-en-windows-11\\\/#breadcrumb\"},\"inLanguage\":\"es\",\"potentialAction\":[{\"@type\":\"ReadAction\",\"target\":[\"https:\\\/\\\/www.eldiario.net\\\/portal\\\/2024\\\/05\\\/27\\\/recall-sera-una-de-las-funciones-mas-importantes-de-copilot-en-windows-11\\\/\"]}]},{\"@type\":\"ImageObject\",\"inLanguage\":\"es\",\"@id\":\"https:\\\/\\\/www.eldiario.net\\\/portal\\\/2024\\\/05\\\/27\\\/recall-sera-una-de-las-funciones-mas-importantes-de-copilot-en-windows-11\\\/#primaryimage\",\"url\":\"https:\\\/\\\/www.eldiario.net\\\/portal\\\/wp-content\\\/uploads\\\/2024\\\/05\\\/8-A-3.jpg\",\"contentUrl\":\"https:\\\/\\\/www.eldiario.net\\\/portal\\\/wp-content\\\/uploads\\\/2024\\\/05\\\/8-A-3.jpg\",\"width\":1044,\"height\":588},{\"@type\":\"BreadcrumbList\",\"@id\":\"https:\\\/\\\/www.eldiario.net\\\/portal\\\/2024\\\/05\\\/27\\\/recall-sera-una-de-las-funciones-mas-importantes-de-copilot-en-windows-11\\\/#breadcrumb\",\"itemListElement\":[{\"@type\":\"ListItem\",\"position\":1,\"name\":\"Portada\",\"item\":\"https:\\\/\\\/www.eldiario.net\\\/portal\\\/\"},{\"@type\":\"ListItem\",\"position\":2,\"name\":\"Recall ser\u00e1 una de las funciones m\u00e1s importantes de Copilot+ en Windows 11\"}]},{\"@type\":\"WebSite\",\"@id\":\"https:\\\/\\\/www.eldiario.net\\\/portal\\\/#website\",\"url\":\"https:\\\/\\\/www.eldiario.net\\\/portal\\\/\",\"name\":\"El Diario - Decano de la prensa nacional\",\"description\":\"El Diario - Decano de la prensa nacional\",\"publisher\":{\"@id\":\"https:\\\/\\\/www.eldiario.net\\\/portal\\\/#organization\"},\"potentialAction\":[{\"@type\":\"SearchAction\",\"target\":{\"@type\":\"EntryPoint\",\"urlTemplate\":\"https:\\\/\\\/www.eldiario.net\\\/portal\\\/?s={search_term_string}\"},\"query-input\":{\"@type\":\"PropertyValueSpecification\",\"valueRequired\":true,\"valueName\":\"search_term_string\"}}],\"inLanguage\":\"es\"},{\"@type\":\"Organization\",\"@id\":\"https:\\\/\\\/www.eldiario.net\\\/portal\\\/#organization\",\"name\":\"El Diario - Decano de la prensa nacional\",\"url\":\"https:\\\/\\\/www.eldiario.net\\\/portal\\\/\",\"logo\":{\"@type\":\"ImageObject\",\"inLanguage\":\"es\",\"@id\":\"https:\\\/\\\/www.eldiario.net\\\/portal\\\/#\\\/schema\\\/logo\\\/image\\\/\",\"url\":\"https:\\\/\\\/www.eldiario.net\\\/portal\\\/wp-content\\\/uploads\\\/2023\\\/07\\\/logo_ED.jpg\",\"contentUrl\":\"https:\\\/\\\/www.eldiario.net\\\/portal\\\/wp-content\\\/uploads\\\/2023\\\/07\\\/logo_ED.jpg\",\"width\":272,\"height\":52,\"caption\":\"El Diario - Decano de la prensa nacional\"},\"image\":{\"@id\":\"https:\\\/\\\/www.eldiario.net\\\/portal\\\/#\\\/schema\\\/logo\\\/image\\\/\"},\"sameAs\":[\"https:\\\/\\\/www.facebook.com\\\/eldiario.bolivia\\\/\",\"https:\\\/\\\/x.com\\\/eldiario_net\"]},{\"@type\":\"Person\",\"@id\":\"https:\\\/\\\/www.eldiario.net\\\/portal\\\/#\\\/schema\\\/person\\\/f46445640444750d7d753ccd04ae01b7\",\"name\":\"Jeanette\",\"image\":{\"@type\":\"ImageObject\",\"inLanguage\":\"es\",\"@id\":\"https:\\\/\\\/secure.gravatar.com\\\/avatar\\\/3ea2118a5f7dad2b7138b1187a6b7ee55f160b9968b66013c3a3ef39dd7e5798?s=96&d=mm&r=g\",\"url\":\"https:\\\/\\\/secure.gravatar.com\\\/avatar\\\/3ea2118a5f7dad2b7138b1187a6b7ee55f160b9968b66013c3a3ef39dd7e5798?s=96&d=mm&r=g\",\"contentUrl\":\"https:\\\/\\\/secure.gravatar.com\\\/avatar\\\/3ea2118a5f7dad2b7138b1187a6b7ee55f160b9968b66013c3a3ef39dd7e5798?s=96&d=mm&r=g\",\"caption\":\"Jeanette\"},\"sameAs\":[\"https:\\\/\\\/www.eldiario.net\\\/portal\"],\"url\":\"https:\\\/\\\/www.eldiario.net\\\/portal\\\/author\\\/jeanette\\\/\"}]}<\/script>\n<!-- \/ Yoast SEO plugin. -->","yoast_head_json":{"title":"Recall ser\u00e1 una de las funciones m\u00e1s importantes de Copilot+ en Windows 11 - El Diario - Bolivia","robots":{"index":"index","follow":"follow","max-snippet":"max-snippet:-1","max-image-preview":"max-image-preview:large","max-video-preview":"max-video-preview:-1"},"canonical":"https:\/\/www.eldiario.net\/portal\/2024\/05\/27\/recall-sera-una-de-las-funciones-mas-importantes-de-copilot-en-windows-11\/","og_locale":"es_ES","og_type":"article","og_title":"Recall ser\u00e1 una de las funciones m\u00e1s importantes de Copilot+ en Windows 11 - El Diario - Bolivia","og_description":"Microsoft ha presentado su visi\u00f3n sobre el futuro de la inteligencia artificial, especialmente a trav\u00e9s de Copilot+, tambi\u00e9n conocido como Recuerdos. Esta funci\u00f3n, que act\u00faa como un asistente virtual proactivo, destaca por su capacidad para recordar acciones pasadas realizadas en el equipo. Recall es un nuevo asistente de IA de Microsoft que se integrar\u00e1 en [&hellip;]","og_url":"https:\/\/www.eldiario.net\/portal\/2024\/05\/27\/recall-sera-una-de-las-funciones-mas-importantes-de-copilot-en-windows-11\/","og_site_name":"El Diario - Bolivia","article_publisher":"https:\/\/www.facebook.com\/eldiario.bolivia\/","article_published_time":"2024-05-27T11:41:07+00:00","og_image":[{"width":1044,"height":588,"url":"https:\/\/www.eldiario.net\/portal\/wp-content\/uploads\/2024\/05\/8-A-3.jpg","type":"image\/jpeg"}],"author":"Jeanette","twitter_card":"summary_large_image","twitter_creator":"@eldiario_net","twitter_site":"@eldiario_net","twitter_misc":{"Escrito por":"Jeanette","Tiempo de lectura":"3 minutos"},"schema":{"@context":"https:\/\/schema.org","@graph":[{"@type":"Article","@id":"https:\/\/www.eldiario.net\/portal\/2024\/05\/27\/recall-sera-una-de-las-funciones-mas-importantes-de-copilot-en-windows-11\/#article","isPartOf":{"@id":"https:\/\/www.eldiario.net\/portal\/2024\/05\/27\/recall-sera-una-de-las-funciones-mas-importantes-de-copilot-en-windows-11\/"},"author":{"name":"Jeanette","@id":"https:\/\/www.eldiario.net\/portal\/#\/schema\/person\/f46445640444750d7d753ccd04ae01b7"},"headline":"Recall ser\u00e1 una de las funciones m\u00e1s importantes de Copilot+ en Windows 11","datePublished":"2024-05-27T11:41:07+00:00","mainEntityOfPage":{"@id":"https:\/\/www.eldiario.net\/portal\/2024\/05\/27\/recall-sera-una-de-las-funciones-mas-importantes-de-copilot-en-windows-11\/"},"wordCount":562,"commentCount":0,"publisher":{"@id":"https:\/\/www.eldiario.net\/portal\/#organization"},"image":{"@id":"https:\/\/www.eldiario.net\/portal\/2024\/05\/27\/recall-sera-una-de-las-funciones-mas-importantes-de-copilot-en-windows-11\/#primaryimage"},"thumbnailUrl":"https:\/\/www.eldiario.net\/portal\/wp-content\/uploads\/2024\/05\/8-A-3.jpg","articleSection":["Ciencia y Computaci\u00f3n"],"inLanguage":"es","potentialAction":[{"@type":"CommentAction","name":"Comment","target":["https:\/\/www.eldiario.net\/portal\/2024\/05\/27\/recall-sera-una-de-las-funciones-mas-importantes-de-copilot-en-windows-11\/#respond"]}]},{"@type":"WebPage","@id":"https:\/\/www.eldiario.net\/portal\/2024\/05\/27\/recall-sera-una-de-las-funciones-mas-importantes-de-copilot-en-windows-11\/","url":"https:\/\/www.eldiario.net\/portal\/2024\/05\/27\/recall-sera-una-de-las-funciones-mas-importantes-de-copilot-en-windows-11\/","name":"Recall ser\u00e1 una de las funciones m\u00e1s importantes de Copilot+ en Windows 11 - El Diario - Bolivia","isPartOf":{"@id":"https:\/\/www.eldiario.net\/portal\/#website"},"primaryImageOfPage":{"@id":"https:\/\/www.eldiario.net\/portal\/2024\/05\/27\/recall-sera-una-de-las-funciones-mas-importantes-de-copilot-en-windows-11\/#primaryimage"},"image":{"@id":"https:\/\/www.eldiario.net\/portal\/2024\/05\/27\/recall-sera-una-de-las-funciones-mas-importantes-de-copilot-en-windows-11\/#primaryimage"},"thumbnailUrl":"https:\/\/www.eldiario.net\/portal\/wp-content\/uploads\/2024\/05\/8-A-3.jpg","datePublished":"2024-05-27T11:41:07+00:00","breadcrumb":{"@id":"https:\/\/www.eldiario.net\/portal\/2024\/05\/27\/recall-sera-una-de-las-funciones-mas-importantes-de-copilot-en-windows-11\/#breadcrumb"},"inLanguage":"es","potentialAction":[{"@type":"ReadAction","target":["https:\/\/www.eldiario.net\/portal\/2024\/05\/27\/recall-sera-una-de-las-funciones-mas-importantes-de-copilot-en-windows-11\/"]}]},{"@type":"ImageObject","inLanguage":"es","@id":"https:\/\/www.eldiario.net\/portal\/2024\/05\/27\/recall-sera-una-de-las-funciones-mas-importantes-de-copilot-en-windows-11\/#primaryimage","url":"https:\/\/www.eldiario.net\/portal\/wp-content\/uploads\/2024\/05\/8-A-3.jpg","contentUrl":"https:\/\/www.eldiario.net\/portal\/wp-content\/uploads\/2024\/05\/8-A-3.jpg","width":1044,"height":588},{"@type":"BreadcrumbList","@id":"https:\/\/www.eldiario.net\/portal\/2024\/05\/27\/recall-sera-una-de-las-funciones-mas-importantes-de-copilot-en-windows-11\/#breadcrumb","itemListElement":[{"@type":"ListItem","position":1,"name":"Portada","item":"https:\/\/www.eldiario.net\/portal\/"},{"@type":"ListItem","position":2,"name":"Recall ser\u00e1 una de las funciones m\u00e1s importantes de Copilot+ en Windows 11"}]},{"@type":"WebSite","@id":"https:\/\/www.eldiario.net\/portal\/#website","url":"https:\/\/www.eldiario.net\/portal\/","name":"El Diario - Decano de la prensa nacional","description":"El Diario - Decano de la prensa nacional","publisher":{"@id":"https:\/\/www.eldiario.net\/portal\/#organization"},"potentialAction":[{"@type":"SearchAction","target":{"@type":"EntryPoint","urlTemplate":"https:\/\/www.eldiario.net\/portal\/?s={search_term_string}"},"query-input":{"@type":"PropertyValueSpecification","valueRequired":true,"valueName":"search_term_string"}}],"inLanguage":"es"},{"@type":"Organization","@id":"https:\/\/www.eldiario.net\/portal\/#organization","name":"El Diario - Decano de la prensa nacional","url":"https:\/\/www.eldiario.net\/portal\/","logo":{"@type":"ImageObject","inLanguage":"es","@id":"https:\/\/www.eldiario.net\/portal\/#\/schema\/logo\/image\/","url":"https:\/\/www.eldiario.net\/portal\/wp-content\/uploads\/2023\/07\/logo_ED.jpg","contentUrl":"https:\/\/www.eldiario.net\/portal\/wp-content\/uploads\/2023\/07\/logo_ED.jpg","width":272,"height":52,"caption":"El Diario - Decano de la prensa nacional"},"image":{"@id":"https:\/\/www.eldiario.net\/portal\/#\/schema\/logo\/image\/"},"sameAs":["https:\/\/www.facebook.com\/eldiario.bolivia\/","https:\/\/x.com\/eldiario_net"]},{"@type":"Person","@id":"https:\/\/www.eldiario.net\/portal\/#\/schema\/person\/f46445640444750d7d753ccd04ae01b7","name":"Jeanette","image":{"@type":"ImageObject","inLanguage":"es","@id":"https:\/\/secure.gravatar.com\/avatar\/3ea2118a5f7dad2b7138b1187a6b7ee55f160b9968b66013c3a3ef39dd7e5798?s=96&d=mm&r=g","url":"https:\/\/secure.gravatar.com\/avatar\/3ea2118a5f7dad2b7138b1187a6b7ee55f160b9968b66013c3a3ef39dd7e5798?s=96&d=mm&r=g","contentUrl":"https:\/\/secure.gravatar.com\/avatar\/3ea2118a5f7dad2b7138b1187a6b7ee55f160b9968b66013c3a3ef39dd7e5798?s=96&d=mm&r=g","caption":"Jeanette"},"sameAs":["https:\/\/www.eldiario.net\/portal"],"url":"https:\/\/www.eldiario.net\/portal\/author\/jeanette\/"}]}},"_links":{"self":[{"href":"https:\/\/www.eldiario.net\/portal\/wp-json\/wp\/v2\/posts\/223320","targetHints":{"allow":["GET"]}}],"collection":[{"href":"https:\/\/www.eldiario.net\/portal\/wp-json\/wp\/v2\/posts"}],"about":[{"href":"https:\/\/www.eldiario.net\/portal\/wp-json\/wp\/v2\/types\/post"}],"author":[{"embeddable":true,"href":"https:\/\/www.eldiario.net\/portal\/wp-json\/wp\/v2\/users\/1"}],"replies":[{"embeddable":true,"href":"https:\/\/www.eldiario.net\/portal\/wp-json\/wp\/v2\/comments?post=223320"}],"version-history":[{"count":1,"href":"https:\/\/www.eldiario.net\/portal\/wp-json\/wp\/v2\/posts\/223320\/revisions"}],"predecessor-version":[{"id":223322,"href":"https:\/\/www.eldiario.net\/portal\/wp-json\/wp\/v2\/posts\/223320\/revisions\/223322"}],"wp:featuredmedia":[{"embeddable":true,"href":"https:\/\/www.eldiario.net\/portal\/wp-json\/wp\/v2\/media\/223321"}],"wp:attachment":[{"href":"https:\/\/www.eldiario.net\/portal\/wp-json\/wp\/v2\/media?parent=223320"}],"wp:term":[{"taxonomy":"category","embeddable":true,"href":"https:\/\/www.eldiario.net\/portal\/wp-json\/wp\/v2\/categories?post=223320"},{"taxonomy":"post_tag","embeddable":true,"href":"https:\/\/www.eldiario.net\/portal\/wp-json\/wp\/v2\/tags?post=223320"}],"curies":[{"name":"wp","href":"https:\/\/api.w.org\/{rel}","templated":true}]}}