{"id":223309,"date":"2024-05-27T07:36:10","date_gmt":"2024-05-27T11:36:10","guid":{"rendered":"https:\/\/www.eldiario.net\/portal\/?p=223309"},"modified":"2024-05-27T07:36:10","modified_gmt":"2024-05-27T11:36:10","slug":"nuevas-directivas-en-la-cni-y-cadinpaz","status":"publish","type":"post","link":"https:\/\/www.eldiario.net\/portal\/2024\/05\/27\/nuevas-directivas-en-la-cni-y-cadinpaz\/","title":{"rendered":"Nuevas directivas en la CNI y Cadinpaz"},"content":{"rendered":"<p>Con el compromiso de trabajar para promover un entorno empresarial favorable con la integraci\u00f3n de los nueve departamentos del pa\u00eds, la inversi\u00f3n en tecnolog\u00edas limpias y las pr\u00e1cticas empresariales formales, el presidente de la C\u00e1mara Nacional de Industrias (CNI), Pablo Camacho, fue posesionado junto a su Directiva, tras haber sido reelegido por unanimidad.<br \/>\nLa ceremonia se realiz\u00f3 en los salones del Hotel Camino Real, donde tambi\u00e9n fue posesionado Gonzalo Morales, como presidente de la C\u00e1mana Departamental de Industrias de La Paz (Cadinpaz), quien fue reelgido en el cargo.<br \/>\nPablo Camacho se\u00f1al\u00f3 que entre los principales desaf\u00edos del sector est\u00e1n enfrentar la escasez de divisas debido a la ca\u00edda de las exportaciones y al incremento de las importaciones de hidrocarburos; as\u00ed como la latente carencia de gas para la producci\u00f3n y la transici\u00f3n energ\u00e9tica que debe ser encarada de una manera responsable.<br \/>\n\u201cNuestra industria tiene un papel fundamental en el desarrollo econ\u00f3mico y social de Bolivia. Somos generadores de empleo, impulsores de la innovaci\u00f3n y motores del progreso. Necesitamos consolidar las Alianzas P\u00fablicas y Privadas por el desarrollo de Bolivia en un ecosistema propicio para la iniciativa p\u00fablica y privada\u201d, destac\u00f3 el industrial.<br \/>\nPor su parte, el titular de la Cadinpaz, Gonzalo Morales, manifest\u00f3 que, entre los principales temas de la agenda en la que se trabajar\u00e1 se encuentran las gestiones ante el Servicio Nacional de Sanidad Agropecuaria e Inocuidad Alimentaria (Senasag), la infraestructura productiva de caminos y aeroportuaria, la implementaci\u00f3n de parques industriales, el impulso a la Ley de Promoci\u00f3n Econ\u00f3mica de El Alto, la salida y conexi\u00f3n estrat\u00e9gica con el sur de Per\u00fa y el Norte de Chile, y, finalmente, la consolidaci\u00f3n de la estrategia de integraci\u00f3n y desarrollo con las cuatro marchas al departamento de La Paz y la conformaci\u00f3n de un Consejo Metropolitano de Municipios.<br \/>\nAmbas directivas ejercer\u00e1n funciones durante las gestiones 2024 &#8211; 2025.<\/p>\n\r\n                <style type=\"text\/css\">\r\n                    \r\n                    #tdi_1  .td-doubleSlider-2 .td-item1 {\r\n                        background: url(https:\/\/www.eldiario.net\/portal\/wp-content\/uploads\/2024\/05\/DSC-7625-80x60.jpg) 0 0 no-repeat;\r\n                    }\r\n                    #tdi_1  .td-doubleSlider-2 .td-item2 {\r\n                        background: url(https:\/\/www.eldiario.net\/portal\/wp-content\/uploads\/2024\/05\/DSC_7621-80x60.jpg) 0 0 no-repeat;\r\n                    }\r\n                    #tdi_1  .td-doubleSlider-2 .td-item3 {\r\n                        background: url(https:\/\/www.eldiario.net\/portal\/wp-content\/uploads\/2024\/05\/DSC_8101-80x60.jpg) 0 0 no-repeat;\r\n                    }\r\n                    #tdi_1  .td-doubleSlider-2 .td-item4 {\r\n                        background: url(https:\/\/www.eldiario.net\/portal\/wp-content\/uploads\/2024\/05\/DSC_8310-80x60.jpg) 0 0 no-repeat;\r\n                    }\r\n                    #tdi_1  .td-doubleSlider-2 .td-item5 {\r\n                        background: url(https:\/\/www.eldiario.net\/portal\/wp-content\/uploads\/2024\/05\/DSC_8340-80x60.jpg) 0 0 no-repeat;\r\n                    }\r\n                    #tdi_1  .td-doubleSlider-2 .td-item6 {\r\n                        background: url(https:\/\/www.eldiario.net\/portal\/wp-content\/uploads\/2024\/05\/DSC_8489-80x60.jpg) 0 0 no-repeat;\r\n                    }\r\n                <\/style>\r\n\r\n                <div id=\"tdi_1\" class=\"td-gallery td-slide-on-2-columns\">\r\n                    <div class=\"post_td_gallery\">\r\n                        <div class=\"td-gallery-slide-top\">\r\n                           <div class=\"td-gallery-title\"><\/div>\r\n\r\n                            <div class=\"td-gallery-controls-wrapper\">\r\n                                <div class=\"td-gallery-slide-count\"><span class=\"td-gallery-slide-item-focus\">1<\/span> de 6<\/div>\r\n                                <div class=\"td-gallery-slide-prev-next-but\">\r\n                                    <i class = \"td-icon-left doubleSliderPrevButton\"><\/i>\r\n                                    <i class = \"td-icon-right doubleSliderNextButton\"><\/i>\r\n                                <\/div>\r\n                            <\/div>\r\n                        <\/div>\r\n\r\n                        <div class = \"td-doubleSlider-1 \">\r\n                            <div class = \"td-slider\">\r\n                                \r\n                    <div class = \"td-slide-item td-item1\">\r\n                        <figure class=\"td-slide-galery-figure td-slide-popup-gallery\">\r\n                            <a class=\"slide-gallery-image-link\" href=\"https:\/\/www.eldiario.net\/portal\/wp-content\/uploads\/2024\/05\/DSC-7625.jpg\" title=\"DSC-7625\"  data-caption=\" GONZALO  MORALES, PRESIDENTE DE LA  C\u00c1MARA  DEPARTAMENTAL DE  INDUSTRIAS DE LA PAZ.\"  data-description=\"\">\r\n                                <img decoding=\"async\" src=\"https:\/\/www.eldiario.net\/portal\/wp-content\/uploads\/2024\/05\/DSC-7625-621x420.jpg\" srcset=\"https:\/\/www.eldiario.net\/portal\/wp-content\/uploads\/2024\/05\/DSC-7625-621x420.jpg 621w, https:\/\/www.eldiario.net\/portal\/wp-content\/uploads\/2024\/05\/DSC-7625-300x203.jpg 300w, https:\/\/www.eldiario.net\/portal\/wp-content\/uploads\/2024\/05\/DSC-7625-1024x693.jpg 1024w, https:\/\/www.eldiario.net\/portal\/wp-content\/uploads\/2024\/05\/DSC-7625-768x520.jpg 768w, https:\/\/www.eldiario.net\/portal\/wp-content\/uploads\/2024\/05\/DSC-7625-696x471.jpg 696w, https:\/\/www.eldiario.net\/portal\/wp-content\/uploads\/2024\/05\/DSC-7625-1068x723.jpg 1068w, https:\/\/www.eldiario.net\/portal\/wp-content\/uploads\/2024\/05\/DSC-7625.jpg 1200w\" sizes=\"(max-width: 621px) 100vw, 621px\" alt=\"\">\r\n                            <\/a>\r\n                            <figcaption class = \"td-slide-caption td-gallery-slide-content\"><div class = \"td-gallery-slide-copywrite\"> GONZALO  MORALES, PRESIDENTE DE LA  C\u00c1MARA  DEPARTAMENTAL DE  INDUSTRIAS DE LA PAZ.<\/div><\/figcaption>\r\n                        <\/figure>\r\n                    <\/div>\r\n                    <div class = \"td-slide-item td-item2\">\r\n                        <figure class=\"td-slide-galery-figure td-slide-popup-gallery\">\r\n                            <a class=\"slide-gallery-image-link\" href=\"https:\/\/www.eldiario.net\/portal\/wp-content\/uploads\/2024\/05\/DSC_7621.jpg\" title=\"DSC_7621\"  data-caption=\"JOS\u00c9 LUIS ZAVALA, PABLO CAMACHO Y GONZALO MORALES.\"  data-description=\"\">\r\n                                <img decoding=\"async\" src=\"https:\/\/www.eldiario.net\/portal\/wp-content\/uploads\/2024\/05\/DSC_7621-443x420.jpg\" srcset=\"https:\/\/www.eldiario.net\/portal\/wp-content\/uploads\/2024\/05\/DSC_7621-443x420.jpg 443w, https:\/\/www.eldiario.net\/portal\/wp-content\/uploads\/2024\/05\/DSC_7621-300x284.jpg 300w, https:\/\/www.eldiario.net\/portal\/wp-content\/uploads\/2024\/05\/DSC_7621-1024x970.jpg 1024w, https:\/\/www.eldiario.net\/portal\/wp-content\/uploads\/2024\/05\/DSC_7621-768x728.jpg 768w, https:\/\/www.eldiario.net\/portal\/wp-content\/uploads\/2024\/05\/DSC_7621-696x659.jpg 696w, https:\/\/www.eldiario.net\/portal\/wp-content\/uploads\/2024\/05\/DSC_7621-1068x1012.jpg 1068w, https:\/\/www.eldiario.net\/portal\/wp-content\/uploads\/2024\/05\/DSC_7621.jpg 1200w\" sizes=\"(max-width: 443px) 100vw, 443px\" alt=\"\">\r\n                            <\/a>\r\n                            <figcaption class = \"td-slide-caption td-gallery-slide-content\"><div class = \"td-gallery-slide-copywrite\">JOS\u00c9 LUIS ZAVALA, PABLO CAMACHO Y GONZALO MORALES.<\/div><\/figcaption>\r\n                        <\/figure>\r\n                    <\/div>\r\n                    <div class = \"td-slide-item td-item3\">\r\n                        <figure class=\"td-slide-galery-figure td-slide-popup-gallery\">\r\n                            <a class=\"slide-gallery-image-link\" href=\"https:\/\/www.eldiario.net\/portal\/wp-content\/uploads\/2024\/05\/DSC_8101.jpg\" title=\"DSC_8101\"  data-caption=\"DIRECTIVA CADINPAZ: HORACIO VERA LOZA (TERCER VOCAL), MAR\u00cdA REN\u00c9 CENTELLAS (2DA. VICEPRESIDENTA), ELIANA ARTEAGA (SEGUNDA VOCAL), GONZALO MORALES (PRESIDENTE), ANTONIO LAZO (PRIMER VOCAL), JOS\u00c9 EDUARDO IRIARTE (PRIMER VICEPRESIDENTE).\"  data-description=\"\">\r\n                                <img decoding=\"async\" src=\"https:\/\/www.eldiario.net\/portal\/wp-content\/uploads\/2024\/05\/DSC_8101-612x420.jpg\" srcset=\"https:\/\/www.eldiario.net\/portal\/wp-content\/uploads\/2024\/05\/DSC_8101-612x420.jpg 612w, https:\/\/www.eldiario.net\/portal\/wp-content\/uploads\/2024\/05\/DSC_8101-300x206.jpg 300w, https:\/\/www.eldiario.net\/portal\/wp-content\/uploads\/2024\/05\/DSC_8101-1024x702.jpg 1024w, https:\/\/www.eldiario.net\/portal\/wp-content\/uploads\/2024\/05\/DSC_8101-768x527.jpg 768w, https:\/\/www.eldiario.net\/portal\/wp-content\/uploads\/2024\/05\/DSC_8101-218x150.jpg 218w, https:\/\/www.eldiario.net\/portal\/wp-content\/uploads\/2024\/05\/DSC_8101-696x477.jpg 696w, https:\/\/www.eldiario.net\/portal\/wp-content\/uploads\/2024\/05\/DSC_8101-1068x732.jpg 1068w, https:\/\/www.eldiario.net\/portal\/wp-content\/uploads\/2024\/05\/DSC_8101.jpg 1200w\" sizes=\"(max-width: 612px) 100vw, 612px\" alt=\"\">\r\n                            <\/a>\r\n                            <figcaption class = \"td-slide-caption td-gallery-slide-content\"><div class = \"td-gallery-slide-copywrite\">DIRECTIVA CADINPAZ: HORACIO VERA LOZA (TERCER VOCAL), MAR\u00cdA REN\u00c9 CENTELLAS (2DA. VICEPRESIDENTA), ELIANA ARTEAGA (SEGUNDA VOCAL), GONZALO MORALES (PRESIDENTE), ANTONIO LAZO (PRIMER VOCAL), JOS\u00c9 EDUARDO IRIARTE (PRIMER VICEPRESIDENTE).<\/div><\/figcaption>\r\n                        <\/figure>\r\n                    <\/div>\r\n                    <div class = \"td-slide-item td-item4\">\r\n                        <figure class=\"td-slide-galery-figure td-slide-popup-gallery\">\r\n                            <a class=\"slide-gallery-image-link\" href=\"https:\/\/www.eldiario.net\/portal\/wp-content\/uploads\/2024\/05\/DSC_8310.jpg\" title=\"DSC_8310\"  data-caption=\" EDGAR MALDONADO (VOCAL SUPLENTE), ANTONIO CHACIN (TERCER VOCAL), LUIS LUGONES (PRIMER VOCAL), PABLO CAMACHO (PRESIDENTE), GONZALO MORALES (PRIMER  VICEPRESIDENTE), CYNTHIA VALENCIA (SEGUNDA VOCAL), WILDO DOLZ (SEGUNDO  VICEPRESIDENTE).\"  data-description=\"\">\r\n                                <img decoding=\"async\" src=\"https:\/\/www.eldiario.net\/portal\/wp-content\/uploads\/2024\/05\/DSC_8310-668x420.jpg\" srcset=\"https:\/\/www.eldiario.net\/portal\/wp-content\/uploads\/2024\/05\/DSC_8310-668x420.jpg 668w, https:\/\/www.eldiario.net\/portal\/wp-content\/uploads\/2024\/05\/DSC_8310-300x189.jpg 300w, https:\/\/www.eldiario.net\/portal\/wp-content\/uploads\/2024\/05\/DSC_8310-1024x643.jpg 1024w, https:\/\/www.eldiario.net\/portal\/wp-content\/uploads\/2024\/05\/DSC_8310-768x483.jpg 768w, https:\/\/www.eldiario.net\/portal\/wp-content\/uploads\/2024\/05\/DSC_8310-696x437.jpg 696w, https:\/\/www.eldiario.net\/portal\/wp-content\/uploads\/2024\/05\/DSC_8310-1068x671.jpg 1068w, https:\/\/www.eldiario.net\/portal\/wp-content\/uploads\/2024\/05\/DSC_8310.jpg 1200w\" sizes=\"(max-width: 668px) 100vw, 668px\" alt=\"\">\r\n                            <\/a>\r\n                            <figcaption class = \"td-slide-caption td-gallery-slide-content\"><div class = \"td-gallery-slide-copywrite\"> EDGAR MALDONADO (VOCAL SUPLENTE), ANTONIO CHACIN (TERCER VOCAL), LUIS LUGONES (PRIMER VOCAL), PABLO CAMACHO (PRESIDENTE), GONZALO MORALES (PRIMER  VICEPRESIDENTE), CYNTHIA VALENCIA (SEGUNDA VOCAL), WILDO DOLZ (SEGUNDO  VICEPRESIDENTE).<\/div><\/figcaption>\r\n                        <\/figure>\r\n                    <\/div>\r\n                    <div class = \"td-slide-item td-item5\">\r\n                        <figure class=\"td-slide-galery-figure td-slide-popup-gallery\">\r\n                            <a class=\"slide-gallery-image-link\" href=\"https:\/\/www.eldiario.net\/portal\/wp-content\/uploads\/2024\/05\/DSC_8340.jpg\" title=\"DSC_8340\"  data-caption=\"PABLO  CAMACHO, PARESIDENTE DE LA CNI.\"  data-description=\"\">\r\n                                <img decoding=\"async\" src=\"https:\/\/www.eldiario.net\/portal\/wp-content\/uploads\/2024\/05\/DSC_8340-563x420.jpg\" srcset=\"https:\/\/www.eldiario.net\/portal\/wp-content\/uploads\/2024\/05\/DSC_8340-563x420.jpg 563w, https:\/\/www.eldiario.net\/portal\/wp-content\/uploads\/2024\/05\/DSC_8340-300x224.jpg 300w, https:\/\/www.eldiario.net\/portal\/wp-content\/uploads\/2024\/05\/DSC_8340-1024x765.jpg 1024w, https:\/\/www.eldiario.net\/portal\/wp-content\/uploads\/2024\/05\/DSC_8340-768x573.jpg 768w, https:\/\/www.eldiario.net\/portal\/wp-content\/uploads\/2024\/05\/DSC_8340-80x60.jpg 80w, https:\/\/www.eldiario.net\/portal\/wp-content\/uploads\/2024\/05\/DSC_8340-696x520.jpg 696w, https:\/\/www.eldiario.net\/portal\/wp-content\/uploads\/2024\/05\/DSC_8340-1068x797.jpg 1068w, https:\/\/www.eldiario.net\/portal\/wp-content\/uploads\/2024\/05\/DSC_8340.jpg 1200w\" sizes=\"(max-width: 563px) 100vw, 563px\" alt=\"\">\r\n                            <\/a>\r\n                            <figcaption class = \"td-slide-caption td-gallery-slide-content\"><div class = \"td-gallery-slide-copywrite\">PABLO  CAMACHO, PARESIDENTE DE LA CNI.<\/div><\/figcaption>\r\n                        <\/figure>\r\n                    <\/div>\r\n                    <div class = \"td-slide-item td-item6\">\r\n                        <figure class=\"td-slide-galery-figure td-slide-popup-gallery\">\r\n                            <a class=\"slide-gallery-image-link\" href=\"https:\/\/www.eldiario.net\/portal\/wp-content\/uploads\/2024\/05\/DSC_8489.jpg\" title=\"DSC_8489\"  data-caption=\"BRINDIS POR EL \u00c9XITO EN LAS GESTIONES DE LA CNI Y CADINPAZ.\"  data-description=\"\">\r\n                                <img decoding=\"async\" src=\"https:\/\/www.eldiario.net\/portal\/wp-content\/uploads\/2024\/05\/DSC_8489-652x420.jpg\" srcset=\"https:\/\/www.eldiario.net\/portal\/wp-content\/uploads\/2024\/05\/DSC_8489-652x420.jpg 652w, https:\/\/www.eldiario.net\/portal\/wp-content\/uploads\/2024\/05\/DSC_8489-300x193.jpg 300w, https:\/\/www.eldiario.net\/portal\/wp-content\/uploads\/2024\/05\/DSC_8489-1024x660.jpg 1024w, https:\/\/www.eldiario.net\/portal\/wp-content\/uploads\/2024\/05\/DSC_8489-768x495.jpg 768w, https:\/\/www.eldiario.net\/portal\/wp-content\/uploads\/2024\/05\/DSC_8489-696x448.jpg 696w, https:\/\/www.eldiario.net\/portal\/wp-content\/uploads\/2024\/05\/DSC_8489-1068x688.jpg 1068w, https:\/\/www.eldiario.net\/portal\/wp-content\/uploads\/2024\/05\/DSC_8489.jpg 1200w\" sizes=\"(max-width: 652px) 100vw, 652px\" alt=\"\">\r\n                            <\/a>\r\n                            <figcaption class = \"td-slide-caption td-gallery-slide-content\"><div class = \"td-gallery-slide-copywrite\">BRINDIS POR EL \u00c9XITO EN LAS GESTIONES DE LA CNI Y CADINPAZ.<\/div><\/figcaption>\r\n                        <\/figure>\r\n                    <\/div>\r\n                            <\/div>\r\n                        <\/div>\r\n\r\n                        <div class = \"td-doubleSlider-2\">\r\n                            <div class = \"td-slider\">\r\n                                \r\n                    <div class = \"td-button td-item1\">\r\n                        <div class = \"td-border\"><\/div>\r\n                    <\/div>\r\n                    <div class = \"td-button td-item2\">\r\n                        <div class = \"td-border\"><\/div>\r\n                    <\/div>\r\n                    <div class = \"td-button td-item3\">\r\n                        <div class = \"td-border\"><\/div>\r\n                    <\/div>\r\n                    <div class = \"td-button td-item4\">\r\n                        <div class = \"td-border\"><\/div>\r\n                    <\/div>\r\n                    <div class = \"td-button td-item5\">\r\n                        <div class = \"td-border\"><\/div>\r\n                    <\/div>\r\n                    <div class = \"td-button td-item6\">\r\n                        <div class = \"td-border\"><\/div>\r\n                    <\/div>\r\n                            <\/div>\r\n                        <\/div>\r\n\r\n                    <\/div>\r\n\r\n                <\/div>\r\n                \n","protected":false},"excerpt":{"rendered":"<p>Con el compromiso de trabajar para promover un entorno empresarial favorable con la integraci\u00f3n de los nueve departamentos del pa\u00eds, la inversi\u00f3n en tecnolog\u00edas limpias y las pr\u00e1cticas empresariales formales, el presidente de la C\u00e1mara Nacional de Industrias (CNI), Pablo Camacho, fue posesionado junto a su Directiva, tras haber sido reelegido por unanimidad. La ceremonia [&hellip;]<\/p>\n","protected":false},"author":1,"featured_media":223313,"comment_status":"open","ping_status":"open","sticky":false,"template":"","format":"standard","meta":{"_acf_changed":false,"footnotes":""},"categories":[40],"tags":[],"class_list":["post-223309","post","type-post","status-publish","format-standard","has-post-thumbnail","category-sociales"],"acf":{"antetitulo":""},"yoast_head":"<!-- This site is optimized with the Yoast SEO plugin v28.3 - https:\/\/yoast.com\/product\/yoast-seo-wordpress\/ -->\n<title>Nuevas directivas en la CNI y Cadinpaz - El Diario - Bolivia<\/title>\n<meta name=\"robots\" content=\"index, follow, max-snippet:-1, max-image-preview:large, max-video-preview:-1\" \/>\n<link rel=\"canonical\" href=\"https:\/\/www.eldiario.net\/portal\/2024\/05\/27\/nuevas-directivas-en-la-cni-y-cadinpaz\/\" \/>\n<meta property=\"og:locale\" content=\"es_ES\" \/>\n<meta property=\"og:type\" content=\"article\" \/>\n<meta property=\"og:title\" content=\"Nuevas directivas en la CNI y Cadinpaz - El Diario - Bolivia\" \/>\n<meta property=\"og:description\" content=\"Con el compromiso de trabajar para promover un entorno empresarial favorable con la integraci\u00f3n de los nueve departamentos del pa\u00eds, la inversi\u00f3n en tecnolog\u00edas limpias y las pr\u00e1cticas empresariales formales, el presidente de la C\u00e1mara Nacional de Industrias (CNI), Pablo Camacho, fue posesionado junto a su Directiva, tras haber sido reelegido por unanimidad. La ceremonia [&hellip;]\" \/>\n<meta property=\"og:url\" content=\"https:\/\/www.eldiario.net\/portal\/2024\/05\/27\/nuevas-directivas-en-la-cni-y-cadinpaz\/\" \/>\n<meta property=\"og:site_name\" content=\"El Diario - Bolivia\" \/>\n<meta property=\"article:publisher\" content=\"https:\/\/www.facebook.com\/eldiario.bolivia\/\" \/>\n<meta property=\"article:published_time\" content=\"2024-05-27T11:36:10+00:00\" \/>\n<meta property=\"og:image\" content=\"https:\/\/www.eldiario.net\/portal\/wp-content\/uploads\/2024\/05\/DSC_8310.jpg\" \/>\n\t<meta property=\"og:image:width\" content=\"1200\" \/>\n\t<meta property=\"og:image:height\" content=\"754\" \/>\n\t<meta property=\"og:image:type\" content=\"image\/jpeg\" \/>\n<meta name=\"author\" content=\"Jeanette\" \/>\n<meta name=\"twitter:card\" content=\"summary_large_image\" \/>\n<meta name=\"twitter:creator\" content=\"@eldiario_net\" \/>\n<meta name=\"twitter:site\" content=\"@eldiario_net\" \/>\n<meta name=\"twitter:label1\" content=\"Escrito por\" \/>\n\t<meta name=\"twitter:data1\" content=\"Jeanette\" \/>\n\t<meta name=\"twitter:label2\" content=\"Tiempo de lectura\" \/>\n\t<meta name=\"twitter:data2\" content=\"2 minutos\" \/>\n<script type=\"application\/ld+json\" class=\"yoast-schema-graph\">{\"@context\":\"https:\\\/\\\/schema.org\",\"@graph\":[{\"@type\":\"Article\",\"@id\":\"https:\\\/\\\/www.eldiario.net\\\/portal\\\/2024\\\/05\\\/27\\\/nuevas-directivas-en-la-cni-y-cadinpaz\\\/#article\",\"isPartOf\":{\"@id\":\"https:\\\/\\\/www.eldiario.net\\\/portal\\\/2024\\\/05\\\/27\\\/nuevas-directivas-en-la-cni-y-cadinpaz\\\/\"},\"author\":{\"name\":\"Jeanette\",\"@id\":\"https:\\\/\\\/www.eldiario.net\\\/portal\\\/#\\\/schema\\\/person\\\/f46445640444750d7d753ccd04ae01b7\"},\"headline\":\"Nuevas directivas en la CNI y Cadinpaz\",\"datePublished\":\"2024-05-27T11:36:10+00:00\",\"mainEntityOfPage\":{\"@id\":\"https:\\\/\\\/www.eldiario.net\\\/portal\\\/2024\\\/05\\\/27\\\/nuevas-directivas-en-la-cni-y-cadinpaz\\\/\"},\"wordCount\":350,\"commentCount\":0,\"publisher\":{\"@id\":\"https:\\\/\\\/www.eldiario.net\\\/portal\\\/#organization\"},\"image\":{\"@id\":\"https:\\\/\\\/www.eldiario.net\\\/portal\\\/2024\\\/05\\\/27\\\/nuevas-directivas-en-la-cni-y-cadinpaz\\\/#primaryimage\"},\"thumbnailUrl\":\"https:\\\/\\\/www.eldiario.net\\\/portal\\\/wp-content\\\/uploads\\\/2024\\\/05\\\/DSC_8310.jpg\",\"articleSection\":[\"Sociales\"],\"inLanguage\":\"es\",\"potentialAction\":[{\"@type\":\"CommentAction\",\"name\":\"Comment\",\"target\":[\"https:\\\/\\\/www.eldiario.net\\\/portal\\\/2024\\\/05\\\/27\\\/nuevas-directivas-en-la-cni-y-cadinpaz\\\/#respond\"]}]},{\"@type\":\"WebPage\",\"@id\":\"https:\\\/\\\/www.eldiario.net\\\/portal\\\/2024\\\/05\\\/27\\\/nuevas-directivas-en-la-cni-y-cadinpaz\\\/\",\"url\":\"https:\\\/\\\/www.eldiario.net\\\/portal\\\/2024\\\/05\\\/27\\\/nuevas-directivas-en-la-cni-y-cadinpaz\\\/\",\"name\":\"Nuevas directivas en la CNI y Cadinpaz - El Diario - Bolivia\",\"isPartOf\":{\"@id\":\"https:\\\/\\\/www.eldiario.net\\\/portal\\\/#website\"},\"primaryImageOfPage\":{\"@id\":\"https:\\\/\\\/www.eldiario.net\\\/portal\\\/2024\\\/05\\\/27\\\/nuevas-directivas-en-la-cni-y-cadinpaz\\\/#primaryimage\"},\"image\":{\"@id\":\"https:\\\/\\\/www.eldiario.net\\\/portal\\\/2024\\\/05\\\/27\\\/nuevas-directivas-en-la-cni-y-cadinpaz\\\/#primaryimage\"},\"thumbnailUrl\":\"https:\\\/\\\/www.eldiario.net\\\/portal\\\/wp-content\\\/uploads\\\/2024\\\/05\\\/DSC_8310.jpg\",\"datePublished\":\"2024-05-27T11:36:10+00:00\",\"breadcrumb\":{\"@id\":\"https:\\\/\\\/www.eldiario.net\\\/portal\\\/2024\\\/05\\\/27\\\/nuevas-directivas-en-la-cni-y-cadinpaz\\\/#breadcrumb\"},\"inLanguage\":\"es\",\"potentialAction\":[{\"@type\":\"ReadAction\",\"target\":[\"https:\\\/\\\/www.eldiario.net\\\/portal\\\/2024\\\/05\\\/27\\\/nuevas-directivas-en-la-cni-y-cadinpaz\\\/\"]}]},{\"@type\":\"ImageObject\",\"inLanguage\":\"es\",\"@id\":\"https:\\\/\\\/www.eldiario.net\\\/portal\\\/2024\\\/05\\\/27\\\/nuevas-directivas-en-la-cni-y-cadinpaz\\\/#primaryimage\",\"url\":\"https:\\\/\\\/www.eldiario.net\\\/portal\\\/wp-content\\\/uploads\\\/2024\\\/05\\\/DSC_8310.jpg\",\"contentUrl\":\"https:\\\/\\\/www.eldiario.net\\\/portal\\\/wp-content\\\/uploads\\\/2024\\\/05\\\/DSC_8310.jpg\",\"width\":1200,\"height\":754,\"caption\":\"EDGAR MALDONADO (VOCAL SUPLENTE), ANTONIO CHACIN (TERCER VOCAL), LUIS LUGONES (PRIMER VOCAL), PABLO CAMACHO (PRESIDENTE), GONZALO MORALES (PRIMER VICEPRESIDENTE), CYNTHIA VALENCIA (SEGUNDA VOCAL), WILDO DOLZ (SEGUNDO VICEPRESIDENTE).\"},{\"@type\":\"BreadcrumbList\",\"@id\":\"https:\\\/\\\/www.eldiario.net\\\/portal\\\/2024\\\/05\\\/27\\\/nuevas-directivas-en-la-cni-y-cadinpaz\\\/#breadcrumb\",\"itemListElement\":[{\"@type\":\"ListItem\",\"position\":1,\"name\":\"Portada\",\"item\":\"https:\\\/\\\/www.eldiario.net\\\/portal\\\/\"},{\"@type\":\"ListItem\",\"position\":2,\"name\":\"Nuevas directivas en la CNI y Cadinpaz\"}]},{\"@type\":\"WebSite\",\"@id\":\"https:\\\/\\\/www.eldiario.net\\\/portal\\\/#website\",\"url\":\"https:\\\/\\\/www.eldiario.net\\\/portal\\\/\",\"name\":\"El Diario - Decano de la prensa nacional\",\"description\":\"El Diario - Decano de la prensa nacional\",\"publisher\":{\"@id\":\"https:\\\/\\\/www.eldiario.net\\\/portal\\\/#organization\"},\"potentialAction\":[{\"@type\":\"SearchAction\",\"target\":{\"@type\":\"EntryPoint\",\"urlTemplate\":\"https:\\\/\\\/www.eldiario.net\\\/portal\\\/?s={search_term_string}\"},\"query-input\":{\"@type\":\"PropertyValueSpecification\",\"valueRequired\":true,\"valueName\":\"search_term_string\"}}],\"inLanguage\":\"es\"},{\"@type\":\"Organization\",\"@id\":\"https:\\\/\\\/www.eldiario.net\\\/portal\\\/#organization\",\"name\":\"El Diario - Decano de la prensa nacional\",\"url\":\"https:\\\/\\\/www.eldiario.net\\\/portal\\\/\",\"logo\":{\"@type\":\"ImageObject\",\"inLanguage\":\"es\",\"@id\":\"https:\\\/\\\/www.eldiario.net\\\/portal\\\/#\\\/schema\\\/logo\\\/image\\\/\",\"url\":\"https:\\\/\\\/www.eldiario.net\\\/portal\\\/wp-content\\\/uploads\\\/2023\\\/07\\\/logo_ED.jpg\",\"contentUrl\":\"https:\\\/\\\/www.eldiario.net\\\/portal\\\/wp-content\\\/uploads\\\/2023\\\/07\\\/logo_ED.jpg\",\"width\":272,\"height\":52,\"caption\":\"El Diario - Decano de la prensa nacional\"},\"image\":{\"@id\":\"https:\\\/\\\/www.eldiario.net\\\/portal\\\/#\\\/schema\\\/logo\\\/image\\\/\"},\"sameAs\":[\"https:\\\/\\\/www.facebook.com\\\/eldiario.bolivia\\\/\",\"https:\\\/\\\/x.com\\\/eldiario_net\"]},{\"@type\":\"Person\",\"@id\":\"https:\\\/\\\/www.eldiario.net\\\/portal\\\/#\\\/schema\\\/person\\\/f46445640444750d7d753ccd04ae01b7\",\"name\":\"Jeanette\",\"image\":{\"@type\":\"ImageObject\",\"inLanguage\":\"es\",\"@id\":\"https:\\\/\\\/secure.gravatar.com\\\/avatar\\\/3ea2118a5f7dad2b7138b1187a6b7ee55f160b9968b66013c3a3ef39dd7e5798?s=96&d=mm&r=g\",\"url\":\"https:\\\/\\\/secure.gravatar.com\\\/avatar\\\/3ea2118a5f7dad2b7138b1187a6b7ee55f160b9968b66013c3a3ef39dd7e5798?s=96&d=mm&r=g\",\"contentUrl\":\"https:\\\/\\\/secure.gravatar.com\\\/avatar\\\/3ea2118a5f7dad2b7138b1187a6b7ee55f160b9968b66013c3a3ef39dd7e5798?s=96&d=mm&r=g\",\"caption\":\"Jeanette\"},\"sameAs\":[\"https:\\\/\\\/www.eldiario.net\\\/portal\"],\"url\":\"https:\\\/\\\/www.eldiario.net\\\/portal\\\/author\\\/jeanette\\\/\"}]}<\/script>\n<!-- \/ Yoast SEO plugin. -->","yoast_head_json":{"title":"Nuevas directivas en la CNI y Cadinpaz - El Diario - Bolivia","robots":{"index":"index","follow":"follow","max-snippet":"max-snippet:-1","max-image-preview":"max-image-preview:large","max-video-preview":"max-video-preview:-1"},"canonical":"https:\/\/www.eldiario.net\/portal\/2024\/05\/27\/nuevas-directivas-en-la-cni-y-cadinpaz\/","og_locale":"es_ES","og_type":"article","og_title":"Nuevas directivas en la CNI y Cadinpaz - El Diario - Bolivia","og_description":"Con el compromiso de trabajar para promover un entorno empresarial favorable con la integraci\u00f3n de los nueve departamentos del pa\u00eds, la inversi\u00f3n en tecnolog\u00edas limpias y las pr\u00e1cticas empresariales formales, el presidente de la C\u00e1mara Nacional de Industrias (CNI), Pablo Camacho, fue posesionado junto a su Directiva, tras haber sido reelegido por unanimidad. La ceremonia [&hellip;]","og_url":"https:\/\/www.eldiario.net\/portal\/2024\/05\/27\/nuevas-directivas-en-la-cni-y-cadinpaz\/","og_site_name":"El Diario - Bolivia","article_publisher":"https:\/\/www.facebook.com\/eldiario.bolivia\/","article_published_time":"2024-05-27T11:36:10+00:00","og_image":[{"width":1200,"height":754,"url":"https:\/\/www.eldiario.net\/portal\/wp-content\/uploads\/2024\/05\/DSC_8310.jpg","type":"image\/jpeg"}],"author":"Jeanette","twitter_card":"summary_large_image","twitter_creator":"@eldiario_net","twitter_site":"@eldiario_net","twitter_misc":{"Escrito por":"Jeanette","Tiempo de lectura":"2 minutos"},"schema":{"@context":"https:\/\/schema.org","@graph":[{"@type":"Article","@id":"https:\/\/www.eldiario.net\/portal\/2024\/05\/27\/nuevas-directivas-en-la-cni-y-cadinpaz\/#article","isPartOf":{"@id":"https:\/\/www.eldiario.net\/portal\/2024\/05\/27\/nuevas-directivas-en-la-cni-y-cadinpaz\/"},"author":{"name":"Jeanette","@id":"https:\/\/www.eldiario.net\/portal\/#\/schema\/person\/f46445640444750d7d753ccd04ae01b7"},"headline":"Nuevas directivas en la CNI y Cadinpaz","datePublished":"2024-05-27T11:36:10+00:00","mainEntityOfPage":{"@id":"https:\/\/www.eldiario.net\/portal\/2024\/05\/27\/nuevas-directivas-en-la-cni-y-cadinpaz\/"},"wordCount":350,"commentCount":0,"publisher":{"@id":"https:\/\/www.eldiario.net\/portal\/#organization"},"image":{"@id":"https:\/\/www.eldiario.net\/portal\/2024\/05\/27\/nuevas-directivas-en-la-cni-y-cadinpaz\/#primaryimage"},"thumbnailUrl":"https:\/\/www.eldiario.net\/portal\/wp-content\/uploads\/2024\/05\/DSC_8310.jpg","articleSection":["Sociales"],"inLanguage":"es","potentialAction":[{"@type":"CommentAction","name":"Comment","target":["https:\/\/www.eldiario.net\/portal\/2024\/05\/27\/nuevas-directivas-en-la-cni-y-cadinpaz\/#respond"]}]},{"@type":"WebPage","@id":"https:\/\/www.eldiario.net\/portal\/2024\/05\/27\/nuevas-directivas-en-la-cni-y-cadinpaz\/","url":"https:\/\/www.eldiario.net\/portal\/2024\/05\/27\/nuevas-directivas-en-la-cni-y-cadinpaz\/","name":"Nuevas directivas en la CNI y Cadinpaz - El Diario - Bolivia","isPartOf":{"@id":"https:\/\/www.eldiario.net\/portal\/#website"},"primaryImageOfPage":{"@id":"https:\/\/www.eldiario.net\/portal\/2024\/05\/27\/nuevas-directivas-en-la-cni-y-cadinpaz\/#primaryimage"},"image":{"@id":"https:\/\/www.eldiario.net\/portal\/2024\/05\/27\/nuevas-directivas-en-la-cni-y-cadinpaz\/#primaryimage"},"thumbnailUrl":"https:\/\/www.eldiario.net\/portal\/wp-content\/uploads\/2024\/05\/DSC_8310.jpg","datePublished":"2024-05-27T11:36:10+00:00","breadcrumb":{"@id":"https:\/\/www.eldiario.net\/portal\/2024\/05\/27\/nuevas-directivas-en-la-cni-y-cadinpaz\/#breadcrumb"},"inLanguage":"es","potentialAction":[{"@type":"ReadAction","target":["https:\/\/www.eldiario.net\/portal\/2024\/05\/27\/nuevas-directivas-en-la-cni-y-cadinpaz\/"]}]},{"@type":"ImageObject","inLanguage":"es","@id":"https:\/\/www.eldiario.net\/portal\/2024\/05\/27\/nuevas-directivas-en-la-cni-y-cadinpaz\/#primaryimage","url":"https:\/\/www.eldiario.net\/portal\/wp-content\/uploads\/2024\/05\/DSC_8310.jpg","contentUrl":"https:\/\/www.eldiario.net\/portal\/wp-content\/uploads\/2024\/05\/DSC_8310.jpg","width":1200,"height":754,"caption":"EDGAR MALDONADO (VOCAL SUPLENTE), ANTONIO CHACIN (TERCER VOCAL), LUIS LUGONES (PRIMER VOCAL), PABLO CAMACHO (PRESIDENTE), GONZALO MORALES (PRIMER VICEPRESIDENTE), CYNTHIA VALENCIA (SEGUNDA VOCAL), WILDO DOLZ (SEGUNDO VICEPRESIDENTE)."},{"@type":"BreadcrumbList","@id":"https:\/\/www.eldiario.net\/portal\/2024\/05\/27\/nuevas-directivas-en-la-cni-y-cadinpaz\/#breadcrumb","itemListElement":[{"@type":"ListItem","position":1,"name":"Portada","item":"https:\/\/www.eldiario.net\/portal\/"},{"@type":"ListItem","position":2,"name":"Nuevas directivas en la CNI y Cadinpaz"}]},{"@type":"WebSite","@id":"https:\/\/www.eldiario.net\/portal\/#website","url":"https:\/\/www.eldiario.net\/portal\/","name":"El Diario - Decano de la prensa nacional","description":"El Diario - Decano de la prensa nacional","publisher":{"@id":"https:\/\/www.eldiario.net\/portal\/#organization"},"potentialAction":[{"@type":"SearchAction","target":{"@type":"EntryPoint","urlTemplate":"https:\/\/www.eldiario.net\/portal\/?s={search_term_string}"},"query-input":{"@type":"PropertyValueSpecification","valueRequired":true,"valueName":"search_term_string"}}],"inLanguage":"es"},{"@type":"Organization","@id":"https:\/\/www.eldiario.net\/portal\/#organization","name":"El Diario - Decano de la prensa nacional","url":"https:\/\/www.eldiario.net\/portal\/","logo":{"@type":"ImageObject","inLanguage":"es","@id":"https:\/\/www.eldiario.net\/portal\/#\/schema\/logo\/image\/","url":"https:\/\/www.eldiario.net\/portal\/wp-content\/uploads\/2023\/07\/logo_ED.jpg","contentUrl":"https:\/\/www.eldiario.net\/portal\/wp-content\/uploads\/2023\/07\/logo_ED.jpg","width":272,"height":52,"caption":"El Diario - Decano de la prensa nacional"},"image":{"@id":"https:\/\/www.eldiario.net\/portal\/#\/schema\/logo\/image\/"},"sameAs":["https:\/\/www.facebook.com\/eldiario.bolivia\/","https:\/\/x.com\/eldiario_net"]},{"@type":"Person","@id":"https:\/\/www.eldiario.net\/portal\/#\/schema\/person\/f46445640444750d7d753ccd04ae01b7","name":"Jeanette","image":{"@type":"ImageObject","inLanguage":"es","@id":"https:\/\/secure.gravatar.com\/avatar\/3ea2118a5f7dad2b7138b1187a6b7ee55f160b9968b66013c3a3ef39dd7e5798?s=96&d=mm&r=g","url":"https:\/\/secure.gravatar.com\/avatar\/3ea2118a5f7dad2b7138b1187a6b7ee55f160b9968b66013c3a3ef39dd7e5798?s=96&d=mm&r=g","contentUrl":"https:\/\/secure.gravatar.com\/avatar\/3ea2118a5f7dad2b7138b1187a6b7ee55f160b9968b66013c3a3ef39dd7e5798?s=96&d=mm&r=g","caption":"Jeanette"},"sameAs":["https:\/\/www.eldiario.net\/portal"],"url":"https:\/\/www.eldiario.net\/portal\/author\/jeanette\/"}]}},"_links":{"self":[{"href":"https:\/\/www.eldiario.net\/portal\/wp-json\/wp\/v2\/posts\/223309","targetHints":{"allow":["GET"]}}],"collection":[{"href":"https:\/\/www.eldiario.net\/portal\/wp-json\/wp\/v2\/posts"}],"about":[{"href":"https:\/\/www.eldiario.net\/portal\/wp-json\/wp\/v2\/types\/post"}],"author":[{"embeddable":true,"href":"https:\/\/www.eldiario.net\/portal\/wp-json\/wp\/v2\/users\/1"}],"replies":[{"embeddable":true,"href":"https:\/\/www.eldiario.net\/portal\/wp-json\/wp\/v2\/comments?post=223309"}],"version-history":[{"count":1,"href":"https:\/\/www.eldiario.net\/portal\/wp-json\/wp\/v2\/posts\/223309\/revisions"}],"predecessor-version":[{"id":223316,"href":"https:\/\/www.eldiario.net\/portal\/wp-json\/wp\/v2\/posts\/223309\/revisions\/223316"}],"wp:featuredmedia":[{"embeddable":true,"href":"https:\/\/www.eldiario.net\/portal\/wp-json\/wp\/v2\/media\/223313"}],"wp:attachment":[{"href":"https:\/\/www.eldiario.net\/portal\/wp-json\/wp\/v2\/media?parent=223309"}],"wp:term":[{"taxonomy":"category","embeddable":true,"href":"https:\/\/www.eldiario.net\/portal\/wp-json\/wp\/v2\/categories?post=223309"},{"taxonomy":"post_tag","embeddable":true,"href":"https:\/\/www.eldiario.net\/portal\/wp-json\/wp\/v2\/tags?post=223309"}],"curies":[{"name":"wp","href":"https:\/\/api.w.org\/{rel}","templated":true}]}}