{"id":223293,"date":"2024-05-27T07:30:15","date_gmt":"2024-05-27T11:30:15","guid":{"rendered":"https:\/\/www.eldiario.net\/portal\/?p=223293"},"modified":"2024-05-27T07:30:15","modified_gmt":"2024-05-27T11:30:15","slug":"me-averguenzan-tus-polleras-2-la-historia-se-repite-ahora-en-el-teatro-municipal","status":"publish","type":"post","link":"https:\/\/www.eldiario.net\/portal\/2024\/05\/27\/me-averguenzan-tus-polleras-2-la-historia-se-repite-ahora-en-el-teatro-municipal\/","title":{"rendered":"\u201cMe averg\u00fcenzan tus polleras 2, La historia  se repite\u201d ahora en el Teatro Municipal"},"content":{"rendered":"<p>Luego de su exitoso estreno, la obra \u201cMe averg\u00fcenzan tus polleras 2, La historia se repite\u201d ser\u00e1 presentada ahora en el Teatro Municipal \u201cAlberto Saavedra P\u00e9rez\u201d el 30 y 31 de mayo y el 1 y 2 de junio, los cuatro d\u00edas a las 19:00 horas. Las entradas ya est\u00e1n a la venta por S\u00faper Ticket y en boleter\u00edas del mismo teatro.<\/p>\n<p>La obra fue escrita por Juan Barrera Guti\u00e9rrez, autor tambi\u00e9n de la primera parte de \u201cMe averg\u00fcenzan tus polleras\u201d, un cl\u00e1sico del teatro nacional. Barrera es adem\u00e1s director de la puesta en escena a cargo del elenco de Tal\u00eda Producciones que dirige el experimentado Daniel Gonzales, quien hoy nos brinda m\u00e1s detalles acerca de la nueva temporada de \u201c\u201cMe averg\u00fcenzan tus polleras 2\u201d en el hist\u00f3rico escenario teatral de la ciudad de La Paz.<\/p>\n<p><strong>LG: \u00bfQu\u00e9 balance te dej\u00f3 hasta el momento el estreno de la obra<\/strong> <strong>\u201cMe averg\u00fcenzan tus polleras 2, La historia se repite\u201d?<\/strong><\/p>\n<p>D: En primer lugar (estoy) muy alegre porque una vez m\u00e1s me doy cuenta de que el teatro boliviano vive, pese a la gran fuerza de las redes sociales, donde la gente encuentra entretenimiento a cada segundo. Me doy cuenta que el espect\u00e1culo en vivo es el favorito del p\u00fablico. Somos pocos los elencos que a\u00fan mantenemos vivo este estilo teatral, \u00e9ste que tiene esencia nuestra, que refleja nuestras vivencias, alegr\u00edas y tristezas. Hicimos hasta ahora 5 funciones, las 5 con teatro lleno y 2 para estudiantes, de igual manera con taquilla repleta. Entonces el saber que no solamente estamos llegando al p\u00fablico grande, sino tambi\u00e9n a las nuevas generaciones, me llena de esperanza en cuanto a que nuestro teatro tiene a\u00fan mucho para contar. Los j\u00f3venes son los m\u00e1s emocionados e impactados por esta historia, en s\u00edntesis, un balance netamente positivo.<\/p>\n<p><strong>LG: \u00bfQu\u00e9 te motiv\u00f3 a llevar a escena la segunda parte de esta ic\u00f3nica obra?<\/strong><\/p>\n<p>D: Al leerla qued\u00e9 impactado por lo crudas de sus escenas. Dir\u00eda, sin temor a equivocarme, que es m\u00e1s realista que la primera. Entonces empec\u00e9 a ver la realidad del d\u00eda a d\u00eda en nuestro pa\u00eds, entonces me dije: \u201cNo puede haber un argumento tan actual como el de esta obra\u201d. Estamos plagados de noticias tristes, donde hijos e hijas golpean a sus madres o padres sin piedad, les roban, los maltratan. Entonces decid\u00ed una vez m\u00e1s que mi teatro sea un aporte para que la sociedad reflexione. M\u00e1s all\u00e1 del entretenimiento, pienso que el teatro tiene que dejarte algo, algo que puedas llevar en tu alma y en tus pensamientos, algo que te pueda ayudar a cambiar, y esta obra era la adecuada para cumplir mi prop\u00f3sito<\/p>\n<p><strong>LG: \u00bfQu\u00e9 destacas de esta segunda parte?<\/strong><\/p>\n<p>D: M\u00e1s all\u00e1 del argumento, que es sumamente impactante, porque no solo toca la discriminaci\u00f3n y el maltrato a los padres, sino que tambi\u00e9n aborda el tema del desclasamiento que viven algunos bolivianos que se averg\u00fcenzan de su origen, destaco a la nueva generaci\u00f3n de actores y actrices que la est\u00e1n interpretando, ya que el trabajo de ellos est\u00e1 en el nivel de una gran producci\u00f3n, pues no se amilanan, dan todo de s\u00ed, entregan a plenitud su trabajo para que el p\u00fablico quede satisfecho. Saber que hay una nueva vena de actores y actrices me deja muy satisfecho, porque este teatro tienes que amarlo para hacerlo y ah\u00ed me doy cuenta que Tal\u00eda Producciones seguir\u00e1 marcando huella por muchos a\u00f1os m\u00e1s.<\/p>\n<p><strong>LG: Los artistas casi siempre afirman que su \u00faltimo trabajo es el mejor, \u00bfaplica esto para Daniel Gonzales con \u201cMe averg\u00fcenzan tus polleras 2\u201d?<\/strong><\/p>\n<p>D: Que es uno de los mejores, lo es, pero soy consciente y seguro que vendr\u00e1n mucho mejores. Tengo la premisa de superarme d\u00eda a d\u00eda con mi teatro, de plantearme nuevos retos. El 2025 es a\u00f1o del Bicentenario, quiero hacer teatro hist\u00f3rico, quiero que la gente me vea en otra faceta y as\u00ed demostrar que hacer teatro es un gusto que pocos nos podemos dar.<\/p>\n<p><strong>LG: \u00bfQu\u00e9 esperas lograr con la puesta en escena de esta obra?<\/strong><\/p>\n<ol>\n<li>Quiero llevarla por gran parte de Bolivia, ya tenemos fechas en Oruro, Potos\u00ed y Cochabamba. Quiero que se conozca m\u00e1s de este teatro, hoy todos te preguntan \u201c\u00bfCu\u00e1ndo es tu show?\u201d &#8230; No es show, es teatro&#8230; Me he dado cuenta que el p\u00fablico se ha acostumbrado m\u00e1s a los espect\u00e1culos de variedades, perdiendo la costumbre por el teatro, entonces quiero recuperar esa magia, misticismo y genialidad de argumentos como estos, darle al p\u00fablico una real alternativa con el teatro. Y estoy seguro, como que ya pas\u00f3, que ese p\u00fablico quedar\u00e1 muy conforme con nuestro teatro.<\/li>\n<\/ol>\n<p><strong>LG: \u00bfNos puedes recordar los nombres de los actores y actrices que te acompa\u00f1an en esta temporada?<\/strong><\/p>\n<p>D: Leila Castro (Graciela), Sergio Caballero (Jos\u00e9 Miguel), Carol Ger\u00f3nimo (Carmen), Israel Villa (Carlos), Daniel Gonzales (Don Jacinto), Mayra Ortega (Do\u00f1a Mar\u00eda), Andrea Huanca (Carla), Miguel Gonzales (Luis), Lucy Gonzales (Carlita), Juan Barrera Ortega (Felipe), Karla Mamani (Do\u00f1a Concha) y Ramiro Mart\u00ednez (Dr. Calancha), todos bajo la direcci\u00f3n del autor de la obra, don Juan Barrera Guti\u00e9rrez.<\/p>\n<p><strong>LG: \u00bfDeseas agregar algo?<\/strong><\/p>\n<p>D: El hecho de estar en uno de los escenarios m\u00e1s importantes de Latino Am\u00e9rica, saber que vamos a dejar nuestro <em>ajayu<\/em> en el Municipal es algo que me deja muy contento. Saber que nuevamente este estilo de teatro har\u00e1 presencia en el \u201cAlberto Saavedra P\u00e9rez\u201d es algo que me llena de alegr\u00eda, ya que sigo el legado de mis antecesores, ese legado que es de todos los bolivianos: el teatro nacional.<\/p>\n<p><strong>ALGUNOS DATOS<\/strong><\/p>\n<p>La primera parte de \u201cMe averg\u00fcenzan tus polleras\u201d fue estrenada en 1992 y desde ese a\u00f1o no ha dejado de tener un rotundo \u00e9xito.<\/p>\n<p>Figuras ya desaparecidas, como Agar Del\u00f3s, Rosa R\u00edos, Teresa Matienzo y Luisa \u00c1lvarez, dieron vida a los roles principales de la primera parte de esta pieza de teatro social, habiendo sido representada por \u00faltima vez en el a\u00f1o 2017, con resonante \u00e9xito, paseando por gran parte del territorio nacional y llegando inclusive a Per\u00fa y Argentina.<\/p>\n<p>Ahora, \u201cMe averg\u00fcenzan tus polleras 2, La historia se repite\u201d, nos permite apreciar una comedia dram\u00e1tica en tres actos, en la que una pareja humilde que extrav\u00eda a su peque\u00f1a hija y que por vicisitudes del destino se les devuelve, tras largos a\u00f1os de a\u00f1oranza y ausencia, con gran nostalgia y sufrimiento, asume su destino. Es aquella otra hija que teni\u00e9ndolo todo, gracias al sacrificio de su madre, que siendo lavandera trata de dar su vida misma por ella, por ingratitud rebelde, le vuelca la cara y se averg\u00fcenza de su humilde origen, motivando un oprobioso rechazo que lastima y hiere el coraz\u00f3n de madre sacrificada y sufrida.<\/p>\n<p>\u201cEl abandono, la traici\u00f3n, el reproche, el odio, el desprecio, el pretender una vida diferente, contraria o contrapuesta a su realidad, hacen de este argumento original y siempre vigente\u201d, coment\u00f3 Daniel Gonzales, el reconocido actor y director, que da vida al popular Rigucho.<\/p>\n\r\n                <style type=\"text\/css\">\r\n                    \r\n                    #tdi_1  .td-doubleSlider-2 .td-item1 {\r\n                        background: url(https:\/\/www.eldiario.net\/portal\/wp-content\/uploads\/2024\/05\/1PRINCIPAL-2-80x60.jpg) 0 0 no-repeat;\r\n                    }\r\n                    #tdi_1  .td-doubleSlider-2 .td-item2 {\r\n                        background: url(https:\/\/www.eldiario.net\/portal\/wp-content\/uploads\/2024\/05\/2-11-80x60.jpg) 0 0 no-repeat;\r\n                    }\r\n                    #tdi_1  .td-doubleSlider-2 .td-item3 {\r\n                        background: url(https:\/\/www.eldiario.net\/portal\/wp-content\/uploads\/2024\/05\/3-9-80x60.jpg) 0 0 no-repeat;\r\n                    }\r\n                    #tdi_1  .td-doubleSlider-2 .td-item4 {\r\n                        background: url(https:\/\/www.eldiario.net\/portal\/wp-content\/uploads\/2024\/05\/4-1-2-80x60.jpg) 0 0 no-repeat;\r\n                    }\r\n                    #tdi_1  .td-doubleSlider-2 .td-item5 {\r\n                        background: url(https:\/\/www.eldiario.net\/portal\/wp-content\/uploads\/2024\/05\/5-1-1-80x60.jpg) 0 0 no-repeat;\r\n                    }\r\n                <\/style>\r\n\r\n                <div id=\"tdi_1\" class=\"td-gallery td-slide-on-2-columns\">\r\n                    <div class=\"post_td_gallery\">\r\n                        <div class=\"td-gallery-slide-top\">\r\n                           <div class=\"td-gallery-title\"><\/div>\r\n\r\n                            <div class=\"td-gallery-controls-wrapper\">\r\n                                <div class=\"td-gallery-slide-count\"><span class=\"td-gallery-slide-item-focus\">1<\/span> de 5<\/div>\r\n                                <div class=\"td-gallery-slide-prev-next-but\">\r\n                                    <i class = \"td-icon-left doubleSliderPrevButton\"><\/i>\r\n                                    <i class = \"td-icon-right doubleSliderNextButton\"><\/i>\r\n                                <\/div>\r\n                            <\/div>\r\n                        <\/div>\r\n\r\n                        <div class = \"td-doubleSlider-1 \">\r\n                            <div class = \"td-slider\">\r\n                                \r\n                    <div class = \"td-slide-item td-item1\">\r\n                        <figure class=\"td-slide-galery-figure td-slide-popup-gallery\">\r\n                            <a class=\"slide-gallery-image-link\" href=\"https:\/\/www.eldiario.net\/portal\/wp-content\/uploads\/2024\/05\/1PRINCIPAL-2.jpg\" title=\"1PRINCIPAL\"  data-caption=\"\"  data-description=\"\">\r\n                                <img decoding=\"async\" src=\"https:\/\/www.eldiario.net\/portal\/wp-content\/uploads\/2024\/05\/1PRINCIPAL-2-840x420.jpg\" srcset=\"https:\/\/www.eldiario.net\/portal\/wp-content\/uploads\/2024\/05\/1PRINCIPAL-2-840x420.jpg 840w, https:\/\/www.eldiario.net\/portal\/wp-content\/uploads\/2024\/05\/1PRINCIPAL-2-300x150.jpg 300w, https:\/\/www.eldiario.net\/portal\/wp-content\/uploads\/2024\/05\/1PRINCIPAL-2-1024x512.jpg 1024w, https:\/\/www.eldiario.net\/portal\/wp-content\/uploads\/2024\/05\/1PRINCIPAL-2-768x384.jpg 768w, https:\/\/www.eldiario.net\/portal\/wp-content\/uploads\/2024\/05\/1PRINCIPAL-2-696x348.jpg 696w, https:\/\/www.eldiario.net\/portal\/wp-content\/uploads\/2024\/05\/1PRINCIPAL-2-1068x534.jpg 1068w, https:\/\/www.eldiario.net\/portal\/wp-content\/uploads\/2024\/05\/1PRINCIPAL-2.jpg 1200w\" sizes=\"(max-width: 840px) 100vw, 840px\" alt=\"\">\r\n                            <\/a>\r\n                            \r\n                        <\/figure>\r\n                    <\/div>\r\n                    <div class = \"td-slide-item td-item2\">\r\n                        <figure class=\"td-slide-galery-figure td-slide-popup-gallery\">\r\n                            <a class=\"slide-gallery-image-link\" href=\"https:\/\/www.eldiario.net\/portal\/wp-content\/uploads\/2024\/05\/2-11.jpg\" title=\"2\"  data-caption=\"\"  data-description=\"\">\r\n                                <img decoding=\"async\" src=\"https:\/\/www.eldiario.net\/portal\/wp-content\/uploads\/2024\/05\/2-11-630x420.jpg\" srcset=\"https:\/\/www.eldiario.net\/portal\/wp-content\/uploads\/2024\/05\/2-11-630x420.jpg 630w, https:\/\/www.eldiario.net\/portal\/wp-content\/uploads\/2024\/05\/2-11-300x200.jpg 300w, https:\/\/www.eldiario.net\/portal\/wp-content\/uploads\/2024\/05\/2-11-1024x683.jpg 1024w, https:\/\/www.eldiario.net\/portal\/wp-content\/uploads\/2024\/05\/2-11-768x512.jpg 768w, https:\/\/www.eldiario.net\/portal\/wp-content\/uploads\/2024\/05\/2-11-696x464.jpg 696w, https:\/\/www.eldiario.net\/portal\/wp-content\/uploads\/2024\/05\/2-11-1068x712.jpg 1068w, https:\/\/www.eldiario.net\/portal\/wp-content\/uploads\/2024\/05\/2-11.jpg 1200w\" sizes=\"(max-width: 630px) 100vw, 630px\" alt=\"\">\r\n                            <\/a>\r\n                            \r\n                        <\/figure>\r\n                    <\/div>\r\n                    <div class = \"td-slide-item td-item3\">\r\n                        <figure class=\"td-slide-galery-figure td-slide-popup-gallery\">\r\n                            <a class=\"slide-gallery-image-link\" href=\"https:\/\/www.eldiario.net\/portal\/wp-content\/uploads\/2024\/05\/3-9.jpg\" title=\"3\"  data-caption=\"\"  data-description=\"\">\r\n                                <img decoding=\"async\" src=\"https:\/\/www.eldiario.net\/portal\/wp-content\/uploads\/2024\/05\/3-9-630x420.jpg\" srcset=\"https:\/\/www.eldiario.net\/portal\/wp-content\/uploads\/2024\/05\/3-9-630x420.jpg 630w, https:\/\/www.eldiario.net\/portal\/wp-content\/uploads\/2024\/05\/3-9-300x200.jpg 300w, https:\/\/www.eldiario.net\/portal\/wp-content\/uploads\/2024\/05\/3-9-1024x683.jpg 1024w, https:\/\/www.eldiario.net\/portal\/wp-content\/uploads\/2024\/05\/3-9-768x512.jpg 768w, https:\/\/www.eldiario.net\/portal\/wp-content\/uploads\/2024\/05\/3-9-696x464.jpg 696w, https:\/\/www.eldiario.net\/portal\/wp-content\/uploads\/2024\/05\/3-9-1068x712.jpg 1068w, https:\/\/www.eldiario.net\/portal\/wp-content\/uploads\/2024\/05\/3-9.jpg 1200w\" sizes=\"(max-width: 630px) 100vw, 630px\" alt=\"\">\r\n                            <\/a>\r\n                            \r\n                        <\/figure>\r\n                    <\/div>\r\n                    <div class = \"td-slide-item td-item4\">\r\n                        <figure class=\"td-slide-galery-figure td-slide-popup-gallery\">\r\n                            <a class=\"slide-gallery-image-link\" href=\"https:\/\/www.eldiario.net\/portal\/wp-content\/uploads\/2024\/05\/4-1-2.jpg\" title=\"4-(1)\"  data-caption=\"\"  data-description=\"\">\r\n                                <img decoding=\"async\" src=\"https:\/\/www.eldiario.net\/portal\/wp-content\/uploads\/2024\/05\/4-1-2-630x420.jpg\" srcset=\"https:\/\/www.eldiario.net\/portal\/wp-content\/uploads\/2024\/05\/4-1-2-630x420.jpg 630w, https:\/\/www.eldiario.net\/portal\/wp-content\/uploads\/2024\/05\/4-1-2-300x200.jpg 300w, https:\/\/www.eldiario.net\/portal\/wp-content\/uploads\/2024\/05\/4-1-2-1024x683.jpg 1024w, https:\/\/www.eldiario.net\/portal\/wp-content\/uploads\/2024\/05\/4-1-2-768x512.jpg 768w, https:\/\/www.eldiario.net\/portal\/wp-content\/uploads\/2024\/05\/4-1-2-696x464.jpg 696w, https:\/\/www.eldiario.net\/portal\/wp-content\/uploads\/2024\/05\/4-1-2-1068x712.jpg 1068w, https:\/\/www.eldiario.net\/portal\/wp-content\/uploads\/2024\/05\/4-1-2.jpg 1200w\" sizes=\"(max-width: 630px) 100vw, 630px\" alt=\"\">\r\n                            <\/a>\r\n                            \r\n                        <\/figure>\r\n                    <\/div>\r\n                    <div class = \"td-slide-item td-item5\">\r\n                        <figure class=\"td-slide-galery-figure td-slide-popup-gallery\">\r\n                            <a class=\"slide-gallery-image-link\" href=\"https:\/\/www.eldiario.net\/portal\/wp-content\/uploads\/2024\/05\/5-1-1.jpg\" title=\"5-(1)\"  data-caption=\"\"  data-description=\"\">\r\n                                <img decoding=\"async\" src=\"https:\/\/www.eldiario.net\/portal\/wp-content\/uploads\/2024\/05\/5-1-1-630x420.jpg\" srcset=\"https:\/\/www.eldiario.net\/portal\/wp-content\/uploads\/2024\/05\/5-1-1-630x420.jpg 630w, https:\/\/www.eldiario.net\/portal\/wp-content\/uploads\/2024\/05\/5-1-1-300x200.jpg 300w, https:\/\/www.eldiario.net\/portal\/wp-content\/uploads\/2024\/05\/5-1-1-1024x683.jpg 1024w, https:\/\/www.eldiario.net\/portal\/wp-content\/uploads\/2024\/05\/5-1-1-768x512.jpg 768w, https:\/\/www.eldiario.net\/portal\/wp-content\/uploads\/2024\/05\/5-1-1-696x464.jpg 696w, https:\/\/www.eldiario.net\/portal\/wp-content\/uploads\/2024\/05\/5-1-1-1068x712.jpg 1068w, https:\/\/www.eldiario.net\/portal\/wp-content\/uploads\/2024\/05\/5-1-1.jpg 1200w\" sizes=\"(max-width: 630px) 100vw, 630px\" alt=\"\">\r\n                            <\/a>\r\n                            \r\n                        <\/figure>\r\n                    <\/div>\r\n                            <\/div>\r\n                        <\/div>\r\n\r\n                        <div class = \"td-doubleSlider-2\">\r\n                            <div class = \"td-slider\">\r\n                                \r\n                    <div class = \"td-button td-item1\">\r\n                        <div class = \"td-border\"><\/div>\r\n                    <\/div>\r\n                    <div class = \"td-button td-item2\">\r\n                        <div class = \"td-border\"><\/div>\r\n                    <\/div>\r\n                    <div class = \"td-button td-item3\">\r\n                        <div class = \"td-border\"><\/div>\r\n                    <\/div>\r\n                    <div class = \"td-button td-item4\">\r\n                        <div class = \"td-border\"><\/div>\r\n                    <\/div>\r\n                    <div class = \"td-button td-item5\">\r\n                        <div class = \"td-border\"><\/div>\r\n                    <\/div>\r\n                            <\/div>\r\n                        <\/div>\r\n\r\n                    <\/div>\r\n\r\n                <\/div>\r\n                \n<p>&nbsp;<\/p>\n","protected":false},"excerpt":{"rendered":"<p>Luego de su exitoso estreno, la obra \u201cMe averg\u00fcenzan tus polleras 2, La historia se repite\u201d ser\u00e1 presentada ahora en el Teatro Municipal \u201cAlberto Saavedra P\u00e9rez\u201d el 30 y 31 de mayo y el 1 y 2 de junio, los cuatro d\u00edas a las 19:00 horas. Las entradas ya est\u00e1n a la venta por S\u00faper [&hellip;]<\/p>\n","protected":false},"author":1,"featured_media":223294,"comment_status":"open","ping_status":"open","sticky":false,"template":"","format":"standard","meta":{"_acf_changed":false,"footnotes":""},"categories":[41],"tags":[],"class_list":["post-223293","post","type-post","status-publish","format-standard","has-post-thumbnail","category-la-guia"],"acf":{"antetitulo":""},"yoast_head":"<!-- This site is optimized with the Yoast SEO plugin v28.3 - https:\/\/yoast.com\/product\/yoast-seo-wordpress\/ -->\n<title>\u201cMe averg\u00fcenzan tus polleras 2, La historia se repite\u201d ahora en el Teatro Municipal - El Diario - Bolivia<\/title>\n<meta name=\"robots\" content=\"index, follow, max-snippet:-1, max-image-preview:large, max-video-preview:-1\" \/>\n<link rel=\"canonical\" href=\"https:\/\/www.eldiario.net\/portal\/2024\/05\/27\/me-averguenzan-tus-polleras-2-la-historia-se-repite-ahora-en-el-teatro-municipal\/\" \/>\n<meta property=\"og:locale\" content=\"es_ES\" \/>\n<meta property=\"og:type\" content=\"article\" \/>\n<meta property=\"og:title\" content=\"\u201cMe averg\u00fcenzan tus polleras 2, La historia se repite\u201d ahora en el Teatro Municipal - El Diario - Bolivia\" \/>\n<meta property=\"og:description\" content=\"Luego de su exitoso estreno, la obra \u201cMe averg\u00fcenzan tus polleras 2, La historia se repite\u201d ser\u00e1 presentada ahora en el Teatro Municipal \u201cAlberto Saavedra P\u00e9rez\u201d el 30 y 31 de mayo y el 1 y 2 de junio, los cuatro d\u00edas a las 19:00 horas. Las entradas ya est\u00e1n a la venta por S\u00faper [&hellip;]\" \/>\n<meta property=\"og:url\" content=\"https:\/\/www.eldiario.net\/portal\/2024\/05\/27\/me-averguenzan-tus-polleras-2-la-historia-se-repite-ahora-en-el-teatro-municipal\/\" \/>\n<meta property=\"og:site_name\" content=\"El Diario - Bolivia\" \/>\n<meta property=\"article:publisher\" content=\"https:\/\/www.facebook.com\/eldiario.bolivia\/\" \/>\n<meta property=\"article:published_time\" content=\"2024-05-27T11:30:15+00:00\" \/>\n<meta property=\"og:image\" content=\"https:\/\/www.eldiario.net\/portal\/wp-content\/uploads\/2024\/05\/1PRINCIPAL-2.jpg\" \/>\n\t<meta property=\"og:image:width\" content=\"1200\" \/>\n\t<meta property=\"og:image:height\" content=\"600\" \/>\n\t<meta property=\"og:image:type\" content=\"image\/jpeg\" \/>\n<meta name=\"author\" content=\"Jeanette\" \/>\n<meta name=\"twitter:card\" content=\"summary_large_image\" \/>\n<meta name=\"twitter:creator\" content=\"@eldiario_net\" \/>\n<meta name=\"twitter:site\" content=\"@eldiario_net\" \/>\n<meta name=\"twitter:label1\" content=\"Escrito por\" \/>\n\t<meta name=\"twitter:data1\" content=\"Jeanette\" \/>\n\t<meta name=\"twitter:label2\" content=\"Tiempo de lectura\" \/>\n\t<meta name=\"twitter:data2\" content=\"6 minutos\" \/>\n<script type=\"application\/ld+json\" class=\"yoast-schema-graph\">{\"@context\":\"https:\\\/\\\/schema.org\",\"@graph\":[{\"@type\":\"Article\",\"@id\":\"https:\\\/\\\/www.eldiario.net\\\/portal\\\/2024\\\/05\\\/27\\\/me-averguenzan-tus-polleras-2-la-historia-se-repite-ahora-en-el-teatro-municipal\\\/#article\",\"isPartOf\":{\"@id\":\"https:\\\/\\\/www.eldiario.net\\\/portal\\\/2024\\\/05\\\/27\\\/me-averguenzan-tus-polleras-2-la-historia-se-repite-ahora-en-el-teatro-municipal\\\/\"},\"author\":{\"name\":\"Jeanette\",\"@id\":\"https:\\\/\\\/www.eldiario.net\\\/portal\\\/#\\\/schema\\\/person\\\/f46445640444750d7d753ccd04ae01b7\"},\"headline\":\"\u201cMe averg\u00fcenzan tus polleras 2, La historia se repite\u201d ahora en el Teatro Municipal\",\"datePublished\":\"2024-05-27T11:30:15+00:00\",\"mainEntityOfPage\":{\"@id\":\"https:\\\/\\\/www.eldiario.net\\\/portal\\\/2024\\\/05\\\/27\\\/me-averguenzan-tus-polleras-2-la-historia-se-repite-ahora-en-el-teatro-municipal\\\/\"},\"wordCount\":1247,\"commentCount\":0,\"publisher\":{\"@id\":\"https:\\\/\\\/www.eldiario.net\\\/portal\\\/#organization\"},\"image\":{\"@id\":\"https:\\\/\\\/www.eldiario.net\\\/portal\\\/2024\\\/05\\\/27\\\/me-averguenzan-tus-polleras-2-la-historia-se-repite-ahora-en-el-teatro-municipal\\\/#primaryimage\"},\"thumbnailUrl\":\"https:\\\/\\\/www.eldiario.net\\\/portal\\\/wp-content\\\/uploads\\\/2024\\\/05\\\/1PRINCIPAL-2.jpg\",\"articleSection\":[\"La Gu\u00eda\"],\"inLanguage\":\"es\",\"potentialAction\":[{\"@type\":\"CommentAction\",\"name\":\"Comment\",\"target\":[\"https:\\\/\\\/www.eldiario.net\\\/portal\\\/2024\\\/05\\\/27\\\/me-averguenzan-tus-polleras-2-la-historia-se-repite-ahora-en-el-teatro-municipal\\\/#respond\"]}]},{\"@type\":\"WebPage\",\"@id\":\"https:\\\/\\\/www.eldiario.net\\\/portal\\\/2024\\\/05\\\/27\\\/me-averguenzan-tus-polleras-2-la-historia-se-repite-ahora-en-el-teatro-municipal\\\/\",\"url\":\"https:\\\/\\\/www.eldiario.net\\\/portal\\\/2024\\\/05\\\/27\\\/me-averguenzan-tus-polleras-2-la-historia-se-repite-ahora-en-el-teatro-municipal\\\/\",\"name\":\"\u201cMe averg\u00fcenzan tus polleras 2, La historia se repite\u201d ahora en el Teatro Municipal - El Diario - Bolivia\",\"isPartOf\":{\"@id\":\"https:\\\/\\\/www.eldiario.net\\\/portal\\\/#website\"},\"primaryImageOfPage\":{\"@id\":\"https:\\\/\\\/www.eldiario.net\\\/portal\\\/2024\\\/05\\\/27\\\/me-averguenzan-tus-polleras-2-la-historia-se-repite-ahora-en-el-teatro-municipal\\\/#primaryimage\"},\"image\":{\"@id\":\"https:\\\/\\\/www.eldiario.net\\\/portal\\\/2024\\\/05\\\/27\\\/me-averguenzan-tus-polleras-2-la-historia-se-repite-ahora-en-el-teatro-municipal\\\/#primaryimage\"},\"thumbnailUrl\":\"https:\\\/\\\/www.eldiario.net\\\/portal\\\/wp-content\\\/uploads\\\/2024\\\/05\\\/1PRINCIPAL-2.jpg\",\"datePublished\":\"2024-05-27T11:30:15+00:00\",\"breadcrumb\":{\"@id\":\"https:\\\/\\\/www.eldiario.net\\\/portal\\\/2024\\\/05\\\/27\\\/me-averguenzan-tus-polleras-2-la-historia-se-repite-ahora-en-el-teatro-municipal\\\/#breadcrumb\"},\"inLanguage\":\"es\",\"potentialAction\":[{\"@type\":\"ReadAction\",\"target\":[\"https:\\\/\\\/www.eldiario.net\\\/portal\\\/2024\\\/05\\\/27\\\/me-averguenzan-tus-polleras-2-la-historia-se-repite-ahora-en-el-teatro-municipal\\\/\"]}]},{\"@type\":\"ImageObject\",\"inLanguage\":\"es\",\"@id\":\"https:\\\/\\\/www.eldiario.net\\\/portal\\\/2024\\\/05\\\/27\\\/me-averguenzan-tus-polleras-2-la-historia-se-repite-ahora-en-el-teatro-municipal\\\/#primaryimage\",\"url\":\"https:\\\/\\\/www.eldiario.net\\\/portal\\\/wp-content\\\/uploads\\\/2024\\\/05\\\/1PRINCIPAL-2.jpg\",\"contentUrl\":\"https:\\\/\\\/www.eldiario.net\\\/portal\\\/wp-content\\\/uploads\\\/2024\\\/05\\\/1PRINCIPAL-2.jpg\",\"width\":1200,\"height\":600},{\"@type\":\"BreadcrumbList\",\"@id\":\"https:\\\/\\\/www.eldiario.net\\\/portal\\\/2024\\\/05\\\/27\\\/me-averguenzan-tus-polleras-2-la-historia-se-repite-ahora-en-el-teatro-municipal\\\/#breadcrumb\",\"itemListElement\":[{\"@type\":\"ListItem\",\"position\":1,\"name\":\"Portada\",\"item\":\"https:\\\/\\\/www.eldiario.net\\\/portal\\\/\"},{\"@type\":\"ListItem\",\"position\":2,\"name\":\"\u201cMe averg\u00fcenzan tus polleras 2, La historia se repite\u201d ahora en el Teatro Municipal\"}]},{\"@type\":\"WebSite\",\"@id\":\"https:\\\/\\\/www.eldiario.net\\\/portal\\\/#website\",\"url\":\"https:\\\/\\\/www.eldiario.net\\\/portal\\\/\",\"name\":\"El Diario - Decano de la prensa nacional\",\"description\":\"El Diario - Decano de la prensa nacional\",\"publisher\":{\"@id\":\"https:\\\/\\\/www.eldiario.net\\\/portal\\\/#organization\"},\"potentialAction\":[{\"@type\":\"SearchAction\",\"target\":{\"@type\":\"EntryPoint\",\"urlTemplate\":\"https:\\\/\\\/www.eldiario.net\\\/portal\\\/?s={search_term_string}\"},\"query-input\":{\"@type\":\"PropertyValueSpecification\",\"valueRequired\":true,\"valueName\":\"search_term_string\"}}],\"inLanguage\":\"es\"},{\"@type\":\"Organization\",\"@id\":\"https:\\\/\\\/www.eldiario.net\\\/portal\\\/#organization\",\"name\":\"El Diario - Decano de la prensa nacional\",\"url\":\"https:\\\/\\\/www.eldiario.net\\\/portal\\\/\",\"logo\":{\"@type\":\"ImageObject\",\"inLanguage\":\"es\",\"@id\":\"https:\\\/\\\/www.eldiario.net\\\/portal\\\/#\\\/schema\\\/logo\\\/image\\\/\",\"url\":\"https:\\\/\\\/www.eldiario.net\\\/portal\\\/wp-content\\\/uploads\\\/2023\\\/07\\\/logo_ED.jpg\",\"contentUrl\":\"https:\\\/\\\/www.eldiario.net\\\/portal\\\/wp-content\\\/uploads\\\/2023\\\/07\\\/logo_ED.jpg\",\"width\":272,\"height\":52,\"caption\":\"El Diario - Decano de la prensa nacional\"},\"image\":{\"@id\":\"https:\\\/\\\/www.eldiario.net\\\/portal\\\/#\\\/schema\\\/logo\\\/image\\\/\"},\"sameAs\":[\"https:\\\/\\\/www.facebook.com\\\/eldiario.bolivia\\\/\",\"https:\\\/\\\/x.com\\\/eldiario_net\"]},{\"@type\":\"Person\",\"@id\":\"https:\\\/\\\/www.eldiario.net\\\/portal\\\/#\\\/schema\\\/person\\\/f46445640444750d7d753ccd04ae01b7\",\"name\":\"Jeanette\",\"image\":{\"@type\":\"ImageObject\",\"inLanguage\":\"es\",\"@id\":\"https:\\\/\\\/secure.gravatar.com\\\/avatar\\\/3ea2118a5f7dad2b7138b1187a6b7ee55f160b9968b66013c3a3ef39dd7e5798?s=96&d=mm&r=g\",\"url\":\"https:\\\/\\\/secure.gravatar.com\\\/avatar\\\/3ea2118a5f7dad2b7138b1187a6b7ee55f160b9968b66013c3a3ef39dd7e5798?s=96&d=mm&r=g\",\"contentUrl\":\"https:\\\/\\\/secure.gravatar.com\\\/avatar\\\/3ea2118a5f7dad2b7138b1187a6b7ee55f160b9968b66013c3a3ef39dd7e5798?s=96&d=mm&r=g\",\"caption\":\"Jeanette\"},\"sameAs\":[\"https:\\\/\\\/www.eldiario.net\\\/portal\"],\"url\":\"https:\\\/\\\/www.eldiario.net\\\/portal\\\/author\\\/jeanette\\\/\"}]}<\/script>\n<!-- \/ Yoast SEO plugin. -->","yoast_head_json":{"title":"\u201cMe averg\u00fcenzan tus polleras 2, La historia se repite\u201d ahora en el Teatro Municipal - El Diario - Bolivia","robots":{"index":"index","follow":"follow","max-snippet":"max-snippet:-1","max-image-preview":"max-image-preview:large","max-video-preview":"max-video-preview:-1"},"canonical":"https:\/\/www.eldiario.net\/portal\/2024\/05\/27\/me-averguenzan-tus-polleras-2-la-historia-se-repite-ahora-en-el-teatro-municipal\/","og_locale":"es_ES","og_type":"article","og_title":"\u201cMe averg\u00fcenzan tus polleras 2, La historia se repite\u201d ahora en el Teatro Municipal - El Diario - Bolivia","og_description":"Luego de su exitoso estreno, la obra \u201cMe averg\u00fcenzan tus polleras 2, La historia se repite\u201d ser\u00e1 presentada ahora en el Teatro Municipal \u201cAlberto Saavedra P\u00e9rez\u201d el 30 y 31 de mayo y el 1 y 2 de junio, los cuatro d\u00edas a las 19:00 horas. Las entradas ya est\u00e1n a la venta por S\u00faper [&hellip;]","og_url":"https:\/\/www.eldiario.net\/portal\/2024\/05\/27\/me-averguenzan-tus-polleras-2-la-historia-se-repite-ahora-en-el-teatro-municipal\/","og_site_name":"El Diario - Bolivia","article_publisher":"https:\/\/www.facebook.com\/eldiario.bolivia\/","article_published_time":"2024-05-27T11:30:15+00:00","og_image":[{"width":1200,"height":600,"url":"https:\/\/www.eldiario.net\/portal\/wp-content\/uploads\/2024\/05\/1PRINCIPAL-2.jpg","type":"image\/jpeg"}],"author":"Jeanette","twitter_card":"summary_large_image","twitter_creator":"@eldiario_net","twitter_site":"@eldiario_net","twitter_misc":{"Escrito por":"Jeanette","Tiempo de lectura":"6 minutos"},"schema":{"@context":"https:\/\/schema.org","@graph":[{"@type":"Article","@id":"https:\/\/www.eldiario.net\/portal\/2024\/05\/27\/me-averguenzan-tus-polleras-2-la-historia-se-repite-ahora-en-el-teatro-municipal\/#article","isPartOf":{"@id":"https:\/\/www.eldiario.net\/portal\/2024\/05\/27\/me-averguenzan-tus-polleras-2-la-historia-se-repite-ahora-en-el-teatro-municipal\/"},"author":{"name":"Jeanette","@id":"https:\/\/www.eldiario.net\/portal\/#\/schema\/person\/f46445640444750d7d753ccd04ae01b7"},"headline":"\u201cMe averg\u00fcenzan tus polleras 2, La historia se repite\u201d ahora en el Teatro Municipal","datePublished":"2024-05-27T11:30:15+00:00","mainEntityOfPage":{"@id":"https:\/\/www.eldiario.net\/portal\/2024\/05\/27\/me-averguenzan-tus-polleras-2-la-historia-se-repite-ahora-en-el-teatro-municipal\/"},"wordCount":1247,"commentCount":0,"publisher":{"@id":"https:\/\/www.eldiario.net\/portal\/#organization"},"image":{"@id":"https:\/\/www.eldiario.net\/portal\/2024\/05\/27\/me-averguenzan-tus-polleras-2-la-historia-se-repite-ahora-en-el-teatro-municipal\/#primaryimage"},"thumbnailUrl":"https:\/\/www.eldiario.net\/portal\/wp-content\/uploads\/2024\/05\/1PRINCIPAL-2.jpg","articleSection":["La Gu\u00eda"],"inLanguage":"es","potentialAction":[{"@type":"CommentAction","name":"Comment","target":["https:\/\/www.eldiario.net\/portal\/2024\/05\/27\/me-averguenzan-tus-polleras-2-la-historia-se-repite-ahora-en-el-teatro-municipal\/#respond"]}]},{"@type":"WebPage","@id":"https:\/\/www.eldiario.net\/portal\/2024\/05\/27\/me-averguenzan-tus-polleras-2-la-historia-se-repite-ahora-en-el-teatro-municipal\/","url":"https:\/\/www.eldiario.net\/portal\/2024\/05\/27\/me-averguenzan-tus-polleras-2-la-historia-se-repite-ahora-en-el-teatro-municipal\/","name":"\u201cMe averg\u00fcenzan tus polleras 2, La historia se repite\u201d ahora en el Teatro Municipal - El Diario - Bolivia","isPartOf":{"@id":"https:\/\/www.eldiario.net\/portal\/#website"},"primaryImageOfPage":{"@id":"https:\/\/www.eldiario.net\/portal\/2024\/05\/27\/me-averguenzan-tus-polleras-2-la-historia-se-repite-ahora-en-el-teatro-municipal\/#primaryimage"},"image":{"@id":"https:\/\/www.eldiario.net\/portal\/2024\/05\/27\/me-averguenzan-tus-polleras-2-la-historia-se-repite-ahora-en-el-teatro-municipal\/#primaryimage"},"thumbnailUrl":"https:\/\/www.eldiario.net\/portal\/wp-content\/uploads\/2024\/05\/1PRINCIPAL-2.jpg","datePublished":"2024-05-27T11:30:15+00:00","breadcrumb":{"@id":"https:\/\/www.eldiario.net\/portal\/2024\/05\/27\/me-averguenzan-tus-polleras-2-la-historia-se-repite-ahora-en-el-teatro-municipal\/#breadcrumb"},"inLanguage":"es","potentialAction":[{"@type":"ReadAction","target":["https:\/\/www.eldiario.net\/portal\/2024\/05\/27\/me-averguenzan-tus-polleras-2-la-historia-se-repite-ahora-en-el-teatro-municipal\/"]}]},{"@type":"ImageObject","inLanguage":"es","@id":"https:\/\/www.eldiario.net\/portal\/2024\/05\/27\/me-averguenzan-tus-polleras-2-la-historia-se-repite-ahora-en-el-teatro-municipal\/#primaryimage","url":"https:\/\/www.eldiario.net\/portal\/wp-content\/uploads\/2024\/05\/1PRINCIPAL-2.jpg","contentUrl":"https:\/\/www.eldiario.net\/portal\/wp-content\/uploads\/2024\/05\/1PRINCIPAL-2.jpg","width":1200,"height":600},{"@type":"BreadcrumbList","@id":"https:\/\/www.eldiario.net\/portal\/2024\/05\/27\/me-averguenzan-tus-polleras-2-la-historia-se-repite-ahora-en-el-teatro-municipal\/#breadcrumb","itemListElement":[{"@type":"ListItem","position":1,"name":"Portada","item":"https:\/\/www.eldiario.net\/portal\/"},{"@type":"ListItem","position":2,"name":"\u201cMe averg\u00fcenzan tus polleras 2, La historia se repite\u201d ahora en el Teatro Municipal"}]},{"@type":"WebSite","@id":"https:\/\/www.eldiario.net\/portal\/#website","url":"https:\/\/www.eldiario.net\/portal\/","name":"El Diario - Decano de la prensa nacional","description":"El Diario - Decano de la prensa nacional","publisher":{"@id":"https:\/\/www.eldiario.net\/portal\/#organization"},"potentialAction":[{"@type":"SearchAction","target":{"@type":"EntryPoint","urlTemplate":"https:\/\/www.eldiario.net\/portal\/?s={search_term_string}"},"query-input":{"@type":"PropertyValueSpecification","valueRequired":true,"valueName":"search_term_string"}}],"inLanguage":"es"},{"@type":"Organization","@id":"https:\/\/www.eldiario.net\/portal\/#organization","name":"El Diario - Decano de la prensa nacional","url":"https:\/\/www.eldiario.net\/portal\/","logo":{"@type":"ImageObject","inLanguage":"es","@id":"https:\/\/www.eldiario.net\/portal\/#\/schema\/logo\/image\/","url":"https:\/\/www.eldiario.net\/portal\/wp-content\/uploads\/2023\/07\/logo_ED.jpg","contentUrl":"https:\/\/www.eldiario.net\/portal\/wp-content\/uploads\/2023\/07\/logo_ED.jpg","width":272,"height":52,"caption":"El Diario - Decano de la prensa nacional"},"image":{"@id":"https:\/\/www.eldiario.net\/portal\/#\/schema\/logo\/image\/"},"sameAs":["https:\/\/www.facebook.com\/eldiario.bolivia\/","https:\/\/x.com\/eldiario_net"]},{"@type":"Person","@id":"https:\/\/www.eldiario.net\/portal\/#\/schema\/person\/f46445640444750d7d753ccd04ae01b7","name":"Jeanette","image":{"@type":"ImageObject","inLanguage":"es","@id":"https:\/\/secure.gravatar.com\/avatar\/3ea2118a5f7dad2b7138b1187a6b7ee55f160b9968b66013c3a3ef39dd7e5798?s=96&d=mm&r=g","url":"https:\/\/secure.gravatar.com\/avatar\/3ea2118a5f7dad2b7138b1187a6b7ee55f160b9968b66013c3a3ef39dd7e5798?s=96&d=mm&r=g","contentUrl":"https:\/\/secure.gravatar.com\/avatar\/3ea2118a5f7dad2b7138b1187a6b7ee55f160b9968b66013c3a3ef39dd7e5798?s=96&d=mm&r=g","caption":"Jeanette"},"sameAs":["https:\/\/www.eldiario.net\/portal"],"url":"https:\/\/www.eldiario.net\/portal\/author\/jeanette\/"}]}},"_links":{"self":[{"href":"https:\/\/www.eldiario.net\/portal\/wp-json\/wp\/v2\/posts\/223293","targetHints":{"allow":["GET"]}}],"collection":[{"href":"https:\/\/www.eldiario.net\/portal\/wp-json\/wp\/v2\/posts"}],"about":[{"href":"https:\/\/www.eldiario.net\/portal\/wp-json\/wp\/v2\/types\/post"}],"author":[{"embeddable":true,"href":"https:\/\/www.eldiario.net\/portal\/wp-json\/wp\/v2\/users\/1"}],"replies":[{"embeddable":true,"href":"https:\/\/www.eldiario.net\/portal\/wp-json\/wp\/v2\/comments?post=223293"}],"version-history":[{"count":1,"href":"https:\/\/www.eldiario.net\/portal\/wp-json\/wp\/v2\/posts\/223293\/revisions"}],"predecessor-version":[{"id":223299,"href":"https:\/\/www.eldiario.net\/portal\/wp-json\/wp\/v2\/posts\/223293\/revisions\/223299"}],"wp:featuredmedia":[{"embeddable":true,"href":"https:\/\/www.eldiario.net\/portal\/wp-json\/wp\/v2\/media\/223294"}],"wp:attachment":[{"href":"https:\/\/www.eldiario.net\/portal\/wp-json\/wp\/v2\/media?parent=223293"}],"wp:term":[{"taxonomy":"category","embeddable":true,"href":"https:\/\/www.eldiario.net\/portal\/wp-json\/wp\/v2\/categories?post=223293"},{"taxonomy":"post_tag","embeddable":true,"href":"https:\/\/www.eldiario.net\/portal\/wp-json\/wp\/v2\/tags?post=223293"}],"curies":[{"name":"wp","href":"https:\/\/api.w.org\/{rel}","templated":true}]}}