{"id":223290,"date":"2024-05-27T07:27:22","date_gmt":"2024-05-27T11:27:22","guid":{"rendered":"https:\/\/www.eldiario.net\/portal\/?p=223290"},"modified":"2024-05-27T07:27:22","modified_gmt":"2024-05-27T11:27:22","slug":"plantean-seguridad-juridica-para-evitar-depredacion-de-bosques","status":"publish","type":"post","link":"https:\/\/www.eldiario.net\/portal\/2024\/05\/27\/plantean-seguridad-juridica-para-evitar-depredacion-de-bosques\/","title":{"rendered":"Plantean seguridad jur\u00eddica para  evitar depredaci\u00f3n de bosques"},"content":{"rendered":"<p>El estudio titulado \u201cAmazon\u00eda Contrarreloj\u201d establece que entre el 20 y el 25 por ciento de la Amazon\u00eda ya ha sufrido una irreversible depredaci\u00f3n debido a la deforestaci\u00f3n, los incendios y otras actividades humanas. Sin embargo, el mismo estudio plantea alternativas para salvar el otro 80% del denominado pulm\u00f3n del planeta, entre las que figuran, la seguridad jur\u00eddica para los bosques, la titulaci\u00f3n de tierras en favor de los pueblos ind\u00edgenas y la ampliaci\u00f3n de las \u00e1reas protegidas.<br \/>\nEstas alternativas fueron expuestas por la directora de Investigaci\u00f3n y Gesti\u00f3n del Conocimiento de la Fundaci\u00f3n Amigos de la Naturaleza (FAN), Marlene Quintanilla, durante el programa Sumando Voces en Directo, que se difundi\u00f3 este jueves. El estudio fue desarrollado por la Red Amaz\u00f3nica de Informaci\u00f3n Socioambiental Georreferenciada (Raisg) y contiene datos desde 1985.<br \/>\nPero no son las \u00fanicas propuestas. En el mismo programa, el director de la Fundaci\u00f3n Sol\u00f3n, Pablo Sol\u00f3n, adelant\u00f3 que, en el marco del Foro Social Panamaz\u00f3nico (Fospa), que se desarrollar\u00e1 en junio en Bolivia, se est\u00e1 planteando un tratado para restablecer el ciclo del agua que, a diferencia de otros tratados, no pondr\u00e1 a los seres humanos como el centro del mismo, sino al agua.<br \/>\nSol\u00f3n califica esta iniciativa como innovadora porque \u201crompe el car\u00e1cter antropocentrista de todos los tratados porque plantea que el objeto del mismo no son los seres humanos, el objeto del Tratado es el agua, porque se busca restablecer el ciclo del agua. Por tanto, el agua tiene que participar en el Tratado. Tenemos que dejar de pensar en tratados solo entre Estados, sino que tienen que haber tratados entre Estados, sociedad civil y tambi\u00e9n la naturaleza, representada por diferentes instancias\u201d.<br \/>\nQuintanilla, por su parte, considera que, as\u00ed como se protege la propiedad privada de las personas, se debe proteger los bosques. Por eso se\u00f1ala que \u201cuna de las medidas importantes tiene que ver con el tema de la seguridad jur\u00eddica de los bosques. En los pa\u00edses amaz\u00f3nicos se tiene que ver al bosque como un bien econ\u00f3mico, como un bien social y por supuesto como un bien ecol\u00f3gico\u201d.<br \/>\nTambi\u00e9n sugiere \u201cavanzar en cuanto a la demanda que tienen los pueblos ind\u00edgenas para la titulaci\u00f3n de sus territorios (\u2026), adem\u00e1s de la creaci\u00f3n de (nuevas) \u00e1reas protegidas\u201d.<br \/>\nLa propuesta est\u00e1 basada en el diagn\u00f3stico citado m\u00e1s arriba, que indica que el 85% de la deforestaci\u00f3n ocurre fuera de los territorios ind\u00edgenas o de las \u00e1reas protegidas y, en el caso de Bolivia, el porcentaje se eleva al 95%.<br \/>\nDe hecho, seg\u00fan Quintanilla, la Coordinadora de las Organizaciones Ind\u00edgenas de la Cuenca Amaz\u00f3nica (Coica) demanda la titulaci\u00f3n de 100 millones de hect\u00e1reas, pero que no hay respuesta de los gobiernos de Brasil, Bolivia, Ecuador, Per\u00fa y otros.<br \/>\nSol\u00f3n, adem\u00e1s, recoge otras iniciativas que se han producido \u00faltimamente, como el anuncio del procurador del Estado, C\u00e9sar Siles, en sentido de que se revertir\u00e1n los predios que sean deforestados ilegalmente.<br \/>\n\u201cLa funci\u00f3n econ\u00f3mica social que se aplica a empresas grandes y medianas, implica no deforestar de manera ilegal e instruye al INRA y a la ABT, proceder a la identificaci\u00f3n y los procesos para la reversi\u00f3n de las propiedades medianas y grandes que han deforestado de manera ilegal\u201d, dice haciendo alusi\u00f3n al anuncio de la Procuradur\u00eda. Sol\u00f3n espera que este a\u00f1o, antes de que la \u00e9poca de incendios, se inicien los procesos de reversi\u00f3n de sus tierras por incumplimiento de la normativa.<br \/>\nAl margen de las acciones del Estado, Sol\u00f3n tambi\u00e9n destaca las iniciativas de los pueblos y organizaciones, como la acci\u00f3n popular planteada por la Central de Pueblos Ind\u00edgenas del norte de La Paz (Cpilap) en contra de la miner\u00eda ilegal o la declaratoria del Municipio de Palos Blancos, como territorio agroecol\u00f3gico libre de miner\u00eda.<br \/>\n\u201cQueremos discutir acciones para realmente cambiar esta situaci\u00f3n (\u2026). El objetivo del Fospa es, por un lado, apuntalar estas acciones y, por otro, poder hacer planteamientos de pol\u00edticas nacionales\u201d, se\u00f1ala, en referencia a un posicionamiento en contra de las denominadas \u201cleyes incendiarias\u201d.<br \/>\nSe espera que unas 1.200 personas de nueve pa\u00edses participen del XI Fospa, que tendr\u00e1 una t\u00f3nica diferente a los anteriores porque se han planificado 17 visitas a comunidades ind\u00edgenas para discutir in situ sobre su situaci\u00f3n. Algunas de esas comunidades han sido v\u00edctimas de incendios el a\u00f1o pasado. El Fospa se realizar\u00e1 en Rurrenabaque, San Buenaventura y Reyes entre el 12 y el 15 de junio. (Br\u00fajula Digital\/Sumando Voces)<\/p>\n","protected":false},"excerpt":{"rendered":"<p>El estudio titulado \u201cAmazon\u00eda Contrarreloj\u201d establece que entre el 20 y el 25 por ciento de la Amazon\u00eda ya ha sufrido una irreversible depredaci\u00f3n debido a la deforestaci\u00f3n, los incendios y otras actividades humanas. Sin embargo, el mismo estudio plantea alternativas para salvar el otro 80% del denominado pulm\u00f3n del planeta, entre las que figuran, [&hellip;]<\/p>\n","protected":false},"author":1,"featured_media":223291,"comment_status":"open","ping_status":"open","sticky":false,"template":"","format":"standard","meta":{"_acf_changed":false,"footnotes":""},"categories":[12],"tags":[],"class_list":["post-223290","post","type-post","status-publish","format-standard","has-post-thumbnail","category-nacional"],"acf":{"antetitulo":""},"yoast_head":"<!-- This site is optimized with the Yoast SEO plugin v28.3 - https:\/\/yoast.com\/product\/yoast-seo-wordpress\/ -->\n<title>Plantean seguridad jur\u00eddica para evitar depredaci\u00f3n de bosques - El Diario - Bolivia<\/title>\n<meta name=\"robots\" content=\"index, follow, max-snippet:-1, max-image-preview:large, max-video-preview:-1\" \/>\n<link rel=\"canonical\" href=\"https:\/\/www.eldiario.net\/portal\/2024\/05\/27\/plantean-seguridad-juridica-para-evitar-depredacion-de-bosques\/\" \/>\n<meta property=\"og:locale\" content=\"es_ES\" \/>\n<meta property=\"og:type\" content=\"article\" \/>\n<meta property=\"og:title\" content=\"Plantean seguridad jur\u00eddica para evitar depredaci\u00f3n de bosques - El Diario - Bolivia\" \/>\n<meta property=\"og:description\" content=\"El estudio titulado \u201cAmazon\u00eda Contrarreloj\u201d establece que entre el 20 y el 25 por ciento de la Amazon\u00eda ya ha sufrido una irreversible depredaci\u00f3n debido a la deforestaci\u00f3n, los incendios y otras actividades humanas. Sin embargo, el mismo estudio plantea alternativas para salvar el otro 80% del denominado pulm\u00f3n del planeta, entre las que figuran, [&hellip;]\" \/>\n<meta property=\"og:url\" content=\"https:\/\/www.eldiario.net\/portal\/2024\/05\/27\/plantean-seguridad-juridica-para-evitar-depredacion-de-bosques\/\" \/>\n<meta property=\"og:site_name\" content=\"El Diario - Bolivia\" \/>\n<meta property=\"article:publisher\" content=\"https:\/\/www.facebook.com\/eldiario.bolivia\/\" \/>\n<meta property=\"article:published_time\" content=\"2024-05-27T11:27:22+00:00\" \/>\n<meta property=\"og:image\" content=\"https:\/\/www.eldiario.net\/portal\/wp-content\/uploads\/2024\/05\/10-NAL-2.jpeg\" \/>\n\t<meta property=\"og:image:width\" content=\"720\" \/>\n\t<meta property=\"og:image:height\" content=\"399\" \/>\n\t<meta property=\"og:image:type\" content=\"image\/jpeg\" \/>\n<meta name=\"author\" content=\"Jeanette\" \/>\n<meta name=\"twitter:card\" content=\"summary_large_image\" \/>\n<meta name=\"twitter:creator\" content=\"@eldiario_net\" \/>\n<meta name=\"twitter:site\" content=\"@eldiario_net\" \/>\n<meta name=\"twitter:label1\" content=\"Escrito por\" \/>\n\t<meta name=\"twitter:data1\" content=\"Jeanette\" \/>\n\t<meta name=\"twitter:label2\" content=\"Tiempo de lectura\" \/>\n\t<meta name=\"twitter:data2\" content=\"4 minutos\" \/>\n<script type=\"application\/ld+json\" class=\"yoast-schema-graph\">{\"@context\":\"https:\\\/\\\/schema.org\",\"@graph\":[{\"@type\":\"Article\",\"@id\":\"https:\\\/\\\/www.eldiario.net\\\/portal\\\/2024\\\/05\\\/27\\\/plantean-seguridad-juridica-para-evitar-depredacion-de-bosques\\\/#article\",\"isPartOf\":{\"@id\":\"https:\\\/\\\/www.eldiario.net\\\/portal\\\/2024\\\/05\\\/27\\\/plantean-seguridad-juridica-para-evitar-depredacion-de-bosques\\\/\"},\"author\":{\"name\":\"Jeanette\",\"@id\":\"https:\\\/\\\/www.eldiario.net\\\/portal\\\/#\\\/schema\\\/person\\\/f46445640444750d7d753ccd04ae01b7\"},\"headline\":\"Plantean seguridad jur\u00eddica para evitar depredaci\u00f3n de bosques\",\"datePublished\":\"2024-05-27T11:27:22+00:00\",\"mainEntityOfPage\":{\"@id\":\"https:\\\/\\\/www.eldiario.net\\\/portal\\\/2024\\\/05\\\/27\\\/plantean-seguridad-juridica-para-evitar-depredacion-de-bosques\\\/\"},\"wordCount\":800,\"commentCount\":0,\"publisher\":{\"@id\":\"https:\\\/\\\/www.eldiario.net\\\/portal\\\/#organization\"},\"image\":{\"@id\":\"https:\\\/\\\/www.eldiario.net\\\/portal\\\/2024\\\/05\\\/27\\\/plantean-seguridad-juridica-para-evitar-depredacion-de-bosques\\\/#primaryimage\"},\"thumbnailUrl\":\"https:\\\/\\\/www.eldiario.net\\\/portal\\\/wp-content\\\/uploads\\\/2024\\\/05\\\/10-NAL-2.jpeg\",\"articleSection\":[\"Nacional\"],\"inLanguage\":\"es\",\"potentialAction\":[{\"@type\":\"CommentAction\",\"name\":\"Comment\",\"target\":[\"https:\\\/\\\/www.eldiario.net\\\/portal\\\/2024\\\/05\\\/27\\\/plantean-seguridad-juridica-para-evitar-depredacion-de-bosques\\\/#respond\"]}]},{\"@type\":\"WebPage\",\"@id\":\"https:\\\/\\\/www.eldiario.net\\\/portal\\\/2024\\\/05\\\/27\\\/plantean-seguridad-juridica-para-evitar-depredacion-de-bosques\\\/\",\"url\":\"https:\\\/\\\/www.eldiario.net\\\/portal\\\/2024\\\/05\\\/27\\\/plantean-seguridad-juridica-para-evitar-depredacion-de-bosques\\\/\",\"name\":\"Plantean seguridad jur\u00eddica para evitar depredaci\u00f3n de bosques - El Diario - Bolivia\",\"isPartOf\":{\"@id\":\"https:\\\/\\\/www.eldiario.net\\\/portal\\\/#website\"},\"primaryImageOfPage\":{\"@id\":\"https:\\\/\\\/www.eldiario.net\\\/portal\\\/2024\\\/05\\\/27\\\/plantean-seguridad-juridica-para-evitar-depredacion-de-bosques\\\/#primaryimage\"},\"image\":{\"@id\":\"https:\\\/\\\/www.eldiario.net\\\/portal\\\/2024\\\/05\\\/27\\\/plantean-seguridad-juridica-para-evitar-depredacion-de-bosques\\\/#primaryimage\"},\"thumbnailUrl\":\"https:\\\/\\\/www.eldiario.net\\\/portal\\\/wp-content\\\/uploads\\\/2024\\\/05\\\/10-NAL-2.jpeg\",\"datePublished\":\"2024-05-27T11:27:22+00:00\",\"breadcrumb\":{\"@id\":\"https:\\\/\\\/www.eldiario.net\\\/portal\\\/2024\\\/05\\\/27\\\/plantean-seguridad-juridica-para-evitar-depredacion-de-bosques\\\/#breadcrumb\"},\"inLanguage\":\"es\",\"potentialAction\":[{\"@type\":\"ReadAction\",\"target\":[\"https:\\\/\\\/www.eldiario.net\\\/portal\\\/2024\\\/05\\\/27\\\/plantean-seguridad-juridica-para-evitar-depredacion-de-bosques\\\/\"]}]},{\"@type\":\"ImageObject\",\"inLanguage\":\"es\",\"@id\":\"https:\\\/\\\/www.eldiario.net\\\/portal\\\/2024\\\/05\\\/27\\\/plantean-seguridad-juridica-para-evitar-depredacion-de-bosques\\\/#primaryimage\",\"url\":\"https:\\\/\\\/www.eldiario.net\\\/portal\\\/wp-content\\\/uploads\\\/2024\\\/05\\\/10-NAL-2.jpeg\",\"contentUrl\":\"https:\\\/\\\/www.eldiario.net\\\/portal\\\/wp-content\\\/uploads\\\/2024\\\/05\\\/10-NAL-2.jpeg\",\"width\":720,\"height\":399,\"caption\":\"Urge tomar medidas dr\u00e1sticas para evitar la desaparici\u00f3n de bosques.\"},{\"@type\":\"BreadcrumbList\",\"@id\":\"https:\\\/\\\/www.eldiario.net\\\/portal\\\/2024\\\/05\\\/27\\\/plantean-seguridad-juridica-para-evitar-depredacion-de-bosques\\\/#breadcrumb\",\"itemListElement\":[{\"@type\":\"ListItem\",\"position\":1,\"name\":\"Portada\",\"item\":\"https:\\\/\\\/www.eldiario.net\\\/portal\\\/\"},{\"@type\":\"ListItem\",\"position\":2,\"name\":\"Plantean seguridad jur\u00eddica para evitar depredaci\u00f3n de bosques\"}]},{\"@type\":\"WebSite\",\"@id\":\"https:\\\/\\\/www.eldiario.net\\\/portal\\\/#website\",\"url\":\"https:\\\/\\\/www.eldiario.net\\\/portal\\\/\",\"name\":\"El Diario - Decano de la prensa nacional\",\"description\":\"El Diario - Decano de la prensa nacional\",\"publisher\":{\"@id\":\"https:\\\/\\\/www.eldiario.net\\\/portal\\\/#organization\"},\"potentialAction\":[{\"@type\":\"SearchAction\",\"target\":{\"@type\":\"EntryPoint\",\"urlTemplate\":\"https:\\\/\\\/www.eldiario.net\\\/portal\\\/?s={search_term_string}\"},\"query-input\":{\"@type\":\"PropertyValueSpecification\",\"valueRequired\":true,\"valueName\":\"search_term_string\"}}],\"inLanguage\":\"es\"},{\"@type\":\"Organization\",\"@id\":\"https:\\\/\\\/www.eldiario.net\\\/portal\\\/#organization\",\"name\":\"El Diario - Decano de la prensa nacional\",\"url\":\"https:\\\/\\\/www.eldiario.net\\\/portal\\\/\",\"logo\":{\"@type\":\"ImageObject\",\"inLanguage\":\"es\",\"@id\":\"https:\\\/\\\/www.eldiario.net\\\/portal\\\/#\\\/schema\\\/logo\\\/image\\\/\",\"url\":\"https:\\\/\\\/www.eldiario.net\\\/portal\\\/wp-content\\\/uploads\\\/2023\\\/07\\\/logo_ED.jpg\",\"contentUrl\":\"https:\\\/\\\/www.eldiario.net\\\/portal\\\/wp-content\\\/uploads\\\/2023\\\/07\\\/logo_ED.jpg\",\"width\":272,\"height\":52,\"caption\":\"El Diario - Decano de la prensa nacional\"},\"image\":{\"@id\":\"https:\\\/\\\/www.eldiario.net\\\/portal\\\/#\\\/schema\\\/logo\\\/image\\\/\"},\"sameAs\":[\"https:\\\/\\\/www.facebook.com\\\/eldiario.bolivia\\\/\",\"https:\\\/\\\/x.com\\\/eldiario_net\"]},{\"@type\":\"Person\",\"@id\":\"https:\\\/\\\/www.eldiario.net\\\/portal\\\/#\\\/schema\\\/person\\\/f46445640444750d7d753ccd04ae01b7\",\"name\":\"Jeanette\",\"image\":{\"@type\":\"ImageObject\",\"inLanguage\":\"es\",\"@id\":\"https:\\\/\\\/secure.gravatar.com\\\/avatar\\\/3ea2118a5f7dad2b7138b1187a6b7ee55f160b9968b66013c3a3ef39dd7e5798?s=96&d=mm&r=g\",\"url\":\"https:\\\/\\\/secure.gravatar.com\\\/avatar\\\/3ea2118a5f7dad2b7138b1187a6b7ee55f160b9968b66013c3a3ef39dd7e5798?s=96&d=mm&r=g\",\"contentUrl\":\"https:\\\/\\\/secure.gravatar.com\\\/avatar\\\/3ea2118a5f7dad2b7138b1187a6b7ee55f160b9968b66013c3a3ef39dd7e5798?s=96&d=mm&r=g\",\"caption\":\"Jeanette\"},\"sameAs\":[\"https:\\\/\\\/www.eldiario.net\\\/portal\"],\"url\":\"https:\\\/\\\/www.eldiario.net\\\/portal\\\/author\\\/jeanette\\\/\"}]}<\/script>\n<!-- \/ Yoast SEO plugin. -->","yoast_head_json":{"title":"Plantean seguridad jur\u00eddica para evitar depredaci\u00f3n de bosques - El Diario - Bolivia","robots":{"index":"index","follow":"follow","max-snippet":"max-snippet:-1","max-image-preview":"max-image-preview:large","max-video-preview":"max-video-preview:-1"},"canonical":"https:\/\/www.eldiario.net\/portal\/2024\/05\/27\/plantean-seguridad-juridica-para-evitar-depredacion-de-bosques\/","og_locale":"es_ES","og_type":"article","og_title":"Plantean seguridad jur\u00eddica para evitar depredaci\u00f3n de bosques - El Diario - Bolivia","og_description":"El estudio titulado \u201cAmazon\u00eda Contrarreloj\u201d establece que entre el 20 y el 25 por ciento de la Amazon\u00eda ya ha sufrido una irreversible depredaci\u00f3n debido a la deforestaci\u00f3n, los incendios y otras actividades humanas. Sin embargo, el mismo estudio plantea alternativas para salvar el otro 80% del denominado pulm\u00f3n del planeta, entre las que figuran, [&hellip;]","og_url":"https:\/\/www.eldiario.net\/portal\/2024\/05\/27\/plantean-seguridad-juridica-para-evitar-depredacion-de-bosques\/","og_site_name":"El Diario - Bolivia","article_publisher":"https:\/\/www.facebook.com\/eldiario.bolivia\/","article_published_time":"2024-05-27T11:27:22+00:00","og_image":[{"width":720,"height":399,"url":"https:\/\/www.eldiario.net\/portal\/wp-content\/uploads\/2024\/05\/10-NAL-2.jpeg","type":"image\/jpeg"}],"author":"Jeanette","twitter_card":"summary_large_image","twitter_creator":"@eldiario_net","twitter_site":"@eldiario_net","twitter_misc":{"Escrito por":"Jeanette","Tiempo de lectura":"4 minutos"},"schema":{"@context":"https:\/\/schema.org","@graph":[{"@type":"Article","@id":"https:\/\/www.eldiario.net\/portal\/2024\/05\/27\/plantean-seguridad-juridica-para-evitar-depredacion-de-bosques\/#article","isPartOf":{"@id":"https:\/\/www.eldiario.net\/portal\/2024\/05\/27\/plantean-seguridad-juridica-para-evitar-depredacion-de-bosques\/"},"author":{"name":"Jeanette","@id":"https:\/\/www.eldiario.net\/portal\/#\/schema\/person\/f46445640444750d7d753ccd04ae01b7"},"headline":"Plantean seguridad jur\u00eddica para evitar depredaci\u00f3n de bosques","datePublished":"2024-05-27T11:27:22+00:00","mainEntityOfPage":{"@id":"https:\/\/www.eldiario.net\/portal\/2024\/05\/27\/plantean-seguridad-juridica-para-evitar-depredacion-de-bosques\/"},"wordCount":800,"commentCount":0,"publisher":{"@id":"https:\/\/www.eldiario.net\/portal\/#organization"},"image":{"@id":"https:\/\/www.eldiario.net\/portal\/2024\/05\/27\/plantean-seguridad-juridica-para-evitar-depredacion-de-bosques\/#primaryimage"},"thumbnailUrl":"https:\/\/www.eldiario.net\/portal\/wp-content\/uploads\/2024\/05\/10-NAL-2.jpeg","articleSection":["Nacional"],"inLanguage":"es","potentialAction":[{"@type":"CommentAction","name":"Comment","target":["https:\/\/www.eldiario.net\/portal\/2024\/05\/27\/plantean-seguridad-juridica-para-evitar-depredacion-de-bosques\/#respond"]}]},{"@type":"WebPage","@id":"https:\/\/www.eldiario.net\/portal\/2024\/05\/27\/plantean-seguridad-juridica-para-evitar-depredacion-de-bosques\/","url":"https:\/\/www.eldiario.net\/portal\/2024\/05\/27\/plantean-seguridad-juridica-para-evitar-depredacion-de-bosques\/","name":"Plantean seguridad jur\u00eddica para evitar depredaci\u00f3n de bosques - El Diario - Bolivia","isPartOf":{"@id":"https:\/\/www.eldiario.net\/portal\/#website"},"primaryImageOfPage":{"@id":"https:\/\/www.eldiario.net\/portal\/2024\/05\/27\/plantean-seguridad-juridica-para-evitar-depredacion-de-bosques\/#primaryimage"},"image":{"@id":"https:\/\/www.eldiario.net\/portal\/2024\/05\/27\/plantean-seguridad-juridica-para-evitar-depredacion-de-bosques\/#primaryimage"},"thumbnailUrl":"https:\/\/www.eldiario.net\/portal\/wp-content\/uploads\/2024\/05\/10-NAL-2.jpeg","datePublished":"2024-05-27T11:27:22+00:00","breadcrumb":{"@id":"https:\/\/www.eldiario.net\/portal\/2024\/05\/27\/plantean-seguridad-juridica-para-evitar-depredacion-de-bosques\/#breadcrumb"},"inLanguage":"es","potentialAction":[{"@type":"ReadAction","target":["https:\/\/www.eldiario.net\/portal\/2024\/05\/27\/plantean-seguridad-juridica-para-evitar-depredacion-de-bosques\/"]}]},{"@type":"ImageObject","inLanguage":"es","@id":"https:\/\/www.eldiario.net\/portal\/2024\/05\/27\/plantean-seguridad-juridica-para-evitar-depredacion-de-bosques\/#primaryimage","url":"https:\/\/www.eldiario.net\/portal\/wp-content\/uploads\/2024\/05\/10-NAL-2.jpeg","contentUrl":"https:\/\/www.eldiario.net\/portal\/wp-content\/uploads\/2024\/05\/10-NAL-2.jpeg","width":720,"height":399,"caption":"Urge tomar medidas dr\u00e1sticas para evitar la desaparici\u00f3n de bosques."},{"@type":"BreadcrumbList","@id":"https:\/\/www.eldiario.net\/portal\/2024\/05\/27\/plantean-seguridad-juridica-para-evitar-depredacion-de-bosques\/#breadcrumb","itemListElement":[{"@type":"ListItem","position":1,"name":"Portada","item":"https:\/\/www.eldiario.net\/portal\/"},{"@type":"ListItem","position":2,"name":"Plantean seguridad jur\u00eddica para evitar depredaci\u00f3n de bosques"}]},{"@type":"WebSite","@id":"https:\/\/www.eldiario.net\/portal\/#website","url":"https:\/\/www.eldiario.net\/portal\/","name":"El Diario - Decano de la prensa nacional","description":"El Diario - Decano de la prensa nacional","publisher":{"@id":"https:\/\/www.eldiario.net\/portal\/#organization"},"potentialAction":[{"@type":"SearchAction","target":{"@type":"EntryPoint","urlTemplate":"https:\/\/www.eldiario.net\/portal\/?s={search_term_string}"},"query-input":{"@type":"PropertyValueSpecification","valueRequired":true,"valueName":"search_term_string"}}],"inLanguage":"es"},{"@type":"Organization","@id":"https:\/\/www.eldiario.net\/portal\/#organization","name":"El Diario - Decano de la prensa nacional","url":"https:\/\/www.eldiario.net\/portal\/","logo":{"@type":"ImageObject","inLanguage":"es","@id":"https:\/\/www.eldiario.net\/portal\/#\/schema\/logo\/image\/","url":"https:\/\/www.eldiario.net\/portal\/wp-content\/uploads\/2023\/07\/logo_ED.jpg","contentUrl":"https:\/\/www.eldiario.net\/portal\/wp-content\/uploads\/2023\/07\/logo_ED.jpg","width":272,"height":52,"caption":"El Diario - Decano de la prensa nacional"},"image":{"@id":"https:\/\/www.eldiario.net\/portal\/#\/schema\/logo\/image\/"},"sameAs":["https:\/\/www.facebook.com\/eldiario.bolivia\/","https:\/\/x.com\/eldiario_net"]},{"@type":"Person","@id":"https:\/\/www.eldiario.net\/portal\/#\/schema\/person\/f46445640444750d7d753ccd04ae01b7","name":"Jeanette","image":{"@type":"ImageObject","inLanguage":"es","@id":"https:\/\/secure.gravatar.com\/avatar\/3ea2118a5f7dad2b7138b1187a6b7ee55f160b9968b66013c3a3ef39dd7e5798?s=96&d=mm&r=g","url":"https:\/\/secure.gravatar.com\/avatar\/3ea2118a5f7dad2b7138b1187a6b7ee55f160b9968b66013c3a3ef39dd7e5798?s=96&d=mm&r=g","contentUrl":"https:\/\/secure.gravatar.com\/avatar\/3ea2118a5f7dad2b7138b1187a6b7ee55f160b9968b66013c3a3ef39dd7e5798?s=96&d=mm&r=g","caption":"Jeanette"},"sameAs":["https:\/\/www.eldiario.net\/portal"],"url":"https:\/\/www.eldiario.net\/portal\/author\/jeanette\/"}]}},"_links":{"self":[{"href":"https:\/\/www.eldiario.net\/portal\/wp-json\/wp\/v2\/posts\/223290","targetHints":{"allow":["GET"]}}],"collection":[{"href":"https:\/\/www.eldiario.net\/portal\/wp-json\/wp\/v2\/posts"}],"about":[{"href":"https:\/\/www.eldiario.net\/portal\/wp-json\/wp\/v2\/types\/post"}],"author":[{"embeddable":true,"href":"https:\/\/www.eldiario.net\/portal\/wp-json\/wp\/v2\/users\/1"}],"replies":[{"embeddable":true,"href":"https:\/\/www.eldiario.net\/portal\/wp-json\/wp\/v2\/comments?post=223290"}],"version-history":[{"count":1,"href":"https:\/\/www.eldiario.net\/portal\/wp-json\/wp\/v2\/posts\/223290\/revisions"}],"predecessor-version":[{"id":223292,"href":"https:\/\/www.eldiario.net\/portal\/wp-json\/wp\/v2\/posts\/223290\/revisions\/223292"}],"wp:featuredmedia":[{"embeddable":true,"href":"https:\/\/www.eldiario.net\/portal\/wp-json\/wp\/v2\/media\/223291"}],"wp:attachment":[{"href":"https:\/\/www.eldiario.net\/portal\/wp-json\/wp\/v2\/media?parent=223290"}],"wp:term":[{"taxonomy":"category","embeddable":true,"href":"https:\/\/www.eldiario.net\/portal\/wp-json\/wp\/v2\/categories?post=223290"},{"taxonomy":"post_tag","embeddable":true,"href":"https:\/\/www.eldiario.net\/portal\/wp-json\/wp\/v2\/tags?post=223290"}],"curies":[{"name":"wp","href":"https:\/\/api.w.org\/{rel}","templated":true}]}}