{"id":223279,"date":"2024-05-27T07:23:57","date_gmt":"2024-05-27T11:23:57","guid":{"rendered":"https:\/\/www.eldiario.net\/portal\/?p=223279"},"modified":"2024-05-27T07:23:57","modified_gmt":"2024-05-27T11:23:57","slug":"42-de-bolivianos-cree-que-hay-grave-crisis-economica","status":"publish","type":"post","link":"https:\/\/www.eldiario.net\/portal\/2024\/05\/27\/42-de-bolivianos-cree-que-hay-grave-crisis-economica\/","title":{"rendered":"42% de bolivianos cree que hay \u201cgrave crisis\u201d econ\u00f3mica"},"content":{"rendered":"<p>De acuerdo con una encuesta de Diagnosis, el 42% de la poblaci\u00f3n boliviana cree que el pa\u00eds est\u00e1 en una \u201cgrave crisis econ\u00f3mica\u201d, debido a la falta de d\u00f3lares y la escasez de combustibles en el pa\u00eds.<br \/>\nSeg\u00fan el estudio, en febrero de este a\u00f1o, un 36% se\u00f1alaba que el pa\u00eds estaba en una grave crisis econ\u00f3mica, pero este porcentaje aument\u00f3 entre marzo y abril, llegando a este mes con un 42%.<br \/>\n\u201cLa sensaci\u00f3n que Bolivia ya est\u00e1 en una grave crisis econ\u00f3mica, aument\u00f3 del 36% en febrero de este a\u00f1o al 42% en mayo. Es decir, el Gobierno est\u00e1 perdiendo la batalla en el relato por la escasez de d\u00f3lares y de combustibles. Con ello, la principal fortaleza de Arce como el que garantiza la estabilidad econ\u00f3mica se debilita considerablemente\u201d, indica el estudio.<br \/>\nLa ficha t\u00e9cnica de la encuesta de Diagnosis se\u00f1ala que el trabajo de campo fue realizado entre el 18 y 19 de mayo de 2024. El universo fue de hombres y mujeres de 18 a 65 a\u00f1os. La muestra lleg\u00f3 a 1.800 encuestas en las \u00e1reas urbana y rural de los nueve departamentos.<br \/>\nAsimismo, en febrero, un 16% indicaba que en el pa\u00eds no hab\u00eda una crisis econ\u00f3mica, pero esto tambi\u00e9n baj\u00f3 y en este mes, solamente un 11% cree tal afirmaci\u00f3n.<br \/>\nSeg\u00fan Diagnosis, lo \u00fanico que a\u00fan sostiene la imagen del presidente Luis Arce, en el \u00e1mbito econ\u00f3mico, \u201ces que un importante tercio de la poblaci\u00f3n no se siente afectado directamente por la escasez de d\u00f3lares y de combustibles. Es decir, se reconoce que hay escasez; pero, por de pronto, la misma no est\u00e1 deteriorando la econom\u00eda familiar\u201d.<br \/>\nEsto se ve reflejado en las constantes movilizaciones que realizaron sectores como el Transporte Pesado e Internacional y los Gremialistas, que le piden al Gobierno mayor flujo de divisas y que se deba resolver el problema de la falta de combustibles.<br \/>\nD\u00d3LARES<br \/>\nPor otro lado, el trabajo realizado por la empresa Diagnosis en varias ciudades capitales del pa\u00eds dio cuenta que el 52% de los bolivianos considera que la falta de d\u00f3lares y combustibles es consecuencia de una mala gesti\u00f3n econ\u00f3mica del Gobierno, mientras que el 62% sostiene que el pa\u00eds ya vive una crisis econ\u00f3mica.<br \/>\n\u201cEl 52% cree que hay una mala gesti\u00f3n de la econom\u00eda y el 62% afirma que como pa\u00eds estamos viviendo una crisis econ\u00f3mica. Este incremento en el pesimismo sobre la econom\u00eda del pa\u00eds debilita el principal atributo del Presidente: \u2018el economista capaz de mantener la estabilidad\u2019. Cada vez m\u00e1s personas ponen en duda la solvencia presidencial en el \u00e1mbito econ\u00f3mico\u201d, advierte el estudio de Diagnosis. (Br\u00fajula Digital)<\/p>\n","protected":false},"excerpt":{"rendered":"<p>De acuerdo con una encuesta de Diagnosis, el 42% de la poblaci\u00f3n boliviana cree que el pa\u00eds est\u00e1 en una \u201cgrave crisis econ\u00f3mica\u201d, debido a la falta de d\u00f3lares y la escasez de combustibles en el pa\u00eds. Seg\u00fan el estudio, en febrero de este a\u00f1o, un 36% se\u00f1alaba que el pa\u00eds estaba en una grave [&hellip;]<\/p>\n","protected":false},"author":1,"featured_media":223280,"comment_status":"open","ping_status":"open","sticky":false,"template":"","format":"standard","meta":{"_acf_changed":false,"footnotes":""},"categories":[7],"tags":[],"class_list":["post-223279","post","type-post","status-publish","format-standard","has-post-thumbnail","category-economia"],"acf":{"antetitulo":""},"yoast_head":"<!-- This site is optimized with the Yoast SEO plugin v28.3 - https:\/\/yoast.com\/product\/yoast-seo-wordpress\/ -->\n<title>42% de bolivianos cree que hay \u201cgrave crisis\u201d econ\u00f3mica - El Diario - Bolivia<\/title>\n<meta name=\"robots\" content=\"index, follow, max-snippet:-1, max-image-preview:large, max-video-preview:-1\" \/>\n<link rel=\"canonical\" href=\"https:\/\/www.eldiario.net\/portal\/2024\/05\/27\/42-de-bolivianos-cree-que-hay-grave-crisis-economica\/\" \/>\n<meta property=\"og:locale\" content=\"es_ES\" \/>\n<meta property=\"og:type\" content=\"article\" \/>\n<meta property=\"og:title\" content=\"42% de bolivianos cree que hay \u201cgrave crisis\u201d econ\u00f3mica - El Diario - Bolivia\" \/>\n<meta property=\"og:description\" content=\"De acuerdo con una encuesta de Diagnosis, el 42% de la poblaci\u00f3n boliviana cree que el pa\u00eds est\u00e1 en una \u201cgrave crisis econ\u00f3mica\u201d, debido a la falta de d\u00f3lares y la escasez de combustibles en el pa\u00eds. Seg\u00fan el estudio, en febrero de este a\u00f1o, un 36% se\u00f1alaba que el pa\u00eds estaba en una grave [&hellip;]\" \/>\n<meta property=\"og:url\" content=\"https:\/\/www.eldiario.net\/portal\/2024\/05\/27\/42-de-bolivianos-cree-que-hay-grave-crisis-economica\/\" \/>\n<meta property=\"og:site_name\" content=\"El Diario - Bolivia\" \/>\n<meta property=\"article:publisher\" content=\"https:\/\/www.facebook.com\/eldiario.bolivia\/\" \/>\n<meta property=\"article:published_time\" content=\"2024-05-27T11:23:57+00:00\" \/>\n<meta property=\"og:image\" content=\"https:\/\/www.eldiario.net\/portal\/wp-content\/uploads\/2024\/05\/F-1-eco.jpeg\" \/>\n\t<meta property=\"og:image:width\" content=\"720\" \/>\n\t<meta property=\"og:image:height\" content=\"400\" \/>\n\t<meta property=\"og:image:type\" content=\"image\/jpeg\" \/>\n<meta name=\"author\" content=\"Jeanette\" \/>\n<meta name=\"twitter:card\" content=\"summary_large_image\" \/>\n<meta name=\"twitter:creator\" content=\"@eldiario_net\" \/>\n<meta name=\"twitter:site\" content=\"@eldiario_net\" \/>\n<meta name=\"twitter:label1\" content=\"Escrito por\" \/>\n\t<meta name=\"twitter:data1\" content=\"Jeanette\" \/>\n\t<meta name=\"twitter:label2\" content=\"Tiempo de lectura\" \/>\n\t<meta name=\"twitter:data2\" content=\"2 minutos\" \/>\n<script type=\"application\/ld+json\" class=\"yoast-schema-graph\">{\"@context\":\"https:\\\/\\\/schema.org\",\"@graph\":[{\"@type\":\"Article\",\"@id\":\"https:\\\/\\\/www.eldiario.net\\\/portal\\\/2024\\\/05\\\/27\\\/42-de-bolivianos-cree-que-hay-grave-crisis-economica\\\/#article\",\"isPartOf\":{\"@id\":\"https:\\\/\\\/www.eldiario.net\\\/portal\\\/2024\\\/05\\\/27\\\/42-de-bolivianos-cree-que-hay-grave-crisis-economica\\\/\"},\"author\":{\"name\":\"Jeanette\",\"@id\":\"https:\\\/\\\/www.eldiario.net\\\/portal\\\/#\\\/schema\\\/person\\\/f46445640444750d7d753ccd04ae01b7\"},\"headline\":\"42% de bolivianos cree que hay \u201cgrave crisis\u201d econ\u00f3mica\",\"datePublished\":\"2024-05-27T11:23:57+00:00\",\"mainEntityOfPage\":{\"@id\":\"https:\\\/\\\/www.eldiario.net\\\/portal\\\/2024\\\/05\\\/27\\\/42-de-bolivianos-cree-que-hay-grave-crisis-economica\\\/\"},\"wordCount\":473,\"commentCount\":0,\"publisher\":{\"@id\":\"https:\\\/\\\/www.eldiario.net\\\/portal\\\/#organization\"},\"image\":{\"@id\":\"https:\\\/\\\/www.eldiario.net\\\/portal\\\/2024\\\/05\\\/27\\\/42-de-bolivianos-cree-que-hay-grave-crisis-economica\\\/#primaryimage\"},\"thumbnailUrl\":\"https:\\\/\\\/www.eldiario.net\\\/portal\\\/wp-content\\\/uploads\\\/2024\\\/05\\\/F-1-eco.jpeg\",\"articleSection\":[\"Econom\u00eda\"],\"inLanguage\":\"es\",\"potentialAction\":[{\"@type\":\"CommentAction\",\"name\":\"Comment\",\"target\":[\"https:\\\/\\\/www.eldiario.net\\\/portal\\\/2024\\\/05\\\/27\\\/42-de-bolivianos-cree-que-hay-grave-crisis-economica\\\/#respond\"]}]},{\"@type\":\"WebPage\",\"@id\":\"https:\\\/\\\/www.eldiario.net\\\/portal\\\/2024\\\/05\\\/27\\\/42-de-bolivianos-cree-que-hay-grave-crisis-economica\\\/\",\"url\":\"https:\\\/\\\/www.eldiario.net\\\/portal\\\/2024\\\/05\\\/27\\\/42-de-bolivianos-cree-que-hay-grave-crisis-economica\\\/\",\"name\":\"42% de bolivianos cree que hay \u201cgrave crisis\u201d econ\u00f3mica - El Diario - Bolivia\",\"isPartOf\":{\"@id\":\"https:\\\/\\\/www.eldiario.net\\\/portal\\\/#website\"},\"primaryImageOfPage\":{\"@id\":\"https:\\\/\\\/www.eldiario.net\\\/portal\\\/2024\\\/05\\\/27\\\/42-de-bolivianos-cree-que-hay-grave-crisis-economica\\\/#primaryimage\"},\"image\":{\"@id\":\"https:\\\/\\\/www.eldiario.net\\\/portal\\\/2024\\\/05\\\/27\\\/42-de-bolivianos-cree-que-hay-grave-crisis-economica\\\/#primaryimage\"},\"thumbnailUrl\":\"https:\\\/\\\/www.eldiario.net\\\/portal\\\/wp-content\\\/uploads\\\/2024\\\/05\\\/F-1-eco.jpeg\",\"datePublished\":\"2024-05-27T11:23:57+00:00\",\"breadcrumb\":{\"@id\":\"https:\\\/\\\/www.eldiario.net\\\/portal\\\/2024\\\/05\\\/27\\\/42-de-bolivianos-cree-que-hay-grave-crisis-economica\\\/#breadcrumb\"},\"inLanguage\":\"es\",\"potentialAction\":[{\"@type\":\"ReadAction\",\"target\":[\"https:\\\/\\\/www.eldiario.net\\\/portal\\\/2024\\\/05\\\/27\\\/42-de-bolivianos-cree-que-hay-grave-crisis-economica\\\/\"]}]},{\"@type\":\"ImageObject\",\"inLanguage\":\"es\",\"@id\":\"https:\\\/\\\/www.eldiario.net\\\/portal\\\/2024\\\/05\\\/27\\\/42-de-bolivianos-cree-que-hay-grave-crisis-economica\\\/#primaryimage\",\"url\":\"https:\\\/\\\/www.eldiario.net\\\/portal\\\/wp-content\\\/uploads\\\/2024\\\/05\\\/F-1-eco.jpeg\",\"contentUrl\":\"https:\\\/\\\/www.eldiario.net\\\/portal\\\/wp-content\\\/uploads\\\/2024\\\/05\\\/F-1-eco.jpeg\",\"width\":720,\"height\":400,\"caption\":\"Los datos de la encuesta, referidos al tema, compartidos por la empresa Diagnosis.\"},{\"@type\":\"BreadcrumbList\",\"@id\":\"https:\\\/\\\/www.eldiario.net\\\/portal\\\/2024\\\/05\\\/27\\\/42-de-bolivianos-cree-que-hay-grave-crisis-economica\\\/#breadcrumb\",\"itemListElement\":[{\"@type\":\"ListItem\",\"position\":1,\"name\":\"Portada\",\"item\":\"https:\\\/\\\/www.eldiario.net\\\/portal\\\/\"},{\"@type\":\"ListItem\",\"position\":2,\"name\":\"42% de bolivianos cree que hay \u201cgrave crisis\u201d econ\u00f3mica\"}]},{\"@type\":\"WebSite\",\"@id\":\"https:\\\/\\\/www.eldiario.net\\\/portal\\\/#website\",\"url\":\"https:\\\/\\\/www.eldiario.net\\\/portal\\\/\",\"name\":\"El Diario - Decano de la prensa nacional\",\"description\":\"El Diario - Decano de la prensa nacional\",\"publisher\":{\"@id\":\"https:\\\/\\\/www.eldiario.net\\\/portal\\\/#organization\"},\"potentialAction\":[{\"@type\":\"SearchAction\",\"target\":{\"@type\":\"EntryPoint\",\"urlTemplate\":\"https:\\\/\\\/www.eldiario.net\\\/portal\\\/?s={search_term_string}\"},\"query-input\":{\"@type\":\"PropertyValueSpecification\",\"valueRequired\":true,\"valueName\":\"search_term_string\"}}],\"inLanguage\":\"es\"},{\"@type\":\"Organization\",\"@id\":\"https:\\\/\\\/www.eldiario.net\\\/portal\\\/#organization\",\"name\":\"El Diario - Decano de la prensa nacional\",\"url\":\"https:\\\/\\\/www.eldiario.net\\\/portal\\\/\",\"logo\":{\"@type\":\"ImageObject\",\"inLanguage\":\"es\",\"@id\":\"https:\\\/\\\/www.eldiario.net\\\/portal\\\/#\\\/schema\\\/logo\\\/image\\\/\",\"url\":\"https:\\\/\\\/www.eldiario.net\\\/portal\\\/wp-content\\\/uploads\\\/2023\\\/07\\\/logo_ED.jpg\",\"contentUrl\":\"https:\\\/\\\/www.eldiario.net\\\/portal\\\/wp-content\\\/uploads\\\/2023\\\/07\\\/logo_ED.jpg\",\"width\":272,\"height\":52,\"caption\":\"El Diario - Decano de la prensa nacional\"},\"image\":{\"@id\":\"https:\\\/\\\/www.eldiario.net\\\/portal\\\/#\\\/schema\\\/logo\\\/image\\\/\"},\"sameAs\":[\"https:\\\/\\\/www.facebook.com\\\/eldiario.bolivia\\\/\",\"https:\\\/\\\/x.com\\\/eldiario_net\"]},{\"@type\":\"Person\",\"@id\":\"https:\\\/\\\/www.eldiario.net\\\/portal\\\/#\\\/schema\\\/person\\\/f46445640444750d7d753ccd04ae01b7\",\"name\":\"Jeanette\",\"image\":{\"@type\":\"ImageObject\",\"inLanguage\":\"es\",\"@id\":\"https:\\\/\\\/secure.gravatar.com\\\/avatar\\\/3ea2118a5f7dad2b7138b1187a6b7ee55f160b9968b66013c3a3ef39dd7e5798?s=96&d=mm&r=g\",\"url\":\"https:\\\/\\\/secure.gravatar.com\\\/avatar\\\/3ea2118a5f7dad2b7138b1187a6b7ee55f160b9968b66013c3a3ef39dd7e5798?s=96&d=mm&r=g\",\"contentUrl\":\"https:\\\/\\\/secure.gravatar.com\\\/avatar\\\/3ea2118a5f7dad2b7138b1187a6b7ee55f160b9968b66013c3a3ef39dd7e5798?s=96&d=mm&r=g\",\"caption\":\"Jeanette\"},\"sameAs\":[\"https:\\\/\\\/www.eldiario.net\\\/portal\"],\"url\":\"https:\\\/\\\/www.eldiario.net\\\/portal\\\/author\\\/jeanette\\\/\"}]}<\/script>\n<!-- \/ Yoast SEO plugin. -->","yoast_head_json":{"title":"42% de bolivianos cree que hay \u201cgrave crisis\u201d econ\u00f3mica - El Diario - Bolivia","robots":{"index":"index","follow":"follow","max-snippet":"max-snippet:-1","max-image-preview":"max-image-preview:large","max-video-preview":"max-video-preview:-1"},"canonical":"https:\/\/www.eldiario.net\/portal\/2024\/05\/27\/42-de-bolivianos-cree-que-hay-grave-crisis-economica\/","og_locale":"es_ES","og_type":"article","og_title":"42% de bolivianos cree que hay \u201cgrave crisis\u201d econ\u00f3mica - El Diario - Bolivia","og_description":"De acuerdo con una encuesta de Diagnosis, el 42% de la poblaci\u00f3n boliviana cree que el pa\u00eds est\u00e1 en una \u201cgrave crisis econ\u00f3mica\u201d, debido a la falta de d\u00f3lares y la escasez de combustibles en el pa\u00eds. Seg\u00fan el estudio, en febrero de este a\u00f1o, un 36% se\u00f1alaba que el pa\u00eds estaba en una grave [&hellip;]","og_url":"https:\/\/www.eldiario.net\/portal\/2024\/05\/27\/42-de-bolivianos-cree-que-hay-grave-crisis-economica\/","og_site_name":"El Diario - Bolivia","article_publisher":"https:\/\/www.facebook.com\/eldiario.bolivia\/","article_published_time":"2024-05-27T11:23:57+00:00","og_image":[{"width":720,"height":400,"url":"https:\/\/www.eldiario.net\/portal\/wp-content\/uploads\/2024\/05\/F-1-eco.jpeg","type":"image\/jpeg"}],"author":"Jeanette","twitter_card":"summary_large_image","twitter_creator":"@eldiario_net","twitter_site":"@eldiario_net","twitter_misc":{"Escrito por":"Jeanette","Tiempo de lectura":"2 minutos"},"schema":{"@context":"https:\/\/schema.org","@graph":[{"@type":"Article","@id":"https:\/\/www.eldiario.net\/portal\/2024\/05\/27\/42-de-bolivianos-cree-que-hay-grave-crisis-economica\/#article","isPartOf":{"@id":"https:\/\/www.eldiario.net\/portal\/2024\/05\/27\/42-de-bolivianos-cree-que-hay-grave-crisis-economica\/"},"author":{"name":"Jeanette","@id":"https:\/\/www.eldiario.net\/portal\/#\/schema\/person\/f46445640444750d7d753ccd04ae01b7"},"headline":"42% de bolivianos cree que hay \u201cgrave crisis\u201d econ\u00f3mica","datePublished":"2024-05-27T11:23:57+00:00","mainEntityOfPage":{"@id":"https:\/\/www.eldiario.net\/portal\/2024\/05\/27\/42-de-bolivianos-cree-que-hay-grave-crisis-economica\/"},"wordCount":473,"commentCount":0,"publisher":{"@id":"https:\/\/www.eldiario.net\/portal\/#organization"},"image":{"@id":"https:\/\/www.eldiario.net\/portal\/2024\/05\/27\/42-de-bolivianos-cree-que-hay-grave-crisis-economica\/#primaryimage"},"thumbnailUrl":"https:\/\/www.eldiario.net\/portal\/wp-content\/uploads\/2024\/05\/F-1-eco.jpeg","articleSection":["Econom\u00eda"],"inLanguage":"es","potentialAction":[{"@type":"CommentAction","name":"Comment","target":["https:\/\/www.eldiario.net\/portal\/2024\/05\/27\/42-de-bolivianos-cree-que-hay-grave-crisis-economica\/#respond"]}]},{"@type":"WebPage","@id":"https:\/\/www.eldiario.net\/portal\/2024\/05\/27\/42-de-bolivianos-cree-que-hay-grave-crisis-economica\/","url":"https:\/\/www.eldiario.net\/portal\/2024\/05\/27\/42-de-bolivianos-cree-que-hay-grave-crisis-economica\/","name":"42% de bolivianos cree que hay \u201cgrave crisis\u201d econ\u00f3mica - El Diario - Bolivia","isPartOf":{"@id":"https:\/\/www.eldiario.net\/portal\/#website"},"primaryImageOfPage":{"@id":"https:\/\/www.eldiario.net\/portal\/2024\/05\/27\/42-de-bolivianos-cree-que-hay-grave-crisis-economica\/#primaryimage"},"image":{"@id":"https:\/\/www.eldiario.net\/portal\/2024\/05\/27\/42-de-bolivianos-cree-que-hay-grave-crisis-economica\/#primaryimage"},"thumbnailUrl":"https:\/\/www.eldiario.net\/portal\/wp-content\/uploads\/2024\/05\/F-1-eco.jpeg","datePublished":"2024-05-27T11:23:57+00:00","breadcrumb":{"@id":"https:\/\/www.eldiario.net\/portal\/2024\/05\/27\/42-de-bolivianos-cree-que-hay-grave-crisis-economica\/#breadcrumb"},"inLanguage":"es","potentialAction":[{"@type":"ReadAction","target":["https:\/\/www.eldiario.net\/portal\/2024\/05\/27\/42-de-bolivianos-cree-que-hay-grave-crisis-economica\/"]}]},{"@type":"ImageObject","inLanguage":"es","@id":"https:\/\/www.eldiario.net\/portal\/2024\/05\/27\/42-de-bolivianos-cree-que-hay-grave-crisis-economica\/#primaryimage","url":"https:\/\/www.eldiario.net\/portal\/wp-content\/uploads\/2024\/05\/F-1-eco.jpeg","contentUrl":"https:\/\/www.eldiario.net\/portal\/wp-content\/uploads\/2024\/05\/F-1-eco.jpeg","width":720,"height":400,"caption":"Los datos de la encuesta, referidos al tema, compartidos por la empresa Diagnosis."},{"@type":"BreadcrumbList","@id":"https:\/\/www.eldiario.net\/portal\/2024\/05\/27\/42-de-bolivianos-cree-que-hay-grave-crisis-economica\/#breadcrumb","itemListElement":[{"@type":"ListItem","position":1,"name":"Portada","item":"https:\/\/www.eldiario.net\/portal\/"},{"@type":"ListItem","position":2,"name":"42% de bolivianos cree que hay \u201cgrave crisis\u201d econ\u00f3mica"}]},{"@type":"WebSite","@id":"https:\/\/www.eldiario.net\/portal\/#website","url":"https:\/\/www.eldiario.net\/portal\/","name":"El Diario - Decano de la prensa nacional","description":"El Diario - Decano de la prensa nacional","publisher":{"@id":"https:\/\/www.eldiario.net\/portal\/#organization"},"potentialAction":[{"@type":"SearchAction","target":{"@type":"EntryPoint","urlTemplate":"https:\/\/www.eldiario.net\/portal\/?s={search_term_string}"},"query-input":{"@type":"PropertyValueSpecification","valueRequired":true,"valueName":"search_term_string"}}],"inLanguage":"es"},{"@type":"Organization","@id":"https:\/\/www.eldiario.net\/portal\/#organization","name":"El Diario - Decano de la prensa nacional","url":"https:\/\/www.eldiario.net\/portal\/","logo":{"@type":"ImageObject","inLanguage":"es","@id":"https:\/\/www.eldiario.net\/portal\/#\/schema\/logo\/image\/","url":"https:\/\/www.eldiario.net\/portal\/wp-content\/uploads\/2023\/07\/logo_ED.jpg","contentUrl":"https:\/\/www.eldiario.net\/portal\/wp-content\/uploads\/2023\/07\/logo_ED.jpg","width":272,"height":52,"caption":"El Diario - Decano de la prensa nacional"},"image":{"@id":"https:\/\/www.eldiario.net\/portal\/#\/schema\/logo\/image\/"},"sameAs":["https:\/\/www.facebook.com\/eldiario.bolivia\/","https:\/\/x.com\/eldiario_net"]},{"@type":"Person","@id":"https:\/\/www.eldiario.net\/portal\/#\/schema\/person\/f46445640444750d7d753ccd04ae01b7","name":"Jeanette","image":{"@type":"ImageObject","inLanguage":"es","@id":"https:\/\/secure.gravatar.com\/avatar\/3ea2118a5f7dad2b7138b1187a6b7ee55f160b9968b66013c3a3ef39dd7e5798?s=96&d=mm&r=g","url":"https:\/\/secure.gravatar.com\/avatar\/3ea2118a5f7dad2b7138b1187a6b7ee55f160b9968b66013c3a3ef39dd7e5798?s=96&d=mm&r=g","contentUrl":"https:\/\/secure.gravatar.com\/avatar\/3ea2118a5f7dad2b7138b1187a6b7ee55f160b9968b66013c3a3ef39dd7e5798?s=96&d=mm&r=g","caption":"Jeanette"},"sameAs":["https:\/\/www.eldiario.net\/portal"],"url":"https:\/\/www.eldiario.net\/portal\/author\/jeanette\/"}]}},"_links":{"self":[{"href":"https:\/\/www.eldiario.net\/portal\/wp-json\/wp\/v2\/posts\/223279","targetHints":{"allow":["GET"]}}],"collection":[{"href":"https:\/\/www.eldiario.net\/portal\/wp-json\/wp\/v2\/posts"}],"about":[{"href":"https:\/\/www.eldiario.net\/portal\/wp-json\/wp\/v2\/types\/post"}],"author":[{"embeddable":true,"href":"https:\/\/www.eldiario.net\/portal\/wp-json\/wp\/v2\/users\/1"}],"replies":[{"embeddable":true,"href":"https:\/\/www.eldiario.net\/portal\/wp-json\/wp\/v2\/comments?post=223279"}],"version-history":[{"count":1,"href":"https:\/\/www.eldiario.net\/portal\/wp-json\/wp\/v2\/posts\/223279\/revisions"}],"predecessor-version":[{"id":223281,"href":"https:\/\/www.eldiario.net\/portal\/wp-json\/wp\/v2\/posts\/223279\/revisions\/223281"}],"wp:featuredmedia":[{"embeddable":true,"href":"https:\/\/www.eldiario.net\/portal\/wp-json\/wp\/v2\/media\/223280"}],"wp:attachment":[{"href":"https:\/\/www.eldiario.net\/portal\/wp-json\/wp\/v2\/media?parent=223279"}],"wp:term":[{"taxonomy":"category","embeddable":true,"href":"https:\/\/www.eldiario.net\/portal\/wp-json\/wp\/v2\/categories?post=223279"},{"taxonomy":"post_tag","embeddable":true,"href":"https:\/\/www.eldiario.net\/portal\/wp-json\/wp\/v2\/tags?post=223279"}],"curies":[{"name":"wp","href":"https:\/\/api.w.org\/{rel}","templated":true}]}}