{"id":22327,"date":"2021-08-09T06:13:49","date_gmt":"2021-08-09T10:13:49","guid":{"rendered":"https:\/\/www.eldiario.net\/portal\/?p=22327"},"modified":"2021-08-09T06:13:49","modified_gmt":"2021-08-09T10:13:49","slug":"detencion-de-miembros-de-la-rjc-es-la-revancha-de-cox","status":"publish","type":"post","link":"https:\/\/www.eldiario.net\/portal\/2021\/08\/09\/detencion-de-miembros-de-la-rjc-es-la-revancha-de-cox\/","title":{"rendered":"Detenci\u00f3n de miembros de la  RJC es la revancha de Cox"},"content":{"rendered":"<p>La detenci\u00f3n de los tres activistas de la Resistencia Juvenil Cochala (RJC): Yassir Molina, Mario \u201cTonchy\u201d Bascop\u00e9 y Milena Soto, responden a una revancha del viceministro de R\u00e9gimen Interior, Nelson Cox, manifest\u00f3 la periodista Amalia Pando.<br \/>\nPando record\u00f3 que Nelson Cox fue Defensor del Pueblo en Cochabamba durante las jornadas de octubre y noviembre de 2019 y desde su cargo coordin\u00f3 con los \u201cmasistas de K\u2019ara K\u2019ara y el Chapare para atacar y destruir los bloqueos de las \u2018pititas\u2019 contra el fraude y, tras la huida de Evo Morales, para levantar un cerco de hambre alrededor de la ciudad\u201d.<br \/>\nManifest\u00f3 que sus enemigos fueron los motoqueros de la Resistencia Cochala que se organizaron para defender a una ciudad y su gente durante los 21 d\u00edas que dur\u00f3 el paro contra el fraude.<br \/>\n\u201cDesde la Defensor\u00eda, Cox los hizo calificar por la CIDH como una organizaci\u00f3n criminal y con su presencia en el Chapare aplaudi\u00f3 la provocaci\u00f3n de Sacaba y ech\u00f3 los muertos que ellos mismos causaron sobre las espaldas de Jeanine \u00c1\u00f1ez\u201d, acot\u00f3.<\/p>\n<p>ACUSA POR CUATRO BOLSAS DE BASURA<br \/>\nLa periodista dijo que el pretexto para encarcelar a los tres de la RJC son las cuatro bolsas de basura que echaron en la casa de la gobernadora de entonces Esther Soria y por haber pintado un grafiti sobre la pared de la Fiscal\u00eda General.<br \/>\n\u201cSon infracciones que se compensan con una lata de pintura y son una ridiculez en comparaci\u00f3n a la destrucci\u00f3n por parte de un grupo del MAS, justificada por la Ministra de Culturas, del monumento a Col\u00f3n ubicado en el Prado pace\u00f1o, una escultura de blanco m\u00e1rmol extra\u00eddo de las monta\u00f1as italianas y transformado en arte por las manos de los maestros Grazziossi y Guerzoni. En 1923 la comunidad italiana nos hizo este regalo con el nombre Bolivia debe navegar\u201d, apunt\u00f3.<\/p>\n<p>CON LA BASURA HASTA EL CUELLO<br \/>\nAsimismo, record\u00f3 que Cox justific\u00f3, y posiblemente coordin\u00f3, los diez bloqueos al botadero de K\u2019ara K\u2019ara, ubicado en el sur de Cochabamba. El m\u00e1s prolongado dej\u00f3 2,750 TN de basura en las calles y por entonces la pandemia del Coronavirus ya cobraba v\u00edctimas fatales.<br \/>\n\u201cEn total, sumando el tiempo de los diez bloqueos, Cochabamba estuvo durante 60 d\u00edas con 40 mil TN de basura hasta el cuello, por m\u00faltiples razones: para contrarrestar a la Resistencia Cochala; despu\u00e9s para que renuncie Jeanine \u00c1\u00f1ez; luego para pedir la libertad de tres masistas sospechosos de volar una antena de telecomunicaciones; hasta por una canasta de alimentos para los escolares\u201d, precis\u00f3.<br \/>\nEn este contexto de basura, moscas y ratones en todas las esquinas, la Resistencia Cochala llev\u00f3 algunas bolsas de basura a la casa de la gobernadora Soria, en protesta por su negligencia para dar soluci\u00f3n al problema.<br \/>\nDespu\u00e9s se conoci\u00f3 una grabaci\u00f3n de la gobernadora Soria coordinando con la gente de K\u2019ara K\u2019ara sobre los bloqueos a los carros basureros.<\/p>\n<p>HERIDOS Y REHENES<br \/>\nRecord\u00f3 que en mayo 2020, el gobierno transitorio us\u00f3 un fuerte resguardo policial y militar para desbloquear el t\u00fanel de El Abra para que un centenar de camiones basureros puedan ingresar al botadero de K\u2019ara K\u2019ara. Lo consiguieron en medio de gases lacrim\u00f3genos, pero 65 no pudieron salir y varios choferes y polic\u00edas resultaron heridos en el intento de escapar de la zona de conflicto.<br \/>\nEn junio de 2020, militantes del MAS que se hicieron llamar los \u201cauto convocados\u201d tuvieron de reh\u00e9n al cabo Iv\u00e1n Mayta. \u201cLo hemos entregado sano y salvo. No le hemos hecho nada\u201d, declaraban sus captores, mientras Cox negaba que se hubiera producido un secuestro.<\/p>\n<p>NI OLVIDO NI PERD\u00d3N<br \/>\nLament\u00f3 que el otrora defensor del Pueblo, Nelson Cox, no haya pedido \u201cni olvido ni perd\u00f3n, ni justicia\u201d para Limber Guzm\u00e1n V\u00e1squez, de 20 a\u00f1os, asesinado a golpes por una \u201chorda masista\u201d en Quillacollo. El parte m\u00e9dico indic\u00f3 que ten\u00eda costillas rotas, traumatismo cr\u00e1neo encef\u00e1lico grave, fractura de base de cr\u00e1neo y muerte cerebral.<br \/>\n\u201cTampoco pidi\u00f3 c\u00e1rcel para quienes volaron el 13 de noviembre de 2019, 200 metros del gasoducto Carrasco-Cochabamba, acto terrorista que cost\u00f3 millones de d\u00f3lares en p\u00e9rdidas para las industrias de Cochabamba, Oruro y La Paz que se paralizaron por falta de gas y otros miles en la reparaci\u00f3n del ducto, tarea que demor\u00f3 meses\u201d, dijo Pando.<br \/>\nApunt\u00f3 que en junio de 2020, durante los bloqueos para pedir el adelanto de las elecciones, volaron cuatro antenas de comunicaciones, 3 en las cercan\u00edas de Yapacani &#8211; Santa Cruz, y una cerca de K\u2019ara K\u2019ara. Una joven identific\u00f3 a tres de los autores, pero se retract\u00f3 luego de ser secuestrada por los vecinos.<br \/>\n\u201cTampoco se conmovi\u00f3 de la Polic\u00eda que durante semanas fue blanco de actos de violencia por lo que el 27 de noviembre de 2019 sus esposas tomaron durante 15 d\u00edas las instalaciones de la Defensor\u00eda del Pueblo pidiendo la renuncia de Cox por falta de imparcialidad\u201d, record\u00f3.<\/p>\n<p>NIEGA TORTURA A \u201cTONCHY\u201d<br \/>\nEn julio pasado, cuando familiares denunciaron que el activista \u201cTonchy\u201d Bascop\u00e9 fue secuestrado y torturado al momento de su aprehensi\u00f3n, por destrozos en la Fiscal\u00eda General, Cox neg\u00f3 el extremo y asegur\u00f3 que miembros de la RJC eran \u201cdelincuentes y criminales\u201d, a quienes no corresponde la aplicaci\u00f3n del derecho a la presunci\u00f3n de inocencia.<br \/>\n\u201cManejar como presunta comisi\u00f3n de delitos o presuntos delincuentes puede ser para cualquier ciudadano que tiene el derecho consagrado, sin embargo, en el caso propio de la Resistencia Juvenil Cochala, que es Delincuencia Juvenil Cochala, est\u00e1 comprobado los actos delincuenciales\u201d, dijo Cox a tiempo de asegurar que fue v\u00edctima de ese grupo.<br \/>\nSostuvo que hay varias v\u00edctimas de esa organizaci\u00f3n criminal y la misma Comisi\u00f3n Interamericana de Derechos Humanos (CIDH) calific\u00f3 a la RCJ como un grupo armado y motorizado que ha participado en des\u00f3rdenes sociales.<br \/>\n\u201cYo conozco qui\u00e9nes son los agresores. Cuando conoces un caso que no tiene mucha implicancia puedes manejar la presunci\u00f3n, cuando te conste, una v\u00edctima tiene condici\u00f3n de saber qui\u00e9n es el agresor\u201d, dijo Cox en la oportunidad.<br \/>\nLa semana pasada, Cox afirm\u00f3 que se investiga a personas con presuntas intenciones de rearticular \u201cgrupos irregulares\u201d, que buscan la \u201cconvulsi\u00f3n social\u201d del pa\u00eds.<br \/>\n\u201cExiste informaci\u00f3n de intenciones de rearticulaci\u00f3n de grupos irregulares como la \u2018Delincuencia Juvenil Cochala\u2019 con algunas supuestas plataformas y ya se viene identificando a los principales instigadores y financiadores\u201d, se lee en un comunicado del Viceministerio en las redes sociales.<\/p>\n<p>DATOS<br \/>\nEl Ministerio P\u00fablico investiga a Yassir Molina, Milena Soto, Mario Antonio y Fabio Bascop\u00e9, por los delitos de organizaci\u00f3n criminal, fabricaci\u00f3n il\u00edcita, tenencia o porte de artefactos explosivos, destrucci\u00f3n o deterioro de bienes del Estado y riqueza nacional, il\u00edcitos que habr\u00edan sido cometidos durante las protestas de octubre de 2020 en puertas de la Fiscal\u00eda General del Estado.<br \/>\nSoto guarda detenci\u00f3n domiciliaria, mientras que Bascop\u00e9 y Molina est\u00e1n con detenci\u00f3n preventiva.<br \/>\nEn 2012, el exviceministro de Justicia, Nelson Cox, cometi\u00f3 un hecho de tr\u00e1nsito en la zona de Achumani de la ciudad de La Paz, en estado de ebriedad, e hiri\u00f3 a tres personas. Despu\u00e9s del hecho, Cox intent\u00f3 darse a la fuga, pero fue retenido por el conductor del veh\u00edculo da\u00f1ado.<\/p>\n<div id='gallery-1' class='gallery galleryid-22327 gallery-columns-3 gallery-size-medium'><figure class='gallery-item'>\n\t\t\t<div class='gallery-icon landscape'>\n\t\t\t\t<a href='https:\/\/www.eldiario.net\/portal\/2021\/08\/09\/detencion-de-miembros-de-la-rjc-es-la-revancha-de-cox\/cox-4\/'><img loading=\"lazy\" decoding=\"async\" width=\"300\" height=\"219\" src=\"https:\/\/www.eldiario.net\/portal\/wp-content\/uploads\/2021\/08\/COX-4-300x219.jpg\" class=\"attachment-medium size-medium\" alt=\"\" aria-describedby=\"gallery-1-22331\" srcset=\"https:\/\/www.eldiario.net\/portal\/wp-content\/uploads\/2021\/08\/COX-4-300x219.jpg 300w, https:\/\/www.eldiario.net\/portal\/wp-content\/uploads\/2021\/08\/COX-4-1024x748.jpg 1024w, https:\/\/www.eldiario.net\/portal\/wp-content\/uploads\/2021\/08\/COX-4-768x561.jpg 768w, https:\/\/www.eldiario.net\/portal\/wp-content\/uploads\/2021\/08\/COX-4-1536x1122.jpg 1536w, https:\/\/www.eldiario.net\/portal\/wp-content\/uploads\/2021\/08\/COX-4-2048x1496.jpg 2048w, https:\/\/www.eldiario.net\/portal\/wp-content\/uploads\/2021\/08\/COX-4-696x508.jpg 696w, https:\/\/www.eldiario.net\/portal\/wp-content\/uploads\/2021\/08\/COX-4-1068x780.jpg 1068w, https:\/\/www.eldiario.net\/portal\/wp-content\/uploads\/2021\/08\/COX-4-1920x1403.jpg 1920w\" sizes=\"auto, (max-width: 300px) 100vw, 300px\" \/><\/a>\n\t\t\t<\/div>\n\t\t\t\t<figcaption class='wp-caption-text gallery-caption' id='gallery-1-22331'>\n\t\t\t\tMOMENTO EN EL QUE UN SUJETO VESTIDO DE IND\u00cdGENA DESTROZABA EL MONUMENTO A CRIST\u00d3BAL COL\u00d3N. FUE LIBERADO POR LA POLIC\u00cdA.\n\t\t\t\t<\/figcaption><\/figure>\n\t\t<\/div>\n\n","protected":false},"excerpt":{"rendered":"<p>La detenci\u00f3n de los tres activistas de la Resistencia Juvenil Cochala (RJC): Yassir Molina, Mario \u201cTonchy\u201d Bascop\u00e9 y Milena Soto, responden a una revancha del viceministro de R\u00e9gimen Interior, Nelson Cox, manifest\u00f3 la periodista Amalia Pando. Pando record\u00f3 que Nelson Cox fue Defensor del Pueblo en Cochabamba durante las jornadas de octubre y noviembre de [&hellip;]<\/p>\n","protected":false},"author":1,"featured_media":22328,"comment_status":"closed","ping_status":"closed","sticky":false,"template":"","format":"standard","meta":{"_acf_changed":false,"footnotes":""},"categories":[39],"tags":[],"class_list":["post-22327","post","type-post","status-publish","format-standard","has-post-thumbnail","category-sociedad"],"acf":{"antetitulo":""},"yoast_head":"<!-- This site is optimized with the Yoast SEO plugin v28.4 - https:\/\/yoast.com\/product\/yoast-seo-wordpress\/ -->\n<title>Detenci\u00f3n de miembros de la RJC es la revancha de Cox - El Diario - Bolivia<\/title>\n<meta name=\"robots\" content=\"index, follow, max-snippet:-1, max-image-preview:large, max-video-preview:-1\" \/>\n<link rel=\"canonical\" href=\"https:\/\/www.eldiario.net\/portal\/2021\/08\/09\/detencion-de-miembros-de-la-rjc-es-la-revancha-de-cox\/\" \/>\n<meta property=\"og:locale\" content=\"es_ES\" \/>\n<meta property=\"og:type\" content=\"article\" \/>\n<meta property=\"og:title\" content=\"Detenci\u00f3n de miembros de la RJC es la revancha de Cox - El Diario - Bolivia\" \/>\n<meta property=\"og:description\" content=\"La detenci\u00f3n de los tres activistas de la Resistencia Juvenil Cochala (RJC): Yassir Molina, Mario \u201cTonchy\u201d Bascop\u00e9 y Milena Soto, responden a una revancha del viceministro de R\u00e9gimen Interior, Nelson Cox, manifest\u00f3 la periodista Amalia Pando. Pando record\u00f3 que Nelson Cox fue Defensor del Pueblo en Cochabamba durante las jornadas de octubre y noviembre de [&hellip;]\" \/>\n<meta property=\"og:url\" content=\"https:\/\/www.eldiario.net\/portal\/2021\/08\/09\/detencion-de-miembros-de-la-rjc-es-la-revancha-de-cox\/\" \/>\n<meta property=\"og:site_name\" content=\"El Diario - Bolivia\" \/>\n<meta property=\"article:publisher\" content=\"https:\/\/www.facebook.com\/eldiario.bolivia\/\" \/>\n<meta property=\"article:published_time\" content=\"2021-08-09T10:13:49+00:00\" \/>\n<meta property=\"og:image\" content=\"https:\/\/www.eldiario.net\/portal\/wp-content\/uploads\/2021\/08\/COX-1.jpg\" \/>\n\t<meta property=\"og:image:width\" content=\"770\" \/>\n\t<meta property=\"og:image:height\" content=\"430\" \/>\n\t<meta property=\"og:image:type\" content=\"image\/jpeg\" \/>\n<meta name=\"author\" content=\"Jeanette\" \/>\n<meta name=\"twitter:card\" content=\"summary_large_image\" \/>\n<meta name=\"twitter:creator\" content=\"@eldiario_net\" \/>\n<meta name=\"twitter:site\" content=\"@eldiario_net\" \/>\n<meta name=\"twitter:label1\" content=\"Escrito por\" \/>\n\t<meta name=\"twitter:data1\" content=\"Jeanette\" \/>\n\t<meta name=\"twitter:label2\" content=\"Tiempo de lectura\" \/>\n\t<meta name=\"twitter:data2\" content=\"6 minutos\" \/>\n<script type=\"application\/ld+json\" class=\"yoast-schema-graph\">{\"@context\":\"https:\\\/\\\/schema.org\",\"@graph\":[{\"@type\":\"Article\",\"@id\":\"https:\\\/\\\/www.eldiario.net\\\/portal\\\/2021\\\/08\\\/09\\\/detencion-de-miembros-de-la-rjc-es-la-revancha-de-cox\\\/#article\",\"isPartOf\":{\"@id\":\"https:\\\/\\\/www.eldiario.net\\\/portal\\\/2021\\\/08\\\/09\\\/detencion-de-miembros-de-la-rjc-es-la-revancha-de-cox\\\/\"},\"author\":{\"name\":\"Jeanette\",\"@id\":\"https:\\\/\\\/www.eldiario.net\\\/portal\\\/#\\\/schema\\\/person\\\/f46445640444750d7d753ccd04ae01b7\"},\"headline\":\"Detenci\u00f3n de miembros de la RJC es la revancha de Cox\",\"datePublished\":\"2021-08-09T10:13:49+00:00\",\"mainEntityOfPage\":{\"@id\":\"https:\\\/\\\/www.eldiario.net\\\/portal\\\/2021\\\/08\\\/09\\\/detencion-de-miembros-de-la-rjc-es-la-revancha-de-cox\\\/\"},\"wordCount\":1257,\"publisher\":{\"@id\":\"https:\\\/\\\/www.eldiario.net\\\/portal\\\/#organization\"},\"image\":{\"@id\":\"https:\\\/\\\/www.eldiario.net\\\/portal\\\/2021\\\/08\\\/09\\\/detencion-de-miembros-de-la-rjc-es-la-revancha-de-cox\\\/#primaryimage\"},\"thumbnailUrl\":\"https:\\\/\\\/www.eldiario.net\\\/portal\\\/wp-content\\\/uploads\\\/2021\\\/08\\\/COX-1.jpg\",\"articleSection\":[\"Sociedad - Seguridad\"],\"inLanguage\":\"es\"},{\"@type\":\"WebPage\",\"@id\":\"https:\\\/\\\/www.eldiario.net\\\/portal\\\/2021\\\/08\\\/09\\\/detencion-de-miembros-de-la-rjc-es-la-revancha-de-cox\\\/\",\"url\":\"https:\\\/\\\/www.eldiario.net\\\/portal\\\/2021\\\/08\\\/09\\\/detencion-de-miembros-de-la-rjc-es-la-revancha-de-cox\\\/\",\"name\":\"Detenci\u00f3n de miembros de la RJC es la revancha de Cox - El Diario - Bolivia\",\"isPartOf\":{\"@id\":\"https:\\\/\\\/www.eldiario.net\\\/portal\\\/#website\"},\"primaryImageOfPage\":{\"@id\":\"https:\\\/\\\/www.eldiario.net\\\/portal\\\/2021\\\/08\\\/09\\\/detencion-de-miembros-de-la-rjc-es-la-revancha-de-cox\\\/#primaryimage\"},\"image\":{\"@id\":\"https:\\\/\\\/www.eldiario.net\\\/portal\\\/2021\\\/08\\\/09\\\/detencion-de-miembros-de-la-rjc-es-la-revancha-de-cox\\\/#primaryimage\"},\"thumbnailUrl\":\"https:\\\/\\\/www.eldiario.net\\\/portal\\\/wp-content\\\/uploads\\\/2021\\\/08\\\/COX-1.jpg\",\"datePublished\":\"2021-08-09T10:13:49+00:00\",\"breadcrumb\":{\"@id\":\"https:\\\/\\\/www.eldiario.net\\\/portal\\\/2021\\\/08\\\/09\\\/detencion-de-miembros-de-la-rjc-es-la-revancha-de-cox\\\/#breadcrumb\"},\"inLanguage\":\"es\",\"potentialAction\":[{\"@type\":\"ReadAction\",\"target\":[\"https:\\\/\\\/www.eldiario.net\\\/portal\\\/2021\\\/08\\\/09\\\/detencion-de-miembros-de-la-rjc-es-la-revancha-de-cox\\\/\"]}]},{\"@type\":\"ImageObject\",\"inLanguage\":\"es\",\"@id\":\"https:\\\/\\\/www.eldiario.net\\\/portal\\\/2021\\\/08\\\/09\\\/detencion-de-miembros-de-la-rjc-es-la-revancha-de-cox\\\/#primaryimage\",\"url\":\"https:\\\/\\\/www.eldiario.net\\\/portal\\\/wp-content\\\/uploads\\\/2021\\\/08\\\/COX-1.jpg\",\"contentUrl\":\"https:\\\/\\\/www.eldiario.net\\\/portal\\\/wp-content\\\/uploads\\\/2021\\\/08\\\/COX-1.jpg\",\"width\":770,\"height\":430,\"caption\":\"BLOQUEOS AL BOTADERO DE K\u2019ARA K\u2019ARA EN 2019 Y 2020.\"},{\"@type\":\"BreadcrumbList\",\"@id\":\"https:\\\/\\\/www.eldiario.net\\\/portal\\\/2021\\\/08\\\/09\\\/detencion-de-miembros-de-la-rjc-es-la-revancha-de-cox\\\/#breadcrumb\",\"itemListElement\":[{\"@type\":\"ListItem\",\"position\":1,\"name\":\"Portada\",\"item\":\"https:\\\/\\\/www.eldiario.net\\\/portal\\\/\"},{\"@type\":\"ListItem\",\"position\":2,\"name\":\"Detenci\u00f3n de miembros de la RJC es la revancha de Cox\"}]},{\"@type\":\"WebSite\",\"@id\":\"https:\\\/\\\/www.eldiario.net\\\/portal\\\/#website\",\"url\":\"https:\\\/\\\/www.eldiario.net\\\/portal\\\/\",\"name\":\"El Diario - Decano de la prensa nacional\",\"description\":\"El Diario - Decano de la prensa nacional\",\"publisher\":{\"@id\":\"https:\\\/\\\/www.eldiario.net\\\/portal\\\/#organization\"},\"potentialAction\":[{\"@type\":\"SearchAction\",\"target\":{\"@type\":\"EntryPoint\",\"urlTemplate\":\"https:\\\/\\\/www.eldiario.net\\\/portal\\\/?s={search_term_string}\"},\"query-input\":{\"@type\":\"PropertyValueSpecification\",\"valueRequired\":true,\"valueName\":\"search_term_string\"}}],\"inLanguage\":\"es\"},{\"@type\":\"Organization\",\"@id\":\"https:\\\/\\\/www.eldiario.net\\\/portal\\\/#organization\",\"name\":\"El Diario - Decano de la prensa nacional\",\"url\":\"https:\\\/\\\/www.eldiario.net\\\/portal\\\/\",\"logo\":{\"@type\":\"ImageObject\",\"inLanguage\":\"es\",\"@id\":\"https:\\\/\\\/www.eldiario.net\\\/portal\\\/#\\\/schema\\\/logo\\\/image\\\/\",\"url\":\"https:\\\/\\\/www.eldiario.net\\\/portal\\\/wp-content\\\/uploads\\\/2023\\\/07\\\/logo_ED.jpg\",\"contentUrl\":\"https:\\\/\\\/www.eldiario.net\\\/portal\\\/wp-content\\\/uploads\\\/2023\\\/07\\\/logo_ED.jpg\",\"width\":272,\"height\":52,\"caption\":\"El Diario - Decano de la prensa nacional\"},\"image\":{\"@id\":\"https:\\\/\\\/www.eldiario.net\\\/portal\\\/#\\\/schema\\\/logo\\\/image\\\/\"},\"sameAs\":[\"https:\\\/\\\/www.facebook.com\\\/eldiario.bolivia\\\/\",\"https:\\\/\\\/x.com\\\/eldiario_net\"]},{\"@type\":\"Person\",\"@id\":\"https:\\\/\\\/www.eldiario.net\\\/portal\\\/#\\\/schema\\\/person\\\/f46445640444750d7d753ccd04ae01b7\",\"name\":\"Jeanette\",\"image\":{\"@type\":\"ImageObject\",\"inLanguage\":\"es\",\"@id\":\"https:\\\/\\\/secure.gravatar.com\\\/avatar\\\/3ea2118a5f7dad2b7138b1187a6b7ee55f160b9968b66013c3a3ef39dd7e5798?s=96&d=mm&r=g\",\"url\":\"https:\\\/\\\/secure.gravatar.com\\\/avatar\\\/3ea2118a5f7dad2b7138b1187a6b7ee55f160b9968b66013c3a3ef39dd7e5798?s=96&d=mm&r=g\",\"contentUrl\":\"https:\\\/\\\/secure.gravatar.com\\\/avatar\\\/3ea2118a5f7dad2b7138b1187a6b7ee55f160b9968b66013c3a3ef39dd7e5798?s=96&d=mm&r=g\",\"caption\":\"Jeanette\"},\"sameAs\":[\"https:\\\/\\\/www.eldiario.net\\\/portal\"],\"url\":\"https:\\\/\\\/www.eldiario.net\\\/portal\\\/author\\\/jeanette\\\/\"}]}<\/script>\n<!-- \/ Yoast SEO plugin. -->","yoast_head_json":{"title":"Detenci\u00f3n de miembros de la RJC es la revancha de Cox - El Diario - Bolivia","robots":{"index":"index","follow":"follow","max-snippet":"max-snippet:-1","max-image-preview":"max-image-preview:large","max-video-preview":"max-video-preview:-1"},"canonical":"https:\/\/www.eldiario.net\/portal\/2021\/08\/09\/detencion-de-miembros-de-la-rjc-es-la-revancha-de-cox\/","og_locale":"es_ES","og_type":"article","og_title":"Detenci\u00f3n de miembros de la RJC es la revancha de Cox - El Diario - Bolivia","og_description":"La detenci\u00f3n de los tres activistas de la Resistencia Juvenil Cochala (RJC): Yassir Molina, Mario \u201cTonchy\u201d Bascop\u00e9 y Milena Soto, responden a una revancha del viceministro de R\u00e9gimen Interior, Nelson Cox, manifest\u00f3 la periodista Amalia Pando. Pando record\u00f3 que Nelson Cox fue Defensor del Pueblo en Cochabamba durante las jornadas de octubre y noviembre de [&hellip;]","og_url":"https:\/\/www.eldiario.net\/portal\/2021\/08\/09\/detencion-de-miembros-de-la-rjc-es-la-revancha-de-cox\/","og_site_name":"El Diario - Bolivia","article_publisher":"https:\/\/www.facebook.com\/eldiario.bolivia\/","article_published_time":"2021-08-09T10:13:49+00:00","og_image":[{"width":770,"height":430,"url":"https:\/\/www.eldiario.net\/portal\/wp-content\/uploads\/2021\/08\/COX-1.jpg","type":"image\/jpeg"}],"author":"Jeanette","twitter_card":"summary_large_image","twitter_creator":"@eldiario_net","twitter_site":"@eldiario_net","twitter_misc":{"Escrito por":"Jeanette","Tiempo de lectura":"6 minutos"},"schema":{"@context":"https:\/\/schema.org","@graph":[{"@type":"Article","@id":"https:\/\/www.eldiario.net\/portal\/2021\/08\/09\/detencion-de-miembros-de-la-rjc-es-la-revancha-de-cox\/#article","isPartOf":{"@id":"https:\/\/www.eldiario.net\/portal\/2021\/08\/09\/detencion-de-miembros-de-la-rjc-es-la-revancha-de-cox\/"},"author":{"name":"Jeanette","@id":"https:\/\/www.eldiario.net\/portal\/#\/schema\/person\/f46445640444750d7d753ccd04ae01b7"},"headline":"Detenci\u00f3n de miembros de la RJC es la revancha de Cox","datePublished":"2021-08-09T10:13:49+00:00","mainEntityOfPage":{"@id":"https:\/\/www.eldiario.net\/portal\/2021\/08\/09\/detencion-de-miembros-de-la-rjc-es-la-revancha-de-cox\/"},"wordCount":1257,"publisher":{"@id":"https:\/\/www.eldiario.net\/portal\/#organization"},"image":{"@id":"https:\/\/www.eldiario.net\/portal\/2021\/08\/09\/detencion-de-miembros-de-la-rjc-es-la-revancha-de-cox\/#primaryimage"},"thumbnailUrl":"https:\/\/www.eldiario.net\/portal\/wp-content\/uploads\/2021\/08\/COX-1.jpg","articleSection":["Sociedad - Seguridad"],"inLanguage":"es"},{"@type":"WebPage","@id":"https:\/\/www.eldiario.net\/portal\/2021\/08\/09\/detencion-de-miembros-de-la-rjc-es-la-revancha-de-cox\/","url":"https:\/\/www.eldiario.net\/portal\/2021\/08\/09\/detencion-de-miembros-de-la-rjc-es-la-revancha-de-cox\/","name":"Detenci\u00f3n de miembros de la RJC es la revancha de Cox - El Diario - Bolivia","isPartOf":{"@id":"https:\/\/www.eldiario.net\/portal\/#website"},"primaryImageOfPage":{"@id":"https:\/\/www.eldiario.net\/portal\/2021\/08\/09\/detencion-de-miembros-de-la-rjc-es-la-revancha-de-cox\/#primaryimage"},"image":{"@id":"https:\/\/www.eldiario.net\/portal\/2021\/08\/09\/detencion-de-miembros-de-la-rjc-es-la-revancha-de-cox\/#primaryimage"},"thumbnailUrl":"https:\/\/www.eldiario.net\/portal\/wp-content\/uploads\/2021\/08\/COX-1.jpg","datePublished":"2021-08-09T10:13:49+00:00","breadcrumb":{"@id":"https:\/\/www.eldiario.net\/portal\/2021\/08\/09\/detencion-de-miembros-de-la-rjc-es-la-revancha-de-cox\/#breadcrumb"},"inLanguage":"es","potentialAction":[{"@type":"ReadAction","target":["https:\/\/www.eldiario.net\/portal\/2021\/08\/09\/detencion-de-miembros-de-la-rjc-es-la-revancha-de-cox\/"]}]},{"@type":"ImageObject","inLanguage":"es","@id":"https:\/\/www.eldiario.net\/portal\/2021\/08\/09\/detencion-de-miembros-de-la-rjc-es-la-revancha-de-cox\/#primaryimage","url":"https:\/\/www.eldiario.net\/portal\/wp-content\/uploads\/2021\/08\/COX-1.jpg","contentUrl":"https:\/\/www.eldiario.net\/portal\/wp-content\/uploads\/2021\/08\/COX-1.jpg","width":770,"height":430,"caption":"BLOQUEOS AL BOTADERO DE K\u2019ARA K\u2019ARA EN 2019 Y 2020."},{"@type":"BreadcrumbList","@id":"https:\/\/www.eldiario.net\/portal\/2021\/08\/09\/detencion-de-miembros-de-la-rjc-es-la-revancha-de-cox\/#breadcrumb","itemListElement":[{"@type":"ListItem","position":1,"name":"Portada","item":"https:\/\/www.eldiario.net\/portal\/"},{"@type":"ListItem","position":2,"name":"Detenci\u00f3n de miembros de la RJC es la revancha de Cox"}]},{"@type":"WebSite","@id":"https:\/\/www.eldiario.net\/portal\/#website","url":"https:\/\/www.eldiario.net\/portal\/","name":"El Diario - Decano de la prensa nacional","description":"El Diario - Decano de la prensa nacional","publisher":{"@id":"https:\/\/www.eldiario.net\/portal\/#organization"},"potentialAction":[{"@type":"SearchAction","target":{"@type":"EntryPoint","urlTemplate":"https:\/\/www.eldiario.net\/portal\/?s={search_term_string}"},"query-input":{"@type":"PropertyValueSpecification","valueRequired":true,"valueName":"search_term_string"}}],"inLanguage":"es"},{"@type":"Organization","@id":"https:\/\/www.eldiario.net\/portal\/#organization","name":"El Diario - Decano de la prensa nacional","url":"https:\/\/www.eldiario.net\/portal\/","logo":{"@type":"ImageObject","inLanguage":"es","@id":"https:\/\/www.eldiario.net\/portal\/#\/schema\/logo\/image\/","url":"https:\/\/www.eldiario.net\/portal\/wp-content\/uploads\/2023\/07\/logo_ED.jpg","contentUrl":"https:\/\/www.eldiario.net\/portal\/wp-content\/uploads\/2023\/07\/logo_ED.jpg","width":272,"height":52,"caption":"El Diario - Decano de la prensa nacional"},"image":{"@id":"https:\/\/www.eldiario.net\/portal\/#\/schema\/logo\/image\/"},"sameAs":["https:\/\/www.facebook.com\/eldiario.bolivia\/","https:\/\/x.com\/eldiario_net"]},{"@type":"Person","@id":"https:\/\/www.eldiario.net\/portal\/#\/schema\/person\/f46445640444750d7d753ccd04ae01b7","name":"Jeanette","image":{"@type":"ImageObject","inLanguage":"es","@id":"https:\/\/secure.gravatar.com\/avatar\/3ea2118a5f7dad2b7138b1187a6b7ee55f160b9968b66013c3a3ef39dd7e5798?s=96&d=mm&r=g","url":"https:\/\/secure.gravatar.com\/avatar\/3ea2118a5f7dad2b7138b1187a6b7ee55f160b9968b66013c3a3ef39dd7e5798?s=96&d=mm&r=g","contentUrl":"https:\/\/secure.gravatar.com\/avatar\/3ea2118a5f7dad2b7138b1187a6b7ee55f160b9968b66013c3a3ef39dd7e5798?s=96&d=mm&r=g","caption":"Jeanette"},"sameAs":["https:\/\/www.eldiario.net\/portal"],"url":"https:\/\/www.eldiario.net\/portal\/author\/jeanette\/"}]}},"_links":{"self":[{"href":"https:\/\/www.eldiario.net\/portal\/wp-json\/wp\/v2\/posts\/22327","targetHints":{"allow":["GET"]}}],"collection":[{"href":"https:\/\/www.eldiario.net\/portal\/wp-json\/wp\/v2\/posts"}],"about":[{"href":"https:\/\/www.eldiario.net\/portal\/wp-json\/wp\/v2\/types\/post"}],"author":[{"embeddable":true,"href":"https:\/\/www.eldiario.net\/portal\/wp-json\/wp\/v2\/users\/1"}],"replies":[{"embeddable":true,"href":"https:\/\/www.eldiario.net\/portal\/wp-json\/wp\/v2\/comments?post=22327"}],"version-history":[{"count":0,"href":"https:\/\/www.eldiario.net\/portal\/wp-json\/wp\/v2\/posts\/22327\/revisions"}],"wp:featuredmedia":[{"embeddable":true,"href":"https:\/\/www.eldiario.net\/portal\/wp-json\/wp\/v2\/media\/22328"}],"wp:attachment":[{"href":"https:\/\/www.eldiario.net\/portal\/wp-json\/wp\/v2\/media?parent=22327"}],"wp:term":[{"taxonomy":"category","embeddable":true,"href":"https:\/\/www.eldiario.net\/portal\/wp-json\/wp\/v2\/categories?post=22327"},{"taxonomy":"post_tag","embeddable":true,"href":"https:\/\/www.eldiario.net\/portal\/wp-json\/wp\/v2\/tags?post=22327"}],"curies":[{"name":"wp","href":"https:\/\/api.w.org\/{rel}","templated":true}]}}