{"id":22324,"date":"2021-08-09T06:10:46","date_gmt":"2021-08-09T10:10:46","guid":{"rendered":"https:\/\/www.eldiario.net\/portal\/?p=22324"},"modified":"2021-08-09T06:10:46","modified_gmt":"2021-08-09T10:10:46","slug":"las-ffaa-no-pueden-estar-bajo-sospecha-del-montado-caso-golpe","status":"publish","type":"post","link":"https:\/\/www.eldiario.net\/portal\/2021\/08\/09\/las-ffaa-no-pueden-estar-bajo-sospecha-del-montado-caso-golpe\/","title":{"rendered":"\u201cLas FFAA no pueden estar bajo  sospecha del montado caso golpe\u201d"},"content":{"rendered":"<p>En un acto c\u00edvico \u2013 militar realizado el pasado 7 de agosto en la ciudad de Santa Cruz de la Sierra, por el 196 aniversario de las Fuerzas Armadas (FFAA), el coronel en servicio pasivo del Ej\u00e9rcito, Jorge Santistevan, manifest\u00f3 que la entidad castrense no puede estar \u201cbajo sospecha del caso de golpe de Estado\u201d porque es un caso montado y porque la instituci\u00f3n form\u00f3 parte de la soluci\u00f3n en los conflictos postelectorales en noviembre de 2019.<br \/>\n\u201cLas FFAA no son el problema, por el contrario, ellas formaron parte de la soluci\u00f3n para garantizar el mantenimiento de la institucionalidad del Estado, y lo consiguieron con el apoyo de la sociedad boliviana; arremeter contra ellos, es completamente irresponsable e indigno de l\u00edderes nacionales que se aprovechan del poder y de las emociones de la gente\u201d, apunt\u00f3 al momento de su alocuci\u00f3n.<br \/>\nDijo que los actuales gobernantes se equivocan al intentar mellar la dignidad de las FFAA, porque sus integrantes han jurado poner el deber por encima de su propia persona, incluso dando su vida para cumplir la misi\u00f3n constitucional, por su pueblo.<br \/>\n\u201cDeben olvidarse de sus nostalgias precolombinas, en su af\u00e1n de dividir y someter a la sociedad boliviana, deben saber que estamos en la cuarta revoluci\u00f3n industrial, y por tanto preparemos el potencial humano para enfrentar el futuro porque nadie aceptar\u00e1 vivir en libertad pero sin justicia\u201d, asever\u00f3.<br \/>\nAsimismo, record\u00f3 que Bolivia naci\u00f3 en el coraz\u00f3n de Sudam\u00e9rica, rodeada de Estados con ambiciones geopol\u00edticas ante importantes riquezas que encierra sus fronteras, patrimonio que las FFAA han defendido en memorables acciones y campa\u00f1as con valor y patriotismo.<br \/>\n\u201cEn la actualidad, ante las penalidades de un enemigo interno, aflora en sus integrantes las mejores cualidades de valor, decisi\u00f3n y un alto esp\u00edritu por su pa\u00eds, para impedir doctrinas de dominaci\u00f3n extranjera que intentan dilapidar nuestras riquezas, limitar la libertad, cercenar la justicia y alterar la paz\u201d, dijo.<br \/>\nEn ese marco, refiri\u00f3 que la inexistencia o debilitamiento de las FFAA podr\u00eda significar caer en manos de una \u201cmilicia\u201d al servicio de una rosca pol\u00edtica, \u201clos riesgos de absolutismo y represi\u00f3n ser\u00e1n m\u00e1s altos y no tendr\u00e1n freno alguno\u201d.<br \/>\n\u201cNo obstante a esa intervenci\u00f3n pol\u00edtica populista, las FFAA contin\u00faan por esa senda que les permite adaptar y preparar a su personal, hacia nuevos escenarios donde las amenazas no siempre son predecibles, que pueden trascender del tradicional a otros m\u00e1s complejos, como la guerra asim\u00e9trica; lo que indudablemente afecta a los objetivos nacionales que ata\u00f1en, a nuestra seguridad, al bienestar, y la prosperidad de nuestra sociedad\u201d, acot\u00f3.<\/p>\n","protected":false},"excerpt":{"rendered":"<p>En un acto c\u00edvico \u2013 militar realizado el pasado 7 de agosto en la ciudad de Santa Cruz de la Sierra, por el 196 aniversario de las Fuerzas Armadas (FFAA), el coronel en servicio pasivo del Ej\u00e9rcito, Jorge Santistevan, manifest\u00f3 que la entidad castrense no puede estar \u201cbajo sospecha del caso de golpe de Estado\u201d [&hellip;]<\/p>\n","protected":false},"author":1,"featured_media":22325,"comment_status":"closed","ping_status":"closed","sticky":false,"template":"","format":"standard","meta":{"_acf_changed":false,"footnotes":""},"categories":[39],"tags":[],"class_list":["post-22324","post","type-post","status-publish","format-standard","has-post-thumbnail","category-sociedad"],"acf":{"antetitulo":""},"yoast_head":"<!-- This site is optimized with the Yoast SEO plugin v28.4 - https:\/\/yoast.com\/product\/yoast-seo-wordpress\/ -->\n<title>\u201cLas FFAA no pueden estar bajo sospecha del montado caso golpe\u201d - El Diario - Bolivia<\/title>\n<meta name=\"robots\" content=\"index, follow, max-snippet:-1, max-image-preview:large, max-video-preview:-1\" \/>\n<link rel=\"canonical\" href=\"https:\/\/www.eldiario.net\/portal\/2021\/08\/09\/las-ffaa-no-pueden-estar-bajo-sospecha-del-montado-caso-golpe\/\" \/>\n<meta property=\"og:locale\" content=\"es_ES\" \/>\n<meta property=\"og:type\" content=\"article\" \/>\n<meta property=\"og:title\" content=\"\u201cLas FFAA no pueden estar bajo sospecha del montado caso golpe\u201d - El Diario - Bolivia\" \/>\n<meta property=\"og:description\" content=\"En un acto c\u00edvico \u2013 militar realizado el pasado 7 de agosto en la ciudad de Santa Cruz de la Sierra, por el 196 aniversario de las Fuerzas Armadas (FFAA), el coronel en servicio pasivo del Ej\u00e9rcito, Jorge Santistevan, manifest\u00f3 que la entidad castrense no puede estar \u201cbajo sospecha del caso de golpe de Estado\u201d [&hellip;]\" \/>\n<meta property=\"og:url\" content=\"https:\/\/www.eldiario.net\/portal\/2021\/08\/09\/las-ffaa-no-pueden-estar-bajo-sospecha-del-montado-caso-golpe\/\" \/>\n<meta property=\"og:site_name\" content=\"El Diario - Bolivia\" \/>\n<meta property=\"article:publisher\" content=\"https:\/\/www.facebook.com\/eldiario.bolivia\/\" \/>\n<meta property=\"article:published_time\" content=\"2021-08-09T10:10:46+00:00\" \/>\n<meta name=\"author\" content=\"Jeanette\" \/>\n<meta name=\"twitter:card\" content=\"summary_large_image\" \/>\n<meta name=\"twitter:creator\" content=\"@eldiario_net\" \/>\n<meta name=\"twitter:site\" content=\"@eldiario_net\" \/>\n<meta name=\"twitter:label1\" content=\"Escrito por\" \/>\n\t<meta name=\"twitter:data1\" content=\"Jeanette\" \/>\n\t<meta name=\"twitter:label2\" content=\"Tiempo de lectura\" \/>\n\t<meta name=\"twitter:data2\" content=\"2 minutos\" \/>\n<script type=\"application\/ld+json\" class=\"yoast-schema-graph\">{\"@context\":\"https:\\\/\\\/schema.org\",\"@graph\":[{\"@type\":\"Article\",\"@id\":\"https:\\\/\\\/www.eldiario.net\\\/portal\\\/2021\\\/08\\\/09\\\/las-ffaa-no-pueden-estar-bajo-sospecha-del-montado-caso-golpe\\\/#article\",\"isPartOf\":{\"@id\":\"https:\\\/\\\/www.eldiario.net\\\/portal\\\/2021\\\/08\\\/09\\\/las-ffaa-no-pueden-estar-bajo-sospecha-del-montado-caso-golpe\\\/\"},\"author\":{\"name\":\"Jeanette\",\"@id\":\"https:\\\/\\\/www.eldiario.net\\\/portal\\\/#\\\/schema\\\/person\\\/f46445640444750d7d753ccd04ae01b7\"},\"headline\":\"\u201cLas FFAA no pueden estar bajo sospecha del montado caso golpe\u201d\",\"datePublished\":\"2021-08-09T10:10:46+00:00\",\"mainEntityOfPage\":{\"@id\":\"https:\\\/\\\/www.eldiario.net\\\/portal\\\/2021\\\/08\\\/09\\\/las-ffaa-no-pueden-estar-bajo-sospecha-del-montado-caso-golpe\\\/\"},\"wordCount\":459,\"publisher\":{\"@id\":\"https:\\\/\\\/www.eldiario.net\\\/portal\\\/#organization\"},\"image\":{\"@id\":\"https:\\\/\\\/www.eldiario.net\\\/portal\\\/2021\\\/08\\\/09\\\/las-ffaa-no-pueden-estar-bajo-sospecha-del-montado-caso-golpe\\\/#primaryimage\"},\"thumbnailUrl\":\"\",\"articleSection\":[\"Sociedad - Seguridad\"],\"inLanguage\":\"es\"},{\"@type\":\"WebPage\",\"@id\":\"https:\\\/\\\/www.eldiario.net\\\/portal\\\/2021\\\/08\\\/09\\\/las-ffaa-no-pueden-estar-bajo-sospecha-del-montado-caso-golpe\\\/\",\"url\":\"https:\\\/\\\/www.eldiario.net\\\/portal\\\/2021\\\/08\\\/09\\\/las-ffaa-no-pueden-estar-bajo-sospecha-del-montado-caso-golpe\\\/\",\"name\":\"\u201cLas FFAA no pueden estar bajo sospecha del montado caso golpe\u201d - El Diario - Bolivia\",\"isPartOf\":{\"@id\":\"https:\\\/\\\/www.eldiario.net\\\/portal\\\/#website\"},\"primaryImageOfPage\":{\"@id\":\"https:\\\/\\\/www.eldiario.net\\\/portal\\\/2021\\\/08\\\/09\\\/las-ffaa-no-pueden-estar-bajo-sospecha-del-montado-caso-golpe\\\/#primaryimage\"},\"image\":{\"@id\":\"https:\\\/\\\/www.eldiario.net\\\/portal\\\/2021\\\/08\\\/09\\\/las-ffaa-no-pueden-estar-bajo-sospecha-del-montado-caso-golpe\\\/#primaryimage\"},\"thumbnailUrl\":\"\",\"datePublished\":\"2021-08-09T10:10:46+00:00\",\"breadcrumb\":{\"@id\":\"https:\\\/\\\/www.eldiario.net\\\/portal\\\/2021\\\/08\\\/09\\\/las-ffaa-no-pueden-estar-bajo-sospecha-del-montado-caso-golpe\\\/#breadcrumb\"},\"inLanguage\":\"es\",\"potentialAction\":[{\"@type\":\"ReadAction\",\"target\":[\"https:\\\/\\\/www.eldiario.net\\\/portal\\\/2021\\\/08\\\/09\\\/las-ffaa-no-pueden-estar-bajo-sospecha-del-montado-caso-golpe\\\/\"]}]},{\"@type\":\"ImageObject\",\"inLanguage\":\"es\",\"@id\":\"https:\\\/\\\/www.eldiario.net\\\/portal\\\/2021\\\/08\\\/09\\\/las-ffaa-no-pueden-estar-bajo-sospecha-del-montado-caso-golpe\\\/#primaryimage\",\"url\":\"\",\"contentUrl\":\"\"},{\"@type\":\"BreadcrumbList\",\"@id\":\"https:\\\/\\\/www.eldiario.net\\\/portal\\\/2021\\\/08\\\/09\\\/las-ffaa-no-pueden-estar-bajo-sospecha-del-montado-caso-golpe\\\/#breadcrumb\",\"itemListElement\":[{\"@type\":\"ListItem\",\"position\":1,\"name\":\"Portada\",\"item\":\"https:\\\/\\\/www.eldiario.net\\\/portal\\\/\"},{\"@type\":\"ListItem\",\"position\":2,\"name\":\"\u201cLas FFAA no pueden estar bajo sospecha del montado caso golpe\u201d\"}]},{\"@type\":\"WebSite\",\"@id\":\"https:\\\/\\\/www.eldiario.net\\\/portal\\\/#website\",\"url\":\"https:\\\/\\\/www.eldiario.net\\\/portal\\\/\",\"name\":\"El Diario - Decano de la prensa nacional\",\"description\":\"El Diario - Decano de la prensa nacional\",\"publisher\":{\"@id\":\"https:\\\/\\\/www.eldiario.net\\\/portal\\\/#organization\"},\"potentialAction\":[{\"@type\":\"SearchAction\",\"target\":{\"@type\":\"EntryPoint\",\"urlTemplate\":\"https:\\\/\\\/www.eldiario.net\\\/portal\\\/?s={search_term_string}\"},\"query-input\":{\"@type\":\"PropertyValueSpecification\",\"valueRequired\":true,\"valueName\":\"search_term_string\"}}],\"inLanguage\":\"es\"},{\"@type\":\"Organization\",\"@id\":\"https:\\\/\\\/www.eldiario.net\\\/portal\\\/#organization\",\"name\":\"El Diario - Decano de la prensa nacional\",\"url\":\"https:\\\/\\\/www.eldiario.net\\\/portal\\\/\",\"logo\":{\"@type\":\"ImageObject\",\"inLanguage\":\"es\",\"@id\":\"https:\\\/\\\/www.eldiario.net\\\/portal\\\/#\\\/schema\\\/logo\\\/image\\\/\",\"url\":\"https:\\\/\\\/www.eldiario.net\\\/portal\\\/wp-content\\\/uploads\\\/2023\\\/07\\\/logo_ED.jpg\",\"contentUrl\":\"https:\\\/\\\/www.eldiario.net\\\/portal\\\/wp-content\\\/uploads\\\/2023\\\/07\\\/logo_ED.jpg\",\"width\":272,\"height\":52,\"caption\":\"El Diario - Decano de la prensa nacional\"},\"image\":{\"@id\":\"https:\\\/\\\/www.eldiario.net\\\/portal\\\/#\\\/schema\\\/logo\\\/image\\\/\"},\"sameAs\":[\"https:\\\/\\\/www.facebook.com\\\/eldiario.bolivia\\\/\",\"https:\\\/\\\/x.com\\\/eldiario_net\"]},{\"@type\":\"Person\",\"@id\":\"https:\\\/\\\/www.eldiario.net\\\/portal\\\/#\\\/schema\\\/person\\\/f46445640444750d7d753ccd04ae01b7\",\"name\":\"Jeanette\",\"image\":{\"@type\":\"ImageObject\",\"inLanguage\":\"es\",\"@id\":\"https:\\\/\\\/secure.gravatar.com\\\/avatar\\\/3ea2118a5f7dad2b7138b1187a6b7ee55f160b9968b66013c3a3ef39dd7e5798?s=96&d=mm&r=g\",\"url\":\"https:\\\/\\\/secure.gravatar.com\\\/avatar\\\/3ea2118a5f7dad2b7138b1187a6b7ee55f160b9968b66013c3a3ef39dd7e5798?s=96&d=mm&r=g\",\"contentUrl\":\"https:\\\/\\\/secure.gravatar.com\\\/avatar\\\/3ea2118a5f7dad2b7138b1187a6b7ee55f160b9968b66013c3a3ef39dd7e5798?s=96&d=mm&r=g\",\"caption\":\"Jeanette\"},\"sameAs\":[\"https:\\\/\\\/www.eldiario.net\\\/portal\"],\"url\":\"https:\\\/\\\/www.eldiario.net\\\/portal\\\/author\\\/jeanette\\\/\"}]}<\/script>\n<!-- \/ Yoast SEO plugin. -->","yoast_head_json":{"title":"\u201cLas FFAA no pueden estar bajo sospecha del montado caso golpe\u201d - El Diario - Bolivia","robots":{"index":"index","follow":"follow","max-snippet":"max-snippet:-1","max-image-preview":"max-image-preview:large","max-video-preview":"max-video-preview:-1"},"canonical":"https:\/\/www.eldiario.net\/portal\/2021\/08\/09\/las-ffaa-no-pueden-estar-bajo-sospecha-del-montado-caso-golpe\/","og_locale":"es_ES","og_type":"article","og_title":"\u201cLas FFAA no pueden estar bajo sospecha del montado caso golpe\u201d - El Diario - Bolivia","og_description":"En un acto c\u00edvico \u2013 militar realizado el pasado 7 de agosto en la ciudad de Santa Cruz de la Sierra, por el 196 aniversario de las Fuerzas Armadas (FFAA), el coronel en servicio pasivo del Ej\u00e9rcito, Jorge Santistevan, manifest\u00f3 que la entidad castrense no puede estar \u201cbajo sospecha del caso de golpe de Estado\u201d [&hellip;]","og_url":"https:\/\/www.eldiario.net\/portal\/2021\/08\/09\/las-ffaa-no-pueden-estar-bajo-sospecha-del-montado-caso-golpe\/","og_site_name":"El Diario - Bolivia","article_publisher":"https:\/\/www.facebook.com\/eldiario.bolivia\/","article_published_time":"2021-08-09T10:10:46+00:00","author":"Jeanette","twitter_card":"summary_large_image","twitter_creator":"@eldiario_net","twitter_site":"@eldiario_net","twitter_misc":{"Escrito por":"Jeanette","Tiempo de lectura":"2 minutos"},"schema":{"@context":"https:\/\/schema.org","@graph":[{"@type":"Article","@id":"https:\/\/www.eldiario.net\/portal\/2021\/08\/09\/las-ffaa-no-pueden-estar-bajo-sospecha-del-montado-caso-golpe\/#article","isPartOf":{"@id":"https:\/\/www.eldiario.net\/portal\/2021\/08\/09\/las-ffaa-no-pueden-estar-bajo-sospecha-del-montado-caso-golpe\/"},"author":{"name":"Jeanette","@id":"https:\/\/www.eldiario.net\/portal\/#\/schema\/person\/f46445640444750d7d753ccd04ae01b7"},"headline":"\u201cLas FFAA no pueden estar bajo sospecha del montado caso golpe\u201d","datePublished":"2021-08-09T10:10:46+00:00","mainEntityOfPage":{"@id":"https:\/\/www.eldiario.net\/portal\/2021\/08\/09\/las-ffaa-no-pueden-estar-bajo-sospecha-del-montado-caso-golpe\/"},"wordCount":459,"publisher":{"@id":"https:\/\/www.eldiario.net\/portal\/#organization"},"image":{"@id":"https:\/\/www.eldiario.net\/portal\/2021\/08\/09\/las-ffaa-no-pueden-estar-bajo-sospecha-del-montado-caso-golpe\/#primaryimage"},"thumbnailUrl":"","articleSection":["Sociedad - Seguridad"],"inLanguage":"es"},{"@type":"WebPage","@id":"https:\/\/www.eldiario.net\/portal\/2021\/08\/09\/las-ffaa-no-pueden-estar-bajo-sospecha-del-montado-caso-golpe\/","url":"https:\/\/www.eldiario.net\/portal\/2021\/08\/09\/las-ffaa-no-pueden-estar-bajo-sospecha-del-montado-caso-golpe\/","name":"\u201cLas FFAA no pueden estar bajo sospecha del montado caso golpe\u201d - El Diario - Bolivia","isPartOf":{"@id":"https:\/\/www.eldiario.net\/portal\/#website"},"primaryImageOfPage":{"@id":"https:\/\/www.eldiario.net\/portal\/2021\/08\/09\/las-ffaa-no-pueden-estar-bajo-sospecha-del-montado-caso-golpe\/#primaryimage"},"image":{"@id":"https:\/\/www.eldiario.net\/portal\/2021\/08\/09\/las-ffaa-no-pueden-estar-bajo-sospecha-del-montado-caso-golpe\/#primaryimage"},"thumbnailUrl":"","datePublished":"2021-08-09T10:10:46+00:00","breadcrumb":{"@id":"https:\/\/www.eldiario.net\/portal\/2021\/08\/09\/las-ffaa-no-pueden-estar-bajo-sospecha-del-montado-caso-golpe\/#breadcrumb"},"inLanguage":"es","potentialAction":[{"@type":"ReadAction","target":["https:\/\/www.eldiario.net\/portal\/2021\/08\/09\/las-ffaa-no-pueden-estar-bajo-sospecha-del-montado-caso-golpe\/"]}]},{"@type":"ImageObject","inLanguage":"es","@id":"https:\/\/www.eldiario.net\/portal\/2021\/08\/09\/las-ffaa-no-pueden-estar-bajo-sospecha-del-montado-caso-golpe\/#primaryimage","url":"","contentUrl":""},{"@type":"BreadcrumbList","@id":"https:\/\/www.eldiario.net\/portal\/2021\/08\/09\/las-ffaa-no-pueden-estar-bajo-sospecha-del-montado-caso-golpe\/#breadcrumb","itemListElement":[{"@type":"ListItem","position":1,"name":"Portada","item":"https:\/\/www.eldiario.net\/portal\/"},{"@type":"ListItem","position":2,"name":"\u201cLas FFAA no pueden estar bajo sospecha del montado caso golpe\u201d"}]},{"@type":"WebSite","@id":"https:\/\/www.eldiario.net\/portal\/#website","url":"https:\/\/www.eldiario.net\/portal\/","name":"El Diario - Decano de la prensa nacional","description":"El Diario - Decano de la prensa nacional","publisher":{"@id":"https:\/\/www.eldiario.net\/portal\/#organization"},"potentialAction":[{"@type":"SearchAction","target":{"@type":"EntryPoint","urlTemplate":"https:\/\/www.eldiario.net\/portal\/?s={search_term_string}"},"query-input":{"@type":"PropertyValueSpecification","valueRequired":true,"valueName":"search_term_string"}}],"inLanguage":"es"},{"@type":"Organization","@id":"https:\/\/www.eldiario.net\/portal\/#organization","name":"El Diario - Decano de la prensa nacional","url":"https:\/\/www.eldiario.net\/portal\/","logo":{"@type":"ImageObject","inLanguage":"es","@id":"https:\/\/www.eldiario.net\/portal\/#\/schema\/logo\/image\/","url":"https:\/\/www.eldiario.net\/portal\/wp-content\/uploads\/2023\/07\/logo_ED.jpg","contentUrl":"https:\/\/www.eldiario.net\/portal\/wp-content\/uploads\/2023\/07\/logo_ED.jpg","width":272,"height":52,"caption":"El Diario - Decano de la prensa nacional"},"image":{"@id":"https:\/\/www.eldiario.net\/portal\/#\/schema\/logo\/image\/"},"sameAs":["https:\/\/www.facebook.com\/eldiario.bolivia\/","https:\/\/x.com\/eldiario_net"]},{"@type":"Person","@id":"https:\/\/www.eldiario.net\/portal\/#\/schema\/person\/f46445640444750d7d753ccd04ae01b7","name":"Jeanette","image":{"@type":"ImageObject","inLanguage":"es","@id":"https:\/\/secure.gravatar.com\/avatar\/3ea2118a5f7dad2b7138b1187a6b7ee55f160b9968b66013c3a3ef39dd7e5798?s=96&d=mm&r=g","url":"https:\/\/secure.gravatar.com\/avatar\/3ea2118a5f7dad2b7138b1187a6b7ee55f160b9968b66013c3a3ef39dd7e5798?s=96&d=mm&r=g","contentUrl":"https:\/\/secure.gravatar.com\/avatar\/3ea2118a5f7dad2b7138b1187a6b7ee55f160b9968b66013c3a3ef39dd7e5798?s=96&d=mm&r=g","caption":"Jeanette"},"sameAs":["https:\/\/www.eldiario.net\/portal"],"url":"https:\/\/www.eldiario.net\/portal\/author\/jeanette\/"}]}},"_links":{"self":[{"href":"https:\/\/www.eldiario.net\/portal\/wp-json\/wp\/v2\/posts\/22324","targetHints":{"allow":["GET"]}}],"collection":[{"href":"https:\/\/www.eldiario.net\/portal\/wp-json\/wp\/v2\/posts"}],"about":[{"href":"https:\/\/www.eldiario.net\/portal\/wp-json\/wp\/v2\/types\/post"}],"author":[{"embeddable":true,"href":"https:\/\/www.eldiario.net\/portal\/wp-json\/wp\/v2\/users\/1"}],"replies":[{"embeddable":true,"href":"https:\/\/www.eldiario.net\/portal\/wp-json\/wp\/v2\/comments?post=22324"}],"version-history":[{"count":0,"href":"https:\/\/www.eldiario.net\/portal\/wp-json\/wp\/v2\/posts\/22324\/revisions"}],"wp:attachment":[{"href":"https:\/\/www.eldiario.net\/portal\/wp-json\/wp\/v2\/media?parent=22324"}],"wp:term":[{"taxonomy":"category","embeddable":true,"href":"https:\/\/www.eldiario.net\/portal\/wp-json\/wp\/v2\/categories?post=22324"},{"taxonomy":"post_tag","embeddable":true,"href":"https:\/\/www.eldiario.net\/portal\/wp-json\/wp\/v2\/tags?post=22324"}],"curies":[{"name":"wp","href":"https:\/\/api.w.org\/{rel}","templated":true}]}}